{"id":73084,"date":"2025-05-10T19:18:23","date_gmt":"2025-05-10T19:18:23","guid":{"rendered":"https:\/\/www.ecoitaliano.com.ar\/?p=73084"},"modified":"2025-05-11T20:33:46","modified_gmt":"2025-05-11T20:33:46","slug":"serena-conduce-operaclassica-eco-italiano-4323","status":"publish","type":"post","link":"https:\/\/www.ecoitaliano.com.ar\/?p=73084","title":{"rendered":"Serena conduce operaclassica eco italiano"},"content":{"rendered":"<div class=\"wp-block-image\">\n<figure class=\"aligncenter size-full is-resized\"><a href=\"http:\/\/www.ecoitaliano.com.ar\/wp-content\/uploads\/2025\/05\/Screenshot-487.png\"><img decoding=\"async\" width=\"912\" height=\"213\" src=\"http:\/\/www.ecoitaliano.com.ar\/wp-content\/uploads\/2025\/05\/Screenshot-487.png\" alt=\"\" class=\"wp-image-73085\" style=\"width:668px;height:auto\" srcset=\"https:\/\/www.ecoitaliano.com.ar\/wp-content\/uploads\/2025\/05\/Screenshot-487.png 912w, https:\/\/www.ecoitaliano.com.ar\/wp-content\/uploads\/2025\/05\/Screenshot-487-300x70.png 300w, https:\/\/www.ecoitaliano.com.ar\/wp-content\/uploads\/2025\/05\/Screenshot-487-768x179.png 768w, https:\/\/www.ecoitaliano.com.ar\/wp-content\/uploads\/2025\/05\/Screenshot-487-150x35.png 150w\" sizes=\"(max-width: 912px) 100vw, 912px\" \/><\/a><\/figure><\/div>\n\n\n<p><strong>\u2018IL CIELO \u00c8 DI TUTTI\u2019 FONDAZIONE ARENA CON GENERALI ITALIA<\/strong><\/p>\n\n\n\n<p><strong>IN ARENA 830 BAMBINI CANTANO IL VA\u2019 PENSIERO<\/strong><\/p>\n\n\n\n<p><strong>Quasi 10mila spettatori per il primo evento dedicato alle famiglie<\/strong><\/p>\n\n\n\n<p>Un\u2019esplosione di gioia. Un\u2019Arena di bambini. Protagonisti canto, musica e solidariet\u00e0. Ad un mese dall\u2019inaugurazione dell\u2019Opera Festival, proprio con il nuovo allestimento di <em>Nabucco<\/em> di Giuseppe Verdi, oggi pomeriggio 830 bambini da tutta Italia si sono ritrovati sul palcoscenico dell\u2019Arena di Verona e hanno emozionato migliaia di famiglie cantando il <em>Va\u2019, pensiero, sull\u2019ali dorate<\/em>. In platea e sulle gradinate tutto esaurito per l\u2019evento <em><strong>Il cielo \u00e8 di tutti<\/strong><\/em>.<em><strong> Concerto per piccoli cori e&nbsp;grandi sogni,<\/strong><\/em> organizzato da <strong>Fondazione Arena di Verona<\/strong> grazie al contributo del family partner <strong>Generali Italia<\/strong>.<\/p>\n\n\n\n<p>L\u2019evento si \u00e8 ispirato alla poesia di Gianni Rodari, contenuta nel volume <em>Filastrocche in cielo e in terra, <\/em>letta dal Sovrintendente di Fondazione Arena <strong>Cecilia Gasdia<\/strong> che, ad inizio pomeriggio, ha portato i saluti assieme al General manager Generali Italia <strong>Massimo Monacelli <\/strong>e a Fra<strong> Cristian Gualandris <\/strong>dell&#8217;Antoniano. Presente il Sottosegretario alla Cultura <strong>Gianmarco Mazz<\/strong>i.<\/p>\n\n\n\n<p><strong>CORI.<\/strong> Ben 33 cori di voci bianche provenienti da tutta Italia, si sono alternati durante il pomeriggio. Bambini dai 4 ai 14 anni, assieme a 150 accompagnatori, sono arrivati a Verona da Genova, Napoli, Bologna, Monza e Brianza, Varese, Bergamo, Milano, Torino, Brescia, Treviso, Gorizia, Trento, Vicenza, Roma, Cagliari, Prato, Catanzaro, Ragusa, Sondrio e Catania. Protagonista il <strong>Piccolo Coro dell\u2019Antoniano<\/strong>, diretto da Margherita Gamberini, accompagnato dai <strong>cori della Galassia dell\u2019Antoniano<\/strong>, con la partecipazione del Maestro Stefano Nanni. Tra le canzoni che hanno acceso l\u2019entusiasmo del pubblico: <em>Le piccole cose belle, Il caff\u00e9 della Peppina, Volevo un gatto nero, Popoff, Quarantaquattro gatti, Le tagliatelle di nonna Pina, <\/em>cos\u00ec come<em> I can believe, Il principe Fut\u00f9, L\u2019estate sta iniziando, Mo li Hua, Diventare un albero <\/em>e<em> Heal the world<\/em>. Affidati ai bambini veronesi di Alive il <em>Coro dei monelli <\/em>da <em>Carmen <\/em>di Bizet, la <em>Gran scena della consacrazione<\/em> da <em>Aida<\/em> di Verdi, <em>Pie Jesu<\/em> da <em>Requiem<\/em> di Lloyd Webber e il <em>Gran Finale Atto Secondo<\/em> da <em>Aida<\/em> di Verdi.<\/p>\n\n\n\n<p>Il <strong>Piccolo Coro di Caivano<\/strong>, diretto da Antonia di Maio, ha cantato <em>Il coccodrillo come fa?<\/em> e <em>Il domani<\/em>. Il coro della periferia campana, nato nel dicembre 2023 da un progetto promosso dal Ministero della Cultura in collaborazione con Antoniano Opere-Francescane, conta 40 bambini tra i 4 e i 13 anni.<\/p>\n\n\n\n<p>Centinaia di voci in un unico coro d\u2019amore e fratellanza: <strong>l\u2019evento sostiene Operazione Pane, la campagna di Antoniano, abbinata allo Zecchino d\u2019Oro, che supporta 20 mense francescane in Italia e 5 nel mondo, accogliendo persone e famiglie in difficolt\u00e0.<\/strong><\/p>\n\n\n\n<p>Presentatore dell\u2019evento <strong>Walter Rolfo<\/strong>, scrittore, autore e appassionato di illusionismo, gi\u00e0 testimonial di Generali per il progetto \u00abVite &#8211; Storie di Felicit\u00e0\u00bb con la Fondazione della Felicit\u00e0 ETS di cui \u00e8 il Presidente. Ad affiancarlo, <strong>M\u00ecmi e Nartico<\/strong>, i due talent dello Zecchino d\u2019Oro, e <strong>Marco Di Buono<\/strong> e <strong>Arianna Ciampoli <\/strong>di<strong> Rai Radio Kids.<\/strong><\/p>\n\n\n\n<p>Il concerto rientra nella rassegna <strong>Arena Young, <\/strong>il progetto artistico-formativo di Fondazione Arena per scuole, giovani e famiglie realizzato anche grazie al supporto della<strong> Provincia di Verona<\/strong>.<\/p>\n\n\n\n<p>A tutti i bimbi dei cori \u00e8 stato distribuito uno zainetto con all\u2019interno la merenda, grazie al sostegno di <strong>Zuegg<\/strong> e <strong>Forno<\/strong> <strong>Bonomi<\/strong>.<\/p>\n\n\n\n<p>foto<\/p>\n\n\n\n<figure class=\"wp-block-gallery has-nested-images columns-default is-cropped wp-block-gallery-1 is-layout-flex wp-block-gallery-is-layout-flex\">\n<figure class=\"wp-block-image size-large\"><a href=\"https:\/\/www.ecoitaliano.com.ar\/wp-content\/uploads\/2025\/05\/800-bambini-scaled.jpg\"><img decoding=\"async\" width=\"1024\" height=\"683\" data-id=\"73086\" src=\"https:\/\/www.ecoitaliano.com.ar\/wp-content\/uploads\/2025\/05\/800-bambini-1024x683.jpg\" alt=\"\" class=\"wp-image-73086\" srcset=\"https:\/\/www.ecoitaliano.com.ar\/wp-content\/uploads\/2025\/05\/800-bambini-1024x683.jpg 1024w, https:\/\/www.ecoitaliano.com.ar\/wp-content\/uploads\/2025\/05\/800-bambini-300x200.jpg 300w, https:\/\/www.ecoitaliano.com.ar\/wp-content\/uploads\/2025\/05\/800-bambini-768x512.jpg 768w, https:\/\/www.ecoitaliano.com.ar\/wp-content\/uploads\/2025\/05\/800-bambini-1536x1024.jpg 1536w, https:\/\/www.ecoitaliano.com.ar\/wp-content\/uploads\/2025\/05\/800-bambini-2048x1365.jpg 2048w, https:\/\/www.ecoitaliano.com.ar\/wp-content\/uploads\/2025\/05\/800-bambini-150x100.jpg 150w\" sizes=\"(max-width: 1024px) 100vw, 1024px\" \/><\/a><\/figure>\n\n\n\n<figure class=\"wp-block-image size-large\"><a href=\"https:\/\/www.ecoitaliano.com.ar\/wp-content\/uploads\/2025\/05\/Cori-e-pubblico-in-Arena-scaled.jpg\"><img decoding=\"async\" width=\"683\" height=\"1024\" data-id=\"73087\" src=\"https:\/\/www.ecoitaliano.com.ar\/wp-content\/uploads\/2025\/05\/Cori-e-pubblico-in-Arena-683x1024.jpg\" alt=\"\" class=\"wp-image-73087\" srcset=\"https:\/\/www.ecoitaliano.com.ar\/wp-content\/uploads\/2025\/05\/Cori-e-pubblico-in-Arena-683x1024.jpg 683w, https:\/\/www.ecoitaliano.com.ar\/wp-content\/uploads\/2025\/05\/Cori-e-pubblico-in-Arena-200x300.jpg 200w, https:\/\/www.ecoitaliano.com.ar\/wp-content\/uploads\/2025\/05\/Cori-e-pubblico-in-Arena-768x1152.jpg 768w, https:\/\/www.ecoitaliano.com.ar\/wp-content\/uploads\/2025\/05\/Cori-e-pubblico-in-Arena-1024x1536.jpg 1024w, https:\/\/www.ecoitaliano.com.ar\/wp-content\/uploads\/2025\/05\/Cori-e-pubblico-in-Arena-1365x2048.jpg 1365w, https:\/\/www.ecoitaliano.com.ar\/wp-content\/uploads\/2025\/05\/Cori-e-pubblico-in-Arena-100x150.jpg 100w, https:\/\/www.ecoitaliano.com.ar\/wp-content\/uploads\/2025\/05\/Cori-e-pubblico-in-Arena-scaled.jpg 1707w\" sizes=\"(max-width: 683px) 100vw, 683px\" \/><\/a><\/figure>\n\n\n\n<figure class=\"wp-block-image size-large\"><a href=\"https:\/\/www.ecoitaliano.com.ar\/wp-content\/uploads\/2025\/05\/Coro-A.Li_.Ve_-scaled.jpg\"><img decoding=\"async\" width=\"1024\" height=\"683\" data-id=\"73088\" src=\"https:\/\/www.ecoitaliano.com.ar\/wp-content\/uploads\/2025\/05\/Coro-A.Li_.Ve_-1024x683.jpg\" alt=\"\" class=\"wp-image-73088\" srcset=\"https:\/\/www.ecoitaliano.com.ar\/wp-content\/uploads\/2025\/05\/Coro-A.Li_.Ve_-1024x683.jpg 1024w, https:\/\/www.ecoitaliano.com.ar\/wp-content\/uploads\/2025\/05\/Coro-A.Li_.Ve_-300x200.jpg 300w, https:\/\/www.ecoitaliano.com.ar\/wp-content\/uploads\/2025\/05\/Coro-A.Li_.Ve_-768x512.jpg 768w, https:\/\/www.ecoitaliano.com.ar\/wp-content\/uploads\/2025\/05\/Coro-A.Li_.Ve_-1536x1024.jpg 1536w, https:\/\/www.ecoitaliano.com.ar\/wp-content\/uploads\/2025\/05\/Coro-A.Li_.Ve_-2048x1365.jpg 2048w, https:\/\/www.ecoitaliano.com.ar\/wp-content\/uploads\/2025\/05\/Coro-A.Li_.Ve_-150x100.jpg 150w\" sizes=\"(max-width: 1024px) 100vw, 1024px\" \/><\/a><\/figure>\n\n\n\n<figure class=\"wp-block-image size-large\"><a href=\"https:\/\/www.ecoitaliano.com.ar\/wp-content\/uploads\/2025\/05\/Piccolo-Coro-Antoniano-scaled.jpg\"><img decoding=\"async\" width=\"1024\" height=\"683\" data-id=\"73089\" src=\"https:\/\/www.ecoitaliano.com.ar\/wp-content\/uploads\/2025\/05\/Piccolo-Coro-Antoniano-1024x683.jpg\" alt=\"\" class=\"wp-image-73089\" srcset=\"https:\/\/www.ecoitaliano.com.ar\/wp-content\/uploads\/2025\/05\/Piccolo-Coro-Antoniano-1024x683.jpg 1024w, https:\/\/www.ecoitaliano.com.ar\/wp-content\/uploads\/2025\/05\/Piccolo-Coro-Antoniano-300x200.jpg 300w, https:\/\/www.ecoitaliano.com.ar\/wp-content\/uploads\/2025\/05\/Piccolo-Coro-Antoniano-768x512.jpg 768w, https:\/\/www.ecoitaliano.com.ar\/wp-content\/uploads\/2025\/05\/Piccolo-Coro-Antoniano-1536x1024.jpg 1536w, https:\/\/www.ecoitaliano.com.ar\/wp-content\/uploads\/2025\/05\/Piccolo-Coro-Antoniano-2048x1365.jpg 2048w, https:\/\/www.ecoitaliano.com.ar\/wp-content\/uploads\/2025\/05\/Piccolo-Coro-Antoniano-150x100.jpg 150w\" sizes=\"(max-width: 1024px) 100vw, 1024px\" \/><\/a><\/figure>\n\n\n\n<figure class=\"wp-block-image size-large\"><a href=\"https:\/\/www.ecoitaliano.com.ar\/wp-content\/uploads\/2025\/05\/Piccolo-coro-di-Caivano-scaled.jpg\"><img decoding=\"async\" width=\"1024\" height=\"683\" data-id=\"73090\" src=\"https:\/\/www.ecoitaliano.com.ar\/wp-content\/uploads\/2025\/05\/Piccolo-coro-di-Caivano-1024x683.jpg\" alt=\"\" class=\"wp-image-73090\" srcset=\"https:\/\/www.ecoitaliano.com.ar\/wp-content\/uploads\/2025\/05\/Piccolo-coro-di-Caivano-1024x683.jpg 1024w, https:\/\/www.ecoitaliano.com.ar\/wp-content\/uploads\/2025\/05\/Piccolo-coro-di-Caivano-300x200.jpg 300w, https:\/\/www.ecoitaliano.com.ar\/wp-content\/uploads\/2025\/05\/Piccolo-coro-di-Caivano-768x512.jpg 768w, https:\/\/www.ecoitaliano.com.ar\/wp-content\/uploads\/2025\/05\/Piccolo-coro-di-Caivano-1536x1024.jpg 1536w, https:\/\/www.ecoitaliano.com.ar\/wp-content\/uploads\/2025\/05\/Piccolo-coro-di-Caivano-2048x1365.jpg 2048w, https:\/\/www.ecoitaliano.com.ar\/wp-content\/uploads\/2025\/05\/Piccolo-coro-di-Caivano-150x100.jpg 150w\" sizes=\"(max-width: 1024px) 100vw, 1024px\" \/><\/a><\/figure>\n\n\n\n<figure class=\"wp-block-image size-large\"><a href=\"https:\/\/www.ecoitaliano.com.ar\/wp-content\/uploads\/2025\/05\/Pubblico-in-Arena-scaled.jpg\"><img decoding=\"async\" width=\"1024\" height=\"683\" data-id=\"73091\" src=\"https:\/\/www.ecoitaliano.com.ar\/wp-content\/uploads\/2025\/05\/Pubblico-in-Arena-1024x683.jpg\" alt=\"\" class=\"wp-image-73091\" srcset=\"https:\/\/www.ecoitaliano.com.ar\/wp-content\/uploads\/2025\/05\/Pubblico-in-Arena-1024x683.jpg 1024w, https:\/\/www.ecoitaliano.com.ar\/wp-content\/uploads\/2025\/05\/Pubblico-in-Arena-300x200.jpg 300w, https:\/\/www.ecoitaliano.com.ar\/wp-content\/uploads\/2025\/05\/Pubblico-in-Arena-768x512.jpg 768w, https:\/\/www.ecoitaliano.com.ar\/wp-content\/uploads\/2025\/05\/Pubblico-in-Arena-1536x1024.jpg 1536w, https:\/\/www.ecoitaliano.com.ar\/wp-content\/uploads\/2025\/05\/Pubblico-in-Arena-2048x1365.jpg 2048w, https:\/\/www.ecoitaliano.com.ar\/wp-content\/uploads\/2025\/05\/Pubblico-in-Arena-150x100.jpg 150w\" sizes=\"(max-width: 1024px) 100vw, 1024px\" \/><\/a><\/figure>\n<\/figure>\n\n\n\n<figure class=\"wp-block-table\"><table><tbody><tr><td>Ufficio Stampa Fondazione Arena di VeronaVia Roma, 7\/D, 37121 Verona \u2013 tel.045805.1861 \/.1905 \/.1891 \/.1939 \/.1847 \u2013 c.f.\/p.iva 00231130238&nbsp; &nbsp; &nbsp; &nbsp;&nbsp;<a href=\"http:\/\/www.arena.xn--it-51t\/\" target=\"_blank\" rel=\"noreferrer noopener\">www.arena.it\u2013<\/a>&nbsp;<a href=\"https:\/\/arenadiverona.invionews.net\/nl\/pd4p8d\/jp4d52r\/jvuvytu\/uf\/4\/bWFpbHRvOnVmZmljaW8uc3RhbXBhQGFyZW5hZGl2ZXJvbmEuaXQ?_d=A49&amp;_c=577be699\" target=\"_blank\" rel=\"noreferrer noopener\">ufficio.stampa@arenadiverona.it&nbsp;&nbsp;<\/a><\/td><\/tr><\/tbody><\/table><\/figure>\n\n\n\n<figure class=\"wp-block-table\"><table><tbody><tr><td><img decoding=\"async\" alt=\"Il luogo pi\u00f9 italiano sulla Terra\u00ae\" width=\"166\" src=\"https:\/\/arenadiverona.invionews.net\/rsp\/pd4p8d\/if\/resizex\/332,null\/rs\/content\/piu_italiano.png?_d=A49&amp;_c=93f6a543\"><\/td><\/tr><\/tbody><\/table><\/figure>\n\n\n\n<p><\/p>\n","protected":false},"excerpt":{"rendered":"<p>\u2018IL CIELO \u00c8 DI TUTTI\u2019 FONDAZIONE ARENA CON GENERALI ITALIA IN ARENA 830 BAMBINI CANTANO IL VA\u2019 PENSIERO Quasi 10mila [&hellip;]<\/p>\n","protected":false},"author":1,"featured_media":0,"comment_status":"open","ping_status":"open","sticky":false,"template":"","format":"standard","meta":{"footnotes":""},"categories":[1],"tags":[],"class_list":["post-73084","post","type-post","status-publish","format-standard","hentry","category-sin-categoria"],"_links":{"self":[{"href":"https:\/\/www.ecoitaliano.com.ar\/index.php?rest_route=\/wp\/v2\/posts\/73084","targetHints":{"allow":["GET"]}}],"collection":[{"href":"https:\/\/www.ecoitaliano.com.ar\/index.php?rest_route=\/wp\/v2\/posts"}],"about":[{"href":"https:\/\/www.ecoitaliano.com.ar\/index.php?rest_route=\/wp\/v2\/types\/post"}],"author":[{"embeddable":true,"href":"https:\/\/www.ecoitaliano.com.ar\/index.php?rest_route=\/wp\/v2\/users\/1"}],"replies":[{"embeddable":true,"href":"https:\/\/www.ecoitaliano.com.ar\/index.php?rest_route=%2Fwp%2Fv2%2Fcomments&post=73084"}],"version-history":[{"count":5,"href":"https:\/\/www.ecoitaliano.com.ar\/index.php?rest_route=\/wp\/v2\/posts\/73084\/revisions"}],"predecessor-version":[{"id":73103,"href":"https:\/\/www.ecoitaliano.com.ar\/index.php?rest_route=\/wp\/v2\/posts\/73084\/revisions\/73103"}],"wp:attachment":[{"href":"https:\/\/www.ecoitaliano.com.ar\/index.php?rest_route=%2Fwp%2Fv2%2Fmedia&parent=73084"}],"wp:term":[{"taxonomy":"category","embeddable":true,"href":"https:\/\/www.ecoitaliano.com.ar\/index.php?rest_route=%2Fwp%2Fv2%2Fcategories&post=73084"},{"taxonomy":"post_tag","embeddable":true,"href":"https:\/\/www.ecoitaliano.com.ar\/index.php?rest_route=%2Fwp%2Fv2%2Ftags&post=73084"}],"curies":[{"name":"wp","href":"https:\/\/api.w.org\/{rel}","templated":true}]}}