{"id":73477,"date":"2025-05-19T00:11:32","date_gmt":"2025-05-19T00:11:32","guid":{"rendered":"https:\/\/www.ecoitaliano.com.ar\/?p=73477"},"modified":"2025-05-19T00:11:32","modified_gmt":"2025-05-19T00:11:32","slug":"serena-conduce-operaclassica-eco-italiano-4340","status":"publish","type":"post","link":"https:\/\/www.ecoitaliano.com.ar\/?p=73477","title":{"rendered":"Serena conduce operaclassica eco italiano"},"content":{"rendered":"<div class=\"wp-block-image\">\n<figure class=\"aligncenter size-large is-resized\"><a href=\"https:\/\/www.ecoitaliano.com.ar\/wp-content\/uploads\/2025\/05\/image-43.png\"><img decoding=\"async\" width=\"1024\" height=\"331\" src=\"https:\/\/www.ecoitaliano.com.ar\/wp-content\/uploads\/2025\/05\/image-43-1024x331.png\" alt=\"\" class=\"wp-image-73478\" style=\"width:292px;height:auto\" srcset=\"https:\/\/www.ecoitaliano.com.ar\/wp-content\/uploads\/2025\/05\/image-43-1024x331.png 1024w, https:\/\/www.ecoitaliano.com.ar\/wp-content\/uploads\/2025\/05\/image-43-300x97.png 300w, https:\/\/www.ecoitaliano.com.ar\/wp-content\/uploads\/2025\/05\/image-43-768x248.png 768w, https:\/\/www.ecoitaliano.com.ar\/wp-content\/uploads\/2025\/05\/image-43-1536x496.png 1536w, https:\/\/www.ecoitaliano.com.ar\/wp-content\/uploads\/2025\/05\/image-43-150x48.png 150w, https:\/\/www.ecoitaliano.com.ar\/wp-content\/uploads\/2025\/05\/image-43.png 1771w\" sizes=\"(max-width: 1024px) 100vw, 1024px\" \/><\/a><\/figure><\/div>\n\n\n<p>comunicato stampa<\/p>\n\n\n\n<p><strong>AD ORA DI PRANZO AL TEATRO DAL VERME DAVIDE CABASSI INTERPRETA LE SONATE DI MOZART, ANTEPRIMA DELLA NUOVA STAGIONE DEI POMERIGGI MUSICALI 2025\/2026 \u201cS\u00c8NTITI P\u00c0RTE\u201d<\/strong><br><br><strong>Due settimane di Lunch Concerts nel segno del compositore salisburghese al quale sar\u00e0 dedicata la programmazione futura dell\u2019Orchestra milanese<\/strong><br><br><strong>Milano, Teatro Dal Verme<\/strong><br>Da luned\u00ec 19 maggio alle ore 13<br><em>Posto unico 5 euro<\/em><\/p>\n\n\n\n<p>A questo link sono disponibili le fotografie di Davide Cabassi<br><a target=\"_blank\" href=\"https:\/\/florianatessitore.us12.list-manage.com\/track\/click?u=9aecf99759cc1d6c0a0ef9c1d&amp;id=a9f9339798&amp;e=cceb3c1a2f\" rel=\"noreferrer noopener\">https:\/\/www.dropbox.com\/scl\/fo\/n4qsl5wmeh3c930wg6zi3\/AH09cDJXBMUvPBm6E8Rp_34?rlkey=27nxypcrgef6fah0078o0qdti&amp;dl=0<\/a><\/p>\n\n\n\n<p>Comincia&nbsp;<strong>luned\u00ec 19 maggio una nuova iniziativa dei Pomeriggi Musicali<\/strong>&nbsp;al Teatro Dal Verme: un ciclo di brevi \u201c<strong>Lunch Concerts<\/strong>\u201d, dal luned\u00ec al venerd\u00ec,&nbsp;<strong>alle ore 13 in Sala Piccola, dedicati a Mozart<\/strong>. Protagonista il&nbsp;<strong>pianista milanese Davide Cabassi<\/strong>&nbsp;che interpreter\u00e0 una serie di&nbsp;<em>Sonate<\/em>&nbsp;del genio salisburghese (posto unico 5 euro).<br><br>Un nuovo modo per invitare all\u2019ascolto, durante la pausa pranzo, le tante persone che affollano quotidianamente il centro di Milano e rendere diverso e speciale un momento della giornata con le pagine del compositore cui sar\u00e0 principalmente dedicata l\u201981\u00b0 Stagione 2025\/2026 \u201cs\u00e8ntiti p\u00e0rte\u201d.<br>Una nuova occasione per cominciare a \u201cfar parte\u201d della comunit\u00e0 che \u2013 in numero sempre crescente \u2013 frequenta la programmazione dei Pomeriggi. Per chi vive fuori Milano e non ha la possibilit\u00e0 di seguire stabilmente le stagioni musicali o per chi vuole cominciare, con dei piccoli capolavori, ad ascoltare il repertorio classico.<br>Un modo diverso per ritemprarsi in un momento fondamentale della giornata, secondo la vocazione cara ai Pomeriggi di \u201cascolto come ecologia della mente\u201d.<br><br>Nel primo&nbsp;<em>Lunch Concert<\/em>&nbsp;di&nbsp;<strong>luned\u00ec 19 maggio<\/strong>&nbsp;Davide Cabassi \u2013 fra i solisti italiani pi\u00f9 noti al mondo, con cd per Decca \u2013 eseguir\u00e0 la&nbsp;<strong><em>Sonata in Do maggiore<\/em>&nbsp;K279,&nbsp;<\/strong>composta nell\u2019estate del 1774 a Salisburgo, la prima di un gruppo di sei per strumento a tastiera \u2013 e praticamente la prima in assoluto \u2013 che Mozart scrive, in vista di un viaggio a Monaco di Baviera: una sorta di \u201cbiglietto da visita\u201d. Divisa in tre movimenti \u2013&nbsp;<em>Allegro<\/em>,&nbsp;<em>Andante<\/em>&nbsp;e&nbsp;<em>Allegro<\/em>&nbsp;\u2013 l\u2019opera si distingue per la freschezza melodica e la chiarezza formale. L\u2019<em>Allegro<\/em>&nbsp;iniziale presenta un tema brillante e vivace, seguito da un&nbsp;<em>Andante<\/em>&nbsp;dal carattere cantabile e intimista. Il finale, un&nbsp;<em>Allegro<\/em>&nbsp;vivace, riprende lo slancio iniziale con un\u2019impronta giocosa e dinamica. La Sonata riflette l\u2019equilibrio tra leggerezza espressiva e rigore strutturale tipico di quel periodo \u201cgiovanile\u201d di Mozart.<br><br><strong>Marted\u00ec 20 maggio<\/strong>&nbsp;\u00e8 in programma invece la&nbsp;<em>Sonata in Fa maggiore<\/em>&nbsp;K280, facente parte dello stesso gruppo di brani composti nel 1774 a Salisburgo, scritte appunto prima di un viaggio a Monaco di Baviera e dedicate al barone von D\u00fcrnitz. L\u2019opera, carica di riferimenti ad Haydn, si articola in tre movimenti:<em>&nbsp;Allegro assai<\/em>,&nbsp;<em>Adagio<\/em>&nbsp;e&nbsp;<em>Presto<\/em>. Il primo movimento, di carattere energico e brillante, si distingue per la vivacit\u00e0 ritmica e l\u2019uso sapiente del contrasto dinamico. L\u2019<em>Adagio<\/em>&nbsp;centrale, in Fa minore, sorprende per la sua intensit\u00e0 drammatica e il lirismo struggente, mentre il&nbsp;<em>Presto<\/em>&nbsp;conclusivo riporta un\u2019atmosfera leggera e spensierata, con un ritmo incalzante e brillante che evidenzia il crescente gusto per il virtuosismo pianistico che Mozart stava sviluppando.<br><br><strong>Mercoled\u00ec 21 maggio<\/strong>&nbsp;ci si sposta cronologicamente molto pi\u00f9 avanti nel catalogo mozartiano con la&nbsp;<em>Sonata in Si bemolle maggiore<\/em>&nbsp;K570, composta nel febbraio 1789 a Vienna, e che \u00e8 uno degli ultimi capolavori pianistici di Mozart. Strutturata in tre movimenti \u2013&nbsp;<em>Allegro<\/em>,&nbsp;<em>Adagio<\/em>&nbsp;e&nbsp;<em>Allegretto<\/em>&nbsp;\u2013 l\u2019opera si distingue per la chiarezza espressiva e l\u2019eleganza formale. Il primo movimento \u00e8 caratterizzato da una melodia fluida e delicata. L\u2019<em>Adagio<\/em>&nbsp;centrale, contemplativo e sereno, rivela una profonda introspezione emotiva, mentre l\u2019<em>Allegretto<\/em>&nbsp;conclusivo riprende un\u2019atmosfera brillante e luminosa, con guizzi ritmici e un tessuto sonoro limpido. La Sonata testimonia la maturit\u00e0 compositiva di Mozart, capace di unire trasparenza e profondit\u00e0 espressiva mostrando padronanza nel contrappunto e felicit\u00e0 nella vena melodica.<br><br><br>Milano, Teatro Dal Verme, Sala Piccola<br>Dal 19 al 30 maggio 2025, ore 13<br><em>pianoforte&nbsp;<\/em><strong>Davide Cabasssi<\/strong><br><br><strong>luned\u00ec 19 maggio<\/strong><br><em>Sonata in Do maggiore<\/em>&nbsp;K 279<br><br><br><strong>marted\u00ec 20 maggio<\/strong><br><em>Sonata in Fa maggiore<\/em>&nbsp;K 280<br><br><strong>mercoled\u00ec 21 maggio<\/strong><br><em>Sonata in Si bemolle maggiore<\/em>&nbsp;K 570<br><br><strong>gioved\u00ec 22 maggio<\/strong><br><em>Sonata in Si bemolle maggiore<\/em>&nbsp;K 281<br><br><strong>venerd\u00ec 23 maggio<\/strong><br><em>Sonata in Mi bemolle maggiore<\/em>&nbsp;K 282<br><br><strong>luned\u00ec 26 maggio<\/strong><br><em>Fantasia in Do minore<\/em>&nbsp;K 475<br><em>Sonata in Do minore<\/em>&nbsp;K 457<br><br><strong>marted\u00ec 27 maggio<\/strong><br><em>Sonata in Sol maggiore<\/em>&nbsp;K 283<br><em>10 Variazioni in Sol maggiore<\/em>&nbsp;K 455<br><br><strong>mercoled\u00ec 28 maggio<\/strong><br><em>Sonata in Re maggiore<\/em>&nbsp;K 284<br><br><strong>gioved\u00ec 29 maggio<\/strong><br><em>Sonata in La maggiore<\/em>&nbsp;K 331 \u201cMarcia turca\u201d<br><br><strong>venerd\u00ec 30 maggio<\/strong><br><em>Sonata in Re maggiore per pianoforte a quattro mani<\/em>&nbsp;K 381<br><em>pianoforte&nbsp;<\/em><strong>Davide Cabasssi&nbsp;<\/strong>e&nbsp;<strong>Tatiana Larionova<\/strong><br><br><strong>Davide Cabassi<\/strong>&nbsp;<em>pianoforte<\/em><br>Nato a Milano, si \u00e8 diplomato in pianoforte al conservatorio della sua citt\u00e0 e ha debuttato a tredici anni con l\u2019Orchestra Sinfonica della Rai di Milano sotto la direzione di Vladimir Delman. Ha suonato per numerose realt\u00e0 musicali italiane come la Societ\u00e0 del Quartetto, le Serate Musicali, la Societ\u00e0 dei Concerti, il Festival Pianistico di Brescia e Bergamo ecc. e in sale quali la Carnegie Hall a New York, la Rachmaninoff Hall a Mosca, Gasteig a Monaco di Baviera, il Mozarteum di Salisburgo, il Louvre e la Salle Gaveau di Parigi, la Roque d\u2019Antheron. Parallelamente all\u2019attivit\u00e0 concertistica, ha intrapreso un\u2019intensa attivit\u00e0 discografica incidendo per Sony BMG, Concerto Classics e Collegno quindi del 2012 per Decca (Sonate e Variazioni di Mozart e l\u2019integrale delle Sonate per pianoforte di Beethoven). \u00c8 ideatore artistico delle stagioni concertistiche Kawai a Ledro (TN), Un pianoforte in Ateneo (Kawai &#8211; Cattolica, Milano), degli Incontri Contemporanei (Milano), dei Campus Musicali Estivi Kawai a Ledro e del Concorso Internazionale Shigeru Kawai. Nel 2010 ha fondato con la moglie, la pianista Tatiana Larionova, la stagione concertistica Primavera di Baggio, per rilanciare la periferia disagiata della sua citt\u00e0, coinvolgendo i bambini ed \u201cinvadendo\u201d gli spazi associativi, specie quelli riscattati dalle mafie.<br>davidecabassi.com<\/p>\n\n\n\n<p>I biglietti per i singoli concerti hanno un costo di 5 euro<br><br>Biglietteria TicketOne &#8211; Teatro Dal Verme<br>via San Giovanni sul Muro, 2 &#8211; 20121, Milano<br>Tel. +39 02 87 905 \u2013&nbsp;<a target=\"_blank\" href=\"https:\/\/florianatessitore.us12.list-manage.com\/track\/click?u=9aecf99759cc1d6c0a0ef9c1d&amp;id=d566f49a11&amp;e=cceb3c1a2f\" rel=\"noreferrer noopener\">www.ipomeriggi.it<\/a><br><br>La biglietteria del Teatro Dal Verme \u00e8 aperta da marted\u00ec a sabato ore 10-18<br><a href=\"mailto:biglietteria@ipomeriggi.it\" target=\"_blank\" rel=\"noreferrer noopener\">biglietteria@ipomeriggi.it<\/a>&nbsp;\/ Te. +39 02 87905 201<br><br><strong>Acquista online&nbsp;<\/strong><a target=\"_blank\" href=\"https:\/\/florianatessitore.us12.list-manage.com\/track\/click?u=9aecf99759cc1d6c0a0ef9c1d&amp;id=64e51276f5&amp;e=cceb3c1a2f\" rel=\"noreferrer noopener\">www.ipomeriggi.it\/acquista<\/a>&nbsp;\/ &nbsp;<a target=\"_blank\" href=\"https:\/\/florianatessitore.us12.list-manage.com\/track\/click?u=9aecf99759cc1d6c0a0ef9c1d&amp;id=1e9975e62d&amp;e=cceb3c1a2f\" rel=\"noreferrer noopener\">www.ticketone.it<\/a><\/p>\n\n\n\n<p><strong><em>Ufficio stampa<\/em><\/strong><br>Floriana Tessitore +39 3387339981<br><a href=\"mailto:stampa@ipomeriggi.it\" target=\"_blank\" rel=\"noreferrer noopener\">stampa@ipomeriggi.it<\/a><br>Fondazione I Pomeriggi Musicali<br><a href=\"http:\/\/www.ipomeriggi.it\/\" target=\"_blank\" rel=\"noreferrer noopener\">www.ipomeriggi.it<\/a><br>&nbsp;<\/p>\n\n\n\n<p>Milano, 18 maggio 2025 (f.t.)<\/p>\n\n\n\n<p>FONDAZIONE I POMERIGGI MUSICALI<br>Ufficio stampa<br>Via San Giovanni sul Muro, 2 &#8211; 20121 Milano<br>T. 02 87905; F. 02 87905291<br><a href=\"http:\/\/www.ipomeriggi.it\/\" target=\"_blank\" rel=\"noreferrer noopener\">www.ipomeriggi.it<\/a><\/p>\n\n\n\n<p><em>copyright \u00a9 2025 Tessitore Vitale, All rights reserved.<\/em><\/p>\n\n\n\n<p>foto<\/p>\n\n\n\n<figure class=\"wp-block-gallery has-nested-images columns-default is-cropped wp-block-gallery-1 is-layout-flex wp-block-gallery-is-layout-flex\">\n<figure class=\"wp-block-image\"><img decoding=\"async\" width=\"2000\" height=\"1333\" data-id=\"73479\" src=\"http:\/\/www.ecoitaliano.com.ar\/wp-content\/uploads\/2025\/05\/Cabassi-ph-Daverio-75pomeriggi512.jpg\" alt=\"\" class=\"wp-image-73479\" srcset=\"https:\/\/www.ecoitaliano.com.ar\/wp-content\/uploads\/2025\/05\/Cabassi-ph-Daverio-75pomeriggi512.jpg 2000w, https:\/\/www.ecoitaliano.com.ar\/wp-content\/uploads\/2025\/05\/Cabassi-ph-Daverio-75pomeriggi512-300x200.jpg 300w, https:\/\/www.ecoitaliano.com.ar\/wp-content\/uploads\/2025\/05\/Cabassi-ph-Daverio-75pomeriggi512-1024x682.jpg 1024w, https:\/\/www.ecoitaliano.com.ar\/wp-content\/uploads\/2025\/05\/Cabassi-ph-Daverio-75pomeriggi512-768x512.jpg 768w, https:\/\/www.ecoitaliano.com.ar\/wp-content\/uploads\/2025\/05\/Cabassi-ph-Daverio-75pomeriggi512-1536x1024.jpg 1536w, https:\/\/www.ecoitaliano.com.ar\/wp-content\/uploads\/2025\/05\/Cabassi-ph-Daverio-75pomeriggi512-150x100.jpg 150w\" sizes=\"(max-width: 2000px) 100vw, 2000px\" \/><\/figure>\n\n\n\n<figure class=\"wp-block-image\"><img decoding=\"async\" width=\"1600\" height=\"2133\" data-id=\"73480\" src=\"http:\/\/www.ecoitaliano.com.ar\/wp-content\/uploads\/2025\/05\/Davide-Cabassi-1.jpeg\" alt=\"\" class=\"wp-image-73480\" srcset=\"https:\/\/www.ecoitaliano.com.ar\/wp-content\/uploads\/2025\/05\/Davide-Cabassi-1.jpeg 1600w, https:\/\/www.ecoitaliano.com.ar\/wp-content\/uploads\/2025\/05\/Davide-Cabassi-1-225x300.jpeg 225w, https:\/\/www.ecoitaliano.com.ar\/wp-content\/uploads\/2025\/05\/Davide-Cabassi-1-768x1024.jpeg 768w, https:\/\/www.ecoitaliano.com.ar\/wp-content\/uploads\/2025\/05\/Davide-Cabassi-1-1152x1536.jpeg 1152w, https:\/\/www.ecoitaliano.com.ar\/wp-content\/uploads\/2025\/05\/Davide-Cabassi-1-1536x2048.jpeg 1536w, https:\/\/www.ecoitaliano.com.ar\/wp-content\/uploads\/2025\/05\/Davide-Cabassi-1-113x150.jpeg 113w\" sizes=\"(max-width: 1600px) 100vw, 1600px\" \/><\/figure>\n\n\n\n<figure class=\"wp-block-image\"><img decoding=\"async\" width=\"1600\" height=\"2133\" data-id=\"73481\" src=\"http:\/\/www.ecoitaliano.com.ar\/wp-content\/uploads\/2025\/05\/Davide-Cabassi-2.jpeg\" alt=\"\" class=\"wp-image-73481\" srcset=\"https:\/\/www.ecoitaliano.com.ar\/wp-content\/uploads\/2025\/05\/Davide-Cabassi-2.jpeg 1600w, https:\/\/www.ecoitaliano.com.ar\/wp-content\/uploads\/2025\/05\/Davide-Cabassi-2-225x300.jpeg 225w, https:\/\/www.ecoitaliano.com.ar\/wp-content\/uploads\/2025\/05\/Davide-Cabassi-2-768x1024.jpeg 768w, https:\/\/www.ecoitaliano.com.ar\/wp-content\/uploads\/2025\/05\/Davide-Cabassi-2-1152x1536.jpeg 1152w, https:\/\/www.ecoitaliano.com.ar\/wp-content\/uploads\/2025\/05\/Davide-Cabassi-2-1536x2048.jpeg 1536w, https:\/\/www.ecoitaliano.com.ar\/wp-content\/uploads\/2025\/05\/Davide-Cabassi-2-113x150.jpeg 113w\" sizes=\"(max-width: 1600px) 100vw, 1600px\" \/><\/figure>\n<\/figure>\n","protected":false},"excerpt":{"rendered":"<p>comunicato stampa AD ORA DI PRANZO AL TEATRO DAL VERME DAVIDE CABASSI INTERPRETA LE SONATE DI MOZART, ANTEPRIMA DELLA NUOVA [&hellip;]<\/p>\n","protected":false},"author":1,"featured_media":0,"comment_status":"open","ping_status":"open","sticky":false,"template":"","format":"standard","meta":{"footnotes":""},"categories":[1],"tags":[],"class_list":["post-73477","post","type-post","status-publish","format-standard","hentry","category-sin-categoria"],"_links":{"self":[{"href":"https:\/\/www.ecoitaliano.com.ar\/index.php?rest_route=\/wp\/v2\/posts\/73477","targetHints":{"allow":["GET"]}}],"collection":[{"href":"https:\/\/www.ecoitaliano.com.ar\/index.php?rest_route=\/wp\/v2\/posts"}],"about":[{"href":"https:\/\/www.ecoitaliano.com.ar\/index.php?rest_route=\/wp\/v2\/types\/post"}],"author":[{"embeddable":true,"href":"https:\/\/www.ecoitaliano.com.ar\/index.php?rest_route=\/wp\/v2\/users\/1"}],"replies":[{"embeddable":true,"href":"https:\/\/www.ecoitaliano.com.ar\/index.php?rest_route=%2Fwp%2Fv2%2Fcomments&post=73477"}],"version-history":[{"count":1,"href":"https:\/\/www.ecoitaliano.com.ar\/index.php?rest_route=\/wp\/v2\/posts\/73477\/revisions"}],"predecessor-version":[{"id":73482,"href":"https:\/\/www.ecoitaliano.com.ar\/index.php?rest_route=\/wp\/v2\/posts\/73477\/revisions\/73482"}],"wp:attachment":[{"href":"https:\/\/www.ecoitaliano.com.ar\/index.php?rest_route=%2Fwp%2Fv2%2Fmedia&parent=73477"}],"wp:term":[{"taxonomy":"category","embeddable":true,"href":"https:\/\/www.ecoitaliano.com.ar\/index.php?rest_route=%2Fwp%2Fv2%2Fcategories&post=73477"},{"taxonomy":"post_tag","embeddable":true,"href":"https:\/\/www.ecoitaliano.com.ar\/index.php?rest_route=%2Fwp%2Fv2%2Ftags&post=73477"}],"curies":[{"name":"wp","href":"https:\/\/api.w.org\/{rel}","templated":true}]}}