{"id":73542,"date":"2025-05-20T18:22:47","date_gmt":"2025-05-20T18:22:47","guid":{"rendered":"https:\/\/www.ecoitaliano.com.ar\/?p=73542"},"modified":"2025-05-20T18:22:47","modified_gmt":"2025-05-20T18:22:47","slug":"serena-conduce-operaclassica-eco-italiano-4343","status":"publish","type":"post","link":"https:\/\/www.ecoitaliano.com.ar\/?p=73542","title":{"rendered":"Serena conduce operaclassica eco italiano"},"content":{"rendered":"<div class=\"wp-block-image\">\n<figure class=\"aligncenter size-full\"><a href=\"http:\/\/www.ecoitaliano.com.ar\/wp-content\/uploads\/2025\/05\/Screenshot-280-2.png\"><img decoding=\"async\" width=\"432\" height=\"117\" src=\"http:\/\/www.ecoitaliano.com.ar\/wp-content\/uploads\/2025\/05\/Screenshot-280-2.png\" alt=\"\" class=\"wp-image-73543\" srcset=\"https:\/\/www.ecoitaliano.com.ar\/wp-content\/uploads\/2025\/05\/Screenshot-280-2.png 432w, https:\/\/www.ecoitaliano.com.ar\/wp-content\/uploads\/2025\/05\/Screenshot-280-2-300x81.png 300w, https:\/\/www.ecoitaliano.com.ar\/wp-content\/uploads\/2025\/05\/Screenshot-280-2-150x41.png 150w\" sizes=\"(max-width: 432px) 100vw, 432px\" \/><\/a><\/figure><\/div>\n\n\n<p><strong>comunicato stampa<\/strong><\/p>\n\n\n\n<p><strong>Carmine Pinto dirige l\u2019Orchestra del Teatro Lirico e Lorenzo Panebianco,<\/strong><\/p>\n\n\n\n<p><strong>il 23-24 maggio, per la rassegna \u201cPrimavera in musica 2025\u201d<\/strong><\/p>\n\n\n\n<p><strong>al Teatro Carmen Melis<\/strong><\/p>\n\n\n\n<p><strong>Venerd\u00ec 23 maggio alle 19<\/strong> e <strong>sabato 24 maggio alle 19<\/strong>, \u00e8 in programma il quarto e ultimo appuntamento della nuova rassegna musicale <strong>\u201cPrimavera in musica 2025\u201d<\/strong>, ideata e realizzata dal Teatro Lirico di Cagliari, che prevede il ritorno sul podio cagliaritano, alla guida dell\u2019<strong>Orchestra del Teatro Lirico<\/strong>, di <strong>Carmine Pinto<\/strong> (Salerno, 1966) dopo il successo del suo concerto nell\u2019agosto 2023. Solista \u00e8 <strong>Lorenzo Panebianco<\/strong>, primo corno dell\u2019Orchestra della Fondazione cagliaritana.<\/p>\n\n\n\n<p>Il programma musicale prevede l\u2019esecuzione di due raffinati brani di <strong>Wolfgang Amadeus Mozart<\/strong> (<em>Don Giovanni: Ouverture <\/em>e <em>Concerto per corno e orchestra n. 3 in Mi bemolle maggiore K 447<\/em>) e la <em>Prima Sinfonia in Do maggiore op. 21 <\/em>di <strong>Ludwig van Beethoven<\/strong>.<\/p>\n\n\n\n<p>La nuova rassegna musicale <strong>\u201cPrimavera in musica 2025\u201d<\/strong>, ha proposto, <strong>dal 28 febbraio al 24 maggio<\/strong>, <strong>otto serate straordinarie<\/strong>, <strong>sempre alle ore 19<\/strong>, di celebre musica classica, con particolare attenzione ai capolavori di Mozart e Beethoven, fino al Novecento di Kod\u00e1ly, Poulenc e Chilcott e alle atmosfere popolari e religiose dei tradizionali <em>spiritual<\/em> afro-americani.<\/p>\n\n\n\n<p>La rassegna \u00e8 rivolta al pubblico di abbonati, ma anche a quello delle famiglie e dei giovani da sempre molto presente.<\/p>\n\n\n\n<p><strong>Prezzi biglietti: \u20ac 10 (intero), \u20ac 5 (ridotto abbonati, disabili e <em>under<\/em> 35).<\/strong><\/p>\n\n\n\n<p><strong>La Biglietteria del Teatro Lirico \u00e8 aperta luned\u00ec, marted\u00ec, gioved\u00ec, venerd\u00ec e sabato dalle 9 alle 13, mercoled\u00ec dalle 16 alle 20 e, nei giorni di spettacolo, anche da due ore prima dell\u2019inizio. \u00c8 chiusa, invece, <\/strong><strong>i giorni festivi e i luned\u00ec successivi alle domeniche di spettacolo.<\/strong><\/p>\n\n\n\n<p><strong>Per informazioni<\/strong>: <strong>Biglietteria del Teatro Lirico<\/strong>, via Sant\u2019Alenixedda, 09128 Cagliari, telefono 0704082230 &#8211; 0704082249, <a href=\"mailto:biglietteria@teatroliricodicagliari.it;\">biglietteria@teatroliricodicagliari.it<\/a>, <a href=\"http:\/\/www.teatroliricodicagliari.it\/\">www.teatroliricodicagliari.it<\/a>. Il Teatro Lirico di Cagliari si pu\u00f2 seguire anche su Facebook, Twitter, YouTube, Instagram, Linkedin. Biglietteria <em>online<\/em>: www.vivaticket.com.<\/p>\n\n\n\n<p>La Direzione si riserva di apportare al programma le modifiche che si rendessero necessarie per esigenze tecniche o per cause di forza maggiore. Eventuali modifiche al cartellone saranno indicate nel sito internet del teatro www.teatroliricodicagliari.it.<\/p>\n\n\n\n<p><strong>Orchestra del Teatro Lirico di Cagliari<\/strong><\/p>\n\n\n\n<p>\u00c8 stata fondata nel 1933 e ha consolidato, negli anni, un fecondo rapporto con i maggiori direttori italiani, tra cui Tullio Serafin, Vittorio Gui, Antonino Votto, Guido Cantelli, Franco Ferrara, Franco Capuana, Willy Ferrero, e con compositori quali Ottorino Respighi, Ildebrando Pizzetti, Ermanno Wolf Ferrari, Riccardo Zandonai, Alfredo Casella. Risalgono agli anni \u201850-\u201960 le apparizioni sul podio di Lorin Maazel, Lovro von Matacic, Claudio Abbado, Sergiu Celibidache, Riccardo Muti, e le collaborazioni con Gioconda De Vito, Leonid Kogan, Henryk Szering, Andr\u00e9s Navarra, Dino Ciani, Maria Tipo, Nikita Magaloff, Wilhem Kempff, Martha Argerich. In questi ultimi anni l\u2019Orchestra ha collaborato, tra gli altri, con direttori come Lorin Maazel, Georges Pr\u00eatre, Emmanuel Krivine, Mstislav Rostropovich, Ton Koopman, Iv\u00e1n Fischer, Frans Br\u00fcggen, Carlo Maria Giulini, Gennadi Rozhdestvensky, Rafael Fr\u00fchbeck de Burgos, Neville Marriner, Christopher Hogwood, Hartmut Haenchen e con solisti come Martha Argerich, Aldo Ciccolini, Kim Kashkashian, Viktoria Mullova, Misha Maisky, Truls M\u00f8rk, Sabine Meyer, Yuri Bashmet, Salvatore Accardo. Dal 1999 al 2005 G\u00e9rard Korsten ha ricoperto il ruolo di direttore musicale e ha, fra l\u2019altro, diretto in prima esecuzione nazionale, <em>Die \u00e4gyptische Helena<\/em> di Richard Strauss, <em>Euryanthe<\/em> di Weber e <em>A Village Romeo and Juliet<\/em> di Delius, mentre nella stagione 2007-2008 George Pehlivanian \u00e8 stato direttore ospite principale. Negli ultimi anni l\u2019Orchestra ha collaborato regolarmente con Lorin Maazel, compiendo nel 1999 una <em>tourn\u00e9e<\/em> in Europa ed eseguendo con successo una serie di concerti. Nel 2002 ha rappresentato l\u2019Italia nella rassegna \u201cItalienische Nacht\u201d, organizzata dalla Bayerischer Rundfunk al Gasteig di Monaco di Baviera e trasmessa in diretta dalla radio bavarese. Nel 2005 ha suonato in un concerto in onore del Presidente della Repubblica Italiana Carlo Azeglio Ciampi. Nel 2010 ha partecipato al 98\u00b0 Festival di Wiesbaden con <em>Lucia di Lammermoor<\/em> per la direzione di Stefano Ranzani e la regia di Denis Krief, riscuotendo un grande successo. Recentemente, nell\u2019ambito di un progetto di internazionalizzazione del Teatro Lirico di Cagliari, realizzato e promosso in collaborazione con l\u2019Unione Europea, il Governo Italiano e la Regione Sardegna, l\u2019Orchestra \u00e8 stata invitata dalla New York City Opera per l\u2019esecuzione di <em>La campana sommersa<\/em> di Respighi, ricevendo il plauso del pubblico e della critica. Negli ultimi anni, anche nell\u2019ambito della rassegna \u201cCinque passi nel Novecento\u201d, ha eseguito, in prima assoluta, composizioni per orchestra che il Teatro Lirico di Cagliari ha commissionato a compositori come Sylvano Bussotti, Giorgio Tedde, Azio Corghi, Fabio Nieder, Alberto Colla, Carlo Boccadoro, Franco Oppo, Francesco Antonioni, Ivan Fedele, Michele Dall\u2019Ongaro, Filippo Del Corno, Vittorio Testa, Sergio Rendine, Orazio Sciortino. Per la casa discografica Dynamic ha inciso opere in prima esecuzione in Italia, quali: <em>Die Feen<\/em> di Wagner, <em>Dalibor<\/em> di Smetana, (premiate, rispettivamente, da \u201cMusica e Dischi\u201d quale miglior disco operistico italiano del 1997, e da \u201cOp\u00e9ra International\u201d col \u201cTimbre de Platine\u201d &#8211; gennaio 2001), <em>\u010cerevi\u010dki<\/em> e <em>Opri\u010dnik<\/em> di \u010cajkovskij, <em>Die \u00e4gyptische Helena<\/em> di Richard Strauss, <em>Euryanthe<\/em> di Weber, <em>Alfonso und Estrella<\/em> di Schubert, <em>Hans Heiling<\/em> di Marschner, <em>Ch\u00e9rubin<\/em> di Massenet, <em>Lucia di Lammermoor<\/em> di Donizetti. Ha inciso, inoltre, <em>Goyescas<\/em> di Granados e <em>La vida breve<\/em> di De Falla, <em>La Passione secondo Giovanni<\/em> di Bach, <em>La sonnambula<\/em> di Bellini, <em>I Shardana<\/em> di Porrino per la Dynamic, <em>Don Pasquale<\/em> per Rai Trade e <em>La leggenda della citt\u00e0 invisibile di Kite\u017e e della fanciulla Fevronija<\/em> di Rimskij-Korsakov per Naxos. Per la Rai ha registrato, nel 1998, <em>La Boh\u00e8me<\/em> trasmessa in tutto il mondo.<\/p>\n\n\n\n<p><strong>Lorenzo Panebianco &#8211; <em>Corno<\/em><\/strong><\/p>\n\n\n\n<p>Ha studiato al Conservatorio di Musica \u201cGiuseppe Verdi\u201d di Milano sotto la guida di Elvio Modonesi, diplomandosi con il massimo dei voti e si \u00e8 perfezionato successivamente con Michael Holtzel. \u00c8 uno dei cornisti pi\u00f9 attivi nel panorama musicale italiano. Collabora, come primo corno, con le maggiori istituzioni lirico-sinfoniche italiane fra cui: Filarmonica della Scala, Orchestra del Teatro alla Scala, Maggio Musicale Fiorentino, Orchestra Sinfonica della Rai, Orchestra Mozart, Orchestra del Teatro di San Carlo di Napoli, Orchestra del Teatro Giuseppe Verdi di Trieste, Arena di Verona, Teatro Regio di Torino, Orchestra Sinfonica Siciliana, Petruzzelli di Bari, Orchestra Internazionale d\u2019Italia. Nel 1999 viene invitato da Riccardo Chailly a ricoprire il posto di \u201cprimo corno\u201d dell\u2019Orchestra Sinfonica \u201cGiuseppe Verdi\u201d di Milano e, l\u2019anno successivo, viene selezionato da Riccardo Muti per ricoprire il posto di \u201cassistente al primo corno\u201d nell\u2019Orchestra del Teatro alla Scala di Milano. Ha tenuto <em>masterclass<\/em> all\u2019Universit\u00e0 della Cultura a La Habana (Cuba), alla Scuola Superiore di Musica di Hong Kong e al Festival cornistico dell\u2019Etna. Dal 2001 \u00e8 primo corno solista dell\u2019Orchestra del Teatro Lirico di Cagliari. Ha effettuato numerose <em>tourn\u00e9e<\/em> (Stati Uniti, Canada, Argentina, Brasile, Cuba, Russia, Cina, Hong Kong, Malesia, Thailandia, Giappone, Paesi Arabi), suonando sotto la direzione di artisti quali: Riccardo Muti, Lorin Maazel, Zubin Mehta, Valery Gergiev, Giuseppe Sinopoli, Georges Pr\u00eatre, Riccardo Chailly, Daniele Gatti, Wolfgang Sawallisch, Yuri Temirkanov. \u00c8 membro dello staff di insegnanti del MHM (Mediterraneo Horn Meeting) di Minori ed \u00e8 <em>endorser<\/em> ufficiale della ditta Paxman (Londra), con la quale collabora attivamente. Suona un corno Paxman 20M.<\/p>\n\n\n\n<p><strong>Carmine Pinto &#8211; <em>Direttore<\/em><\/strong><\/p>\n\n\n\n<p>Diplomato in corno al Conservatorio di Musica \u201cGiuseppe Martucci\u201d di Salerno con il massimo dei voti, si \u00e8 poi perfezionato all\u2019Accademia Nazionale di Santa Cecilia di Roma. La ricerca di nuove potenzialit\u00e0 espressive lo ha avvicinato allo studio della composizione e della direzione d\u2019orchestra, diplomandosi e perfezionandosi all\u2019Accademia Musicale Pescarese, all\u2019Accademia Chigiana di Siena e alla Royal School of Music. Vincitore di Concorso internazionale al Teatro dell\u2019Opera di Roma, ricopre il ruolo di Primo corno sotto la bacchetta di direttori come: Charles Dutoit, Daniele Gatti, Lorin Maazel, Riccardo Muti, Daniel Oren, Giuseppe Patan\u00e8, Georges Pr\u00eatre, Donato Renzetti, Nello Santi, Giuseppe Sinopoli, Hubert Soudant. Nel contempo ha l\u2019opportunit\u00e0 di lavorare come direttore assistente con: Gianluigi Gelmetti, Daniel Oren, Antonio Pappano, Ralf Weikart, esperienze che gli consentono di collaborare con registi come Renzo Giacchieri, Jonathan Miller, Lamberto Puggelli, Franco Zeffirelli, Francesca Zambello e con istituzioni come Covent Garden, Opera di Parigi, Sydney Symphony Orchestra, Teatro dell\u2019Opera di Guangzhou, Tel Aviv. La svolta nella carriera di direttore d\u2019orchestra avviene nel 2006 con il debutto in <em>Turandot<\/em> al Festival Puccini di Torre del Lago, dove ritorna, in occasione delle celebrazioni del 150\u00b0 anniversario pucciniano, con <em>Madama Butterfly<\/em>. Da allora alterna la direzione di produzioni operistiche (<em>Attila<\/em>, <em>La forza del destino<\/em>, <em>Macbeth<\/em>, <em>Rigoletto<\/em>, <em>Cavalleria rusticana<\/em>, <em>Pagliacci<\/em>, <em>Madama Butterfly<\/em>, <em>Tosca<\/em>, <em>Turandot<\/em>, <em>La vedova allegra<\/em>, <em>La serva padrona<\/em> di Paisiello, <em>Don Checco<\/em> di Nicola De Giosa) con il grande repertorio sinfonico e lirico-sinfonico in istituzioni, festival e teatri come: Bellini di Catania, Petruzzelli di Bari, San Carlo di Napoli, Fenice di Venezia, Verdi di Trieste, Carlo Felice di Genova, Verdi di Salerno, Opera di Shangai e di Pechino, Orchestra Sinfonica di Taipei, Orchestra Sinfonica di Bari, Orchestra Filarmonica di Salerno, Orchestra Sinfonica Marchigiana, Orchestra Sinfonica di Macao, Orchestra Sinfonica del Teatro \u201cClaudio Santoro\u201d di Brasilia. Nel 2007 al Teatro La Fenice di Venezia dirige la prima mondiale di <em>Il principe della giovent\u00f9<\/em> di Ritz Ortolani con la regia di Pier Luigi Pizzi. Nel 2011 incide in audio e video <em>Pagliacci<\/em> al Teatro Argentina di Roma per il film \u201cTo Rome with love\u201d di Woody Allen (distribuito internazionalmente nel 2012) che vede come protagonista Fabio Armiliato; con lo stesso tenore e il compianto soprano Daniela Dess\u00ec ha offerto un \u201cGran gala di beneficenza\u201d al Teatro Grande di Brescia. Dal 2010 \u00e8 nominato dalla sua citt\u00e0 di origine Salerno, Direttore principale dell\u2019Orchestra Giovanile \u201cMusikanten\u201d. Nel difficile periodo pandemico ha trionfato in un concerto sinfonico al Teatro Petruzzelli di Bari (2020) e nella <em>Terza Sinfonia<\/em> di Beethoven al Teatro Bellini di Catania (2021). Nel dicembre 2022 dirige al Teatro Verdi di Pisa <em>Don Pasquale<\/em> di Donizetti. Attivo inoltre nell\u2019organizzazione musicale \u00e8 stato Segretario artistico del Festival Puccini di Torre del Lago e membro della Consulta dello spettacolo del Ministero della Cultura, in Commissione musica. Ha avuto la possibilit\u00e0 di gestire il <em>team<\/em> artistico del Festival Puccini di Torre del Lago, confrontandosi con il coordinamento di risorse umane ed ha avuto sotto la sua diretta supervisione e responsabilit\u00e0 tutta la parte artistica: Orchestra, Coro, <em>cast<\/em> artistici e Maestri collaboratori. Durante il 59\u00b0 Festival Puccini, nel 2013, oltre alla normale produzione operistica pucciniana, 5 titoli d\u2019opera, 3 nuovi allestimenti con un totale di 16 recite, ha reso omaggio ad altri due illustri compositori italiani: Giuseppe Verdi nel bicentenario della sua nascita con l\u2019opera <em>Rigoletto<\/em>, e Pietro Mascagni con la <em>Messa di Gloria<\/em> nel 150\u00b0 della sua nascita. Nel 2014, grazie al lavoro svolto in collaborazione con il Festival, sono state create, oltre alla normale produzione del repertorio pucciniano, le seguenti manifestazioni: \u201cCinema all\u2019Opera\u201d realizzando le riprese di <em>La Boh\u00e8me<\/em> di Puccini con la regia di Ettore Scola; \u201cIncontro con l\u2019Oriente\u201d realizzando due interessanti produzioni provenienti dal Giappone; \u201cJunior Butterfly\u201d del compositore Shigeaki Saegusa; \u201cChung hyang Jeon\u201d (Profumo di Primavera) di Jang Ilnam dalla Corea. In totale sono state realizzate 19 serate d\u2019opera. Grande attenzione infine ha dedicato ai giovani artisti dando vita all\u2019Accademia di Alto perfezionamento per voci pucciniane 2014, oltre al Concorso per l\u2019affidamento del progetto di Regia, Scene e Costumi. I selezionati hanno avuto la possibilit\u00e0 di vivere una grande esperienza professionale, vicino ad artisti quali: Amarilli Nizza, Alberto Mastromarino e Rolando Panerai.<\/p>\n\n\n\n<p>Cagliari, 19 maggio 2025<\/p>\n\n\n\n<p>Pierluigi Corona<\/p>\n\n\n\n<p>Responsabile Ufficio Stampa<\/p>\n\n\n\n<p>Teatro Lirico di Cagliari, via Efisio Cao di San Marco, 09128 Cagliari &#8211; Italia<\/p>\n\n\n\n<p>telefono +39 0704082209 &#8211; <a href=\"mailto:stampa@teatroliricodicagliari.it\">stampa@teatroliricodicagliari.it<\/a> &#8211; <a href=\"http:\/\/www.teatroliricodicagliari.it\/\">www.teatroliricodicagliari.it<\/a><\/p>\n\n\n\n<figure class=\"wp-block-gallery has-nested-images columns-default is-cropped wp-block-gallery-1 is-layout-flex wp-block-gallery-is-layout-flex\">\n<figure class=\"wp-block-image size-large\"><a href=\"https:\/\/www.ecoitaliano.com.ar\/wp-content\/uploads\/2025\/05\/complesso-artistico-concerto-23-24-maggio.jpg\"><img decoding=\"async\" width=\"724\" height=\"1024\" data-id=\"73544\" src=\"https:\/\/www.ecoitaliano.com.ar\/wp-content\/uploads\/2025\/05\/complesso-artistico-concerto-23-24-maggio-724x1024.jpg\" alt=\"\" class=\"wp-image-73544\" srcset=\"https:\/\/www.ecoitaliano.com.ar\/wp-content\/uploads\/2025\/05\/complesso-artistico-concerto-23-24-maggio-724x1024.jpg 724w, https:\/\/www.ecoitaliano.com.ar\/wp-content\/uploads\/2025\/05\/complesso-artistico-concerto-23-24-maggio-212x300.jpg 212w, https:\/\/www.ecoitaliano.com.ar\/wp-content\/uploads\/2025\/05\/complesso-artistico-concerto-23-24-maggio-768x1086.jpg 768w, https:\/\/www.ecoitaliano.com.ar\/wp-content\/uploads\/2025\/05\/complesso-artistico-concerto-23-24-maggio-1086x1536.jpg 1086w, https:\/\/www.ecoitaliano.com.ar\/wp-content\/uploads\/2025\/05\/complesso-artistico-concerto-23-24-maggio-1448x2048.jpg 1448w, https:\/\/www.ecoitaliano.com.ar\/wp-content\/uploads\/2025\/05\/complesso-artistico-concerto-23-24-maggio-106x150.jpg 106w, https:\/\/www.ecoitaliano.com.ar\/wp-content\/uploads\/2025\/05\/complesso-artistico-concerto-23-24-maggio.jpg 1654w\" sizes=\"(max-width: 724px) 100vw, 724px\" \/><\/a><\/figure>\n<\/figure>\n\n\n\n<figure class=\"wp-block-gallery has-nested-images columns-default is-cropped wp-block-gallery-2 is-layout-flex wp-block-gallery-is-layout-flex\">\n<figure class=\"wp-block-image size-large\"><a href=\"https:\/\/www.ecoitaliano.com.ar\/wp-content\/uploads\/2025\/05\/locandina-concerto-23-24-maggio.jpg\"><img decoding=\"async\" width=\"724\" height=\"1024\" data-id=\"73545\" src=\"https:\/\/www.ecoitaliano.com.ar\/wp-content\/uploads\/2025\/05\/locandina-concerto-23-24-maggio-724x1024.jpg\" alt=\"\" class=\"wp-image-73545\" srcset=\"https:\/\/www.ecoitaliano.com.ar\/wp-content\/uploads\/2025\/05\/locandina-concerto-23-24-maggio-724x1024.jpg 724w, https:\/\/www.ecoitaliano.com.ar\/wp-content\/uploads\/2025\/05\/locandina-concerto-23-24-maggio-212x300.jpg 212w, https:\/\/www.ecoitaliano.com.ar\/wp-content\/uploads\/2025\/05\/locandina-concerto-23-24-maggio-768x1086.jpg 768w, https:\/\/www.ecoitaliano.com.ar\/wp-content\/uploads\/2025\/05\/locandina-concerto-23-24-maggio-1086x1536.jpg 1086w, https:\/\/www.ecoitaliano.com.ar\/wp-content\/uploads\/2025\/05\/locandina-concerto-23-24-maggio-1448x2048.jpg 1448w, https:\/\/www.ecoitaliano.com.ar\/wp-content\/uploads\/2025\/05\/locandina-concerto-23-24-maggio-106x150.jpg 106w, https:\/\/www.ecoitaliano.com.ar\/wp-content\/uploads\/2025\/05\/locandina-concerto-23-24-maggio.jpg 1654w\" sizes=\"(max-width: 724px) 100vw, 724px\" \/><\/a><\/figure>\n<\/figure>\n\n\n\n<figure class=\"wp-block-gallery has-nested-images columns-default is-cropped wp-block-gallery-3 is-layout-flex wp-block-gallery-is-layout-flex\">\n<figure class=\"wp-block-image size-large\"><a href=\"https:\/\/www.ecoitaliano.com.ar\/wp-content\/uploads\/2025\/05\/complesso-artistico-concerto-23-24-maggio_1.jpg\"><img decoding=\"async\" width=\"724\" height=\"1024\" data-id=\"73546\" src=\"https:\/\/www.ecoitaliano.com.ar\/wp-content\/uploads\/2025\/05\/complesso-artistico-concerto-23-24-maggio_1-724x1024.jpg\" alt=\"\" class=\"wp-image-73546\" srcset=\"https:\/\/www.ecoitaliano.com.ar\/wp-content\/uploads\/2025\/05\/complesso-artistico-concerto-23-24-maggio_1-724x1024.jpg 724w, https:\/\/www.ecoitaliano.com.ar\/wp-content\/uploads\/2025\/05\/complesso-artistico-concerto-23-24-maggio_1-212x300.jpg 212w, https:\/\/www.ecoitaliano.com.ar\/wp-content\/uploads\/2025\/05\/complesso-artistico-concerto-23-24-maggio_1-768x1086.jpg 768w, https:\/\/www.ecoitaliano.com.ar\/wp-content\/uploads\/2025\/05\/complesso-artistico-concerto-23-24-maggio_1-1086x1536.jpg 1086w, https:\/\/www.ecoitaliano.com.ar\/wp-content\/uploads\/2025\/05\/complesso-artistico-concerto-23-24-maggio_1-1448x2048.jpg 1448w, https:\/\/www.ecoitaliano.com.ar\/wp-content\/uploads\/2025\/05\/complesso-artistico-concerto-23-24-maggio_1-106x150.jpg 106w, https:\/\/www.ecoitaliano.com.ar\/wp-content\/uploads\/2025\/05\/complesso-artistico-concerto-23-24-maggio_1.jpg 1654w\" sizes=\"(max-width: 724px) 100vw, 724px\" \/><\/a><\/figure>\n<\/figure>\n\n\n\n<figure class=\"wp-block-gallery has-nested-images columns-default is-cropped wp-block-gallery-4 is-layout-flex wp-block-gallery-is-layout-flex\">\n<figure class=\"wp-block-image size-large\"><a href=\"https:\/\/www.ecoitaliano.com.ar\/wp-content\/uploads\/2025\/05\/locandina-Primavera-in-musica-2025.jpg\"><img decoding=\"async\" width=\"724\" height=\"1024\" data-id=\"73547\" src=\"https:\/\/www.ecoitaliano.com.ar\/wp-content\/uploads\/2025\/05\/locandina-Primavera-in-musica-2025-724x1024.jpg\" alt=\"\" class=\"wp-image-73547\" srcset=\"https:\/\/www.ecoitaliano.com.ar\/wp-content\/uploads\/2025\/05\/locandina-Primavera-in-musica-2025-724x1024.jpg 724w, https:\/\/www.ecoitaliano.com.ar\/wp-content\/uploads\/2025\/05\/locandina-Primavera-in-musica-2025-212x300.jpg 212w, https:\/\/www.ecoitaliano.com.ar\/wp-content\/uploads\/2025\/05\/locandina-Primavera-in-musica-2025-768x1086.jpg 768w, https:\/\/www.ecoitaliano.com.ar\/wp-content\/uploads\/2025\/05\/locandina-Primavera-in-musica-2025-1086x1536.jpg 1086w, https:\/\/www.ecoitaliano.com.ar\/wp-content\/uploads\/2025\/05\/locandina-Primavera-in-musica-2025-1448x2048.jpg 1448w, https:\/\/www.ecoitaliano.com.ar\/wp-content\/uploads\/2025\/05\/locandina-Primavera-in-musica-2025-106x150.jpg 106w, https:\/\/www.ecoitaliano.com.ar\/wp-content\/uploads\/2025\/05\/locandina-Primavera-in-musica-2025.jpg 1654w\" sizes=\"(max-width: 724px) 100vw, 724px\" \/><\/a><\/figure>\n<\/figure>\n\n\n\n<p>foto<\/p>\n\n\n\n<figure class=\"wp-block-gallery has-nested-images columns-default is-cropped wp-block-gallery-5 is-layout-flex wp-block-gallery-is-layout-flex\">\n<figure class=\"wp-block-image size-large\"><a href=\"https:\/\/www.ecoitaliano.com.ar\/wp-content\/uploads\/2025\/05\/Carmine-Pinto-scaled.jpg\"><img decoding=\"async\" width=\"1024\" height=\"683\" data-id=\"73548\" src=\"https:\/\/www.ecoitaliano.com.ar\/wp-content\/uploads\/2025\/05\/Carmine-Pinto-1024x683.jpg\" alt=\"\" class=\"wp-image-73548\" srcset=\"https:\/\/www.ecoitaliano.com.ar\/wp-content\/uploads\/2025\/05\/Carmine-Pinto-1024x683.jpg 1024w, https:\/\/www.ecoitaliano.com.ar\/wp-content\/uploads\/2025\/05\/Carmine-Pinto-300x200.jpg 300w, https:\/\/www.ecoitaliano.com.ar\/wp-content\/uploads\/2025\/05\/Carmine-Pinto-768x512.jpg 768w, https:\/\/www.ecoitaliano.com.ar\/wp-content\/uploads\/2025\/05\/Carmine-Pinto-1536x1024.jpg 1536w, https:\/\/www.ecoitaliano.com.ar\/wp-content\/uploads\/2025\/05\/Carmine-Pinto-2048x1365.jpg 2048w, https:\/\/www.ecoitaliano.com.ar\/wp-content\/uploads\/2025\/05\/Carmine-Pinto-150x100.jpg 150w\" sizes=\"(max-width: 1024px) 100vw, 1024px\" \/><\/a><\/figure>\n\n\n\n<figure class=\"wp-block-image size-large\"><a href=\"https:\/\/www.ecoitaliano.com.ar\/wp-content\/uploads\/2025\/05\/Lorenzo-Panebianco.jpg\"><img decoding=\"async\" width=\"768\" height=\"1024\" data-id=\"73549\" src=\"https:\/\/www.ecoitaliano.com.ar\/wp-content\/uploads\/2025\/05\/Lorenzo-Panebianco-768x1024.jpg\" alt=\"\" class=\"wp-image-73549\" srcset=\"https:\/\/www.ecoitaliano.com.ar\/wp-content\/uploads\/2025\/05\/Lorenzo-Panebianco-768x1024.jpg 768w, https:\/\/www.ecoitaliano.com.ar\/wp-content\/uploads\/2025\/05\/Lorenzo-Panebianco-225x300.jpg 225w, https:\/\/www.ecoitaliano.com.ar\/wp-content\/uploads\/2025\/05\/Lorenzo-Panebianco-1152x1536.jpg 1152w, https:\/\/www.ecoitaliano.com.ar\/wp-content\/uploads\/2025\/05\/Lorenzo-Panebianco-113x150.jpg 113w, https:\/\/www.ecoitaliano.com.ar\/wp-content\/uploads\/2025\/05\/Lorenzo-Panebianco.jpg 1200w\" sizes=\"(max-width: 768px) 100vw, 768px\" \/><\/a><\/figure>\n<\/figure>\n","protected":false},"excerpt":{"rendered":"<p>comunicato stampa Carmine Pinto dirige l\u2019Orchestra del Teatro Lirico e Lorenzo Panebianco, il 23-24 maggio, per la rassegna \u201cPrimavera in [&hellip;]<\/p>\n","protected":false},"author":1,"featured_media":0,"comment_status":"open","ping_status":"open","sticky":false,"template":"","format":"standard","meta":{"footnotes":""},"categories":[1],"tags":[],"class_list":["post-73542","post","type-post","status-publish","format-standard","hentry","category-sin-categoria"],"_links":{"self":[{"href":"https:\/\/www.ecoitaliano.com.ar\/index.php?rest_route=\/wp\/v2\/posts\/73542","targetHints":{"allow":["GET"]}}],"collection":[{"href":"https:\/\/www.ecoitaliano.com.ar\/index.php?rest_route=\/wp\/v2\/posts"}],"about":[{"href":"https:\/\/www.ecoitaliano.com.ar\/index.php?rest_route=\/wp\/v2\/types\/post"}],"author":[{"embeddable":true,"href":"https:\/\/www.ecoitaliano.com.ar\/index.php?rest_route=\/wp\/v2\/users\/1"}],"replies":[{"embeddable":true,"href":"https:\/\/www.ecoitaliano.com.ar\/index.php?rest_route=%2Fwp%2Fv2%2Fcomments&post=73542"}],"version-history":[{"count":1,"href":"https:\/\/www.ecoitaliano.com.ar\/index.php?rest_route=\/wp\/v2\/posts\/73542\/revisions"}],"predecessor-version":[{"id":73550,"href":"https:\/\/www.ecoitaliano.com.ar\/index.php?rest_route=\/wp\/v2\/posts\/73542\/revisions\/73550"}],"wp:attachment":[{"href":"https:\/\/www.ecoitaliano.com.ar\/index.php?rest_route=%2Fwp%2Fv2%2Fmedia&parent=73542"}],"wp:term":[{"taxonomy":"category","embeddable":true,"href":"https:\/\/www.ecoitaliano.com.ar\/index.php?rest_route=%2Fwp%2Fv2%2Fcategories&post=73542"},{"taxonomy":"post_tag","embeddable":true,"href":"https:\/\/www.ecoitaliano.com.ar\/index.php?rest_route=%2Fwp%2Fv2%2Ftags&post=73542"}],"curies":[{"name":"wp","href":"https:\/\/api.w.org\/{rel}","templated":true}]}}