{"id":73897,"date":"2025-05-25T00:28:21","date_gmt":"2025-05-25T00:28:21","guid":{"rendered":"https:\/\/www.ecoitaliano.com.ar\/?p=73897"},"modified":"2025-05-25T00:28:21","modified_gmt":"2025-05-25T00:28:21","slug":"serena-conduce-operaclassica-eco-italiano-4359","status":"publish","type":"post","link":"https:\/\/www.ecoitaliano.com.ar\/?p=73897","title":{"rendered":"Serena conduce operaclassica eco italiano"},"content":{"rendered":"<div class=\"wp-block-image\">\n<figure class=\"aligncenter size-large is-resized\"><a href=\"http:\/\/www.ecoitaliano.com.ar\/wp-content\/uploads\/2025\/05\/TRP-24-Marchio-Teatro-Regio-Parma_Blu-1.png\"><img decoding=\"async\" width=\"1024\" height=\"724\" src=\"http:\/\/www.ecoitaliano.com.ar\/wp-content\/uploads\/2025\/05\/TRP-24-Marchio-Teatro-Regio-Parma_Blu-1-1024x724.png\" alt=\"\" class=\"wp-image-73402\" style=\"width:175px;height:auto\" srcset=\"https:\/\/www.ecoitaliano.com.ar\/wp-content\/uploads\/2025\/05\/TRP-24-Marchio-Teatro-Regio-Parma_Blu-1-1024x724.png 1024w, https:\/\/www.ecoitaliano.com.ar\/wp-content\/uploads\/2025\/05\/TRP-24-Marchio-Teatro-Regio-Parma_Blu-1-300x212.png 300w, https:\/\/www.ecoitaliano.com.ar\/wp-content\/uploads\/2025\/05\/TRP-24-Marchio-Teatro-Regio-Parma_Blu-1-768x543.png 768w, https:\/\/www.ecoitaliano.com.ar\/wp-content\/uploads\/2025\/05\/TRP-24-Marchio-Teatro-Regio-Parma_Blu-1-1536x1086.png 1536w, https:\/\/www.ecoitaliano.com.ar\/wp-content\/uploads\/2025\/05\/TRP-24-Marchio-Teatro-Regio-Parma_Blu-1-2048x1448.png 2048w, https:\/\/www.ecoitaliano.com.ar\/wp-content\/uploads\/2025\/05\/TRP-24-Marchio-Teatro-Regio-Parma_Blu-1-150x106.png 150w\" sizes=\"(max-width: 1024px) 100vw, 1024px\" \/><\/a><\/figure><\/div>\n\n\n<p><strong>CON IL CONCERTO DI LUCA SALSI E MICHELE PERTUSI DEVOLUTI \u20ac15.500 IN FAVORE DELL\u2019OSPEDALE DEI BAMBINI DI PARMA\u201cPIETRO BARILLA\u201d<\/strong><\/p>\n\n\n\n<p>Nella serata realizzata da Teatro Regio di Parma e Comune di Parma, presentata da Ilaria Notari, i due grandi artisti accompagnati da Milo Martani sono stati interpreti di celebri brani verdiani.<\/p>\n\n\n\n<figure class=\"wp-block-table\"><table><tbody><tr><td><br><br>Risuona ancora forte nel cuore l\u2019emozione che\u00a0<strong>Luca Salsi<\/strong>\u00a0e\u00a0<strong>Michele Pertusi<\/strong>\u00a0accompagnati al pianoforte da\u00a0<strong>Milo Martani<\/strong>\u00a0ci hanno regalato in occasione del recital\u00a0<em><strong>Pianse ed am\u00f2 per tutti<\/strong><\/em>\u00a0il 20 dicembre scorso, interpretando arie di Giuseppe Verdi dalle opere\u00a0<em>Simon Boccanegra<\/em>,\u00a0<em>Macbeth<\/em>,\u00a0<em>I Vespri siciliani<\/em>,\u00a0<em>Attila<\/em>,\u00a0<em>Ernani<\/em>,\u00a0<em>Rigoletto<\/em>,\u00a0<em>Don Carlo<\/em>.<br>Un\u00a0<strong>concerto realizzato dal Teatro Regio di Parma con il Comune di Parma<\/strong>, presentato da Ilaria Notari, fortemente voluto dai due grandi artisti, che grazie alla loro generosit\u00e0 unita a quella dei tanti spettatori che hanno gremito il Teatro Regio\u00a0<strong>ha permesso di<\/strong>\u00a0<strong>donare all\u2019Ospedale dei bambini il ricavato di \u20ac15.500<\/strong>.<br>\u201cCantare Verdi nel nostro Teatro, nella nostra Citt\u00e0 \u00e8 sempre una grande gioia per noi. In questa occasione la felicit\u00e0 si \u00e8 moltiplicata grazie all\u2019abbraccio di tutto il pubblico che ha accolto il nostro invito a stringerci ai pi\u00f9 piccoli, aiutando coloro che si impegnano ogni giorno per farli stare meglio. Un gesto che ci ha uniti e per il quale siamo felici e grati\u201d.<strong>Michele Pertusi, Luca Salsi<\/strong><br>\u201cLa serata che, lo scorso dicembre, Michele Pertusi e Luca Salsi hanno regalato alla nostra citt\u00e0 \u00e8 stata non solo un grande successo dal punto di vista artistico, ma anche un significativo evento di solidariet\u00e0 &#8211; ha commentato il Sindaco\u00a0<strong>Michele Guerra<\/strong>. Al Teatro Regio si sono riunite tante persone di Parma e molte altre provenienti da fuori citt\u00e0, sia per ascoltare le voci di questi grandi artisti internazionali, sia per sostenere un importante progetto per l\u2019ospedale di Parma. Eventi come questo, in cui si incontrano arte, solidariet\u00e0 e temi della cura, rappresentano un valore per tutta la comunit\u00e0.\u201cIl mio pi\u00f9 grande grazie &#8211; continua Guerra &#8211; va a Luca e Michele per aver donato generosamente una parte importante del loro tempo alla citt\u00e0 di Parma. Momenti come questo possono diventare modello per nuove iniziative a sostegno del benessere della nostra comunit\u00e0\u201d.<\/td><\/tr><\/tbody><\/table><\/figure>\n\n\n\n<figure class=\"wp-block-table\"><table><tbody><tr><td><strong>Paolo Maier<\/strong><br>Responsabile Comunicazione istituzionale,Ufficio Stampa, Archivio<br><br>Tel. +39 (0)521 203969 &#8211; 203982<br><a href=\"mailto:p.maier@teatroregioparma.it\" target=\"_blank\" rel=\"noreferrer noopener\">p.maier@teatroregioparma.it<\/a><br><a href=\"mailto:stampa@teatroregioparma.it\" target=\"_blank\" rel=\"noreferrer noopener\">stampa@teatroregioparma.it<\/a><br><br>Teatro Regio di Parma<br>strada Giuseppe Garibaldi, 16\/A<br>43121 Parma \u2013 Italia<br>Tel. +39 (0)521 203911teatroregioparma.it<\/td><\/tr><\/tbody><\/table><\/figure>\n\n\n\n<p>foto<\/p>\n\n\n\n<figure class=\"wp-block-gallery has-nested-images columns-default is-cropped wp-block-gallery-1 is-layout-flex wp-block-gallery-is-layout-flex\">\n<figure class=\"wp-block-image\"><img decoding=\"async\" width=\"2560\" height=\"1691\" data-id=\"73898\" src=\"http:\/\/www.ecoitaliano.com.ar\/wp-content\/uploads\/2025\/05\/0066_PertusiSalsi2024-scaled.jpg\" alt=\"\" class=\"wp-image-73898\" srcset=\"https:\/\/www.ecoitaliano.com.ar\/wp-content\/uploads\/2025\/05\/0066_PertusiSalsi2024-scaled.jpg 2560w, https:\/\/www.ecoitaliano.com.ar\/wp-content\/uploads\/2025\/05\/0066_PertusiSalsi2024-300x198.jpg 300w, https:\/\/www.ecoitaliano.com.ar\/wp-content\/uploads\/2025\/05\/0066_PertusiSalsi2024-1024x676.jpg 1024w, https:\/\/www.ecoitaliano.com.ar\/wp-content\/uploads\/2025\/05\/0066_PertusiSalsi2024-768x507.jpg 768w, https:\/\/www.ecoitaliano.com.ar\/wp-content\/uploads\/2025\/05\/0066_PertusiSalsi2024-1536x1014.jpg 1536w, https:\/\/www.ecoitaliano.com.ar\/wp-content\/uploads\/2025\/05\/0066_PertusiSalsi2024-2048x1353.jpg 2048w, https:\/\/www.ecoitaliano.com.ar\/wp-content\/uploads\/2025\/05\/0066_PertusiSalsi2024-150x99.jpg 150w\" sizes=\"(max-width: 2560px) 100vw, 2560px\" \/><\/figure>\n\n\n\n<figure class=\"wp-block-image\"><img decoding=\"async\" width=\"2560\" height=\"1691\" data-id=\"73899\" src=\"http:\/\/www.ecoitaliano.com.ar\/wp-content\/uploads\/2025\/05\/0050_PertusiSalsi2024-scaled.jpg\" alt=\"\" class=\"wp-image-73899\" srcset=\"https:\/\/www.ecoitaliano.com.ar\/wp-content\/uploads\/2025\/05\/0050_PertusiSalsi2024-scaled.jpg 2560w, https:\/\/www.ecoitaliano.com.ar\/wp-content\/uploads\/2025\/05\/0050_PertusiSalsi2024-300x198.jpg 300w, https:\/\/www.ecoitaliano.com.ar\/wp-content\/uploads\/2025\/05\/0050_PertusiSalsi2024-1024x676.jpg 1024w, https:\/\/www.ecoitaliano.com.ar\/wp-content\/uploads\/2025\/05\/0050_PertusiSalsi2024-768x507.jpg 768w, https:\/\/www.ecoitaliano.com.ar\/wp-content\/uploads\/2025\/05\/0050_PertusiSalsi2024-1536x1014.jpg 1536w, https:\/\/www.ecoitaliano.com.ar\/wp-content\/uploads\/2025\/05\/0050_PertusiSalsi2024-2048x1353.jpg 2048w, https:\/\/www.ecoitaliano.com.ar\/wp-content\/uploads\/2025\/05\/0050_PertusiSalsi2024-150x99.jpg 150w\" sizes=\"(max-width: 2560px) 100vw, 2560px\" \/><\/figure>\n\n\n\n<figure class=\"wp-block-image\"><img decoding=\"async\" width=\"2560\" height=\"1691\" data-id=\"73900\" src=\"http:\/\/www.ecoitaliano.com.ar\/wp-content\/uploads\/2025\/05\/0116_PertusiSalsi2024-scaled.jpg\" alt=\"\" class=\"wp-image-73900\" srcset=\"https:\/\/www.ecoitaliano.com.ar\/wp-content\/uploads\/2025\/05\/0116_PertusiSalsi2024-scaled.jpg 2560w, https:\/\/www.ecoitaliano.com.ar\/wp-content\/uploads\/2025\/05\/0116_PertusiSalsi2024-300x198.jpg 300w, https:\/\/www.ecoitaliano.com.ar\/wp-content\/uploads\/2025\/05\/0116_PertusiSalsi2024-1024x676.jpg 1024w, https:\/\/www.ecoitaliano.com.ar\/wp-content\/uploads\/2025\/05\/0116_PertusiSalsi2024-768x507.jpg 768w, https:\/\/www.ecoitaliano.com.ar\/wp-content\/uploads\/2025\/05\/0116_PertusiSalsi2024-1536x1014.jpg 1536w, https:\/\/www.ecoitaliano.com.ar\/wp-content\/uploads\/2025\/05\/0116_PertusiSalsi2024-2048x1353.jpg 2048w, https:\/\/www.ecoitaliano.com.ar\/wp-content\/uploads\/2025\/05\/0116_PertusiSalsi2024-150x99.jpg 150w\" sizes=\"(max-width: 2560px) 100vw, 2560px\" \/><\/figure>\n\n\n\n<figure class=\"wp-block-image\"><img decoding=\"async\" width=\"2560\" height=\"1691\" data-id=\"73901\" src=\"http:\/\/www.ecoitaliano.com.ar\/wp-content\/uploads\/2025\/05\/0161_PertusiSalsi2024-scaled.jpg\" alt=\"\" class=\"wp-image-73901\" srcset=\"https:\/\/www.ecoitaliano.com.ar\/wp-content\/uploads\/2025\/05\/0161_PertusiSalsi2024-scaled.jpg 2560w, https:\/\/www.ecoitaliano.com.ar\/wp-content\/uploads\/2025\/05\/0161_PertusiSalsi2024-300x198.jpg 300w, https:\/\/www.ecoitaliano.com.ar\/wp-content\/uploads\/2025\/05\/0161_PertusiSalsi2024-1024x676.jpg 1024w, https:\/\/www.ecoitaliano.com.ar\/wp-content\/uploads\/2025\/05\/0161_PertusiSalsi2024-768x507.jpg 768w, https:\/\/www.ecoitaliano.com.ar\/wp-content\/uploads\/2025\/05\/0161_PertusiSalsi2024-1536x1014.jpg 1536w, https:\/\/www.ecoitaliano.com.ar\/wp-content\/uploads\/2025\/05\/0161_PertusiSalsi2024-2048x1353.jpg 2048w, https:\/\/www.ecoitaliano.com.ar\/wp-content\/uploads\/2025\/05\/0161_PertusiSalsi2024-150x99.jpg 150w\" sizes=\"(max-width: 2560px) 100vw, 2560px\" \/><\/figure>\n\n\n\n<figure class=\"wp-block-image\"><img decoding=\"async\" width=\"2560\" height=\"1691\" data-id=\"73902\" src=\"http:\/\/www.ecoitaliano.com.ar\/wp-content\/uploads\/2025\/05\/0075_PertusiSalsi2024-scaled.jpg\" alt=\"\" class=\"wp-image-73902\" srcset=\"https:\/\/www.ecoitaliano.com.ar\/wp-content\/uploads\/2025\/05\/0075_PertusiSalsi2024-scaled.jpg 2560w, https:\/\/www.ecoitaliano.com.ar\/wp-content\/uploads\/2025\/05\/0075_PertusiSalsi2024-300x198.jpg 300w, https:\/\/www.ecoitaliano.com.ar\/wp-content\/uploads\/2025\/05\/0075_PertusiSalsi2024-1024x676.jpg 1024w, https:\/\/www.ecoitaliano.com.ar\/wp-content\/uploads\/2025\/05\/0075_PertusiSalsi2024-768x507.jpg 768w, https:\/\/www.ecoitaliano.com.ar\/wp-content\/uploads\/2025\/05\/0075_PertusiSalsi2024-1536x1014.jpg 1536w, https:\/\/www.ecoitaliano.com.ar\/wp-content\/uploads\/2025\/05\/0075_PertusiSalsi2024-2048x1353.jpg 2048w, https:\/\/www.ecoitaliano.com.ar\/wp-content\/uploads\/2025\/05\/0075_PertusiSalsi2024-150x99.jpg 150w\" sizes=\"(max-width: 2560px) 100vw, 2560px\" \/><\/figure>\n<\/figure>\n","protected":false},"excerpt":{"rendered":"<p>CON IL CONCERTO DI LUCA SALSI E MICHELE PERTUSI DEVOLUTI \u20ac15.500 IN FAVORE DELL\u2019OSPEDALE DEI BAMBINI DI PARMA\u201cPIETRO BARILLA\u201d Nella [&hellip;]<\/p>\n","protected":false},"author":1,"featured_media":0,"comment_status":"open","ping_status":"open","sticky":false,"template":"","format":"standard","meta":{"footnotes":""},"categories":[1],"tags":[],"class_list":["post-73897","post","type-post","status-publish","format-standard","hentry","category-sin-categoria"],"_links":{"self":[{"href":"https:\/\/www.ecoitaliano.com.ar\/index.php?rest_route=\/wp\/v2\/posts\/73897","targetHints":{"allow":["GET"]}}],"collection":[{"href":"https:\/\/www.ecoitaliano.com.ar\/index.php?rest_route=\/wp\/v2\/posts"}],"about":[{"href":"https:\/\/www.ecoitaliano.com.ar\/index.php?rest_route=\/wp\/v2\/types\/post"}],"author":[{"embeddable":true,"href":"https:\/\/www.ecoitaliano.com.ar\/index.php?rest_route=\/wp\/v2\/users\/1"}],"replies":[{"embeddable":true,"href":"https:\/\/www.ecoitaliano.com.ar\/index.php?rest_route=%2Fwp%2Fv2%2Fcomments&post=73897"}],"version-history":[{"count":1,"href":"https:\/\/www.ecoitaliano.com.ar\/index.php?rest_route=\/wp\/v2\/posts\/73897\/revisions"}],"predecessor-version":[{"id":73903,"href":"https:\/\/www.ecoitaliano.com.ar\/index.php?rest_route=\/wp\/v2\/posts\/73897\/revisions\/73903"}],"wp:attachment":[{"href":"https:\/\/www.ecoitaliano.com.ar\/index.php?rest_route=%2Fwp%2Fv2%2Fmedia&parent=73897"}],"wp:term":[{"taxonomy":"category","embeddable":true,"href":"https:\/\/www.ecoitaliano.com.ar\/index.php?rest_route=%2Fwp%2Fv2%2Fcategories&post=73897"},{"taxonomy":"post_tag","embeddable":true,"href":"https:\/\/www.ecoitaliano.com.ar\/index.php?rest_route=%2Fwp%2Fv2%2Ftags&post=73897"}],"curies":[{"name":"wp","href":"https:\/\/api.w.org\/{rel}","templated":true}]}}