{"id":73947,"date":"2025-05-26T21:50:03","date_gmt":"2025-05-26T21:50:03","guid":{"rendered":"https:\/\/www.ecoitaliano.com.ar\/?p=73947"},"modified":"2025-05-26T21:51:28","modified_gmt":"2025-05-26T21:51:28","slug":"serena-conduce-operaclassica-eco-italiano-4360","status":"publish","type":"post","link":"https:\/\/www.ecoitaliano.com.ar\/?p=73947","title":{"rendered":"Serena conduce operaclassica eco italiano"},"content":{"rendered":"<div class=\"wp-block-image\">\n<figure class=\"aligncenter size-full\"><a href=\"http:\/\/www.ecoitaliano.com.ar\/wp-content\/uploads\/2025\/05\/Screenshot-280-3.png\"><img decoding=\"async\" width=\"432\" height=\"117\" src=\"http:\/\/www.ecoitaliano.com.ar\/wp-content\/uploads\/2025\/05\/Screenshot-280-3.png\" alt=\"\" class=\"wp-image-73948\" srcset=\"https:\/\/www.ecoitaliano.com.ar\/wp-content\/uploads\/2025\/05\/Screenshot-280-3.png 432w, https:\/\/www.ecoitaliano.com.ar\/wp-content\/uploads\/2025\/05\/Screenshot-280-3-300x81.png 300w, https:\/\/www.ecoitaliano.com.ar\/wp-content\/uploads\/2025\/05\/Screenshot-280-3-150x41.png 150w\" sizes=\"(max-width: 432px) 100vw, 432px\" \/><\/a><\/figure><\/div>\n\n\n<p><strong>comunicato stampa<\/strong><\/p>\n\n\n\n<p><strong>Paolo Fabbri presenta <\/strong><strong><em>La Favorita<\/em><\/strong><strong> di Gaetano Donizetti<\/strong><\/p>\n\n\n\n<p><strong>al <\/strong><strong>Teatro Carmen Melis<\/strong><\/p>\n\n\n\n<p><strong>Venerd\u00ec 30 maggio, alle 19, <\/strong>nel <strong>Teatro Carmen Melis<\/strong>, ridotto del Teatro Lirico di Cagliari, il musicologo <strong>Paolo Fabbri<\/strong>, al suo <strong>debutto<\/strong> a Cagliari in qualit\u00e0 di storico della musica, presenta <strong><em>La Favorita<\/em><\/strong> di <strong>Gaetano Donizetti<\/strong>, in un incontro con il pubblico. Il dramma in quattro atti va in scena <strong>venerd\u00ec 6 giugno alle 20.30<\/strong> (turno A), quale ottavo titolo della <strong>Stagione lirica e di balletto 2024-2025<\/strong> <strong>del Teatro Lirico di Cagliari<\/strong>.<\/p>\n\n\n\n<p><strong>L\u2019ingresso alla presentazione \u00e8 libero.<\/strong><\/p>\n\n\n\n<p><strong>Paolo Fabbri<\/strong><\/p>\n\n\n\n<p><a>Professore Emerito dell\u2019Universit\u00e0 degli Studi di Ferrara, \u00e8 Direttore scientifico della Fondazione Donizetti di Bergamo e Presidente dell\u2019Edizione Nazionale delle Opere di Donizetti. Nel 1989 ha ricevuto la \u201cDent Medal\u201d, l\u2019annuale premio musicologico internazionale della Royal Musical Association. Gi\u00e0 <em>visiting professor<\/em> alla University of Chicago (1992), nel 2001 \u00e8 stato nominato socio onorario dell\u2019American Musicological Society. Nel 2015 la Societ\u00e9 Suisse de Musicologie gli ha conferito il Premio Glarean. Ha pubblicato fra l\u2019altro i volumi: <em>Monteverdi<\/em> (1985), tradotto in spagnolo (Madrid, Turner) e in inglese (Cambridge, Cambridge University Press); <em>Il secolo cantante. Storia del libretto d\u2019opera nel Seicento<\/em> (1990 e 2003), <em>Metro e canto nell\u2019opera italiana<\/em> (2007); <em>Come un baleno rapido. Arte e vita di<\/em> <em>Rossini<\/em> (2022).<\/a><\/p>\n\n\n\n<p><strong><em>La Favorita<\/em><\/strong> viene replicata: <strong>sabato 7 giugno alle 19<\/strong> (turno G); <strong>domenica 8 giugno alle 17<\/strong> (turno D); <strong>mercoled\u00ec 11 giugno alle 20.30<\/strong> (turno B); <strong>gioved\u00ec 12 giugno alle 19<\/strong> (turno F); <strong>venerd\u00ec 13 <\/strong><strong>giugno alle 20.30<\/strong> (turno C); <strong>sabato 14 giugno alle 17<\/strong> (turno I); <strong>domenica 15 giugno alle 17<\/strong> (turno E).<\/p>\n\n\n\n<p>La recita per le famiglie che prevede l\u2019esecuzione in forma ridotta dell\u2019opera della durata complessiva di 60 minuti circa, \u00e8 <strong>marted\u00ec 10 giugno alle 11<\/strong>. Nel ruolo di narratore l\u2019attore cagliaritano <strong>Simeone Latini<\/strong>.<\/p>\n\n\n\n<p><strong>La Biglietteria del Teatro Lirico \u00e8 aperta luned\u00ec, marted\u00ec, gioved\u00ec, venerd\u00ec e sabato dalle 9 alle 13, mercoled\u00ec dalle 16 alle 20 e, nei giorni di spettacolo, anche da due ore prima dell\u2019inizio. \u00c8 chiusa, invece, <\/strong><strong>i giorni festivi e i luned\u00ec successivi alle domeniche di spettacolo.<\/strong><\/p>\n\n\n\n<p><strong>Per informazioni<\/strong>: <strong>Biglietteria del Teatro Lirico<\/strong>, via Sant\u2019Alenixedda, 09128 Cagliari, telefono 0704082230 &#8211; 0704082249, <a href=\"mailto:biglietteria@teatroliricodicagliari.it;\">biglietteria@teatroliricodicagliari.it<\/a>, <a href=\"http:\/\/www.teatroliricodicagliari.it\/\">www.teatroliricodicagliari.it<\/a>. Il Teatro Lirico di Cagliari si pu\u00f2 seguire anche su Facebook, Twitter, YouTube, Instagram, Linkedin. Biglietteria <em>online<\/em>: www.vivaticket.com.<\/p>\n\n\n\n<p>La Direzione si riserva di apportare al programma le modifiche che si rendessero necessarie per esigenze tecniche o per cause di forza maggiore. Eventuali modifiche al cartellone saranno indicate nel sito internet del teatro www.teatroliricodicagliari.it.<\/p>\n\n\n\n<p>Cagliari, 26 maggio 2025<\/p>\n\n\n\n<p>Pierluigi Corona<\/p>\n\n\n\n<p>Responsabile Ufficio Stampa<\/p>\n\n\n\n<p>Teatro Lirico di Cagliari, via Efisio Cao di San Marco, 09128 Cagliari &#8211; Italia <\/p>\n\n\n\n<p>telefono +39 0704082209 &#8211; <a href=\"mailto:stampa@teatroliricodicagliari.it\">stampa@teatroliricodicagliari.it<\/a> &#8211; <a href=\"http:\/\/www.teatroliricodicagliari.it\/\">www.teatroliricodicagliari.it<\/a><\/p>\n\n\n\n<p>foto<\/p>\n\n\n\n<figure class=\"wp-block-gallery has-nested-images columns-default is-cropped wp-block-gallery-1 is-layout-flex wp-block-gallery-is-layout-flex\">\n<figure class=\"wp-block-image size-large\"><a href=\"https:\/\/www.ecoitaliano.com.ar\/wp-content\/uploads\/2025\/05\/Paolo-Fabbri.png\"><img decoding=\"async\" width=\"557\" height=\"426\" data-id=\"73949\" src=\"https:\/\/www.ecoitaliano.com.ar\/wp-content\/uploads\/2025\/05\/Paolo-Fabbri.png\" alt=\"\" class=\"wp-image-73949\" srcset=\"https:\/\/www.ecoitaliano.com.ar\/wp-content\/uploads\/2025\/05\/Paolo-Fabbri.png 557w, https:\/\/www.ecoitaliano.com.ar\/wp-content\/uploads\/2025\/05\/Paolo-Fabbri-300x229.png 300w, https:\/\/www.ecoitaliano.com.ar\/wp-content\/uploads\/2025\/05\/Paolo-Fabbri-150x115.png 150w\" sizes=\"(max-width: 557px) 100vw, 557px\" \/><\/a><\/figure>\n<\/figure>\n","protected":false},"excerpt":{"rendered":"<p>comunicato stampa Paolo Fabbri presenta La Favorita di Gaetano Donizetti al Teatro Carmen Melis Venerd\u00ec 30 maggio, alle 19, nel [&hellip;]<\/p>\n","protected":false},"author":1,"featured_media":0,"comment_status":"open","ping_status":"open","sticky":false,"template":"","format":"standard","meta":{"footnotes":""},"categories":[1],"tags":[],"class_list":["post-73947","post","type-post","status-publish","format-standard","hentry","category-sin-categoria"],"_links":{"self":[{"href":"https:\/\/www.ecoitaliano.com.ar\/index.php?rest_route=\/wp\/v2\/posts\/73947","targetHints":{"allow":["GET"]}}],"collection":[{"href":"https:\/\/www.ecoitaliano.com.ar\/index.php?rest_route=\/wp\/v2\/posts"}],"about":[{"href":"https:\/\/www.ecoitaliano.com.ar\/index.php?rest_route=\/wp\/v2\/types\/post"}],"author":[{"embeddable":true,"href":"https:\/\/www.ecoitaliano.com.ar\/index.php?rest_route=\/wp\/v2\/users\/1"}],"replies":[{"embeddable":true,"href":"https:\/\/www.ecoitaliano.com.ar\/index.php?rest_route=%2Fwp%2Fv2%2Fcomments&post=73947"}],"version-history":[{"count":2,"href":"https:\/\/www.ecoitaliano.com.ar\/index.php?rest_route=\/wp\/v2\/posts\/73947\/revisions"}],"predecessor-version":[{"id":73951,"href":"https:\/\/www.ecoitaliano.com.ar\/index.php?rest_route=\/wp\/v2\/posts\/73947\/revisions\/73951"}],"wp:attachment":[{"href":"https:\/\/www.ecoitaliano.com.ar\/index.php?rest_route=%2Fwp%2Fv2%2Fmedia&parent=73947"}],"wp:term":[{"taxonomy":"category","embeddable":true,"href":"https:\/\/www.ecoitaliano.com.ar\/index.php?rest_route=%2Fwp%2Fv2%2Fcategories&post=73947"},{"taxonomy":"post_tag","embeddable":true,"href":"https:\/\/www.ecoitaliano.com.ar\/index.php?rest_route=%2Fwp%2Fv2%2Ftags&post=73947"}],"curies":[{"name":"wp","href":"https:\/\/api.w.org\/{rel}","templated":true}]}}