{"id":73952,"date":"2025-05-26T22:09:11","date_gmt":"2025-05-26T22:09:11","guid":{"rendered":"https:\/\/www.ecoitaliano.com.ar\/?p=73952"},"modified":"2025-05-26T22:09:28","modified_gmt":"2025-05-26T22:09:28","slug":"serena-conduce-operaclassica-eco-italiano-4361","status":"publish","type":"post","link":"https:\/\/www.ecoitaliano.com.ar\/?p=73952","title":{"rendered":"Serena conduce operaclassica eco italiano"},"content":{"rendered":"<div class=\"wp-block-image\">\n<figure class=\"aligncenter size-large is-resized\"><a href=\"http:\/\/www.ecoitaliano.com.ar\/wp-content\/uploads\/2025\/05\/image001.png\"><img decoding=\"async\" width=\"1024\" height=\"492\" src=\"http:\/\/www.ecoitaliano.com.ar\/wp-content\/uploads\/2025\/05\/image001-1024x492.png\" alt=\"\" class=\"wp-image-73953\" style=\"width:390px;height:auto\" srcset=\"https:\/\/www.ecoitaliano.com.ar\/wp-content\/uploads\/2025\/05\/image001-1024x492.png 1024w, https:\/\/www.ecoitaliano.com.ar\/wp-content\/uploads\/2025\/05\/image001-300x144.png 300w, https:\/\/www.ecoitaliano.com.ar\/wp-content\/uploads\/2025\/05\/image001-768x369.png 768w, https:\/\/www.ecoitaliano.com.ar\/wp-content\/uploads\/2025\/05\/image001-1536x738.png 1536w, https:\/\/www.ecoitaliano.com.ar\/wp-content\/uploads\/2025\/05\/image001-2048x984.png 2048w, https:\/\/www.ecoitaliano.com.ar\/wp-content\/uploads\/2025\/05\/image001-150x72.png 150w\" sizes=\"(max-width: 1024px) 100vw, 1024px\" \/><\/a><\/figure><\/div>\n\n\n<p><em>Modena 26 maggio 2025<\/em><\/p>\n\n\n\n<p><strong>COMUNICATO STAMPA<\/strong><\/p>\n\n\n\n<p><strong>Una agenda artistica, quella della seconda edizione, densa di ambiti tematici diversi ma interconnessi, di linguaggi multidisciplinari e di mezzi espressivi multimediali, finalizzati alla valorizzazione di un patrimonio musicale ancora tutto da scoprire, da diffondere, e al quale dare continuit\u00e0 storica.<\/strong><\/p>\n\n\n\n<p><em>Modena, 26 maggio 2025 &#8211;<\/em> Modena e il belcanto: un\u2019equazione quasi inevitabile ed esatta per la tradizione che porta a lontane radici storiche e culturali che nel \u2018700 vide il capoluogo modenese diventare importante centro di produzione cameristica e oratoriale; per l\u2019eredit\u00e0 lasciata da Mirella Freni e Luciano Pavarotti rappresentanti, insieme con Leone Magiera, di quella che si potrebbe definire la scuola modenese del belcanto moderno; per l\u2019instancabile ricerca che continua a nutrire la tradizione stessa, spingendola in avanti, verso territori sconosciuti della sperimentazione, scrivendo cos\u00ec pagine sempre diverse della nuova musica. <\/p>\n\n\n\n<p>Partono da qui gli intenti programmatici del <strong>Modena Belcanto Festival 2025<\/strong>, manifestazione promossa da un protocollo di intesa fra <strong>Comune di Modena, Fondazione di Modena,<\/strong> <strong>Fondazione Teatro Comunale <\/strong>e<strong> Conservatorio Vecchi-Tonelli<\/strong>, giunta alla seconda edizione, che prender\u00e0 il via il <strong>25 settembre<\/strong> per concludersi &#8211; dopo due settimane di attivit\u00e0 a ritmo serrato \u2013 il <strong>12 ottobre,<\/strong> con una serata a cura della <strong>Fondazione Luciano Pavarotti<\/strong>. Una agenda artistica, quella del Festival 2025, densa di ambiti tematici diversi ma interconnessi, di linguaggi multidisciplinari e di mezzi espressivi multimediali, finalizzati alla valorizzazione di un patrimonio musicale ancora tutto da scoprire, da diffondere, e al quale dare continuit\u00e0 storica.<\/p>\n\n\n\n<p>In questo quadro di riferimento, il progetto che si sottende alla <em>kermesse<\/em> modenese si apre con una luce sulle origini del belcanto con la <strong>rappresentazione, per la prima volta a Modena in tempi moderni, dell\u2019oratorio <em>Santa Teodosia<\/em> di Alessandro Scarlatti<\/strong> del quale ricorrono i trecento anni dalla scomparsa. Si passa a un doveroso omaggio a <strong>Giacomo Puccini<\/strong> con la ripresa de <strong>La Boh\u00e8me<\/strong>, di cui Freni e Pavarotti rimangono memorabili e iconici interpreti. All\u2019opera far\u00e0 eco una lettura introspettiva teatrale di <strong>Laura Morante<\/strong> che scandaglia l\u2019animo delle <strong>figure femminili pucciniane<\/strong>, affidate, successivamente, alle suggestioni coreografiche della compagnia emiliana <strong>Artemis Danza<\/strong>, guidata da <strong>Monica Casadei.<\/strong><\/p>\n\n\n\n<p><strong>La nuova musica<\/strong>, sempre assimilata concettualmente al belcanto, \u00e8 un altro importante segmento del Festival che quest\u2019anno commissiona ben tre nuovi lavori a importanti musicisti. Di <strong>Claudio Ambrosini<\/strong> \u00e8 <strong>L\u2019Orecchio Onniudente<\/strong>, partitura scritta su testi di Ruzante e Giuliano Scabia in cui l\u2019autore, inoltre, accosta le sue pagine a madrigali e canzoni di <strong>Willaert<\/strong>, <strong>Padovano<\/strong> e <strong>Monteverdi.<\/strong><\/p>\n\n\n\n<p>Una partitura a pi\u00f9 mani, che promuove i giovani compositori, \u00e8 quella de<strong> Gli uomini visti dall\u2019alto, <\/strong>nuovo progetto realizzato dal Conservatorio Vecchi-Tonelli di Modena<strong>, opera da camera <\/strong>scritta da<strong> Antonio Giacometti <\/strong>edai suoi allievi della Classe di Composizione<strong> Francesco Luppi, Filippo Passarella, Riccardo Bazzoni.<\/strong><\/p>\n\n\n\n<p><strong>Daniele Furlati<\/strong>,invece, presta la sua arte compositiva al grande cinema d\u2019autore, creando la colonna sonora,eseguita dal vivo, del<strong> film di Robert Land Il Bacillo dell\u2019amore. <\/strong>La sperimentazione continua ad allargare i propri confini con due progetti internazionali, che lavorano sempre sulla voce e su tutte le sue possibilit\u00e0 espressive e declinazioni. In una serata unica saranno di scena i <strong>Bitoi<\/strong> del musicista danese <strong>Cassius Lambert<\/strong> che, <a>con le voci di <strong>Alexandra Shabo, Lise Kroner e Anja Tietze<\/strong> <strong>Lahrmann<\/strong><\/a><strong>,<\/strong> lega il linguaggio vocale, alla tecnologia strumentale pi\u00f9 avanzata, e le <strong>Tarta Relena<\/strong>, duo femminile spagnolo, impegnato nella esplorazione della polifonia vocale della tradizione mediterranea, applicata anche in questo caso a strumenti elettronici.<\/p>\n\n\n\n<p>Sempre sensibile alla formazione dei giovani cantanti lirici, anche quest\u2019anno il Festival diventa palcoscenico delle nuove generazioni che a conclusione del <strong>Modena Belcanto Masterclass<\/strong> \u2013 realizzato con il sostegno della Regione Emilia Romagna \u2013 saranno protagonisti dei concerti di musica da camera, grazie al <em>training<\/em> con docenti di acclarata fama come <strong>Sonia Prina<\/strong> per la musica barocca, <strong>Serena Gamberoni<\/strong> per il repertorio belcantistico e <strong>Cristina Zavalloni <\/strong>per quello contemporaneo.<\/p>\n\n\n\n<p>A questi si accosta il concerto degli allievi della Masterclass di Alto Perfezionamento del Conservatorio modenese tenuta da <strong>Raina Kabaivanska<\/strong>.<\/p>\n\n\n\n<p>La diffusione nel territorio, il valore dell\u2019appartenenza a un patrimonio artistico e musicale costituiscono elementi importanti anche per questa edizione del Modena Belcanto Festival, che si sviluppa in maniera diffusa, portando il pubblico neiluoghi topici della musica modenese, come il<strong> Teatro Pavarotti-Freni <\/strong>e siti della provincia,quali il<strong> Palazzo Ducale di Sassuolo<\/strong>, ma anche in spazi inusuali della vita culturale cittadina,quali<strong> la Galleria Estense, <\/strong>la<strong> Chiesa di Sant\u2019Agostino, <\/strong>coinvolgendo cos\u00ec il pubblico in dinamiche di fruizione e in contesti performativi diversificati.<\/p>\n\n\n\n<p><strong>\u2018Ultimo ma non ultimo\u2019 \u00e8 la natura partecipata del Festival che si avvale dell\u2019adesione di Enti assai rappresentativi, sia nel territorio modenese che nazionale, quali la Fondazione Luciano Pavarotti, Fondazione Leone Magiera, Orchestra Filarmonica del Teatro Comunale di Modena, Associazione Musicale Estense, ATER, Consorzio Tutela Aceto Balsamico Tradizionale di Modena, Fondazione Cineteca di Bologna, Musica Canto Parola, Gallerie Estensi e Sala Truffaut.<\/strong><\/p>\n\n\n\n<p><strong>Il programma<\/strong><\/p>\n\n\n\n<p>Si parte, dunque dalle origini del Belcanto, da <strong>Il Martirio di Santa Teodosia<\/strong>, oratorio in musica a quattro voci di <strong>Alessandro Scarlatti<\/strong>, per celebrare, inoltre, i trecento anni dalla scomparsa del compositore. L\u2019opera, di cui Modena conserva uno dei due manoscritti \u2013 l\u2019altro \u00e8 custodito in Germania \u2013 venne eseguita per la prima volta a Roma tra il 1863 e il \u201964 e poi riproposta proprio nel capoluogo modenese nel 1685. Si ispira alle vicende di Santa Teodosia, all\u2019amore non corrisposto tra Arsenio, figlio del governatore romano, e la giovane, che lo rifiuta in nome della sua castit\u00e0. Di grande intensit\u00e0 drammatica, l\u2019opera si rivela sin dalle prime arie un capolavoro, per una vocalit\u00e0 pi\u00f9 ricca ed elaborata rispetto agli oratori precedenti. Di struggente bellezza l\u2019aria finale <em>Spirti Beati<\/em> con cui la Santa offre il proprio sacrificio. Interpreti la <strong>Compagnia de Violini<\/strong> diretti dal primo violino Alessandro Ciccolini, con <strong>Monica Piccinini<\/strong>, Santa Teodosia, <strong>Massimo Alteri<\/strong> Arsenio, <strong>Marco Saccardin<\/strong> Urbano. <strong>Gioved\u00ec 25 settembre<\/strong> (<strong>Chiesa di Sant\u2019Agostino<\/strong>). In collaborazione con Grandezze &amp; Meraviglie \u2013 Associazione Musicale Estense.<\/p>\n\n\n\n<p>Grande innovatore del teatro lirico italiano, che pur mantenendo nella scrittura vocale la bellezza delle linee melodiche ne destruttura tuttavia i princ\u00ecpi, <strong>Giacomo Puccini<\/strong> ha una parte d\u2019onore nel Festival, proprio per quel ruolo di sperimentatore di nuove forme musicali, aperto alle influenze e alle esigenze del dramma moderno. Di Puccini, a conclusione delle celebrazioni per i cento anni dalla scomparsa, il <strong>26 e 28 settembre, al Teatro Comunale Freni-Pavarotti<\/strong> il Festival riprende una produzione di grande successo della <strong>Boh\u00e8me <\/strong>a firma di <strong>Leo Nucci<\/strong> per la regia.&nbsp; <strong>Aldo Sisillo<\/strong> diriger\u00e0 l\u2019<strong>Orchestra<\/strong><strong> Filarmonica, <\/strong>le<strong> Voci Bianche del Teatro Comunale di Modena <\/strong>e il<strong> Coro Lirico di Modena. <\/strong>Cast di grande livello con <strong>Juliana Grigoryan <\/strong>nel ruolo di Mim\u00ec,<strong> Galeano Salas <\/strong>in quello di Rodolfo,<strong> Miriam Battistelli <\/strong>(Musetta),<strong> Segio Vitale <\/strong>(Marcello),<strong> Gianluca Failla <\/strong>(Schaunard)<strong>, Alberto Comes <\/strong>(Colline).<\/p>\n\n\n\n<p>La Boh\u00e8me ha il sostegno del Consorzio Terre del Balsamico che in occasione della Boh\u00e8me, aprir\u00e0 le acetaie al pubblico.&nbsp; \u201cAcetaie Aperte\u201d, organizzata dal Consorzio Tutela Aceto Balsamico Tradizionale di Modena DOP e dal Consorzio Tutela Aceto Balsamico di Modena IGP, \u00e8 una manifestazione giunta alla ventitreesima edizione e consolidata nel panorama degli eventi promozionali del territorio modenese.<\/p>\n\n\n\n<p>Le giovani promesse e il Festival: <strong>Kammerimusik N.1,<\/strong> previsto il <strong>27 settembre nel Salone delle Guardie del Palazzo Ducale di Sassuolo,<\/strong> \u00e8 un viaggio nel Seicento italiano, con un programma cameristico che restituisce la vivacit\u00e0 e la complessit\u00e0 della scrittura strumentale barocca, esplorando opere di autori come <strong>Alessandro Scarlatti<\/strong>, <strong>Giovanni Bononcini<\/strong> e <strong>Alessandro Stradella.<\/strong> Protagonisti sono, appunto, i giovani talenti selezionati dal Modena Belcanto Masterclass, coordinati e guidati dal clavicembalista <strong>Mario Sollazzo<\/strong>.<\/p>\n\n\n\n<p>Il <strong>Kammermusik N.2 <\/strong>-ospitato (<strong>4 ottobre<\/strong>) nella<strong> Galleria Estense<\/strong>, gioiello culturale di Modena, diviene palcoscenico sempre per i giovani protagonisti della Masterclass, questa volta impegnati in un itinerario musicale che attraversa il cuore del belcanto di <strong>Bellini<\/strong>, per arrivare alle nuove direzioni che <strong>Verdi e Puccini<\/strong> dettero allo stile belcantistico. Al pianoforte, <strong>Linda Piana<\/strong>.<\/p>\n\n\n\n<p><strong>.<\/strong><\/p>\n\n\n\n<p><strong>L\u2019 Orecchio Onniudente <\/strong>\u00e8 un concerto speciale che per la prima volta propone l\u2019accostamento, anzi il corto circuito, tra il mondo di due grandi scrittori nati a Padova, uno nel Rinascimento, <strong>Angelo Beolco<\/strong>, detto Ruzante, e l\u2019altro nel Novecento, <strong>Giuliano Scabia<\/strong>.<\/p>\n\n\n\n<p>La prima delle due parti in cui si articola il lavoro, presenta pagine cinquecentesche di rarissima esecuzione, come una <em>canzone<\/em> scritta proprio da Ruzante e musicata dal grande <strong>Adrian Willaert,<\/strong> le sorprendenti&nbsp;\u201c<em>Grechesche<\/em>\u201d- canzoni buffe in vari dialetti &#8211; messe in musica dal concittadino <strong>Annibale Padovano<\/strong>, e ancora le <em>Canzonette<\/em> pubblicate da un esordiente <strong>Claudio Monteverdi<\/strong>, allora diciassettenne.&nbsp;<\/p>\n\n\n\n<p>La seconda parte, invece accosta la&nbsp;\u201clingua rustica\u201d del Ruzante ai versi aerei e fantasiosi di Giuliano Scabia. Lo spettacolo, in prima esecuzione assoluta, \u00e8 anche un omaggio a Scabia, a novant\u2019anni dalla nascita, con il quale Ambrosini &#8211; Leone d\u2019Oro alla Biennale di Venezia nel 2007 &#8211; ha avuto una lunga frequentazione umana e artistica. In scena <strong>Julia Mellor<\/strong> (mezzosoprano), <strong>Caterina Bonelli<\/strong> (contralto) l\u2019attore <strong>Michele Sambin<\/strong> e <strong>l\u2019Ensemble Vox Secreta<\/strong> diretto dalla clavicembalista <strong>Marija Jovanovic. Luned\u00ec 29 settembre, Teatro delle Passioni.<\/strong><\/p>\n\n\n\n<p><strong>Gli uomini visti dall\u2019alto<\/strong> pu\u00f2 definirsi un\u2019opera collettiva, scritta da <strong>Antonio Giacometti<\/strong> e dagli allievi della Classe di Composizione del Vecchi-Tonelli, <strong>Matteo Luppi<\/strong>, <strong>Lucia Passarella<\/strong> e <strong>Luca Bazzoni<\/strong>. Il lavoro, che si annovera come genere tra le opere da camera, \u00e8 un omaggio <strong>Jean-Paul Sartre<\/strong> (a 120 anni dalla nascita) e tratta dei problemi legati al fenomeno del femminicidio, perscrutati con una lente sociologica, priva di falsa retorica. Il libretto \u00e8 a firma di <strong>Giovanni Peli<\/strong> che parte proprio dal <em>Le mur<\/em> di Sartre in particolare dal racconto <em>Erostrato<\/em>. La direzione del <strong>Ensemble del Conservatorio Vecchi-Tonelli <\/strong>\u00e8 affidata a<strong> Mario Sollazzo, <\/strong>la regia ad <strong>Antonella Panini<\/strong>. <strong>Marted\u00ec 30 settembre, Teatro Comunale Pavarotti-Freni.<\/strong><\/p>\n\n\n\n<p>Il <strong>2 ottobre<\/strong>, il <strong>Teatro Fabbri di Vignola<\/strong> ospiter\u00e0 un&#8217;immersione profonda nell&#8217;universo femminile di <strong>Giacomo Puccini<\/strong> attraverso il linguaggio della coreografia contemporanea, che mette in continuo dialogo la vena lirico-melodica con l\u2019espressivit\u00e0 del corpo. La coreografa <strong>Monica Casadei<\/strong>, alla guida della sua <strong>Compagnia Artemis Danza<\/strong>, porta le figure iconiche di Mimi, Tosca, Butterfly, nei movimenti dei suoi danzatori, che si fanno veicolo di passioni e destini ineluttabili. La storicit\u00e0 della musica pucciniana, pur rimanendo salda in tutta la <em>performance<\/em>, si intreccia audacemente con creazioni elettroniche originali di <strong>Fabio Fiandrini<\/strong> e <strong>Luca Vianini<\/strong>. Questo innesto sonoro conferisce una nuova drammaturgia all&#8217;opera, attraverso il linguaggio del corpo che ne amplifica la risonanza emotiva diventando una storia senza tempo.<\/p>\n\n\n\n<p><strong>Jessica Pratt<\/strong> e <strong>Daniel Oren<\/strong> ed \u00e8 subito una grande sera! Due straordinari nomi per un <strong>Concerto di Gala<\/strong>, che il <strong>3 ottobre<\/strong> si terr\u00e0 al <strong>Teatro Comunale Pavarotti-Freni<\/strong>, come la pi\u00f9 significativa tradizione del belcanto e del grande concertismo detta. Pratt, una tra le pi\u00f9 celebri e celebrate soprano della scena mondiale, interprete di riferimento di un repertorio che da, Haendel, Mozart Bellini, arriva a Strauss, Wagner, qui attraverser\u00e0 con la sua ben nota agilit\u00e0 vocale le pagine di <strong>Ambroise Thomas, Vincenzo Bellini <\/strong>e<strong> Gaetano Donizetti<\/strong>. Sul podio della <strong>Filarmonica del Teatro Comunale di Modena<\/strong>, il trascinante <strong>Daniel Oren<\/strong>.<\/p>\n\n\n\n<p><strong>D\u2019altro canto, voci inaudite<\/strong> \u00e8 il titolo dello spettacolo di <strong>Bitoi\/Tarta Relena<\/strong>, che con la loro performance del <strong>4 ottobre<\/strong>, al <strong>Teatro Comunale Pavarotti-Freni<\/strong> spingono i confini del Belcanto verso territori ancora inesplorati, offrendo un doppio set vocale che celebra le possibilit\u00e0 espressive della voce femminile contemporanea in dialogo con la tradizione. Il duo catalano <strong>Tarta Relena<\/strong> e l&#8217;ensemble <strong>Bitoi<\/strong> capeggiato dal danese <strong>Cassius Lambert<\/strong> con le voci di <strong>Alexandra Shabo<\/strong>, <strong>Lise Kroner<\/strong> e <strong>Anja Tietze Lahrmann<\/strong>, propongono un approccio al canto che si colloca come crocevia tra passato e futuro. Attraverso l&#8217;integrazione di elettronica, polifonie arcaiche ispirate alle tradizioni mediterranee e una spiccata propensione alla sperimentazione, le loro <em>performances<\/em> creano un \u00abcanto altro\u00bb, inaudito e sorprendente. Questa serata rappresenta un&#8217;audace esplorazione di come la voce umana possa evolversi, mantenendo un legame profondo con le sue radici pi\u00f9 antiche pur proiettandosi verso nuove forme espressive.<\/p>\n\n\n\n<p><strong>Prime donne: Laura Morante racconta le donne di Puccini<\/strong> \u00e8 una originale prospettiva sull&#8217;universo femminile pucciniano, affidata alla sensibilit\u00e0 e alla grandezza interpretativa di <strong>Laura Morante<\/strong>. In questo spettacolo, la Morante presta voce e corpo alle complesse protagoniste delle opere di <strong>Giacomo Puccini<\/strong>, restituendole nella loro forza indomita e nella loro struggente fragilit\u00e0. Attraverso un sapiente intreccio di letture e musica, si delinea un ritratto evocativo di quelle \u00abprime donne\u00bb che, all&#8217;inizio del Novecento, hanno non solo dominato il palcoscenico ma sono divenute vere e proprie icone nell&#8217;immaginario lirico collettivo. L&#8217;evento offre un&#8217;occasione unica per riscoprire le sfumature psicologiche e i destini di figure come Mim\u00ec, Tosca, Cio-Cio-San, attraverso la lente acuta e commovente di un&#8217;attrice di grande profondit\u00e0. <strong>Domenica 5 ottobre, Teatro Comunale Pavarotti-Freni.<\/strong><\/p>\n\n\n\n<p>La seconda edizione del <strong>Premio Leone Magiera<\/strong> celebra la figura di un Maestro fondamentale per la formazione di generazioni di artisti lirici, il cui lascito pedagogico \u00e8 inestimabile. La serata vedr\u00e0 giovani cantanti talentuosi confrontarsi con arie emblematiche del grande repertorio italiano ed europeo, spaziando dalle creazioni di <strong>Mozart, Donizetti e Rossini<\/strong>, fino alle vette drammatiche di <strong>Verdi<\/strong> e <strong>Cilea<\/strong>. A rendere il concerto un&#8217;esperienza multidisciplinare <em>in situ<\/em>, un innovativo progetto visivo accompagner\u00e0 l&#8217;esecuzione trasformandola in un&#8217;immersione artistica totale. Sar\u00e0 un omaggio alla tradizione e al futuro del canto, nel segno di un Maestro che ha saputo ispirare e guidare innumerevoli voci verso l&#8217;eccellenza. <strong>Luned\u00ec 6 ottobre, ore 21.00, Teatro Comunale Pavarotti-Freni<\/strong><\/p>\n\n\n\n<p>Un ponte generazionale di straordinaria importanza, dove i protagonisti sono i giovani e promettenti interpreti che si sono formati sotto la guida di <strong>Raina Kabaivanska<\/strong>, la cui influenza sul panorama lirico contemporaneo non si pu\u00f2 pi\u00f9 misurare: accompagnati dalla <strong>Filarmonica del Teatro Comunale di Modena<\/strong> e con la direzione di <strong>Matteo Parmeggiani<\/strong>, i cantanti saranno impegnati <strong>mercoled\u00ec 8 ottobre, (Teatro Fabbri di Vignola)<\/strong> in celebri pagine d&#8217;opera che spaziano dal virtuosismo di <strong>Donizetti e Bellini<\/strong> alla potenza drammatica di <strong>Verdi<\/strong>, arricchendo il programma con gemme francesi di <strong>Delibes, Bizet, Offenbach e Saint-Sa\u00ebns<\/strong>.<\/p>\n\n\n\n<p><strong>Filarmonie Future<\/strong> questo \u00e8 il titolo della serata che \u00e8 un&#8217;occasione per scoprire i nuovi e futuri protagonisti della lirica, ammirandone il talento e la freschezza interpretativa.<\/p>\n\n\n\n<p>Il cinema muto resta sempre un genere di grande fascino che si amplifica grazie al potere della musica dal vivo. <strong>In prima assoluta, e commissionato dal Modena Belcanto Festival in collaborazione con la Fondazione Cineteca di Bologna<\/strong>, verr\u00e0 presentata la nuova colonna sonora originale firmata da <strong>Daniele Furlati<\/strong> per <strong>Il Bacillo dell&#8217;Amore di Robert Land<\/strong>. Questa commedia sentimentale, capolavoro viennese degli anni &#8217;20, viene cos\u00ec reinterpretata e arricchita da un commento musicale che le restituisce nuova vita. Il film si trasforma in una \u00abpiccola opera\u00bb in movimento, dove l&#8217;eleganza visiva si sposa con una partitura che evoca lo spirito leggero e la raffinatezza musicale del periodo. La stessa raffinatezza della sua interprete: Marlene Dietrich. <strong>Gioved\u00ec 9 ottobre, Sala Truffaut<\/strong><\/p>\n\n\n\n<p>Un programma cameristico che si addentra nelle profondit\u00e0 del Lied tedesco e nelle architetture sonore del Novecento e oltre: nella cornice della <strong>Sala del Ridotto del Teatro Comunale di Modena<\/strong>, il basso <strong>Giacomo Pieracci<\/strong> e la pianista <strong>Maria Grazia Bellocchio<\/strong>, in collaborazione con Tempo di Musica e il Festival Modena Contemporanea, offriranno, <strong>il 10 ottobre<\/strong>, un percorso di grande raffinatezza. Si partir\u00e0 dai suggestivi Lied di <strong>Gustav Mahler<\/strong>, espressione di un romanticismo doloroso e profondo, per giungere al minimalismo cesellato di <strong>Gy\u00f6rgy Kurt\u00e1g<\/strong>, maestro di una scrittura essenziale e densa di significato. Il concerto culminer\u00e0 con una nuova creazione di <strong>Gaia Aloisi<\/strong>, giovane e affermata compositrice cagliaritana. Un dialogo intenso tra parola e suono, tra memoria storica e audace sperimentazione, che indaga le infinite possibilit\u00e0 espressive della voce e del pianoforte.<\/p>\n\n\n\n<p><strong>Dalla Boemia al Ducato di Modena<\/strong>, viaggio musicale che traccia le orme di due virtuosi compositori e flautisti, <strong>Joseph Venceslao K\u00f6hler ed Ernesto K\u00f6hler<\/strong>, tra la Mitteleuropa e la vivace corte estense di Modena. Grazie alla collaborazione con l&#8217;Archivio Storico Diocesano di Modena-Nonantola, questo concerto riporta alla luce un repertorio raro e di notevole brillantezza, basato soprattutto su variazioni virtuosistiche di arie d\u2019opera, testimonianza del gusto musicale del salotto ottocentesco e della feconda vivacit\u00e0 culturale che collegava la Boemia all&#8217;Italia. Le esecuzioni di <strong>Hana Budisova<\/strong> al flauto e <strong>Michele Varriale <\/strong>al pianoforte, promettono di restituire al pubblico le sonorit\u00e0 di un&#8217;epoca, offrendo uno specchio di quel fermento artistico che animava le corti e le sale da concerto, rivelando la maestria compositiva e strumentale dei due K\u00f6hler. <strong>Sabato 11 ottobre, ore 17.00 \u2013 Auditorium Ago.<\/strong><\/p>\n\n\n\n<p>Il <strong>12 ottobre, al Teatro Comunale di Modena,<\/strong> una serata a cura della<strong> Fondazione Luciano Pavarotti per i novant\u2019anni del grande tenore modenese.<\/strong><\/p>\n\n\n\n<p><strong>In data da definire si terr\u00e0 il tradizionale Concerto della Corale Rossini<\/strong><\/p>\n\n\n\n<p><strong>La vendita dei biglietti si aprir\u00e0 marted\u00ec 10 giugno<\/strong>.<\/p>\n\n\n\n<p>Biglietteria del Teatro Comunale Pavarotti-Freni: <a href=\"mailto:biglietteria@teatrocomunalemodena.it\">biglietteria@teatrocomunalemodena.it<\/a> &#8211; Tel. 059 2033010.<\/p>\n\n\n\n<p>Nato a maggio 2024, il Modena Belcanto Festival raccoglie il testimone di \u201cModena Citt\u00e0 del Belcanto\u201d, l\u2019esperienza che dal 2016 ha operato con successo per valorizzare la tradizione lirica della citt\u00e0. Il progetto \u00e8 frutto di un protocollo di intesa siglato fin dalla nascita da <strong>Comune di Modena, Fondazione di Modena, Fondazione Teatro Comunale e Conservatorio Vecchi-Tonelli <\/strong>e nato per unire l\u2019alta formazione dei cantanti alla produzione lirica in palcoscenico. Giunto alla seconda edizione, il festival \u00e8 realizzato con il sostegno di:<\/p>\n\n\n\n<p>Consorzio Tutela Aceto Balsamico Tradizionale di Modena<\/p>\n\n\n\n<p>Filarmonica del Teatro Comunale di Modena<\/p>\n\n\n\n<p><strong>e in collaborazione con:<\/strong><\/p>\n\n\n\n<p>Associazione Musicale Estense, ATER, Fondazione Cineteca di Bologna,<\/p>\n\n\n\n<p>Fondazione Leone Magiera, Fondazione Luciano Pavarotti, Gallerie Estensi Musica Canto Parola, Sala Truffaut.<\/p>\n\n\n\n<p>Ufficio stampa | Annalisa Rinaldi +39.338.699.34.10 | info@modenabelcantofestival.it<\/p>\n\n\n\n<p>foto<\/p>\n\n\n\n<figure class=\"wp-block-gallery has-nested-images columns-default is-cropped wp-block-gallery-1 is-layout-flex wp-block-gallery-is-layout-flex\">\n<figure class=\"wp-block-image size-large\"><a href=\"https:\/\/www.ecoitaliano.com.ar\/wp-content\/uploads\/2025\/05\/C_Marco_Caselli_Nirmal_YF102_3120.jpg\"><img decoding=\"async\" width=\"1024\" height=\"683\" data-id=\"73954\" src=\"https:\/\/www.ecoitaliano.com.ar\/wp-content\/uploads\/2025\/05\/C_Marco_Caselli_Nirmal_YF102_3120-1024x683.jpg\" alt=\"\" class=\"wp-image-73954\" srcset=\"https:\/\/www.ecoitaliano.com.ar\/wp-content\/uploads\/2025\/05\/C_Marco_Caselli_Nirmal_YF102_3120-1024x683.jpg 1024w, https:\/\/www.ecoitaliano.com.ar\/wp-content\/uploads\/2025\/05\/C_Marco_Caselli_Nirmal_YF102_3120-300x200.jpg 300w, https:\/\/www.ecoitaliano.com.ar\/wp-content\/uploads\/2025\/05\/C_Marco_Caselli_Nirmal_YF102_3120-768x512.jpg 768w, https:\/\/www.ecoitaliano.com.ar\/wp-content\/uploads\/2025\/05\/C_Marco_Caselli_Nirmal_YF102_3120-1536x1024.jpg 1536w, https:\/\/www.ecoitaliano.com.ar\/wp-content\/uploads\/2025\/05\/C_Marco_Caselli_Nirmal_YF102_3120-2048x1366.jpg 2048w, https:\/\/www.ecoitaliano.com.ar\/wp-content\/uploads\/2025\/05\/C_Marco_Caselli_Nirmal_YF102_3120-150x100.jpg 150w\" sizes=\"(max-width: 1024px) 100vw, 1024px\" \/><\/a><\/figure>\n\n\n\n<figure class=\"wp-block-image size-large\"><a href=\"https:\/\/www.ecoitaliano.com.ar\/wp-content\/uploads\/2025\/05\/RAY0866-x-web.jpg\"><img decoding=\"async\" width=\"1024\" height=\"682\" data-id=\"73955\" src=\"https:\/\/www.ecoitaliano.com.ar\/wp-content\/uploads\/2025\/05\/RAY0866-x-web-1024x682.jpg\" alt=\"\" class=\"wp-image-73955\" srcset=\"https:\/\/www.ecoitaliano.com.ar\/wp-content\/uploads\/2025\/05\/RAY0866-x-web-1024x682.jpg 1024w, https:\/\/www.ecoitaliano.com.ar\/wp-content\/uploads\/2025\/05\/RAY0866-x-web-300x200.jpg 300w, https:\/\/www.ecoitaliano.com.ar\/wp-content\/uploads\/2025\/05\/RAY0866-x-web-768x512.jpg 768w, https:\/\/www.ecoitaliano.com.ar\/wp-content\/uploads\/2025\/05\/RAY0866-x-web-150x100.jpg 150w, https:\/\/www.ecoitaliano.com.ar\/wp-content\/uploads\/2025\/05\/RAY0866-x-web.jpg 1280w\" sizes=\"(max-width: 1024px) 100vw, 1024px\" \/><\/a><\/figure>\n\n\n\n<figure class=\"wp-block-image size-large\"><a href=\"https:\/\/www.ecoitaliano.com.ar\/wp-content\/uploads\/2025\/05\/\u252c\u00aebeatricepavasini_24_510895.jpg\"><img decoding=\"async\" width=\"1024\" height=\"681\" data-id=\"73956\" src=\"https:\/\/www.ecoitaliano.com.ar\/wp-content\/uploads\/2025\/05\/\u252c\u00aebeatricepavasini_24_510895-1024x681.jpg\" alt=\"\" class=\"wp-image-73956\" srcset=\"https:\/\/www.ecoitaliano.com.ar\/wp-content\/uploads\/2025\/05\/\u252c\u00aebeatricepavasini_24_510895-1024x681.jpg 1024w, https:\/\/www.ecoitaliano.com.ar\/wp-content\/uploads\/2025\/05\/\u252c\u00aebeatricepavasini_24_510895-300x200.jpg 300w, https:\/\/www.ecoitaliano.com.ar\/wp-content\/uploads\/2025\/05\/\u252c\u00aebeatricepavasini_24_510895-768x511.jpg 768w, https:\/\/www.ecoitaliano.com.ar\/wp-content\/uploads\/2025\/05\/\u252c\u00aebeatricepavasini_24_510895-1536x1022.jpg 1536w, https:\/\/www.ecoitaliano.com.ar\/wp-content\/uploads\/2025\/05\/\u252c\u00aebeatricepavasini_24_510895-150x100.jpg 150w, https:\/\/www.ecoitaliano.com.ar\/wp-content\/uploads\/2025\/05\/\u252c\u00aebeatricepavasini_24_510895.jpg 2000w\" sizes=\"(max-width: 1024px) 100vw, 1024px\" \/><\/a><\/figure>\n\n\n\n<figure class=\"wp-block-image size-large\"><a href=\"https:\/\/www.ecoitaliano.com.ar\/wp-content\/uploads\/2025\/05\/\u252c\u00aebeatricepavasini_24_611559.jpg\"><img decoding=\"async\" width=\"1024\" height=\"684\" data-id=\"73957\" src=\"https:\/\/www.ecoitaliano.com.ar\/wp-content\/uploads\/2025\/05\/\u252c\u00aebeatricepavasini_24_611559-1024x684.jpg\" alt=\"\" class=\"wp-image-73957\" srcset=\"https:\/\/www.ecoitaliano.com.ar\/wp-content\/uploads\/2025\/05\/\u252c\u00aebeatricepavasini_24_611559-1024x684.jpg 1024w, https:\/\/www.ecoitaliano.com.ar\/wp-content\/uploads\/2025\/05\/\u252c\u00aebeatricepavasini_24_611559-300x200.jpg 300w, https:\/\/www.ecoitaliano.com.ar\/wp-content\/uploads\/2025\/05\/\u252c\u00aebeatricepavasini_24_611559-768x513.jpg 768w, https:\/\/www.ecoitaliano.com.ar\/wp-content\/uploads\/2025\/05\/\u252c\u00aebeatricepavasini_24_611559-1536x1025.jpg 1536w, https:\/\/www.ecoitaliano.com.ar\/wp-content\/uploads\/2025\/05\/\u252c\u00aebeatricepavasini_24_611559-150x100.jpg 150w, https:\/\/www.ecoitaliano.com.ar\/wp-content\/uploads\/2025\/05\/\u252c\u00aebeatricepavasini_24_611559.jpg 2000w\" sizes=\"(max-width: 1024px) 100vw, 1024px\" \/><\/a><\/figure>\n\n\n\n<figure class=\"wp-block-image size-large\"><a href=\"https:\/\/www.ecoitaliano.com.ar\/wp-content\/uploads\/2025\/05\/Bitoi_Tartarelena.jpg\"><img decoding=\"async\" width=\"1022\" height=\"1024\" data-id=\"73958\" src=\"https:\/\/www.ecoitaliano.com.ar\/wp-content\/uploads\/2025\/05\/Bitoi_Tartarelena-1022x1024.jpg\" alt=\"\" class=\"wp-image-73958\" srcset=\"https:\/\/www.ecoitaliano.com.ar\/wp-content\/uploads\/2025\/05\/Bitoi_Tartarelena-1022x1024.jpg 1022w, https:\/\/www.ecoitaliano.com.ar\/wp-content\/uploads\/2025\/05\/Bitoi_Tartarelena-300x300.jpg 300w, https:\/\/www.ecoitaliano.com.ar\/wp-content\/uploads\/2025\/05\/Bitoi_Tartarelena-150x150.jpg 150w, https:\/\/www.ecoitaliano.com.ar\/wp-content\/uploads\/2025\/05\/Bitoi_Tartarelena-768x769.jpg 768w, https:\/\/www.ecoitaliano.com.ar\/wp-content\/uploads\/2025\/05\/Bitoi_Tartarelena.jpg 1198w\" sizes=\"(max-width: 1022px) 100vw, 1022px\" \/><\/a><\/figure>\n\n\n\n<figure class=\"wp-block-image size-large\"><a href=\"https:\/\/www.ecoitaliano.com.ar\/wp-content\/uploads\/2025\/05\/Bitoi_Tartarelena1.jpg\"><img decoding=\"async\" width=\"1024\" height=\"1024\" data-id=\"73959\" src=\"https:\/\/www.ecoitaliano.com.ar\/wp-content\/uploads\/2025\/05\/Bitoi_Tartarelena1-1024x1024.jpg\" alt=\"\" class=\"wp-image-73959\" srcset=\"https:\/\/www.ecoitaliano.com.ar\/wp-content\/uploads\/2025\/05\/Bitoi_Tartarelena1-1024x1024.jpg 1024w, https:\/\/www.ecoitaliano.com.ar\/wp-content\/uploads\/2025\/05\/Bitoi_Tartarelena1-300x300.jpg 300w, https:\/\/www.ecoitaliano.com.ar\/wp-content\/uploads\/2025\/05\/Bitoi_Tartarelena1-150x150.jpg 150w, https:\/\/www.ecoitaliano.com.ar\/wp-content\/uploads\/2025\/05\/Bitoi_Tartarelena1-768x768.jpg 768w, https:\/\/www.ecoitaliano.com.ar\/wp-content\/uploads\/2025\/05\/Bitoi_Tartarelena1.jpg 1200w\" sizes=\"(max-width: 1024px) 100vw, 1024px\" \/><\/a><\/figure>\n\n\n\n<figure class=\"wp-block-image size-large\"><a href=\"https:\/\/www.ecoitaliano.com.ar\/wp-content\/uploads\/2025\/05\/Claudio-Ambrosini-by-F.-Ganz-scaled.jpg\"><img decoding=\"async\" width=\"654\" height=\"1024\" data-id=\"73960\" src=\"https:\/\/www.ecoitaliano.com.ar\/wp-content\/uploads\/2025\/05\/Claudio-Ambrosini-by-F.-Ganz-654x1024.jpg\" alt=\"\" class=\"wp-image-73960\" srcset=\"https:\/\/www.ecoitaliano.com.ar\/wp-content\/uploads\/2025\/05\/Claudio-Ambrosini-by-F.-Ganz-654x1024.jpg 654w, https:\/\/www.ecoitaliano.com.ar\/wp-content\/uploads\/2025\/05\/Claudio-Ambrosini-by-F.-Ganz-192x300.jpg 192w, https:\/\/www.ecoitaliano.com.ar\/wp-content\/uploads\/2025\/05\/Claudio-Ambrosini-by-F.-Ganz-768x1203.jpg 768w, https:\/\/www.ecoitaliano.com.ar\/wp-content\/uploads\/2025\/05\/Claudio-Ambrosini-by-F.-Ganz-981x1536.jpg 981w, https:\/\/www.ecoitaliano.com.ar\/wp-content\/uploads\/2025\/05\/Claudio-Ambrosini-by-F.-Ganz-1308x2048.jpg 1308w, https:\/\/www.ecoitaliano.com.ar\/wp-content\/uploads\/2025\/05\/Claudio-Ambrosini-by-F.-Ganz-96x150.jpg 96w, https:\/\/www.ecoitaliano.com.ar\/wp-content\/uploads\/2025\/05\/Claudio-Ambrosini-by-F.-Ganz-scaled.jpg 1635w\" sizes=\"(max-width: 654px) 100vw, 654px\" \/><\/a><\/figure>\n\n\n\n<figure class=\"wp-block-image size-large\"><a href=\"https:\/\/www.ecoitaliano.com.ar\/wp-content\/uploads\/2025\/05\/il-bacillo-dell_amore.jpg\"><img decoding=\"async\" width=\"1024\" height=\"576\" data-id=\"73961\" src=\"https:\/\/www.ecoitaliano.com.ar\/wp-content\/uploads\/2025\/05\/il-bacillo-dell_amore-1024x576.jpg\" alt=\"\" class=\"wp-image-73961\" srcset=\"https:\/\/www.ecoitaliano.com.ar\/wp-content\/uploads\/2025\/05\/il-bacillo-dell_amore-1024x576.jpg 1024w, https:\/\/www.ecoitaliano.com.ar\/wp-content\/uploads\/2025\/05\/il-bacillo-dell_amore-300x169.jpg 300w, https:\/\/www.ecoitaliano.com.ar\/wp-content\/uploads\/2025\/05\/il-bacillo-dell_amore-768x432.jpg 768w, https:\/\/www.ecoitaliano.com.ar\/wp-content\/uploads\/2025\/05\/il-bacillo-dell_amore-150x84.jpg 150w, https:\/\/www.ecoitaliano.com.ar\/wp-content\/uploads\/2025\/05\/il-bacillo-dell_amore.jpg 1280w\" sizes=\"(max-width: 1024px) 100vw, 1024px\" \/><\/a><\/figure>\n\n\n\n<figure class=\"wp-block-image size-large\"><a href=\"https:\/\/www.ecoitaliano.com.ar\/wp-content\/uploads\/2025\/05\/LaBoheme_MOxLuciano2019_generale_1845_ph\u00a9RolandoPaoloGuerzoni-scaled.jpg\"><img decoding=\"async\" width=\"1024\" height=\"682\" data-id=\"73962\" src=\"https:\/\/www.ecoitaliano.com.ar\/wp-content\/uploads\/2025\/05\/LaBoheme_MOxLuciano2019_generale_1845_ph\u00a9RolandoPaoloGuerzoni-1024x682.jpg\" alt=\"\" class=\"wp-image-73962\" srcset=\"https:\/\/www.ecoitaliano.com.ar\/wp-content\/uploads\/2025\/05\/LaBoheme_MOxLuciano2019_generale_1845_ph\u00a9RolandoPaoloGuerzoni-1024x682.jpg 1024w, https:\/\/www.ecoitaliano.com.ar\/wp-content\/uploads\/2025\/05\/LaBoheme_MOxLuciano2019_generale_1845_ph\u00a9RolandoPaoloGuerzoni-300x200.jpg 300w, https:\/\/www.ecoitaliano.com.ar\/wp-content\/uploads\/2025\/05\/LaBoheme_MOxLuciano2019_generale_1845_ph\u00a9RolandoPaoloGuerzoni-768x511.jpg 768w, https:\/\/www.ecoitaliano.com.ar\/wp-content\/uploads\/2025\/05\/LaBoheme_MOxLuciano2019_generale_1845_ph\u00a9RolandoPaoloGuerzoni-1536x1022.jpg 1536w, https:\/\/www.ecoitaliano.com.ar\/wp-content\/uploads\/2025\/05\/LaBoheme_MOxLuciano2019_generale_1845_ph\u00a9RolandoPaoloGuerzoni-2048x1363.jpg 2048w, https:\/\/www.ecoitaliano.com.ar\/wp-content\/uploads\/2025\/05\/LaBoheme_MOxLuciano2019_generale_1845_ph\u00a9RolandoPaoloGuerzoni-150x100.jpg 150w\" sizes=\"(max-width: 1024px) 100vw, 1024px\" \/><\/a><\/figure>\n\n\n\n<figure class=\"wp-block-image size-large\"><a href=\"https:\/\/www.ecoitaliano.com.ar\/wp-content\/uploads\/2025\/05\/LaBoheme_MOxLuciano2019_generale_1853_ph\u00a9RolandoPaoloGuerzoni-scaled.jpg\"><img decoding=\"async\" width=\"1024\" height=\"682\" data-id=\"73963\" src=\"https:\/\/www.ecoitaliano.com.ar\/wp-content\/uploads\/2025\/05\/LaBoheme_MOxLuciano2019_generale_1853_ph\u00a9RolandoPaoloGuerzoni-1024x682.jpg\" alt=\"\" class=\"wp-image-73963\" srcset=\"https:\/\/www.ecoitaliano.com.ar\/wp-content\/uploads\/2025\/05\/LaBoheme_MOxLuciano2019_generale_1853_ph\u00a9RolandoPaoloGuerzoni-1024x682.jpg 1024w, https:\/\/www.ecoitaliano.com.ar\/wp-content\/uploads\/2025\/05\/LaBoheme_MOxLuciano2019_generale_1853_ph\u00a9RolandoPaoloGuerzoni-300x200.jpg 300w, https:\/\/www.ecoitaliano.com.ar\/wp-content\/uploads\/2025\/05\/LaBoheme_MOxLuciano2019_generale_1853_ph\u00a9RolandoPaoloGuerzoni-768x511.jpg 768w, https:\/\/www.ecoitaliano.com.ar\/wp-content\/uploads\/2025\/05\/LaBoheme_MOxLuciano2019_generale_1853_ph\u00a9RolandoPaoloGuerzoni-1536x1022.jpg 1536w, https:\/\/www.ecoitaliano.com.ar\/wp-content\/uploads\/2025\/05\/LaBoheme_MOxLuciano2019_generale_1853_ph\u00a9RolandoPaoloGuerzoni-2048x1363.jpg 2048w, https:\/\/www.ecoitaliano.com.ar\/wp-content\/uploads\/2025\/05\/LaBoheme_MOxLuciano2019_generale_1853_ph\u00a9RolandoPaoloGuerzoni-150x100.jpg 150w\" sizes=\"(max-width: 1024px) 100vw, 1024px\" \/><\/a><\/figure>\n\n\n\n<figure class=\"wp-block-image size-large\"><a href=\"https:\/\/www.ecoitaliano.com.ar\/wp-content\/uploads\/2025\/05\/LaBoheme_MOxLuciano2019_generale_1908_ph\u00a9RolandoPaoloGuerzoni-scaled.jpg\"><img decoding=\"async\" width=\"1024\" height=\"682\" data-id=\"73964\" src=\"https:\/\/www.ecoitaliano.com.ar\/wp-content\/uploads\/2025\/05\/LaBoheme_MOxLuciano2019_generale_1908_ph\u00a9RolandoPaoloGuerzoni-1024x682.jpg\" alt=\"\" class=\"wp-image-73964\" srcset=\"https:\/\/www.ecoitaliano.com.ar\/wp-content\/uploads\/2025\/05\/LaBoheme_MOxLuciano2019_generale_1908_ph\u00a9RolandoPaoloGuerzoni-1024x682.jpg 1024w, https:\/\/www.ecoitaliano.com.ar\/wp-content\/uploads\/2025\/05\/LaBoheme_MOxLuciano2019_generale_1908_ph\u00a9RolandoPaoloGuerzoni-300x200.jpg 300w, https:\/\/www.ecoitaliano.com.ar\/wp-content\/uploads\/2025\/05\/LaBoheme_MOxLuciano2019_generale_1908_ph\u00a9RolandoPaoloGuerzoni-768x511.jpg 768w, https:\/\/www.ecoitaliano.com.ar\/wp-content\/uploads\/2025\/05\/LaBoheme_MOxLuciano2019_generale_1908_ph\u00a9RolandoPaoloGuerzoni-1536x1022.jpg 1536w, https:\/\/www.ecoitaliano.com.ar\/wp-content\/uploads\/2025\/05\/LaBoheme_MOxLuciano2019_generale_1908_ph\u00a9RolandoPaoloGuerzoni-2048x1363.jpg 2048w, https:\/\/www.ecoitaliano.com.ar\/wp-content\/uploads\/2025\/05\/LaBoheme_MOxLuciano2019_generale_1908_ph\u00a9RolandoPaoloGuerzoni-150x100.jpg 150w\" sizes=\"(max-width: 1024px) 100vw, 1024px\" \/><\/a><\/figure>\n\n\n\n<figure class=\"wp-block-image size-large\"><a href=\"https:\/\/www.ecoitaliano.com.ar\/wp-content\/uploads\/2025\/05\/LaBoheme_MOxLuciano2019_prima_3112_ph\u00a9RolandoPaoloGuerzoni.jpg\"><img decoding=\"async\" width=\"1024\" height=\"683\" data-id=\"73965\" src=\"https:\/\/www.ecoitaliano.com.ar\/wp-content\/uploads\/2025\/05\/LaBoheme_MOxLuciano2019_prima_3112_ph\u00a9RolandoPaoloGuerzoni-1024x683.jpg\" alt=\"\" class=\"wp-image-73965\" srcset=\"https:\/\/www.ecoitaliano.com.ar\/wp-content\/uploads\/2025\/05\/LaBoheme_MOxLuciano2019_prima_3112_ph\u00a9RolandoPaoloGuerzoni-1024x683.jpg 1024w, https:\/\/www.ecoitaliano.com.ar\/wp-content\/uploads\/2025\/05\/LaBoheme_MOxLuciano2019_prima_3112_ph\u00a9RolandoPaoloGuerzoni-300x200.jpg 300w, https:\/\/www.ecoitaliano.com.ar\/wp-content\/uploads\/2025\/05\/LaBoheme_MOxLuciano2019_prima_3112_ph\u00a9RolandoPaoloGuerzoni-768x512.jpg 768w, https:\/\/www.ecoitaliano.com.ar\/wp-content\/uploads\/2025\/05\/LaBoheme_MOxLuciano2019_prima_3112_ph\u00a9RolandoPaoloGuerzoni-1536x1024.jpg 1536w, https:\/\/www.ecoitaliano.com.ar\/wp-content\/uploads\/2025\/05\/LaBoheme_MOxLuciano2019_prima_3112_ph\u00a9RolandoPaoloGuerzoni-2048x1366.jpg 2048w, https:\/\/www.ecoitaliano.com.ar\/wp-content\/uploads\/2025\/05\/LaBoheme_MOxLuciano2019_prima_3112_ph\u00a9RolandoPaoloGuerzoni-150x100.jpg 150w\" sizes=\"(max-width: 1024px) 100vw, 1024px\" \/><\/a><\/figure>\n\n\n\n<figure class=\"wp-block-image size-large\"><a href=\"https:\/\/www.ecoitaliano.com.ar\/wp-content\/uploads\/2025\/05\/Marija-Jovanovic.jpg\"><img decoding=\"async\" width=\"976\" height=\"651\" data-id=\"73966\" src=\"https:\/\/www.ecoitaliano.com.ar\/wp-content\/uploads\/2025\/05\/Marija-Jovanovic.jpg\" alt=\"\" class=\"wp-image-73966\" srcset=\"https:\/\/www.ecoitaliano.com.ar\/wp-content\/uploads\/2025\/05\/Marija-Jovanovic.jpg 976w, https:\/\/www.ecoitaliano.com.ar\/wp-content\/uploads\/2025\/05\/Marija-Jovanovic-300x200.jpg 300w, https:\/\/www.ecoitaliano.com.ar\/wp-content\/uploads\/2025\/05\/Marija-Jovanovic-768x512.jpg 768w, https:\/\/www.ecoitaliano.com.ar\/wp-content\/uploads\/2025\/05\/Marija-Jovanovic-150x100.jpg 150w\" sizes=\"(max-width: 976px) 100vw, 976px\" \/><\/a><figcaption class=\"wp-element-caption\">Italia, Veneto, Venezia, \u00abmusica Venezia\u00bb concerto chiesa S. Geremia, 18\/08\/2012<br>Italy, Veneto, Venice,<\/figcaption><\/figure>\n\n\n\n<figure class=\"wp-block-image size-large\"><a href=\"https:\/\/www.ecoitaliano.com.ar\/wp-content\/uploads\/2025\/05\/morante.png\"><img decoding=\"async\" width=\"682\" height=\"1024\" data-id=\"73967\" src=\"https:\/\/www.ecoitaliano.com.ar\/wp-content\/uploads\/2025\/05\/morante-682x1024.png\" alt=\"\" class=\"wp-image-73967\" srcset=\"https:\/\/www.ecoitaliano.com.ar\/wp-content\/uploads\/2025\/05\/morante-682x1024.png 682w, https:\/\/www.ecoitaliano.com.ar\/wp-content\/uploads\/2025\/05\/morante-200x300.png 200w, https:\/\/www.ecoitaliano.com.ar\/wp-content\/uploads\/2025\/05\/morante-768x1152.png 768w, https:\/\/www.ecoitaliano.com.ar\/wp-content\/uploads\/2025\/05\/morante-1024x1536.png 1024w, https:\/\/www.ecoitaliano.com.ar\/wp-content\/uploads\/2025\/05\/morante-100x150.png 100w, https:\/\/www.ecoitaliano.com.ar\/wp-content\/uploads\/2025\/05\/morante.png 1061w\" sizes=\"(max-width: 682px) 100vw, 682px\" \/><\/a><\/figure>\n\n\n\n<figure class=\"wp-block-image size-large\"><a href=\"https:\/\/www.ecoitaliano.com.ar\/wp-content\/uploads\/2025\/05\/Oren-c-Ivano-Buat-35-scaled.jpg\"><img decoding=\"async\" width=\"683\" height=\"1024\" data-id=\"73968\" src=\"https:\/\/www.ecoitaliano.com.ar\/wp-content\/uploads\/2025\/05\/Oren-c-Ivano-Buat-35-683x1024.jpg\" alt=\"\" class=\"wp-image-73968\" srcset=\"https:\/\/www.ecoitaliano.com.ar\/wp-content\/uploads\/2025\/05\/Oren-c-Ivano-Buat-35-683x1024.jpg 683w, https:\/\/www.ecoitaliano.com.ar\/wp-content\/uploads\/2025\/05\/Oren-c-Ivano-Buat-35-200x300.jpg 200w, https:\/\/www.ecoitaliano.com.ar\/wp-content\/uploads\/2025\/05\/Oren-c-Ivano-Buat-35-768x1152.jpg 768w, https:\/\/www.ecoitaliano.com.ar\/wp-content\/uploads\/2025\/05\/Oren-c-Ivano-Buat-35-1024x1536.jpg 1024w, https:\/\/www.ecoitaliano.com.ar\/wp-content\/uploads\/2025\/05\/Oren-c-Ivano-Buat-35-1365x2048.jpg 1365w, https:\/\/www.ecoitaliano.com.ar\/wp-content\/uploads\/2025\/05\/Oren-c-Ivano-Buat-35-100x150.jpg 100w, https:\/\/www.ecoitaliano.com.ar\/wp-content\/uploads\/2025\/05\/Oren-c-Ivano-Buat-35-scaled.jpg 1707w\" sizes=\"(max-width: 683px) 100vw, 683px\" \/><\/a><\/figure>\n\n\n\n<figure class=\"wp-block-image size-large\"><a href=\"https:\/\/www.ecoitaliano.com.ar\/wp-content\/uploads\/2025\/05\/Pratt-c-Alessandro-Moggi-2-copia-scaled.jpeg\"><img decoding=\"async\" width=\"683\" height=\"1024\" data-id=\"73969\" src=\"https:\/\/www.ecoitaliano.com.ar\/wp-content\/uploads\/2025\/05\/Pratt-c-Alessandro-Moggi-2-copia-683x1024.jpeg\" alt=\"\" class=\"wp-image-73969\" srcset=\"https:\/\/www.ecoitaliano.com.ar\/wp-content\/uploads\/2025\/05\/Pratt-c-Alessandro-Moggi-2-copia-683x1024.jpeg 683w, https:\/\/www.ecoitaliano.com.ar\/wp-content\/uploads\/2025\/05\/Pratt-c-Alessandro-Moggi-2-copia-200x300.jpeg 200w, https:\/\/www.ecoitaliano.com.ar\/wp-content\/uploads\/2025\/05\/Pratt-c-Alessandro-Moggi-2-copia-768x1152.jpeg 768w, https:\/\/www.ecoitaliano.com.ar\/wp-content\/uploads\/2025\/05\/Pratt-c-Alessandro-Moggi-2-copia-1024x1536.jpeg 1024w, https:\/\/www.ecoitaliano.com.ar\/wp-content\/uploads\/2025\/05\/Pratt-c-Alessandro-Moggi-2-copia-1365x2048.jpeg 1365w, https:\/\/www.ecoitaliano.com.ar\/wp-content\/uploads\/2025\/05\/Pratt-c-Alessandro-Moggi-2-copia-100x150.jpeg 100w, https:\/\/www.ecoitaliano.com.ar\/wp-content\/uploads\/2025\/05\/Pratt-c-Alessandro-Moggi-2-copia-scaled.jpeg 1707w\" sizes=\"(max-width: 683px) 100vw, 683px\" \/><\/a><\/figure>\n\n\n\n<figure class=\"wp-block-image size-large\"><a href=\"https:\/\/www.ecoitaliano.com.ar\/wp-content\/uploads\/2025\/05\/Pratt-c-Benjamin-Ealovega-2-scaled.jpg\"><img decoding=\"async\" width=\"1024\" height=\"683\" data-id=\"73970\" src=\"https:\/\/www.ecoitaliano.com.ar\/wp-content\/uploads\/2025\/05\/Pratt-c-Benjamin-Ealovega-2-1024x683.jpg\" alt=\"\" class=\"wp-image-73970\" srcset=\"https:\/\/www.ecoitaliano.com.ar\/wp-content\/uploads\/2025\/05\/Pratt-c-Benjamin-Ealovega-2-1024x683.jpg 1024w, https:\/\/www.ecoitaliano.com.ar\/wp-content\/uploads\/2025\/05\/Pratt-c-Benjamin-Ealovega-2-300x200.jpg 300w, https:\/\/www.ecoitaliano.com.ar\/wp-content\/uploads\/2025\/05\/Pratt-c-Benjamin-Ealovega-2-768x512.jpg 768w, https:\/\/www.ecoitaliano.com.ar\/wp-content\/uploads\/2025\/05\/Pratt-c-Benjamin-Ealovega-2-1536x1024.jpg 1536w, https:\/\/www.ecoitaliano.com.ar\/wp-content\/uploads\/2025\/05\/Pratt-c-Benjamin-Ealovega-2-2048x1365.jpg 2048w, https:\/\/www.ecoitaliano.com.ar\/wp-content\/uploads\/2025\/05\/Pratt-c-Benjamin-Ealovega-2-150x100.jpg 150w\" sizes=\"(max-width: 1024px) 100vw, 1024px\" \/><\/a><figcaption class=\"wp-element-caption\">Jessica Pratt<br><br>Photographed at Bermondsey Studio and by the Thames, London 16 May 2015, for Opera News. Commissioned by Greg Downer.<br><br>Hair &amp; make up byJackie Tyson<br><br>(c) Benjamin Ealovega 2015 \/\/ benjaminealovega.com \/\/ benjamin@ealovega.com \/\/ +44 7786 263823<\/figcaption><\/figure>\n<\/figure>\n","protected":false},"excerpt":{"rendered":"<p>Modena 26 maggio 2025 COMUNICATO STAMPA Una agenda artistica, quella della seconda edizione, densa di ambiti tematici diversi ma interconnessi, [&hellip;]<\/p>\n","protected":false},"author":1,"featured_media":0,"comment_status":"open","ping_status":"open","sticky":false,"template":"","format":"standard","meta":{"footnotes":""},"categories":[1],"tags":[],"class_list":["post-73952","post","type-post","status-publish","format-standard","hentry","category-sin-categoria"],"_links":{"self":[{"href":"https:\/\/www.ecoitaliano.com.ar\/index.php?rest_route=\/wp\/v2\/posts\/73952","targetHints":{"allow":["GET"]}}],"collection":[{"href":"https:\/\/www.ecoitaliano.com.ar\/index.php?rest_route=\/wp\/v2\/posts"}],"about":[{"href":"https:\/\/www.ecoitaliano.com.ar\/index.php?rest_route=\/wp\/v2\/types\/post"}],"author":[{"embeddable":true,"href":"https:\/\/www.ecoitaliano.com.ar\/index.php?rest_route=\/wp\/v2\/users\/1"}],"replies":[{"embeddable":true,"href":"https:\/\/www.ecoitaliano.com.ar\/index.php?rest_route=%2Fwp%2Fv2%2Fcomments&post=73952"}],"version-history":[{"count":2,"href":"https:\/\/www.ecoitaliano.com.ar\/index.php?rest_route=\/wp\/v2\/posts\/73952\/revisions"}],"predecessor-version":[{"id":73972,"href":"https:\/\/www.ecoitaliano.com.ar\/index.php?rest_route=\/wp\/v2\/posts\/73952\/revisions\/73972"}],"wp:attachment":[{"href":"https:\/\/www.ecoitaliano.com.ar\/index.php?rest_route=%2Fwp%2Fv2%2Fmedia&parent=73952"}],"wp:term":[{"taxonomy":"category","embeddable":true,"href":"https:\/\/www.ecoitaliano.com.ar\/index.php?rest_route=%2Fwp%2Fv2%2Fcategories&post=73952"},{"taxonomy":"post_tag","embeddable":true,"href":"https:\/\/www.ecoitaliano.com.ar\/index.php?rest_route=%2Fwp%2Fv2%2Ftags&post=73952"}],"curies":[{"name":"wp","href":"https:\/\/api.w.org\/{rel}","templated":true}]}}