{"id":74063,"date":"2025-05-29T00:35:01","date_gmt":"2025-05-29T00:35:01","guid":{"rendered":"https:\/\/www.ecoitaliano.com.ar\/?p=74063"},"modified":"2025-05-29T00:35:11","modified_gmt":"2025-05-29T00:35:11","slug":"serena-conduce-operaclassica-eco-italiano-4367","status":"publish","type":"post","link":"https:\/\/www.ecoitaliano.com.ar\/?p=74063","title":{"rendered":"Serena conduce operaclassica eco italiano"},"content":{"rendered":"<div class=\"wp-block-image\">\n<figure class=\"aligncenter size-full is-resized\"><a href=\"https:\/\/www.ecoitaliano.com.ar\/wp-content\/uploads\/2025\/05\/image-59.png\"><img decoding=\"async\" width=\"556\" height=\"437\" src=\"https:\/\/www.ecoitaliano.com.ar\/wp-content\/uploads\/2025\/05\/image-59.png\" alt=\"\" class=\"wp-image-74064\" style=\"width:226px;height:auto\" srcset=\"https:\/\/www.ecoitaliano.com.ar\/wp-content\/uploads\/2025\/05\/image-59.png 556w, https:\/\/www.ecoitaliano.com.ar\/wp-content\/uploads\/2025\/05\/image-59-300x236.png 300w, https:\/\/www.ecoitaliano.com.ar\/wp-content\/uploads\/2025\/05\/image-59-150x118.png 150w\" sizes=\"(max-width: 556px) 100vw, 556px\" \/><\/a><\/figure><\/div>\n\n\n<p><strong>COMUNICATO STAMPA<br><\/strong>Modena, 27 aprile 2025<\/p>\n\n\n\n<p><strong>PROGETTI EUROPEI<br><\/strong><em>Il Teatro Comunale di Modena a Danzica per il progetto europeo&nbsp;<strong>B.U.T.T.E.R.F.L.Y.<\/strong>, un&#8217;opera lirica in tre atti dedicata all\u2019ambiente, creata con studenti di Italia, Polonia e Finlandia.<\/em><\/p>\n\n\n\n<p>Dal 28 aprile al primo giugno il Teatro Comunale di Modena sar\u00e0 a Danzica, in Polonia, in occasione del progetto musicale&nbsp;<strong>B.U.T.T.E.R.F.L.Y.<\/strong>&nbsp;(<em>Boosting Environmental Awareness in Opera Creation<\/em>), dedicato all\u2019ambiente e al futuro del pianeta e cofinanziato dall\u2019Unione Europea grazie al programma \u201cEuropa Creativa\u201d.&nbsp;<\/p>\n\n\n\n<p>Sabato&nbsp;<strong>1\u00b0 giugno<\/strong>&nbsp;alle 18 e domenica&nbsp;<strong>2 giugno<\/strong>&nbsp;alle 17 andr\u00e0 in scena, presso l&#8217;Opera Ba\u0142tycka \u2013 il teatro lirico della citt\u00e0 \u2013 il trittico formato dai tre atti unici&nbsp;<em>Jezioro Popio\u0142\u00f3w<\/em>&nbsp;(<em>Lago di Cenere<\/em>),&nbsp;<em>Hengit\u00e4<\/em>&nbsp;(<em>Respiro<\/em>) e&nbsp;<em>Perla di Speranza<\/em>.<\/p>\n\n\n\n<p>Il Teatro Comunale di Modena, l\u2019Opera Ba\u0142tycka di Danzica e Opera BOX di Helsinki hanno collaborato per produrre un nuovo spettacolo, le cui storie sono state create da studenti delle scuole superiori delle tre citt\u00e0.&nbsp;<em>Respiro<\/em>,&nbsp;<em>Lago di Cenere<\/em>&nbsp;e&nbsp;<em>Perla di Speranza<\/em>&nbsp;sono state trasformate in altrettanti libretti scritti da Mirva Koivukangas, Jagoda Jagson e Vincenzo De Vivo e messi in musica da tre diversi compositori: Paavo Korpijaakko, Beniamin Baczewski e Marco Attura, per dare forma e voce a un tema di interesse globale. Il progetto ha coinvolto gli adolescenti, protagonisti sulla scena mondiale attraverso movimenti come Fridays for Future e figure come Greta Thunberg.<\/p>\n\n\n\n<p>Al progetto hanno partecipato anche agenzie per l\u2019ambiente delle tre citt\u00e0 \u2013 coordinate da AESS di Modena \u2013 l\u2019agenzia Heimspiel di Augusta (Germania), specializzata nella produzione di realt\u00e0 virtuale e intelligenza artificiale, e l\u2019agenzia di comunicazione GOPAcom di Bruxelles.<\/p>\n\n\n\n<p>L\u2019opera vuole essere un esempio di pratiche di sostenibilit\u00e0 ambientale, anche nei diversi aspetti della messa in scena, della produzione musicale e della partecipazione del pubblico.<\/p>\n\n\n\n<p>Lo spettacolo, che ha debuttato a Modena l\u201911 aprile, \u00e8 andato in scena con successo all\u2019Alexander Theatre di Helsinki il 2 e 3 maggio scorsi.<\/p>\n\n\n\n<p>Il progetto, avviato a marzo 2023, ha coinvolto nella cooperazione internazionale un team di personale amministrativo, tecnico e artistico di cinque diversi Paesi, promuovendo l\u2019incontro e la collaborazione tra studenti di Italia, Finlandia e Polonia. Lo scorso 11 aprile, in occasione della prima dell\u2019opera, sessanta studenti provenienti da Danzica sono arrivati a Modena per assistere allo spettacolo e partecipare a uno scambio con gli studenti modenesi dell\u2019Istituto Selmi, anch\u2019essi coinvolti nel progetto.<\/p>\n\n\n\n<p>L&#8217;<strong>Opera Ba\u0142tycka di Danzica<\/strong>&nbsp;\u00e8 uno dei principali teatri lirici della Polonia. Fondata nel 1950, \u00e8 oggi ospitata in un moderno edificio, simbolo della rinascita culturale della citt\u00e0.<\/p>\n\n\n\n<p><\/p>\n\n\n\n<p><\/p>\n\n\n\n<p>Ufficio Stampa<br>Fondazione Teatro Comunale di Modena <br><a href=\"http:\/\/www.teatrocomunalemodena.it\/\" target=\"_blank\" rel=\"noreferrer noopener\">www.teatrocomunalemodena.it<\/a><br>Via del Teatro 8, 41121 Modena<br><a href=\"mailto:aroveri@teatrocomunalemodena.it\" target=\"_blank\" rel=\"noreferrer noopener\">aroveri@teatrocomunalemodena.it<\/a><br>Tel. 059 203 3022<\/p>\n\n\n\n<p>foto<\/p>\n\n\n\n<p>media arts butterfly<\/p>\n\n\n\n<figure class=\"wp-block-gallery has-nested-images columns-default is-cropped wp-block-gallery-1 is-layout-flex wp-block-gallery-is-layout-flex\">\n<figure class=\"wp-block-image size-large\"><a href=\"https:\/\/www.ecoitaliano.com.ar\/wp-content\/uploads\/2025\/05\/3-DJI_0841-scaled.jpg\"><img decoding=\"async\" width=\"1024\" height=\"682\" data-id=\"74065\" src=\"https:\/\/www.ecoitaliano.com.ar\/wp-content\/uploads\/2025\/05\/3-DJI_0841-1024x682.jpg\" alt=\"\" class=\"wp-image-74065\" srcset=\"https:\/\/www.ecoitaliano.com.ar\/wp-content\/uploads\/2025\/05\/3-DJI_0841-1024x682.jpg 1024w, https:\/\/www.ecoitaliano.com.ar\/wp-content\/uploads\/2025\/05\/3-DJI_0841-300x200.jpg 300w, https:\/\/www.ecoitaliano.com.ar\/wp-content\/uploads\/2025\/05\/3-DJI_0841-768x512.jpg 768w, https:\/\/www.ecoitaliano.com.ar\/wp-content\/uploads\/2025\/05\/3-DJI_0841-1536x1023.jpg 1536w, https:\/\/www.ecoitaliano.com.ar\/wp-content\/uploads\/2025\/05\/3-DJI_0841-2048x1365.jpg 2048w, https:\/\/www.ecoitaliano.com.ar\/wp-content\/uploads\/2025\/05\/3-DJI_0841-150x100.jpg 150w\" sizes=\"(max-width: 1024px) 100vw, 1024px\" \/><\/a><\/figure>\n\n\n\n<figure class=\"wp-block-image size-large\"><a href=\"https:\/\/www.ecoitaliano.com.ar\/wp-content\/uploads\/2025\/05\/3A-Opera-Baltycka-fot.-materialy-prasowe.jpg\"><img decoding=\"async\" width=\"1024\" height=\"683\" data-id=\"74066\" src=\"https:\/\/www.ecoitaliano.com.ar\/wp-content\/uploads\/2025\/05\/3A-Opera-Baltycka-fot.-materialy-prasowe-1024x683.jpg\" alt=\"\" class=\"wp-image-74066\" srcset=\"https:\/\/www.ecoitaliano.com.ar\/wp-content\/uploads\/2025\/05\/3A-Opera-Baltycka-fot.-materialy-prasowe-1024x683.jpg 1024w, https:\/\/www.ecoitaliano.com.ar\/wp-content\/uploads\/2025\/05\/3A-Opera-Baltycka-fot.-materialy-prasowe-300x200.jpg 300w, https:\/\/www.ecoitaliano.com.ar\/wp-content\/uploads\/2025\/05\/3A-Opera-Baltycka-fot.-materialy-prasowe-768x512.jpg 768w, https:\/\/www.ecoitaliano.com.ar\/wp-content\/uploads\/2025\/05\/3A-Opera-Baltycka-fot.-materialy-prasowe-1536x1024.jpg 1536w, https:\/\/www.ecoitaliano.com.ar\/wp-content\/uploads\/2025\/05\/3A-Opera-Baltycka-fot.-materialy-prasowe-150x100.jpg 150w, https:\/\/www.ecoitaliano.com.ar\/wp-content\/uploads\/2025\/05\/3A-Opera-Baltycka-fot.-materialy-prasowe.jpg 1920w\" sizes=\"(max-width: 1024px) 100vw, 1024px\" \/><\/a><\/figure>\n\n\n\n<figure class=\"wp-block-image size-large\"><a href=\"https:\/\/www.ecoitaliano.com.ar\/wp-content\/uploads\/2025\/05\/3B-Opera-Baltycka-fot.-materialy-prasowe.jpg\"><img decoding=\"async\" width=\"1024\" height=\"683\" data-id=\"74067\" src=\"https:\/\/www.ecoitaliano.com.ar\/wp-content\/uploads\/2025\/05\/3B-Opera-Baltycka-fot.-materialy-prasowe-1024x683.jpg\" alt=\"\" class=\"wp-image-74067\" srcset=\"https:\/\/www.ecoitaliano.com.ar\/wp-content\/uploads\/2025\/05\/3B-Opera-Baltycka-fot.-materialy-prasowe-1024x683.jpg 1024w, https:\/\/www.ecoitaliano.com.ar\/wp-content\/uploads\/2025\/05\/3B-Opera-Baltycka-fot.-materialy-prasowe-300x200.jpg 300w, https:\/\/www.ecoitaliano.com.ar\/wp-content\/uploads\/2025\/05\/3B-Opera-Baltycka-fot.-materialy-prasowe-768x512.jpg 768w, https:\/\/www.ecoitaliano.com.ar\/wp-content\/uploads\/2025\/05\/3B-Opera-Baltycka-fot.-materialy-prasowe-1536x1024.jpg 1536w, https:\/\/www.ecoitaliano.com.ar\/wp-content\/uploads\/2025\/05\/3B-Opera-Baltycka-fot.-materialy-prasowe-150x100.jpg 150w, https:\/\/www.ecoitaliano.com.ar\/wp-content\/uploads\/2025\/05\/3B-Opera-Baltycka-fot.-materialy-prasowe.jpg 1920w\" sizes=\"(max-width: 1024px) 100vw, 1024px\" \/><\/a><\/figure>\n\n\n\n<figure class=\"wp-block-image size-large\"><a href=\"https:\/\/www.ecoitaliano.com.ar\/wp-content\/uploads\/2025\/05\/Hengita_prima_1824_ph\u00a9RolandoPaoloGuerzoni-scaled.jpg\"><img decoding=\"async\" width=\"1024\" height=\"683\" data-id=\"74068\" src=\"https:\/\/www.ecoitaliano.com.ar\/wp-content\/uploads\/2025\/05\/Hengita_prima_1824_ph\u00a9RolandoPaoloGuerzoni-1024x683.jpg\" alt=\"\" class=\"wp-image-74068\" srcset=\"https:\/\/www.ecoitaliano.com.ar\/wp-content\/uploads\/2025\/05\/Hengita_prima_1824_ph\u00a9RolandoPaoloGuerzoni-1024x683.jpg 1024w, https:\/\/www.ecoitaliano.com.ar\/wp-content\/uploads\/2025\/05\/Hengita_prima_1824_ph\u00a9RolandoPaoloGuerzoni-300x200.jpg 300w, https:\/\/www.ecoitaliano.com.ar\/wp-content\/uploads\/2025\/05\/Hengita_prima_1824_ph\u00a9RolandoPaoloGuerzoni-768x512.jpg 768w, https:\/\/www.ecoitaliano.com.ar\/wp-content\/uploads\/2025\/05\/Hengita_prima_1824_ph\u00a9RolandoPaoloGuerzoni-1536x1024.jpg 1536w, https:\/\/www.ecoitaliano.com.ar\/wp-content\/uploads\/2025\/05\/Hengita_prima_1824_ph\u00a9RolandoPaoloGuerzoni-2048x1365.jpg 2048w, https:\/\/www.ecoitaliano.com.ar\/wp-content\/uploads\/2025\/05\/Hengita_prima_1824_ph\u00a9RolandoPaoloGuerzoni-150x100.jpg 150w\" sizes=\"(max-width: 1024px) 100vw, 1024px\" \/><\/a><\/figure>\n\n\n\n<figure class=\"wp-block-image size-large\"><a href=\"https:\/\/www.ecoitaliano.com.ar\/wp-content\/uploads\/2025\/05\/Hengita_prima_1852_ph\u00a9RolandoPaoloGuerzoni-scaled.jpg\"><img decoding=\"async\" width=\"1024\" height=\"683\" data-id=\"74069\" src=\"https:\/\/www.ecoitaliano.com.ar\/wp-content\/uploads\/2025\/05\/Hengita_prima_1852_ph\u00a9RolandoPaoloGuerzoni-1024x683.jpg\" alt=\"\" class=\"wp-image-74069\" srcset=\"https:\/\/www.ecoitaliano.com.ar\/wp-content\/uploads\/2025\/05\/Hengita_prima_1852_ph\u00a9RolandoPaoloGuerzoni-1024x683.jpg 1024w, https:\/\/www.ecoitaliano.com.ar\/wp-content\/uploads\/2025\/05\/Hengita_prima_1852_ph\u00a9RolandoPaoloGuerzoni-300x200.jpg 300w, https:\/\/www.ecoitaliano.com.ar\/wp-content\/uploads\/2025\/05\/Hengita_prima_1852_ph\u00a9RolandoPaoloGuerzoni-768x512.jpg 768w, https:\/\/www.ecoitaliano.com.ar\/wp-content\/uploads\/2025\/05\/Hengita_prima_1852_ph\u00a9RolandoPaoloGuerzoni-1536x1024.jpg 1536w, https:\/\/www.ecoitaliano.com.ar\/wp-content\/uploads\/2025\/05\/Hengita_prima_1852_ph\u00a9RolandoPaoloGuerzoni-2048x1365.jpg 2048w, https:\/\/www.ecoitaliano.com.ar\/wp-content\/uploads\/2025\/05\/Hengita_prima_1852_ph\u00a9RolandoPaoloGuerzoni-150x100.jpg 150w\" sizes=\"(max-width: 1024px) 100vw, 1024px\" \/><\/a><\/figure>\n\n\n\n<figure class=\"wp-block-image size-large\"><a href=\"https:\/\/www.ecoitaliano.com.ar\/wp-content\/uploads\/2025\/05\/Hengita_prima_1858_ph\u00a9RolandoPaoloGuerzoni-scaled.jpg\"><img decoding=\"async\" width=\"1024\" height=\"683\" data-id=\"74070\" src=\"https:\/\/www.ecoitaliano.com.ar\/wp-content\/uploads\/2025\/05\/Hengita_prima_1858_ph\u00a9RolandoPaoloGuerzoni-1024x683.jpg\" alt=\"\" class=\"wp-image-74070\" srcset=\"https:\/\/www.ecoitaliano.com.ar\/wp-content\/uploads\/2025\/05\/Hengita_prima_1858_ph\u00a9RolandoPaoloGuerzoni-1024x683.jpg 1024w, https:\/\/www.ecoitaliano.com.ar\/wp-content\/uploads\/2025\/05\/Hengita_prima_1858_ph\u00a9RolandoPaoloGuerzoni-300x200.jpg 300w, https:\/\/www.ecoitaliano.com.ar\/wp-content\/uploads\/2025\/05\/Hengita_prima_1858_ph\u00a9RolandoPaoloGuerzoni-768x512.jpg 768w, https:\/\/www.ecoitaliano.com.ar\/wp-content\/uploads\/2025\/05\/Hengita_prima_1858_ph\u00a9RolandoPaoloGuerzoni-1536x1024.jpg 1536w, https:\/\/www.ecoitaliano.com.ar\/wp-content\/uploads\/2025\/05\/Hengita_prima_1858_ph\u00a9RolandoPaoloGuerzoni-2048x1365.jpg 2048w, https:\/\/www.ecoitaliano.com.ar\/wp-content\/uploads\/2025\/05\/Hengita_prima_1858_ph\u00a9RolandoPaoloGuerzoni-150x100.jpg 150w\" sizes=\"(max-width: 1024px) 100vw, 1024px\" \/><\/a><\/figure>\n\n\n\n<figure class=\"wp-block-image size-large\"><a href=\"https:\/\/www.ecoitaliano.com.ar\/wp-content\/uploads\/2025\/05\/Hengita_prima_1862_ph\u00a9RolandoPaoloGuerzoni-scaled.jpg\"><img decoding=\"async\" width=\"1024\" height=\"681\" data-id=\"74071\" src=\"https:\/\/www.ecoitaliano.com.ar\/wp-content\/uploads\/2025\/05\/Hengita_prima_1862_ph\u00a9RolandoPaoloGuerzoni-1024x681.jpg\" alt=\"\" class=\"wp-image-74071\" srcset=\"https:\/\/www.ecoitaliano.com.ar\/wp-content\/uploads\/2025\/05\/Hengita_prima_1862_ph\u00a9RolandoPaoloGuerzoni-1024x681.jpg 1024w, https:\/\/www.ecoitaliano.com.ar\/wp-content\/uploads\/2025\/05\/Hengita_prima_1862_ph\u00a9RolandoPaoloGuerzoni-300x200.jpg 300w, https:\/\/www.ecoitaliano.com.ar\/wp-content\/uploads\/2025\/05\/Hengita_prima_1862_ph\u00a9RolandoPaoloGuerzoni-768x511.jpg 768w, https:\/\/www.ecoitaliano.com.ar\/wp-content\/uploads\/2025\/05\/Hengita_prima_1862_ph\u00a9RolandoPaoloGuerzoni-1536x1022.jpg 1536w, https:\/\/www.ecoitaliano.com.ar\/wp-content\/uploads\/2025\/05\/Hengita_prima_1862_ph\u00a9RolandoPaoloGuerzoni-2048x1362.jpg 2048w, https:\/\/www.ecoitaliano.com.ar\/wp-content\/uploads\/2025\/05\/Hengita_prima_1862_ph\u00a9RolandoPaoloGuerzoni-150x100.jpg 150w\" sizes=\"(max-width: 1024px) 100vw, 1024px\" \/><\/a><\/figure>\n\n\n\n<figure class=\"wp-block-image size-large\"><a href=\"https:\/\/www.ecoitaliano.com.ar\/wp-content\/uploads\/2025\/05\/Hengita_prima_1863_ph\u00a9RolandoPaoloGuerzoni-scaled.jpg\"><img decoding=\"async\" width=\"1024\" height=\"681\" data-id=\"74072\" src=\"https:\/\/www.ecoitaliano.com.ar\/wp-content\/uploads\/2025\/05\/Hengita_prima_1863_ph\u00a9RolandoPaoloGuerzoni-1024x681.jpg\" alt=\"\" class=\"wp-image-74072\" srcset=\"https:\/\/www.ecoitaliano.com.ar\/wp-content\/uploads\/2025\/05\/Hengita_prima_1863_ph\u00a9RolandoPaoloGuerzoni-1024x681.jpg 1024w, https:\/\/www.ecoitaliano.com.ar\/wp-content\/uploads\/2025\/05\/Hengita_prima_1863_ph\u00a9RolandoPaoloGuerzoni-300x200.jpg 300w, https:\/\/www.ecoitaliano.com.ar\/wp-content\/uploads\/2025\/05\/Hengita_prima_1863_ph\u00a9RolandoPaoloGuerzoni-768x511.jpg 768w, https:\/\/www.ecoitaliano.com.ar\/wp-content\/uploads\/2025\/05\/Hengita_prima_1863_ph\u00a9RolandoPaoloGuerzoni-1536x1022.jpg 1536w, https:\/\/www.ecoitaliano.com.ar\/wp-content\/uploads\/2025\/05\/Hengita_prima_1863_ph\u00a9RolandoPaoloGuerzoni-2048x1362.jpg 2048w, https:\/\/www.ecoitaliano.com.ar\/wp-content\/uploads\/2025\/05\/Hengita_prima_1863_ph\u00a9RolandoPaoloGuerzoni-150x100.jpg 150w\" sizes=\"(max-width: 1024px) 100vw, 1024px\" \/><\/a><\/figure>\n\n\n\n<figure class=\"wp-block-image size-large\"><a href=\"https:\/\/www.ecoitaliano.com.ar\/wp-content\/uploads\/2025\/05\/Hengita_prima_1866_ph\u00a9RolandoPaoloGuerzoni-scaled.jpg\"><img decoding=\"async\" width=\"1024\" height=\"681\" data-id=\"74073\" src=\"https:\/\/www.ecoitaliano.com.ar\/wp-content\/uploads\/2025\/05\/Hengita_prima_1866_ph\u00a9RolandoPaoloGuerzoni-1024x681.jpg\" alt=\"\" class=\"wp-image-74073\" srcset=\"https:\/\/www.ecoitaliano.com.ar\/wp-content\/uploads\/2025\/05\/Hengita_prima_1866_ph\u00a9RolandoPaoloGuerzoni-1024x681.jpg 1024w, https:\/\/www.ecoitaliano.com.ar\/wp-content\/uploads\/2025\/05\/Hengita_prima_1866_ph\u00a9RolandoPaoloGuerzoni-300x200.jpg 300w, https:\/\/www.ecoitaliano.com.ar\/wp-content\/uploads\/2025\/05\/Hengita_prima_1866_ph\u00a9RolandoPaoloGuerzoni-768x511.jpg 768w, https:\/\/www.ecoitaliano.com.ar\/wp-content\/uploads\/2025\/05\/Hengita_prima_1866_ph\u00a9RolandoPaoloGuerzoni-1536x1022.jpg 1536w, https:\/\/www.ecoitaliano.com.ar\/wp-content\/uploads\/2025\/05\/Hengita_prima_1866_ph\u00a9RolandoPaoloGuerzoni-2048x1362.jpg 2048w, https:\/\/www.ecoitaliano.com.ar\/wp-content\/uploads\/2025\/05\/Hengita_prima_1866_ph\u00a9RolandoPaoloGuerzoni-150x100.jpg 150w\" sizes=\"(max-width: 1024px) 100vw, 1024px\" \/><\/a><\/figure>\n\n\n\n<figure class=\"wp-block-image size-large\"><a href=\"https:\/\/www.ecoitaliano.com.ar\/wp-content\/uploads\/2025\/05\/PerlaDiSperanza_prima_1925_ph\u00a9RolandoPaoloGuerzoni-scaled.jpg\"><img decoding=\"async\" width=\"1024\" height=\"683\" data-id=\"74074\" src=\"https:\/\/www.ecoitaliano.com.ar\/wp-content\/uploads\/2025\/05\/PerlaDiSperanza_prima_1925_ph\u00a9RolandoPaoloGuerzoni-1024x683.jpg\" alt=\"\" class=\"wp-image-74074\" srcset=\"https:\/\/www.ecoitaliano.com.ar\/wp-content\/uploads\/2025\/05\/PerlaDiSperanza_prima_1925_ph\u00a9RolandoPaoloGuerzoni-1024x683.jpg 1024w, https:\/\/www.ecoitaliano.com.ar\/wp-content\/uploads\/2025\/05\/PerlaDiSperanza_prima_1925_ph\u00a9RolandoPaoloGuerzoni-300x200.jpg 300w, https:\/\/www.ecoitaliano.com.ar\/wp-content\/uploads\/2025\/05\/PerlaDiSperanza_prima_1925_ph\u00a9RolandoPaoloGuerzoni-768x512.jpg 768w, https:\/\/www.ecoitaliano.com.ar\/wp-content\/uploads\/2025\/05\/PerlaDiSperanza_prima_1925_ph\u00a9RolandoPaoloGuerzoni-1536x1024.jpg 1536w, https:\/\/www.ecoitaliano.com.ar\/wp-content\/uploads\/2025\/05\/PerlaDiSperanza_prima_1925_ph\u00a9RolandoPaoloGuerzoni-2048x1365.jpg 2048w, https:\/\/www.ecoitaliano.com.ar\/wp-content\/uploads\/2025\/05\/PerlaDiSperanza_prima_1925_ph\u00a9RolandoPaoloGuerzoni-150x100.jpg 150w\" sizes=\"(max-width: 1024px) 100vw, 1024px\" \/><\/a><\/figure>\n\n\n\n<figure class=\"wp-block-image size-large\"><a href=\"https:\/\/www.ecoitaliano.com.ar\/wp-content\/uploads\/2025\/05\/PerlaDiSperanza_prima_1926_ph\u00a9RolandoPaoloGuerzoni-scaled.jpg\"><img decoding=\"async\" width=\"1024\" height=\"681\" data-id=\"74075\" src=\"https:\/\/www.ecoitaliano.com.ar\/wp-content\/uploads\/2025\/05\/PerlaDiSperanza_prima_1926_ph\u00a9RolandoPaoloGuerzoni-1024x681.jpg\" alt=\"\" class=\"wp-image-74075\" srcset=\"https:\/\/www.ecoitaliano.com.ar\/wp-content\/uploads\/2025\/05\/PerlaDiSperanza_prima_1926_ph\u00a9RolandoPaoloGuerzoni-1024x681.jpg 1024w, https:\/\/www.ecoitaliano.com.ar\/wp-content\/uploads\/2025\/05\/PerlaDiSperanza_prima_1926_ph\u00a9RolandoPaoloGuerzoni-300x200.jpg 300w, https:\/\/www.ecoitaliano.com.ar\/wp-content\/uploads\/2025\/05\/PerlaDiSperanza_prima_1926_ph\u00a9RolandoPaoloGuerzoni-768x511.jpg 768w, https:\/\/www.ecoitaliano.com.ar\/wp-content\/uploads\/2025\/05\/PerlaDiSperanza_prima_1926_ph\u00a9RolandoPaoloGuerzoni-1536x1022.jpg 1536w, https:\/\/www.ecoitaliano.com.ar\/wp-content\/uploads\/2025\/05\/PerlaDiSperanza_prima_1926_ph\u00a9RolandoPaoloGuerzoni-2048x1362.jpg 2048w, https:\/\/www.ecoitaliano.com.ar\/wp-content\/uploads\/2025\/05\/PerlaDiSperanza_prima_1926_ph\u00a9RolandoPaoloGuerzoni-150x100.jpg 150w\" sizes=\"(max-width: 1024px) 100vw, 1024px\" \/><\/a><\/figure>\n\n\n\n<figure class=\"wp-block-image size-large\"><a href=\"https:\/\/www.ecoitaliano.com.ar\/wp-content\/uploads\/2025\/05\/TheLakeOfAshes_prima_1702_ph\u00a9RolandoPaoloGuerzoni-scaled.jpg\"><img decoding=\"async\" width=\"1024\" height=\"683\" data-id=\"74076\" src=\"https:\/\/www.ecoitaliano.com.ar\/wp-content\/uploads\/2025\/05\/TheLakeOfAshes_prima_1702_ph\u00a9RolandoPaoloGuerzoni-1024x683.jpg\" alt=\"\" class=\"wp-image-74076\" srcset=\"https:\/\/www.ecoitaliano.com.ar\/wp-content\/uploads\/2025\/05\/TheLakeOfAshes_prima_1702_ph\u00a9RolandoPaoloGuerzoni-1024x683.jpg 1024w, https:\/\/www.ecoitaliano.com.ar\/wp-content\/uploads\/2025\/05\/TheLakeOfAshes_prima_1702_ph\u00a9RolandoPaoloGuerzoni-300x200.jpg 300w, https:\/\/www.ecoitaliano.com.ar\/wp-content\/uploads\/2025\/05\/TheLakeOfAshes_prima_1702_ph\u00a9RolandoPaoloGuerzoni-768x512.jpg 768w, https:\/\/www.ecoitaliano.com.ar\/wp-content\/uploads\/2025\/05\/TheLakeOfAshes_prima_1702_ph\u00a9RolandoPaoloGuerzoni-1536x1024.jpg 1536w, https:\/\/www.ecoitaliano.com.ar\/wp-content\/uploads\/2025\/05\/TheLakeOfAshes_prima_1702_ph\u00a9RolandoPaoloGuerzoni-2048x1365.jpg 2048w, https:\/\/www.ecoitaliano.com.ar\/wp-content\/uploads\/2025\/05\/TheLakeOfAshes_prima_1702_ph\u00a9RolandoPaoloGuerzoni-150x100.jpg 150w\" sizes=\"(max-width: 1024px) 100vw, 1024px\" \/><\/a><\/figure>\n\n\n\n<figure class=\"wp-block-image size-large\"><a href=\"https:\/\/www.ecoitaliano.com.ar\/wp-content\/uploads\/2025\/05\/TheLakeOfAshes_prima_1707_ph\u00a9RolandoPaoloGuerzoni-scaled.jpg\"><img decoding=\"async\" width=\"1024\" height=\"681\" data-id=\"74077\" src=\"https:\/\/www.ecoitaliano.com.ar\/wp-content\/uploads\/2025\/05\/TheLakeOfAshes_prima_1707_ph\u00a9RolandoPaoloGuerzoni-1024x681.jpg\" alt=\"\" class=\"wp-image-74077\" srcset=\"https:\/\/www.ecoitaliano.com.ar\/wp-content\/uploads\/2025\/05\/TheLakeOfAshes_prima_1707_ph\u00a9RolandoPaoloGuerzoni-1024x681.jpg 1024w, https:\/\/www.ecoitaliano.com.ar\/wp-content\/uploads\/2025\/05\/TheLakeOfAshes_prima_1707_ph\u00a9RolandoPaoloGuerzoni-300x200.jpg 300w, https:\/\/www.ecoitaliano.com.ar\/wp-content\/uploads\/2025\/05\/TheLakeOfAshes_prima_1707_ph\u00a9RolandoPaoloGuerzoni-768x511.jpg 768w, https:\/\/www.ecoitaliano.com.ar\/wp-content\/uploads\/2025\/05\/TheLakeOfAshes_prima_1707_ph\u00a9RolandoPaoloGuerzoni-1536x1022.jpg 1536w, https:\/\/www.ecoitaliano.com.ar\/wp-content\/uploads\/2025\/05\/TheLakeOfAshes_prima_1707_ph\u00a9RolandoPaoloGuerzoni-2048x1362.jpg 2048w, https:\/\/www.ecoitaliano.com.ar\/wp-content\/uploads\/2025\/05\/TheLakeOfAshes_prima_1707_ph\u00a9RolandoPaoloGuerzoni-150x100.jpg 150w\" sizes=\"(max-width: 1024px) 100vw, 1024px\" \/><\/a><\/figure>\n\n\n\n<figure class=\"wp-block-image size-large\"><a href=\"https:\/\/www.ecoitaliano.com.ar\/wp-content\/uploads\/2025\/05\/TheLakeOfAshes_prima_1713_ph\u00a9RolandoPaoloGuerzoni-scaled.jpg\"><img decoding=\"async\" width=\"1024\" height=\"681\" data-id=\"74078\" src=\"https:\/\/www.ecoitaliano.com.ar\/wp-content\/uploads\/2025\/05\/TheLakeOfAshes_prima_1713_ph\u00a9RolandoPaoloGuerzoni-1024x681.jpg\" alt=\"\" class=\"wp-image-74078\" srcset=\"https:\/\/www.ecoitaliano.com.ar\/wp-content\/uploads\/2025\/05\/TheLakeOfAshes_prima_1713_ph\u00a9RolandoPaoloGuerzoni-1024x681.jpg 1024w, https:\/\/www.ecoitaliano.com.ar\/wp-content\/uploads\/2025\/05\/TheLakeOfAshes_prima_1713_ph\u00a9RolandoPaoloGuerzoni-300x200.jpg 300w, https:\/\/www.ecoitaliano.com.ar\/wp-content\/uploads\/2025\/05\/TheLakeOfAshes_prima_1713_ph\u00a9RolandoPaoloGuerzoni-768x511.jpg 768w, https:\/\/www.ecoitaliano.com.ar\/wp-content\/uploads\/2025\/05\/TheLakeOfAshes_prima_1713_ph\u00a9RolandoPaoloGuerzoni-1536x1022.jpg 1536w, https:\/\/www.ecoitaliano.com.ar\/wp-content\/uploads\/2025\/05\/TheLakeOfAshes_prima_1713_ph\u00a9RolandoPaoloGuerzoni-2048x1362.jpg 2048w, https:\/\/www.ecoitaliano.com.ar\/wp-content\/uploads\/2025\/05\/TheLakeOfAshes_prima_1713_ph\u00a9RolandoPaoloGuerzoni-150x100.jpg 150w\" sizes=\"(max-width: 1024px) 100vw, 1024px\" \/><\/a><\/figure>\n\n\n\n<figure class=\"wp-block-image size-large\"><a href=\"https:\/\/www.ecoitaliano.com.ar\/wp-content\/uploads\/2025\/05\/TheLakeOfAshes_prima_1736_ph\u00a9RolandoPaoloGuerzoni-scaled.jpg\"><img decoding=\"async\" width=\"1024\" height=\"681\" data-id=\"74079\" src=\"https:\/\/www.ecoitaliano.com.ar\/wp-content\/uploads\/2025\/05\/TheLakeOfAshes_prima_1736_ph\u00a9RolandoPaoloGuerzoni-1024x681.jpg\" alt=\"\" class=\"wp-image-74079\" srcset=\"https:\/\/www.ecoitaliano.com.ar\/wp-content\/uploads\/2025\/05\/TheLakeOfAshes_prima_1736_ph\u00a9RolandoPaoloGuerzoni-1024x681.jpg 1024w, https:\/\/www.ecoitaliano.com.ar\/wp-content\/uploads\/2025\/05\/TheLakeOfAshes_prima_1736_ph\u00a9RolandoPaoloGuerzoni-300x200.jpg 300w, https:\/\/www.ecoitaliano.com.ar\/wp-content\/uploads\/2025\/05\/TheLakeOfAshes_prima_1736_ph\u00a9RolandoPaoloGuerzoni-768x511.jpg 768w, https:\/\/www.ecoitaliano.com.ar\/wp-content\/uploads\/2025\/05\/TheLakeOfAshes_prima_1736_ph\u00a9RolandoPaoloGuerzoni-1536x1022.jpg 1536w, https:\/\/www.ecoitaliano.com.ar\/wp-content\/uploads\/2025\/05\/TheLakeOfAshes_prima_1736_ph\u00a9RolandoPaoloGuerzoni-2048x1362.jpg 2048w, https:\/\/www.ecoitaliano.com.ar\/wp-content\/uploads\/2025\/05\/TheLakeOfAshes_prima_1736_ph\u00a9RolandoPaoloGuerzoni-150x100.jpg 150w\" sizes=\"(max-width: 1024px) 100vw, 1024px\" \/><\/a><\/figure>\n<\/figure>\n","protected":false},"excerpt":{"rendered":"<p>COMUNICATO STAMPAModena, 27 aprile 2025 PROGETTI EUROPEIIl Teatro Comunale di Modena a Danzica per il progetto europeo&nbsp;B.U.T.T.E.R.F.L.Y., un&#8217;opera lirica in [&hellip;]<\/p>\n","protected":false},"author":1,"featured_media":0,"comment_status":"open","ping_status":"open","sticky":false,"template":"","format":"standard","meta":{"footnotes":""},"categories":[1],"tags":[],"class_list":["post-74063","post","type-post","status-publish","format-standard","hentry","category-sin-categoria"],"_links":{"self":[{"href":"https:\/\/www.ecoitaliano.com.ar\/index.php?rest_route=\/wp\/v2\/posts\/74063","targetHints":{"allow":["GET"]}}],"collection":[{"href":"https:\/\/www.ecoitaliano.com.ar\/index.php?rest_route=\/wp\/v2\/posts"}],"about":[{"href":"https:\/\/www.ecoitaliano.com.ar\/index.php?rest_route=\/wp\/v2\/types\/post"}],"author":[{"embeddable":true,"href":"https:\/\/www.ecoitaliano.com.ar\/index.php?rest_route=\/wp\/v2\/users\/1"}],"replies":[{"embeddable":true,"href":"https:\/\/www.ecoitaliano.com.ar\/index.php?rest_route=%2Fwp%2Fv2%2Fcomments&post=74063"}],"version-history":[{"count":2,"href":"https:\/\/www.ecoitaliano.com.ar\/index.php?rest_route=\/wp\/v2\/posts\/74063\/revisions"}],"predecessor-version":[{"id":74081,"href":"https:\/\/www.ecoitaliano.com.ar\/index.php?rest_route=\/wp\/v2\/posts\/74063\/revisions\/74081"}],"wp:attachment":[{"href":"https:\/\/www.ecoitaliano.com.ar\/index.php?rest_route=%2Fwp%2Fv2%2Fmedia&parent=74063"}],"wp:term":[{"taxonomy":"category","embeddable":true,"href":"https:\/\/www.ecoitaliano.com.ar\/index.php?rest_route=%2Fwp%2Fv2%2Fcategories&post=74063"},{"taxonomy":"post_tag","embeddable":true,"href":"https:\/\/www.ecoitaliano.com.ar\/index.php?rest_route=%2Fwp%2Fv2%2Ftags&post=74063"}],"curies":[{"name":"wp","href":"https:\/\/api.w.org\/{rel}","templated":true}]}}