{"id":74089,"date":"2025-05-29T00:46:42","date_gmt":"2025-05-29T00:46:42","guid":{"rendered":"https:\/\/www.ecoitaliano.com.ar\/?p=74089"},"modified":"2025-05-29T01:26:28","modified_gmt":"2025-05-29T01:26:28","slug":"serena-conduce-operaclassica-eco-italiano-4369","status":"publish","type":"post","link":"https:\/\/www.ecoitaliano.com.ar\/?p=74089","title":{"rendered":"Serena conduce operaclassica eco italiano"},"content":{"rendered":"<div class=\"wp-block-image\">\n<figure class=\"aligncenter size-full\"><a href=\"http:\/\/www.ecoitaliano.com.ar\/wp-content\/uploads\/2025\/05\/image004-2.png\"><img decoding=\"async\" width=\"143\" height=\"89\" src=\"http:\/\/www.ecoitaliano.com.ar\/wp-content\/uploads\/2025\/05\/image004-2.png\" alt=\"\" class=\"wp-image-74090\"\/><\/a><\/figure><\/div>\n\n\n<p><a><\/a>Ufficio Stampa&nbsp;&nbsp;&nbsp;&nbsp;&nbsp;&nbsp;&nbsp;&nbsp;&nbsp;&nbsp;&nbsp;&nbsp;&nbsp;&nbsp;&nbsp;&nbsp;&nbsp;&nbsp;&nbsp;&nbsp;&nbsp;&nbsp;&nbsp;&nbsp;&nbsp;&nbsp;&nbsp;&nbsp;&nbsp;&nbsp;&nbsp;&nbsp;&nbsp;&nbsp;&nbsp;&nbsp;&nbsp;&nbsp;&nbsp;&nbsp;&nbsp;&nbsp;&nbsp;&nbsp;&nbsp;&nbsp;&nbsp;&nbsp;&nbsp;&nbsp;&nbsp;&nbsp;&nbsp;&nbsp;&nbsp;&nbsp;&nbsp;&nbsp;&nbsp;&nbsp;&nbsp;&nbsp;&nbsp;&nbsp;&nbsp;&nbsp;&nbsp;&nbsp;&nbsp;&nbsp;&nbsp;&nbsp;&nbsp;&nbsp;&nbsp;&nbsp;&nbsp;&nbsp;&nbsp;&nbsp;&nbsp;&nbsp;&nbsp;&nbsp;&nbsp;&nbsp;&nbsp;&nbsp;&nbsp;&nbsp;&nbsp;&nbsp;&nbsp;&nbsp;&nbsp;&nbsp;&nbsp;&nbsp;&nbsp;&nbsp;&nbsp;&nbsp;&nbsp;&nbsp;&nbsp;&nbsp;&nbsp;&nbsp;&nbsp;&nbsp;&nbsp;&nbsp;&nbsp;&nbsp;&nbsp;&nbsp;&nbsp;&nbsp;&nbsp;&nbsp;&nbsp;&nbsp;&nbsp;&nbsp;&nbsp;&nbsp;&nbsp;&nbsp;&nbsp;&nbsp;&nbsp;&nbsp;&nbsp;&nbsp; 28\/05\/2025<\/p>\n\n\n\n<p><strong>Fondazione Arena celebra il Canto lirico Patrimonio dell\u2019Umanit\u00e0 al Teatro Filarmonico<\/strong><\/p>\n\n\n\n<p><strong>CECILIA GASDIA E ALBERTO MATTIOLI CONDUCONO<br>\u2018PAZZI PER L\u2019OPERA\u2019. IN SCENA ANCHE L\u2019ATTORE MATTEO MARTARI<\/strong><\/p>\n\n\n\n<p><strong>Evento straordinario sabato 11 ottobre con Orchestra e Coro di Fondazione<\/strong><\/p>\n\n\n\n<p><strong>La Sinfonica chiude i primi cinque mesi del 2025 con un doppio sold-out e un +39% di spettatori<\/strong><\/p>\n\n\n\n<p>Reduce dai sold-out dell\u2019ultima settimana al Teatro Filarmonico, Fondazione Arena di Verona guarda gi\u00e0 all\u2019autunno, che si aprir\u00e0 con un evento straordinario per celebrare il Canto lirico Patrimonio dell\u2019Umanit\u00e0. Sabato 11 ottobre, alle ore 17, andr\u00e0 in scena <strong><em>Pazzi per l\u2019opera<\/em><\/strong>, molto pi\u00f9 di un concerto, uno spettacolo che abbraccer\u00e0 tre secoli di opera, con pagine note e rarit\u00e0 per raccontare il Canto lirico e l\u2019Opera, la sua pi\u00f9 compiuta espressione.<\/p>\n\n\n\n<p><strong>Su drammaturgia originale del critico e scrittore<\/strong> <strong>Alberto Mattioli, che condurr\u00e0 l\u2019evento assieme al Sovrintendente Cecilia Gasdia,<\/strong> il pubblico scoprir\u00e0 l\u2019Opera attraverso dieci \u2018capitoli\u2019 di uno spettacolo-concerto unico con arie, duetti, cori, concertati da Monteverdi a Puccini.&nbsp;Dieci \u2018parole\u2019 che saranno <strong>introdotte da commenti d\u2019autore di ogni epoca letti dall\u2019attore Matteo Martari.&nbsp;Gi\u00e0 in vendita i biglietti<\/strong> con <strong>posto unico numerato a 20 euro, e tariffa speciale under30<\/strong> a 10 euro, sul sito <a href=\"http:\/\/www.arena.it\">www.arena.it<\/a>, alla Biglietteria centrale dell\u2019Arena e all\u2019interno del circuito Ticketone.<\/p>\n\n\n\n<p>Un indispensabile dizionario minimo dell\u2019Opera e del Canto lirico prender\u00e0 vita grazie a un cast vocale d&#8217;eccezione \u2013 in alcuni casi al debutto veronese \u2013 e ai complessi artistici di Fondazione Arena di Verona. In scena i soprani <strong>Carmela Remigio<\/strong> ed <strong>Eleonora<\/strong> <strong>Bellocci<\/strong>, il mezzosoprano <strong>Caterina<\/strong> <strong>Piva<\/strong>, il controtenore <strong>Carlo<\/strong> <strong>Vistoli<\/strong>, il tenore <strong>Ruzil<\/strong> <strong>Gatin<\/strong>, il basso-baritono <strong>Giulio<\/strong> <strong>Mastrototaro<\/strong>. Cos\u00ec come <strong>l\u2019Orchestra<\/strong> areniana, diretta dal giovane Maestro <strong>Enrico<\/strong> <strong>Lombardi<\/strong>, e il <strong>Coro<\/strong> <strong>di<\/strong> <strong>Fondazione<\/strong> <strong>Arena<\/strong> preparato dal Maestro <strong>Roberto<\/strong> <strong>Gabbiani<\/strong>.<\/p>\n\n\n\n<p>\u201c<em>Questo appuntamento straordinario vuole essere un dono alla citt\u00e0 e a tutti gli appassionati e curiosi \u2013<\/em> dichiara <strong>Cecilia Gasdia, Sovrintendente<\/strong> di Fondazione Arena di Verona \u2013. <em>L\u2019approccio vuole essere informale e accessibile a tutti, ma allo stesso tempo dotto e accurato, con gustosi aneddoti letterari e storici e pagine raramente eseguite, o veri e propri inediti, a Verona e al Teatro Filarmonico. Sar\u00e0 una festa, e un\u2019occasione ulteriore di riscoprire questo immenso patrimonio che da secoli crea ponti tra l\u2019Italia e tutto il mondo\u201d.<\/em><\/p>\n\n\n\n<p>Come nell\u2019indimenticabile \u2018Muppet Show\u2019 televisivo, non mancheranno i due temibili \u201cvecchietti\u201d che dal loro palco di proscenio, commentano e chiosano quel che succede in scena, \u201cinterpretati\u201d per l\u2019occasione da Cecilia Gasdia e Alberto Mattioli, <strong>Dramaturg<\/strong> della serata, che spiega:<em> \u201cL\u2019idea \u00e8 quella di una celebrazione senza retorica, e che mostri invece quanto l\u2019opera lirica faccia parte dell\u2019identit\u00e0 italiana e come sia diventata lo strutto privilegiato e amatissimo per farla apprezzare nel mondo intero. Dello spettacolo \u00e8, intanto, protagonista la musica, con l\u2019Orchestra e il Coro di Fondazione Arena, il direttore Enrico Lombardi e un formidabile cast di cantanti<\/em><strong>.<\/strong>&nbsp; <em>Saranno loro a ripercorrere quattrocento anni di opera italiana, da Monteverdi a Puccini, attraverso dieci parole-chiave come Amore, Riso, Societ\u00e0, Virtuosismo, Dio, Censura, Lacrime, Patria, Cantante e Critica, ognuna accompagnata da un brano musicale e dalle parole di chi ha riflettuto e scritto sul fenomeno-opera, e non solo dal punto di vista artistico ma anche sociale, politico, storico\u201d.&nbsp;<\/em><\/p>\n\n\n\n<p>\u201c<em>Siamo particolarmente soddisfatti e contenti perch\u00e9 tutti assieme, citt\u00e0 di Verona e Fondazione Arena, celebriamo il canto lirico patrimonio culturale immateriale dell&#8217;umanit\u00e0 come sancito&nbsp;dall&#8217;UNESCO \u2013 dichiara <\/em><strong>Alessia Rotta<\/strong>, Assessora del Comune di Verona -.<em> Un nuovo spettacolo originale, un evento straordinario che racconter\u00e0 quattro secoli di storia della musica, mettendo in evidenza ancora una volta l&#8217;impegno della citt\u00e0 e della Fondazione per la cultura del Paese, per il canto e per la lingua italiana\u201d.<\/em><\/p>\n\n\n\n<p><strong>BILANCIO GENNAIO-MAGGIO FILARMONICO<\/strong>. Se i risultati della lirica sono in linea con i numeri degli ultimi anni, nonostante titoli meno comuni (<em>Falstaff<\/em> di Salieri, <em>La<\/em> <em>Wally<\/em> ed <em>Elektra<\/em>), <strong>i primi cinque mesi del 2025 registrano un forte interesse del pubblico per i concerti sinfonici<\/strong>, tanto che la programmazione di maggio si \u00e8 chiusa con un doppio <strong>sold-out lo scorso fine settimana<\/strong>. Filarmonico tutto esaurito per il <em>Concerto per violino<\/em> di \u010cajkovskij con Augustin Hadelich e sul podio Carlos Miguel Prieto. Risultati frutto di una <strong>programmazione ricca <\/strong>e della presenza di <strong>grandi artisti internazionali<\/strong> tra cui Pletnev, Pagano, Moon, Rachvelishvili. La Stagione Sinfonica 2025 ha registrato <strong>finora oltre 12.300 presenze (rispetto alle 8.800 dello stesso periodo 2024)<\/strong>, marcando una <strong>crescita del 39% <\/strong>e <strong>incassi parziali gi\u00e0 superiori a quelli complessivi dell\u2019anno scorso<\/strong>, a parit\u00e0 di prezzi di biglietto. A questi risultati si aggiunge il sold-out di sette degli otto appuntamenti della prima parte della stagione da camera <em>Musei in Musica.<\/em><\/p>\n\n\n\n<p><em>\u201cNegli ultimi trent\u2019anni la Stagione Sinfonica al Filarmonico non ha mai registrato questi numeri e, soprattutto, due sold-out \u2013 <\/em>afferma <strong>Stefano Trespidi<\/strong>, Vicedirettore artistico di Fondazione Arena<em> -. Siamo davvero orgogliosi della qualit\u00e0 artistica e del grande lavoro della nostra Orchestra e del nostro Coro. Cos\u00ec come di aver portato a Verona grandi artisti del panorama internazionale. I numeri ci dicono che il pubblico risponde ad una proposta di altissimo livello\u201d.<\/em><\/p>\n\n\n\n<p>Il 2025 \u00e8 un anno di grandi celebrazioni per Fondazione Arena al Filarmonico, non solo i cinquant\u2019anni dalla ricostruzione del teatro e dal ritorno dell\u2019opera sul palcoscenico cittadino, ma anche importanti anniversari che omaggiano Salieri, Ravel, Berio, \u0160ostakovi\u010d, Bart\u00f3k e numerose prime esecuzioni. In autunno saranno 35 le aperture di sipario per le stagioni Lirica, Sinfonica, cameristica e Young, con le opere <em>Le Villi, Il Turco in Italia<\/em> ed <em>Ernani<\/em> al centro della programmazione, introdotte da prove generali aperte e incontri di approfondimento gratuiti tenuti da critici e docenti, in collaborazione con Accademia Filarmonica di Verona.<\/p>\n\n\n\n<p>Un anno ricco di appuntamenti reso possibile anche dal sostegno di <strong>BCC Veneta<\/strong> che \u00e8 main sponsor della Stagione artistica 2025 del Teatro Filarmonico.<\/p>\n\n\n\n<p><strong><br><\/strong><strong>informazioni<\/strong><\/p>\n\n\n\n<p><strong>Ufficio Stampa Fondazione Arena di Verona<\/strong><\/p>\n\n\n\n<p>Via Roma 7\/D, 37121 Verona<\/p>\n\n\n\n<p>tel. (+39) 045 805.1861-1905-1891-1939-1847<\/p>\n\n\n\n<p><a href=\"mailto:ufficio.stampa@arenadiverona.it\">ufficio.stampa@arenadiverona.it<\/a> \u2013 <a href=\"http:\/\/www.arena.it\">www.arena.it<\/a><\/p>\n\n\n\n<p>* * *<\/p>\n\n\n\n<p><strong>Sabato 11 ottobre 2025<\/strong>, ore 17.00<\/p>\n\n\n\n<p><strong>Teatro Filarmonico&nbsp;<\/strong><\/p>\n\n\n\n<p>Evento straordinario<\/p>\n\n\n\n<p><strong>PAZZI PER L&#8217;OPERA<\/strong><\/p>\n\n\n\n<p><strong>10 parole per celebrare il Canto lirico Patrimonio dell&#8217;Umanit\u00e0&nbsp;<\/strong><\/p>\n\n\n\n<p>con&nbsp;<\/p>\n\n\n\n<p><strong>Carmela Remigio<\/strong>, soprano<\/p>\n\n\n\n<p><strong>Eleonora Bellocci<\/strong>, soprano&nbsp;<\/p>\n\n\n\n<p><strong>Caterina<\/strong> <strong>Piva<\/strong>, mezzosoprano<\/p>\n\n\n\n<p><strong>Carlo<\/strong> <strong>Vistoli<\/strong>, controtenore<\/p>\n\n\n\n<p><strong>Ruzil<\/strong> <strong>Gatin<\/strong>, tenore<\/p>\n\n\n\n<p><strong>Giulio<\/strong> <strong>Mastrototaro<\/strong>, basso-baritono<\/p>\n\n\n\n<p><strong>Orchestra e Coro di Fondazione Arena di Verona<\/strong><\/p>\n\n\n\n<p><strong>Roberto Gabbiani<\/strong>, Maestro del Coro<\/p>\n\n\n\n<p><strong>Enrico Lombardi<\/strong>, Direttore<\/p>\n\n\n\n<p>conducono<strong> Alberto Mattioli<\/strong>, Dramaturg, e <strong>Cecilia Gasdia&nbsp;<\/strong><\/p>\n\n\n\n<p>con la partecipazione straordinaria di <strong>Matteo&nbsp;Martari<\/strong><\/p>\n\n\n\n<p>video saluto dell&#8217;attore Matteo Martari<\/p>\n\n\n\n<figure class=\"wp-block-video\"><video controls src=\"http:\/\/www.ecoitaliano.com.ar\/wp-content\/uploads\/2025\/05\/Matteo-Martari-Saluto.mp4\"><\/video><\/figure>\n\n\n\n<p>foto<\/p>\n\n\n\n<figure class=\"wp-block-gallery has-nested-images columns-default is-cropped wp-block-gallery-1 is-layout-flex wp-block-gallery-is-layout-flex\">\n<figure class=\"wp-block-image size-large\"><a href=\"https:\/\/www.ecoitaliano.com.ar\/wp-content\/uploads\/2025\/05\/IMG_2644-Trespidi-Gasdia-Mattioli-Rotta-scaled.jpeg\"><img decoding=\"async\" width=\"1024\" height=\"644\" data-id=\"74092\" src=\"https:\/\/www.ecoitaliano.com.ar\/wp-content\/uploads\/2025\/05\/IMG_2644-Trespidi-Gasdia-Mattioli-Rotta-1024x644.jpeg\" alt=\"\" class=\"wp-image-74092\" srcset=\"https:\/\/www.ecoitaliano.com.ar\/wp-content\/uploads\/2025\/05\/IMG_2644-Trespidi-Gasdia-Mattioli-Rotta-1024x644.jpeg 1024w, https:\/\/www.ecoitaliano.com.ar\/wp-content\/uploads\/2025\/05\/IMG_2644-Trespidi-Gasdia-Mattioli-Rotta-300x189.jpeg 300w, https:\/\/www.ecoitaliano.com.ar\/wp-content\/uploads\/2025\/05\/IMG_2644-Trespidi-Gasdia-Mattioli-Rotta-768x483.jpeg 768w, https:\/\/www.ecoitaliano.com.ar\/wp-content\/uploads\/2025\/05\/IMG_2644-Trespidi-Gasdia-Mattioli-Rotta-1536x966.jpeg 1536w, https:\/\/www.ecoitaliano.com.ar\/wp-content\/uploads\/2025\/05\/IMG_2644-Trespidi-Gasdia-Mattioli-Rotta-2048x1288.jpeg 2048w, https:\/\/www.ecoitaliano.com.ar\/wp-content\/uploads\/2025\/05\/IMG_2644-Trespidi-Gasdia-Mattioli-Rotta-150x94.jpeg 150w\" sizes=\"(max-width: 1024px) 100vw, 1024px\" \/><\/a><\/figure>\n<\/figure>\n\n\n\n<p><\/p>\n","protected":false},"excerpt":{"rendered":"<p>Ufficio Stampa&nbsp;&nbsp;&nbsp;&nbsp;&nbsp;&nbsp;&nbsp;&nbsp;&nbsp;&nbsp;&nbsp;&nbsp;&nbsp;&nbsp;&nbsp;&nbsp;&nbsp;&nbsp;&nbsp;&nbsp;&nbsp;&nbsp;&nbsp;&nbsp;&nbsp;&nbsp;&nbsp;&nbsp;&nbsp;&nbsp;&nbsp;&nbsp;&nbsp;&nbsp;&nbsp;&nbsp;&nbsp;&nbsp;&nbsp;&nbsp;&nbsp;&nbsp;&nbsp;&nbsp;&nbsp;&nbsp;&nbsp;&nbsp;&nbsp;&nbsp;&nbsp;&nbsp;&nbsp;&nbsp;&nbsp;&nbsp;&nbsp;&nbsp;&nbsp;&nbsp;&nbsp;&nbsp;&nbsp;&nbsp;&nbsp;&nbsp;&nbsp;&nbsp;&nbsp;&nbsp;&nbsp;&nbsp;&nbsp;&nbsp;&nbsp;&nbsp;&nbsp;&nbsp;&nbsp;&nbsp;&nbsp;&nbsp;&nbsp;&nbsp;&nbsp;&nbsp;&nbsp;&nbsp;&nbsp;&nbsp;&nbsp;&nbsp;&nbsp;&nbsp;&nbsp;&nbsp;&nbsp;&nbsp;&nbsp;&nbsp;&nbsp;&nbsp;&nbsp;&nbsp;&nbsp;&nbsp;&nbsp;&nbsp;&nbsp;&nbsp;&nbsp;&nbsp;&nbsp;&nbsp;&nbsp;&nbsp;&nbsp;&nbsp;&nbsp;&nbsp;&nbsp;&nbsp;&nbsp;&nbsp;&nbsp;&nbsp;&nbsp;&nbsp;&nbsp;&nbsp;&nbsp;&nbsp;&nbsp;&nbsp; 28\/05\/2025 Fondazione Arena celebra il Canto lirico Patrimonio dell\u2019Umanit\u00e0 al Teatro Filarmonico CECILIA GASDIA E ALBERTO MATTIOLI CONDUCONO\u2018PAZZI [&hellip;]<\/p>\n","protected":false},"author":1,"featured_media":0,"comment_status":"open","ping_status":"open","sticky":false,"template":"","format":"standard","meta":{"footnotes":""},"categories":[1],"tags":[],"class_list":["post-74089","post","type-post","status-publish","format-standard","hentry","category-sin-categoria"],"_links":{"self":[{"href":"https:\/\/www.ecoitaliano.com.ar\/index.php?rest_route=\/wp\/v2\/posts\/74089","targetHints":{"allow":["GET"]}}],"collection":[{"href":"https:\/\/www.ecoitaliano.com.ar\/index.php?rest_route=\/wp\/v2\/posts"}],"about":[{"href":"https:\/\/www.ecoitaliano.com.ar\/index.php?rest_route=\/wp\/v2\/types\/post"}],"author":[{"embeddable":true,"href":"https:\/\/www.ecoitaliano.com.ar\/index.php?rest_route=\/wp\/v2\/users\/1"}],"replies":[{"embeddable":true,"href":"https:\/\/www.ecoitaliano.com.ar\/index.php?rest_route=%2Fwp%2Fv2%2Fcomments&post=74089"}],"version-history":[{"count":3,"href":"https:\/\/www.ecoitaliano.com.ar\/index.php?rest_route=\/wp\/v2\/posts\/74089\/revisions"}],"predecessor-version":[{"id":74095,"href":"https:\/\/www.ecoitaliano.com.ar\/index.php?rest_route=\/wp\/v2\/posts\/74089\/revisions\/74095"}],"wp:attachment":[{"href":"https:\/\/www.ecoitaliano.com.ar\/index.php?rest_route=%2Fwp%2Fv2%2Fmedia&parent=74089"}],"wp:term":[{"taxonomy":"category","embeddable":true,"href":"https:\/\/www.ecoitaliano.com.ar\/index.php?rest_route=%2Fwp%2Fv2%2Fcategories&post=74089"},{"taxonomy":"post_tag","embeddable":true,"href":"https:\/\/www.ecoitaliano.com.ar\/index.php?rest_route=%2Fwp%2Fv2%2Ftags&post=74089"}],"curies":[{"name":"wp","href":"https:\/\/api.w.org\/{rel}","templated":true}]}}