{"id":74431,"date":"2025-06-02T18:50:39","date_gmt":"2025-06-02T18:50:39","guid":{"rendered":"https:\/\/www.ecoitaliano.com.ar\/?p=74431"},"modified":"2025-06-02T18:50:39","modified_gmt":"2025-06-02T18:50:39","slug":"la-poesia-di-wanda-lombardi-nella-critica-italiana","status":"publish","type":"post","link":"https:\/\/www.ecoitaliano.com.ar\/?p=74431","title":{"rendered":"LA POESIA DI WANDA LOMBARDI NELLA CRITICA ITALIANA"},"content":{"rendered":"\n<figure class=\"wp-block-gallery has-nested-images columns-default is-cropped wp-block-gallery-1 is-layout-flex wp-block-gallery-is-layout-flex\">\n<figure class=\"wp-block-image size-large\"><a href=\"https:\/\/www.ecoitaliano.com.ar\/wp-content\/uploads\/2025\/06\/Lombardi-Wanda-2025-La-poesia-di-Wanda-Lombardi-nella-critica-italiana-fronte2.png\"><img decoding=\"async\" width=\"729\" height=\"1024\" data-id=\"74432\" src=\"https:\/\/www.ecoitaliano.com.ar\/wp-content\/uploads\/2025\/06\/Lombardi-Wanda-2025-La-poesia-di-Wanda-Lombardi-nella-critica-italiana-fronte2-729x1024.png\" alt=\"\" class=\"wp-image-74432\" srcset=\"https:\/\/www.ecoitaliano.com.ar\/wp-content\/uploads\/2025\/06\/Lombardi-Wanda-2025-La-poesia-di-Wanda-Lombardi-nella-critica-italiana-fronte2-729x1024.png 729w, https:\/\/www.ecoitaliano.com.ar\/wp-content\/uploads\/2025\/06\/Lombardi-Wanda-2025-La-poesia-di-Wanda-Lombardi-nella-critica-italiana-fronte2-214x300.png 214w, https:\/\/www.ecoitaliano.com.ar\/wp-content\/uploads\/2025\/06\/Lombardi-Wanda-2025-La-poesia-di-Wanda-Lombardi-nella-critica-italiana-fronte2-768x1078.png 768w, https:\/\/www.ecoitaliano.com.ar\/wp-content\/uploads\/2025\/06\/Lombardi-Wanda-2025-La-poesia-di-Wanda-Lombardi-nella-critica-italiana-fronte2-107x150.png 107w, https:\/\/www.ecoitaliano.com.ar\/wp-content\/uploads\/2025\/06\/Lombardi-Wanda-2025-La-poesia-di-Wanda-Lombardi-nella-critica-italiana-fronte2.png 908w\" sizes=\"(max-width: 729px) 100vw, 729px\" \/><\/a><\/figure>\n\n\n\n<figure class=\"wp-block-image size-large\"><a href=\"https:\/\/www.ecoitaliano.com.ar\/wp-content\/uploads\/2025\/06\/Lombardi-Wanda-2025-La-poesia-di-Wanda-Lombardi-nella-critica-italiana-fronte3d.png\"><img decoding=\"async\" width=\"607\" height=\"1024\" data-id=\"74433\" src=\"https:\/\/www.ecoitaliano.com.ar\/wp-content\/uploads\/2025\/06\/Lombardi-Wanda-2025-La-poesia-di-Wanda-Lombardi-nella-critica-italiana-fronte3d-607x1024.png\" alt=\"\" class=\"wp-image-74433\" srcset=\"https:\/\/www.ecoitaliano.com.ar\/wp-content\/uploads\/2025\/06\/Lombardi-Wanda-2025-La-poesia-di-Wanda-Lombardi-nella-critica-italiana-fronte3d-607x1024.png 607w, https:\/\/www.ecoitaliano.com.ar\/wp-content\/uploads\/2025\/06\/Lombardi-Wanda-2025-La-poesia-di-Wanda-Lombardi-nella-critica-italiana-fronte3d-178x300.png 178w, https:\/\/www.ecoitaliano.com.ar\/wp-content\/uploads\/2025\/06\/Lombardi-Wanda-2025-La-poesia-di-Wanda-Lombardi-nella-critica-italiana-fronte3d-89x150.png 89w, https:\/\/www.ecoitaliano.com.ar\/wp-content\/uploads\/2025\/06\/Lombardi-Wanda-2025-La-poesia-di-Wanda-Lombardi-nella-critica-italiana-fronte3d.png 710w\" sizes=\"(max-width: 607px) 100vw, 607px\" \/><\/a><\/figure>\n<\/figure>\n\n\n\n<p><strong>Guido Miano Editore, Milano 2025<\/strong><\/p>\n\n\n\n<p><em><strong>Recensione di Enzo Concardi<\/strong><\/em><\/p>\n\n\n\n<p>\u201c<em>La poesia di Wanda Lombardi nella critica italiana\u201d <\/em>\u00e8 una pubblicazione fresca di stampa (maggio 2025 &#8211; Milano), curata dalla Casa Editrice Guido Miano per i tipi della collana <em>Il Cammeo. <\/em>Trattasi di un\u2019opera appartenente alla saggistica letteraria, in quanto raccoglie prefazioni, recensioni, premesse, comparazioni tematiche e stilistiche con autori stranieri, analisi ragionate delle interpretazioni critiche. Nella presentazione, curata da Maria Rizzi, vengono sottolineati soprattutto i motivi fondamentali della poetica di Wanda Lombardi, intorno ai quali ruotano in sostanza tutti gli interventi scelti ed entrati a far parte di questa antologia della critica; motivi che si possono sintetizzare emblematicamente intorno a parole-chiavi, come: spiritualit\u00e0, anima, realismo mistico, ricerca della pace interiore e fra i popoli, presenza di Dio nella vita quotidiana, l\u2019educazione della giovent\u00f9, la triade dolore-pessimismo-speranza, le radici sannitiche (la poetessa \u00e8 nativa di Morcone in provincia di Benevento), fede nella Trascendenza. La Rizzi sottolinea anche il contributo della Lombardi alla cultura locale e nazionale, poich\u00e9 \u201c\u2026 le sue opere sono state inserite presso biblioteche\u2026 a disposizione degli studenti, realizzando il suo desiderio di lasciare un tesoro non solo morale alle nuove generazioni&#8230;\u201d. Un dato biografico significativo \u00e8 l\u2019esperienza vissuta al Nord come insegnante nelle scuole secondarie; conclusa la fase didattica \u00e8 tornata nell\u2019amato Sannio, dove si \u00e8 dedicata alla scrittura, dalla quale emergono inequivocabilmente i segni di una giovinezza non felice, causa della sua visione dolorosa dell\u2019esistenza.<\/p>\n\n\n\n<p>La poetessa in realt\u00e0, oltre che alla lirica in versi &#8211; sulla quale \u00e8 strutturata la pubblicazione che stiamo presentando &#8211; si \u00e8 dedicata anche ad altri generi letterari e principalmente la narrativa e il teatro: vorrei qui richiamare l\u2019attenzione del lettore soltanto su alcuni titoli significativi, emblematici, paradigmatici del suo approccio alla realt\u00e0, che quindi suggeriscono per proiezione la cifra letteraria personale. Tra le sillogi poetiche: <em>Il senso della vita, Nel vento dell\u2019esistere, Voci dell\u2019anima, Oltre il tempo, Nel silenzio. <\/em>Tra le opere in prosa: <em>Sulla scia del destino <\/em>(romanzo), <em>Proverbi e modi di dire morconesi<\/em> (studio linguistico). E la commedia <em>Una volta &#8230;c\u2019era. <\/em>Prima del florilegio critico sulla sua poesia, era gi\u00e0 stato pubblicato un lavoro simile, ovvero <em>Analisi<\/em> <em>ragionata dei saggi critici riguardo Wanda Lombardi <\/em>(a cura di Enzo Concardi, Guido Miano Editore, Milano 2022). E ora \u00e8 doveroso citare gli AA.VV. che hanno apposto la loro firma in calce agli stralci critici editi, e cio\u00e8 il coro di voci costituenti le diverse interpretazioni della poetica lombardiana: Amato Fabio, Angrisani Alfonso, Castrucci Anna, Cauchi Tito, Cerniglia Rossella, Concardi Enzo, Luzzio Francesca, Magrograssi Sandra, Manitta Giuseppe, Mellea Marcella, Miano Guido, Occidente Lupo Rita, Onorato Carlo, Pardini Nazario, Piazza Raffaele, Prisco Ada, Rizzi Maria, Romboli Floriano, Rubino Monica, Santoro Mario, Veschi Gabriella, Zelioli Marco.<\/p>\n\n\n\n<p>Infine, per concludere, spulciamo qua e l\u00e0 un paio di lacerti dei nostri critici, lasciandoli anonimi per non scontentare nessuno, e che consentiranno ulteriormente un certo avvicinamento alla personalit\u00e0 artistica della Lombardi: \u00ab&#8230; In questi testi, la dimensione paesaggistica, densa di suggestioni affettive e nostalgiche, appare devotamente ancorata al passato e al ricordo. In altri testi, ci discostiamo decisamente da questa visione, attraversata da una mite e fluente elegia dove il paesaggio \u00e8 trascrizione dell\u2019anima, per inoltrarci nei dedali di un \u201cpresente\u201d che traccia un quadro sconfortante del decadimento dell\u2019odierna societ\u00e0 nei suoi valori pi\u00f9 alti ed autentici, e del trionfo di nuovi idoli &#8211; potere e denaro &#8211; che in un egoismo sfrenato conducono all\u2019odio, alla sopraffazione e alla violenza &#8230;\u00bb. \u00ab&#8230; Ne consegue anche la scelta fideistico-religiosa quale atto di ferma speranza e di abbandono alla volont\u00e0 di Colui che intende appieno i desider\u00ee e le necessit\u00e0 delle sue creature. In alcuni luoghi la voce dell\u2019autrice assume i tratti dell\u2019invocazione accorata, dell\u2019intensa preghiera&#8230;\u00bb.<\/p>\n\n\n\n<p>Non resta che leggere il saggio per scoprire tutto il resto.<\/p>\n\n\n\n<p><em><strong>Enzo Concardi<\/strong><\/em><\/p>\n\n\n\n<p>AA. VV., <em>La poesia di Wanda Lombardi nella critica italiana<\/em>, prefazione di Maria Rizzi, Guido Miano Editore, Milano 2025, pp. 104, isbn 979-12-81351-57-8, mianoposta@gmail.com.<\/p>\n","protected":false},"excerpt":{"rendered":"<p>Guido Miano Editore, Milano 2025 Recensione di Enzo Concardi \u201cLa poesia di Wanda Lombardi nella critica italiana\u201d \u00e8 una pubblicazione [&hellip;]<\/p>\n","protected":false},"author":1,"featured_media":0,"comment_status":"open","ping_status":"open","sticky":false,"template":"","format":"standard","meta":{"footnotes":""},"categories":[1],"tags":[],"class_list":["post-74431","post","type-post","status-publish","format-standard","hentry","category-sin-categoria"],"_links":{"self":[{"href":"https:\/\/www.ecoitaliano.com.ar\/index.php?rest_route=\/wp\/v2\/posts\/74431","targetHints":{"allow":["GET"]}}],"collection":[{"href":"https:\/\/www.ecoitaliano.com.ar\/index.php?rest_route=\/wp\/v2\/posts"}],"about":[{"href":"https:\/\/www.ecoitaliano.com.ar\/index.php?rest_route=\/wp\/v2\/types\/post"}],"author":[{"embeddable":true,"href":"https:\/\/www.ecoitaliano.com.ar\/index.php?rest_route=\/wp\/v2\/users\/1"}],"replies":[{"embeddable":true,"href":"https:\/\/www.ecoitaliano.com.ar\/index.php?rest_route=%2Fwp%2Fv2%2Fcomments&post=74431"}],"version-history":[{"count":1,"href":"https:\/\/www.ecoitaliano.com.ar\/index.php?rest_route=\/wp\/v2\/posts\/74431\/revisions"}],"predecessor-version":[{"id":74434,"href":"https:\/\/www.ecoitaliano.com.ar\/index.php?rest_route=\/wp\/v2\/posts\/74431\/revisions\/74434"}],"wp:attachment":[{"href":"https:\/\/www.ecoitaliano.com.ar\/index.php?rest_route=%2Fwp%2Fv2%2Fmedia&parent=74431"}],"wp:term":[{"taxonomy":"category","embeddable":true,"href":"https:\/\/www.ecoitaliano.com.ar\/index.php?rest_route=%2Fwp%2Fv2%2Fcategories&post=74431"},{"taxonomy":"post_tag","embeddable":true,"href":"https:\/\/www.ecoitaliano.com.ar\/index.php?rest_route=%2Fwp%2Fv2%2Ftags&post=74431"}],"curies":[{"name":"wp","href":"https:\/\/api.w.org\/{rel}","templated":true}]}}