{"id":74466,"date":"2025-06-03T23:18:05","date_gmt":"2025-06-03T23:18:05","guid":{"rendered":"https:\/\/www.ecoitaliano.com.ar\/?p=74466"},"modified":"2025-06-03T23:18:05","modified_gmt":"2025-06-03T23:18:05","slug":"serena-conduce-operaclassica-eco-italiano-4386","status":"publish","type":"post","link":"https:\/\/www.ecoitaliano.com.ar\/?p=74466","title":{"rendered":"Serena conduce operaclassica eco italiano"},"content":{"rendered":"<div class=\"wp-block-image\">\n<figure class=\"aligncenter size-full\"><a href=\"http:\/\/www.ecoitaliano.com.ar\/wp-content\/uploads\/2025\/06\/image004.png\"><img decoding=\"async\" width=\"143\" height=\"89\" src=\"http:\/\/www.ecoitaliano.com.ar\/wp-content\/uploads\/2025\/06\/image004.png\" alt=\"\" class=\"wp-image-74369\"\/><\/a><\/figure><\/div>\n\n\n<p>Ufficio stampa&nbsp;&nbsp;&nbsp;&nbsp;&nbsp;&nbsp;&nbsp;&nbsp;&nbsp;&nbsp;&nbsp;&nbsp;&nbsp;&nbsp;&nbsp;&nbsp;&nbsp;&nbsp;&nbsp;&nbsp;&nbsp;&nbsp;&nbsp;&nbsp;&nbsp;&nbsp;&nbsp;&nbsp;&nbsp;&nbsp;&nbsp;&nbsp;&nbsp;&nbsp;&nbsp;&nbsp;&nbsp;&nbsp;&nbsp;&nbsp;&nbsp;&nbsp;&nbsp;&nbsp;&nbsp;&nbsp;&nbsp;&nbsp;&nbsp;&nbsp;&nbsp;&nbsp;&nbsp;&nbsp;&nbsp;&nbsp;&nbsp;&nbsp;&nbsp;&nbsp;&nbsp;&nbsp;&nbsp;&nbsp;&nbsp;&nbsp;&nbsp;&nbsp;&nbsp;&nbsp;&nbsp;&nbsp;&nbsp;&nbsp;&nbsp;&nbsp;&nbsp;&nbsp;&nbsp;&nbsp;&nbsp;&nbsp;&nbsp;&nbsp;&nbsp;&nbsp;&nbsp;&nbsp;&nbsp;&nbsp;&nbsp;&nbsp;&nbsp;&nbsp;&nbsp;&nbsp;&nbsp;&nbsp;&nbsp;&nbsp;&nbsp;&nbsp;&nbsp;&nbsp;&nbsp;&nbsp;&nbsp;&nbsp;&nbsp;&nbsp;&nbsp;&nbsp; &nbsp;&nbsp;&nbsp;&nbsp;&nbsp;&nbsp;&nbsp;&nbsp;&nbsp;&nbsp; 03\/06\/2025<\/p>\n\n\n\n<p><strong>DIODATO GUEST STAR DI ROBERTO BOLLE ALL&#8217;ARENA DI VERONA IL 22 E IL 23 LUGLIO<\/strong><\/p>\n\n\n\n<p><strong>L&#8217;inedito featuring live per celebrare i 25 anni del gala \u00abRoberto Bolle and Friends\u00bb<\/strong><\/p>\n\n\n\n<p>Un anniversario lungo 25 anni. Il Gala \u00abRoberto Bolle and Friends\u00bb torna a Verona nell&#8217;estate 2025 con un ospite speciale. Marted\u00ec 22 e mercoled\u00ec 23 luglio, Antonio Diodato sar\u00e0 sul palcoscenico dell\u2019Arena e si esibir\u00e0 live in un pezzo con l&#8217;Etoile della Scala.<\/p>\n\n\n\n<p>Se i programmi televisivi di Roberto Bolle sono da sempre un luogo creativo in cui gli artisti di ogni genere si sono ritrovati per creare sinergie inedite, \u00e8 la prima volta che il Gala \u00abRoberto Bolle and friends\u00bb vede l\u2019esibizione di uno dei pi\u00f9 amati cantanti italiani.&nbsp;<\/p>\n\n\n\n<p>Non \u00e8 la prima volta che Roberto Bolle e Antonio Diodato si incontrano artisticamente. Il cantante \u00e8 stato infatti ospite del programma \u00abDanza con Me\u00bb il 1\u00b0 gennaio del 2021 e la sua partecipazione \u00e8 stata particolarmente sorprendente.&nbsp;<\/p>\n\n\n\n<p>Un featuring teatrale inedito &#8211; di cui non sono stati ancora dichiarati i contenuti &#8211; che celebra una data importante: 25 anni di Gala \u00abRoberto Bolle and friends\u00bb, uno spettacolo che ha girato il mondo e conta centinaia di migliaia di spettatori che sanno che, ovunque andranno a vederlo, troveranno uno show sempre nuovo, magico, speciale. Come in questa occasione.&nbsp;<\/p>\n\n\n\n<p>I biglietti dello spettacolo, coprodotto da Fondazione Arena di Verona e Artedanza,&nbsp;sono in vendita su <a href=\"https:\/\/eur04.safelinks.protection.outlook.com\/?url=http%253A%252F%252Farena.it%252F&amp;data=05%257C02%257Calessandro.rigoni%2540arenadiverona.it%257C2cbc153d11114ac82aa008dc4fe3ef93%257C2b2afe864e714056a75c871748d50c4d%257C0%257C0%257C638473087581221195%257CUnknown%257CTWFpbGZsb3d8eyJWIjoiMC4wLjAwMDAiLCJQIjoiV2luMzIiLCJBTiI6Ik1haWwiLCJXVCI6Mn0%253D%257C0%257C%257C%257C&amp;sdata=sklM4OXfPC33SA6SixHi17yE2uqtq9iFquNS%252F%252Bx6zmc%253D&amp;reserved=0\" target=\"_blank\" rel=\"noreferrer noopener\">arena.it<\/a>, alla biglietteria dell\u2019Arena di Verona e su Ticketone.&nbsp;Speciali riduzioni sono riservate agli under 30 e agli over 65.&nbsp;<\/p>\n\n\n\n<p><strong>Informazioni&nbsp;<\/strong><\/p>\n\n\n\n<p><strong>Ufficio Stampa Fondazione Arena di Verona&nbsp;<\/strong><\/p>\n\n\n\n<p>Via Roma 7\/D, 37121 Verona&nbsp;<\/p>\n\n\n\n<p>tel. (+39) 045 805.1861-1905-1891-1939 -1847<\/p>\n\n\n\n<p><a href=\"mailto:ufficio.stampa@arenadiverona.it\">ufficio.stampa@arenadiverona.it<\/a>&nbsp;&nbsp;<\/p>\n\n\n\n<p><strong>Biglietteria&nbsp;<\/strong><\/p>\n\n\n\n<p>Via Dietro Anfiteatro 6\/B, 37121 Verona&nbsp;&nbsp;<\/p>\n\n\n\n<p><a href=\"mailto:biglietteria@arenadiverona.it\">biglietteria@arenadiverona.it<\/a> &nbsp;&nbsp;<\/p>\n\n\n\n<p>Call center (+39) 045 800.51.51&nbsp;&nbsp;<\/p>\n\n\n\n<p><a href=\"http:\/\/www.arena.it\">www.arena.it<\/a><\/p>\n\n\n\n<p>foto<\/p>\n\n\n\n<figure class=\"wp-block-gallery has-nested-images columns-default is-cropped wp-block-gallery-1 is-layout-flex wp-block-gallery-is-layout-flex\">\n<figure class=\"wp-block-image size-large\"><a href=\"https:\/\/www.ecoitaliano.com.ar\/wp-content\/uploads\/2025\/06\/Diodato_Alessandro-Treves_.jpg\"><img decoding=\"async\" width=\"638\" height=\"1024\" data-id=\"74467\" src=\"https:\/\/www.ecoitaliano.com.ar\/wp-content\/uploads\/2025\/06\/Diodato_Alessandro-Treves_-638x1024.jpg\" alt=\"\" class=\"wp-image-74467\" srcset=\"https:\/\/www.ecoitaliano.com.ar\/wp-content\/uploads\/2025\/06\/Diodato_Alessandro-Treves_-638x1024.jpg 638w, https:\/\/www.ecoitaliano.com.ar\/wp-content\/uploads\/2025\/06\/Diodato_Alessandro-Treves_-187x300.jpg 187w, https:\/\/www.ecoitaliano.com.ar\/wp-content\/uploads\/2025\/06\/Diodato_Alessandro-Treves_-93x150.jpg 93w, https:\/\/www.ecoitaliano.com.ar\/wp-content\/uploads\/2025\/06\/Diodato_Alessandro-Treves_.jpg 678w\" sizes=\"(max-width: 638px) 100vw, 638px\" \/><\/a><\/figure>\n\n\n\n<figure class=\"wp-block-image size-large\"><a href=\"https:\/\/www.ecoitaliano.com.ar\/wp-content\/uploads\/2025\/06\/DIODATO_Alessandro-Treves-scaled.jpeg\"><img decoding=\"async\" width=\"683\" height=\"1024\" data-id=\"74468\" src=\"https:\/\/www.ecoitaliano.com.ar\/wp-content\/uploads\/2025\/06\/DIODATO_Alessandro-Treves-683x1024.jpeg\" alt=\"\" class=\"wp-image-74468\" srcset=\"https:\/\/www.ecoitaliano.com.ar\/wp-content\/uploads\/2025\/06\/DIODATO_Alessandro-Treves-683x1024.jpeg 683w, https:\/\/www.ecoitaliano.com.ar\/wp-content\/uploads\/2025\/06\/DIODATO_Alessandro-Treves-200x300.jpeg 200w, https:\/\/www.ecoitaliano.com.ar\/wp-content\/uploads\/2025\/06\/DIODATO_Alessandro-Treves-768x1152.jpeg 768w, https:\/\/www.ecoitaliano.com.ar\/wp-content\/uploads\/2025\/06\/DIODATO_Alessandro-Treves-1024x1536.jpeg 1024w, https:\/\/www.ecoitaliano.com.ar\/wp-content\/uploads\/2025\/06\/DIODATO_Alessandro-Treves-1365x2048.jpeg 1365w, https:\/\/www.ecoitaliano.com.ar\/wp-content\/uploads\/2025\/06\/DIODATO_Alessandro-Treves-100x150.jpeg 100w, https:\/\/www.ecoitaliano.com.ar\/wp-content\/uploads\/2025\/06\/DIODATO_Alessandro-Treves-scaled.jpeg 1707w\" sizes=\"(max-width: 683px) 100vw, 683px\" \/><\/a><\/figure>\n<\/figure>\n","protected":false},"excerpt":{"rendered":"<p>Ufficio stampa&nbsp;&nbsp;&nbsp;&nbsp;&nbsp;&nbsp;&nbsp;&nbsp;&nbsp;&nbsp;&nbsp;&nbsp;&nbsp;&nbsp;&nbsp;&nbsp;&nbsp;&nbsp;&nbsp;&nbsp;&nbsp;&nbsp;&nbsp;&nbsp;&nbsp;&nbsp;&nbsp;&nbsp;&nbsp;&nbsp;&nbsp;&nbsp;&nbsp;&nbsp;&nbsp;&nbsp;&nbsp;&nbsp;&nbsp;&nbsp;&nbsp;&nbsp;&nbsp;&nbsp;&nbsp;&nbsp;&nbsp;&nbsp;&nbsp;&nbsp;&nbsp;&nbsp;&nbsp;&nbsp;&nbsp;&nbsp;&nbsp;&nbsp;&nbsp;&nbsp;&nbsp;&nbsp;&nbsp;&nbsp;&nbsp;&nbsp;&nbsp;&nbsp;&nbsp;&nbsp;&nbsp;&nbsp;&nbsp;&nbsp;&nbsp;&nbsp;&nbsp;&nbsp;&nbsp;&nbsp;&nbsp;&nbsp;&nbsp;&nbsp;&nbsp;&nbsp;&nbsp;&nbsp;&nbsp;&nbsp;&nbsp;&nbsp;&nbsp;&nbsp;&nbsp;&nbsp;&nbsp;&nbsp;&nbsp;&nbsp;&nbsp;&nbsp;&nbsp;&nbsp;&nbsp;&nbsp;&nbsp;&nbsp;&nbsp;&nbsp;&nbsp;&nbsp; &nbsp;&nbsp;&nbsp;&nbsp;&nbsp;&nbsp;&nbsp;&nbsp;&nbsp;&nbsp; 03\/06\/2025 DIODATO GUEST STAR DI ROBERTO BOLLE ALL&#8217;ARENA DI VERONA IL 22 E IL 23 LUGLIO L&#8217;inedito [&hellip;]<\/p>\n","protected":false},"author":1,"featured_media":0,"comment_status":"open","ping_status":"open","sticky":false,"template":"","format":"standard","meta":{"footnotes":""},"categories":[1],"tags":[],"class_list":["post-74466","post","type-post","status-publish","format-standard","hentry","category-sin-categoria"],"_links":{"self":[{"href":"https:\/\/www.ecoitaliano.com.ar\/index.php?rest_route=\/wp\/v2\/posts\/74466","targetHints":{"allow":["GET"]}}],"collection":[{"href":"https:\/\/www.ecoitaliano.com.ar\/index.php?rest_route=\/wp\/v2\/posts"}],"about":[{"href":"https:\/\/www.ecoitaliano.com.ar\/index.php?rest_route=\/wp\/v2\/types\/post"}],"author":[{"embeddable":true,"href":"https:\/\/www.ecoitaliano.com.ar\/index.php?rest_route=\/wp\/v2\/users\/1"}],"replies":[{"embeddable":true,"href":"https:\/\/www.ecoitaliano.com.ar\/index.php?rest_route=%2Fwp%2Fv2%2Fcomments&post=74466"}],"version-history":[{"count":1,"href":"https:\/\/www.ecoitaliano.com.ar\/index.php?rest_route=\/wp\/v2\/posts\/74466\/revisions"}],"predecessor-version":[{"id":74469,"href":"https:\/\/www.ecoitaliano.com.ar\/index.php?rest_route=\/wp\/v2\/posts\/74466\/revisions\/74469"}],"wp:attachment":[{"href":"https:\/\/www.ecoitaliano.com.ar\/index.php?rest_route=%2Fwp%2Fv2%2Fmedia&parent=74466"}],"wp:term":[{"taxonomy":"category","embeddable":true,"href":"https:\/\/www.ecoitaliano.com.ar\/index.php?rest_route=%2Fwp%2Fv2%2Fcategories&post=74466"},{"taxonomy":"post_tag","embeddable":true,"href":"https:\/\/www.ecoitaliano.com.ar\/index.php?rest_route=%2Fwp%2Fv2%2Ftags&post=74466"}],"curies":[{"name":"wp","href":"https:\/\/api.w.org\/{rel}","templated":true}]}}