{"id":74470,"date":"2025-06-03T23:20:21","date_gmt":"2025-06-03T23:20:21","guid":{"rendered":"https:\/\/www.ecoitaliano.com.ar\/?p=74470"},"modified":"2025-06-03T23:20:29","modified_gmt":"2025-06-03T23:20:29","slug":"serena-conduce-operaclassica-eco-italiano-4387","status":"publish","type":"post","link":"https:\/\/www.ecoitaliano.com.ar\/?p=74470","title":{"rendered":"Serena conduce operaclassica eco italiano"},"content":{"rendered":"\n<figure class=\"wp-block-image size-full\"><a href=\"http:\/\/www.ecoitaliano.com.ar\/wp-content\/uploads\/2025\/06\/dfgjoe.jpg\"><img decoding=\"async\" width=\"281\" height=\"101\" src=\"http:\/\/www.ecoitaliano.com.ar\/wp-content\/uploads\/2025\/06\/dfgjoe.jpg\" alt=\"\" class=\"wp-image-74471\" srcset=\"https:\/\/www.ecoitaliano.com.ar\/wp-content\/uploads\/2025\/06\/dfgjoe.jpg 281w, https:\/\/www.ecoitaliano.com.ar\/wp-content\/uploads\/2025\/06\/dfgjoe-150x54.jpg 150w\" sizes=\"(max-width: 281px) 100vw, 281px\" \/><\/a><\/figure>\n\n\n\n<p><strong>FABIO&nbsp;LUISI&nbsp;CHIUDE LA STAGIONE 2024\/2025 DELL\u2019ORCHESTRA RAI<\/strong><\/p>\n\n\n\n<p><strong>Gioved\u00ec 5 e venerd\u00ec 6 giugno a Torino con l\u2019Incompiuta di Schubert e la Settima sinfonia di Bruckner<\/strong><\/p>\n\n\n\n<p>\u00c8&nbsp;affidato al Direttore emerito&nbsp;<strong>Fabio&nbsp;Luisi<\/strong>&nbsp;il concerto di chiusura della stagione 2024\/2025 dell\u2019<strong>Orchestra Sinfonica Nazionale della Rai<\/strong>, in programma&nbsp;<strong>gioved\u00ec 5 giugno<\/strong>&nbsp;alle 20.30 all\u2019<strong>Auditorium Rai&nbsp;<\/strong><strong>\u201c<\/strong><strong>Arturo Toscanini<\/strong><strong>\u201d<\/strong><strong>&nbsp;di Torino<\/strong>.&nbsp;La serata, trasmessa in live streaming sul portale di Rai Cultura, \u00e8&nbsp;registrata da&nbsp;Radio3 che la trasmetter\u00e0 in differita in data da destinarsi ed&nbsp;\u00e8 replicata&nbsp;venerd\u00ec 6 giugno alle 20.<\/p>\n\n\n\n<p>Luisi, che ricopre importanti incarichi presso la Dallas Symphony Orchestra e la NHK Symphony Orchestra di&nbsp;Tokyo, accosta due celebri pagine del grande repertorio sinfonico. In apertura di serata la Sinfonia n. 8 in si minore D 759 di Franz Schubert, detta \u201cIncompiuta\u201d. Scritta nel 1822, fu eseguita per la prima volta nel 1865, allorch\u00e9 il direttore Johann von Herbeck la riscopr\u00ec nella biblioteca di uno degli amici fidati di Schubert. Composta di due soli movimenti e di uno Scherzo lasciato allo stato di abbozzo \u2013 per ragioni mai chiarite che hanno alimentato l\u2019equivoco sulla sua \u201ccompiutezza\u201d \u2013 la pagina \u00e8 una delle pi\u00f9 squisite espressioni del romanticismo musicale.<\/p>\n\n\n\n<p>Nella seconda parte della serata \u00e8 invece in programma la Sinfonia n. 7 in mi maggiore di Anton Bruckner. Opera monumentale, composta fra il 1881 e il 1883, consacr\u00f2 alla fama universale il suo autore, ormai sessantenne. Centro espressivo della Settima \u00e8 la profonda meditazione sulla morte contenuta nell\u2019Adagio, che Bruckner scrisse sotto l\u2019impressione della malattia e della scomparsa del venerato Wagner. Sinfonia di assoluto lirismo, manifesta con solennit\u00e0 il temperamento tragico e febbrile dell\u2019ultimo Romanticismo. \u00c8 eseguita nell\u2019edizione Leopold Nowak pubblicata nel 1954.<\/p>\n\n\n\n<p>I biglietti per il concerto, da 9 a 30 euro,\u00a0sono in vendita\u00a0presso la biglietteria dell\u2019Auditorium Rai di Torino e\u00a0<a href=\"https:\/\/www.bigliettionline.rai.it\/\" target=\"_blank\" rel=\"noreferrer noopener\">online<\/a>\u00a0sul sito dell\u2019OSN Rai.\u00a0Informazioni: 011.8104653\u00a0\u2013\u00a0<a href=\"mailto:biglietteria.osn@rai.it\" target=\"_blank\" rel=\"noreferrer noopener\">biglietteria.osn@rai.it<\/a>\u00a0\u2013\u00a0<a href=\"http:\/\/www.osn.rai.it\/\" target=\"_blank\" rel=\"noreferrer noopener\">www.osn.rai.it<\/a>.<\/p>\n\n\n\n<p>foto<\/p>\n\n\n\n<figure class=\"wp-block-gallery has-nested-images columns-default is-cropped wp-block-gallery-1 is-layout-flex wp-block-gallery-is-layout-flex\">\n<figure class=\"wp-block-image size-large\"><a href=\"https:\/\/www.ecoitaliano.com.ar\/wp-content\/uploads\/2025\/06\/OSN-Rai-_-Luisi_PiuLuce\u00a92018n15-105.jpg\"><img decoding=\"async\" width=\"1024\" height=\"684\" data-id=\"74472\" src=\"https:\/\/www.ecoitaliano.com.ar\/wp-content\/uploads\/2025\/06\/OSN-Rai-_-Luisi_PiuLuce\u00a92018n15-105-1024x684.jpg\" alt=\"\" class=\"wp-image-74472\" srcset=\"https:\/\/www.ecoitaliano.com.ar\/wp-content\/uploads\/2025\/06\/OSN-Rai-_-Luisi_PiuLuce\u00a92018n15-105-1024x684.jpg 1024w, https:\/\/www.ecoitaliano.com.ar\/wp-content\/uploads\/2025\/06\/OSN-Rai-_-Luisi_PiuLuce\u00a92018n15-105-300x200.jpg 300w, https:\/\/www.ecoitaliano.com.ar\/wp-content\/uploads\/2025\/06\/OSN-Rai-_-Luisi_PiuLuce\u00a92018n15-105-768x513.jpg 768w, https:\/\/www.ecoitaliano.com.ar\/wp-content\/uploads\/2025\/06\/OSN-Rai-_-Luisi_PiuLuce\u00a92018n15-105-150x100.jpg 150w, https:\/\/www.ecoitaliano.com.ar\/wp-content\/uploads\/2025\/06\/OSN-Rai-_-Luisi_PiuLuce\u00a92018n15-105.jpg 1209w\" sizes=\"(max-width: 1024px) 100vw, 1024px\" \/><\/a><\/figure>\n<\/figure>\n\n\n\n<p>Paolo Cairoli<br>Rai\u00a0Cultura &#8211; Comunicazione<br>Auditorium\u00a0Rai\u00a0\u201cArturo Toscanini\u201d <br>Piazza Rossaro<br>10124 Torino<br>T. 011.8104996<br>M.\u00a0331.8361276<\/p>\n\n\n\n<p><a href=\"http:\/\/www.osnrai.it\/\" target=\"_blank\" rel=\"noreferrer noopener\">www.osn.rai.it<\/a><\/p>\n","protected":false},"excerpt":{"rendered":"<p>FABIO&nbsp;LUISI&nbsp;CHIUDE LA STAGIONE 2024\/2025 DELL\u2019ORCHESTRA RAI Gioved\u00ec 5 e venerd\u00ec 6 giugno a Torino con l\u2019Incompiuta di Schubert e la [&hellip;]<\/p>\n","protected":false},"author":1,"featured_media":0,"comment_status":"open","ping_status":"open","sticky":false,"template":"","format":"standard","meta":{"footnotes":""},"categories":[1],"tags":[],"class_list":["post-74470","post","type-post","status-publish","format-standard","hentry","category-sin-categoria"],"_links":{"self":[{"href":"https:\/\/www.ecoitaliano.com.ar\/index.php?rest_route=\/wp\/v2\/posts\/74470","targetHints":{"allow":["GET"]}}],"collection":[{"href":"https:\/\/www.ecoitaliano.com.ar\/index.php?rest_route=\/wp\/v2\/posts"}],"about":[{"href":"https:\/\/www.ecoitaliano.com.ar\/index.php?rest_route=\/wp\/v2\/types\/post"}],"author":[{"embeddable":true,"href":"https:\/\/www.ecoitaliano.com.ar\/index.php?rest_route=\/wp\/v2\/users\/1"}],"replies":[{"embeddable":true,"href":"https:\/\/www.ecoitaliano.com.ar\/index.php?rest_route=%2Fwp%2Fv2%2Fcomments&post=74470"}],"version-history":[{"count":2,"href":"https:\/\/www.ecoitaliano.com.ar\/index.php?rest_route=\/wp\/v2\/posts\/74470\/revisions"}],"predecessor-version":[{"id":74474,"href":"https:\/\/www.ecoitaliano.com.ar\/index.php?rest_route=\/wp\/v2\/posts\/74470\/revisions\/74474"}],"wp:attachment":[{"href":"https:\/\/www.ecoitaliano.com.ar\/index.php?rest_route=%2Fwp%2Fv2%2Fmedia&parent=74470"}],"wp:term":[{"taxonomy":"category","embeddable":true,"href":"https:\/\/www.ecoitaliano.com.ar\/index.php?rest_route=%2Fwp%2Fv2%2Fcategories&post=74470"},{"taxonomy":"post_tag","embeddable":true,"href":"https:\/\/www.ecoitaliano.com.ar\/index.php?rest_route=%2Fwp%2Fv2%2Ftags&post=74470"}],"curies":[{"name":"wp","href":"https:\/\/api.w.org\/{rel}","templated":true}]}}