{"id":74480,"date":"2025-06-03T23:28:41","date_gmt":"2025-06-03T23:28:41","guid":{"rendered":"https:\/\/www.ecoitaliano.com.ar\/?p=74480"},"modified":"2025-06-03T23:28:41","modified_gmt":"2025-06-03T23:28:41","slug":"serena-conduce-operaclassica-eco-italiano-4389","status":"publish","type":"post","link":"https:\/\/www.ecoitaliano.com.ar\/?p=74480","title":{"rendered":"Serena conduce operaclassica eco italiano"},"content":{"rendered":"<div class=\"wp-block-image\">\n<figure class=\"aligncenter size-full is-resized\"><a href=\"http:\/\/www.ecoitaliano.com.ar\/wp-content\/uploads\/2025\/06\/Screenshot-1161.png\"><img decoding=\"async\" width=\"520\" height=\"169\" src=\"http:\/\/www.ecoitaliano.com.ar\/wp-content\/uploads\/2025\/06\/Screenshot-1161.png\" alt=\"\" class=\"wp-image-74481\" style=\"width:419px;height:auto\" srcset=\"https:\/\/www.ecoitaliano.com.ar\/wp-content\/uploads\/2025\/06\/Screenshot-1161.png 520w, https:\/\/www.ecoitaliano.com.ar\/wp-content\/uploads\/2025\/06\/Screenshot-1161-300x98.png 300w, https:\/\/www.ecoitaliano.com.ar\/wp-content\/uploads\/2025\/06\/Screenshot-1161-150x49.png 150w\" sizes=\"(max-width: 520px) 100vw, 520px\" \/><\/a><\/figure><\/div>\n\n\n<p><strong>Comunicato Stampa<\/strong><\/p>\n\n\n\n<p><strong>MUS\u018f \u2013 Voci di donne, contro il silenzio<\/strong><\/p>\n\n\n\n<p><strong>Live alla Terrazza del Teatro di San Carlo<\/strong><\/p>\n\n\n\n<p><strong>6 giugno \u2013 24 luglio 2025<\/strong><\/p>\n\n\n\n<p>La <strong>Fondazione Teatro di San Carlo<\/strong> \u00e8 orgogliosa di annunciare la prima edizione di <strong>Mus\u0259<\/strong>, rassegna estiva interamente dedicata alla scena artistica femminile, che si svolger\u00e0 nella suggestiva cornice della <strong>Terrazza del Teatro di San Carlo<\/strong> con un appuntamento a settimana <strong>a partire dal 6 giugno<\/strong>&nbsp; fino a <strong>gioved\u00ec 24 luglio<\/strong>. Tutti gli eventi saranno alle ore <strong>20:30<\/strong>.<\/p>\n\n\n\n<p>Con \u201c<strong>Mus\u0259 \u2013 Voci di donne<\/strong> <strong>contro il silenzio\u201d<\/strong>, la musica, l\u2019arte e la parola diventano strumenti di <strong>impegno civile contro il femminicidio e la violenza di genere<\/strong>. Una rassegna dal profondo impatto sociale, che affianca alla qualit\u00e0 artistica la responsabilit\u00e0 di un messaggio urgente e necessario: dare voce a chi non pu\u00f2 pi\u00f9 parlare, attraverso l\u2019arte delle donne.<\/p>\n\n\n\n<p>Il <strong>Coro femminile<\/strong> <strong>del Teatro di San Carlo<\/strong>, che apre e chiude la rassegna, ha sentito fortemente il dovere di aderire al progetto: una presenza simbolica e potente che sancisce l\u2019impegno dell\u2019istituzione nel promuovere consapevolezza, memoria e bellezza attraverso il linguaggio della musica. Le <strong>Artiste del Coro<\/strong>, negli appuntamenti di <strong>venerd\u00ec 6 giugno<\/strong> e <strong>gioved\u00ec 24 luglio<\/strong>, verranno dirette da <strong>Stefania Rinaldi <\/strong>e accompagnate al pianoforte da <strong>Vincenzo Caruso<\/strong>. Interviene all\u2019evento inaugurale <strong>Giovanni Conzo<\/strong>, Procuratore aggiunto di Roma.<\/p>\n\n\n\n<p><strong>Mus\u0259<\/strong> \u00e8 anche uno spazio di valorizzazione della nuova creativit\u00e0 femminile che riprende i tanti appuntamenti laboratoriali di <strong>Officine San Carlo<\/strong>: protagoniste sono <strong>giovani artiste under 30<\/strong>, affiancate da <strong>artiste affermate della scena nazionale e internazionale<\/strong>, in un dialogo generazionale che arricchisce e contamina. Una vera e propria staffetta artistica tra le voci emergenti e quelle autorevoli: dalle giovani soliste dell\u2019Accademia di Canto Lirico, alle promesse del pop contemporaneo, fino ai nomi gi\u00e0 noti del panorama musicale italiano. Protagoniste degli appuntamenti saranno <strong>Altea e Ginevra <\/strong>(13 giugno),<strong> Simona Molinari <\/strong>(20 giugno),<strong> Anna Castiglia <\/strong>e <strong>Alice <\/strong>(27 giugno)<strong>, Giulia Mei <\/strong>e <strong>Greta Zuccoli <\/strong>(3 luglio),<strong> Meg <\/strong>(11 luglio) e <strong>Emanuela Cappello<\/strong> presentata dal collettivo <strong>Allert\u2019 Comedy <\/strong>(18 luglio).<\/p>\n\n\n\n<p>A ogni appuntamento, si dar\u00e0 voce a brani e testimonianze attraverso reading sul tema della violenza di genere per dare parola al dolore, trasformandolo in riflessione e comunit\u00e0: le voci di donne che si succederanno sono quelle di <strong>Antonella Romano <\/strong>(6 giugno),il Procuratore per i minori di Napoli <strong>Patrizia Imperato<\/strong> (13 giugno), <strong>Cristina Donadio<\/strong> (20 giugno),<strong> Almerinda Padricelli<\/strong> (27 giugno)<strong>, Mariangela D\u2019Abbraccio <\/strong>(3 luglio),<strong> Antonella Stefanucci<\/strong> (11 luglio), <strong>Giovanna Tinaro <\/strong>(18 luglio) e <strong>Marisa Laurito <\/strong>(24 luglio).<\/p>\n\n\n\n<p>Tra i simboli visivi della rassegna, spicca l\u2019installazione <strong>\u201cScarpe Rosse\u201d<\/strong> dell\u2019artista <strong>Antonella Romano<\/strong>: calzature femminili in fil di ferro, leggere e spettrali, che denunciano con forza la sottrazione della vita e della libert\u00e0 alle donne. Un\u2019opera che accompagner\u00e0 tutto il percorso di Mus\u0259, ricordandoci, silenziosamente, l\u2019urgenza di non restare indifferenti.<\/p>\n\n\n\n<p>Tutti i concerti, pensati come esperienze intime e partecipate, saranno anticipati da un <strong>aperitivo<\/strong> condiviso sulla terrazza, con apertura alle ore <strong>18:30<\/strong>.<\/p>\n\n\n\n<p><strong>Info<\/strong><\/p>\n\n\n\n<p><strong>Location:<\/strong> Terrazza del Teatro di San Carlo<\/p>\n\n\n\n<p>Via San Carlo 98\/F \u2013 I Piano (Ingresso artisti), Napoli<\/p>\n\n\n\n<p><strong>Apertura: <\/strong>ore 18:30 (con possibilit\u00e0 di aperitivo)<\/p>\n\n\n\n<p><strong>Inizio spettacoli<\/strong>: ore 20:30<\/p>\n\n\n\n<p>Biglietti disponibili da marted\u00ec 20 maggio presso la biglietteria del Teatro di San Carlo e su VivaTicket (<a href=\"https:\/\/l.instagram.com\/?u=https%3A%2F%2Flinktr.ee%2Fofficinesancarlo%3Ffbclid%3DPAZXh0bgNhZW0CMTEAAaf-CVKwzx4EEeZK5QpBdkbtDhQOD09mhpjvTVQ_4MW7WlpmwIJXEto47Vq0xg_aem_TwH1iA34N8Jo63nSKklcjg&amp;e=AT2ioWlaR1ylIiWgFabITGd3adXRIbA1pwxs7Q2O_UWYbctVL9UkmkvejUSvClOfZFVJHK_gJ6bycj_QxN4w-obgd82jifKd7l-myQ\" target=\"_blank\" rel=\"noreferrer noopener\">linktr.ee\/officinesancarlo)<\/a><\/p>\n\n\n\n<p>T +39 0817972331\/421 | biglietteria@teatrosancarlo.it<\/p>\n\n\n\n<p>Orari: tutti i giorni&nbsp;10:00&nbsp;\u2013&nbsp;18:00<\/p>\n\n\n\n<p><\/p>\n\n\n\n<p><strong>Dipartimento Ricerca, Editoria e Comunicazione<\/strong><strong><\/strong><\/p>\n\n\n\n<p><a href=\"mailto:dipartimentocomunicazione@teatrosancarlo.it\">dipartimentocomunicazione@teatrosancarlo.it<\/a> | 0817972301<\/p>\n\n\n\n<p>foto<\/p>\n\n\n\n<figure class=\"wp-block-gallery has-nested-images columns-default is-cropped wp-block-gallery-1 is-layout-flex wp-block-gallery-is-layout-flex\">\n<figure class=\"wp-block-image size-large\"><a href=\"https:\/\/www.ecoitaliano.com.ar\/wp-content\/uploads\/2025\/06\/MUSAE_Locandina.jpg\"><img decoding=\"async\" width=\"819\" height=\"1024\" data-id=\"74482\" src=\"https:\/\/www.ecoitaliano.com.ar\/wp-content\/uploads\/2025\/06\/MUSAE_Locandina-819x1024.jpg\" alt=\"\" class=\"wp-image-74482\" srcset=\"https:\/\/www.ecoitaliano.com.ar\/wp-content\/uploads\/2025\/06\/MUSAE_Locandina-819x1024.jpg 819w, https:\/\/www.ecoitaliano.com.ar\/wp-content\/uploads\/2025\/06\/MUSAE_Locandina-240x300.jpg 240w, https:\/\/www.ecoitaliano.com.ar\/wp-content\/uploads\/2025\/06\/MUSAE_Locandina-768x960.jpg 768w, https:\/\/www.ecoitaliano.com.ar\/wp-content\/uploads\/2025\/06\/MUSAE_Locandina-120x150.jpg 120w, https:\/\/www.ecoitaliano.com.ar\/wp-content\/uploads\/2025\/06\/MUSAE_Locandina.jpg 1080w\" sizes=\"(max-width: 819px) 100vw, 819px\" \/><\/a><\/figure>\n<\/figure>\n","protected":false},"excerpt":{"rendered":"<p>Comunicato Stampa MUS\u018f \u2013 Voci di donne, contro il silenzio Live alla Terrazza del Teatro di San Carlo 6 giugno [&hellip;]<\/p>\n","protected":false},"author":1,"featured_media":0,"comment_status":"open","ping_status":"open","sticky":false,"template":"","format":"standard","meta":{"footnotes":""},"categories":[1],"tags":[],"class_list":["post-74480","post","type-post","status-publish","format-standard","hentry","category-sin-categoria"],"_links":{"self":[{"href":"https:\/\/www.ecoitaliano.com.ar\/index.php?rest_route=\/wp\/v2\/posts\/74480","targetHints":{"allow":["GET"]}}],"collection":[{"href":"https:\/\/www.ecoitaliano.com.ar\/index.php?rest_route=\/wp\/v2\/posts"}],"about":[{"href":"https:\/\/www.ecoitaliano.com.ar\/index.php?rest_route=\/wp\/v2\/types\/post"}],"author":[{"embeddable":true,"href":"https:\/\/www.ecoitaliano.com.ar\/index.php?rest_route=\/wp\/v2\/users\/1"}],"replies":[{"embeddable":true,"href":"https:\/\/www.ecoitaliano.com.ar\/index.php?rest_route=%2Fwp%2Fv2%2Fcomments&post=74480"}],"version-history":[{"count":1,"href":"https:\/\/www.ecoitaliano.com.ar\/index.php?rest_route=\/wp\/v2\/posts\/74480\/revisions"}],"predecessor-version":[{"id":74483,"href":"https:\/\/www.ecoitaliano.com.ar\/index.php?rest_route=\/wp\/v2\/posts\/74480\/revisions\/74483"}],"wp:attachment":[{"href":"https:\/\/www.ecoitaliano.com.ar\/index.php?rest_route=%2Fwp%2Fv2%2Fmedia&parent=74480"}],"wp:term":[{"taxonomy":"category","embeddable":true,"href":"https:\/\/www.ecoitaliano.com.ar\/index.php?rest_route=%2Fwp%2Fv2%2Fcategories&post=74480"},{"taxonomy":"post_tag","embeddable":true,"href":"https:\/\/www.ecoitaliano.com.ar\/index.php?rest_route=%2Fwp%2Fv2%2Ftags&post=74480"}],"curies":[{"name":"wp","href":"https:\/\/api.w.org\/{rel}","templated":true}]}}