{"id":74592,"date":"2025-06-07T00:25:11","date_gmt":"2025-06-07T00:25:11","guid":{"rendered":"https:\/\/www.ecoitaliano.com.ar\/?p=74592"},"modified":"2025-06-07T00:25:11","modified_gmt":"2025-06-07T00:25:11","slug":"serena-conduce-operaclassica-eco-italiano-4393","status":"publish","type":"post","link":"https:\/\/www.ecoitaliano.com.ar\/?p=74592","title":{"rendered":"Serena conduce operaclassica eco italiano"},"content":{"rendered":"<div class=\"wp-block-image\">\n<figure class=\"aligncenter size-full\"><a href=\"https:\/\/www.ecoitaliano.com.ar\/wp-content\/uploads\/2025\/06\/image-7.png\"><img decoding=\"async\" width=\"300\" height=\"97\" src=\"https:\/\/www.ecoitaliano.com.ar\/wp-content\/uploads\/2025\/06\/image-7.png\" alt=\"\" class=\"wp-image-74593\" srcset=\"https:\/\/www.ecoitaliano.com.ar\/wp-content\/uploads\/2025\/06\/image-7.png 300w, https:\/\/www.ecoitaliano.com.ar\/wp-content\/uploads\/2025\/06\/image-7-150x49.png 150w\" sizes=\"(max-width: 300px) 100vw, 300px\" \/><\/a><\/figure><\/div>\n\n\n<p><strong>COMUNICATO STAMPA<\/strong><\/p>\n\n\n\n<p><strong>LUZZATI, ROSSINI E LA MERAVIGLIA: UN RITORNO CHE<\/strong><\/p>\n\n\n\n<p><strong>INCANTA ALL\u2019OPERA DI ROMA<\/strong><\/p>\n\n\n\n<p><strong>Dal 5 al 12 giugno 2025, in scena lo storico allestimento de&nbsp;<em>L\u2019italiana in Algeri<\/em><\/strong><\/p>\n\n\n\n<p><strong>diretta da Sesto Quatrini al debutto romano e nel titolo<\/strong><\/p>\n\n\n\n<p><strong>Prima rappresentazione, gioved\u00ec 5 giugno alle 20.00, in diretta su Radio3 Rai<\/strong><\/p>\n\n\n\n<p>Il Teatro dell\u2019Opera di Roma rende omaggio a uno dei pi\u00f9 grandi artisti italiani del Novecento, Emanuele Luzzati, riportando in scena&nbsp;<em>L\u2019italiana in Algeri<\/em>&nbsp;di Gioachino Rossini, dal 5 al 12 giugno, in un allestimento molto amato. A oltre vent\u2019anni dall\u2019ultima rappresentazione al Costanzi, il titolo torna nella stessa versione scenica, favolistica e travolgente, creata da Luzzati nel 2000 per il Teatro Massimo di Palermo, capace ancora oggi di incantare con la forza del colore, dell\u2019ironia e dell\u2019immaginazione. La regia originale di Maurizio Scaparro, ripresa da Orlando Forioso, che ne custodisce lo spirito e l\u2019equilibrio teatrale, \u00e8 il primo omaggio al regista scomparso nel 2023. &nbsp;La prima di gioved\u00ec 5 giugno, alle ore 20, \u00e8 trasmessa in diretta da Radio3 Rai.<\/p>\n\n\n\n<p>\u00ab<em>\u00c8 evidente<\/em>&nbsp;\u2013 commentava Scaparro \u2013&nbsp;<em>che in una improbabile \u2018Algeri\u2019, Rossini si \u00e8 divertito alle spalle di un mondo poco conosciuto, oggetto di facile e un po\u2019 rozzo scherno, traguardo di tante opere buffe. Mi sembra si sia voluto divertire in eguale misura dei \u201cturchi\u201d e degli \u201citaliani\u201d, fino a costruire con Isabella e Taddeo una coppia di straordinario e vitalissimo divertimento. A \u201cMammaliturchi\u201d Rossini sembra aggiungere con il sorriso anche \u201cMamma gli italiani\u201d, e questo anche consente di leggere&nbsp;<\/em>L\u2019italiana in Algeri&nbsp;<em>con distacco e divertimento inevitabilmente attualizzabile<\/em>\u00bb.<\/p>\n\n\n\n<p>Sul podio, per la prima volta alla guida dell\u2019Orchestra del Teatro dell\u2019Opera di Roma e di questo titolo rossiniano, Sesto Quatrini, direttore romano dalla carriera internazionale. Il Coro della Fondazione capitolina \u00e8 diretto da Ciro Visco, le luci sono di Vinicio Cheli.<\/p>\n\n\n\n<p>Due i cast vocali che vedono protagoniste Chiara Amar\u00f9 (5, 10, 12 giugno) e Laura Verrecchia (6, 8 e 11 giugno), interpreti particolarmente apprezzate nel ruolo di Isabella. Al loro fianco grandi nomi del repertorio rossiniano e del belcanto al debutto assoluto in quest\u2019opera: Paolo Bordogna (5, 10, 12 giugno) e Adolfo Corrado (6, 8 e 11 giugno), che cantano per la prima volta nei panni di Mustaf\u00e0, e Dave Monaco (5, 10, 12 giugno), in quelli di Lindoro, interpretato da Antonio Mandrillo il 6 e 11 giugno. Debutto anche per il baritono georgiano Misha Kiria (5, 10, 12 giugno) come Taddeo, alternandosi con Vincenzo Taormina (6, 8 e 11 giugno), veterano del ruolo. Completano il cast i talenti di \u2018Fabbrica\u2019, lo Young Artist Program del Teatro dell\u2019Opera di Roma, tutti impegnati per la prima volta in questo titolo: Jessica Ricci (Elvira), Maria Elena Pepi (Zulma), Alejo Alvarez Castillo (Haly).<\/p>\n\n\n\n<p>Con&nbsp;<em>L\u2019italiana in Algeri<\/em>, il Teatro dell\u2019Opera di Roma celebra la magia senza tempo di Emanuele Luzzati. La sua visione scenica fa da guida allo spettacolo: un mondo popolato da geometrie fantastiche, colori accesi e sagome immaginifiche che, ancora una volta, mostrano come il teatro possa diventare pittura viva, sogno e meraviglia. Emanuele Luzzati, illustratore, scenografo e artista visivo di fama internazionale, ha lasciato con questo spettacolo uno dei suoi contributi pi\u00f9 indelebili al teatro musicale. Le sue scene, insieme ai costumi della storica collaboratrice Santuzza Cal\u00ec, restituiscono un mondo che trasforma l\u2019Algeri rossiniana in un luogo sospeso tra fiaba e commedia, tra arte visiva e musica. Un universo riconoscibile e unico, che continua a parlare al pubblico con una forza visiva rara, rendendo questa produzione un vero e proprio omaggio all\u2019immaginario luzzatiano.<\/p>\n\n\n\n<p>Dramma giocoso in due atti, su libretto di Angelo Anelli,&nbsp;<em>L\u2019italiana in Algeri<\/em>&nbsp;\u00e8 andato in scena per la prima volta il 22 maggio 1813 al Teatro San Benedetto di Venezia. Il grandissimo successo consacr\u00f2 definitivamente Rossini, allora appena ventunenne, come il massimo operista del tempo, che diede nuova vita all\u2019opera comica italiana.<\/p>\n\n\n\n<p>Dopo la&nbsp;<strong>prima&nbsp;<\/strong>di&nbsp;<strong>gioved\u00ec 5 giugno (ore 20)<\/strong>, anche in diretta su Radio3 Rai,<strong>&nbsp;<em>L\u2019italiana in Algeri&nbsp;<\/em>di Gioachino Rossini<\/strong>&nbsp;torna in scena&nbsp;<strong>venerd\u00ec 6 (ore 18)<\/strong>,&nbsp;<strong>domenica 8 (ore 16.30), marted\u00ec 10 (ore 20), mercoled\u00ec 11 (ore 20) e gioved\u00ec 12 giugno (ore 20)<\/strong>.<\/p>\n\n\n\n<p><strong>4 giugno 202<\/strong><strong>5<\/strong><\/p>\n\n\n\n<p><strong>Info:&nbsp;<a href=\"https:\/\/fondazioneteatrodelloperadirom.musvc2.net\/e\/tr?q=8%3d0YGc8%26B%3d9%26I%3d7VAX%26s%3dQAc9SA%26P%3dlJ1K_vqZu_7a_yvWp_9k_vqZu_6fvKiHhMsCh.Dx%264%3dtPwLjW.r51%26Dw%3dVFWD%26Jz%3dWDRBe0ZAV5TFW9%268%3dGe5ZA6e1hWAQkAhRBceUCd6RE602kaeYAZiVieiR0ZCY0YjZFVDQGVjR9696jYiZkc81&amp;mupckp=mupAtu4m8OiX0wt\" target=\"_blank\" rel=\"noreferrer noopener\">operaroma.it<\/a><\/strong><\/p>\n\n\n\n<p><strong>Biglietti:&nbsp;<a href=\"https:\/\/fondazioneteatrodelloperadirom.musvc2.net\/e\/tr?q=0%3d6bJe4%26E%3dB%26K%3d3YDZ%26o%3dTDe5VD%26R%3dhM4Ms_KazP_VK_OQvZ_YF_KazP_UPTwP.yMeKkOoFk.Ft_KazP_UPPp84Qa6yIi_KazP_UPIiMkIi4x8-iG-kIg82F_rtcw_2i%26n%3dJuL602.GoQ%26iL%3dFf2c%264P%3d2cBb0YJa1TDf2X%26r%3dbe5Id2ZJa5YpbbUpZ2cIY5UAB8UBe9WDA6UGf7ZlYd7H0b4pX8a4k3YkBecEbbVBX89A&amp;mupckp=mupAtu4m8OiX0wt\" target=\"_blank\" rel=\"noreferrer noopener\">https:\/\/www.operaroma.it\/spettacoli\/litaliana-in-algeri\/<\/a><\/strong><\/p>\n\n\n\n<p><\/p>\n\n\n\n<p><\/p>\n\n\n\n<p><strong>Interviste, v<\/strong><strong>ideo di Francesco Siciliano<\/strong><strong>:&nbsp;<a href=\"https:\/\/fondazioneteatrodelloperadirom.musvc2.net\/e\/tr?q=5%3d6dIZ4%26G%3dA%26F%3d3aCU%26o%3dVCZ5XC%26M%3dhO3Hs_MZuP_XJ_JQxY_TF_MZuP_WOQoP3M.b0_1sSu_AhhI4AWLkDOBC%266%3dmP2NcW.w7t%26D2%3dX9WI%26Ls%3dWIT5eE3a6jb4V0V9WD%260%3d59nZ9ZlZbXI528kS5dm6e8IZc0kZ2Zo56WHSa9IX88mXab08ed0S2Wna5ZF31VI3&amp;mupckp=mupAtu4m8OiX0wt\" target=\"_blank\" rel=\"noreferrer noopener\">https:\/\/youtu.be\/hnuiWqblOg4<\/a><\/strong><\/p>\n\n\n\n<p><strong>TEATRO DELL\u2019OPERA DI ROMA<\/strong><\/p>\n\n\n\n<p><strong>Cosimo Manicone<\/strong><\/p>\n\n\n\n<p>ufficio stampa<\/p>\n\n\n\n<p><a href=\"mailto:cosimo.manicone@operaroma.it\" target=\"_blank\" rel=\"noreferrer noopener\">cosimo.manicone@operaroma.it<\/a><\/p>\n\n\n\n<p><strong>Paolo Cairoli<\/strong><\/p>\n\n\n\n<p>direttore della comunicazione<\/p>\n\n\n\n<p><a href=\"mailto:paolo.cairoli@operaroma.it\" target=\"_blank\" rel=\"noreferrer noopener\">paolo.cairoli@operaroma.it<\/a><\/p>\n\n\n\n<p><strong>VOLTI DEL POTERE &#8211; STAGIONE 2024\/2025 DEL TEATRO DELL\u2019OPERA DI ROMA<\/strong><\/p>\n\n\n\n<p><strong><em>L\u2019italiana in Algeri<\/em><\/strong><\/p>\n\n\n\n<p>Musica&nbsp;<strong>Gioachino Rossini<\/strong><\/p>\n\n\n\n<p>Dramma giocoso in due atti<\/p>\n\n\n\n<p>Libretto di&nbsp;<strong>Angelo Anelli<\/strong><\/p>\n\n\n\n<p>Direttore&nbsp;<strong>Sesto Quatrini<\/strong><\/p>\n\n\n\n<p>Regia&nbsp;<strong>Maurizio Scaparro<\/strong><\/p>\n\n\n\n<p>Regia ripresa da&nbsp;<strong>Orlando Forioso<\/strong><\/p>\n\n\n\n<p>Maestro del Coro&nbsp;<strong>Ciro Visco<\/strong><\/p>\n\n\n\n<p>Scene&nbsp;<strong>Emanuele Luzzati<\/strong><\/p>\n\n\n\n<p>Costumi&nbsp;<strong>Santuzza Cal\u00ec<\/strong><\/p>\n\n\n\n<p>Luci<strong>&nbsp;Vinicio Cheli<\/strong><\/p>\n\n\n\n<p>PERSONAGGI INTERPRETI<\/p>\n\n\n\n<p>Mustaf\u00e0&nbsp;<strong>Paolo Bordogna \/ Adolfo Corrado&nbsp;<\/strong>6, 8, 11 giugno<\/p>\n\n\n\n<p>Elvira&nbsp;<strong>Jessica Ricci<\/strong>*<\/p>\n\n\n\n<p>Zulma&nbsp;<strong>Maria Elena Pepi<\/strong>*<\/p>\n\n\n\n<p>Haly&nbsp;<strong>Alejo Alvarez Castillo<\/strong>*<\/p>\n\n\n\n<p>Lindoro&nbsp;<strong>Dave Monaco \/ Antonio Mandrillo&nbsp;<\/strong>6 e 11 giugno<\/p>\n\n\n\n<p>Isabella&nbsp;<strong>Chiara Amar\u00f9 \/ Laura Verrecchia&nbsp;<\/strong>6, 8, 11 giugno<\/p>\n\n\n\n<p>Taddeo&nbsp;<strong>Misha Kiria \/ Vincenzo Taormina&nbsp;<\/strong>6, 8, 11 giugno<\/p>\n\n\n\n<p>*dal progetto \u201cFabbrica\u201d \u2013 Young Artist Program del Teatro dell\u2019Opera di Roma<\/p>\n\n\n\n<p><strong>Orchestra e Coro del Teatro dell\u2019Opera di Roma<\/strong><\/p>\n\n\n\n<p><strong>ALLESTIMENTO TEATRO MASSIMO DI PALERMO<\/strong><\/p>\n\n\n\n<p><strong>TEATRO COSTANZI<\/strong><\/p>\n\n\n\n<p><strong>Lezione di Opera&nbsp;<\/strong>sabato 31 maggio, ora 18<\/p>\n\n\n\n<p><strong>Anteprima Giovani<\/strong>&nbsp;mercoled\u00ec 4 giugno, ore 19<\/p>\n\n\n\n<p><strong>Prima rappresentazione<\/strong>&nbsp;gioved\u00ec 5 giugno, ore 20, trasmessa in diretta da Radio3 Rai<\/p>\n\n\n\n<p><strong>Repliche<\/strong><\/p>\n\n\n\n<p>venerd\u00ec 6 giugno, ore 18<\/p>\n\n\n\n<p>domenica 8 giugno, ore 16.30<\/p>\n\n\n\n<p>marted\u00ec 10 giugno, ore 20<\/p>\n\n\n\n<p>mercoled\u00ec 11 giugno, ore 20<\/p>\n\n\n\n<p>gioved\u00ec 12 giugno, ore 20<\/p>\n\n\n\n<figure class=\"wp-block-embed is-type-video is-provider-youtube wp-block-embed-youtube wp-embed-aspect-16-9 wp-has-aspect-ratio\"><div class=\"wp-block-embed__wrapper\">\n<iframe loading=\"lazy\" title=\"L&#039;italiana in Algeri - trailer\" width=\"500\" height=\"281\" src=\"https:\/\/www.youtube.com\/embed\/NDZmklbsUeE?feature=oembed\" frameborder=\"0\" allow=\"accelerometer; autoplay; clipboard-write; encrypted-media; gyroscope; picture-in-picture; web-share\" referrerpolicy=\"strict-origin-when-cross-origin\" allowfullscreen><\/iframe>\n<\/div><figcaption class=\"wp-element-caption\"><strong><em>L&#8217;italiana in Algeri\u00a0<\/em>&#8211; trai<\/strong>ler<br><strong>video di Francesco Siciliano<\/strong><\/figcaption><\/figure>\n\n\n\n<figure class=\"wp-block-image size-full\"><a href=\"https:\/\/www.ecoitaliano.com.ar\/wp-content\/uploads\/2025\/06\/image-8.png\"><img decoding=\"async\" width=\"300\" height=\"147\" src=\"https:\/\/www.ecoitaliano.com.ar\/wp-content\/uploads\/2025\/06\/image-8.png\" alt=\"\" class=\"wp-image-74594\" srcset=\"https:\/\/www.ecoitaliano.com.ar\/wp-content\/uploads\/2025\/06\/image-8.png 300w, https:\/\/www.ecoitaliano.com.ar\/wp-content\/uploads\/2025\/06\/image-8-150x74.png 150w\" sizes=\"(max-width: 300px) 100vw, 300px\" \/><\/a><\/figure>\n","protected":false},"excerpt":{"rendered":"<p>COMUNICATO STAMPA LUZZATI, ROSSINI E LA MERAVIGLIA: UN RITORNO CHE INCANTA ALL\u2019OPERA DI ROMA Dal 5 al 12 giugno 2025, [&hellip;]<\/p>\n","protected":false},"author":1,"featured_media":0,"comment_status":"open","ping_status":"open","sticky":false,"template":"","format":"standard","meta":{"footnotes":""},"categories":[1],"tags":[],"class_list":["post-74592","post","type-post","status-publish","format-standard","hentry","category-sin-categoria"],"_links":{"self":[{"href":"https:\/\/www.ecoitaliano.com.ar\/index.php?rest_route=\/wp\/v2\/posts\/74592","targetHints":{"allow":["GET"]}}],"collection":[{"href":"https:\/\/www.ecoitaliano.com.ar\/index.php?rest_route=\/wp\/v2\/posts"}],"about":[{"href":"https:\/\/www.ecoitaliano.com.ar\/index.php?rest_route=\/wp\/v2\/types\/post"}],"author":[{"embeddable":true,"href":"https:\/\/www.ecoitaliano.com.ar\/index.php?rest_route=\/wp\/v2\/users\/1"}],"replies":[{"embeddable":true,"href":"https:\/\/www.ecoitaliano.com.ar\/index.php?rest_route=%2Fwp%2Fv2%2Fcomments&post=74592"}],"version-history":[{"count":1,"href":"https:\/\/www.ecoitaliano.com.ar\/index.php?rest_route=\/wp\/v2\/posts\/74592\/revisions"}],"predecessor-version":[{"id":74595,"href":"https:\/\/www.ecoitaliano.com.ar\/index.php?rest_route=\/wp\/v2\/posts\/74592\/revisions\/74595"}],"wp:attachment":[{"href":"https:\/\/www.ecoitaliano.com.ar\/index.php?rest_route=%2Fwp%2Fv2%2Fmedia&parent=74592"}],"wp:term":[{"taxonomy":"category","embeddable":true,"href":"https:\/\/www.ecoitaliano.com.ar\/index.php?rest_route=%2Fwp%2Fv2%2Fcategories&post=74592"},{"taxonomy":"post_tag","embeddable":true,"href":"https:\/\/www.ecoitaliano.com.ar\/index.php?rest_route=%2Fwp%2Fv2%2Ftags&post=74592"}],"curies":[{"name":"wp","href":"https:\/\/api.w.org\/{rel}","templated":true}]}}