{"id":74766,"date":"2025-06-10T23:00:14","date_gmt":"2025-06-10T23:00:14","guid":{"rendered":"https:\/\/www.ecoitaliano.com.ar\/?p=74766"},"modified":"2025-06-10T23:00:14","modified_gmt":"2025-06-10T23:00:14","slug":"serena-conduce-operaclassica-eco-italiano-4409","status":"publish","type":"post","link":"https:\/\/www.ecoitaliano.com.ar\/?p=74766","title":{"rendered":"Serena conduce operaclassica eco italiano"},"content":{"rendered":"<div class=\"wp-block-image\">\n<figure class=\"aligncenter size-full is-resized\"><a href=\"https:\/\/www.ecoitaliano.com.ar\/wp-content\/uploads\/2025\/06\/image-15.png\"><img decoding=\"async\" width=\"756\" height=\"117\" src=\"https:\/\/www.ecoitaliano.com.ar\/wp-content\/uploads\/2025\/06\/image-15.png\" alt=\"\" class=\"wp-image-74767\" style=\"width:403px;height:auto\" srcset=\"https:\/\/www.ecoitaliano.com.ar\/wp-content\/uploads\/2025\/06\/image-15.png 756w, https:\/\/www.ecoitaliano.com.ar\/wp-content\/uploads\/2025\/06\/image-15-300x46.png 300w, https:\/\/www.ecoitaliano.com.ar\/wp-content\/uploads\/2025\/06\/image-15-150x23.png 150w\" sizes=\"(max-width: 756px) 100vw, 756px\" \/><\/a><\/figure><\/div>\n\n\n<figure class=\"wp-block-table\"><table><tbody><tr><td><strong>Riccardo Frizza opens the 2025 Toscanini Festival with<br>Mendelssohn, Haydn and Beethoven<br><br><\/strong><strong>14 June | Piazzale San Francesco, Parma<\/strong><\/td><\/tr><tr><td><img decoding=\"async\" src=\"https:\/\/www.pressroom.cloud\/wp-content\/uploads\/riccardo-frizza_-ph-%C2%A9-simone-falcetta-1024x740.jpg\" width=\"620\" alt=\"\"><\/td><\/tr><tr><td>Riccardo Frizza \u00a9 Simone Falcetta<\/td><\/tr><tr><td><strong>\ud83c\uddec\ud83c\udde7&nbsp;<\/strong>The&nbsp;<strong>2025 Toscanini Festival<\/strong>&nbsp;opens with conductor&nbsp;<strong>Riccardo Frizza<\/strong>&nbsp;leading the&nbsp;<strong>Filarmonica Toscanini<\/strong>&nbsp;and rising star cellist&nbsp;<strong>Philipp Schupelius<\/strong>&nbsp;in an evening of masterpieces featuring Mendelssohn\u2019s&nbsp;<strong><em>Hebrides&nbsp;<\/em><\/strong>ouverture, Haydn\u2019s&nbsp;<strong><em>Concerto no. 1 for cello and orchestra<\/em><\/strong>&nbsp;and Beethoven\u2019s&nbsp;<strong><em>Symphony No. 4<\/em><\/strong>.<br><br><strong>Maestro Frizza shares his thoughts on the programme, touching on its meaning and the coherence between the selected works:<\/strong>\u00abReturning to conduct the Filarmonica Arturo Toscanini is always a great pleasure. This time, it\u2019s an even greater satisfaction because I\u2019m inaugurating the fourth edition of the Toscanini Festival, the tribute which the Foundation that bears the name of the legendary conductor has organized each summer since 2022 in Parma and some of the other most beautiful historical and artistic settings in the province. Our programme includes Mendelssohn\u2019s&nbsp;<em>Hebrides<\/em>&nbsp;overture and the Beethoven&nbsp;<em>Symphony no. 4<\/em>: two works that I love for the richness of their ideas and orchestration but above all because, despite the thirty years that separate their creation, they narrate through music the new world which, from Beethoven onwards, was to become the realm of the Romantics. In between, we\u2019re performing the Haydn&nbsp;<em>Concerto no. 1 for cello and orchestra<\/em>, entrusted to the exceptional talent of Philipp Schupelius from Berlin. Still in his early twenties, his name became familiar last year when Classic FM selected him as one of their Thirty Most Exciting Young Musicians in the World, but he is already a mature artist who breathes captivating new life into this work by a youthful Haydn. I think that the full programme is fascinating for the references in some of its pages to the moods and contours of a recent past, and that this feeling is intensified by the inclusion of Beethoven\u2019s&nbsp;<em>Fourth<\/em>, resulting from a particularly successful year for the composer, 1806, with its stirring and only occasionally mysterious outpouring particularly in the Adagio, which enchanted Berlioz to the extent that he wrote that it &#8216;seems to have been breathed by the archangel Michael when, seized with a fit of melancholy, he contemplated the universe, standing on the threshold of the Empyrean&#8217;. From there to the perpetual motion of the prodigious Finale&nbsp;<em>\u00e0 la Haydn<\/em>, it is with deep conviction that I have included this perfect, unjustly neglected symphony.\u00bb<\/td><\/tr><tr><td><img decoding=\"async\" src=\"https:\/\/www.pressroom.cloud\/wp-content\/uploads\/Screenshot-2025-06-09-at-10.24.29-1024x452.png\" width=\"620\" alt=\"\"><\/td><\/tr><tr><td>\u00a9 La Toscanini<\/td><\/tr><tr><td><strong>\ud83c\uddee\ud83c\uddf9<\/strong>&nbsp;Il primo appuntamento del&nbsp;<strong>Festival Toscanini 2025<\/strong>&nbsp;\u00e8 affidato alla direzione di<strong>&nbsp;Riccardo Frizza<\/strong>&nbsp;che guider\u00e0 la&nbsp;<strong>Filarmonica Toscanini<\/strong>&nbsp;e il violoncellista emergente&nbsp;<strong>Philipp Schupelius<\/strong>&nbsp;in una serata di capolavori con l&#8217;ouverture&nbsp;<strong><em>Le Ebridi<\/em>&nbsp;<\/strong>di Mendelssohn, il&nbsp;<em><strong>Concerto n. 1 per violoncello e orchestra<\/strong><\/em>di Haydn e la&nbsp;<strong>Sinfonia n. 4&nbsp;<\/strong>diBeethoven.<br><br><strong>Il Maestro Frizza condivide una riflessione sul programma, raccontandone il senso e i legami tra i brani proposti:<\/strong><em>\u00ab<\/em>Torno sempre con piacere a dirigere la Filarmonica Arturo Toscanini, questa volta sono ancora pi\u00f9 soddisfatto perch\u00e9 inauguro la quarta edizione del Festival Toscanini, il tributo che la Fondazione che porta il nome del mitico direttore realizza dall\u2019estate del 2022 a Parma e in alcuni dei siti storici e artistici pi\u00f9 belli della sua provincia.Il nostro programma comprende l\u2019ouverture&nbsp;<em>Le Ebridi<\/em>&nbsp;di Mendelssohn e la&nbsp;<em>Sinfonia n. 4&nbsp;<\/em>di Beethoven: due opere che amo per la ricchezza di idee e l\u2019orchestrazione ma soprattutto perch\u00e9, pur composte a quasi trent\u2019anni di distanza l\u2019una dall\u2019altra, parlano di un nuovo mondo anche in musica, quello che partendo da Beethoven sarebbe diventato il regno dei Romantici.In mezzo, eseguiremo il&nbsp;<em>Concerto n. 1 per violoncello e orchestra<\/em>&nbsp;di Haydn affidato al talento straordinario del berlinese Philipp Schupelius, poco pi\u00f9 di vent\u2019anni, il cui nome \u00e8 noto perch\u00e9 Classic FM l\u2019anno scorso lo ha inserito tra i trenta giovani musicisti pi\u00f9 interessanti al mondo ma che \u00e8 un artista gi\u00e0 maturo che suona questo Haydn giovanile con freschezza seducente.Penso che il fascino dell\u2019intero programma consista perci\u00f2 nei rimandi ad atmosfere e forme del passato recente di alcune delle pagine e che il senso venga esaltato dalla proposta della&nbsp;<em>Quarta<\/em>&nbsp;di Beethoven, frutto di un anno particolarmente felice come fu il 1806 per il compositore, dallo scorrere frusciante e solo a tratti misterioso, specie nell\u2019Adagio che incantava Berlioz fino al punto di fargli scrivere che \u201csembra essere stato sospirato dall&#8217;arcangelo Michele il giorno in cui, colto da un accesso di malinconia, contemplava i mondi ritto sulla soglia dell&#8217;Empireo\u201d. Da l\u00ec al moto perpetuo del travolgente Finale<em>&nbsp;\u00e0 la Haydn<\/em>, propongo con profonda convinzione questa sinfonia perfetta e ingiustamente negletta<em>\u00bb.<\/em><\/td><\/tr><tr><td><\/td><\/tr><tr><td><strong>Find out more:<\/strong><strong><a target=\"_blank\" href=\"https:\/\/www.pressroom.cloud\/?mailpoet_router&amp;endpoint=track&amp;action=click&amp;data=WyIxMTY3IiwiMzF2MDNsZTBsazZjYzRjNGNvd29va29jb2tjZ2tvNDgiLCIxNzUiLCJlMjAyNGFlNjFhOTEiLGZhbHNlXQ\" rel=\"noreferrer noopener\">www.riccardofrizza.com<\/a><\/strong><a target=\"_blank\" href=\"https:\/\/www.pressroom.cloud\/?mailpoet_router&amp;endpoint=track&amp;action=click&amp;data=WyIxMTY3IiwiMzF2MDNsZTBsazZjYzRjNGNvd29va29jb2tjZ2tvNDgiLCIxNzUiLCI5YzYzOGUzMmY2NTUiLGZhbHNlXQ\" rel=\"noreferrer noopener\"><strong>www.fondazionetoscanini.it\/parma-piazzale-san-francesco<\/strong><\/a><\/td><\/tr><tr><td><\/td><\/tr><tr><td><br><br><strong>Giulia Ambrosio<\/strong><a href=\"https:\/\/www.pressroom.cloud\/?mailpoet_router&amp;endpoint=track&amp;action=click&amp;data=WyIxMTY3IiwiMzF2MDNsZTBsazZjYzRjNGNvd29va29jb2tjZ2tvNDgiLCIxNzUiLCIwMWY0YTVlODkyNjkiLGZhbHNlXQ\" target=\"_blank\" rel=\"noreferrer noopener\">giulia.ambrosio23@gmail.com<\/a><br><br><strong>Miriam Quaranta<br><\/strong><a href=\"https:\/\/www.pressroom.cloud\/?mailpoet_router&amp;endpoint=track&amp;action=click&amp;data=WyIxMTY3IiwiMzF2MDNsZTBsazZjYzRjNGNvd29va29jb2tjZ2tvNDgiLCIxNzUiLCJiYzE5ZWVjZDI5ZmIiLGZhbHNlXQ\" target=\"_blank\" rel=\"noreferrer noopener\">miriam@pressroom.cloud<\/a>+39 333 9263 309<br><br><strong>Press Office for Riccardo Frizza<\/strong><\/td><\/tr><\/tbody><\/table><\/figure>\n","protected":false},"excerpt":{"rendered":"<p>Riccardo Frizza opens the 2025 Toscanini Festival withMendelssohn, Haydn and Beethoven 14 June | Piazzale San Francesco, Parma Riccardo Frizza [&hellip;]<\/p>\n","protected":false},"author":1,"featured_media":0,"comment_status":"open","ping_status":"open","sticky":false,"template":"","format":"standard","meta":{"footnotes":""},"categories":[1],"tags":[],"class_list":["post-74766","post","type-post","status-publish","format-standard","hentry","category-sin-categoria"],"_links":{"self":[{"href":"https:\/\/www.ecoitaliano.com.ar\/index.php?rest_route=\/wp\/v2\/posts\/74766","targetHints":{"allow":["GET"]}}],"collection":[{"href":"https:\/\/www.ecoitaliano.com.ar\/index.php?rest_route=\/wp\/v2\/posts"}],"about":[{"href":"https:\/\/www.ecoitaliano.com.ar\/index.php?rest_route=\/wp\/v2\/types\/post"}],"author":[{"embeddable":true,"href":"https:\/\/www.ecoitaliano.com.ar\/index.php?rest_route=\/wp\/v2\/users\/1"}],"replies":[{"embeddable":true,"href":"https:\/\/www.ecoitaliano.com.ar\/index.php?rest_route=%2Fwp%2Fv2%2Fcomments&post=74766"}],"version-history":[{"count":1,"href":"https:\/\/www.ecoitaliano.com.ar\/index.php?rest_route=\/wp\/v2\/posts\/74766\/revisions"}],"predecessor-version":[{"id":74768,"href":"https:\/\/www.ecoitaliano.com.ar\/index.php?rest_route=\/wp\/v2\/posts\/74766\/revisions\/74768"}],"wp:attachment":[{"href":"https:\/\/www.ecoitaliano.com.ar\/index.php?rest_route=%2Fwp%2Fv2%2Fmedia&parent=74766"}],"wp:term":[{"taxonomy":"category","embeddable":true,"href":"https:\/\/www.ecoitaliano.com.ar\/index.php?rest_route=%2Fwp%2Fv2%2Fcategories&post=74766"},{"taxonomy":"post_tag","embeddable":true,"href":"https:\/\/www.ecoitaliano.com.ar\/index.php?rest_route=%2Fwp%2Fv2%2Ftags&post=74766"}],"curies":[{"name":"wp","href":"https:\/\/api.w.org\/{rel}","templated":true}]}}