{"id":74769,"date":"2025-06-10T23:03:39","date_gmt":"2025-06-10T23:03:39","guid":{"rendered":"https:\/\/www.ecoitaliano.com.ar\/?p=74769"},"modified":"2025-06-10T23:03:39","modified_gmt":"2025-06-10T23:03:39","slug":"serena-conduce-operaclassica-eco-italiano-4410","status":"publish","type":"post","link":"https:\/\/www.ecoitaliano.com.ar\/?p=74769","title":{"rendered":"Serena conduce operaclassica eco italiano"},"content":{"rendered":"<div class=\"wp-block-image\">\n<figure class=\"aligncenter size-full is-resized\"><a href=\"https:\/\/www.ecoitaliano.com.ar\/wp-content\/uploads\/2025\/06\/image-16.png\"><img decoding=\"async\" width=\"131\" height=\"78\" src=\"https:\/\/www.ecoitaliano.com.ar\/wp-content\/uploads\/2025\/06\/image-16.png\" alt=\"\" class=\"wp-image-74770\" style=\"width:196px;height:auto\"\/><\/a><\/figure><\/div>\n\n\n<p>Comunicato stampa<\/p>\n\n\n\n<p><strong>TCBO: L&#8217;IMMAGINARIO PRIMITIVO E FAVOLOSO DI&nbsp;<em>SIEGFRIED<\/em>&nbsp;RACCONTATO DA ALBERTO MATTIOLI&nbsp;PER LA RASSEGNA \u201cIN CONTROLUCE\u201d<\/strong><\/p>\n\n\n\n<p><strong>Ospite anche&nbsp;l\u2019attore Matteo Al\u00ec<\/strong><\/p>\n\n\n\n<p><em>Gioved\u00ec 12 giugno ore 20, Auditorium Manzoni<\/em><\/p>\n\n\n\n<p>Ruota attorno alla scoperta di Sigfrido&nbsp;e all&#8217;interpretazione del personaggio&nbsp;wagneriano l&#8217;appuntamento della rassegna&nbsp;<strong>\u201cIn Controluce &#8211; Percorsi d\u2019Opera Tra Arte e Storia\u201d<\/strong>&nbsp;dedicato a&nbsp;<strong><em>Siegfried<\/em><\/strong>&nbsp;di Richard Wagner,&nbsp;che vede protagonista il giornalista, scrittore e critico musicale&nbsp;<strong>Alberto Mattioli<\/strong>. L&#8217;incontro, in programma&nbsp;<strong>gioved\u00ec 12 giugno alle ore 20 all\u2019Auditorium Manzoni<\/strong>, anticipa l&#8217;esecuzione in forma di concerto dell&#8217;opera&nbsp;<strong>\u2013<\/strong>&nbsp;terzo dramma musicale e seconda giornata della saga&nbsp;<em>Der Ring des Nibelungen&nbsp;<\/em>(L\u2019anello del Nibelungo)&nbsp;<strong>\u2013&nbsp;<\/strong>che si terr\u00e0 nello stesso teatro&nbsp;venerd\u00ec 13 e in replica domenica 15 giugno con l\u2019Orchestra del Comunale di Bologna diretta da Oksana Lyniv.<\/p>\n\n\n\n<p>Sono molte le facce di Siegfried, l\u2019eroe protagonista dell\u2019opera che \u00e8 stato letto nel tempo come personaggio rivoluzionario anarchico o socialista, come possibile soggetto di una seduta di psicanalisi o come icona del regime nazista. Con il suo \u201cRing\u201d, in scena per la prima volta in versione integrale al Festspielhaus di Bayreuth nel 1876, Wagner realizzava l\u2019equivalente teatrale dei grandi sistemi filosofici e cicli narrativi dell\u2019Ottocento. L\u2019immaginario primitivo e favoloso e la ricchezza delle tematiche della Tetralogia sono stati lo spunto per letteratura, fumetti e cinema dei decenni successivi, come fiss\u00f2 emblematicamente Woody Allen nella sua pellicola del 1993&nbsp;<em>Misterioso omicidio a Manhattan&nbsp;<\/em>con la battuta\u00abio non posso ascoltare troppo Wagner, lo sai, gi\u00e0 sento l\u2019impulso ad occupare la Polonia!\u00bb. Parte da queste considerazioni l\u2019intervento di Alberto Mattioli, esperto di teatro musicale che scrive per \u00abLa Stampa\u00bb, \u00abIl Foglio\u00bb, \u00abIl Secolo XIX\u00bb e \u00abAmadeus\u00bb e che, oltre ad aver pubblicato saggi e tenuto conferenze per vari teatri italiani e internazionali, \u00e8 anche autore di libri e di libretti d\u2019opera. Sul palco insieme a lui per interpretare alcune letture c\u2019\u00e8 Matteo Al\u00ec, attore nato a Bologna che in ambito cinematografico ha collaborato con registi come Roberto And\u00f2, Marco Bellocchio e Giorgio Diritti e nel teatro spazia da William Shakespeare a Stephen Adly Guirgis.<\/p>\n\n\n\n<p>Il racconto di immagini, suoni, parole e le elaborazioni video sono del team creativo Innovio ARTS. I video mostreranno non soltanto estratti del capolavoro wagneriano in allestimenti storici particolarmente significativi, ma anche spezzoni di cinema, fumetti, sceneggiati e documentari che in diversi modi si collegano agli argomenti trattati.<\/p>\n\n\n\n<p>L&#8217;incontro, curato da Barbara Abbondaza in collaborazione con Giovanni Carlo Federico Villa, \u00e8 il quinto della rassegna, promossa dal Teatro Comunale di Bologna e Innovio con il supporto di Illumia, BPER, Pelliconi, Engel&amp;V\u00f6lkers, Balestra &amp; Partners, Penske Cars, Valsoia e GVS.<\/p>\n\n\n\n<p>I biglietti \u2013 da 5 a 15 euro \u2013 sono in vendita su&nbsp;<a href=\"https:\/\/tcbo.vivaticket.it\/it\/event\/in-controluce-siegfried\/257788?_gl=1*1ft40n3*_ga*Mzg5ODA5NTk0LjE3NDk0NTQ4MzM.*_ga_31YPVLC8YJ*czE3NDk0NTQ4MzIkbzEkZzEkdDE3NDk0NTcyNzYkajU5JGwwJGgw\" target=\"_blank\" rel=\"noreferrer noopener\">Vivaticket<\/a>.&nbsp;Gli&nbsp;abbonati&nbsp;alla Stagione d&#8217;Opera 2025 hanno accesso&nbsp;gratuito&nbsp;fino a esaurimento disponibilit\u00e0 dei posti assegnati alla categoria; potranno ritirare i biglietti, presentando il proprio abbonamento, presso gli sportelli della biglietteria del Teatro (Largo Respighi, 1) secondo gli&nbsp;<a href=\"https:\/\/www.tcbo.it\/biglietteria-3\/\" target=\"_blank\" rel=\"noreferrer noopener\">orari<\/a>&nbsp;di apertura.<\/p>\n\n\n\n<p>Info:&nbsp;<a href=\"https:\/\/www.tcbo.it\/eventi\/in-controluce-siegfried\/\" target=\"_blank\" rel=\"noreferrer noopener\">https:\/\/www.tcbo.it\/eventi\/in-controluce-siegfried\/<\/a><\/p>\n\n\n\n<p>10.06.2025<\/p>\n\n\n\n<p><\/p>\n\n\n\n<p><strong>Skill&amp;Music<\/strong><\/p>\n\n\n\n<p>Irene Sala \u2013 referente ufficio stampa<\/p>\n\n\n\n<p>Alice Castelnuovo \u2013 assistente ufficio stampa<\/p>\n\n\n\n<p>Fondazione Teatro Comunale di Bologna&nbsp;<\/p>\n\n\n\n<p>Largo Respighi, 1 &#8211; 40126 Bologna&nbsp;<\/p>\n\n\n\n<p>T. +39 051 529947&nbsp;<\/p>\n\n\n\n<p>e-mail:&nbsp;<strong><u><a href=\"mailto:ufficiostampa@comunalebologna.it\" target=\"_blank\" rel=\"noreferrer noopener\">ufficiostampa@comunalebologna.it<\/a><\/u><\/strong>&nbsp;<\/p>\n\n\n\n<p><strong><u><a href=\"http:\/\/www.tcbo.it\/\" target=\"_blank\" rel=\"noreferrer noopener\">www.tcbo.it<\/a><\/u><\/strong><\/p>\n\n\n\n<figure class=\"wp-block-table\"><table><tbody><tr><td colspan=\"3\"><strong>Ufficio Stampa Teatro Comunale di Bologna<\/strong><\/td><\/tr><tr><td rowspan=\"2\"><\/td><td rowspan=\"2\"><\/td><td><strong>Fondazione Teatro Comunale di Bologna<\/strong><br>Largo Respighi,1 &#8211; 40126 Bologna<br>Telefono:&nbsp;<a href=\"tel:051529947\" rel=\"noreferrer noopener\" target=\"_blank\">051529947<\/a><br>Fax: 051529995<br><a target=\"_blank\" href=\"http:\/\/www.tcbo.it\/\" rel=\"noreferrer noopener\">www.tcbo.it<\/a>&nbsp;<\/td><\/tr><\/tbody><\/table><\/figure>\n\n\n\n<p>foto<\/p>\n\n\n\n<figure class=\"wp-block-gallery has-nested-images columns-default is-cropped wp-block-gallery-1 is-layout-flex wp-block-gallery-is-layout-flex\">\n<figure class=\"wp-block-image size-large\"><a href=\"https:\/\/www.ecoitaliano.com.ar\/wp-content\/uploads\/2025\/06\/Alberto-Mattioli-scaled.jpg\"><img decoding=\"async\" width=\"1024\" height=\"683\" data-id=\"74771\" src=\"https:\/\/www.ecoitaliano.com.ar\/wp-content\/uploads\/2025\/06\/Alberto-Mattioli-1024x683.jpg\" alt=\"\" class=\"wp-image-74771\" srcset=\"https:\/\/www.ecoitaliano.com.ar\/wp-content\/uploads\/2025\/06\/Alberto-Mattioli-1024x683.jpg 1024w, https:\/\/www.ecoitaliano.com.ar\/wp-content\/uploads\/2025\/06\/Alberto-Mattioli-300x200.jpg 300w, https:\/\/www.ecoitaliano.com.ar\/wp-content\/uploads\/2025\/06\/Alberto-Mattioli-768x512.jpg 768w, https:\/\/www.ecoitaliano.com.ar\/wp-content\/uploads\/2025\/06\/Alberto-Mattioli-1536x1024.jpg 1536w, https:\/\/www.ecoitaliano.com.ar\/wp-content\/uploads\/2025\/06\/Alberto-Mattioli-2048x1365.jpg 2048w, https:\/\/www.ecoitaliano.com.ar\/wp-content\/uploads\/2025\/06\/Alberto-Mattioli-150x100.jpg 150w\" sizes=\"(max-width: 1024px) 100vw, 1024px\" \/><\/a><\/figure>\n\n\n\n<figure class=\"wp-block-image size-large\"><a href=\"https:\/\/www.ecoitaliano.com.ar\/wp-content\/uploads\/2025\/06\/Matteo-Ali-3-scaled.jpg\"><img decoding=\"async\" width=\"1024\" height=\"1024\" data-id=\"74772\" src=\"https:\/\/www.ecoitaliano.com.ar\/wp-content\/uploads\/2025\/06\/Matteo-Ali-3-1024x1024.jpg\" alt=\"\" class=\"wp-image-74772\" srcset=\"https:\/\/www.ecoitaliano.com.ar\/wp-content\/uploads\/2025\/06\/Matteo-Ali-3-1024x1024.jpg 1024w, https:\/\/www.ecoitaliano.com.ar\/wp-content\/uploads\/2025\/06\/Matteo-Ali-3-300x300.jpg 300w, https:\/\/www.ecoitaliano.com.ar\/wp-content\/uploads\/2025\/06\/Matteo-Ali-3-150x150.jpg 150w, https:\/\/www.ecoitaliano.com.ar\/wp-content\/uploads\/2025\/06\/Matteo-Ali-3-768x768.jpg 768w, https:\/\/www.ecoitaliano.com.ar\/wp-content\/uploads\/2025\/06\/Matteo-Ali-3-1536x1536.jpg 1536w, https:\/\/www.ecoitaliano.com.ar\/wp-content\/uploads\/2025\/06\/Matteo-Ali-3-2048x2048.jpg 2048w\" sizes=\"(max-width: 1024px) 100vw, 1024px\" \/><\/a><\/figure>\n<\/figure>\n","protected":false},"excerpt":{"rendered":"<p>Comunicato stampa TCBO: L&#8217;IMMAGINARIO PRIMITIVO E FAVOLOSO DI&nbsp;SIEGFRIED&nbsp;RACCONTATO DA ALBERTO MATTIOLI&nbsp;PER LA RASSEGNA \u201cIN CONTROLUCE\u201d Ospite anche&nbsp;l\u2019attore Matteo Al\u00ec Gioved\u00ec [&hellip;]<\/p>\n","protected":false},"author":1,"featured_media":0,"comment_status":"open","ping_status":"open","sticky":false,"template":"","format":"standard","meta":{"footnotes":""},"categories":[1],"tags":[],"class_list":["post-74769","post","type-post","status-publish","format-standard","hentry","category-sin-categoria"],"_links":{"self":[{"href":"https:\/\/www.ecoitaliano.com.ar\/index.php?rest_route=\/wp\/v2\/posts\/74769","targetHints":{"allow":["GET"]}}],"collection":[{"href":"https:\/\/www.ecoitaliano.com.ar\/index.php?rest_route=\/wp\/v2\/posts"}],"about":[{"href":"https:\/\/www.ecoitaliano.com.ar\/index.php?rest_route=\/wp\/v2\/types\/post"}],"author":[{"embeddable":true,"href":"https:\/\/www.ecoitaliano.com.ar\/index.php?rest_route=\/wp\/v2\/users\/1"}],"replies":[{"embeddable":true,"href":"https:\/\/www.ecoitaliano.com.ar\/index.php?rest_route=%2Fwp%2Fv2%2Fcomments&post=74769"}],"version-history":[{"count":1,"href":"https:\/\/www.ecoitaliano.com.ar\/index.php?rest_route=\/wp\/v2\/posts\/74769\/revisions"}],"predecessor-version":[{"id":74773,"href":"https:\/\/www.ecoitaliano.com.ar\/index.php?rest_route=\/wp\/v2\/posts\/74769\/revisions\/74773"}],"wp:attachment":[{"href":"https:\/\/www.ecoitaliano.com.ar\/index.php?rest_route=%2Fwp%2Fv2%2Fmedia&parent=74769"}],"wp:term":[{"taxonomy":"category","embeddable":true,"href":"https:\/\/www.ecoitaliano.com.ar\/index.php?rest_route=%2Fwp%2Fv2%2Fcategories&post=74769"},{"taxonomy":"post_tag","embeddable":true,"href":"https:\/\/www.ecoitaliano.com.ar\/index.php?rest_route=%2Fwp%2Fv2%2Ftags&post=74769"}],"curies":[{"name":"wp","href":"https:\/\/api.w.org\/{rel}","templated":true}]}}