{"id":74892,"date":"2025-06-13T17:00:41","date_gmt":"2025-06-13T17:00:41","guid":{"rendered":"https:\/\/www.ecoitaliano.com.ar\/?p=74892"},"modified":"2025-06-13T17:00:41","modified_gmt":"2025-06-13T17:00:41","slug":"serena-conduce-operaclassica-eco-italiano-4415","status":"publish","type":"post","link":"https:\/\/www.ecoitaliano.com.ar\/?p=74892","title":{"rendered":"Serena conduce operaclassica eco italiano"},"content":{"rendered":"<div class=\"wp-block-image\">\n<figure class=\"aligncenter size-full\"><a href=\"https:\/\/www.ecoitaliano.com.ar\/wp-content\/uploads\/2025\/06\/image-21.png\"><img decoding=\"async\" width=\"300\" height=\"97\" src=\"https:\/\/www.ecoitaliano.com.ar\/wp-content\/uploads\/2025\/06\/image-21.png\" alt=\"\" class=\"wp-image-74893\" srcset=\"https:\/\/www.ecoitaliano.com.ar\/wp-content\/uploads\/2025\/06\/image-21.png 300w, https:\/\/www.ecoitaliano.com.ar\/wp-content\/uploads\/2025\/06\/image-21-150x49.png 150w\" sizes=\"(max-width: 300px) 100vw, 300px\" \/><\/a><\/figure><\/div>\n\n\n<p><strong>COMUNICATO STAMPA<\/strong><\/p>\n\n\n\n<p><strong>RIVIVE LA&nbsp;<em>CARMEN<\/em>&nbsp;FIRMATA DA GUTTUSO<\/strong><\/p>\n\n\n\n<p><strong>NEL 150\u00b0 ANNIVERSARIO DEL CAPOLAVORO DI BIZET<\/strong><\/p>\n\n\n\n<p><strong>Dal 21 giugno al Costanzi con Wellber sul podio, la regia di Fabio Ceresa e<\/strong><\/p>\n\n\n\n<p><strong>un cast di star come Ga\u00eblle Arquez, Joshua Guerrero, Mariangela Sicilia ed Erwin Schrott<\/strong><\/p>\n\n\n\n<p><strong>La prima di sabato 21 giugno alle ore 20 anche in diretta su Radio3 Rai<\/strong><\/p>\n\n\n\n<p>Compie 150 anni&nbsp;<em>Carmen<\/em>, l\u2019immortale capolavoro di Georges Bizet, di cui pure ricorre il 150\u00b0 anniversario della morte. Per l\u2019occasione il Teatro dell\u2019Opera di Roma ripropone lo storico allestimento con scene e costumi firmati da Renato Guttuso, ideato nel 1970 e ripreso una sola altra volta, nel 1973. Le sette rappresentazioni, dal 21 al 28 giugno, precedute dall\u2019Anteprima Giovani di venerd\u00ec 20 gennaio (ore 19), vedono sul podio Omer Meir Wellber, prossimo direttore musicale della Staatsoper Hamburg e della Filarmonica di Amburgo all\u2019Elbphilharmonie; la regia \u00e8 appositamente commissionata a Fabio Ceresa, al suo debutto al Costanzi. Giuseppe Di Iorio firma le luci, Mattia Agatiello \u00e8 il coreografo per i movimenti mimici. La prima rappresentazione, sabato 21 giugno alle ore 20, \u00e8 trasmessa anche in diretta da Radio3 Rai.<\/p>\n\n\n\n<p>Imponente da parte della Fondazione capitolina il lavoro di ricostruzione di scene e costumi di questo allestimento, che per la sua realizzazione scenica nel 1970 aveva impegnato per oltre un anno il regista Sandro Bolchi e Renato Guttuso. Erano mille i disegni da lui realizzati, di cui pi\u00f9 di cinquecento distrutti prima di concretizzare le scene: \u00ab<em>Avevo nitida l\u2019idea di come dovessero essere cielo, case, balconi, arena, mare,<\/em>&nbsp;\u2013 confessava il pittore \u2013&nbsp;<em>ma mi sfuggiva spesso che non potevo prescindere dalla loro attuazione scenica<\/em>\u00bb.<\/p>\n\n\n\n<p>Dell\u2019allestimento originale sono sopravvissute solo le tele dipinte. Per la ricostruzione delle quinte armate e gli elementi praticabili, con un necessario ripensamento delle soluzioni scenotecniche e costruttive adatte ai tempi odierni e che prevedono il trasporto e l\u2019immagazzinaggio, ci si \u00e8 basati sulle foto di scena dell\u2019epoca. Tutto questo lavoro ha prodotto oltre 150 disegni tecnici. Sono stati realizzati ex novo 30 pareti, 20 carrelli, 80 elementi costruiti, un nuovo fondale e un nuovo soffitto per il terzo atto. Degli oltre 350 costumi disegnati da Guttuso e indossati alla prima assoluta di questo allestimento, ne sono stati ritrovati e catalogati 310. Anche se non tutti utilizzabili, sono stati una base fondamentale per il lavoro di ricostruzione. Indispensabili inoltre i disegni in bianco e nero fortunatamente pubblicati in un articolo dell\u2019epoca e le foto e all\u2019unico bozzetto a colori (di una sigaraia) custodito presso la Fondazione Guttuso.<\/p>\n\n\n\n<p>Lo spettacolo aveva fatto molto parlare sia prima sia dopo il debutto. In seguito alla prima, l\u201911 marzo 1970 con una serata di gala da tutto esaurito come le repliche, l\u2019opera \u00e8 stata ribattezzata dai media \u201cLa&nbsp;<em>Carmen<\/em>&nbsp;in minigonna\u201d. Interprete principale il celebre mezzosoprano Grace Bumbry. Aveva interpretato il ruolo pi\u00f9 di 125 volte in tutto il mondo ma mai in Italia, dove cantava per la seconda volta in assoluto dopo Napoli. Importanti anche gli altri nomi in locandina, primo fra tutti quello del tenore Richard Tucker (Don Jos\u00e9) e non ultimo un giovane Leo Nucci (Dancairo).<\/p>\n\n\n\n<p>Anche per questa ripresa sono chiamate star internazionali, tra le quali Ga\u00eblle Arquez, impegnata nel ruolo del titolo e per la prima volta sul palco della Fondazione capitolina. Il mezzo soprano francese, nominata \u201cR\u00e9v\u00e9lation Lyrique\u201d al Victoires de la Musique 2011, \u00e8 regolarmente presente sui pi\u00f9 prestigiosi palcoscenici internazionali. Carmen \u00e8 il suo ruolo d\u2019elezione. Dopo averlo debuttato nel 2016 a Francoforte (regia di Berrie Kosky), l\u2019ha reinterpretato alla Royal Opera House, al Bregenzer Festspiele e al Teatro Real di Madrid. Al suo fianco, nei panni di Don Jos\u00e9, una stella in ascesa come Joshua Guerrero, che al Costanzi ha interpretato Faust nel&nbsp;<em>Mefistofele<\/em>&nbsp;di Boito che ha inaugurato la stagione 2023\/24. E ancora Erwin Schrott nella parte di Escamillo e Mariangela Sicilia, che torna dopo il successo di Alcina in marzo, nei panni di Mica\u00ebla. Nelle repliche del 22, 25 e 27 giugno \u00e8 impegnato il cast alternativo con Ketevan Kemoklidze (Carmen), Jorge de Le\u00f3n (Don Jos\u00e9), Andrei Bondarenko (Escamillo) ed Ekaterina Bakanova. In tutte le recite Meghan Picerno \u00e8 Frasquita, Anna Pennisi Marcedes, Alessio Verna Dancairo, Nicolas Brooymans Zuniga e Matteo Torcaso Morales. In scena il Coro del Teatro dell\u2019Opera di Roma diretto da Ciro Visco. Con la partecipazione della Scuola di Canto Corale del Teatro dell\u2019Opera di Roma.<\/p>\n\n\n\n<p>Dopo la prima di sabato 21 giugno (ore 20)&nbsp;<em>Carmen&nbsp;<\/em>torna in scena domenica 22 (ore 16.30), marted\u00ec 24 (ore 20), mercoled\u00ec 25 (ore 20), gioved\u00ec 26 (ore 20), venerd\u00ec 27 (ore 20) e sabato 28 giugno (ore 18). Le rappresentazioni dello spettacolo sono precedute dalla \u2018Lezione di Opera\u2019 tenuta da Giovanni Bietti, sabato 14 giugno alle ore 18, e dall\u2019Anteprima Giovani, riservata ai minori di 30 anni, venerd\u00ec 20 giugno alle ore 19.<\/p>\n\n\n\n<p><strong>Info:&nbsp;<a href=\"https:\/\/fondazioneteatrodelloperadirom.musvc2.net\/e\/tr?q=6%3dRaBaP%26D%3d4%26G%3dOX6b%26A%3dS6aQU6%26N%3d4LvIE_JSvl_UC_KmuR_Ub_JSvl_THPIO.qI1JcKAEc.BF_JSvl_TH%267%3d9MuOyT.p8F%26Au%3dYUU0%26ME%3dTBUQb8TNS4w3c5VSb3%26A%3dU8c7wVh8yUc6Rbcc276WRSdUP75Y263X14hVzZ8YV64cU43Uy506SU4XzV7YQ6AU&amp;mupckp=mupAtu4m8OiX0wt\" target=\"_blank\" rel=\"noreferrer noopener\">https:\/\/www.operaroma.it\/<\/a><\/strong><\/p>\n\n\n\n<p><strong>Biglietti:&nbsp;<a href=\"https:\/\/fondazioneteatrodelloperadirom.musvc2.net\/e\/tr?q=7%3dEZMbC%26C%3dE%26H%3dBWGc%26x%3dRGbDTG%26O%3dqK7J2_IdwY_TN_LZtc_VO_IdwY_SSQ6N.2JnInLxDn.C3_IdwY_SSMy67Nj42Fr_IdwY_SS7jIz9w-Y_5ubq_Ej%26m%3dD8M54E.HnK%26vM%3dEZFb%263J%3dEdAVMZ0SDWBXMU%26q%3d5JcCYsYj2rdBUL9j2FUHUEd0SEYn3I50TMaoYFYm7E5EZq9I2GXE5K5F3o5C5j2nVoZ0&amp;mupckp=mupAtu4m8OiX0wt\" target=\"_blank\" rel=\"noreferrer noopener\">https:\/\/www.operaroma.it\/spettacoli\/carmen-8\/<u><\/u><\/a><\/strong>&nbsp;e al Botteghino dell\u2019Opera di Roma.<\/p>\n\n\n\n<p><\/p>\n\n\n\n<p><\/p>\n\n\n\n<p><strong>12 giugno 202<\/strong><strong>5<\/strong><\/p>\n\n\n\n<p><strong>TEATRO DELL\u2019OPERA DI ROMA<\/strong><\/p>\n\n\n\n<p><strong>Cosimo Manicone<\/strong><\/p>\n\n\n\n<p>ufficio stampa<\/p>\n\n\n\n<p><a href=\"mailto:cosimo.manicone@operaroma.it\" target=\"_blank\" rel=\"noreferrer noopener\">cosimo.manicone@operaroma.it<\/a><\/p>\n\n\n\n<p><strong>Paolo Cairoli<\/strong><\/p>\n\n\n\n<p>direttore della comunicazione<\/p>\n\n\n\n<p><a href=\"mailto:paolo.cairoli@operaroma.it\" target=\"_blank\" rel=\"noreferrer noopener\">paolo.cairoli@operaroma.it<\/a><\/p>\n\n\n\n<p><strong>VOLTI DEL POTERE &#8211; STAGIONE 2024\/2025 DEL TEATRO DELL\u2019OPERA DI ROMA<\/strong><\/p>\n\n\n\n<p><strong><em>Carmen<\/em><\/strong><\/p>\n\n\n\n<p>Musica di&nbsp;<strong>Georges Bizet<\/strong><\/p>\n\n\n\n<p>Opera in quattro atti<\/p>\n\n\n\n<p>Dal romanzo di&nbsp;<strong>Prosper M\u00e9rim\u00e9e<\/strong><\/p>\n\n\n\n<p>Libretto di&nbsp;<strong>Henri Meilhac&nbsp;<\/strong>e&nbsp;<strong>Ludovic Hal\u00e9vy<\/strong><\/p>\n\n\n\n<p>Direttore&nbsp;<strong>Omer<\/strong>&nbsp;<strong>Meir Wellber<\/strong><\/p>\n\n\n\n<p>Regia&nbsp;<strong>Fabio Ceresa<\/strong><\/p>\n\n\n\n<p>Maestro del Coro&nbsp;<strong>Ciro Visco<\/strong><\/p>\n\n\n\n<p>Scene e costumi&nbsp;<strong>Renato Guttuso<\/strong><\/p>\n\n\n\n<p>Luci&nbsp;<strong>Giuseppe Di Iorio<\/strong><\/p>\n\n\n\n<p>Coreografo per i movimenti mimici&nbsp;<strong>Mattia Agatiello<\/strong><\/p>\n\n\n\n<p>PERSONAGGI INTERPRETI<\/p>\n\n\n\n<p>Carmen&nbsp;<strong>Ga\u00eblle Arquez \/ Ketevan Kemoklidze&nbsp;<\/strong>22, 25, 27 giugno<\/p>\n\n\n\n<p>Don Jos\u00e9&nbsp;<strong>Joshua Guerrero \/ Jorge de Le\u00f3n&nbsp;<\/strong>22, 25, 27 giugno<\/p>\n\n\n\n<p>Escamillo&nbsp;<strong>Erwin Schrott \/ Andrei Bondarenko&nbsp;<\/strong>22, 25, 27 giugno<\/p>\n\n\n\n<p>Mica\u00ebla&nbsp;<strong>Mariangela Sicilia \/ Ekaterina Bakanova&nbsp;<\/strong>22, 25, 27 giugno<\/p>\n\n\n\n<p>Frasquita&nbsp;<strong>Meghan Picerno<\/strong><\/p>\n\n\n\n<p>Mercedes<strong>&nbsp;Anna Pennisi<\/strong><\/p>\n\n\n\n<p>Dancairo<strong>&nbsp;Alessio Verna<\/strong><\/p>\n\n\n\n<p>Zuniga<strong>&nbsp;Nicolas Brooymans<\/strong><\/p>\n\n\n\n<p>Morales<strong>&nbsp;Matteo Torcaso<\/strong><\/p>\n\n\n\n<p><strong>Orchestra e Coro del Teatro dell\u2019Opera di Roma<\/strong><\/p>\n\n\n\n<p>con la partecipazione del&nbsp;<strong>Coro di Voci Bianche<\/strong>&nbsp;<strong>del Teatro dell\u2019Opera di Roma<\/strong>&nbsp;(maestro&nbsp;<strong>Alberto de Sanctis<\/strong>)<\/p>\n\n\n\n<p><strong>ALLESTIMENTO TEATRO DELL\u2019OPERA DI ROMA<\/strong><\/p>\n\n\n\n<p><strong>Riproposto nella versione storica del 1970<\/strong><\/p>\n\n\n\n<p><strong>TEATRO COSTANZI<\/strong><\/p>\n\n\n\n<p><strong>LEZIONE DI OPERA&nbsp;<\/strong>sabato 14 giugno, ore 18.00<\/p>\n\n\n\n<p><strong>ANTEPRIMA GIOVANI&nbsp;<\/strong>venerd\u00ec 20 giugno, ore 19.00<\/p>\n\n\n\n<p><strong>PRIMA RAPPRESENTAZIONE<\/strong>&nbsp;sabato 21 giugno, ore 20.00<\/p>\n\n\n\n<p><strong>REPLICHE<\/strong><\/p>\n\n\n\n<p>domenica 22 giugno, ore 16.30<\/p>\n\n\n\n<p>marted\u00ec 24 giugno, ore 20.00<\/p>\n\n\n\n<p>mercoled\u00ec 25 giugno, ore 20.00<\/p>\n\n\n\n<p>gioved\u00ec 26 giugno, ore 20.00<\/p>\n\n\n\n<p>venerd\u00ec 27 giugno, ore 20.00<\/p>\n\n\n\n<p>sabato 28 giugno, ore 18.00<\/p>\n\n\n\n<figure class=\"wp-block-image size-full\"><a href=\"https:\/\/www.ecoitaliano.com.ar\/wp-content\/uploads\/2025\/06\/image-22.png\"><img decoding=\"async\" width=\"300\" height=\"147\" src=\"https:\/\/www.ecoitaliano.com.ar\/wp-content\/uploads\/2025\/06\/image-22.png\" alt=\"\" class=\"wp-image-74894\" srcset=\"https:\/\/www.ecoitaliano.com.ar\/wp-content\/uploads\/2025\/06\/image-22.png 300w, https:\/\/www.ecoitaliano.com.ar\/wp-content\/uploads\/2025\/06\/image-22-150x74.png 150w\" sizes=\"(max-width: 300px) 100vw, 300px\" \/><\/a><\/figure>\n","protected":false},"excerpt":{"rendered":"<p>COMUNICATO STAMPA RIVIVE LA&nbsp;CARMEN&nbsp;FIRMATA DA GUTTUSO NEL 150\u00b0 ANNIVERSARIO DEL CAPOLAVORO DI BIZET Dal 21 giugno al Costanzi con Wellber [&hellip;]<\/p>\n","protected":false},"author":1,"featured_media":0,"comment_status":"open","ping_status":"open","sticky":false,"template":"","format":"standard","meta":{"footnotes":""},"categories":[1],"tags":[],"class_list":["post-74892","post","type-post","status-publish","format-standard","hentry","category-sin-categoria"],"_links":{"self":[{"href":"https:\/\/www.ecoitaliano.com.ar\/index.php?rest_route=\/wp\/v2\/posts\/74892","targetHints":{"allow":["GET"]}}],"collection":[{"href":"https:\/\/www.ecoitaliano.com.ar\/index.php?rest_route=\/wp\/v2\/posts"}],"about":[{"href":"https:\/\/www.ecoitaliano.com.ar\/index.php?rest_route=\/wp\/v2\/types\/post"}],"author":[{"embeddable":true,"href":"https:\/\/www.ecoitaliano.com.ar\/index.php?rest_route=\/wp\/v2\/users\/1"}],"replies":[{"embeddable":true,"href":"https:\/\/www.ecoitaliano.com.ar\/index.php?rest_route=%2Fwp%2Fv2%2Fcomments&post=74892"}],"version-history":[{"count":1,"href":"https:\/\/www.ecoitaliano.com.ar\/index.php?rest_route=\/wp\/v2\/posts\/74892\/revisions"}],"predecessor-version":[{"id":74895,"href":"https:\/\/www.ecoitaliano.com.ar\/index.php?rest_route=\/wp\/v2\/posts\/74892\/revisions\/74895"}],"wp:attachment":[{"href":"https:\/\/www.ecoitaliano.com.ar\/index.php?rest_route=%2Fwp%2Fv2%2Fmedia&parent=74892"}],"wp:term":[{"taxonomy":"category","embeddable":true,"href":"https:\/\/www.ecoitaliano.com.ar\/index.php?rest_route=%2Fwp%2Fv2%2Fcategories&post=74892"},{"taxonomy":"post_tag","embeddable":true,"href":"https:\/\/www.ecoitaliano.com.ar\/index.php?rest_route=%2Fwp%2Fv2%2Ftags&post=74892"}],"curies":[{"name":"wp","href":"https:\/\/api.w.org\/{rel}","templated":true}]}}