{"id":74901,"date":"2025-06-13T17:13:57","date_gmt":"2025-06-13T17:13:57","guid":{"rendered":"https:\/\/www.ecoitaliano.com.ar\/?p=74901"},"modified":"2025-06-13T17:13:57","modified_gmt":"2025-06-13T17:13:57","slug":"serena-conduce-operaclassica-eco-italiano-4417","status":"publish","type":"post","link":"https:\/\/www.ecoitaliano.com.ar\/?p=74901","title":{"rendered":"Serena conduce operaclassica eco italiano"},"content":{"rendered":"<div class=\"wp-block-image\">\n<figure class=\"aligncenter size-full\"><a href=\"http:\/\/www.ecoitaliano.com.ar\/wp-content\/uploads\/2025\/06\/image004-1.png\"><img decoding=\"async\" width=\"143\" height=\"89\" src=\"http:\/\/www.ecoitaliano.com.ar\/wp-content\/uploads\/2025\/06\/image004-1.png\" alt=\"\" class=\"wp-image-74902\"\/><\/a><\/figure><\/div>\n\n\n<p>Ufficio Stampa &nbsp;&nbsp;&nbsp;&nbsp;&nbsp;&nbsp;&nbsp;&nbsp;&nbsp;&nbsp;&nbsp;&nbsp;&nbsp;&nbsp;&nbsp;&nbsp;&nbsp;&nbsp;&nbsp;&nbsp;&nbsp;&nbsp;&nbsp;&nbsp;&nbsp;&nbsp;&nbsp;&nbsp;&nbsp;&nbsp;&nbsp;&nbsp;&nbsp;&nbsp;&nbsp;&nbsp;&nbsp;&nbsp;&nbsp;&nbsp;&nbsp;&nbsp;&nbsp;&nbsp;&nbsp;&nbsp;&nbsp;&nbsp;&nbsp;&nbsp;&nbsp;&nbsp;&nbsp;&nbsp;&nbsp;&nbsp;&nbsp;&nbsp;&nbsp;&nbsp;&nbsp;&nbsp;&nbsp;&nbsp;&nbsp;&nbsp;&nbsp;&nbsp;&nbsp;&nbsp;&nbsp;&nbsp;&nbsp;&nbsp;&nbsp;&nbsp;&nbsp;&nbsp;&nbsp;&nbsp;&nbsp;&nbsp;&nbsp;&nbsp;&nbsp;&nbsp;&nbsp;&nbsp;&nbsp;&nbsp;&nbsp;&nbsp;&nbsp;&nbsp;&nbsp;&nbsp;&nbsp;&nbsp;&nbsp;&nbsp;&nbsp;&nbsp;&nbsp;&nbsp;&nbsp; &nbsp;&nbsp;&nbsp;&nbsp;&nbsp;&nbsp;&nbsp;&nbsp;&nbsp;&nbsp;&nbsp; 12\/06\/2025<\/p>\n\n\n\n<p><strong><br>VENERD\u00ec 13 GIUGNO LA PRIMA DELL\u2019ARENA<\/strong><\/p>\n\n\n\n<p><strong>IL 102\u00b0 OPERA FESTIVAL SI APRE CON UN <em>NABUCCO<\/em> \u2018ATOMICO\u2019<\/strong><\/p>\n\n\n\n<p><strong>In collaborazione con il Ministero della Cultura, sabato 21 giugno, per la Giornata Mondiale della Musica, lo spettacolo ripreso dalle telecamere di Rai Cultura sar\u00e0 trasmesso su Rai 3<\/strong><\/p>\n\n\n\n<p><strong>Venerd\u00ec 13 giugno si alza il sipario sul 102\u00b0 Arena di Verona Opera Festival: <em>Nabucco<\/em> di Verdi, intenso affresco corale di ispirazione biblica, diventato \u201ccolonna sonora\u201d del Risorgimento italiano, rivive in una produzione tutta nuova firmata in ogni aspetto dal visionario Stefano Poda. L\u2019opera diventa un viaggio senza tempo dal conflitto alla riconciliazione, dalla superbia alla speranza, tra umanesimo e tecnologia: <\/strong>i popoli in conflitto di <em>Nabucco<\/em> sono tutti gli uomini, tutti i popoli, di ieri, di oggi, e forse di domani, che scoprono s\u00e9 stessi attraverso la separazione, violenta e dolorosa ma con la speranza di un nuovo ricongiungimento. <strong>Una produzione che \u00e8 anche una grandissima sfida tecnica per le maestranze areniane e per i numerosi laboratori coinvolti, con inedite soluzioni per i 3.000 costumi e spettacolari effetti scenici. <\/strong>In scena 400 tra artisti, mimi, figuranti, Ballo, impegnati in inedite coreografie di battaglia di scherma, e naturalmente il Coro, vero protagonista dell\u2019opera.<\/p>\n\n\n\n<p>\u00c8 il nuovo Nabucco di Giuseppe Verdi firmato da Stefano Poda che <strong>Rai Cultura propone sabato 21 giugno alle 21.20 su Rai 3, in occasione della Giornata Mondiale della Musica<\/strong>, in collaborazione con il <strong>Ministero della Cultura<\/strong>. La serata, con la regia Tv di <strong>Fabrizio Guttuso Alaimo<\/strong>, vede la partecipazione di <strong>Cristiana Capotondi<\/strong> e <strong>Alessandro Preziosi<\/strong>.<\/p>\n\n\n\n<p><strong>In scena un cast di stelle internazionali dell\u2019opera, guidato da Amartuvshin Enkhbat<\/strong>, voce imponente nata nelle remote alture della Mongolia e oggi baritono verdiano di riferimento. Accanto a lui <strong>Anna Pirozzi<\/strong> nell\u2019impervia parte di Abigaille, <strong>Vasilisa Berzhanskaya <\/strong>(Fenena), <strong>Francesco Meli <\/strong>(Ismaele), <strong>Roberto Tagliavini <\/strong>(Zaccaria), <strong>Carlo Bosi <\/strong>(Abdallo), <strong>Gabriele Sagona <\/strong>(gran sacerdote di Belo) e <strong>Daniela Cappiello <\/strong>(Anna). Oltre 160 gli artisti del <strong>Coro <\/strong>diretti da <strong>Roberto Gabbiani<\/strong>, e 120 i professori dell\u2019<strong>Orchestra di Fondazione Arena<\/strong>, diretti dall\u2019esperto maestro <strong>Pinchas Steinberg<\/strong>, che fa il suo atteso ritorno a Verona a 25 anni dal suo esordio areniano.<\/p>\n\n\n\n<p>Titolo da sempre amatissimo in Arena per la sua intrinseca e spettacolare coralit\u00e0, nella nuova produzione <em>Nabucco<\/em> \u00e8 gi\u00e0 stato definito \u201catomico\u201d: nella sua ricchezza e multimedialit\u00e0, pone anche una grande sfida tecnica alle maestranze areniane e ai numerosi laboratori coinvolti, con inedite soluzioni per costumi ed effetti scenici. <strong>Grandi elementi simbolici e disegni di luci innovativi<\/strong> <strong>si combinano sulla scena, al servizio del dramma di Verdi che racconta un conflitto non solo fra popoli ma all\u2019interno di ogni individuo, tra superbia, coscienza e speranza. <\/strong>Una idea di conflitto permanente che viene declinata in ogni momento della messa in scena, attraverso molteplici visioni belliche, da minacciose sciabolate post-moderne fino ad un missile atomico.<\/p>\n\n\n\n<p>\u00ab<em>Due polarit\u00e0 si attraggono e si respingono durante tutta l\u2019azione scenica \u2013 <\/em>spiega <strong>Stefano Poda<\/strong> \u2013<em> fino a un punto di massima repulsione e scissione, per poi arrivare alla sintesi del Finale in cui i due opposti si riconciliano. La metafora \u00e8 quella dei legami fra le particelle atomiche: dalla loro unione si origina la materia, ma l\u2019Uomo ha scoperto come separarle causando totale distruzione. Il progresso tecnologico rende tutto possibile e Nabucco non esita ad usare la sua superiorit\u00e0 materiale contro gli sconfitti, fino ad arrivare a conseguenze drammatiche: l\u2019insegnamento di questo capolavoro \u00e8 che la razionalit\u00e0, per essere ben diretta, non pu\u00f2 prescindere dalla spiritualit\u00e0\u00bb.<\/em><\/p>\n\n\n\n<p>In scena la contrapposizione tra ragione e fede, tra tecnologia e filosofia. Due valori apparentemente distinti, due dimensioni rappresentate da altrettante semisfere, <strong>imponenti installazioni tecnologiche che ruotano per ricongiungersi nel finale. Come l\u2019uomo che prima separa e divide, e poi ricostruisce, riunisce sperando di ritrovare l\u2019armonia. Ad incombere, una grande clessidra, simbolo del Tempo e memento di \u2018Vanitas\u2019, pronta a rompersi e a liberare la vita dallo scorrere del tempo, dalla mortalit\u00e0. E un\u2019esplosione \u2018atomica\u2019 che, a 80 anni da Hiroshima e Nagasaki, \u00e8 allo stesso tempo un monito e una riflessione sull\u2019istinto autodistruttivo dell\u2019uomo.<\/strong> Ma che ricorda anche quella esplosione generativa che diede vita all\u2019Umanit\u00e0, il Big Bang. Un connubio tra arti e discipline. Tra cui la scherma, sorprendente protagonista delle coreografie firmate da Poda e alla quale si stanno allenando pi\u00f9 di 200 artisti.<\/p>\n\n\n\n<p><strong>L\u2019opera replica anche sabato 14 giugno, con nuovi debutti nel cast: Maria Jos\u00e8 Siri, Galeano Salas, Alexander Vinogradov, Matteo Macchioni, Elisabetta Zizzo<\/strong>. Pr tutte le rappresentazioni, fino a settembre, salgono sul palcoscenico areniano i pi\u00f9 grandi interpreti di oggi:&nbsp;<strong>Anna Netrebko&nbsp;<\/strong>interpreta per la prima volta in Italia la parte di&nbsp;Abigaille,&nbsp;<em>villain<\/em>&nbsp;dell\u2019opera, per tre sere (17, 24, 31\/7), con Olga Maslova (dal 9 agosto) accanto alla Fenena di Aigul Akhmetshina. Baritoni titolari saranno Luca Salsi e Youngjun Park, mentre nei panni di Zaccaria si avvicendano anche Christian Van Horn e Simon Lim.&nbsp;<strong><em>Nabucco<\/em> \u00e8 solo la prima delle 51 serate di spettacolo del Festival 2025, che comprende <\/strong><strong>5 titoli d\u2019opera e 5 fra concerti e balletti fino al 6 settembre. <\/strong>Confermati gli orari d\u2019inizio spettacolo gi\u00e0 in vigore la scorsa estate: le rappresentazioni di giugno iniziano alle 21.30, quelle di luglio alle 21.15 e in agosto e settembre il sipario si alza alle 21.&nbsp;<strong>I biglietti per tutte le date sono gi\u00e0 in vendita su&nbsp;<\/strong><a href=\"https:\/\/eur04.safelinks.protection.outlook.com\/?url=http%253A%252F%252Farena.it%252F&amp;data=05%257C02%257Calessandro.rigoni%2540arenadiverona.it%257C2cbc153d11114ac82aa008dc4fe3ef93%257C2b2afe864e714056a75c871748d50c4d%257C0%257C0%257C638473087581221195%257CUnknown%257CTWFpbGZsb3d8eyJWIjoiMC4wLjAwMDAiLCJQIjoiV2luMzIiLCJBTiI6Ik1haWwiLCJXVCI6Mn0%253D%257C0%257C%257C%257C&amp;sdata=sklM4OXfPC33SA6SixHi17yE2uqtq9iFquNS%252F%252Bx6zmc%253D&amp;reserved=0\"><strong>arena.it<\/strong><\/a><strong>, sui canali social dell\u2019Arena di Verona e su Ticketone<\/strong>.&nbsp;Speciali riduzioni sono riservate agli under 30 e agli over 65.&nbsp;<\/p>\n\n\n\n<p>L\u2019Arena di Verona Opera Festival 2025 conta sul sostegno di numerosi sponsor, in primis UniCredit, che vanta una longevit\u00e0 di collaborazione di oltre 25 anni, e poi Calzedonia, Pastificio Rana, Volkswagen Group Italia, DB Bahn, Forno Bonomi, Numia, RTL 102.5, Genny, che ha firmato le divise del personale adibito all\u2019accoglienza del pubblico, e M\u00fcller, che sostiene i progetti di accessibilit\u00e0 dedicati alle persone con disabilit\u00e0. Tra gli official partner marchi storici quali Veronafiere, Air Dolomiti, A4 Holding, Metinvest, SABA Italia, SDG Group, Sartori di Verona, Palazzo Maffei e Mantova Village. Cos\u00ec come Calvisius Arena Foyer, ManPower Group e Consorzio di Tutela dell\u2019Aceto Balsamico Tradizionale di Modena DOP e Ferroli. Oltre a imprese, privati, ordini professionali che compongono la schiera della Membership 67 Colonne per l\u2019Arena di Verona, fondata da Gianluca Rana dell\u2019omonimo pastificio e da Sandro Veronesi, patron del Gruppo Oniverse, con il Gruppo Editoriale Athesis, media partner.&nbsp;<\/p>\n\n\n\n<p><strong>Biglietteria&nbsp;<\/strong><\/p>\n\n\n\n<p>Via Dietro Anfiteatro 6\/B, 37121 Verona &#8211; <a href=\"mailto:biglietteria@arenadiverona.it\">biglietteria@arenadiverona.it<\/a>&nbsp;&nbsp;<\/p>\n\n\n\n<p>Call center (+39) 045 800.51.51 &#8211; <a href=\"http:\/\/www.arena.it\">www.arena.it<\/a><\/p>\n\n\n\n<p>Punti di prevendita TicketOne&nbsp;&nbsp;<\/p>\n\n\n\n<p><strong>Informazioni&nbsp;<\/strong><\/p>\n\n\n\n<p><strong>Ufficio Stampa Fondazione Arena di Verona&nbsp;<\/strong><\/p>\n\n\n\n<p>Via Roma 7\/D, 37121 Verona &#8211; <a href=\"mailto:ufficio.stampa@arenadiverona.it\">ufficio.stampa@arenadiverona.it<\/a>&nbsp;&nbsp;<\/p>\n\n\n\n<p>tel. (+39) 045 805.1861-1905-1891-1939<\/p>\n\n\n\n<p><strong>Ufficio stampa nazionale e internazionale&nbsp;<\/strong><\/p>\n\n\n\n<p>Skill&amp;Music \u2013 info@skillandmusic.com<\/p>\n\n\n\n<p>foto<\/p>\n\n\n\n<figure class=\"wp-block-image size-full\"><a href=\"https:\/\/www.ecoitaliano.com.ar\/wp-content\/uploads\/2025\/06\/image-24.png\"><img decoding=\"async\" width=\"570\" height=\"319\" src=\"https:\/\/www.ecoitaliano.com.ar\/wp-content\/uploads\/2025\/06\/image-24.png\" alt=\"\" class=\"wp-image-74903\" srcset=\"https:\/\/www.ecoitaliano.com.ar\/wp-content\/uploads\/2025\/06\/image-24.png 570w, https:\/\/www.ecoitaliano.com.ar\/wp-content\/uploads\/2025\/06\/image-24-300x168.png 300w, https:\/\/www.ecoitaliano.com.ar\/wp-content\/uploads\/2025\/06\/image-24-150x84.png 150w\" sizes=\"(max-width: 570px) 100vw, 570px\" \/><\/a><\/figure>\n","protected":false},"excerpt":{"rendered":"<p>Ufficio Stampa &nbsp;&nbsp;&nbsp;&nbsp;&nbsp;&nbsp;&nbsp;&nbsp;&nbsp;&nbsp;&nbsp;&nbsp;&nbsp;&nbsp;&nbsp;&nbsp;&nbsp;&nbsp;&nbsp;&nbsp;&nbsp;&nbsp;&nbsp;&nbsp;&nbsp;&nbsp;&nbsp;&nbsp;&nbsp;&nbsp;&nbsp;&nbsp;&nbsp;&nbsp;&nbsp;&nbsp;&nbsp;&nbsp;&nbsp;&nbsp;&nbsp;&nbsp;&nbsp;&nbsp;&nbsp;&nbsp;&nbsp;&nbsp;&nbsp;&nbsp;&nbsp;&nbsp;&nbsp;&nbsp;&nbsp;&nbsp;&nbsp;&nbsp;&nbsp;&nbsp;&nbsp;&nbsp;&nbsp;&nbsp;&nbsp;&nbsp;&nbsp;&nbsp;&nbsp;&nbsp;&nbsp;&nbsp;&nbsp;&nbsp;&nbsp;&nbsp;&nbsp;&nbsp;&nbsp;&nbsp;&nbsp;&nbsp;&nbsp;&nbsp;&nbsp;&nbsp;&nbsp;&nbsp;&nbsp;&nbsp;&nbsp;&nbsp;&nbsp;&nbsp;&nbsp;&nbsp;&nbsp;&nbsp;&nbsp;&nbsp;&nbsp;&nbsp;&nbsp;&nbsp;&nbsp; &nbsp;&nbsp;&nbsp;&nbsp;&nbsp;&nbsp;&nbsp;&nbsp;&nbsp;&nbsp;&nbsp; 12\/06\/2025 VENERD\u00ec 13 GIUGNO LA PRIMA DELL\u2019ARENA IL 102\u00b0 OPERA FESTIVAL SI APRE CON UN NABUCCO [&hellip;]<\/p>\n","protected":false},"author":1,"featured_media":0,"comment_status":"open","ping_status":"open","sticky":false,"template":"","format":"standard","meta":{"footnotes":""},"categories":[1],"tags":[],"class_list":["post-74901","post","type-post","status-publish","format-standard","hentry","category-sin-categoria"],"_links":{"self":[{"href":"https:\/\/www.ecoitaliano.com.ar\/index.php?rest_route=\/wp\/v2\/posts\/74901","targetHints":{"allow":["GET"]}}],"collection":[{"href":"https:\/\/www.ecoitaliano.com.ar\/index.php?rest_route=\/wp\/v2\/posts"}],"about":[{"href":"https:\/\/www.ecoitaliano.com.ar\/index.php?rest_route=\/wp\/v2\/types\/post"}],"author":[{"embeddable":true,"href":"https:\/\/www.ecoitaliano.com.ar\/index.php?rest_route=\/wp\/v2\/users\/1"}],"replies":[{"embeddable":true,"href":"https:\/\/www.ecoitaliano.com.ar\/index.php?rest_route=%2Fwp%2Fv2%2Fcomments&post=74901"}],"version-history":[{"count":1,"href":"https:\/\/www.ecoitaliano.com.ar\/index.php?rest_route=\/wp\/v2\/posts\/74901\/revisions"}],"predecessor-version":[{"id":74904,"href":"https:\/\/www.ecoitaliano.com.ar\/index.php?rest_route=\/wp\/v2\/posts\/74901\/revisions\/74904"}],"wp:attachment":[{"href":"https:\/\/www.ecoitaliano.com.ar\/index.php?rest_route=%2Fwp%2Fv2%2Fmedia&parent=74901"}],"wp:term":[{"taxonomy":"category","embeddable":true,"href":"https:\/\/www.ecoitaliano.com.ar\/index.php?rest_route=%2Fwp%2Fv2%2Fcategories&post=74901"},{"taxonomy":"post_tag","embeddable":true,"href":"https:\/\/www.ecoitaliano.com.ar\/index.php?rest_route=%2Fwp%2Fv2%2Ftags&post=74901"}],"curies":[{"name":"wp","href":"https:\/\/api.w.org\/{rel}","templated":true}]}}