{"id":75025,"date":"2025-06-16T08:44:15","date_gmt":"2025-06-16T08:44:15","guid":{"rendered":"https:\/\/www.ecoitaliano.com.ar\/?p=75025"},"modified":"2025-06-16T08:44:15","modified_gmt":"2025-06-16T08:44:15","slug":"finalmente-un-libro-su-alvaro-bello-quello-di-giusy-staropoli-calafati","status":"publish","type":"post","link":"https:\/\/www.ecoitaliano.com.ar\/?p=75025","title":{"rendered":"Finalmente un libro su Alvaro bello. Quello di Giusy Staropoli Calafati\u00a0"},"content":{"rendered":"\n<p><em>Pierfranco Bruni\u00a0<\/em><\/p>\n\n\n<div class=\"wp-block-image\">\n<figure class=\"aligncenter size-large is-resized\"><a href=\"http:\/\/www.ecoitaliano.com.ar\/wp-content\/uploads\/2025\/06\/1000147055.jpg\"><img decoding=\"async\" width=\"1024\" height=\"1024\" src=\"http:\/\/www.ecoitaliano.com.ar\/wp-content\/uploads\/2025\/06\/1000147055-1024x1024.jpg\" alt=\"\" class=\"wp-image-75026\" style=\"width:474px;height:auto\" srcset=\"https:\/\/www.ecoitaliano.com.ar\/wp-content\/uploads\/2025\/06\/1000147055-1024x1024.jpg 1024w, https:\/\/www.ecoitaliano.com.ar\/wp-content\/uploads\/2025\/06\/1000147055-300x300.jpg 300w, https:\/\/www.ecoitaliano.com.ar\/wp-content\/uploads\/2025\/06\/1000147055-150x150.jpg 150w, https:\/\/www.ecoitaliano.com.ar\/wp-content\/uploads\/2025\/06\/1000147055-768x768.jpg 768w, https:\/\/www.ecoitaliano.com.ar\/wp-content\/uploads\/2025\/06\/1000147055-1536x1536.jpg 1536w, https:\/\/www.ecoitaliano.com.ar\/wp-content\/uploads\/2025\/06\/1000147055-2048x2048.jpg 2048w\" sizes=\"(max-width: 1024px) 100vw, 1024px\" \/><\/a><\/figure><\/div>\n\n\n<p>Il Corrado Alvaro di Giusy Staropoli Calafati ( che chiamer\u00f2 solo Giusy qui) \u00e8 un viaggio unico esemplare particolare. Un andare nell&#8217;anima di Corrado attraverso il pellegrinaggio di una figura gigantesca del Novecento che \u00e8 Cristina Campo. Occorre necessariamente leggerlo questo libro per capire fino in fondo, ovvero profondamente, tre figure Corrado, Cristina e Giusy.&nbsp;<\/p>\n\n\n\n<p>Ci\u00f2 significa che si entra in un contesto non solo letterario di tre generazioni ma in una dimensione in cui l&#8217;esistenza \u00e8 fatta di tempo di sogno di metafore di morte e chiaramente di vite. Giusy racconta. In questo raccontare c&#8217;\u00e8 la vita di Corrado chiaramente dentro un pensare la letteratura che non \u00e8 soltanto quella di un Aspromonte bello selvaggio e abitato come isola.&nbsp;<\/p>\n\n\n\n<p>C&#8217;\u00e8 soprattutto Roma. La Roma dei Mediterranei e degli incontri di Trinit\u00e0 dei Monti di Piazza di Spagna dei Condotti e del Greco caff\u00e8&#8230; Giusy sa non solo raccontare e narrare ma creare immagine e ricreare un immaginario che \u00e8 quello di Corrado e di una cultura mai smarrita c&#8217;\u00e8 la Cristina delle lettere a Mita e l&#8217;atmosfera dei silenzi di una stanza nella quale il buio ha ceduto spazio e tempo al buio. Bravissima Giusy.&nbsp;<\/p>\n\n\n\n<p>Nel suo \u00abAlvaro pi\u00f9 di una vita\u00bb (Castelvecchi)&nbsp; si ascolta ci\u00f2 che si abita e si abita quella favola che vale pi\u00f9 di una vita stessa. C&#8217;\u00e8 sempre una terra. Certo la Calabria. Finalmente non \u00e8 quella delle valigie di cartone e di una antropologia familistica.&nbsp;<\/p>\n\n\n\n<p>Finalmente.&nbsp;<\/p>\n\n\n\n<p>La luce oltre il bosco direbbe la mia Maria Zambrano. E credo che Corrado abbia a che fare con Maria proprio attraverso Cristina che corrispondeva con Mita. Giusy riesce a mettere in relazione il tutto in una memoria del mondo sommerso che vibra in quel labirinto che \u00e8 quasi una esistenza nella compare anche Zolla con i suoi archetipi e miti. Questo per comprendere come il testo in questione \u00e8 una dimensione non solo onirica ma fortemente metafisica.&nbsp;<\/p>\n\n\n\n<p>\u00c8 sulla metafisica che Giusy imposta un graduale e mistico viaggio tra le ricordanze e l&#8217;essere sino a toccare altri personaggi come Libero Bigiaretti che scrive il suo straordinario \u00abDisamore\u00bb sul filo dell&#8217;amore tempo e dei linguaggi scavati nelle conchiglie dell&#8217;ascolto che riportano echi di distanze abbandonate in un fantasioso e profetico \u00abBelmoro\u00bb consegnato da Laura a Bompiani subito dopo la morte di Corrado.&nbsp; Giusy non trascura nulla.&nbsp;<\/p>\n\n\n\n<p>Proprio perch\u00e9 il filo del narrare si allontana dalla critica e dalla storiografia alvariana. Un compito interessante. Ci restituisce il mosaico in trincea di parole. Ma resta un punto cardine il suo ricostruire gli ultimi mesi con Cristina, una delle pi\u00f9 importanti personalit\u00e0 di un Novecento da rileggere e riconoscere, perch\u00e9 in esso c&#8217;\u00e8 un mondo altro che \u00e8 quello appunto del legame di anime e non solo di amorosi sensi in nome della sola letteratura.&nbsp;<\/p>\n\n\n\n<p>Quel sono stato al mio paese di Corrado \u00e8 una leggenda in cui il c&#8217;era una volta testa conficcato come bellezza di un mondo che non c&#8217;\u00e8 pi\u00f9. Giusy lo sa molto bene. Ci restituisce un Corrado la cui verit\u00e0 \u00e8 un mosaico non di malinconie e di nostalgie. Bens\u00ec di vite che scorrono che viaggiano che incontrano vite altre superando le Angeline ma ritrovando un itinerario che \u00e8 quello di una geografia completamente mediterranea dentro il silenzio degli anni.&nbsp;<\/p>\n\n\n\n<p>Giusy ha reso Corrado propriamente internazionale oltre ogni visione di critica della letteratura. Ottimo libro. Efficace la scrittura di Giusy nella imprevedibilit\u00e0 dei segreti e del mistero. Il divino e non il pagano. La letteratura \u00e8 l&#8217;imprevedibile come la stessa Giusy. Ne so qualcosa&#8230;<\/p>\n","protected":false},"excerpt":{"rendered":"<p>Pierfranco Bruni\u00a0 Il Corrado Alvaro di Giusy Staropoli Calafati ( che chiamer\u00f2 solo Giusy qui) \u00e8 un viaggio unico esemplare [&hellip;]<\/p>\n","protected":false},"author":1,"featured_media":0,"comment_status":"open","ping_status":"open","sticky":false,"template":"","format":"standard","meta":{"footnotes":""},"categories":[1],"tags":[],"class_list":["post-75025","post","type-post","status-publish","format-standard","hentry","category-sin-categoria"],"_links":{"self":[{"href":"https:\/\/www.ecoitaliano.com.ar\/index.php?rest_route=\/wp\/v2\/posts\/75025","targetHints":{"allow":["GET"]}}],"collection":[{"href":"https:\/\/www.ecoitaliano.com.ar\/index.php?rest_route=\/wp\/v2\/posts"}],"about":[{"href":"https:\/\/www.ecoitaliano.com.ar\/index.php?rest_route=\/wp\/v2\/types\/post"}],"author":[{"embeddable":true,"href":"https:\/\/www.ecoitaliano.com.ar\/index.php?rest_route=\/wp\/v2\/users\/1"}],"replies":[{"embeddable":true,"href":"https:\/\/www.ecoitaliano.com.ar\/index.php?rest_route=%2Fwp%2Fv2%2Fcomments&post=75025"}],"version-history":[{"count":1,"href":"https:\/\/www.ecoitaliano.com.ar\/index.php?rest_route=\/wp\/v2\/posts\/75025\/revisions"}],"predecessor-version":[{"id":75027,"href":"https:\/\/www.ecoitaliano.com.ar\/index.php?rest_route=\/wp\/v2\/posts\/75025\/revisions\/75027"}],"wp:attachment":[{"href":"https:\/\/www.ecoitaliano.com.ar\/index.php?rest_route=%2Fwp%2Fv2%2Fmedia&parent=75025"}],"wp:term":[{"taxonomy":"category","embeddable":true,"href":"https:\/\/www.ecoitaliano.com.ar\/index.php?rest_route=%2Fwp%2Fv2%2Fcategories&post=75025"},{"taxonomy":"post_tag","embeddable":true,"href":"https:\/\/www.ecoitaliano.com.ar\/index.php?rest_route=%2Fwp%2Fv2%2Ftags&post=75025"}],"curies":[{"name":"wp","href":"https:\/\/api.w.org\/{rel}","templated":true}]}}