{"id":75043,"date":"2025-06-16T17:03:03","date_gmt":"2025-06-16T17:03:03","guid":{"rendered":"https:\/\/www.ecoitaliano.com.ar\/?p=75043"},"modified":"2025-06-16T17:03:48","modified_gmt":"2025-06-16T17:03:48","slug":"serena-conduce-operaclassica-eco-italiano-4429","status":"publish","type":"post","link":"https:\/\/www.ecoitaliano.com.ar\/?p=75043","title":{"rendered":"Serena conduce operaclassica eco italiano"},"content":{"rendered":"\n<figure class=\"wp-block-image size-full\"><a href=\"http:\/\/www.ecoitaliano.com.ar\/wp-content\/uploads\/2025\/06\/image001-1.jpg\"><img decoding=\"async\" width=\"188\" height=\"54\" src=\"http:\/\/www.ecoitaliano.com.ar\/wp-content\/uploads\/2025\/06\/image001-1.jpg\" alt=\"\" class=\"wp-image-75044\" srcset=\"https:\/\/www.ecoitaliano.com.ar\/wp-content\/uploads\/2025\/06\/image001-1.jpg 188w, https:\/\/www.ecoitaliano.com.ar\/wp-content\/uploads\/2025\/06\/image001-1-150x43.jpg 150w\" sizes=\"(max-width: 188px) 100vw, 188px\" \/><\/a><\/figure>\n\n\n\n<p><strong>Ravello Festival 2025<\/strong><\/p>\n\n\n\n<p><strong><em>Le Donne dell\u2019Antichit\u00e0<\/em><\/strong><strong>&nbsp;di Anselm Kiefer arrivano a Villa Rufolo in collaborazione con la Galleria Lia Rumma<\/strong><\/p>\n\n\n\n<p><a><strong>Villa Rufolo, Ravello,&nbsp;<\/strong><\/a>11 luglio \u2013 26 agosto 2025<\/p>\n\n\n\n<p>La Fondazione Ravello, in collaborazione con la Galleria Lia Rumma, presenta \u201c<em>Le Donne dell\u2019Antichit\u00e0\u201d di Anselm Kiefer,&nbsp;<\/em>esposizione che sar\u00e0 allestita a Villa Rufolo dall\u201911 luglio al 26 agosto 2025 nell\u2019ambito del Ravello Festival 2025.<\/p>\n\n\n\n<p>Il progetto si concentra su uno dei temi pi\u00f9 ricorrenti nella ricerca di Anselm Kiefer: la figura femminile come forza generativa, distruttiva o iniziatica. \u201c<em>Le Donne dell\u2019Antichit\u00e0\u201d<\/em>,ispirate a protagoniste della storia romana, della mitologia greca e delle tradizioni nordiche, sono rappresentate quali presenze archetipiche o simboliche.<\/p>\n\n\n\n<p>Nomi evocati, corpi senza volto o frammentati, teste assenti o sostituite da oggetti come libri, piombo o filo spinato, abiti irrigiditi nel gesso, vestigia rituali, sospese tra rovina e monumentalit\u00e0. Queste figure abitano un tempo fuori dalla cronologia e mettono in crisi ogni narrazione lineare del potere e della conoscenza.<\/p>\n\n\n\n<p>Il percorso espositivo si sviluppa negli spazi di Villa Rufolo e nel suo storico giardino, progettato da Francis Nevile Reid nel XIX secolo. L\u2019architettura stratificata della villa \u2013 con le sue sale, logge e affacci sul paesaggio costiero \u2013 entra in dialogo con le opere, sottolineandone la dimensione scenica e metastorica.<\/p>\n\n\n\n<p>La mostra riunisce alcune figure femminili della storia e del mito come&nbsp;<em>Paete<\/em>, che rievoca il gesto di Arria, matrona romana che si colpisce al ventre pronunciando al marito la celebre frase: \u201cPaetus, non dolet\u201d. Oppure&nbsp;<em>Tusnelda<\/em>&nbsp;moglie di Arminio, condotta a Roma come prigioniera e descritta da Tacito come donna fiera e coraggiosa. E ancora, rivolta alla storia,&nbsp;<em>Apollodors Liste<\/em>&nbsp;il cui lungo strascico accoglie lo svolgimento di una bobina di piombo su cui sono applicate una serie di fotografie di architetture in rovina o altri elementi simbolici nella produzione dell\u2019artista a indicare lo svolgersi della storia e la dimensione senza tempo del mito e al suo ritorno nella contemporaneit\u00e0.<\/p>\n\n\n\n<p>Ravello, citt\u00e0 da sempre legata alla grande cultura europea, ha accolto nel tempo personalit\u00e0 centrali del pensiero, dell\u2019arte e della musica \u2013 da Richard Wagner a Gore Vidal. In questo contesto, la presenza di Anselm Kiefer \u2013 artista la cui opera ha interrogato la memoria, la storia e la forma del sapere \u2013 si inserisce in una continuit\u00e0 ideale tra passato e presente.<\/p>\n\n\n\n<p>Nato nel 1945 a Donaueschingen, in Germania,&nbsp;<strong>Anselm Kiefer<\/strong>&nbsp;\u00e8 uno degli artisti contemporanei pi\u00f9 significativi. La sua opera comprende dipinti, sculture, vetrine, installazioni, libri e opere su carta come disegni, xilografie, acquerelli e fotografie. I materiali che utilizza \u2013 dal piombo, al cemento e al vetro, fino a tessuti, ceneri e piante \u2013 sono tanto vasti quanto simbolicamente significativi. La visione di Kiefer abbraccia filosofia, storia e letteratura, portando alla luce l&#8217;importanza del sacro e dello spirituale, del mito e della memoria, della metamorfosi e del rinnovamento. Vive e lavora in Francia dal 1993.<\/p>\n\n\n\n<p><strong>Didascalie immagini<\/strong><\/p>\n\n\n\n<p>ANKI-208<\/p>\n\n\n\n<p>Anselm Kiefer<\/p>\n\n\n\n<p><em>Paete, non dolet<\/em>, 2000<\/p>\n\n\n\n<p>Bronze, acrylic, barbed wire<\/p>\n\n\n\n<p>162 \u00d7 136 \u00d7 136 cm<\/p>\n\n\n\n<p>Courtesy Galleria Lia Rumma<\/p>\n\n\n\n<p>ANKI-056<\/p>\n\n\n\n<p>Anselm Kiefer<\/p>\n\n\n\n<p><em>Apollodors Liste<\/em>, 2004<\/p>\n\n\n\n<p>Fibreglass, lead reel, photographs<\/p>\n\n\n\n<p>130x360x120-230 cm<\/p>\n\n\n\n<p>Courtesy Galleria Lia Rumma<\/p>\n\n\n\n<p><strong>Ravello Festival 2025<\/strong><\/p>\n\n\n\n<p>A fare da sfondo uno dei panorami pi\u00f9 belli del mondo, nell\u2019aria i sentori del mare e dei limoni della costiera amalfitana, intorno lo splendido giardino fiorito di Villa Rufolo a Ravello che gi\u00e0 incant\u00f2 Wagner: \u00e8 questo lo scenario magico che anche nell\u2019estate 2025 accoglier\u00e0 alcune delle pi\u00f9 note compagini orchestrali di oggi \u2013 dalle italiane dell\u2019Accademia Nazionale di Santa Cecilia e la Filarmonica della Scala alla Royal Philharmonic Orchestra \u2013 insieme a solisti e bacchette eccellenti \u2013 tra cui Daniel Harding, Yuja Wang, Myung-Whun Chung, Kent Nagano e Michael Spyres \u2013 giovani in ascesa come il violoncellista Ettore Pagano e il pianista Filippo Gorini, collaborazioni con le istituzioni musicali campane, per offrire al pubblico l\u2019esperienza unica del Ravello Festival giunto alla 73a edizione. Dal 6 luglio al 25 agosto, 15 concerti organizzati dalla Fondazione Ravello \u2013 guidata dal presidente Alessio Vlad con la direzione generale di Maurizio Pietrantonio e la direzione artistica di Lucio Gregoretti \u2013 realizzati grazie al sostegno della Regione Campania. Inaugurazione con un concerto di J\u00e9r\u00e9mie Rhorer alla guida della sua orchestra Le Cercle de l\u2019Harmonie, fondata nel 2005, compagine che usa strumenti d\u2019epoca per restituire al repertorio classico e romantico le sue pi\u00f9 autentiche sonorit\u00e0. A fianco della musica classica, spazio al jazz con Stefano Bollani, Danilo Rea, Dado Moroni, Roberta Gambarini, Richard Galliano.<\/p>\n\n\n\n<p><a target=\"_blank\" href=\"http:\/\/www.ravellofestival.com\/\" rel=\"noreferrer noopener\">www.ravellofestival.com<\/a><\/p>\n\n\n\n<p><strong>Villa Rufolo<\/strong><\/p>\n\n\n\n<p>Piazza Duomo 1, Ravello<\/p>\n\n\n\n<p>ore 9.00-20.00 (ultimo ingresso alle ore 19.30)<\/p>\n\n\n\n<p>Nei giorni dei concerti del Ravello Festival l\u2019orario di chiusura di Villa Rufolo \u00e8 soggetto a variazioni.<\/p>\n\n\n\n<p>Per ogni utile informazione contattare il numero +39 089 857621 oppure scrivere a&nbsp;<a href=\"mailto:segreteria@villarufolo.it\" target=\"_blank\" rel=\"noreferrer noopener\">segreteria@villarufolo.it<\/a>&nbsp;oppure a&nbsp;<a href=\"mailto:prenotazioni@villarufolo.it\" target=\"_blank\" rel=\"noreferrer noopener\">prenotazioni@villarufolo.it<\/a><\/p>\n\n\n\n<p><strong>Biglietti<\/strong><\/p>\n\n\n\n<p>\u20ac 8,00 ordinario<\/p>\n\n\n\n<p>\u20ac 7,00 per gruppi a partire da 15 persone<\/p>\n\n\n\n<p>\u20ac 6,00 per over 65 e bambini dai 5 ai 12 anni<\/p>\n\n\n\n<p><em>I biglietti si acquistano solo in loco.<\/em>&nbsp;<em>Non \u00e8 richiesta prenotazione.<\/em><\/p>\n\n\n\n<p><strong><a target=\"_blank\" href=\"http:\/\/www.ravellofestival.com\/\" rel=\"noreferrer noopener\">www.ravellofestival.com<\/a><\/strong><\/p>\n\n\n\n<p><a href=\"mailto:boxoffice@ravellofestival.com\" target=\"_blank\" rel=\"noreferrer noopener\"><strong>boxoffice@ravellofestival.com<\/strong><\/a><\/p>\n\n\n\n<p><strong>tel. 089 858422<\/strong><\/p>\n\n\n\n<p><em>Il programma potrebbe subire variazioni.<\/em><\/p>\n\n\n\n<p>Progetto Ravello 2025 a valere sui fondi dell\u2019Accordo per la coesione della Regione Campania \u201cPiano Strategico Cultura e Turismo\u201d \u2013 Programmazione 2025. Delibera della Giunta regionale della Campania n.616 del 14\/11\/2024 CUP F29I25000190002<\/p>\n\n\n\n<p><strong>Fondazione Ravello &#8211; Ufficio Stampa e Comunicazione<\/strong><\/p>\n\n\n\n<p><strong>Nicola Mansi&nbsp;&nbsp;<\/strong><\/p>\n\n\n\n<p>Responsabile Ufficio Stampa e Comunicazione<\/p>\n\n\n\n<p><a href=\"mailto:n.mansi@fondazioneravello.it\" target=\"_blank\" rel=\"noreferrer noopener\">n.mansi@fondazioneravello.it<\/a>&nbsp;&nbsp;<\/p>\n\n\n\n<p>cell.&nbsp;340 9002415 \u2013 tel. 089 858360<\/p>\n\n\n\n<p><strong>Floriana Tessitore<\/strong><\/p>\n\n\n\n<p>Consulente per la comunicazione e l\u2019informazione <\/p>\n\n\n\n<p><a href=\"mailto:floriana.tessitore@fastwebnet.it\" target=\"_blank\" rel=\"noreferrer noopener\">floriana.tessitore@fastwebnet.it<\/a><\/p>\n\n\n\n<p>cell. 338 7339981<\/p>\n\n\n\n<p><a href=\"https:\/\/www.fondazioneravello.it\/\" target=\"_blank\" rel=\"noreferrer noopener\">www.fondazioneravello.it<\/a><\/p>\n\n\n\n<p><a href=\"https:\/\/www.villarufolo.it\/\" target=\"_blank\" rel=\"noreferrer noopener\">www.villarufolo.it<\/a><\/p>\n\n\n\n<p><a href=\"https:\/\/www.ravellofestival.com\/\" target=\"_blank\" rel=\"noreferrer noopener\">www.ravellofestival.com<\/a><\/p>\n\n\n\n<p>foto<\/p>\n\n\n\n<figure class=\"wp-block-gallery has-nested-images columns-default is-cropped wp-block-gallery-1 is-layout-flex wp-block-gallery-is-layout-flex\">\n<figure class=\"wp-block-image size-large\"><a href=\"https:\/\/www.ecoitaliano.com.ar\/wp-content\/uploads\/2025\/06\/Kiefer-ANKI-208-Paete-non-dolet-2000-\u00a9-Danilo-Donzelli-Photography.jpeg\"><img decoding=\"async\" width=\"682\" height=\"1024\" data-id=\"75045\" src=\"https:\/\/www.ecoitaliano.com.ar\/wp-content\/uploads\/2025\/06\/Kiefer-ANKI-208-Paete-non-dolet-2000-\u00a9-Danilo-Donzelli-Photography-682x1024.jpeg\" alt=\"\" class=\"wp-image-75045\" srcset=\"https:\/\/www.ecoitaliano.com.ar\/wp-content\/uploads\/2025\/06\/Kiefer-ANKI-208-Paete-non-dolet-2000-\u00a9-Danilo-Donzelli-Photography-682x1024.jpeg 682w, https:\/\/www.ecoitaliano.com.ar\/wp-content\/uploads\/2025\/06\/Kiefer-ANKI-208-Paete-non-dolet-2000-\u00a9-Danilo-Donzelli-Photography-200x300.jpeg 200w, https:\/\/www.ecoitaliano.com.ar\/wp-content\/uploads\/2025\/06\/Kiefer-ANKI-208-Paete-non-dolet-2000-\u00a9-Danilo-Donzelli-Photography-768x1152.jpeg 768w, https:\/\/www.ecoitaliano.com.ar\/wp-content\/uploads\/2025\/06\/Kiefer-ANKI-208-Paete-non-dolet-2000-\u00a9-Danilo-Donzelli-Photography-100x150.jpeg 100w, https:\/\/www.ecoitaliano.com.ar\/wp-content\/uploads\/2025\/06\/Kiefer-ANKI-208-Paete-non-dolet-2000-\u00a9-Danilo-Donzelli-Photography.jpeg 853w\" sizes=\"(max-width: 682px) 100vw, 682px\" \/><\/a><\/figure>\n\n\n\n<figure class=\"wp-block-image size-large\"><a href=\"https:\/\/www.ecoitaliano.com.ar\/wp-content\/uploads\/2025\/06\/Kiefer-ANKI-056-Apollodors-Liste-2004-LR.jpg\"><img decoding=\"async\" width=\"1024\" height=\"819\" data-id=\"75046\" src=\"https:\/\/www.ecoitaliano.com.ar\/wp-content\/uploads\/2025\/06\/Kiefer-ANKI-056-Apollodors-Liste-2004-LR-1024x819.jpg\" alt=\"\" class=\"wp-image-75046\" srcset=\"https:\/\/www.ecoitaliano.com.ar\/wp-content\/uploads\/2025\/06\/Kiefer-ANKI-056-Apollodors-Liste-2004-LR-1024x819.jpg 1024w, https:\/\/www.ecoitaliano.com.ar\/wp-content\/uploads\/2025\/06\/Kiefer-ANKI-056-Apollodors-Liste-2004-LR-300x240.jpg 300w, https:\/\/www.ecoitaliano.com.ar\/wp-content\/uploads\/2025\/06\/Kiefer-ANKI-056-Apollodors-Liste-2004-LR-768x615.jpg 768w, https:\/\/www.ecoitaliano.com.ar\/wp-content\/uploads\/2025\/06\/Kiefer-ANKI-056-Apollodors-Liste-2004-LR-150x120.jpg 150w, https:\/\/www.ecoitaliano.com.ar\/wp-content\/uploads\/2025\/06\/Kiefer-ANKI-056-Apollodors-Liste-2004-LR.jpg 1181w\" sizes=\"(max-width: 1024px) 100vw, 1024px\" \/><\/a><\/figure>\n\n\n\n<figure class=\"wp-block-image size-large\"><a href=\"https:\/\/www.ecoitaliano.com.ar\/wp-content\/uploads\/2025\/06\/Ravello25-Kiefer-locandina-scaled.jpg\"><img decoding=\"async\" width=\"717\" height=\"1024\" data-id=\"75047\" src=\"https:\/\/www.ecoitaliano.com.ar\/wp-content\/uploads\/2025\/06\/Ravello25-Kiefer-locandina-717x1024.jpg\" alt=\"\" class=\"wp-image-75047\" srcset=\"https:\/\/www.ecoitaliano.com.ar\/wp-content\/uploads\/2025\/06\/Ravello25-Kiefer-locandina-717x1024.jpg 717w, https:\/\/www.ecoitaliano.com.ar\/wp-content\/uploads\/2025\/06\/Ravello25-Kiefer-locandina-210x300.jpg 210w, https:\/\/www.ecoitaliano.com.ar\/wp-content\/uploads\/2025\/06\/Ravello25-Kiefer-locandina-768x1097.jpg 768w, https:\/\/www.ecoitaliano.com.ar\/wp-content\/uploads\/2025\/06\/Ravello25-Kiefer-locandina-1075x1536.jpg 1075w, https:\/\/www.ecoitaliano.com.ar\/wp-content\/uploads\/2025\/06\/Ravello25-Kiefer-locandina-1434x2048.jpg 1434w, https:\/\/www.ecoitaliano.com.ar\/wp-content\/uploads\/2025\/06\/Ravello25-Kiefer-locandina-105x150.jpg 105w, https:\/\/www.ecoitaliano.com.ar\/wp-content\/uploads\/2025\/06\/Ravello25-Kiefer-locandina-scaled.jpg 1792w\" sizes=\"(max-width: 717px) 100vw, 717px\" \/><\/a><\/figure>\n\n\n\n<figure class=\"wp-block-image size-large\"><a href=\"https:\/\/www.ecoitaliano.com.ar\/wp-content\/uploads\/2025\/06\/ab89ccb299214d99b4fb3d68a7e346c9hg1zDmoV9mGu5Wwu-0.jpg\"><img decoding=\"async\" width=\"724\" height=\"1024\" data-id=\"75048\" src=\"https:\/\/www.ecoitaliano.com.ar\/wp-content\/uploads\/2025\/06\/ab89ccb299214d99b4fb3d68a7e346c9hg1zDmoV9mGu5Wwu-0-724x1024.jpg\" alt=\"\" class=\"wp-image-75048\" srcset=\"https:\/\/www.ecoitaliano.com.ar\/wp-content\/uploads\/2025\/06\/ab89ccb299214d99b4fb3d68a7e346c9hg1zDmoV9mGu5Wwu-0-724x1024.jpg 724w, https:\/\/www.ecoitaliano.com.ar\/wp-content\/uploads\/2025\/06\/ab89ccb299214d99b4fb3d68a7e346c9hg1zDmoV9mGu5Wwu-0-212x300.jpg 212w, https:\/\/www.ecoitaliano.com.ar\/wp-content\/uploads\/2025\/06\/ab89ccb299214d99b4fb3d68a7e346c9hg1zDmoV9mGu5Wwu-0-768x1086.jpg 768w, https:\/\/www.ecoitaliano.com.ar\/wp-content\/uploads\/2025\/06\/ab89ccb299214d99b4fb3d68a7e346c9hg1zDmoV9mGu5Wwu-0-1086x1536.jpg 1086w, https:\/\/www.ecoitaliano.com.ar\/wp-content\/uploads\/2025\/06\/ab89ccb299214d99b4fb3d68a7e346c9hg1zDmoV9mGu5Wwu-0-1448x2048.jpg 1448w, https:\/\/www.ecoitaliano.com.ar\/wp-content\/uploads\/2025\/06\/ab89ccb299214d99b4fb3d68a7e346c9hg1zDmoV9mGu5Wwu-0-106x150.jpg 106w, https:\/\/www.ecoitaliano.com.ar\/wp-content\/uploads\/2025\/06\/ab89ccb299214d99b4fb3d68a7e346c9hg1zDmoV9mGu5Wwu-0.jpg 1653w\" sizes=\"(max-width: 724px) 100vw, 724px\" \/><\/a><\/figure>\n\n\n\n<figure class=\"wp-block-image size-large\"><a href=\"https:\/\/www.ecoitaliano.com.ar\/wp-content\/uploads\/2025\/06\/ab89ccb299214d99b4fb3d68a7e346c9hg1zDmoV9mGu5Wwu-1.jpg\"><img decoding=\"async\" width=\"724\" height=\"1024\" data-id=\"75049\" src=\"https:\/\/www.ecoitaliano.com.ar\/wp-content\/uploads\/2025\/06\/ab89ccb299214d99b4fb3d68a7e346c9hg1zDmoV9mGu5Wwu-1-724x1024.jpg\" alt=\"\" class=\"wp-image-75049\" srcset=\"https:\/\/www.ecoitaliano.com.ar\/wp-content\/uploads\/2025\/06\/ab89ccb299214d99b4fb3d68a7e346c9hg1zDmoV9mGu5Wwu-1-724x1024.jpg 724w, https:\/\/www.ecoitaliano.com.ar\/wp-content\/uploads\/2025\/06\/ab89ccb299214d99b4fb3d68a7e346c9hg1zDmoV9mGu5Wwu-1-212x300.jpg 212w, https:\/\/www.ecoitaliano.com.ar\/wp-content\/uploads\/2025\/06\/ab89ccb299214d99b4fb3d68a7e346c9hg1zDmoV9mGu5Wwu-1-768x1086.jpg 768w, https:\/\/www.ecoitaliano.com.ar\/wp-content\/uploads\/2025\/06\/ab89ccb299214d99b4fb3d68a7e346c9hg1zDmoV9mGu5Wwu-1-1086x1536.jpg 1086w, https:\/\/www.ecoitaliano.com.ar\/wp-content\/uploads\/2025\/06\/ab89ccb299214d99b4fb3d68a7e346c9hg1zDmoV9mGu5Wwu-1-1448x2048.jpg 1448w, https:\/\/www.ecoitaliano.com.ar\/wp-content\/uploads\/2025\/06\/ab89ccb299214d99b4fb3d68a7e346c9hg1zDmoV9mGu5Wwu-1-106x150.jpg 106w, https:\/\/www.ecoitaliano.com.ar\/wp-content\/uploads\/2025\/06\/ab89ccb299214d99b4fb3d68a7e346c9hg1zDmoV9mGu5Wwu-1.jpg 1653w\" sizes=\"(max-width: 724px) 100vw, 724px\" \/><\/a><\/figure>\n<\/figure>\n","protected":false},"excerpt":{"rendered":"<p>Ravello Festival 2025 Le Donne dell\u2019Antichit\u00e0&nbsp;di Anselm Kiefer arrivano a Villa Rufolo in collaborazione con la Galleria Lia Rumma Villa [&hellip;]<\/p>\n","protected":false},"author":1,"featured_media":0,"comment_status":"open","ping_status":"open","sticky":false,"template":"","format":"standard","meta":{"footnotes":""},"categories":[1],"tags":[],"class_list":["post-75043","post","type-post","status-publish","format-standard","hentry","category-sin-categoria"],"_links":{"self":[{"href":"https:\/\/www.ecoitaliano.com.ar\/index.php?rest_route=\/wp\/v2\/posts\/75043","targetHints":{"allow":["GET"]}}],"collection":[{"href":"https:\/\/www.ecoitaliano.com.ar\/index.php?rest_route=\/wp\/v2\/posts"}],"about":[{"href":"https:\/\/www.ecoitaliano.com.ar\/index.php?rest_route=\/wp\/v2\/types\/post"}],"author":[{"embeddable":true,"href":"https:\/\/www.ecoitaliano.com.ar\/index.php?rest_route=\/wp\/v2\/users\/1"}],"replies":[{"embeddable":true,"href":"https:\/\/www.ecoitaliano.com.ar\/index.php?rest_route=%2Fwp%2Fv2%2Fcomments&post=75043"}],"version-history":[{"count":2,"href":"https:\/\/www.ecoitaliano.com.ar\/index.php?rest_route=\/wp\/v2\/posts\/75043\/revisions"}],"predecessor-version":[{"id":75051,"href":"https:\/\/www.ecoitaliano.com.ar\/index.php?rest_route=\/wp\/v2\/posts\/75043\/revisions\/75051"}],"wp:attachment":[{"href":"https:\/\/www.ecoitaliano.com.ar\/index.php?rest_route=%2Fwp%2Fv2%2Fmedia&parent=75043"}],"wp:term":[{"taxonomy":"category","embeddable":true,"href":"https:\/\/www.ecoitaliano.com.ar\/index.php?rest_route=%2Fwp%2Fv2%2Fcategories&post=75043"},{"taxonomy":"post_tag","embeddable":true,"href":"https:\/\/www.ecoitaliano.com.ar\/index.php?rest_route=%2Fwp%2Fv2%2Ftags&post=75043"}],"curies":[{"name":"wp","href":"https:\/\/api.w.org\/{rel}","templated":true}]}}