{"id":75068,"date":"2025-06-16T18:17:10","date_gmt":"2025-06-16T18:17:10","guid":{"rendered":"https:\/\/www.ecoitaliano.com.ar\/?p=75068"},"modified":"2025-06-16T18:17:10","modified_gmt":"2025-06-16T18:17:10","slug":"serena-conduce-operaclassica-eco-italiano-4431","status":"publish","type":"post","link":"https:\/\/www.ecoitaliano.com.ar\/?p=75068","title":{"rendered":"Serena conduce operaclassica eco italiano"},"content":{"rendered":"<div class=\"wp-block-image\">\n<figure class=\"aligncenter size-full\"><a href=\"http:\/\/www.ecoitaliano.com.ar\/wp-content\/uploads\/2025\/06\/ghjk.jpg\"><img decoding=\"async\" width=\"244\" height=\"119\" src=\"http:\/\/www.ecoitaliano.com.ar\/wp-content\/uploads\/2025\/06\/ghjk.jpg\" alt=\"\" class=\"wp-image-74701\" srcset=\"https:\/\/www.ecoitaliano.com.ar\/wp-content\/uploads\/2025\/06\/ghjk.jpg 244w, https:\/\/www.ecoitaliano.com.ar\/wp-content\/uploads\/2025\/06\/ghjk-150x73.jpg 150w\" sizes=\"(max-width: 244px) 100vw, 244px\" \/><\/a><\/figure><\/div>\n\n\n<p><strong>Comunicato Stampa<\/strong><\/p>\n\n\n\n<p><a><strong>Il Teatro di San Carlo di Napoli<\/strong><\/a><\/p>\n\n\n\n<p><strong>per il secondo anno consecutivo<\/strong><\/p>\n\n\n\n<p><strong>al vertice nazionale per il servizio al pubblico<\/strong><\/p>\n\n\n\n<p><em>Napoli,&nbsp; 16 giugno 2025<\/em> \u2013 Il <strong>Teatro di San Carlo<\/strong> si conferma, per il secondo anno consecutivo, al <strong>primo posto in Italia nella classifica Italy\u2019s Best Customer Service 2024-2025<\/strong> realizzata da <strong>Corriere Economia<\/strong>, affermandosi come punto di riferimento assoluto per qualit\u00e0 del servizio al pubblico nel panorama culturale italiano.<\/p>\n\n\n\n<p>Nella categoria \u201cTeatri\u201d, il San Carlo conquista il <strong>primato<\/strong> con un punteggio di <strong>9.02<\/strong>, precedendo il Teatro Petruzzelli di Bari (8.82) e il Teatro La Fenice di Venezia (8.76). Un risultato che ribadisce la capacit\u00e0 del Massimo napoletano non solo di eccellere artisticamente, ma anche di porre al centro della propria attivit\u00e0 il rapporto con il pubblico e la qualit\u00e0 dell\u2019esperienza offerta.<\/p>\n\n\n\n<p>L\u2019indagine, basata su un\u2019approfondita analisi di 473 aziende italiane, prende in esame diverse dimensioni del servizio al cliente, e proprio su alcune di queste il Teatro di San Carlo ha primeggiato:<\/p>\n\n\n\n<p>&nbsp;&nbsp;&nbsp;&nbsp;&nbsp;&nbsp;&nbsp;&nbsp;&nbsp;&nbsp;&nbsp; \u2022&nbsp;&nbsp;&nbsp;&nbsp;&nbsp;&nbsp;&nbsp;&nbsp;&nbsp; <strong>Orientamento al cliente<\/strong><\/p>\n\n\n\n<p><strong>&nbsp;&nbsp;&nbsp;&nbsp;&nbsp;&nbsp;&nbsp;&nbsp;&nbsp;&nbsp;&nbsp; \u2022&nbsp;&nbsp;&nbsp;&nbsp;&nbsp;&nbsp;&nbsp;&nbsp;&nbsp; Competenza professionale<\/strong><\/p>\n\n\n\n<p><strong>&nbsp;&nbsp;&nbsp;&nbsp;&nbsp;&nbsp;&nbsp;&nbsp;&nbsp;&nbsp;&nbsp; \u2022&nbsp;&nbsp;&nbsp;&nbsp;&nbsp;&nbsp;&nbsp;&nbsp;&nbsp; Variet\u00e0 di soluzioni offerte<\/strong><\/p>\n\n\n\n<p>\u201cQuesto riconoscimento, ottenuto ancora una volta, testimonia l\u2019impegno quotidiano di tutte le persone che lavorano al San Carlo\u201d, commenta <strong>Emmanuela Spedaliere<\/strong>, Direttore Generale del Teatro di San Carlo. \u201cIl nostro pubblico \u00e8 il cuore di ogni nostra scelta: accompagnarlo e accoglierlo al meglio \u00e8 un compito che affrontiamo con la stessa passione che mettiamo nelle produzioni artistiche. In un contesto culturale sempre pi\u00f9 competitivo, la qualit\u00e0 della relazione umana, l\u2019ascolto e la cura sono elementi decisivi quanto l\u2019eccellenza dell\u2019offerta artistica.\u201d<\/p>\n\n\n\n<p>Questo nuovo riconoscimento consolida ulteriormente il Teatro di San Carlo come modello gestionale nel panorama culturale nazionale ed europeo, capace di coniugare tradizione, innovazione e responsabilit\u00e0 verso il pubblico&nbsp;e&nbsp;la&nbsp;comunit\u00e0.<\/p>\n\n\n\n<p><\/p>\n\n\n\n<p><strong>Rossana Russo<\/strong>,<\/p>\n\n\n\n<p>Responsabile della comunicazione creativa e strategica e relazioni con la Stampa<\/p>\n\n\n\n<p><a href=\"mailto:r.russo@teatrosancarlo.it\">r.russo@teatrosancarlo.it<\/a><\/p>\n\n\n\n<p>cell 3357431980<\/p>\n\n\n\n<p><strong>Dipartimento Ricerca, Editoria e Comunicazione<\/strong><strong><\/strong><\/p>\n\n\n\n<p><a href=\"mailto:dipartimentocomunicazione@teatrosancarlo.it\">dipartimentocomunicazione@teatrosancarlo.it<\/a><\/p>\n\n\n\n<p>0817972301<\/p>\n\n\n\n<p>foto<\/p>\n\n\n\n<figure class=\"wp-block-gallery has-nested-images columns-default is-cropped wp-block-gallery-1 is-layout-flex wp-block-gallery-is-layout-flex\">\n<figure class=\"wp-block-image\"><img decoding=\"async\" width=\"2560\" height=\"1708\" data-id=\"75069\" src=\"http:\/\/www.ecoitaliano.com.ar\/wp-content\/uploads\/2025\/06\/TSC_ph.Luciano-Romano_1-scaled.jpg\" alt=\"\" class=\"wp-image-75069\" srcset=\"https:\/\/www.ecoitaliano.com.ar\/wp-content\/uploads\/2025\/06\/TSC_ph.Luciano-Romano_1-scaled.jpg 2560w, https:\/\/www.ecoitaliano.com.ar\/wp-content\/uploads\/2025\/06\/TSC_ph.Luciano-Romano_1-300x200.jpg 300w, https:\/\/www.ecoitaliano.com.ar\/wp-content\/uploads\/2025\/06\/TSC_ph.Luciano-Romano_1-1024x683.jpg 1024w, https:\/\/www.ecoitaliano.com.ar\/wp-content\/uploads\/2025\/06\/TSC_ph.Luciano-Romano_1-768x512.jpg 768w, https:\/\/www.ecoitaliano.com.ar\/wp-content\/uploads\/2025\/06\/TSC_ph.Luciano-Romano_1-1536x1025.jpg 1536w, https:\/\/www.ecoitaliano.com.ar\/wp-content\/uploads\/2025\/06\/TSC_ph.Luciano-Romano_1-2048x1366.jpg 2048w, https:\/\/www.ecoitaliano.com.ar\/wp-content\/uploads\/2025\/06\/TSC_ph.Luciano-Romano_1-150x100.jpg 150w\" sizes=\"(max-width: 2560px) 100vw, 2560px\" \/><figcaption class=\"wp-element-caption\">Direttore | Pinchas Steinberg<br>Pianista | Nikolay Lugansky \u266d<br> <br>\u266d debutto al Teatro di San Carlo<br> <br><br>Programma<br>Sergej V. Rachmaninov, Concerto n. 3 in re minore per pianoforte e orchestra, op. 30<br>Dmitri D. Sostakovich, Sinfonia n. 5 in re minore, op. 47<br>Orchestra del Teatro di San Carlo<br> <br>Teatro di San Carlo | CREMISI<br>venerd\u00ec 26 gennaio 2024, ore 19:00 &#8211; S\/P \u2013 CREMISI &#8211; VII<br>Durata: 1 ora e 35 minuti circa, con intervallo<\/figcaption><\/figure>\n\n\n\n<figure class=\"wp-block-image\"><img decoding=\"async\" width=\"2560\" height=\"1619\" data-id=\"75070\" src=\"http:\/\/www.ecoitaliano.com.ar\/wp-content\/uploads\/2025\/06\/TSC_ph.Luciano-Romano_2-scaled.jpg\" alt=\"\" class=\"wp-image-75070\" srcset=\"https:\/\/www.ecoitaliano.com.ar\/wp-content\/uploads\/2025\/06\/TSC_ph.Luciano-Romano_2-scaled.jpg 2560w, https:\/\/www.ecoitaliano.com.ar\/wp-content\/uploads\/2025\/06\/TSC_ph.Luciano-Romano_2-300x190.jpg 300w, https:\/\/www.ecoitaliano.com.ar\/wp-content\/uploads\/2025\/06\/TSC_ph.Luciano-Romano_2-1024x648.jpg 1024w, https:\/\/www.ecoitaliano.com.ar\/wp-content\/uploads\/2025\/06\/TSC_ph.Luciano-Romano_2-768x486.jpg 768w, https:\/\/www.ecoitaliano.com.ar\/wp-content\/uploads\/2025\/06\/TSC_ph.Luciano-Romano_2-1536x972.jpg 1536w, https:\/\/www.ecoitaliano.com.ar\/wp-content\/uploads\/2025\/06\/TSC_ph.Luciano-Romano_2-2048x1296.jpg 2048w, https:\/\/www.ecoitaliano.com.ar\/wp-content\/uploads\/2025\/06\/TSC_ph.Luciano-Romano_2-150x95.jpg 150w\" sizes=\"(max-width: 2560px) 100vw, 2560px\" \/><figcaption class=\"wp-element-caption\">Direttore | Pinchas Steinberg<br>Pianista | Nikolay Lugansky \u266d<br> <br>\u266d debutto al Teatro di San Carlo<br> <br><br>Programma<br>Sergej V. Rachmaninov, Concerto n. 3 in re minore per pianoforte e orchestra, op. 30<br>Dmitri D. Sostakovich, Sinfonia n. 5 in re minore, op. 47<br>Orchestra del Teatro di San Carlo<br> <br>Teatro di San Carlo | CREMISI<br>venerd\u00ec 26 gennaio 2024, ore 19:00 &#8211; S\/P \u2013 CREMISI &#8211; VII<br>Durata: 1 ora e 35 minuti circa, con intervallo<\/figcaption><\/figure>\n<\/figure>\n","protected":false},"excerpt":{"rendered":"<p>Comunicato Stampa Il Teatro di San Carlo di Napoli per il secondo anno consecutivo al vertice nazionale per il servizio [&hellip;]<\/p>\n","protected":false},"author":1,"featured_media":0,"comment_status":"open","ping_status":"open","sticky":false,"template":"","format":"standard","meta":{"footnotes":""},"categories":[1],"tags":[],"class_list":["post-75068","post","type-post","status-publish","format-standard","hentry","category-sin-categoria"],"_links":{"self":[{"href":"https:\/\/www.ecoitaliano.com.ar\/index.php?rest_route=\/wp\/v2\/posts\/75068","targetHints":{"allow":["GET"]}}],"collection":[{"href":"https:\/\/www.ecoitaliano.com.ar\/index.php?rest_route=\/wp\/v2\/posts"}],"about":[{"href":"https:\/\/www.ecoitaliano.com.ar\/index.php?rest_route=\/wp\/v2\/types\/post"}],"author":[{"embeddable":true,"href":"https:\/\/www.ecoitaliano.com.ar\/index.php?rest_route=\/wp\/v2\/users\/1"}],"replies":[{"embeddable":true,"href":"https:\/\/www.ecoitaliano.com.ar\/index.php?rest_route=%2Fwp%2Fv2%2Fcomments&post=75068"}],"version-history":[{"count":1,"href":"https:\/\/www.ecoitaliano.com.ar\/index.php?rest_route=\/wp\/v2\/posts\/75068\/revisions"}],"predecessor-version":[{"id":75071,"href":"https:\/\/www.ecoitaliano.com.ar\/index.php?rest_route=\/wp\/v2\/posts\/75068\/revisions\/75071"}],"wp:attachment":[{"href":"https:\/\/www.ecoitaliano.com.ar\/index.php?rest_route=%2Fwp%2Fv2%2Fmedia&parent=75068"}],"wp:term":[{"taxonomy":"category","embeddable":true,"href":"https:\/\/www.ecoitaliano.com.ar\/index.php?rest_route=%2Fwp%2Fv2%2Fcategories&post=75068"},{"taxonomy":"post_tag","embeddable":true,"href":"https:\/\/www.ecoitaliano.com.ar\/index.php?rest_route=%2Fwp%2Fv2%2Ftags&post=75068"}],"curies":[{"name":"wp","href":"https:\/\/api.w.org\/{rel}","templated":true}]}}