{"id":75185,"date":"2025-06-20T15:27:26","date_gmt":"2025-06-20T15:27:26","guid":{"rendered":"https:\/\/www.ecoitaliano.com.ar\/?p=75185"},"modified":"2025-06-20T15:27:37","modified_gmt":"2025-06-20T15:27:37","slug":"serena-conduce-operaclassica-eco-italiano-4435","status":"publish","type":"post","link":"https:\/\/www.ecoitaliano.com.ar\/?p=75185","title":{"rendered":"Serena conduce operaclassica eco italiano"},"content":{"rendered":"<div class=\"wp-block-image\">\n<figure class=\"aligncenter size-full is-resized\"><a href=\"https:\/\/www.ecoitaliano.com.ar\/wp-content\/uploads\/2025\/06\/image-35.png\"><img decoding=\"async\" width=\"131\" height=\"78\" src=\"https:\/\/www.ecoitaliano.com.ar\/wp-content\/uploads\/2025\/06\/image-35.png\" alt=\"\" class=\"wp-image-75186\" style=\"width:181px;height:auto\"\/><\/a><\/figure><\/div>\n\n\n<p>Comunicato stampa<\/p>\n\n\n\n<p><strong>TCBO: DA HAYDN A SOLBIATI PASSANDO PER BRAHMS CON MARCO ANGIUS SUL PODIO<\/strong><\/p>\n\n\n\n<p><em>Venerd\u00ec 20 giugno alle 20.30, Auditorium Manzoni<\/em><\/p>\n\n\n\n<p>Duecentoventiquattro anni separano la Sinfonia n. 103 di Franz Joseph Haydn detta \u201cRullo di timpani\u201d dal brano&nbsp;<em>Sinopia<\/em>&nbsp;di Alessandro Solbiati, che insieme a due pagine tardo-romantiche di Johannes Brahms come&nbsp;<em>Das Schicksalslied<\/em>&nbsp;e le&nbsp;<em>Variazioni su un tema di Haydn<\/em>&nbsp;sono al centro del concerto sinfonico del&nbsp;<strong>Teatro Comunale di Bologna<\/strong>&nbsp;in programma&nbsp;<strong>venerd\u00ec 20 giugno alle 20.30 all\u2019Auditorium Manzoni<\/strong>. Sul podio sale&nbsp;<strong>Marco Angius<\/strong>, Direttore musicale e artistico dell\u2019Orchestra di Padova e del Veneto, bacchetta di riferimento per il repertorio moderno e contemporaneo \u2013 che per la fondazione lirico-sinfonica felsinea ha gi\u00e0 diretto dello stesso Solbiati l\u2019opera vincitrice del Premio \u201cAbbiati\u201d&nbsp;<em>Il suono giallo,<\/em>&nbsp;oltre a&nbsp;<em>Jakob Lenz<\/em>&nbsp;di Rihm,&nbsp;<em>Luci mie traditrici<\/em>&nbsp;di Sciarrino, pi\u00f9 recentemente&nbsp;<em>Die sieben Tods\u00fcnden<\/em>&nbsp;(I sette peccati capitali) di Weill insieme all\u2019opera barocca&nbsp;<em>Dido and Aeneas<\/em>&nbsp;di Purcell, oltre a numerosi brani in prima assoluta e italiana.<\/p>\n\n\n\n<p>Apre la serata&nbsp;<em>Sinopia<\/em>, commissione del TCBO a Solbiati che fu tenuta a battesimo nel 2019 proprio al Manzoni con l\u2019Orchestra del Comunale diretta da Asher Fisch nell\u2019ambito del festival Bologna Modern. Cos\u00ec il compositore \u2013&nbsp;che ha ricevuto commissioni anche da realt\u00e0 come La Biennale Musica, il Mozarteum di Salisburgo, l&#8217;Orchestra Sinfonica Nazionale della Rai e Radio France \u2013&nbsp;spiegava&nbsp;l\u2019origine del brano: \u00abSebbene il termine \u201csinopia\u201d (il disegno preparatorio di un affresco in terra rossa) derivi dalla citt\u00e0 di Sinope da cui veniva tale terra rossa, mi \u00e8 sempre piaciuto pensare che esso contenga un riferimento alla parola greca&nbsp;<em>synopsis<\/em>&nbsp;(\u201cvisione d\u2019insieme\u201d), perch\u00e9 questo \u00e8 il doppio fascino delle sinopie, quello di essere da una parte un rapido schizzo che spesso rivela la personalit\u00e0 del pittore pi\u00f9 del compiuto esito finale, e dall\u2019altra parte una visione totale e sintetica del futuro affresco.&nbsp;<em>Sinopia<\/em>, il mio brano, riunisce infatti i due aspetti: in una dozzina di minuti delinea e racchiude con la chiarezza e i tratti d\u2019ogni sintesi le fasi dell\u2019arco narrativo di un mio progetto teatrale: esse sono il drammatico e quasi violento attacco, il suo precipitare nel vuoto e nella desolazione, il faticoso ripartire per una meta lontana in cui, al terzo tentativo, si ritrova un filo di luce\u00bb.<\/p>\n\n\n\n<p>Aveva subito suscitato \u201cprofonda attenzione\u201d l\u2019introduzione con il rullo di timpani che successivamente valse alla penultima sinfonia londinese di Haydn in mi bemolle maggiore il noto appellativo, stando a quello che scriveva il giornale \u00abMorning Chronicle\u00bb dopo il primo ascolto, avvenuto il 2 marzo del 1795 al King\u2019s Theatre di Londra con lo stesso compositore al cembalo.&nbsp;<\/p>\n\n\n\n<p>Ed \u00e8 a un tema del secondo movimento di un&nbsp;<em>Divertimento<\/em>&nbsp;in si bemolle maggiore originariamente attribuito ad Haydn \u2013 ma forse opera dell\u2019allievo del compositore Ignaz Pleyel \u2013 che sono dedicate le&nbsp;<em>Variazioni su un tema di Haydn&nbsp;<\/em>op. 56a di Brahms. Trascrivendo questo motivo in forma di corale che citava un canto liturgico austriaco, il&nbsp;<em>Chorale in honorem St. Antonii,&nbsp;<\/em>Brahms costru\u00ec nel 1873 otto variazioni chiuse da un maestoso Finale&nbsp;in forma di passacaglia, che contiene anche una citazione dal secondo tempo della Sinfonia n. 101 detta \u201cL\u2019orologio\u201d di Haydn.<\/p>\n\n\n\n<p>Angius completa il programma del concerto bolognese con&nbsp;<em>Das Schicksalslied<\/em>&nbsp;op. 54 che vede coinvolto, oltre all\u2019Orchestra, anche il Coro del TCBO preparato da<strong>&nbsp;Gea Garatti Ansini<\/strong>. Nel 1868 Brahms rimase affascinato dal romanzo epistolare&nbsp;<em>Iperione o l\u2019eremita in Grecia<\/em>&nbsp;di Friedrich H\u00f6lderlin&nbsp;e decise di trasporre in musica \u201cIl canto del destino\u201d. Il lavoro, iniziato l\u2019anno seguente, non ebbe una stesura fluida, ma dubbi, interruzioni e sovrapposizioni con altre composizioni portarono al suo completamento nel 1871, con un finale aperto che suggerisce pi\u00f9 interrogativi che risposte sul destino umano.<\/p>\n\n\n\n<p><strong>Main&nbsp;Partner della Stagione Sinfonica 2025 del Teatro Comunale di Bologna \u00e8 Intesa Sanpaolo<\/strong>, grazie al cui sostegno sono inoltre aperte gratuitamente alle scuole gran parte delle prove generali dei concerti.<\/p>\n\n\n\n<p>I\u202fbiglietti\u202f\u2013\u202fda 10 a 40 euro\u202f\u2013\u202fsono in vendita online tramite&nbsp;<a href=\"https:\/\/tcbo.vivaticket.it\/it\/event\/14-sinfonica-2025-angius\/251895?_gl=1%2A1kq5dxg%2A_ga%2AMTMwMjg3MjY0OC4xNzUwMTc3NDAy%2A_ga_31YPVLC8YJ%2AczE3NTAxNzc0MDEkbzEkZzEkdDE3NTAxNzc0MTckajQ0JGwwJGgw&amp;qubsq=8c1af27c-ac05-4d69-a5b6-c4e2243d318f&amp;qubsp=71b9be59-999a-45dc-b965-fc98a7918865&amp;qubsts=1750177426&amp;qubsc=bestunion&amp;qubse=vivaticketserver&amp;qubsrt=Safetynet&amp;qubsh=8edfdcc96113042c8f47e056a7528cb9\" target=\"_blank\" rel=\"noreferrer noopener\">Vivaticket&nbsp;<\/a>e presso la biglietteria del Teatro Comunale (Largo Respighi),\u202fdal&nbsp;marted\u00ec&nbsp;al&nbsp;venerd\u00ec\u202fdalle 12 alle 18 e il\u202fsabato dalle 11 alle 15; il giorno del concerto presso l\u2019Auditorium Manzoni da 1 ora prima fino a 15 minuti dopo l\u2019inizio dello spettacolo.&nbsp;<\/p>\n\n\n\n<p>Per ogni concerto della Stagione Sinfonica 2025&nbsp;prosegue&nbsp;\u201cNote a margine\u201d, una rassegna di&nbsp;incontri\u202fcon il pubblico che si tengono\u202fcirca 30 minuti prima&nbsp;dell\u2019inizio del concerto\u202fpresso il foyer del bar&nbsp;dell\u2019Auditorium Manzoni.&nbsp;<\/p>\n\n\n\n<p>Info:&nbsp;<a href=\"https:\/\/www.tcbo.it\/eventi\/stagione-sinfonica-2025-marco-angius-direttore\/\" target=\"_blank\" rel=\"noreferrer noopener\">https:\/\/www.tcbo.it\/eventi\/stagione-sinfonica-2025-marco-angius-direttore\/<\/a><\/p>\n\n\n\n<p>18.06.2025<\/p>\n\n\n\n<p><\/p>\n\n\n\n<p><strong>Skill&amp;Music<\/strong><\/p>\n\n\n\n<p>Irene Sala \u2013 referente ufficio stampa<\/p>\n\n\n\n<p>Alice Castelnuovo \u2013 assistente ufficio stampa<\/p>\n\n\n\n<p>Fondazione Teatro Comunale di Bologna&nbsp;<\/p>\n\n\n\n<p>Largo Respighi, 1 &#8211; 40126 Bologna&nbsp;<\/p>\n\n\n\n<p>T. +39 051 529947&nbsp;<\/p>\n\n\n\n<p>e-mail:&nbsp;<strong><u><a href=\"mailto:ufficiostampa@comunalebologna.it\" target=\"_blank\" rel=\"noreferrer noopener\">ufficiostampa@comunalebologna.it<\/a><\/u><\/strong>&nbsp;<\/p>\n\n\n\n<p><strong><u><a href=\"http:\/\/www.tcbo.it\/\" target=\"_blank\" rel=\"noreferrer noopener\">www.tcbo.it<\/a><\/u><\/strong><\/p>\n\n\n\n<p><strong>STAGIONE SINFONICA 2025 DEL TEATRO COMUNALE DI BOLOGNA<\/strong>&nbsp;<\/p>\n\n\n\n<p><strong>Venerd\u00ec 20 giugno ore 20.30, Auditorium Manzoni<\/strong>&nbsp;<\/p>\n\n\n\n<p><strong>Marco Angius&nbsp;<\/strong><em>direttore<\/em>&nbsp;<\/p>\n\n\n\n<p><strong>Gea Garatti Ansini<\/strong>&nbsp;<em>maestro del coro<\/em>&nbsp;<\/p>\n\n\n\n<p>Orchestra e Coro del Teatro Comunale di Bologna&nbsp;<\/p>\n\n\n\n<p><strong>PROGRAMMA<\/strong>&nbsp;<\/p>\n\n\n\n<p><strong>Alessandro Solbiati<\/strong>&nbsp;&nbsp;&nbsp;&nbsp;&nbsp;&nbsp;&nbsp;&nbsp;&nbsp;&nbsp;&nbsp;&nbsp;&nbsp;&nbsp;&nbsp;&nbsp;&nbsp;&nbsp;&nbsp;&nbsp;&nbsp;&nbsp;&nbsp;&nbsp;&nbsp;&nbsp;&nbsp;&nbsp;&nbsp;&nbsp;&nbsp;&nbsp;&nbsp;&nbsp;&nbsp;&nbsp;&nbsp;&nbsp;&nbsp;&nbsp;&nbsp;&nbsp;&nbsp;&nbsp;&nbsp;&nbsp;&nbsp;&nbsp;&nbsp;&nbsp;&nbsp;&nbsp;&nbsp;&nbsp;&nbsp;&nbsp;&nbsp;&nbsp;&nbsp;&nbsp;&nbsp;&nbsp;&nbsp;&nbsp;&nbsp;&nbsp;&nbsp;&nbsp;&nbsp;&nbsp;&nbsp;&nbsp;<\/p>\n\n\n\n<p><em>Sinopia<\/em>&nbsp;&nbsp;<\/p>\n\n\n\n<p><strong>Franz Joseph Haydn&nbsp;<\/strong>&nbsp;<\/p>\n\n\n\n<p>Sinfonia n. 103 in mi bemolle maggiore, \u201cRullo di timpani\u201d&nbsp;&nbsp;<\/p>\n\n\n\n<ol class=\"wp-block-list\" start=\"1\">\n<li>Adagio; Allegro con spirito\u00a0\u00a0<\/li>\n\n\n\n<li>Andante pi\u00f9 tosto Allegretto\u00a0\u00a0<\/li>\n\n\n\n<li>Minuet e Trio\u00a0<\/li>\n\n\n\n<li>Finale: Allegro con spirito\u00a0\u00a0<\/li>\n<\/ol>\n\n\n\n<p><strong>Johannes Brahms<\/strong>&nbsp;&nbsp;&nbsp;&nbsp;&nbsp;&nbsp;&nbsp;&nbsp;&nbsp;&nbsp;&nbsp;&nbsp;&nbsp;&nbsp;&nbsp;&nbsp;&nbsp;&nbsp;&nbsp;&nbsp;&nbsp;&nbsp;&nbsp;&nbsp;&nbsp;&nbsp;&nbsp;&nbsp;&nbsp;&nbsp;&nbsp;&nbsp;&nbsp;&nbsp;&nbsp;&nbsp;&nbsp;&nbsp;&nbsp;&nbsp;&nbsp;&nbsp;&nbsp;&nbsp;&nbsp;&nbsp;&nbsp;&nbsp;&nbsp;&nbsp;&nbsp;&nbsp;&nbsp;&nbsp;&nbsp;&nbsp;&nbsp;&nbsp;&nbsp;&nbsp;&nbsp;&nbsp;&nbsp;&nbsp;&nbsp;&nbsp;&nbsp;&nbsp;&nbsp;&nbsp;&nbsp;&nbsp;&nbsp;&nbsp;&nbsp;<\/p>\n\n\n\n<p><em>Das Schicksalslied<\/em>&nbsp;per coro e orchestra op. 54&nbsp;&nbsp;<\/p>\n\n\n\n<ol class=\"wp-block-list\" start=\"1\">\n<li>Ihr wandelt droben im Licht \u2013 coro \u2013 Langsam und sehnsuchtsvoll [Lento e con espressione]\u00a0<\/li>\n\n\n\n<li>Doch uns ist gegeben \u2013 coro \u2013 Allegro\u00a0<\/li>\n\n\n\n<li>Postludio \u2013 orchestra \u2013 Adagio \u00a0<\/li>\n<\/ol>\n\n\n\n<p><em>Variazioni su un tema di Haydn<\/em>&nbsp;op. 56a &nbsp;<\/p>\n\n\n\n<p>Main partner \u00e8 Intesa Sanpaolo\u00a0 <\/p>\n\n\n\n<figure class=\"wp-block-table\"><table><tbody><tr><td colspan=\"3\"><strong>Ufficio Stampa Teatro Comunale di Bologna<\/strong><\/td><\/tr><tr><td rowspan=\"2\"><\/td><td rowspan=\"2\"><\/td><td><strong>Fondazione Teatro Comunale di Bologna<\/strong><br>Largo Respighi,1 &#8211; 40126 Bologna<br>Telefono:&nbsp;<a href=\"tel:051529947\" rel=\"noreferrer noopener\" target=\"_blank\">051529947<\/a><br>Fax: 051529995<br><a target=\"_blank\" href=\"http:\/\/www.tcbo.it\/\" rel=\"noreferrer noopener\">www.tcbo.it<\/a>&nbsp;<\/td><\/tr><\/tbody><\/table><\/figure>\n\n\n\n<p>foto<\/p>\n\n\n\n<figure class=\"wp-block-gallery has-nested-images columns-default is-cropped wp-block-gallery-1 is-layout-flex wp-block-gallery-is-layout-flex\">\n<figure class=\"wp-block-image size-large\"><a href=\"https:\/\/www.ecoitaliano.com.ar\/wp-content\/uploads\/2025\/06\/Marco-Angius_@Andrea-Ranzi-scaled.jpg\"><img decoding=\"async\" width=\"1024\" height=\"683\" data-id=\"75187\" src=\"https:\/\/www.ecoitaliano.com.ar\/wp-content\/uploads\/2025\/06\/Marco-Angius_@Andrea-Ranzi-1024x683.jpg\" alt=\"\" class=\"wp-image-75187\" srcset=\"https:\/\/www.ecoitaliano.com.ar\/wp-content\/uploads\/2025\/06\/Marco-Angius_@Andrea-Ranzi-1024x683.jpg 1024w, https:\/\/www.ecoitaliano.com.ar\/wp-content\/uploads\/2025\/06\/Marco-Angius_@Andrea-Ranzi-300x200.jpg 300w, https:\/\/www.ecoitaliano.com.ar\/wp-content\/uploads\/2025\/06\/Marco-Angius_@Andrea-Ranzi-768x512.jpg 768w, https:\/\/www.ecoitaliano.com.ar\/wp-content\/uploads\/2025\/06\/Marco-Angius_@Andrea-Ranzi-1536x1024.jpg 1536w, https:\/\/www.ecoitaliano.com.ar\/wp-content\/uploads\/2025\/06\/Marco-Angius_@Andrea-Ranzi-2048x1365.jpg 2048w, https:\/\/www.ecoitaliano.com.ar\/wp-content\/uploads\/2025\/06\/Marco-Angius_@Andrea-Ranzi-150x100.jpg 150w\" sizes=\"(max-width: 1024px) 100vw, 1024px\" \/><\/a><\/figure>\n\n\n\n<figure class=\"wp-block-image size-large\"><a href=\"https:\/\/www.ecoitaliano.com.ar\/wp-content\/uploads\/2025\/06\/Marco-Angius-con-Orchestra-TCBO_D4_9270_@Andrea-Ranzi-scaled.jpg\"><img decoding=\"async\" width=\"1024\" height=\"683\" data-id=\"75188\" src=\"https:\/\/www.ecoitaliano.com.ar\/wp-content\/uploads\/2025\/06\/Marco-Angius-con-Orchestra-TCBO_D4_9270_@Andrea-Ranzi-1024x683.jpg\" alt=\"\" class=\"wp-image-75188\" srcset=\"https:\/\/www.ecoitaliano.com.ar\/wp-content\/uploads\/2025\/06\/Marco-Angius-con-Orchestra-TCBO_D4_9270_@Andrea-Ranzi-1024x683.jpg 1024w, https:\/\/www.ecoitaliano.com.ar\/wp-content\/uploads\/2025\/06\/Marco-Angius-con-Orchestra-TCBO_D4_9270_@Andrea-Ranzi-300x200.jpg 300w, https:\/\/www.ecoitaliano.com.ar\/wp-content\/uploads\/2025\/06\/Marco-Angius-con-Orchestra-TCBO_D4_9270_@Andrea-Ranzi-768x512.jpg 768w, https:\/\/www.ecoitaliano.com.ar\/wp-content\/uploads\/2025\/06\/Marco-Angius-con-Orchestra-TCBO_D4_9270_@Andrea-Ranzi-1536x1024.jpg 1536w, https:\/\/www.ecoitaliano.com.ar\/wp-content\/uploads\/2025\/06\/Marco-Angius-con-Orchestra-TCBO_D4_9270_@Andrea-Ranzi-2048x1365.jpg 2048w, https:\/\/www.ecoitaliano.com.ar\/wp-content\/uploads\/2025\/06\/Marco-Angius-con-Orchestra-TCBO_D4_9270_@Andrea-Ranzi-150x100.jpg 150w\" sizes=\"(max-width: 1024px) 100vw, 1024px\" \/><\/a><\/figure>\n\n\n\n<figure class=\"wp-block-image size-large\"><a href=\"https:\/\/www.ecoitaliano.com.ar\/wp-content\/uploads\/2025\/06\/Coro-al-Manzoni\u00a9Andrea-Ranzi-scaled.jpg\"><img decoding=\"async\" width=\"1024\" height=\"683\" data-id=\"75189\" src=\"https:\/\/www.ecoitaliano.com.ar\/wp-content\/uploads\/2025\/06\/Coro-al-Manzoni\u00a9Andrea-Ranzi-1024x683.jpg\" alt=\"\" class=\"wp-image-75189\" srcset=\"https:\/\/www.ecoitaliano.com.ar\/wp-content\/uploads\/2025\/06\/Coro-al-Manzoni\u00a9Andrea-Ranzi-1024x683.jpg 1024w, https:\/\/www.ecoitaliano.com.ar\/wp-content\/uploads\/2025\/06\/Coro-al-Manzoni\u00a9Andrea-Ranzi-300x200.jpg 300w, https:\/\/www.ecoitaliano.com.ar\/wp-content\/uploads\/2025\/06\/Coro-al-Manzoni\u00a9Andrea-Ranzi-768x512.jpg 768w, https:\/\/www.ecoitaliano.com.ar\/wp-content\/uploads\/2025\/06\/Coro-al-Manzoni\u00a9Andrea-Ranzi-1536x1024.jpg 1536w, https:\/\/www.ecoitaliano.com.ar\/wp-content\/uploads\/2025\/06\/Coro-al-Manzoni\u00a9Andrea-Ranzi-2048x1365.jpg 2048w, https:\/\/www.ecoitaliano.com.ar\/wp-content\/uploads\/2025\/06\/Coro-al-Manzoni\u00a9Andrea-Ranzi-150x100.jpg 150w\" sizes=\"(max-width: 1024px) 100vw, 1024px\" \/><\/a><\/figure>\n\n\n\n<figure class=\"wp-block-image size-large\"><a href=\"https:\/\/www.ecoitaliano.com.ar\/wp-content\/uploads\/2025\/06\/GEA-GARATTI-ANSINI-PER-STAMPA-3-scaled.jpg\"><img decoding=\"async\" width=\"1024\" height=\"683\" data-id=\"75190\" src=\"https:\/\/www.ecoitaliano.com.ar\/wp-content\/uploads\/2025\/06\/GEA-GARATTI-ANSINI-PER-STAMPA-3-1024x683.jpg\" alt=\"\" class=\"wp-image-75190\" srcset=\"https:\/\/www.ecoitaliano.com.ar\/wp-content\/uploads\/2025\/06\/GEA-GARATTI-ANSINI-PER-STAMPA-3-1024x683.jpg 1024w, https:\/\/www.ecoitaliano.com.ar\/wp-content\/uploads\/2025\/06\/GEA-GARATTI-ANSINI-PER-STAMPA-3-300x200.jpg 300w, https:\/\/www.ecoitaliano.com.ar\/wp-content\/uploads\/2025\/06\/GEA-GARATTI-ANSINI-PER-STAMPA-3-768x512.jpg 768w, https:\/\/www.ecoitaliano.com.ar\/wp-content\/uploads\/2025\/06\/GEA-GARATTI-ANSINI-PER-STAMPA-3-1536x1024.jpg 1536w, https:\/\/www.ecoitaliano.com.ar\/wp-content\/uploads\/2025\/06\/GEA-GARATTI-ANSINI-PER-STAMPA-3-2048x1365.jpg 2048w, https:\/\/www.ecoitaliano.com.ar\/wp-content\/uploads\/2025\/06\/GEA-GARATTI-ANSINI-PER-STAMPA-3-150x100.jpg 150w\" sizes=\"(max-width: 1024px) 100vw, 1024px\" \/><\/a><figcaption class=\"wp-element-caption\">GEA GARATTI ANSINI \/ CORO DEL TEATRO DI SAN CARLO<br>Direttore | Gea Garatti Ansini<br><br><br>Johannes Brahms<br>Ein deutsches Requiem (Requiem tedesco) <br>versione per soli, coro e due pianoforti<br>Soprano | Claudia Pavone<br>Basso &#8211; Baritono | Davide Giangregorio <br>Pianisti | Vincenzo Caruso, Roberto Moreschi<br>Timpani | Barbara Bavecchi<br> <br><br>Coro del Teatro di San Carlo<br><br>mercoled\u00ec 15 maggio 2019, ore 18.00 &#8211; Turno P \u2013 Turno M Concerti       <br><br>Durata:1 ora e 15 minuti circa senza intervalloTeatro di San Carlo 2018<\/figcaption><\/figure>\n<\/figure>\n","protected":false},"excerpt":{"rendered":"<p>Comunicato stampa TCBO: DA HAYDN A SOLBIATI PASSANDO PER BRAHMS CON MARCO ANGIUS SUL PODIO Venerd\u00ec 20 giugno alle 20.30, [&hellip;]<\/p>\n","protected":false},"author":1,"featured_media":0,"comment_status":"open","ping_status":"open","sticky":false,"template":"","format":"standard","meta":{"footnotes":""},"categories":[1],"tags":[],"class_list":["post-75185","post","type-post","status-publish","format-standard","hentry","category-sin-categoria"],"_links":{"self":[{"href":"https:\/\/www.ecoitaliano.com.ar\/index.php?rest_route=\/wp\/v2\/posts\/75185","targetHints":{"allow":["GET"]}}],"collection":[{"href":"https:\/\/www.ecoitaliano.com.ar\/index.php?rest_route=\/wp\/v2\/posts"}],"about":[{"href":"https:\/\/www.ecoitaliano.com.ar\/index.php?rest_route=\/wp\/v2\/types\/post"}],"author":[{"embeddable":true,"href":"https:\/\/www.ecoitaliano.com.ar\/index.php?rest_route=\/wp\/v2\/users\/1"}],"replies":[{"embeddable":true,"href":"https:\/\/www.ecoitaliano.com.ar\/index.php?rest_route=%2Fwp%2Fv2%2Fcomments&post=75185"}],"version-history":[{"count":2,"href":"https:\/\/www.ecoitaliano.com.ar\/index.php?rest_route=\/wp\/v2\/posts\/75185\/revisions"}],"predecessor-version":[{"id":75192,"href":"https:\/\/www.ecoitaliano.com.ar\/index.php?rest_route=\/wp\/v2\/posts\/75185\/revisions\/75192"}],"wp:attachment":[{"href":"https:\/\/www.ecoitaliano.com.ar\/index.php?rest_route=%2Fwp%2Fv2%2Fmedia&parent=75185"}],"wp:term":[{"taxonomy":"category","embeddable":true,"href":"https:\/\/www.ecoitaliano.com.ar\/index.php?rest_route=%2Fwp%2Fv2%2Fcategories&post=75185"},{"taxonomy":"post_tag","embeddable":true,"href":"https:\/\/www.ecoitaliano.com.ar\/index.php?rest_route=%2Fwp%2Fv2%2Ftags&post=75185"}],"curies":[{"name":"wp","href":"https:\/\/api.w.org\/{rel}","templated":true}]}}