{"id":75193,"date":"2025-06-20T15:33:44","date_gmt":"2025-06-20T15:33:44","guid":{"rendered":"https:\/\/www.ecoitaliano.com.ar\/?p=75193"},"modified":"2025-06-20T15:33:44","modified_gmt":"2025-06-20T15:33:44","slug":"serena-conduce-operaclassica-eco-italiano-4436","status":"publish","type":"post","link":"https:\/\/www.ecoitaliano.com.ar\/?p=75193","title":{"rendered":"Serena conduce operaclassica eco italiano"},"content":{"rendered":"\n<figure class=\"wp-block-image size-full is-resized\"><a href=\"http:\/\/www.ecoitaliano.com.ar\/wp-content\/uploads\/2025\/06\/fghjk-2.jpg\"><img decoding=\"async\" width=\"493\" height=\"103\" src=\"http:\/\/www.ecoitaliano.com.ar\/wp-content\/uploads\/2025\/06\/fghjk-2.jpg\" alt=\"\" class=\"wp-image-75194\" style=\"width:387px;height:auto\" srcset=\"https:\/\/www.ecoitaliano.com.ar\/wp-content\/uploads\/2025\/06\/fghjk-2.jpg 493w, https:\/\/www.ecoitaliano.com.ar\/wp-content\/uploads\/2025\/06\/fghjk-2-300x63.jpg 300w, https:\/\/www.ecoitaliano.com.ar\/wp-content\/uploads\/2025\/06\/fghjk-2-150x31.jpg 150w\" sizes=\"(max-width: 493px) 100vw, 493px\" \/><\/a><\/figure>\n\n\n\n<p><strong>Trieste Estate 2025 <\/strong><strong><\/strong><\/p>\n\n\n\n<p><strong><em>Il Suono di Trieste\/The Sound of Trieste <\/em><\/strong><strong><em><\/em><\/strong><\/p>\n\n\n\n<p><strong><em>Follow the Music and discover the beauty of the Imperial city between sea and mountains<\/em><\/strong><strong><em><\/em><\/strong><\/p>\n\n\n\n<p><strong>CASTELLO DI SAN GIUSTO<\/strong><strong><\/strong><\/p>\n\n\n\n<p><strong>29 giugno, 1, 4 luglio 2025 ore 21.15<\/strong><\/p>\n\n\n\n<p><strong>TOSCA<\/strong><\/p>\n\n\n\n<p><strong>di Giacomo Puccini<\/strong><\/p>\n\n\n\n<p><strong>NUOVO ALLESTIMENTO DEL TEATRO VERDI DI TRIESTE<\/strong><\/p>\n\n\n\n<p><strong>Regista STEFANIA PANIGHINI<\/strong><\/p>\n\n\n\n<p><strong>Scenografo NICOLO&#8217; CRISTIANO<\/strong><\/p>\n\n\n\n<p><strong>Costumista CHIARA BARICHELLO<\/strong><\/p>\n\n\n\n<p><strong>Light designer EMANUELE AGLIATI<\/strong><strong>&nbsp; <\/strong><strong><\/strong><\/p>\n\n\n\n<p><strong>Maestro Concertatore e Direttore ENRICO CALESSO<\/strong><\/p>\n\n\n\n<p><strong>Maestro del Coro PAOLO LONGO<\/strong><\/p>\n\n\n\n<p><strong>Tosca &#8211; Elena Pankratova<\/strong><\/p>\n\n\n\n<p><strong>Cavaradossi &#8211; Fabio Sartori<\/strong><\/p>\n\n\n\n<p><strong>Scarpia &#8211; Ambrogio Maestri<\/strong><\/p>\n\n\n\n<p><strong>Angelotti &#8211; William Corr\u00f2<\/strong><\/p>\n\n\n\n<p><strong>Il Sagrestano &#8211; Abramo Rosalen<\/strong><\/p>\n\n\n\n<p><strong>Spoletta &#8211; Andrea Schifaudo<\/strong><\/p>\n\n\n\n<p><strong>Sciarrone &#8211; Francesco Auriemma<\/strong><\/p>\n\n\n\n<p><strong>Un carceriere &#8211; <\/strong><strong>Damiano Locatelli<\/strong><strong><\/strong><\/p>\n\n\n\n<p><strong>Un pastore &#8211; <\/strong><strong>Sophie Emilie Bernstein<\/strong><strong><\/strong><\/p>\n\n\n\n<p><strong>Con la partecipazione del coro \u201cI piccoli cantori della Citt\u00e0 di Trieste\u201d diretti dal Maestro Cristina Semeraro<\/strong><\/p>\n\n\n\n<p><strong>Orchestra, Coro e Tecnici della Fondazione Teatro Lirico Giuseppe Verdi di Trieste<\/strong><\/p>\n\n\n\n<p><strong>Torna dal 29 giugno con Tosca la grande opera nel Cortile delle Milizie del Castello di San Giusto con una nuova produzione appositamente disegnata per questo spazio architettonico cos\u00ec storicamente connotato, un nuovo assetto tecnico che pone l\u2019opera all\u2019aperto di Trieste in linea con le grandi realt\u00e0 internazionali e un cast di assoluto pregio guidato sul podio da Enrico Calesso e con la regia di Stefania Panighini, attenta interprete della tradizione in chiave rinnovata.<\/strong><\/p>\n\n\n\n<p>Con una nuova produzione di Tosca del Verdi di Trieste si apre la stagione estiva al Castello di San Giusto, spazio di grande impatto visivo sempre pi\u00f9 proiettato verso un futuro di nuova arena per le arti performative e quest\u2019anno rinnovato tecnicamente per garantire una resa acustica impeccabile e non solo. Dunque una scelta ed un investimento strategico del Verdi per la proposta culturale cittadina nei mesi estivi, che consolida il percorso virtuoso degli ultimi anni al fine di radicare una nuova tradizione in citt\u00e0 e sul territorio.<\/p>\n\n\n\n<p>Alla testa delle compagini triestine il Direttore Musicale Enrico Calesso, che ha gi\u00e0 diretto il titolo all\u2019aperto al Festival Pucciniano di Torre del Lago e torna ad esso con entusiasmo in un contesto che considera perfetto per l\u2019ambientazione della storia. La regia \u00e8 di Stefania Panighini, docente e regista di ricerca pur sempre nel sommo rispetto del testo e della musica, che porter\u00e0 a San Giusto la grande arte romana dei Carracci non solo come elemento di decor contestualizzante, ma soprattutto come chiave di lettura della potente femminilit\u00e0 della protagonista. Le scene sono di Nicol\u00f2 Cristiano, figura chiave per il Verdi che per l\u2019occasione esce dai panni consueti di Direttore degli Allestimenti del nostro teatro, per tornare al suo lungo curriculum di scenografo per teatri come Opera di Montecarlo o Festival des Chor\u00e9gies d&#8217;Orange.<\/p>\n\n\n\n<p>Sul palco voci di primissimo piano internazionale come l\u2019eccellente soprano russo Elena Pankratova, sin dal suo debutto ospite dei teatri pi\u00f9 prestigiosi e scelta da direttori come Metha, Gergiev o Kirill Petrenko fra i tanti; quindi, il Cavaradossi di Fabio Sartori, oggi di certo una delle voci tenorili di maggiore pregio e solidit\u00e0, e a completare il terzetto caratterizzante l\u2019opera lo storico Scarpia di Ambrogio Maestri, vera colonna portante del canto italiano nel mondo.<\/p>\n\n\n\n<p>Completano il cast il giovane basso baritono William Corr\u00f2, che incastoner\u00e0 Trieste in un lungo percorso in Fenice, il solidissimo basso Abramo Rosalen, il tenore palermitano formatosi a Trieste Andrea Schifaudo, infine il basso Francesco Auriemma, reduce da una bellissima stagione tra Trieste e l\u2019Opera di Roma, per una Tosca di grande statura in sua ogni singola parte.<\/p>\n\n\n\n<p><strong>Racconta la regista Stefania Panighini:<\/strong> \u201cLa considerazione del femminile nell\u2019arte \u00e8 quasi sempre legata all\u2019ideale, la donna \u00e8 un essere meraviglioso e terribile insieme, che alletta e minaccia, dominata da una forza interiore potentissima, che stravolge il mondo maschile a partire dai sensi e lo rende cos\u00ec, spietato e sprezzante nella lotta del potere sul mondo. Tosca \u00e8 in questo senso archetipo del femminile, paradigma dionisiaco che diventa musica, desiderio ed enigma: in lei risiedono tutte le qualit\u00e0 ferine del femminino dall\u2019istinto appassionato fino ad arrivare al dominio della morte. Ma Tosca \u00e8 anche una donna in carne ed ossa, che si muove in un mondo di soli uomini, su terreni viscidi e incerti, costretta a relazionarsi con le dinamiche concrete del potere sociale e civile, nelle quali \u00e8 sempre perdente, proprio in quanto donna.<\/p>\n\n\n\n<p>Come raccontare dunque l\u2019ideale e il reale insieme, come parlare della meravigliosa essenza femminea e delle difficolt\u00e0 delle donne a farsi ascoltare? Questo pu\u00f2 essere il senso di una Tosca oggi: imparare a raccontare le donne come esseri tridimensionali, incrociare l\u2019universale e il particolare, il mondo dionisiaco dell\u2019arte (che si specchia in questo allestimento nei grandi dipinti dei Carracci a Palazzo Farnese), la potenza dei climax pucciniani da un lato, e dall\u2019altro una lettura del testo, e del ruolo femminile, con occhi lucidi e contemporanei.\u201d<\/p>\n\n\n\n<p><strong>Commenta cos\u00ec il Sovrintendente Giuliano Polo<\/strong>: <em>\u201cSono poche le citt\u00e0 al mondo che vantano un teatro estivo per l\u2019opera all\u2019aperto davvero adeguato alle necessit\u00e0 di questo spettacolo meraviglioso e complessissimo che \u00e8 l\u2019opera lirica, ma la nostra visione strategica \u00e8 proprio quella di inserire Trieste in questo club cos\u00ec ristretto e sempre pi\u00f9 attrattivo. Ovviamente un progetto cos\u00ec complesso implica tempi lunghi e investimenti graduali e ben calibrati, ma siamo anche certi di aver trovato a San Giusto la nostra casa ideale: uno spazio che vogliamo migliorare anno dopo anno per porre sempre pi\u00f9 Trieste al centro della vita culturale europea. Un\u2019ambizione grande nella convinzione che la citt\u00e0 e la regione lo meritino\u201d<\/em><\/p>\n\n\n\n<p><strong>Qualora le avverse condizioni meteo non consentano il regolare svolgimento degli spettacoli, il Teatro Verdi ne dar\u00e0 comunicazione attraverso il proprio sito e canali social e recuperer\u00e0 gli spettacoli nelle date 30 giugno, 2, 3 e 5 luglio.<\/strong><\/p>\n\n\n\n<p><strong>PROGRAMMA Estate 2025<\/strong><strong><\/strong><\/p>\n\n\n\n<p><strong>CASTELLO DI SAN GIUSTO<\/strong><strong><\/strong><\/p>\n\n\n\n<p><strong>29 giugno, 1, 4 luglio 2025 ore 21.15<\/strong><\/p>\n\n\n\n<p><strong>TOSCA<\/strong><\/p>\n\n\n\n<p><strong>di Giacomo Puccini<\/strong><\/p>\n\n\n\n<p><strong>NUOVO ALLESTIMENTO DEL TEATRO VERDI DI TRIESTE<\/strong><\/p>\n\n\n\n<p><strong>Regista STEFANIA PANIGHINI<\/strong><\/p>\n\n\n\n<p><strong>Scenografo NICOLO&#8217; CRISTIANO<\/strong><\/p>\n\n\n\n<p><strong>Costumista CHIARA BARICHELLO<\/strong><\/p>\n\n\n\n<p><strong>Light designer EMANUELE AGLIATI<\/strong><strong>&nbsp; <\/strong><strong><\/strong><\/p>\n\n\n\n<p><strong>Maestro Concertatore e Direttore ENRICO CALESSO<\/strong><\/p>\n\n\n\n<p><strong>Maestro del Coro PAOLO LONGO<\/strong><\/p>\n\n\n\n<p><strong>Tosca &#8211; Elena Pankratova<\/strong><\/p>\n\n\n\n<p><strong>Cavaradossi &#8211; Fabio Sartori<\/strong><\/p>\n\n\n\n<p><strong>Scarpia &#8211; Ambrogio Maestri<\/strong><\/p>\n\n\n\n<p><strong>Angelotti &#8211; William Corr\u00f2<\/strong><\/p>\n\n\n\n<p><strong>Il Sagrestano &#8211; Abramo Rosalen<\/strong><\/p>\n\n\n\n<p><strong>Spoletta &#8211; Andrea Schifaudo<\/strong><\/p>\n\n\n\n<p><strong>Sciarrone &#8211; Francesco Auriemma<\/strong><\/p>\n\n\n\n<p><strong>Un carceriere &#8211; <\/strong><strong>Damiano Locatelli<\/strong><strong><\/strong><\/p>\n\n\n\n<p><strong>Un pastore &#8211; <\/strong><strong>Sophie Emilie Bernstein<\/strong><strong><\/strong><\/p>\n\n\n\n<p><strong>Con la partecipazione del coro \u201cI piccoli cantori della Citt\u00e0 di Trieste\u201d diretti dal Maestro Cristina Semeraro<\/strong><\/p>\n\n\n\n<p><strong>Orchestra, Coro e Tecnici della Fondazione Teatro Lirico Giuseppe Verdi di Trieste<\/strong><\/p>\n\n\n\n<p><strong>Mercoled\u00ec 9 luglio 2025 ore 21.15<\/strong><\/p>\n\n\n\n<p><strong>CONCERTO MORRICONE<\/strong><\/p>\n\n\n\n<p><strong>Musiche di Ennio Morricone, Nino Rota, Henry Mancini, Charlie Chaplin, James Moody<\/strong><\/p>\n\n\n\n<p><strong>Direttore <a>JACOPO SIPARI DI PESCASSEROLI<\/a><\/strong><\/p>\n\n\n\n<p><strong>Harmonica Cromatica GIANLUCA LITTERA<\/strong><\/p>\n\n\n\n<p><strong>Orchestra della Fondazione Teatro Lirico Giuseppe Verdi di Trieste<\/strong><\/p>\n\n\n\n<p><strong>Sabato 12 luglio 2025 ore 21.15<\/strong><\/p>\n\n\n\n<p><strong>CARMINA BURANA<\/strong><\/p>\n\n\n\n<p><strong>di Carl Orff<\/strong><\/p>\n\n\n\n<p><strong>Direttore BEATRICE VENEZI<\/strong><\/p>\n\n\n\n<p><strong>Soprano <\/strong><strong>YERANG PARK<\/strong><strong><\/strong><\/p>\n\n\n\n<p><strong>Controtenore <\/strong><strong>GUSTAVO ARGANDONA<\/strong><strong><\/strong><\/p>\n\n\n\n<p><strong>Baritono <\/strong><strong>VINCENZO NIZZARDO<\/strong><strong><\/strong><\/p>\n\n\n\n<p><strong>Orchestra e Coro della Fondazione Teatro Lirico Giuseppe Verdi di Trieste<\/strong><\/p>\n\n\n\n<p><strong>TEATRO VERDI<\/strong><strong><\/strong><\/p>\n\n\n\n<p><strong>19 luglio 2025 ore 20.30<\/strong><strong><\/strong><\/p>\n\n\n\n<p><strong>20 luglio 2025ore 18.00<\/strong><strong><\/strong><\/p>\n\n\n\n<p><strong>22 luglio ore 20.30<\/strong><strong><\/strong><\/p>\n\n\n\n<p><strong>AL CAVALLINO BIANCO <\/strong><strong><\/strong><\/p>\n\n\n\n<p><strong>Operetta di Ralph Benatzky<\/strong><\/p>\n\n\n\n<p><strong>Maestro Concertatore e Direttore AYRTON DESIMPELAERE<\/strong><\/p>\n\n\n\n<p><strong>Regia ANDREA BINETTI<\/strong><\/p>\n\n\n\n<p><strong>Maestro del Coro PAOLO LONGO<\/strong><\/p>\n\n\n\n<p><strong>Nuovo allestimento della Fondazione Teatro Lirico Giuseppe Verdi di Trieste<\/strong><\/p>\n\n\n\n<p><strong>Personaggi e interpreti principali<\/strong><\/p>\n\n\n\n<p><strong>Josepha &#8211; Erica Zulikha Benato<\/strong><\/p>\n\n\n\n<p><strong>Leopoldo &#8211; Andrea Binetti<\/strong><\/p>\n\n\n\n<p><strong>Otillia &#8211; Laura Ulloa<\/strong><\/p>\n\n\n\n<p><strong>Giorgio Bellati &#8211; Francesco Castoro<\/strong><\/p>\n\n\n\n<p><strong>Orchestra, Coro e Tecnici della Fondazione Teatro Lirico Giuseppe Verdi di Trieste<\/strong><\/p>\n\n\n\n<p><strong>PIAZZA VERDI<\/strong><strong><\/strong><\/p>\n\n\n\n<p><strong>Venerd\u00ec 11 luglio 2025 ore 21.00<\/strong><\/p>\n\n\n\n<p><strong>LA MUSICA SUSSURRA E CI SVELA LA VITA<\/strong><strong><\/strong><\/p>\n\n\n\n<p><strong>Omaggio a Ezio Bosso<\/strong><strong><\/strong><\/p>\n\n\n\n<p><strong>MIRAMARE<\/strong><strong><\/strong><\/p>\n\n\n\n<p><strong>Luned\u00ec 28 luglio 2025 ore 20.40<\/strong><\/p>\n\n\n\n<p><strong>Concerto al Tramonto<\/strong><\/p>\n\n\n\n<p><strong>Domenica 3 agosto ore 05.48<\/strong><\/p>\n\n\n\n<p><strong>Concerto all\u2019Alba<\/strong><\/p>\n\n\n\n<p>&#8212;&#8212;&#8212;&#8212;&#8212;&#8212;&#8212;&#8212;&#8212;-<\/p>\n\n\n\n<p><strong>BIGLIETTI<\/strong><strong><\/strong><\/p>\n\n\n\n<figure class=\"wp-block-table\"><table><tbody><tr><td colspan=\"2\">TEATRO VERDI &#8211; ESTATE 2025 &#8211; OPERETTA<\/td><\/tr><tr><td>POSTI<\/td><td>PREZZI<\/td><\/tr><tr><td><em>Poltronissime, Platea, palchi pepiano e I ordine<\/em><\/td><td>\u20ac&nbsp;&nbsp;&nbsp;&nbsp;&nbsp;&nbsp;&nbsp;&nbsp;&nbsp;&nbsp;&nbsp;&nbsp;&nbsp;&nbsp;&nbsp;&nbsp;&nbsp;&nbsp; 45,00<\/td><\/tr><tr><td><em>I galleria (I fila e II fila), palco di II ordine<\/em><\/td><td>\u20ac&nbsp;&nbsp;&nbsp;&nbsp;&nbsp;&nbsp;&nbsp;&nbsp;&nbsp;&nbsp;&nbsp;&nbsp;&nbsp;&nbsp;&nbsp;&nbsp;&nbsp;&nbsp; 40,00<\/td><\/tr><tr><td><em>II galleria e palco di III ordine<\/em><\/td><td>\u20ac&nbsp;&nbsp;&nbsp;&nbsp;&nbsp;&nbsp;&nbsp;&nbsp;&nbsp;&nbsp;&nbsp;&nbsp;&nbsp;&nbsp;&nbsp;&nbsp;&nbsp;&nbsp; 30,00<\/td><\/tr><tr><td><em>Loggione, II galleria (VI e VII fila) e I galleria (IV, V, VI fila)<\/em><\/td><td>\u20ac&nbsp;&nbsp;&nbsp;&nbsp;&nbsp;&nbsp;&nbsp;&nbsp;&nbsp;&nbsp;&nbsp;&nbsp;&nbsp;&nbsp;&nbsp;&nbsp;&nbsp;&nbsp; 25,00<\/td><\/tr><tr><td><em>Ingressi gallerie e loggione<\/em><\/td><td>\u20ac&nbsp;&nbsp;&nbsp;&nbsp;&nbsp;&nbsp;&nbsp;&nbsp;&nbsp;&nbsp;&nbsp;&nbsp;&nbsp;&nbsp;&nbsp;&nbsp; &nbsp;&nbsp;15,00<\/td><\/tr><tr><td>Promozione giovani UNDER 34 anni: <em>tutti i settori<\/em><\/td><td>\u20ac&nbsp;&nbsp;&nbsp;&nbsp;&nbsp;&nbsp;&nbsp;&nbsp;&nbsp;&nbsp;&nbsp;&nbsp;&nbsp;&nbsp;&nbsp;&nbsp;&nbsp;&nbsp; 15,00<\/td><\/tr><tr><td>&nbsp;<\/td><td>&nbsp;<\/td><\/tr><\/tbody><\/table><\/figure>\n\n\n\n<figure class=\"wp-block-table\"><table><tbody><tr><td>CASTELLO DI SAN GIUSTO- ESTATE 2025 &#8211; PREZZI<\/td><td>&nbsp;<\/td><td>&nbsp;<\/td><\/tr><tr><td>POSTI<\/td><td>TOSCA<\/td><td>CONCERTI<\/td><\/tr><tr><td><em>Poltronissime<\/em><\/td><td>&nbsp;\u20ac&nbsp;&nbsp;&nbsp;&nbsp;&nbsp;&nbsp;&nbsp;&nbsp;&nbsp;&nbsp;&nbsp;&nbsp;&nbsp;&nbsp;&nbsp;&nbsp;&nbsp;&nbsp; 80,00<\/td><td>&nbsp;\u20ac&nbsp;&nbsp;&nbsp;&nbsp;&nbsp;&nbsp;&nbsp;&nbsp;&nbsp;&nbsp;&nbsp;&nbsp;&nbsp;&nbsp;&nbsp;&nbsp;&nbsp;&nbsp;&nbsp; 30,00<\/td><\/tr><tr><td><em>Platea A<\/em><\/td><td>&nbsp;\u20ac&nbsp;&nbsp;&nbsp;&nbsp;&nbsp;&nbsp;&nbsp;&nbsp;&nbsp;&nbsp;&nbsp;&nbsp;&nbsp;&nbsp;&nbsp;&nbsp;&nbsp;&nbsp; 45,00<\/td><td>&nbsp;\u20ac&nbsp;&nbsp;&nbsp;&nbsp;&nbsp;&nbsp;&nbsp;&nbsp;&nbsp;&nbsp;&nbsp;&nbsp;&nbsp;&nbsp;&nbsp;&nbsp;&nbsp;&nbsp;&nbsp; 30,00<\/td><\/tr><tr><td><em>Platea B<\/em><\/td><td>&nbsp;\u20ac&nbsp;&nbsp;&nbsp;&nbsp;&nbsp;&nbsp;&nbsp;&nbsp;&nbsp;&nbsp;&nbsp;&nbsp;&nbsp;&nbsp;&nbsp;&nbsp;&nbsp;&nbsp; 35,00<\/td><td>&nbsp;\u20ac&nbsp;&nbsp;&nbsp;&nbsp;&nbsp;&nbsp;&nbsp;&nbsp;&nbsp;&nbsp;&nbsp;&nbsp;&nbsp;&nbsp;&nbsp;&nbsp;&nbsp;&nbsp;&nbsp; 30,00<\/td><\/tr><tr><td>Promozione giovani UNDER 34 anni: Platea A, Platea B<\/td><td>&nbsp;\u20ac&nbsp;&nbsp;&nbsp;&nbsp;&nbsp;&nbsp;&nbsp;&nbsp;&nbsp;&nbsp;&nbsp;&nbsp;&nbsp;&nbsp;&nbsp;&nbsp;&nbsp;&nbsp; 15,00<\/td><td>&nbsp;\u20ac&nbsp;&nbsp;&nbsp;&nbsp;&nbsp;&nbsp;&nbsp;&nbsp;&nbsp;&nbsp;&nbsp;&nbsp;&nbsp;&nbsp;&nbsp;&nbsp;&nbsp;&nbsp;&nbsp; 11,00<\/td><\/tr><tr><td>&nbsp;<\/td><td>&nbsp;<\/td><td>&nbsp;<\/td><\/tr><tr><td>CASTELLO DI MIRAMARE- ESTATE 2025<\/td><td>&nbsp;<\/td><td>&nbsp;<\/td><\/tr><tr><td>&nbsp;<\/td><td>CONC. TRAMONTO<\/td><td>CONC. ALBA<\/td><\/tr><tr><td>&nbsp;<\/td><td>&nbsp;<\/td><td>&nbsp;<\/td><\/tr><tr><td>Posto Unico<\/td><td>\u20ac 30,00<\/td><td>\u20ac 20,00<\/td><\/tr><tr><td>Ridotto<\/td><td>\u20ac 25,00<\/td><td>\u20ac 15,00<\/td><\/tr><tr><td>&nbsp;<\/td><td>&nbsp;<\/td><td>&nbsp;<\/td><\/tr><\/tbody><\/table><\/figure>\n\n\n\n<p>Per riduzioni e biglietti last minute rivolgersi alla Biglietteria del Teatro Verdi<\/p>\n\n\n\n<p>Per informazioni, prenotazioni e acquisto dei biglietti<\/p>\n\n\n\n<p><a href=\"mailto:boxoffice@teatroverdi-trieste.com\">boxoffice@teatroverdi-trieste.com<\/a><\/p>\n\n\n\n<p>n. verde 800 898 868<\/p>\n\n\n\n<p><a href=\"http:\/\/www.teatroverdi-trieste.com\/\">www.teatroverdi-trieste.com<\/a><\/p>\n\n\n\n<p>La Biglietteria del Teatro Verdi Trieste \u00e8 aperta da marted\u00ec a sabato ore 9-16, domenica ore 10-13 e da un\u2019ora prima dell\u2019inizio di ogni spettacolo. Luned\u00ec chiuso.<\/p>\n\n\n\n<p>foto<\/p>\n\n\n\n<figure class=\"wp-block-gallery has-nested-images columns-default is-cropped wp-block-gallery-1 is-layout-flex wp-block-gallery-is-layout-flex\">\n<figure class=\"wp-block-image size-large\"><a href=\"https:\/\/www.ecoitaliano.com.ar\/wp-content\/uploads\/2025\/06\/foto-di-F.Parenzan-423.jpg\"><img decoding=\"async\" width=\"1024\" height=\"682\" data-id=\"75195\" src=\"https:\/\/www.ecoitaliano.com.ar\/wp-content\/uploads\/2025\/06\/foto-di-F.Parenzan-423-1024x682.jpg\" alt=\"\" class=\"wp-image-75195\" srcset=\"https:\/\/www.ecoitaliano.com.ar\/wp-content\/uploads\/2025\/06\/foto-di-F.Parenzan-423-1024x682.jpg 1024w, https:\/\/www.ecoitaliano.com.ar\/wp-content\/uploads\/2025\/06\/foto-di-F.Parenzan-423-300x200.jpg 300w, https:\/\/www.ecoitaliano.com.ar\/wp-content\/uploads\/2025\/06\/foto-di-F.Parenzan-423-768x512.jpg 768w, https:\/\/www.ecoitaliano.com.ar\/wp-content\/uploads\/2025\/06\/foto-di-F.Parenzan-423-1536x1024.jpg 1536w, https:\/\/www.ecoitaliano.com.ar\/wp-content\/uploads\/2025\/06\/foto-di-F.Parenzan-423-150x100.jpg 150w, https:\/\/www.ecoitaliano.com.ar\/wp-content\/uploads\/2025\/06\/foto-di-F.Parenzan-423.jpg 1772w\" sizes=\"(max-width: 1024px) 100vw, 1024px\" \/><\/a><\/figure>\n\n\n\n<figure class=\"wp-block-image size-large\"><a href=\"https:\/\/www.ecoitaliano.com.ar\/wp-content\/uploads\/2025\/06\/foto-di-F.Parenzan-425.jpg\"><img decoding=\"async\" width=\"1024\" height=\"682\" data-id=\"75196\" src=\"https:\/\/www.ecoitaliano.com.ar\/wp-content\/uploads\/2025\/06\/foto-di-F.Parenzan-425-1024x682.jpg\" alt=\"\" class=\"wp-image-75196\" srcset=\"https:\/\/www.ecoitaliano.com.ar\/wp-content\/uploads\/2025\/06\/foto-di-F.Parenzan-425-1024x682.jpg 1024w, https:\/\/www.ecoitaliano.com.ar\/wp-content\/uploads\/2025\/06\/foto-di-F.Parenzan-425-300x200.jpg 300w, https:\/\/www.ecoitaliano.com.ar\/wp-content\/uploads\/2025\/06\/foto-di-F.Parenzan-425-768x512.jpg 768w, https:\/\/www.ecoitaliano.com.ar\/wp-content\/uploads\/2025\/06\/foto-di-F.Parenzan-425-1536x1024.jpg 1536w, https:\/\/www.ecoitaliano.com.ar\/wp-content\/uploads\/2025\/06\/foto-di-F.Parenzan-425-150x100.jpg 150w, https:\/\/www.ecoitaliano.com.ar\/wp-content\/uploads\/2025\/06\/foto-di-F.Parenzan-425.jpg 1772w\" sizes=\"(max-width: 1024px) 100vw, 1024px\" \/><\/a><\/figure>\n\n\n\n<figure class=\"wp-block-image size-large\"><a href=\"https:\/\/www.ecoitaliano.com.ar\/wp-content\/uploads\/2025\/06\/Ambrogio-Maestri-\u00a9-Michele-Monasta-03479-scaled.jpeg\"><img decoding=\"async\" width=\"683\" height=\"1024\" data-id=\"75197\" src=\"https:\/\/www.ecoitaliano.com.ar\/wp-content\/uploads\/2025\/06\/Ambrogio-Maestri-\u00a9-Michele-Monasta-03479-683x1024.jpeg\" alt=\"\" class=\"wp-image-75197\" srcset=\"https:\/\/www.ecoitaliano.com.ar\/wp-content\/uploads\/2025\/06\/Ambrogio-Maestri-\u00a9-Michele-Monasta-03479-683x1024.jpeg 683w, https:\/\/www.ecoitaliano.com.ar\/wp-content\/uploads\/2025\/06\/Ambrogio-Maestri-\u00a9-Michele-Monasta-03479-200x300.jpeg 200w, https:\/\/www.ecoitaliano.com.ar\/wp-content\/uploads\/2025\/06\/Ambrogio-Maestri-\u00a9-Michele-Monasta-03479-768x1152.jpeg 768w, https:\/\/www.ecoitaliano.com.ar\/wp-content\/uploads\/2025\/06\/Ambrogio-Maestri-\u00a9-Michele-Monasta-03479-1024x1536.jpeg 1024w, https:\/\/www.ecoitaliano.com.ar\/wp-content\/uploads\/2025\/06\/Ambrogio-Maestri-\u00a9-Michele-Monasta-03479-1365x2048.jpeg 1365w, https:\/\/www.ecoitaliano.com.ar\/wp-content\/uploads\/2025\/06\/Ambrogio-Maestri-\u00a9-Michele-Monasta-03479-100x150.jpeg 100w, https:\/\/www.ecoitaliano.com.ar\/wp-content\/uploads\/2025\/06\/Ambrogio-Maestri-\u00a9-Michele-Monasta-03479-scaled.jpeg 1707w\" sizes=\"(max-width: 683px) 100vw, 683px\" \/><\/a><\/figure>\n\n\n\n<figure class=\"wp-block-image size-large\"><a href=\"https:\/\/www.ecoitaliano.com.ar\/wp-content\/uploads\/2025\/06\/foto-di-F.Parenzan-419.jpg\"><img decoding=\"async\" width=\"682\" height=\"1024\" data-id=\"75198\" src=\"https:\/\/www.ecoitaliano.com.ar\/wp-content\/uploads\/2025\/06\/foto-di-F.Parenzan-419-682x1024.jpg\" alt=\"\" class=\"wp-image-75198\" srcset=\"https:\/\/www.ecoitaliano.com.ar\/wp-content\/uploads\/2025\/06\/foto-di-F.Parenzan-419-682x1024.jpg 682w, https:\/\/www.ecoitaliano.com.ar\/wp-content\/uploads\/2025\/06\/foto-di-F.Parenzan-419-200x300.jpg 200w, https:\/\/www.ecoitaliano.com.ar\/wp-content\/uploads\/2025\/06\/foto-di-F.Parenzan-419-768x1152.jpg 768w, https:\/\/www.ecoitaliano.com.ar\/wp-content\/uploads\/2025\/06\/foto-di-F.Parenzan-419-1024x1536.jpg 1024w, https:\/\/www.ecoitaliano.com.ar\/wp-content\/uploads\/2025\/06\/foto-di-F.Parenzan-419-100x150.jpg 100w, https:\/\/www.ecoitaliano.com.ar\/wp-content\/uploads\/2025\/06\/foto-di-F.Parenzan-419.jpg 1181w\" sizes=\"(max-width: 682px) 100vw, 682px\" \/><\/a><\/figure>\n\n\n\n<figure class=\"wp-block-image size-large\"><a href=\"https:\/\/www.ecoitaliano.com.ar\/wp-content\/uploads\/2025\/06\/Pankratova.jpeg\"><img decoding=\"async\" width=\"1024\" height=\"768\" data-id=\"75199\" src=\"https:\/\/www.ecoitaliano.com.ar\/wp-content\/uploads\/2025\/06\/Pankratova-1024x768.jpeg\" alt=\"\" class=\"wp-image-75199\" srcset=\"https:\/\/www.ecoitaliano.com.ar\/wp-content\/uploads\/2025\/06\/Pankratova-1024x768.jpeg 1024w, https:\/\/www.ecoitaliano.com.ar\/wp-content\/uploads\/2025\/06\/Pankratova-300x225.jpeg 300w, https:\/\/www.ecoitaliano.com.ar\/wp-content\/uploads\/2025\/06\/Pankratova-768x576.jpeg 768w, https:\/\/www.ecoitaliano.com.ar\/wp-content\/uploads\/2025\/06\/Pankratova-1536x1152.jpeg 1536w, https:\/\/www.ecoitaliano.com.ar\/wp-content\/uploads\/2025\/06\/Pankratova-150x113.jpeg 150w, https:\/\/www.ecoitaliano.com.ar\/wp-content\/uploads\/2025\/06\/Pankratova.jpeg 2016w\" sizes=\"(max-width: 1024px) 100vw, 1024px\" \/><\/a><\/figure>\n\n\n\n<figure class=\"wp-block-image size-large\"><a href=\"https:\/\/www.ecoitaliano.com.ar\/wp-content\/uploads\/2025\/06\/Sartori-c-Victor-Santiago-1-scaled.jpeg\"><img decoding=\"async\" width=\"683\" height=\"1024\" data-id=\"75200\" src=\"https:\/\/www.ecoitaliano.com.ar\/wp-content\/uploads\/2025\/06\/Sartori-c-Victor-Santiago-1-683x1024.jpeg\" alt=\"\" class=\"wp-image-75200\" srcset=\"https:\/\/www.ecoitaliano.com.ar\/wp-content\/uploads\/2025\/06\/Sartori-c-Victor-Santiago-1-683x1024.jpeg 683w, https:\/\/www.ecoitaliano.com.ar\/wp-content\/uploads\/2025\/06\/Sartori-c-Victor-Santiago-1-200x300.jpeg 200w, https:\/\/www.ecoitaliano.com.ar\/wp-content\/uploads\/2025\/06\/Sartori-c-Victor-Santiago-1-768x1152.jpeg 768w, https:\/\/www.ecoitaliano.com.ar\/wp-content\/uploads\/2025\/06\/Sartori-c-Victor-Santiago-1-1024x1536.jpeg 1024w, https:\/\/www.ecoitaliano.com.ar\/wp-content\/uploads\/2025\/06\/Sartori-c-Victor-Santiago-1-1366x2048.jpeg 1366w, https:\/\/www.ecoitaliano.com.ar\/wp-content\/uploads\/2025\/06\/Sartori-c-Victor-Santiago-1-100x150.jpeg 100w, https:\/\/www.ecoitaliano.com.ar\/wp-content\/uploads\/2025\/06\/Sartori-c-Victor-Santiago-1-scaled.jpeg 1707w\" sizes=\"(max-width: 683px) 100vw, 683px\" \/><\/a><\/figure>\n\n\n\n<figure class=\"wp-block-image size-large\"><a href=\"https:\/\/www.ecoitaliano.com.ar\/wp-content\/uploads\/2025\/06\/Stefania-Panighini-ph-Paolo-Tangari-scaled.jpeg\"><img decoding=\"async\" width=\"683\" height=\"1024\" data-id=\"75201\" src=\"https:\/\/www.ecoitaliano.com.ar\/wp-content\/uploads\/2025\/06\/Stefania-Panighini-ph-Paolo-Tangari-683x1024.jpeg\" alt=\"\" class=\"wp-image-75201\" srcset=\"https:\/\/www.ecoitaliano.com.ar\/wp-content\/uploads\/2025\/06\/Stefania-Panighini-ph-Paolo-Tangari-683x1024.jpeg 683w, https:\/\/www.ecoitaliano.com.ar\/wp-content\/uploads\/2025\/06\/Stefania-Panighini-ph-Paolo-Tangari-200x300.jpeg 200w, https:\/\/www.ecoitaliano.com.ar\/wp-content\/uploads\/2025\/06\/Stefania-Panighini-ph-Paolo-Tangari-768x1152.jpeg 768w, https:\/\/www.ecoitaliano.com.ar\/wp-content\/uploads\/2025\/06\/Stefania-Panighini-ph-Paolo-Tangari-1024x1536.jpeg 1024w, https:\/\/www.ecoitaliano.com.ar\/wp-content\/uploads\/2025\/06\/Stefania-Panighini-ph-Paolo-Tangari-1365x2048.jpeg 1365w, https:\/\/www.ecoitaliano.com.ar\/wp-content\/uploads\/2025\/06\/Stefania-Panighini-ph-Paolo-Tangari-100x150.jpeg 100w, https:\/\/www.ecoitaliano.com.ar\/wp-content\/uploads\/2025\/06\/Stefania-Panighini-ph-Paolo-Tangari-scaled.jpeg 1707w\" sizes=\"(max-width: 683px) 100vw, 683px\" \/><\/a><\/figure>\n<\/figure>\n","protected":false},"excerpt":{"rendered":"<p>Trieste Estate 2025 Il Suono di Trieste\/The Sound of Trieste Follow the Music and discover the beauty of the Imperial [&hellip;]<\/p>\n","protected":false},"author":1,"featured_media":0,"comment_status":"open","ping_status":"open","sticky":false,"template":"","format":"standard","meta":{"footnotes":""},"categories":[1],"tags":[],"class_list":["post-75193","post","type-post","status-publish","format-standard","hentry","category-sin-categoria"],"_links":{"self":[{"href":"https:\/\/www.ecoitaliano.com.ar\/index.php?rest_route=\/wp\/v2\/posts\/75193","targetHints":{"allow":["GET"]}}],"collection":[{"href":"https:\/\/www.ecoitaliano.com.ar\/index.php?rest_route=\/wp\/v2\/posts"}],"about":[{"href":"https:\/\/www.ecoitaliano.com.ar\/index.php?rest_route=\/wp\/v2\/types\/post"}],"author":[{"embeddable":true,"href":"https:\/\/www.ecoitaliano.com.ar\/index.php?rest_route=\/wp\/v2\/users\/1"}],"replies":[{"embeddable":true,"href":"https:\/\/www.ecoitaliano.com.ar\/index.php?rest_route=%2Fwp%2Fv2%2Fcomments&post=75193"}],"version-history":[{"count":1,"href":"https:\/\/www.ecoitaliano.com.ar\/index.php?rest_route=\/wp\/v2\/posts\/75193\/revisions"}],"predecessor-version":[{"id":75202,"href":"https:\/\/www.ecoitaliano.com.ar\/index.php?rest_route=\/wp\/v2\/posts\/75193\/revisions\/75202"}],"wp:attachment":[{"href":"https:\/\/www.ecoitaliano.com.ar\/index.php?rest_route=%2Fwp%2Fv2%2Fmedia&parent=75193"}],"wp:term":[{"taxonomy":"category","embeddable":true,"href":"https:\/\/www.ecoitaliano.com.ar\/index.php?rest_route=%2Fwp%2Fv2%2Fcategories&post=75193"},{"taxonomy":"post_tag","embeddable":true,"href":"https:\/\/www.ecoitaliano.com.ar\/index.php?rest_route=%2Fwp%2Fv2%2Ftags&post=75193"}],"curies":[{"name":"wp","href":"https:\/\/api.w.org\/{rel}","templated":true}]}}