{"id":75206,"date":"2025-06-20T15:45:11","date_gmt":"2025-06-20T15:45:11","guid":{"rendered":"https:\/\/www.ecoitaliano.com.ar\/?p=75206"},"modified":"2025-06-20T15:45:11","modified_gmt":"2025-06-20T15:45:11","slug":"serena-conduce-operaclassica-eco-italiano-4438","status":"publish","type":"post","link":"https:\/\/www.ecoitaliano.com.ar\/?p=75206","title":{"rendered":"Serena conduce operaclassica eco italiano"},"content":{"rendered":"<div class=\"wp-block-image\">\n<figure class=\"aligncenter size-full\"><a href=\"https:\/\/www.ecoitaliano.com.ar\/wp-content\/uploads\/2025\/06\/image-37.png\"><img decoding=\"async\" width=\"300\" height=\"97\" src=\"https:\/\/www.ecoitaliano.com.ar\/wp-content\/uploads\/2025\/06\/image-37.png\" alt=\"\" class=\"wp-image-75207\" srcset=\"https:\/\/www.ecoitaliano.com.ar\/wp-content\/uploads\/2025\/06\/image-37.png 300w, https:\/\/www.ecoitaliano.com.ar\/wp-content\/uploads\/2025\/06\/image-37-150x49.png 150w\" sizes=\"(max-width: 300px) 100vw, 300px\" \/><\/a><\/figure><\/div>\n\n\n<figure class=\"wp-block-table\"><table><tbody><tr><td><strong>COMUNICATO STAMPA<\/strong>\u00a0<strong>L\u2019ARCHIVIO STORICO BOCCHI DONA<\/strong><strong>AL TEATRO DELL\u2019OPERA DI ROMA<\/strong><strong>IL RITRATTO\u00a0<em>OMAGGIO A VERDI<\/em>\u00a0DI GUTTU<\/strong><strong>SO<\/strong><strong>\u00a0<\/strong><strong>L\u2019UNICA OPERA MAI REALIZZATA<\/strong><strong>DAL PITTORE SICILIANO DEDICATA A UN MUSICISTA<\/strong><strong>\u00a0<\/strong>\u00a0\u00c8 l\u2019unico dipinto dedicato a un musicista da\u00a0<strong>Renato Guttuso\u00a0<\/strong>quello che\u00a0<strong>l\u2019Archivio Storico Bocchi<\/strong>\u00a0ha scelto di donare al\u00a0<strong>Teatro dell\u2019Opera di Roma<\/strong>. Intitolato\u00a0<em>Omaggio a Giuseppe Verdi\u00a0<\/em>e realizzato nei primi anni Sessanta, il quadro viene donato in memoria di\u00a0<strong>Mario Bocchi<\/strong>\u00a0(Parma, 1924 \u2013 1997), intellettuale, collezionista e amico personale di Guttuso, in occasione della ripresa della\u00a0<em>Carmen<\/em>\u00a0di Georges Bizet, in scena al Teatro Costanzi dal 21 giugno con scene e costumi firmati proprio da Guttuso, per la stagione 1969-70.Profondo conoscitore e appassionato di musica lirica, Guttuso nutriva un legame speciale con Verdi. Il ritratto verr\u00e0 esposto nel Salone Presidenziale al Teatro dell\u2019Opera, dove testimonier\u00e0 il profondo dialogo tra arti visive e musica che attraversa il Novecento, di cui l\u2019Opera di Roma si \u00e8 sempre fatta promotrice.Renato Guttuso (Bagheria, 1911 \u2013 Roma, 1987) fu uno dei pi\u00f9 importanti artisti italiani del secolo scorso, nonch\u00e9 figura di spicco della cultura italiana, senatore della Repubblica e uomo di teatro. A partire dal 1947 si dedic\u00f2 intensamente alla scenografia, firmando quasi trenta allestimenti<strong>\u00a0<\/strong>operistici nei pi\u00f9 importanti teatri italiani \u2013 dalla Scala di Milano alla Fenice di Venezia, dal Regio di Parma all\u2019Opera di Roma.Il suo debutto al Teatro dell\u2019Opera risale al 1948 con il balletto\u00a0<em>Gioco di carte\u00a0<\/em>di Stravinskij con coreografie di Aurel Milloss. Seguono numerose collaborazioni:\u00a0<em>Pulcinella<\/em>\u00a0(1951) e\u00a0<em>La sagra della primavera<\/em>\u00a0(1967), di Stravinskij, sempre con Milloss,\u00a0<em>Carmen<\/em>\u00a0(1970), fino ad\u00a0<em>Aladino e la lampada magica<\/em>\u00a0su musiche di Nino Rota. Il primo incontro tra Guttuso e la musica di Verdi avvenne a Parma, nel 1963, con\u00a0<em>Macbeth<\/em>, in occasione delle celebrazioni per il 150\u00b0 anniversario della nascita del compositore. \u00c8 verosimilmente in quel periodo che Guttuso realizz\u00f2 il ritratto oggetto della donazione.\u00a0<strong>In ricordo di Mario Bocchi<\/strong><strong>\u00a0<\/strong><strong>Mario Bocchi<\/strong>, figura centrale della vita culturale italiana del dopoguerra, fu un collezionista appassionato e instancabile promotore delle arti. Nel 1953 rimase folgorato da\u00a0<em>Guernica<\/em>\u00a0di Picasso, visitata a Palazzo Reale a Milano: un incontro che cambi\u00f2 la sua vita. Di l\u00ec a poco conobbe Guttuso, con cui instaur\u00f2 una lunga e profonda amicizia. Nel 1961 partecip\u00f2 all\u201980\u00b0 compleanno di Picasso a Vallauris, in Francia, dove il pittore lo salut\u00f2 con affetto:\u00a0<em>\u00abMarion, le camarade de Parme\u00bb<\/em>. Promotore di una grande mostra antologica di Guttuso a Parma nel 1963, frequent\u00f2 intellettuali e artisti come Carlo Levi, Jean Cocteau, Pablo Neruda, Jean-Paul Sartre, Giacomo Manz\u00f9, Alberto Giacometti, Mario Schifano, Eugenio Montale, Pier Paolo Pasolini.\u00a0<strong>L\u2019Archivio Storico Bocchi<\/strong>Fondato da Giancarlo Bocchi, l\u2019Archivio custodisce materiali raccolti in due generazioni, tra cui opere originali, carteggi inediti, fotografie storiche e filmati unici, con una particolare attenzione al dialogo tra arte, cultura e impegno civile. Le quattro sezioni \u2013\u00a0<em>arte e cultura<\/em>,\u00a0<em>storia del \u2019900<\/em>,\u00a0<em>musica<\/em>,\u00a0<em>diritti civili e umani<\/em>\u00a0\u2013 ospitano documenti straordinari: lettere di Guttuso e Picasso, filmati girati nei teatri, ma anche testimonianze girate durante i conflitti in Afghanistan, Bosnia, Cecenia, Kosovo e altri teatri di guerra.\u00a0\u00a0\u00a0\u00a0<strong>19 giugno 202<\/strong><strong>5<\/strong>\u00a0<strong>\u00a0<\/strong><strong>TEATRO DELL\u2019OPERA DI ROMA<\/strong><strong>Cosimo Manicone<\/strong>ufficio stampa<a href=\"mailto:cosimo.manicone@operaroma.it\" target=\"_blank\" rel=\"noreferrer noopener\">cosimo.manicone@operaroma.it<\/a><strong>\u00a0<\/strong><strong>Paolo Cairoli<\/strong>direttore della comunicazione<a href=\"mailto:paolo.cairoli@operaroma.it\" target=\"_blank\" rel=\"noreferrer noopener\">paolo.cairoli@operaroma.it<\/a>\u00a0\u00a0<\/td><\/tr><\/tbody><\/table><\/figure>\n\n\n\n<figure class=\"wp-block-table\"><table><tbody><tr><td><img decoding=\"async\" src=\"https:\/\/fondazioneteatrodelloperadirom.img.musvc2.net\/static\/69084\/images\/2\/51111a50cb0b42a6bcd886505ddbf941.jpg\" width=\"300\" alt=\"Image\" height=\"auto\"><\/td><\/tr><\/tbody><\/table><\/figure>\n","protected":false},"excerpt":{"rendered":"<p>COMUNICATO STAMPA\u00a0L\u2019ARCHIVIO STORICO BOCCHI DONAAL TEATRO DELL\u2019OPERA DI ROMAIL RITRATTO\u00a0OMAGGIO A VERDI\u00a0DI GUTTUSO\u00a0L\u2019UNICA OPERA MAI REALIZZATADAL PITTORE SICILIANO DEDICATA A [&hellip;]<\/p>\n","protected":false},"author":1,"featured_media":0,"comment_status":"open","ping_status":"open","sticky":false,"template":"","format":"standard","meta":{"footnotes":""},"categories":[1],"tags":[],"class_list":["post-75206","post","type-post","status-publish","format-standard","hentry","category-sin-categoria"],"_links":{"self":[{"href":"https:\/\/www.ecoitaliano.com.ar\/index.php?rest_route=\/wp\/v2\/posts\/75206","targetHints":{"allow":["GET"]}}],"collection":[{"href":"https:\/\/www.ecoitaliano.com.ar\/index.php?rest_route=\/wp\/v2\/posts"}],"about":[{"href":"https:\/\/www.ecoitaliano.com.ar\/index.php?rest_route=\/wp\/v2\/types\/post"}],"author":[{"embeddable":true,"href":"https:\/\/www.ecoitaliano.com.ar\/index.php?rest_route=\/wp\/v2\/users\/1"}],"replies":[{"embeddable":true,"href":"https:\/\/www.ecoitaliano.com.ar\/index.php?rest_route=%2Fwp%2Fv2%2Fcomments&post=75206"}],"version-history":[{"count":1,"href":"https:\/\/www.ecoitaliano.com.ar\/index.php?rest_route=\/wp\/v2\/posts\/75206\/revisions"}],"predecessor-version":[{"id":75208,"href":"https:\/\/www.ecoitaliano.com.ar\/index.php?rest_route=\/wp\/v2\/posts\/75206\/revisions\/75208"}],"wp:attachment":[{"href":"https:\/\/www.ecoitaliano.com.ar\/index.php?rest_route=%2Fwp%2Fv2%2Fmedia&parent=75206"}],"wp:term":[{"taxonomy":"category","embeddable":true,"href":"https:\/\/www.ecoitaliano.com.ar\/index.php?rest_route=%2Fwp%2Fv2%2Fcategories&post=75206"},{"taxonomy":"post_tag","embeddable":true,"href":"https:\/\/www.ecoitaliano.com.ar\/index.php?rest_route=%2Fwp%2Fv2%2Ftags&post=75206"}],"curies":[{"name":"wp","href":"https:\/\/api.w.org\/{rel}","templated":true}]}}