{"id":75221,"date":"2025-06-20T16:20:08","date_gmt":"2025-06-20T16:20:08","guid":{"rendered":"https:\/\/www.ecoitaliano.com.ar\/?p=75221"},"modified":"2025-06-20T16:20:08","modified_gmt":"2025-06-20T16:20:08","slug":"serena-conduce-operaclassica-eco-italiano-4441","status":"publish","type":"post","link":"https:\/\/www.ecoitaliano.com.ar\/?p=75221","title":{"rendered":"Serena conduce operaclassica eco italiano"},"content":{"rendered":"<div class=\"wp-block-image\">\n<figure class=\"aligncenter size-full\"><a href=\"http:\/\/www.ecoitaliano.com.ar\/wp-content\/uploads\/2025\/06\/image004-1.png\"><img decoding=\"async\" width=\"143\" height=\"89\" src=\"http:\/\/www.ecoitaliano.com.ar\/wp-content\/uploads\/2025\/06\/image004-1.png\" alt=\"\" class=\"wp-image-74902\"\/><\/a><\/figure><\/div>\n\n\n<p>Ufficio stampa&nbsp;&nbsp;&nbsp;&nbsp;&nbsp;&nbsp;&nbsp;&nbsp;&nbsp;&nbsp;&nbsp;&nbsp;&nbsp;&nbsp;&nbsp;&nbsp;&nbsp;&nbsp;&nbsp;&nbsp;&nbsp;&nbsp;&nbsp;&nbsp;&nbsp;&nbsp;&nbsp;&nbsp;&nbsp;&nbsp;&nbsp;&nbsp;&nbsp;&nbsp;&nbsp;&nbsp;&nbsp;&nbsp;&nbsp;&nbsp;&nbsp;&nbsp;&nbsp;&nbsp;&nbsp;&nbsp;&nbsp;&nbsp;&nbsp;&nbsp;&nbsp;&nbsp;&nbsp;&nbsp;&nbsp;&nbsp;&nbsp;&nbsp;&nbsp;&nbsp;&nbsp;&nbsp;&nbsp;&nbsp;&nbsp;&nbsp;&nbsp;&nbsp;&nbsp;&nbsp;&nbsp;&nbsp;&nbsp;&nbsp;&nbsp;&nbsp;&nbsp;&nbsp;&nbsp;&nbsp;&nbsp;&nbsp;&nbsp;&nbsp;&nbsp;&nbsp;&nbsp;&nbsp;&nbsp;&nbsp;&nbsp;&nbsp;&nbsp;&nbsp;&nbsp;&nbsp;&nbsp;&nbsp;&nbsp;&nbsp;&nbsp;&nbsp;&nbsp;&nbsp;&nbsp;&nbsp;&nbsp;&nbsp;&nbsp;&nbsp;&nbsp;&nbsp;&nbsp;&nbsp;&nbsp;&nbsp;&nbsp;&nbsp;&nbsp;&nbsp;&nbsp;&nbsp;&nbsp;&nbsp;&nbsp;&nbsp;&nbsp;&nbsp;&nbsp;&nbsp;&nbsp;&nbsp;&nbsp;&nbsp;&nbsp;&nbsp;&nbsp;&nbsp;&nbsp;&nbsp;&nbsp;&nbsp;&nbsp;&nbsp;&nbsp;&nbsp;&nbsp;&nbsp;&nbsp;&nbsp;&nbsp;&nbsp;&nbsp; 20\/06\/2025<\/p>\n\n\n\n<p><strong>TORNA L\u2019<em>AIDA<\/em> \u2018DI CRISTALLO\u2019<\/strong><\/p>\n\n\n\n<p><strong>ANCHE IL SECONDO WEEKEND DELL\u2019ARENA OPERA FESTIVAL \u00c8 SOLD OUT<\/strong><\/p>\n\n\n\n<p><strong>Dal 20 giugno in scena l\u2019opera regina dell\u2019Anfiteatro nell\u2019allestimento di Stefano Poda, autore del nuovo <em>Nabucco<\/em>. Nel primo cast: Siri, Ganci, Rehlis, Enkhbat, Vinogradov diretti dal Maestro Oren<\/strong><\/p>\n\n\n\n<p><strong>Chiuso il fine settimana inaugurale, il Festival lirico riparte dall\u2019opera \u2018regina\u2019. Oggi, venerd\u00ec 20 giugno alle 21.30 va in scena all\u2019Arena di Verona la prima rappresentazione di <em>Aida<\/em>. L\u2019allestimento, definito \u2018di cristallo\u2019 per le superfici trasparenti e gli inediti giochi di luce, \u00e8 curato in ogni aspetto da Stefano Poda<\/strong>, che fonde in scena una personale unione di antica simbologia egizia e alta moda contemporanea. <strong>La serata \u00e8 gi\u00e0 sold-out, cos\u00ec come il <em>Nabucco<\/em> del giorno successivo.<\/strong><\/p>\n\n\n\n<p>Sul palcoscenico della prima stagionale salgono artisti dalla carriera internazionale, apprezzati dalla critica e dal pubblico areniano. Protagonista il soprano <strong>Maria Jos\u00e9 Siri,<\/strong> Aida amante e amata da Radames, interpretato dal tenore <strong>Gregory Kunde<\/strong>. A dividerli la principessa Amneris del mezzosoprano <strong>Agnieszka<\/strong> <strong>Rehlis<\/strong>, e due popoli in guerra fra loro: da un lato l\u2019Egitto dell\u2019inflessibile sacerdote Ramfis (<strong>Alexander<\/strong> <strong>Vinogradov<\/strong>) e del Faraone (<strong>Simon<\/strong> <strong>Lim<\/strong>), dall\u2019altro l\u2019Etiopia del re e padre di Aida Amonasro, parte in cui torna il baritono <strong>Amartuvshin Enkhbat,<\/strong> titolare del <em>Nabucco<\/em> inaugurale. Completano il cast il Messaggero di <strong>Carlo<\/strong> <strong>Bosi<\/strong> e la sacerdotessa di <strong>Francesca Maionchi<\/strong>. Sul podio areniano torna <strong>Daniel<\/strong> <strong>Oren<\/strong>, a dirigere l\u2019<strong>Orchestra<\/strong> di Fondazione Arena e il <strong>Coro<\/strong> preparato da <strong>Roberto<\/strong> <strong>Gabbiani<\/strong>.<\/p>\n\n\n\n<p><em>Aida<\/em> \u2018di cristallo\u2019, che sar\u00e0 in scena fino al 4 settembre con grandi debutti nei cast, ha collezionato diversi record per interesse suscitato, interazioni social, ascolti tv della prima in diretta nel 2023, affluenza media di spettatori e ricerche sul web. Uno spettacolo ricco e potente da scoprire replica dopo replica, grazie a led, laser, trasparenze che raccontano la drammaturgia del capolavoro verdiano mettendo in risalto le linee dell\u2019Anfiteatro. Tra geroglifici e alta moda, colori contrastanti e materiali inediti, con la simbologia della mano, Poda mostra il potere dell\u2019uomo di creare, distruggere, pregare, combattere, amare, in un viaggio dantesco reso dai quattrocento artisti in scena, compresi il <strong>Ballo<\/strong> coordinato da Gaetano Petrosino, mimi, figuranti, e dai <strong>Tecnici<\/strong> di Fondazione Arena.&nbsp;<\/p>\n\n\n\n<p>Si replica il 29 giugno alle 21.30, il 6, 13, 16, 20, 27 luglio alle 21.15, l\u20191, 10, 17, 24, 28 agosto e il 4 settembre ore 21. I cast alternativi sono tali da rendere ogni rappresentazione una vera e propria \u2018prima\u2019 dell\u2019opera, con attesi debutti nei diversi ruoli per importanti artisti, accanto a graditi ritorni: per Aida, <strong>Marina Rebeka, Aleksandra Kurzak, Olga Maslova e Anna Netrebko<\/strong>, per Radames i tenori <strong>Luciano Ganci, Roberto Alagna <\/strong>e<strong> Yusif Eyvazov, <\/strong>per Amneris <strong>Anna Maria Chiuri<\/strong>, per Amonasro <strong>Youngjun<\/strong> <strong>Park<\/strong> e <strong>Ludovic<\/strong> <strong>T\u00e9zier<\/strong>, oltre ai bassi <strong>Abramo<\/strong> <strong>Rosalen<\/strong>, <strong>Giorgi<\/strong> <strong>Manoshvili<\/strong> e <strong>Ramaz<\/strong> <strong>Chikviladze<\/strong>, all\u2019esordio areniano. Debutto anche sul podio, il 6 luglio, per <strong>Francesco Ommassini<\/strong>, direttore veneziano e veronese d\u2019adozione.<\/p>\n\n\n\n<p><strong>I biglietti per tutte le date sono gi\u00e0 in vendita su&nbsp;<\/strong><a href=\"https:\/\/eur04.safelinks.protection.outlook.com\/?url=http%253A%252F%252Farena.it%252F&amp;data=05%257C02%257Calessandro.rigoni%2540arenadiverona.it%257C2cbc153d11114ac82aa008dc4fe3ef93%257C2b2afe864e714056a75c871748d50c4d%257C0%257C0%257C638473087581221195%257CUnknown%257CTWFpbGZsb3d8eyJWIjoiMC4wLjAwMDAiLCJQIjoiV2luMzIiLCJBTiI6Ik1haWwiLCJXVCI6Mn0%253D%257C0%257C%257C%257C&amp;sdata=sklM4OXfPC33SA6SixHi17yE2uqtq9iFquNS%252F%252Bx6zmc%253D&amp;reserved=0\"><strong>arena.it<\/strong><\/a><strong>, sui canali social dell\u2019Arena di Verona e su Ticketone<\/strong>.&nbsp;Speciali riduzioni sono riservate agli under 30 e agli over 65.&nbsp;<\/p>\n\n\n\n<p>L\u2019Arena di Verona Opera Festival 2025 conta sul sostegno di numerosi sponsor, in primis UniCredit, che vanta una longevit\u00e0 di collaborazione di oltre 25 anni, e poi Calzedonia, Pastificio Rana, Volkswagen Group Italia, DB Bahn, Forno Bonomi, Numia, RTL 102.5, Genny, che ha firmato le divise del personale adibito all\u2019accoglienza del pubblico, e M\u00fcller, che sostiene i progetti di accessibilit\u00e0 dedicati alle persone con disabilit\u00e0. Tra gli official partner marchi storici quali Veronafiere, Air Dolomiti, A4 Holding, Metinvest, SABA Italia, SDG Group, Sartori di Verona, Palazzo Maffei e Mantova Village. Cos\u00ec come Calvisius Arena Foyer, ManPower Group e Consorzio di Tutela dell\u2019Aceto Balsamico Tradizionale di Modena DOP e Ferroli. Oltre a imprese, privati, ordini professionali che compongono la schiera della Membership 67 Colonne per l\u2019Arena di Verona, fondata da Gianluca Rana dell\u2019omonimo pastificio e da Sandro Veronesi, patron del Gruppo Oniverse, con il Gruppo Editoriale Athesis, media partner.&nbsp;<\/p>\n\n\n\n<p><strong>Biglietteria&nbsp;<\/strong><\/p>\n\n\n\n<p>Via Dietro Anfiteatro 6\/B, 37121 Verona &#8211; <a href=\"mailto:biglietteria@arenadiverona.it\">biglietteria@arenadiverona.it<\/a>&nbsp;&nbsp;<\/p>\n\n\n\n<p>Call center (+39) 045 800.51.51 &#8211; <a href=\"http:\/\/www.arena.it\">www.arena.it<\/a><\/p>\n\n\n\n<p>Punti di prevendita TicketOne&nbsp;&nbsp;<\/p>\n\n\n\n<p><strong>Informazioni&nbsp;<\/strong><\/p>\n\n\n\n<p><strong>Ufficio Stampa Fondazione Arena di Verona&nbsp;<\/strong><\/p>\n\n\n\n<p>Via Roma 7\/D, 37121 Verona &#8211; <a href=\"mailto:ufficio.stampa@arenadiverona.it\">ufficio.stampa@arenadiverona.it<\/a>&nbsp;&nbsp;<\/p>\n\n\n\n<p>tel. (+39) 045 805.1861-1905-1891-1939<\/p>\n\n\n\n<p><strong>Ufficio stampa nazionale e internazionale&nbsp;<\/strong><\/p>\n\n\n\n<p>Skill&amp;Music \u2013 <a href=\"mailto:info@skillandmusic.com\">info@skillandmusic.com<\/a><\/p>\n\n\n\n<p><strong>20<\/strong>, <strong>29<\/strong> giugno ore 21.30<em><\/em><\/p>\n\n\n\n<p><strong>6<\/strong>,<strong> 13<\/strong>,<strong> 16<\/strong>,<strong> 20<\/strong>,<strong> 27<\/strong> luglio ore 21.15<em><\/em><\/p>\n\n\n\n<p><strong>1<\/strong>,<strong> 10<\/strong>, <strong>17<\/strong>,<strong> 24<\/strong>,<strong> 28<\/strong> agosto ore 21.00<em><\/em><\/p>\n\n\n\n<p><strong>4<\/strong> settembre ore 21.00<em><\/em><\/p>\n\n\n\n<p><strong>Aida<\/strong><\/p>\n\n\n\n<p>di Giuseppe Verdi<\/p>\n\n\n\n<p>Opera in quattro atti<\/p>\n\n\n\n<p>Libretto di Antonio Ghislanzoni <strong><\/strong><\/p>\n\n\n\n<p>Regia, scene, costumi, luci, coreografia<strong> &nbsp;&nbsp;&nbsp;&nbsp;&nbsp;&nbsp;&nbsp;&nbsp;&nbsp;&nbsp;&nbsp;&nbsp;&nbsp;&nbsp; Stefano Poda&nbsp;&nbsp;&nbsp;&nbsp;&nbsp;&nbsp;&nbsp;&nbsp; <\/strong><strong><\/strong><\/p>\n\n\n\n<p>Assistente a regia, scene, costumi, luci, coreografia<strong> &nbsp;&nbsp;&nbsp;&nbsp;&nbsp;&nbsp;&nbsp;&nbsp;&nbsp;&nbsp;&nbsp;&nbsp; <\/strong><strong>Paolo Giani Cei<\/strong><\/p>\n\n\n\n<p>Direttore&nbsp;&nbsp;&nbsp;&nbsp;&nbsp;&nbsp;&nbsp;&nbsp;&nbsp;&nbsp;&nbsp;&nbsp;&nbsp;&nbsp;&nbsp;&nbsp;&nbsp;&nbsp;&nbsp;&nbsp;&nbsp;&nbsp;&nbsp;&nbsp;&nbsp;&nbsp;&nbsp;&nbsp;&nbsp;&nbsp;&nbsp;&nbsp;&nbsp;&nbsp;&nbsp;&nbsp;&nbsp;&nbsp;&nbsp;&nbsp;&nbsp;&nbsp;&nbsp;&nbsp;&nbsp;&nbsp;&nbsp;&nbsp;&nbsp;&nbsp;&nbsp;&nbsp;&nbsp;&nbsp;&nbsp;&nbsp;&nbsp;&nbsp;&nbsp;&nbsp;&nbsp;&nbsp;&nbsp;&nbsp;&nbsp;&nbsp; <strong>Daniel Oren <\/strong>20, 29\/6 \u2013 13, 16, 20, 27\/7 &#8211; 1, 10, 17, 24, 28\/8 &#8211; 4\/9<\/p>\n\n\n\n<p>&nbsp;&nbsp;&nbsp;&nbsp;&nbsp;&nbsp;&nbsp;&nbsp;&nbsp;&nbsp;&nbsp;&nbsp;&nbsp;&nbsp;&nbsp;&nbsp;&nbsp;&nbsp;&nbsp;&nbsp;&nbsp;&nbsp;&nbsp;&nbsp;&nbsp;&nbsp;&nbsp;&nbsp;&nbsp;&nbsp;&nbsp;&nbsp;&nbsp;&nbsp;&nbsp;&nbsp;&nbsp;&nbsp;&nbsp;&nbsp;&nbsp;&nbsp;&nbsp;&nbsp;&nbsp;&nbsp;&nbsp;&nbsp;&nbsp;&nbsp;&nbsp;&nbsp;&nbsp;&nbsp;&nbsp;&nbsp;&nbsp;&nbsp;&nbsp;&nbsp;&nbsp;&nbsp;&nbsp;&nbsp;&nbsp;&nbsp;&nbsp;&nbsp;&nbsp;&nbsp;&nbsp;&nbsp;&nbsp;&nbsp;&nbsp;&nbsp;&nbsp;&nbsp;&nbsp;&nbsp;&nbsp;&nbsp; <strong>Francesco Ommassini<\/strong> 6\/7<\/p>\n\n\n\n<p>Il Re &nbsp;&nbsp;&nbsp;&nbsp;&nbsp;&nbsp;&nbsp;&nbsp;&nbsp;&nbsp;&nbsp;&nbsp;&nbsp;&nbsp;&nbsp;&nbsp;&nbsp;&nbsp;&nbsp;&nbsp;&nbsp;&nbsp;&nbsp;&nbsp;&nbsp;&nbsp;&nbsp;&nbsp;&nbsp;&nbsp;&nbsp;&nbsp;&nbsp;&nbsp;&nbsp;&nbsp;&nbsp;&nbsp;&nbsp;&nbsp;&nbsp;&nbsp;&nbsp;&nbsp;&nbsp;&nbsp;&nbsp;&nbsp;&nbsp;&nbsp;&nbsp;&nbsp;&nbsp;&nbsp;&nbsp;&nbsp;&nbsp;&nbsp;&nbsp;&nbsp;&nbsp;&nbsp;&nbsp;&nbsp;&nbsp;&nbsp;&nbsp;&nbsp;&nbsp;&nbsp;&nbsp;&nbsp;&nbsp;&nbsp; <a>Simon Lim<\/a> 20, 29\/6<\/p>\n\n\n\n<p>&nbsp;&nbsp;&nbsp;&nbsp;&nbsp;&nbsp;&nbsp;&nbsp;&nbsp;&nbsp;&nbsp;&nbsp;&nbsp;&nbsp;&nbsp;&nbsp;&nbsp;&nbsp;&nbsp;&nbsp;&nbsp;&nbsp;&nbsp;&nbsp;&nbsp;&nbsp;&nbsp;&nbsp;&nbsp;&nbsp;&nbsp;&nbsp;&nbsp;&nbsp;&nbsp;&nbsp;&nbsp;&nbsp;&nbsp;&nbsp;&nbsp;&nbsp;&nbsp;&nbsp;&nbsp;&nbsp;&nbsp;&nbsp;&nbsp;&nbsp;&nbsp;&nbsp;&nbsp;&nbsp;&nbsp;&nbsp;&nbsp;&nbsp;&nbsp;&nbsp;&nbsp;&nbsp;&nbsp;&nbsp;&nbsp;&nbsp;&nbsp;&nbsp;&nbsp;&nbsp;&nbsp;&nbsp;&nbsp;&nbsp;&nbsp;&nbsp;&nbsp;&nbsp;&nbsp;&nbsp;&nbsp;&nbsp; Ramaz Chikviladze 6, 13, 16, 20, 27\/7 &#8211; 1, 10, 17, 24, 28\/8<\/p>\n\n\n\n<p>&nbsp;&nbsp;&nbsp;&nbsp;&nbsp;&nbsp;&nbsp;&nbsp;&nbsp;&nbsp;&nbsp;&nbsp;&nbsp;&nbsp;&nbsp;&nbsp;&nbsp;&nbsp;&nbsp;&nbsp;&nbsp;&nbsp;&nbsp;&nbsp;&nbsp;&nbsp;&nbsp;&nbsp;&nbsp;&nbsp;&nbsp;&nbsp;&nbsp;&nbsp;&nbsp;&nbsp;&nbsp;&nbsp;&nbsp;&nbsp;&nbsp;&nbsp;&nbsp;&nbsp;&nbsp;&nbsp;&nbsp;&nbsp;&nbsp;&nbsp;&nbsp;&nbsp;&nbsp;&nbsp;&nbsp;&nbsp;&nbsp;&nbsp;&nbsp;&nbsp;&nbsp;&nbsp;&nbsp;&nbsp;&nbsp;&nbsp;&nbsp;&nbsp;&nbsp;&nbsp;&nbsp;&nbsp;&nbsp;&nbsp;&nbsp;&nbsp;&nbsp;&nbsp;&nbsp;&nbsp;&nbsp;&nbsp;&nbsp;&nbsp;&nbsp;&nbsp;&nbsp;&nbsp;&nbsp;&nbsp;&nbsp;&nbsp;&nbsp;&nbsp;&nbsp;&nbsp;&nbsp;&nbsp;&nbsp;&nbsp;&nbsp;&nbsp;&nbsp;&nbsp;&nbsp;&nbsp;&nbsp;&nbsp;&nbsp;&nbsp;&nbsp;&nbsp;&nbsp;&nbsp;&nbsp;&nbsp;&nbsp;&nbsp;&nbsp;&nbsp;&nbsp;&nbsp;&nbsp;&nbsp;&nbsp;&nbsp;&nbsp;&nbsp;&nbsp;&nbsp;&nbsp;&nbsp;&nbsp;&nbsp;&nbsp;&nbsp;&nbsp;&nbsp;&nbsp;&nbsp;&nbsp;&nbsp;&nbsp;&nbsp;&nbsp;&nbsp;&nbsp;&nbsp;&nbsp;&nbsp;&nbsp;&nbsp;&nbsp;&nbsp;&nbsp;&nbsp;&nbsp;&nbsp;&nbsp;&nbsp;&nbsp;&nbsp;&nbsp;&nbsp;&nbsp; Giorgi Manoshvili 4\/9<\/p>\n\n\n\n<p>Amneris sua figlia&nbsp;&nbsp;&nbsp;&nbsp;&nbsp;&nbsp;&nbsp;&nbsp;&nbsp;&nbsp;&nbsp;&nbsp;&nbsp;&nbsp;&nbsp;&nbsp;&nbsp;&nbsp;&nbsp;&nbsp;&nbsp;&nbsp;&nbsp;&nbsp;&nbsp;&nbsp;&nbsp;&nbsp;&nbsp;&nbsp;&nbsp;&nbsp;&nbsp;&nbsp;&nbsp;&nbsp;&nbsp;&nbsp;&nbsp;&nbsp;&nbsp;&nbsp;&nbsp;&nbsp;&nbsp;&nbsp;&nbsp;&nbsp;&nbsp;&nbsp;&nbsp;&nbsp;&nbsp;&nbsp;&nbsp;&nbsp;&nbsp;&nbsp;&nbsp;&nbsp;&nbsp;&nbsp;&nbsp;&nbsp;&nbsp;&nbsp;&nbsp;&nbsp;&nbsp;&nbsp;&nbsp;&nbsp;&nbsp;&nbsp;&nbsp;&nbsp;&nbsp; <a>Agnieszka Rehlis <\/a>20\/6 &#8211; 6, 13, 16, 20, 27\/7 &#8211; 1, 10, 17, 24\/8<\/p>\n\n\n\n<p>&nbsp;&nbsp;&nbsp;&nbsp;&nbsp;&nbsp;&nbsp;&nbsp;&nbsp;&nbsp;&nbsp;&nbsp;&nbsp;&nbsp;&nbsp;&nbsp;&nbsp;&nbsp;&nbsp;&nbsp;&nbsp;&nbsp;&nbsp;&nbsp;&nbsp;&nbsp;&nbsp;&nbsp;&nbsp;&nbsp;&nbsp;&nbsp;&nbsp;&nbsp;&nbsp;&nbsp;&nbsp;&nbsp;&nbsp;&nbsp;&nbsp;&nbsp;&nbsp;&nbsp;&nbsp;&nbsp;&nbsp;&nbsp;&nbsp;&nbsp;&nbsp;&nbsp;&nbsp;&nbsp;&nbsp;&nbsp;&nbsp;&nbsp;&nbsp;&nbsp;&nbsp;&nbsp;&nbsp;&nbsp;&nbsp;&nbsp;&nbsp;&nbsp;&nbsp;&nbsp;&nbsp;&nbsp;&nbsp;&nbsp;&nbsp;&nbsp;&nbsp;&nbsp;&nbsp;&nbsp;&nbsp;&nbsp; Anna Maria Chiuri 29\/6<\/p>\n\n\n\n<p>Aida schiava etiope&nbsp; &nbsp;&nbsp;&nbsp;&nbsp;&nbsp;&nbsp;&nbsp;&nbsp;&nbsp;&nbsp;&nbsp;&nbsp;&nbsp;&nbsp;&nbsp;&nbsp;&nbsp;&nbsp;&nbsp;&nbsp;&nbsp;&nbsp;&nbsp;&nbsp;&nbsp;&nbsp;&nbsp;&nbsp;&nbsp;&nbsp;&nbsp;&nbsp;&nbsp;&nbsp;&nbsp;&nbsp;&nbsp;&nbsp;&nbsp;&nbsp;&nbsp;&nbsp;&nbsp; &nbsp;&nbsp;&nbsp;&nbsp;&nbsp;&nbsp;&nbsp;&nbsp;&nbsp;&nbsp;&nbsp;&nbsp;&nbsp;&nbsp; Maria Jos\u00e9 Siri 20, 29\/6 &#8211; 6\/7 &#8211; 1\/8 &#8211; 4\/9<\/p>\n\n\n\n<p>&nbsp;&nbsp;&nbsp;&nbsp;&nbsp;&nbsp;&nbsp;&nbsp;&nbsp;&nbsp;&nbsp;&nbsp;&nbsp;&nbsp;&nbsp;&nbsp;&nbsp;&nbsp;&nbsp;&nbsp;&nbsp;&nbsp;&nbsp;&nbsp;&nbsp;&nbsp;&nbsp;&nbsp;&nbsp;&nbsp;&nbsp;&nbsp;&nbsp;&nbsp;&nbsp;&nbsp;&nbsp;&nbsp;&nbsp;&nbsp;&nbsp;&nbsp;&nbsp;&nbsp;&nbsp;&nbsp;&nbsp;&nbsp;&nbsp;&nbsp;&nbsp;&nbsp;&nbsp;&nbsp;&nbsp;&nbsp;&nbsp;&nbsp;&nbsp;&nbsp;&nbsp;&nbsp;&nbsp;&nbsp;&nbsp;&nbsp;&nbsp;&nbsp;&nbsp;&nbsp;&nbsp;&nbsp;&nbsp;&nbsp;&nbsp;&nbsp;&nbsp;&nbsp;&nbsp;&nbsp;&nbsp;&nbsp; Olga Maslova 13, 16, 20\/7<\/p>\n\n\n\n<p>&nbsp;&nbsp;&nbsp;&nbsp;&nbsp;&nbsp;&nbsp;&nbsp;&nbsp;&nbsp;&nbsp;&nbsp;&nbsp;&nbsp;&nbsp;&nbsp;&nbsp;&nbsp;&nbsp;&nbsp;&nbsp;&nbsp;&nbsp;&nbsp;&nbsp;&nbsp;&nbsp;&nbsp;&nbsp;&nbsp;&nbsp;&nbsp;&nbsp;&nbsp;&nbsp;&nbsp;&nbsp;&nbsp;&nbsp;&nbsp;&nbsp;&nbsp;&nbsp;&nbsp;&nbsp;&nbsp;&nbsp;&nbsp;&nbsp;&nbsp;&nbsp;&nbsp;&nbsp;&nbsp;&nbsp;&nbsp;&nbsp;&nbsp;&nbsp;&nbsp;&nbsp;&nbsp;&nbsp;&nbsp;&nbsp;&nbsp;&nbsp;&nbsp;&nbsp;&nbsp;&nbsp;&nbsp;&nbsp;&nbsp;&nbsp;&nbsp;&nbsp;&nbsp;&nbsp;&nbsp;&nbsp;&nbsp;&nbsp;&nbsp;&nbsp;&nbsp;&nbsp;&nbsp;&nbsp;&nbsp;&nbsp;&nbsp;&nbsp;&nbsp;&nbsp;&nbsp;&nbsp;&nbsp;&nbsp;&nbsp;&nbsp;&nbsp;&nbsp;&nbsp;&nbsp;&nbsp;&nbsp;&nbsp;&nbsp; <a>Aleksandra Kurzak <\/a>27\/7<\/p>\n\n\n\n<p>&nbsp;&nbsp;&nbsp;&nbsp;&nbsp;&nbsp;&nbsp;&nbsp;&nbsp;&nbsp;&nbsp;&nbsp;&nbsp;&nbsp;&nbsp;&nbsp;&nbsp;&nbsp;&nbsp;&nbsp;&nbsp;&nbsp;&nbsp;&nbsp;&nbsp;&nbsp;&nbsp;&nbsp;&nbsp;&nbsp;&nbsp;&nbsp;&nbsp;&nbsp;&nbsp;&nbsp;&nbsp;&nbsp;&nbsp;&nbsp;&nbsp;&nbsp;&nbsp;&nbsp;&nbsp;&nbsp;&nbsp;&nbsp;&nbsp;&nbsp;&nbsp;&nbsp;&nbsp;&nbsp;&nbsp;&nbsp;&nbsp;&nbsp;&nbsp;&nbsp;&nbsp;&nbsp;&nbsp;&nbsp;&nbsp;&nbsp;&nbsp;&nbsp;&nbsp;&nbsp;&nbsp;&nbsp;&nbsp;&nbsp;&nbsp;&nbsp;&nbsp;&nbsp;&nbsp;&nbsp;&nbsp;&nbsp; Anna Netrebko 10, 17\/8<\/p>\n\n\n\n<p>&nbsp;&nbsp;&nbsp;&nbsp;&nbsp;&nbsp;&nbsp;&nbsp;&nbsp;&nbsp;&nbsp;&nbsp;&nbsp;&nbsp;&nbsp;&nbsp;&nbsp;&nbsp;&nbsp;&nbsp;&nbsp;&nbsp;&nbsp;&nbsp;&nbsp;&nbsp;&nbsp;&nbsp;&nbsp;&nbsp;&nbsp;&nbsp;&nbsp;&nbsp;&nbsp;&nbsp;&nbsp;&nbsp;&nbsp;&nbsp;&nbsp;&nbsp;&nbsp;&nbsp;&nbsp;&nbsp;&nbsp;&nbsp;&nbsp;&nbsp;&nbsp;&nbsp;&nbsp;&nbsp;&nbsp;&nbsp;&nbsp;&nbsp;&nbsp;&nbsp;&nbsp;&nbsp;&nbsp;&nbsp;&nbsp;&nbsp;&nbsp;&nbsp;&nbsp;&nbsp;&nbsp;&nbsp;&nbsp;&nbsp;&nbsp;&nbsp;&nbsp;&nbsp;&nbsp;&nbsp;&nbsp;&nbsp; <a>Marina Rebeka<\/a> 24, 28\/8<\/p>\n\n\n\n<p><a>Radames<\/a> capitano delle Guardie&nbsp;&nbsp;&nbsp;&nbsp;&nbsp;&nbsp;&nbsp;&nbsp;&nbsp;&nbsp;&nbsp;&nbsp;&nbsp;&nbsp;&nbsp;&nbsp;&nbsp;&nbsp;&nbsp;&nbsp;&nbsp;&nbsp;&nbsp;&nbsp;&nbsp;&nbsp;&nbsp;&nbsp;&nbsp;&nbsp;&nbsp;&nbsp;&nbsp;&nbsp;&nbsp;&nbsp;&nbsp;&nbsp;&nbsp;&nbsp;&nbsp;&nbsp;&nbsp; <a><\/a>Gregory Kunde 20\/6, 6\/7<\/p>\n\n\n\n<p>&nbsp;&nbsp;&nbsp;&nbsp;&nbsp;&nbsp;&nbsp;&nbsp;&nbsp;&nbsp;&nbsp;&nbsp;&nbsp;&nbsp;&nbsp;&nbsp;&nbsp;&nbsp;&nbsp;&nbsp;&nbsp;&nbsp;&nbsp;&nbsp;&nbsp;&nbsp;&nbsp;&nbsp;&nbsp;&nbsp;&nbsp;&nbsp;&nbsp;&nbsp;&nbsp;&nbsp;&nbsp;&nbsp;&nbsp;&nbsp;&nbsp;&nbsp;&nbsp;&nbsp;&nbsp;&nbsp;&nbsp;&nbsp;&nbsp;&nbsp;&nbsp;&nbsp;&nbsp;&nbsp;&nbsp;&nbsp;&nbsp;&nbsp;&nbsp;&nbsp;&nbsp;&nbsp;&nbsp;&nbsp;&nbsp;&nbsp;&nbsp;&nbsp;&nbsp;&nbsp;&nbsp;&nbsp;&nbsp;&nbsp;&nbsp;&nbsp;&nbsp;&nbsp;&nbsp;&nbsp;&nbsp;&nbsp;&nbsp;&nbsp;&nbsp;&nbsp;&nbsp;&nbsp;&nbsp;&nbsp;&nbsp; Luciano Ganci 29\/6<\/p>\n\n\n\n<p>&nbsp;&nbsp;&nbsp;&nbsp;&nbsp;&nbsp;&nbsp;&nbsp;&nbsp;&nbsp;&nbsp;&nbsp;&nbsp;&nbsp;&nbsp;&nbsp;&nbsp;&nbsp;&nbsp;&nbsp;&nbsp;&nbsp;&nbsp;&nbsp;&nbsp;&nbsp;&nbsp;&nbsp;&nbsp;&nbsp;&nbsp;&nbsp;&nbsp;&nbsp;&nbsp;&nbsp;&nbsp;&nbsp;&nbsp;&nbsp;&nbsp;&nbsp;&nbsp;&nbsp;&nbsp;&nbsp;&nbsp;&nbsp;&nbsp;&nbsp;&nbsp;&nbsp;&nbsp;&nbsp;&nbsp;&nbsp;&nbsp;&nbsp;&nbsp;&nbsp;&nbsp;&nbsp;&nbsp;&nbsp;&nbsp;&nbsp;&nbsp;&nbsp;&nbsp;&nbsp;&nbsp;&nbsp;&nbsp;&nbsp;&nbsp;&nbsp;&nbsp;&nbsp;&nbsp;&nbsp;&nbsp;&nbsp; Yusif Eyvazov 20\/7 &#8211; 1, 10, 17, 24, 28\/8 &#8211; 4\/9<\/p>\n\n\n\n<p>&nbsp;&nbsp;&nbsp;&nbsp;&nbsp;&nbsp;&nbsp;&nbsp;&nbsp;&nbsp;&nbsp;&nbsp;&nbsp;&nbsp;&nbsp;&nbsp;&nbsp;&nbsp;&nbsp;&nbsp;&nbsp;&nbsp;&nbsp;&nbsp;&nbsp;&nbsp;&nbsp;&nbsp;&nbsp;&nbsp;&nbsp;&nbsp;&nbsp;&nbsp;&nbsp;&nbsp;&nbsp;&nbsp;&nbsp;&nbsp;&nbsp;&nbsp;&nbsp;&nbsp;&nbsp;&nbsp;&nbsp;&nbsp;&nbsp;&nbsp;&nbsp;&nbsp;&nbsp;&nbsp;&nbsp;&nbsp;&nbsp;&nbsp;&nbsp;&nbsp;&nbsp;&nbsp;&nbsp;&nbsp;&nbsp;&nbsp;&nbsp;&nbsp;&nbsp;&nbsp;&nbsp;&nbsp;&nbsp;&nbsp;&nbsp;&nbsp;&nbsp;&nbsp;&nbsp;&nbsp;&nbsp;&nbsp; Roberto Alagna 27\/7<\/p>\n\n\n\n<p>Ramfis capo dei Sacerdoti &nbsp;&nbsp;&nbsp;&nbsp;&nbsp;&nbsp;&nbsp;&nbsp;&nbsp;&nbsp;&nbsp;&nbsp;&nbsp;&nbsp;&nbsp;&nbsp;&nbsp;&nbsp;&nbsp;&nbsp;&nbsp;&nbsp;&nbsp;&nbsp;&nbsp;&nbsp;&nbsp;&nbsp;&nbsp;&nbsp;&nbsp;&nbsp;&nbsp;&nbsp;&nbsp;&nbsp;&nbsp;&nbsp;&nbsp;&nbsp;&nbsp;&nbsp;&nbsp;&nbsp;&nbsp;&nbsp;&nbsp;&nbsp;&nbsp;&nbsp;&nbsp;&nbsp;&nbsp;&nbsp;&nbsp;&nbsp;&nbsp;&nbsp;&nbsp;&nbsp;&nbsp;&nbsp;&nbsp;&nbsp;&nbsp;&nbsp;&nbsp;&nbsp;&nbsp;&nbsp;&nbsp;&nbsp;&nbsp;&nbsp;&nbsp;&nbsp;&nbsp;&nbsp;&nbsp;&nbsp;&nbsp;&nbsp;&nbsp;&nbsp;&nbsp;&nbsp;&nbsp;&nbsp;&nbsp;&nbsp;&nbsp;&nbsp;&nbsp;&nbsp;&nbsp;&nbsp;&nbsp;&nbsp;&nbsp;&nbsp;&nbsp;&nbsp; Alexander Vinogradov 20, 29\/6 &#8211; 6, 13, 16, 20\/7<\/p>\n\n\n\n<p>&nbsp;&nbsp;&nbsp;&nbsp;&nbsp;&nbsp;&nbsp;&nbsp;&nbsp;&nbsp;&nbsp;&nbsp;&nbsp;&nbsp;&nbsp;&nbsp;&nbsp;&nbsp;&nbsp;&nbsp;&nbsp;&nbsp;&nbsp;&nbsp;&nbsp;&nbsp;&nbsp;&nbsp;&nbsp;&nbsp;&nbsp;&nbsp;&nbsp;&nbsp;&nbsp;&nbsp;&nbsp;&nbsp;&nbsp;&nbsp;&nbsp;&nbsp;&nbsp;&nbsp;&nbsp;&nbsp;&nbsp;&nbsp;&nbsp;&nbsp;&nbsp;&nbsp;&nbsp;&nbsp;&nbsp;&nbsp;&nbsp;&nbsp;&nbsp;&nbsp;&nbsp;&nbsp;&nbsp;&nbsp;&nbsp;&nbsp;&nbsp;&nbsp;&nbsp;&nbsp;&nbsp;&nbsp;&nbsp;&nbsp;&nbsp;&nbsp;&nbsp;&nbsp;&nbsp;&nbsp;&nbsp;&nbsp; Simon Lim 27\/7 &#8211; 1, 10, 24, 28\/8 &#8211; 1\/8 &#8211; 4\/9<\/p>\n\n\n\n<p>&nbsp;&nbsp;&nbsp;&nbsp;&nbsp;&nbsp;&nbsp;&nbsp;&nbsp;&nbsp;&nbsp;&nbsp;&nbsp;&nbsp;&nbsp;&nbsp;&nbsp;&nbsp;&nbsp;&nbsp;&nbsp;&nbsp;&nbsp;&nbsp;&nbsp;&nbsp;&nbsp;&nbsp;&nbsp;&nbsp;&nbsp;&nbsp;&nbsp;&nbsp;&nbsp;&nbsp;&nbsp;&nbsp;&nbsp;&nbsp;&nbsp;&nbsp;&nbsp;&nbsp;&nbsp;&nbsp;&nbsp;&nbsp;&nbsp;&nbsp;&nbsp;&nbsp;&nbsp;&nbsp;&nbsp;&nbsp;&nbsp;&nbsp;&nbsp;&nbsp;&nbsp;&nbsp;&nbsp;&nbsp;&nbsp;&nbsp;&nbsp;&nbsp;&nbsp;&nbsp;&nbsp;&nbsp;&nbsp;&nbsp;&nbsp;&nbsp;&nbsp;&nbsp;&nbsp;&nbsp;&nbsp;&nbsp; Abramo Rosalen 17\/8<\/p>\n\n\n\n<p>Amonasro re d\u2019Etiopia, padre di Aida&nbsp;&nbsp;&nbsp;&nbsp;&nbsp;&nbsp;&nbsp;&nbsp;&nbsp;&nbsp;&nbsp;&nbsp;&nbsp;&nbsp;&nbsp;&nbsp;&nbsp;&nbsp;&nbsp;&nbsp;&nbsp;&nbsp;&nbsp;&nbsp;&nbsp;&nbsp;&nbsp;&nbsp;&nbsp;&nbsp;&nbsp;&nbsp;&nbsp;&nbsp;&nbsp;&nbsp;&nbsp; Amartuvshin Enkhbat 20\/6 &#8211; 6, 13, 16, 20\/7 &nbsp;&nbsp;&nbsp;&nbsp;&nbsp;&nbsp;&nbsp;&nbsp;&nbsp;&nbsp;&nbsp;&nbsp;&nbsp;&nbsp;<\/p>\n\n\n\n<p>&nbsp;&nbsp;&nbsp;&nbsp;&nbsp;&nbsp;&nbsp;&nbsp;&nbsp;&nbsp;&nbsp;&nbsp;&nbsp;&nbsp;&nbsp;&nbsp;&nbsp;&nbsp;&nbsp;&nbsp;&nbsp;&nbsp;&nbsp;&nbsp;&nbsp;&nbsp;&nbsp;&nbsp;&nbsp;&nbsp;&nbsp;&nbsp;&nbsp;&nbsp;&nbsp;&nbsp;&nbsp;&nbsp;&nbsp;&nbsp;&nbsp;&nbsp;&nbsp;&nbsp;&nbsp;&nbsp;&nbsp;&nbsp;&nbsp;&nbsp;&nbsp;&nbsp;&nbsp;&nbsp;&nbsp;&nbsp;&nbsp;&nbsp;&nbsp;&nbsp;&nbsp;&nbsp;&nbsp;&nbsp;&nbsp;&nbsp;&nbsp;&nbsp;&nbsp;&nbsp;&nbsp;&nbsp;&nbsp;&nbsp;&nbsp;&nbsp;&nbsp;&nbsp;&nbsp;&nbsp;&nbsp;&nbsp; Youngjun Park 29\/6 &#8211; 27\/7 &#8211; 10, 17, 24, 28\/8 &#8211; 4\/9<\/p>\n\n\n\n<p>&nbsp;&nbsp;&nbsp;&nbsp;&nbsp;&nbsp;&nbsp;&nbsp;&nbsp;&nbsp;&nbsp;&nbsp;&nbsp;&nbsp;&nbsp;&nbsp;&nbsp;&nbsp;&nbsp;&nbsp;&nbsp;&nbsp;&nbsp;&nbsp;&nbsp;&nbsp;&nbsp;&nbsp;&nbsp;&nbsp;&nbsp;&nbsp;&nbsp;&nbsp;&nbsp;&nbsp;&nbsp;&nbsp;&nbsp;&nbsp;&nbsp;&nbsp;&nbsp;&nbsp;&nbsp;&nbsp;&nbsp;&nbsp;&nbsp;&nbsp;&nbsp;&nbsp;&nbsp;&nbsp;&nbsp;&nbsp;&nbsp;&nbsp;&nbsp;&nbsp;&nbsp;&nbsp;&nbsp;&nbsp;&nbsp;&nbsp;&nbsp;&nbsp;&nbsp;&nbsp;&nbsp;&nbsp;&nbsp;&nbsp;&nbsp;&nbsp;&nbsp;&nbsp;&nbsp;&nbsp;&nbsp;&nbsp; Ludovic T\u00e9zier 1\/8<\/p>\n\n\n\n<p>Un messaggero&nbsp;&nbsp;&nbsp;&nbsp;&nbsp;&nbsp;&nbsp;&nbsp;&nbsp;&nbsp;&nbsp;&nbsp;&nbsp;&nbsp;&nbsp;&nbsp;&nbsp;&nbsp;&nbsp;&nbsp;&nbsp;&nbsp;&nbsp;&nbsp;&nbsp;&nbsp;&nbsp;&nbsp;&nbsp;&nbsp;&nbsp;&nbsp;&nbsp;&nbsp;&nbsp;&nbsp;&nbsp;&nbsp;&nbsp;&nbsp;&nbsp;&nbsp;&nbsp;&nbsp;&nbsp;&nbsp;&nbsp;&nbsp;&nbsp;&nbsp;&nbsp;&nbsp;&nbsp;&nbsp;&nbsp; Carlo Bosi 20, 29\/6 &#8211; 6, 13, 16, 20\/7<\/p>\n\n\n\n<p>&nbsp;&nbsp;&nbsp;&nbsp;&nbsp;&nbsp;&nbsp;&nbsp;&nbsp;&nbsp;&nbsp;&nbsp;&nbsp;&nbsp;&nbsp;&nbsp;&nbsp;&nbsp;&nbsp;&nbsp;&nbsp;&nbsp;&nbsp;&nbsp;&nbsp;&nbsp;&nbsp;&nbsp;&nbsp;&nbsp;&nbsp;&nbsp;&nbsp;&nbsp;&nbsp;&nbsp;&nbsp;&nbsp;&nbsp;&nbsp;&nbsp;&nbsp;&nbsp;&nbsp;&nbsp;&nbsp;&nbsp;&nbsp;&nbsp;&nbsp;&nbsp;&nbsp;&nbsp;&nbsp;&nbsp;&nbsp;&nbsp;&nbsp;&nbsp;&nbsp;&nbsp;&nbsp;&nbsp;&nbsp;&nbsp;&nbsp;&nbsp;&nbsp;&nbsp;&nbsp;&nbsp;&nbsp;&nbsp;&nbsp;&nbsp;&nbsp;&nbsp;&nbsp;&nbsp;&nbsp;&nbsp;&nbsp; <a>Riccardo Rados <\/a>27\/7 &#8211; 1, 10, 17, 24, 28\/8 &#8211; 4\/9&nbsp;<\/p>\n\n\n\n<p>Gran sacerdotessa&nbsp;&nbsp;&nbsp;&nbsp;&nbsp;&nbsp;&nbsp;&nbsp;&nbsp;&nbsp;&nbsp;&nbsp;&nbsp;&nbsp;&nbsp;&nbsp;&nbsp;&nbsp;&nbsp;&nbsp;&nbsp;&nbsp;&nbsp;&nbsp;&nbsp;&nbsp;&nbsp;&nbsp;&nbsp;&nbsp;&nbsp;&nbsp;&nbsp;&nbsp;&nbsp;&nbsp;&nbsp;&nbsp;&nbsp;&nbsp;&nbsp;&nbsp;&nbsp;&nbsp;&nbsp;&nbsp;&nbsp;&nbsp;&nbsp;&nbsp; Francesca Maionchi<\/p>\n\n\n\n<p>Orchestra, Coro, Ballo e Tecnici di Fondazione Arena di Verona<\/p>\n\n\n\n<p>Maestro del Coro <strong>Roberto Gabbiani<\/strong><\/p>\n\n\n\n<p>Coordinatore del Ballo <strong>Gaetano Bouy Petrosino<\/strong><\/p>\n\n\n\n<p>Direttore Allestimenti scenici<strong> Michele Olcese<\/strong><\/p>\n\n\n\n<p>foto<\/p>\n\n\n\n<figure class=\"wp-block-gallery has-nested-images columns-default is-cropped wp-block-gallery-1 is-layout-flex wp-block-gallery-is-layout-flex\">\n<figure class=\"wp-block-image size-large\"><a href=\"https:\/\/www.ecoitaliano.com.ar\/wp-content\/uploads\/2025\/06\/Aida_\u00a9EnneviFoto-scaled.jpg\"><img decoding=\"async\" width=\"1024\" height=\"683\" data-id=\"75222\" src=\"https:\/\/www.ecoitaliano.com.ar\/wp-content\/uploads\/2025\/06\/Aida_\u00a9EnneviFoto-1024x683.jpg\" alt=\"\" class=\"wp-image-75222\" srcset=\"https:\/\/www.ecoitaliano.com.ar\/wp-content\/uploads\/2025\/06\/Aida_\u00a9EnneviFoto-1024x683.jpg 1024w, https:\/\/www.ecoitaliano.com.ar\/wp-content\/uploads\/2025\/06\/Aida_\u00a9EnneviFoto-300x200.jpg 300w, https:\/\/www.ecoitaliano.com.ar\/wp-content\/uploads\/2025\/06\/Aida_\u00a9EnneviFoto-768x512.jpg 768w, https:\/\/www.ecoitaliano.com.ar\/wp-content\/uploads\/2025\/06\/Aida_\u00a9EnneviFoto-1536x1024.jpg 1536w, https:\/\/www.ecoitaliano.com.ar\/wp-content\/uploads\/2025\/06\/Aida_\u00a9EnneviFoto-2048x1365.jpg 2048w, https:\/\/www.ecoitaliano.com.ar\/wp-content\/uploads\/2025\/06\/Aida_\u00a9EnneviFoto-150x100.jpg 150w\" sizes=\"(max-width: 1024px) 100vw, 1024px\" \/><\/a><\/figure>\n\n\n\n<figure class=\"wp-block-image size-large\"><a href=\"https:\/\/www.ecoitaliano.com.ar\/wp-content\/uploads\/2025\/06\/Aida_1\u00a9HEADSCollective-scaled.jpg\"><img decoding=\"async\" width=\"1024\" height=\"683\" data-id=\"75223\" src=\"https:\/\/www.ecoitaliano.com.ar\/wp-content\/uploads\/2025\/06\/Aida_1\u00a9HEADSCollective-1024x683.jpg\" alt=\"\" class=\"wp-image-75223\" srcset=\"https:\/\/www.ecoitaliano.com.ar\/wp-content\/uploads\/2025\/06\/Aida_1\u00a9HEADSCollective-1024x683.jpg 1024w, https:\/\/www.ecoitaliano.com.ar\/wp-content\/uploads\/2025\/06\/Aida_1\u00a9HEADSCollective-300x200.jpg 300w, https:\/\/www.ecoitaliano.com.ar\/wp-content\/uploads\/2025\/06\/Aida_1\u00a9HEADSCollective-768x512.jpg 768w, https:\/\/www.ecoitaliano.com.ar\/wp-content\/uploads\/2025\/06\/Aida_1\u00a9HEADSCollective-1536x1024.jpg 1536w, https:\/\/www.ecoitaliano.com.ar\/wp-content\/uploads\/2025\/06\/Aida_1\u00a9HEADSCollective-2048x1365.jpg 2048w, https:\/\/www.ecoitaliano.com.ar\/wp-content\/uploads\/2025\/06\/Aida_1\u00a9HEADSCollective-150x100.jpg 150w\" sizes=\"(max-width: 1024px) 100vw, 1024px\" \/><\/a><\/figure>\n\n\n\n<figure class=\"wp-block-image size-large\"><a href=\"https:\/\/www.ecoitaliano.com.ar\/wp-content\/uploads\/2025\/06\/Aida_2\u00a9HEADSCollective-scaled.jpg\"><img decoding=\"async\" width=\"1024\" height=\"681\" data-id=\"75224\" src=\"https:\/\/www.ecoitaliano.com.ar\/wp-content\/uploads\/2025\/06\/Aida_2\u00a9HEADSCollective-1024x681.jpg\" alt=\"\" class=\"wp-image-75224\" srcset=\"https:\/\/www.ecoitaliano.com.ar\/wp-content\/uploads\/2025\/06\/Aida_2\u00a9HEADSCollective-1024x681.jpg 1024w, https:\/\/www.ecoitaliano.com.ar\/wp-content\/uploads\/2025\/06\/Aida_2\u00a9HEADSCollective-300x200.jpg 300w, https:\/\/www.ecoitaliano.com.ar\/wp-content\/uploads\/2025\/06\/Aida_2\u00a9HEADSCollective-768x511.jpg 768w, https:\/\/www.ecoitaliano.com.ar\/wp-content\/uploads\/2025\/06\/Aida_2\u00a9HEADSCollective-1536x1022.jpg 1536w, https:\/\/www.ecoitaliano.com.ar\/wp-content\/uploads\/2025\/06\/Aida_2\u00a9HEADSCollective-2048x1363.jpg 2048w, https:\/\/www.ecoitaliano.com.ar\/wp-content\/uploads\/2025\/06\/Aida_2\u00a9HEADSCollective-150x100.jpg 150w\" sizes=\"(max-width: 1024px) 100vw, 1024px\" \/><\/a><\/figure>\n\n\n\n<figure class=\"wp-block-image size-large\"><a href=\"https:\/\/www.ecoitaliano.com.ar\/wp-content\/uploads\/2025\/06\/Aida_3\u00a9HEADSCollective-scaled.jpg\"><img decoding=\"async\" width=\"681\" height=\"1024\" data-id=\"75225\" src=\"https:\/\/www.ecoitaliano.com.ar\/wp-content\/uploads\/2025\/06\/Aida_3\u00a9HEADSCollective-681x1024.jpg\" alt=\"\" class=\"wp-image-75225\" srcset=\"https:\/\/www.ecoitaliano.com.ar\/wp-content\/uploads\/2025\/06\/Aida_3\u00a9HEADSCollective-681x1024.jpg 681w, https:\/\/www.ecoitaliano.com.ar\/wp-content\/uploads\/2025\/06\/Aida_3\u00a9HEADSCollective-200x300.jpg 200w, https:\/\/www.ecoitaliano.com.ar\/wp-content\/uploads\/2025\/06\/Aida_3\u00a9HEADSCollective-768x1154.jpg 768w, https:\/\/www.ecoitaliano.com.ar\/wp-content\/uploads\/2025\/06\/Aida_3\u00a9HEADSCollective-1022x1536.jpg 1022w, https:\/\/www.ecoitaliano.com.ar\/wp-content\/uploads\/2025\/06\/Aida_3\u00a9HEADSCollective-1363x2048.jpg 1363w, https:\/\/www.ecoitaliano.com.ar\/wp-content\/uploads\/2025\/06\/Aida_3\u00a9HEADSCollective-100x150.jpg 100w, https:\/\/www.ecoitaliano.com.ar\/wp-content\/uploads\/2025\/06\/Aida_3\u00a9HEADSCollective-scaled.jpg 1703w\" sizes=\"(max-width: 681px) 100vw, 681px\" \/><\/a><\/figure>\n\n\n\n<figure class=\"wp-block-image size-large\"><a href=\"https:\/\/www.ecoitaliano.com.ar\/wp-content\/uploads\/2025\/06\/Manifesto_Arena_Verona_2025_AIDA-scaled.jpg\"><img decoding=\"async\" width=\"724\" height=\"1024\" data-id=\"75226\" src=\"https:\/\/www.ecoitaliano.com.ar\/wp-content\/uploads\/2025\/06\/Manifesto_Arena_Verona_2025_AIDA-724x1024.jpg\" alt=\"\" class=\"wp-image-75226\" srcset=\"https:\/\/www.ecoitaliano.com.ar\/wp-content\/uploads\/2025\/06\/Manifesto_Arena_Verona_2025_AIDA-724x1024.jpg 724w, https:\/\/www.ecoitaliano.com.ar\/wp-content\/uploads\/2025\/06\/Manifesto_Arena_Verona_2025_AIDA-212x300.jpg 212w, https:\/\/www.ecoitaliano.com.ar\/wp-content\/uploads\/2025\/06\/Manifesto_Arena_Verona_2025_AIDA-768x1086.jpg 768w, https:\/\/www.ecoitaliano.com.ar\/wp-content\/uploads\/2025\/06\/Manifesto_Arena_Verona_2025_AIDA-1086x1536.jpg 1086w, https:\/\/www.ecoitaliano.com.ar\/wp-content\/uploads\/2025\/06\/Manifesto_Arena_Verona_2025_AIDA-1448x2048.jpg 1448w, https:\/\/www.ecoitaliano.com.ar\/wp-content\/uploads\/2025\/06\/Manifesto_Arena_Verona_2025_AIDA-106x150.jpg 106w, https:\/\/www.ecoitaliano.com.ar\/wp-content\/uploads\/2025\/06\/Manifesto_Arena_Verona_2025_AIDA-scaled.jpg 1811w\" sizes=\"(max-width: 724px) 100vw, 724px\" \/><\/a><\/figure>\n\n\n\n<figure class=\"wp-block-image size-large\"><a href=\"https:\/\/www.ecoitaliano.com.ar\/wp-content\/uploads\/2025\/06\/Locandina-Cast_Aida_20giugno2025.jpg\"><img decoding=\"async\" width=\"724\" height=\"1024\" data-id=\"75227\" src=\"https:\/\/www.ecoitaliano.com.ar\/wp-content\/uploads\/2025\/06\/Locandina-Cast_Aida_20giugno2025-724x1024.jpg\" alt=\"\" class=\"wp-image-75227\" srcset=\"https:\/\/www.ecoitaliano.com.ar\/wp-content\/uploads\/2025\/06\/Locandina-Cast_Aida_20giugno2025-724x1024.jpg 724w, https:\/\/www.ecoitaliano.com.ar\/wp-content\/uploads\/2025\/06\/Locandina-Cast_Aida_20giugno2025-212x300.jpg 212w, https:\/\/www.ecoitaliano.com.ar\/wp-content\/uploads\/2025\/06\/Locandina-Cast_Aida_20giugno2025-768x1086.jpg 768w, https:\/\/www.ecoitaliano.com.ar\/wp-content\/uploads\/2025\/06\/Locandina-Cast_Aida_20giugno2025-1086x1536.jpg 1086w, https:\/\/www.ecoitaliano.com.ar\/wp-content\/uploads\/2025\/06\/Locandina-Cast_Aida_20giugno2025-1448x2048.jpg 1448w, https:\/\/www.ecoitaliano.com.ar\/wp-content\/uploads\/2025\/06\/Locandina-Cast_Aida_20giugno2025-106x150.jpg 106w, https:\/\/www.ecoitaliano.com.ar\/wp-content\/uploads\/2025\/06\/Locandina-Cast_Aida_20giugno2025.jpg 1654w\" sizes=\"(max-width: 724px) 100vw, 724px\" \/><\/a><\/figure>\n<\/figure>\n\n\n\n<figure class=\"wp-block-gallery has-nested-images columns-default is-cropped wp-block-gallery-2 is-layout-flex wp-block-gallery-is-layout-flex\">\n<figure class=\"wp-block-image size-large\"><a href=\"https:\/\/www.ecoitaliano.com.ar\/wp-content\/uploads\/2025\/06\/\u00a92011_BenedettaPitscheider_Rosalen_0460.jpg\"><img decoding=\"async\" width=\"683\" height=\"1024\" data-id=\"75228\" src=\"https:\/\/www.ecoitaliano.com.ar\/wp-content\/uploads\/2025\/06\/\u00a92011_BenedettaPitscheider_Rosalen_0460.jpg\" alt=\"\" class=\"wp-image-75228\" srcset=\"https:\/\/www.ecoitaliano.com.ar\/wp-content\/uploads\/2025\/06\/\u00a92011_BenedettaPitscheider_Rosalen_0460.jpg 683w, https:\/\/www.ecoitaliano.com.ar\/wp-content\/uploads\/2025\/06\/\u00a92011_BenedettaPitscheider_Rosalen_0460-200x300.jpg 200w, https:\/\/www.ecoitaliano.com.ar\/wp-content\/uploads\/2025\/06\/\u00a92011_BenedettaPitscheider_Rosalen_0460-100x150.jpg 100w\" sizes=\"(max-width: 683px) 100vw, 683px\" \/><\/a><\/figure>\n\n\n\n<figure class=\"wp-block-image size-large\"><a href=\"https:\/\/www.ecoitaliano.com.ar\/wp-content\/uploads\/2025\/06\/Agnieszka-Rehlis-\u00a9-KarpatiZarewicz-9-web.jpg\"><img decoding=\"async\" width=\"638\" height=\"957\" data-id=\"75229\" src=\"https:\/\/www.ecoitaliano.com.ar\/wp-content\/uploads\/2025\/06\/Agnieszka-Rehlis-\u00a9-KarpatiZarewicz-9-web.jpg\" alt=\"\" class=\"wp-image-75229\" srcset=\"https:\/\/www.ecoitaliano.com.ar\/wp-content\/uploads\/2025\/06\/Agnieszka-Rehlis-\u00a9-KarpatiZarewicz-9-web.jpg 638w, https:\/\/www.ecoitaliano.com.ar\/wp-content\/uploads\/2025\/06\/Agnieszka-Rehlis-\u00a9-KarpatiZarewicz-9-web-200x300.jpg 200w, https:\/\/www.ecoitaliano.com.ar\/wp-content\/uploads\/2025\/06\/Agnieszka-Rehlis-\u00a9-KarpatiZarewicz-9-web-100x150.jpg 100w\" sizes=\"(max-width: 638px) 100vw, 638px\" \/><\/a><\/figure>\n\n\n\n<figure class=\"wp-block-image size-large\"><a href=\"https:\/\/www.ecoitaliano.com.ar\/wp-content\/uploads\/2025\/06\/alagna_roberto-c-Simon-Fowler-scaled.jpg\"><img decoding=\"async\" width=\"995\" height=\"1024\" data-id=\"75230\" src=\"https:\/\/www.ecoitaliano.com.ar\/wp-content\/uploads\/2025\/06\/alagna_roberto-c-Simon-Fowler-995x1024.jpg\" alt=\"\" class=\"wp-image-75230\" srcset=\"https:\/\/www.ecoitaliano.com.ar\/wp-content\/uploads\/2025\/06\/alagna_roberto-c-Simon-Fowler-995x1024.jpg 995w, https:\/\/www.ecoitaliano.com.ar\/wp-content\/uploads\/2025\/06\/alagna_roberto-c-Simon-Fowler-291x300.jpg 291w, https:\/\/www.ecoitaliano.com.ar\/wp-content\/uploads\/2025\/06\/alagna_roberto-c-Simon-Fowler-768x791.jpg 768w, https:\/\/www.ecoitaliano.com.ar\/wp-content\/uploads\/2025\/06\/alagna_roberto-c-Simon-Fowler-1492x1536.jpg 1492w, https:\/\/www.ecoitaliano.com.ar\/wp-content\/uploads\/2025\/06\/alagna_roberto-c-Simon-Fowler-1990x2048.jpg 1990w, https:\/\/www.ecoitaliano.com.ar\/wp-content\/uploads\/2025\/06\/alagna_roberto-c-Simon-Fowler-146x150.jpg 146w\" sizes=\"(max-width: 995px) 100vw, 995px\" \/><\/a><\/figure>\n\n\n\n<figure class=\"wp-block-image size-large\"><a href=\"https:\/\/www.ecoitaliano.com.ar\/wp-content\/uploads\/2025\/06\/bosi_carlo.jpeg\"><img decoding=\"async\" width=\"1021\" height=\"981\" data-id=\"75231\" src=\"https:\/\/www.ecoitaliano.com.ar\/wp-content\/uploads\/2025\/06\/bosi_carlo.jpeg\" alt=\"\" class=\"wp-image-75231\" srcset=\"https:\/\/www.ecoitaliano.com.ar\/wp-content\/uploads\/2025\/06\/bosi_carlo.jpeg 1021w, https:\/\/www.ecoitaliano.com.ar\/wp-content\/uploads\/2025\/06\/bosi_carlo-300x288.jpeg 300w, https:\/\/www.ecoitaliano.com.ar\/wp-content\/uploads\/2025\/06\/bosi_carlo-768x738.jpeg 768w, https:\/\/www.ecoitaliano.com.ar\/wp-content\/uploads\/2025\/06\/bosi_carlo-150x144.jpeg 150w\" sizes=\"(max-width: 1021px) 100vw, 1021px\" \/><\/a><\/figure>\n\n\n\n<figure class=\"wp-block-image size-large\"><a href=\"https:\/\/www.ecoitaliano.com.ar\/wp-content\/uploads\/2025\/06\/chikviladze-ramaz.jpg\"><img decoding=\"async\" width=\"351\" height=\"511\" data-id=\"75232\" src=\"https:\/\/www.ecoitaliano.com.ar\/wp-content\/uploads\/2025\/06\/chikviladze-ramaz.jpg\" alt=\"\" class=\"wp-image-75232\" srcset=\"https:\/\/www.ecoitaliano.com.ar\/wp-content\/uploads\/2025\/06\/chikviladze-ramaz.jpg 351w, https:\/\/www.ecoitaliano.com.ar\/wp-content\/uploads\/2025\/06\/chikviladze-ramaz-206x300.jpg 206w, https:\/\/www.ecoitaliano.com.ar\/wp-content\/uploads\/2025\/06\/chikviladze-ramaz-103x150.jpg 103w\" sizes=\"(max-width: 351px) 100vw, 351px\" \/><\/a><\/figure>\n\n\n\n<figure class=\"wp-block-image size-large\"><a href=\"https:\/\/www.ecoitaliano.com.ar\/wp-content\/uploads\/2025\/06\/chiuri_anna_maria-1-scaled.jpg\"><img decoding=\"async\" width=\"731\" height=\"1024\" data-id=\"75233\" src=\"https:\/\/www.ecoitaliano.com.ar\/wp-content\/uploads\/2025\/06\/chiuri_anna_maria-1-731x1024.jpg\" alt=\"\" class=\"wp-image-75233\" srcset=\"https:\/\/www.ecoitaliano.com.ar\/wp-content\/uploads\/2025\/06\/chiuri_anna_maria-1-731x1024.jpg 731w, https:\/\/www.ecoitaliano.com.ar\/wp-content\/uploads\/2025\/06\/chiuri_anna_maria-1-214x300.jpg 214w, https:\/\/www.ecoitaliano.com.ar\/wp-content\/uploads\/2025\/06\/chiuri_anna_maria-1-768x1076.jpg 768w, https:\/\/www.ecoitaliano.com.ar\/wp-content\/uploads\/2025\/06\/chiuri_anna_maria-1-1096x1536.jpg 1096w, https:\/\/www.ecoitaliano.com.ar\/wp-content\/uploads\/2025\/06\/chiuri_anna_maria-1-1462x2048.jpg 1462w, https:\/\/www.ecoitaliano.com.ar\/wp-content\/uploads\/2025\/06\/chiuri_anna_maria-1-107x150.jpg 107w, https:\/\/www.ecoitaliano.com.ar\/wp-content\/uploads\/2025\/06\/chiuri_anna_maria-1-scaled.jpg 1827w\" sizes=\"(max-width: 731px) 100vw, 731px\" \/><\/a><\/figure>\n\n\n\n<figure class=\"wp-block-image size-large\"><a href=\"https:\/\/www.ecoitaliano.com.ar\/wp-content\/uploads\/2025\/06\/Daniel-Oren.jpg\"><img decoding=\"async\" width=\"788\" height=\"1024\" data-id=\"75234\" src=\"https:\/\/www.ecoitaliano.com.ar\/wp-content\/uploads\/2025\/06\/Daniel-Oren-788x1024.jpg\" alt=\"\" class=\"wp-image-75234\" srcset=\"https:\/\/www.ecoitaliano.com.ar\/wp-content\/uploads\/2025\/06\/Daniel-Oren-788x1024.jpg 788w, https:\/\/www.ecoitaliano.com.ar\/wp-content\/uploads\/2025\/06\/Daniel-Oren-231x300.jpg 231w, https:\/\/www.ecoitaliano.com.ar\/wp-content\/uploads\/2025\/06\/Daniel-Oren-768x998.jpg 768w, https:\/\/www.ecoitaliano.com.ar\/wp-content\/uploads\/2025\/06\/Daniel-Oren-115x150.jpg 115w, https:\/\/www.ecoitaliano.com.ar\/wp-content\/uploads\/2025\/06\/Daniel-Oren.jpg 1000w\" sizes=\"(max-width: 788px) 100vw, 788px\" \/><\/a><\/figure>\n\n\n\n<figure class=\"wp-block-image size-large\"><a href=\"https:\/\/www.ecoitaliano.com.ar\/wp-content\/uploads\/2025\/06\/enkhbat_amartuvshin-by-Laura-Scaccabarozzi3-scaled.jpeg\"><img decoding=\"async\" width=\"1024\" height=\"683\" data-id=\"75235\" src=\"https:\/\/www.ecoitaliano.com.ar\/wp-content\/uploads\/2025\/06\/enkhbat_amartuvshin-by-Laura-Scaccabarozzi3-1024x683.jpeg\" alt=\"\" class=\"wp-image-75235\" srcset=\"https:\/\/www.ecoitaliano.com.ar\/wp-content\/uploads\/2025\/06\/enkhbat_amartuvshin-by-Laura-Scaccabarozzi3-1024x683.jpeg 1024w, https:\/\/www.ecoitaliano.com.ar\/wp-content\/uploads\/2025\/06\/enkhbat_amartuvshin-by-Laura-Scaccabarozzi3-300x200.jpeg 300w, https:\/\/www.ecoitaliano.com.ar\/wp-content\/uploads\/2025\/06\/enkhbat_amartuvshin-by-Laura-Scaccabarozzi3-768x512.jpeg 768w, https:\/\/www.ecoitaliano.com.ar\/wp-content\/uploads\/2025\/06\/enkhbat_amartuvshin-by-Laura-Scaccabarozzi3-1536x1024.jpeg 1536w, https:\/\/www.ecoitaliano.com.ar\/wp-content\/uploads\/2025\/06\/enkhbat_amartuvshin-by-Laura-Scaccabarozzi3-2048x1365.jpeg 2048w, https:\/\/www.ecoitaliano.com.ar\/wp-content\/uploads\/2025\/06\/enkhbat_amartuvshin-by-Laura-Scaccabarozzi3-150x100.jpeg 150w\" sizes=\"(max-width: 1024px) 100vw, 1024px\" \/><\/a><\/figure>\n\n\n\n<figure class=\"wp-block-image size-large\"><a href=\"https:\/\/www.ecoitaliano.com.ar\/wp-content\/uploads\/2025\/06\/eyvazov-yusif.png\"><img decoding=\"async\" width=\"740\" height=\"1024\" data-id=\"75236\" src=\"https:\/\/www.ecoitaliano.com.ar\/wp-content\/uploads\/2025\/06\/eyvazov-yusif-740x1024.png\" alt=\"\" class=\"wp-image-75236\" srcset=\"https:\/\/www.ecoitaliano.com.ar\/wp-content\/uploads\/2025\/06\/eyvazov-yusif-740x1024.png 740w, https:\/\/www.ecoitaliano.com.ar\/wp-content\/uploads\/2025\/06\/eyvazov-yusif-217x300.png 217w, https:\/\/www.ecoitaliano.com.ar\/wp-content\/uploads\/2025\/06\/eyvazov-yusif-768x1063.png 768w, https:\/\/www.ecoitaliano.com.ar\/wp-content\/uploads\/2025\/06\/eyvazov-yusif-108x150.png 108w, https:\/\/www.ecoitaliano.com.ar\/wp-content\/uploads\/2025\/06\/eyvazov-yusif.png 1016w\" sizes=\"(max-width: 740px) 100vw, 740px\" \/><\/a><\/figure>\n\n\n\n<figure class=\"wp-block-image size-large\"><a href=\"https:\/\/www.ecoitaliano.com.ar\/wp-content\/uploads\/2025\/06\/ganci-luciano.jpeg\"><img decoding=\"async\" width=\"682\" height=\"1024\" data-id=\"75237\" src=\"https:\/\/www.ecoitaliano.com.ar\/wp-content\/uploads\/2025\/06\/ganci-luciano-682x1024.jpeg\" alt=\"\" class=\"wp-image-75237\" srcset=\"https:\/\/www.ecoitaliano.com.ar\/wp-content\/uploads\/2025\/06\/ganci-luciano-682x1024.jpeg 682w, https:\/\/www.ecoitaliano.com.ar\/wp-content\/uploads\/2025\/06\/ganci-luciano-200x300.jpeg 200w, https:\/\/www.ecoitaliano.com.ar\/wp-content\/uploads\/2025\/06\/ganci-luciano-768x1153.jpeg 768w, https:\/\/www.ecoitaliano.com.ar\/wp-content\/uploads\/2025\/06\/ganci-luciano-1023x1536.jpeg 1023w, https:\/\/www.ecoitaliano.com.ar\/wp-content\/uploads\/2025\/06\/ganci-luciano-100x150.jpeg 100w, https:\/\/www.ecoitaliano.com.ar\/wp-content\/uploads\/2025\/06\/ganci-luciano.jpeg 1364w\" sizes=\"(max-width: 682px) 100vw, 682px\" \/><\/a><\/figure>\n\n\n\n<figure class=\"wp-block-image size-large\"><a href=\"https:\/\/www.ecoitaliano.com.ar\/wp-content\/uploads\/2025\/06\/Giorgi-Manoshvili-@Martynas-Aleksa-scaled.jpg\"><img decoding=\"async\" width=\"731\" height=\"1024\" data-id=\"75238\" src=\"https:\/\/www.ecoitaliano.com.ar\/wp-content\/uploads\/2025\/06\/Giorgi-Manoshvili-@Martynas-Aleksa-731x1024.jpg\" alt=\"\" class=\"wp-image-75238\" srcset=\"https:\/\/www.ecoitaliano.com.ar\/wp-content\/uploads\/2025\/06\/Giorgi-Manoshvili-@Martynas-Aleksa-731x1024.jpg 731w, https:\/\/www.ecoitaliano.com.ar\/wp-content\/uploads\/2025\/06\/Giorgi-Manoshvili-@Martynas-Aleksa-214x300.jpg 214w, https:\/\/www.ecoitaliano.com.ar\/wp-content\/uploads\/2025\/06\/Giorgi-Manoshvili-@Martynas-Aleksa-768x1075.jpg 768w, https:\/\/www.ecoitaliano.com.ar\/wp-content\/uploads\/2025\/06\/Giorgi-Manoshvili-@Martynas-Aleksa-1097x1536.jpg 1097w, https:\/\/www.ecoitaliano.com.ar\/wp-content\/uploads\/2025\/06\/Giorgi-Manoshvili-@Martynas-Aleksa-1463x2048.jpg 1463w, https:\/\/www.ecoitaliano.com.ar\/wp-content\/uploads\/2025\/06\/Giorgi-Manoshvili-@Martynas-Aleksa-107x150.jpg 107w, https:\/\/www.ecoitaliano.com.ar\/wp-content\/uploads\/2025\/06\/Giorgi-Manoshvili-@Martynas-Aleksa-scaled.jpg 1828w\" sizes=\"(max-width: 731px) 100vw, 731px\" \/><\/a><\/figure>\n\n\n\n<figure class=\"wp-block-image size-large\"><a href=\"https:\/\/www.ecoitaliano.com.ar\/wp-content\/uploads\/2025\/06\/kunde_gregory_Head_Shot2528-scaled.jpg\"><img decoding=\"async\" width=\"1024\" height=\"683\" data-id=\"75239\" src=\"https:\/\/www.ecoitaliano.com.ar\/wp-content\/uploads\/2025\/06\/kunde_gregory_Head_Shot2528-1024x683.jpg\" alt=\"\" class=\"wp-image-75239\" srcset=\"https:\/\/www.ecoitaliano.com.ar\/wp-content\/uploads\/2025\/06\/kunde_gregory_Head_Shot2528-1024x683.jpg 1024w, https:\/\/www.ecoitaliano.com.ar\/wp-content\/uploads\/2025\/06\/kunde_gregory_Head_Shot2528-300x200.jpg 300w, https:\/\/www.ecoitaliano.com.ar\/wp-content\/uploads\/2025\/06\/kunde_gregory_Head_Shot2528-768x512.jpg 768w, https:\/\/www.ecoitaliano.com.ar\/wp-content\/uploads\/2025\/06\/kunde_gregory_Head_Shot2528-1536x1024.jpg 1536w, https:\/\/www.ecoitaliano.com.ar\/wp-content\/uploads\/2025\/06\/kunde_gregory_Head_Shot2528-2048x1365.jpg 2048w, https:\/\/www.ecoitaliano.com.ar\/wp-content\/uploads\/2025\/06\/kunde_gregory_Head_Shot2528-150x100.jpg 150w\" sizes=\"(max-width: 1024px) 100vw, 1024px\" \/><\/a><\/figure>\n\n\n\n<figure class=\"wp-block-image size-large\"><a href=\"https:\/\/www.ecoitaliano.com.ar\/wp-content\/uploads\/2025\/06\/kurzak_aleksandra-by-Martyna-Galla-scaled.jpg\"><img decoding=\"async\" width=\"685\" height=\"1024\" data-id=\"75240\" src=\"https:\/\/www.ecoitaliano.com.ar\/wp-content\/uploads\/2025\/06\/kurzak_aleksandra-by-Martyna-Galla-685x1024.jpg\" alt=\"\" class=\"wp-image-75240\" srcset=\"https:\/\/www.ecoitaliano.com.ar\/wp-content\/uploads\/2025\/06\/kurzak_aleksandra-by-Martyna-Galla-685x1024.jpg 685w, https:\/\/www.ecoitaliano.com.ar\/wp-content\/uploads\/2025\/06\/kurzak_aleksandra-by-Martyna-Galla-201x300.jpg 201w, https:\/\/www.ecoitaliano.com.ar\/wp-content\/uploads\/2025\/06\/kurzak_aleksandra-by-Martyna-Galla-768x1147.jpg 768w, https:\/\/www.ecoitaliano.com.ar\/wp-content\/uploads\/2025\/06\/kurzak_aleksandra-by-Martyna-Galla-1028x1536.jpg 1028w, https:\/\/www.ecoitaliano.com.ar\/wp-content\/uploads\/2025\/06\/kurzak_aleksandra-by-Martyna-Galla-1371x2048.jpg 1371w, https:\/\/www.ecoitaliano.com.ar\/wp-content\/uploads\/2025\/06\/kurzak_aleksandra-by-Martyna-Galla-100x150.jpg 100w, https:\/\/www.ecoitaliano.com.ar\/wp-content\/uploads\/2025\/06\/kurzak_aleksandra-by-Martyna-Galla-scaled.jpg 1714w\" sizes=\"(max-width: 685px) 100vw, 685px\" \/><\/a><\/figure>\n\n\n\n<figure class=\"wp-block-image size-large\"><a href=\"https:\/\/www.ecoitaliano.com.ar\/wp-content\/uploads\/2025\/06\/Lim-simon.jpg\"><img decoding=\"async\" width=\"683\" height=\"1024\" data-id=\"75241\" src=\"https:\/\/www.ecoitaliano.com.ar\/wp-content\/uploads\/2025\/06\/Lim-simon-683x1024.jpg\" alt=\"\" class=\"wp-image-75241\" srcset=\"https:\/\/www.ecoitaliano.com.ar\/wp-content\/uploads\/2025\/06\/Lim-simon-683x1024.jpg 683w, https:\/\/www.ecoitaliano.com.ar\/wp-content\/uploads\/2025\/06\/Lim-simon-200x300.jpg 200w, https:\/\/www.ecoitaliano.com.ar\/wp-content\/uploads\/2025\/06\/Lim-simon-768x1151.jpg 768w, https:\/\/www.ecoitaliano.com.ar\/wp-content\/uploads\/2025\/06\/Lim-simon-100x150.jpg 100w, https:\/\/www.ecoitaliano.com.ar\/wp-content\/uploads\/2025\/06\/Lim-simon.jpg 854w\" sizes=\"(max-width: 683px) 100vw, 683px\" \/><\/a><\/figure>\n\n\n\n<figure class=\"wp-block-image size-large\"><a href=\"https:\/\/www.ecoitaliano.com.ar\/wp-content\/uploads\/2025\/06\/maionchi-francesca.jpg\"><img decoding=\"async\" width=\"684\" height=\"1024\" data-id=\"75242\" src=\"https:\/\/www.ecoitaliano.com.ar\/wp-content\/uploads\/2025\/06\/maionchi-francesca-684x1024.jpg\" alt=\"\" class=\"wp-image-75242\" srcset=\"https:\/\/www.ecoitaliano.com.ar\/wp-content\/uploads\/2025\/06\/maionchi-francesca-684x1024.jpg 684w, https:\/\/www.ecoitaliano.com.ar\/wp-content\/uploads\/2025\/06\/maionchi-francesca-200x300.jpg 200w, https:\/\/www.ecoitaliano.com.ar\/wp-content\/uploads\/2025\/06\/maionchi-francesca-768x1150.jpg 768w, https:\/\/www.ecoitaliano.com.ar\/wp-content\/uploads\/2025\/06\/maionchi-francesca-1025x1536.jpg 1025w, https:\/\/www.ecoitaliano.com.ar\/wp-content\/uploads\/2025\/06\/maionchi-francesca-1367x2048.jpg 1367w, https:\/\/www.ecoitaliano.com.ar\/wp-content\/uploads\/2025\/06\/maionchi-francesca-100x150.jpg 100w, https:\/\/www.ecoitaliano.com.ar\/wp-content\/uploads\/2025\/06\/maionchi-francesca.jpg 1474w\" sizes=\"(max-width: 684px) 100vw, 684px\" \/><\/a><\/figure>\n\n\n\n<figure class=\"wp-block-image size-large\"><a href=\"https:\/\/www.ecoitaliano.com.ar\/wp-content\/uploads\/2025\/06\/Maslova-Olga_Mila-Miller.jpg\"><img decoding=\"async\" width=\"682\" height=\"1024\" data-id=\"75243\" src=\"https:\/\/www.ecoitaliano.com.ar\/wp-content\/uploads\/2025\/06\/Maslova-Olga_Mila-Miller-682x1024.jpg\" alt=\"\" class=\"wp-image-75243\" srcset=\"https:\/\/www.ecoitaliano.com.ar\/wp-content\/uploads\/2025\/06\/Maslova-Olga_Mila-Miller-682x1024.jpg 682w, https:\/\/www.ecoitaliano.com.ar\/wp-content\/uploads\/2025\/06\/Maslova-Olga_Mila-Miller-200x300.jpg 200w, https:\/\/www.ecoitaliano.com.ar\/wp-content\/uploads\/2025\/06\/Maslova-Olga_Mila-Miller-768x1152.jpg 768w, https:\/\/www.ecoitaliano.com.ar\/wp-content\/uploads\/2025\/06\/Maslova-Olga_Mila-Miller-1024x1536.jpg 1024w, https:\/\/www.ecoitaliano.com.ar\/wp-content\/uploads\/2025\/06\/Maslova-Olga_Mila-Miller-100x150.jpg 100w, https:\/\/www.ecoitaliano.com.ar\/wp-content\/uploads\/2025\/06\/Maslova-Olga_Mila-Miller.jpg 1181w\" sizes=\"(max-width: 682px) 100vw, 682px\" \/><\/a><\/figure>\n\n\n\n<figure class=\"wp-block-image size-large\"><a href=\"https:\/\/www.ecoitaliano.com.ar\/wp-content\/uploads\/2025\/06\/Netrebko_Anna-\u00a9-2023-Olga-Rubio-Dalmau-color.tif\"><img decoding=\"async\" data-id=\"75244\" src=\"https:\/\/www.ecoitaliano.com.ar\/wp-content\/uploads\/2025\/06\/Netrebko_Anna-\u00a9-2023-Olga-Rubio-Dalmau-color.tif\" alt=\"\" class=\"wp-image-75244\"\/><\/a><\/figure>\n\n\n\n<figure class=\"wp-block-image size-large\"><a href=\"https:\/\/www.ecoitaliano.com.ar\/wp-content\/uploads\/2025\/06\/Park_Youngjun-scaled.jpg\"><img decoding=\"async\" width=\"795\" height=\"1024\" data-id=\"75245\" src=\"https:\/\/www.ecoitaliano.com.ar\/wp-content\/uploads\/2025\/06\/Park_Youngjun-795x1024.jpg\" alt=\"\" class=\"wp-image-75245\" srcset=\"https:\/\/www.ecoitaliano.com.ar\/wp-content\/uploads\/2025\/06\/Park_Youngjun-795x1024.jpg 795w, https:\/\/www.ecoitaliano.com.ar\/wp-content\/uploads\/2025\/06\/Park_Youngjun-233x300.jpg 233w, https:\/\/www.ecoitaliano.com.ar\/wp-content\/uploads\/2025\/06\/Park_Youngjun-768x989.jpg 768w, https:\/\/www.ecoitaliano.com.ar\/wp-content\/uploads\/2025\/06\/Park_Youngjun-1193x1536.jpg 1193w, https:\/\/www.ecoitaliano.com.ar\/wp-content\/uploads\/2025\/06\/Park_Youngjun-1590x2048.jpg 1590w, https:\/\/www.ecoitaliano.com.ar\/wp-content\/uploads\/2025\/06\/Park_Youngjun-116x150.jpg 116w, https:\/\/www.ecoitaliano.com.ar\/wp-content\/uploads\/2025\/06\/Park_Youngjun-scaled.jpg 1988w\" sizes=\"(max-width: 795px) 100vw, 795px\" \/><\/a><\/figure>\n\n\n\n<figure class=\"wp-block-image size-large\"><a href=\"https:\/\/www.ecoitaliano.com.ar\/wp-content\/uploads\/2025\/06\/Rebeka-Marina-@TatyanaVlasova-9-rid-scaled.jpg\"><img decoding=\"async\" width=\"683\" height=\"1024\" data-id=\"75246\" src=\"https:\/\/www.ecoitaliano.com.ar\/wp-content\/uploads\/2025\/06\/Rebeka-Marina-@TatyanaVlasova-9-rid-683x1024.jpg\" alt=\"\" class=\"wp-image-75246\" srcset=\"https:\/\/www.ecoitaliano.com.ar\/wp-content\/uploads\/2025\/06\/Rebeka-Marina-@TatyanaVlasova-9-rid-683x1024.jpg 683w, https:\/\/www.ecoitaliano.com.ar\/wp-content\/uploads\/2025\/06\/Rebeka-Marina-@TatyanaVlasova-9-rid-200x300.jpg 200w, https:\/\/www.ecoitaliano.com.ar\/wp-content\/uploads\/2025\/06\/Rebeka-Marina-@TatyanaVlasova-9-rid-768x1152.jpg 768w, https:\/\/www.ecoitaliano.com.ar\/wp-content\/uploads\/2025\/06\/Rebeka-Marina-@TatyanaVlasova-9-rid-1024x1536.jpg 1024w, https:\/\/www.ecoitaliano.com.ar\/wp-content\/uploads\/2025\/06\/Rebeka-Marina-@TatyanaVlasova-9-rid-1365x2048.jpg 1365w, https:\/\/www.ecoitaliano.com.ar\/wp-content\/uploads\/2025\/06\/Rebeka-Marina-@TatyanaVlasova-9-rid-100x150.jpg 100w, https:\/\/www.ecoitaliano.com.ar\/wp-content\/uploads\/2025\/06\/Rebeka-Marina-@TatyanaVlasova-9-rid-scaled.jpg 1707w\" sizes=\"(max-width: 683px) 100vw, 683px\" \/><\/a><\/figure>\n\n\n\n<figure class=\"wp-block-image size-large\"><a href=\"https:\/\/www.ecoitaliano.com.ar\/wp-content\/uploads\/2025\/06\/SalieriLaPassione_EnneviFoto_180425_DSCF2938.jpg\"><img decoding=\"async\" width=\"1024\" height=\"922\" data-id=\"75247\" src=\"https:\/\/www.ecoitaliano.com.ar\/wp-content\/uploads\/2025\/06\/SalieriLaPassione_EnneviFoto_180425_DSCF2938-1024x922.jpg\" alt=\"\" class=\"wp-image-75247\" srcset=\"https:\/\/www.ecoitaliano.com.ar\/wp-content\/uploads\/2025\/06\/SalieriLaPassione_EnneviFoto_180425_DSCF2938-1024x922.jpg 1024w, https:\/\/www.ecoitaliano.com.ar\/wp-content\/uploads\/2025\/06\/SalieriLaPassione_EnneviFoto_180425_DSCF2938-300x270.jpg 300w, https:\/\/www.ecoitaliano.com.ar\/wp-content\/uploads\/2025\/06\/SalieriLaPassione_EnneviFoto_180425_DSCF2938-768x692.jpg 768w, https:\/\/www.ecoitaliano.com.ar\/wp-content\/uploads\/2025\/06\/SalieriLaPassione_EnneviFoto_180425_DSCF2938-1536x1384.jpg 1536w, https:\/\/www.ecoitaliano.com.ar\/wp-content\/uploads\/2025\/06\/SalieriLaPassione_EnneviFoto_180425_DSCF2938-150x135.jpg 150w, https:\/\/www.ecoitaliano.com.ar\/wp-content\/uploads\/2025\/06\/SalieriLaPassione_EnneviFoto_180425_DSCF2938.jpg 1745w\" sizes=\"(max-width: 1024px) 100vw, 1024px\" \/><\/a><\/figure>\n\n\n\n<figure class=\"wp-block-image size-large\"><a href=\"https:\/\/www.ecoitaliano.com.ar\/wp-content\/uploads\/2025\/06\/Siri_MicheleMonasta-2-scaled.jpg\"><img decoding=\"async\" width=\"683\" height=\"1024\" data-id=\"75248\" src=\"https:\/\/www.ecoitaliano.com.ar\/wp-content\/uploads\/2025\/06\/Siri_MicheleMonasta-2-683x1024.jpg\" alt=\"\" class=\"wp-image-75248\" srcset=\"https:\/\/www.ecoitaliano.com.ar\/wp-content\/uploads\/2025\/06\/Siri_MicheleMonasta-2-683x1024.jpg 683w, https:\/\/www.ecoitaliano.com.ar\/wp-content\/uploads\/2025\/06\/Siri_MicheleMonasta-2-200x300.jpg 200w, https:\/\/www.ecoitaliano.com.ar\/wp-content\/uploads\/2025\/06\/Siri_MicheleMonasta-2-768x1152.jpg 768w, https:\/\/www.ecoitaliano.com.ar\/wp-content\/uploads\/2025\/06\/Siri_MicheleMonasta-2-1024x1536.jpg 1024w, https:\/\/www.ecoitaliano.com.ar\/wp-content\/uploads\/2025\/06\/Siri_MicheleMonasta-2-1365x2048.jpg 1365w, https:\/\/www.ecoitaliano.com.ar\/wp-content\/uploads\/2025\/06\/Siri_MicheleMonasta-2-100x150.jpg 100w, https:\/\/www.ecoitaliano.com.ar\/wp-content\/uploads\/2025\/06\/Siri_MicheleMonasta-2-scaled.jpg 1707w\" sizes=\"(max-width: 683px) 100vw, 683px\" \/><\/a><\/figure>\n\n\n\n<figure class=\"wp-block-image size-large\"><a href=\"https:\/\/www.ecoitaliano.com.ar\/wp-content\/uploads\/2025\/06\/STEFANO_PODA_23-Priska-Ketterer-scaled.jpg\"><img decoding=\"async\" width=\"1024\" height=\"681\" data-id=\"75249\" src=\"https:\/\/www.ecoitaliano.com.ar\/wp-content\/uploads\/2025\/06\/STEFANO_PODA_23-Priska-Ketterer-1024x681.jpg\" alt=\"\" class=\"wp-image-75249\" srcset=\"https:\/\/www.ecoitaliano.com.ar\/wp-content\/uploads\/2025\/06\/STEFANO_PODA_23-Priska-Ketterer-1024x681.jpg 1024w, https:\/\/www.ecoitaliano.com.ar\/wp-content\/uploads\/2025\/06\/STEFANO_PODA_23-Priska-Ketterer-300x200.jpg 300w, https:\/\/www.ecoitaliano.com.ar\/wp-content\/uploads\/2025\/06\/STEFANO_PODA_23-Priska-Ketterer-768x511.jpg 768w, https:\/\/www.ecoitaliano.com.ar\/wp-content\/uploads\/2025\/06\/STEFANO_PODA_23-Priska-Ketterer-1536x1022.jpg 1536w, https:\/\/www.ecoitaliano.com.ar\/wp-content\/uploads\/2025\/06\/STEFANO_PODA_23-Priska-Ketterer-2048x1363.jpg 2048w, https:\/\/www.ecoitaliano.com.ar\/wp-content\/uploads\/2025\/06\/STEFANO_PODA_23-Priska-Ketterer-150x100.jpg 150w\" sizes=\"(max-width: 1024px) 100vw, 1024px\" \/><\/a><\/figure>\n\n\n\n<figure class=\"wp-block-image size-large\"><a href=\"https:\/\/www.ecoitaliano.com.ar\/wp-content\/uploads\/2025\/06\/tezier_ludovic-2017-c-Cassandre-Berthon.jpg\"><img decoding=\"async\" width=\"1024\" height=\"684\" data-id=\"75250\" src=\"https:\/\/www.ecoitaliano.com.ar\/wp-content\/uploads\/2025\/06\/tezier_ludovic-2017-c-Cassandre-Berthon-1024x684.jpg\" alt=\"\" class=\"wp-image-75250\" srcset=\"https:\/\/www.ecoitaliano.com.ar\/wp-content\/uploads\/2025\/06\/tezier_ludovic-2017-c-Cassandre-Berthon-1024x684.jpg 1024w, https:\/\/www.ecoitaliano.com.ar\/wp-content\/uploads\/2025\/06\/tezier_ludovic-2017-c-Cassandre-Berthon-300x200.jpg 300w, https:\/\/www.ecoitaliano.com.ar\/wp-content\/uploads\/2025\/06\/tezier_ludovic-2017-c-Cassandre-Berthon-768x513.jpg 768w, https:\/\/www.ecoitaliano.com.ar\/wp-content\/uploads\/2025\/06\/tezier_ludovic-2017-c-Cassandre-Berthon-1536x1026.jpg 1536w, https:\/\/www.ecoitaliano.com.ar\/wp-content\/uploads\/2025\/06\/tezier_ludovic-2017-c-Cassandre-Berthon-2048x1368.jpg 2048w, https:\/\/www.ecoitaliano.com.ar\/wp-content\/uploads\/2025\/06\/tezier_ludovic-2017-c-Cassandre-Berthon-150x100.jpg 150w\" sizes=\"(max-width: 1024px) 100vw, 1024px\" \/><\/a><\/figure>\n\n\n\n<figure class=\"wp-block-image size-large\"><a href=\"https:\/\/www.ecoitaliano.com.ar\/wp-content\/uploads\/2025\/06\/Vinogradov_Alexander-by-Polina-Plotnikova-scaled.jpg\"><img decoding=\"async\" width=\"1024\" height=\"614\" data-id=\"75251\" src=\"https:\/\/www.ecoitaliano.com.ar\/wp-content\/uploads\/2025\/06\/Vinogradov_Alexander-by-Polina-Plotnikova-1024x614.jpg\" alt=\"\" class=\"wp-image-75251\" srcset=\"https:\/\/www.ecoitaliano.com.ar\/wp-content\/uploads\/2025\/06\/Vinogradov_Alexander-by-Polina-Plotnikova-1024x614.jpg 1024w, https:\/\/www.ecoitaliano.com.ar\/wp-content\/uploads\/2025\/06\/Vinogradov_Alexander-by-Polina-Plotnikova-300x180.jpg 300w, https:\/\/www.ecoitaliano.com.ar\/wp-content\/uploads\/2025\/06\/Vinogradov_Alexander-by-Polina-Plotnikova-768x461.jpg 768w, https:\/\/www.ecoitaliano.com.ar\/wp-content\/uploads\/2025\/06\/Vinogradov_Alexander-by-Polina-Plotnikova-1536x922.jpg 1536w, https:\/\/www.ecoitaliano.com.ar\/wp-content\/uploads\/2025\/06\/Vinogradov_Alexander-by-Polina-Plotnikova-2048x1229.jpg 2048w, https:\/\/www.ecoitaliano.com.ar\/wp-content\/uploads\/2025\/06\/Vinogradov_Alexander-by-Polina-Plotnikova-150x90.jpg 150w, https:\/\/www.ecoitaliano.com.ar\/wp-content\/uploads\/2025\/06\/Vinogradov_Alexander-by-Polina-Plotnikova-250x150.jpg 250w\" sizes=\"(max-width: 1024px) 100vw, 1024px\" \/><\/a><\/figure>\n<\/figure>\n","protected":false},"excerpt":{"rendered":"<p>Ufficio stampa&nbsp;&nbsp;&nbsp;&nbsp;&nbsp;&nbsp;&nbsp;&nbsp;&nbsp;&nbsp;&nbsp;&nbsp;&nbsp;&nbsp;&nbsp;&nbsp;&nbsp;&nbsp;&nbsp;&nbsp;&nbsp;&nbsp;&nbsp;&nbsp;&nbsp;&nbsp;&nbsp;&nbsp;&nbsp;&nbsp;&nbsp;&nbsp;&nbsp;&nbsp;&nbsp;&nbsp;&nbsp;&nbsp;&nbsp;&nbsp;&nbsp;&nbsp;&nbsp;&nbsp;&nbsp;&nbsp;&nbsp;&nbsp;&nbsp;&nbsp;&nbsp;&nbsp;&nbsp;&nbsp;&nbsp;&nbsp;&nbsp;&nbsp;&nbsp;&nbsp;&nbsp;&nbsp;&nbsp;&nbsp;&nbsp;&nbsp;&nbsp;&nbsp;&nbsp;&nbsp;&nbsp;&nbsp;&nbsp;&nbsp;&nbsp;&nbsp;&nbsp;&nbsp;&nbsp;&nbsp;&nbsp;&nbsp;&nbsp;&nbsp;&nbsp;&nbsp;&nbsp;&nbsp;&nbsp;&nbsp;&nbsp;&nbsp;&nbsp;&nbsp;&nbsp;&nbsp;&nbsp;&nbsp;&nbsp;&nbsp;&nbsp;&nbsp;&nbsp;&nbsp;&nbsp;&nbsp;&nbsp;&nbsp;&nbsp;&nbsp;&nbsp;&nbsp;&nbsp;&nbsp;&nbsp;&nbsp;&nbsp;&nbsp;&nbsp;&nbsp;&nbsp;&nbsp;&nbsp;&nbsp;&nbsp;&nbsp;&nbsp;&nbsp;&nbsp;&nbsp;&nbsp;&nbsp;&nbsp;&nbsp;&nbsp;&nbsp;&nbsp;&nbsp;&nbsp;&nbsp;&nbsp;&nbsp;&nbsp;&nbsp;&nbsp;&nbsp;&nbsp;&nbsp;&nbsp;&nbsp;&nbsp;&nbsp;&nbsp; 20\/06\/2025 TORNA L\u2019AIDA \u2018DI CRISTALLO\u2019 ANCHE IL SECONDO WEEKEND DELL\u2019ARENA OPERA FESTIVAL \u00c8 SOLD OUT Dal 20 giugno [&hellip;]<\/p>\n","protected":false},"author":1,"featured_media":0,"comment_status":"open","ping_status":"open","sticky":false,"template":"","format":"standard","meta":{"footnotes":""},"categories":[1],"tags":[],"class_list":["post-75221","post","type-post","status-publish","format-standard","hentry","category-sin-categoria"],"_links":{"self":[{"href":"https:\/\/www.ecoitaliano.com.ar\/index.php?rest_route=\/wp\/v2\/posts\/75221","targetHints":{"allow":["GET"]}}],"collection":[{"href":"https:\/\/www.ecoitaliano.com.ar\/index.php?rest_route=\/wp\/v2\/posts"}],"about":[{"href":"https:\/\/www.ecoitaliano.com.ar\/index.php?rest_route=\/wp\/v2\/types\/post"}],"author":[{"embeddable":true,"href":"https:\/\/www.ecoitaliano.com.ar\/index.php?rest_route=\/wp\/v2\/users\/1"}],"replies":[{"embeddable":true,"href":"https:\/\/www.ecoitaliano.com.ar\/index.php?rest_route=%2Fwp%2Fv2%2Fcomments&post=75221"}],"version-history":[{"count":1,"href":"https:\/\/www.ecoitaliano.com.ar\/index.php?rest_route=\/wp\/v2\/posts\/75221\/revisions"}],"predecessor-version":[{"id":75252,"href":"https:\/\/www.ecoitaliano.com.ar\/index.php?rest_route=\/wp\/v2\/posts\/75221\/revisions\/75252"}],"wp:attachment":[{"href":"https:\/\/www.ecoitaliano.com.ar\/index.php?rest_route=%2Fwp%2Fv2%2Fmedia&parent=75221"}],"wp:term":[{"taxonomy":"category","embeddable":true,"href":"https:\/\/www.ecoitaliano.com.ar\/index.php?rest_route=%2Fwp%2Fv2%2Fcategories&post=75221"},{"taxonomy":"post_tag","embeddable":true,"href":"https:\/\/www.ecoitaliano.com.ar\/index.php?rest_route=%2Fwp%2Fv2%2Ftags&post=75221"}],"curies":[{"name":"wp","href":"https:\/\/api.w.org\/{rel}","templated":true}]}}