{"id":75262,"date":"2025-06-20T16:35:23","date_gmt":"2025-06-20T16:35:23","guid":{"rendered":"https:\/\/www.ecoitaliano.com.ar\/?p=75262"},"modified":"2025-06-20T16:35:23","modified_gmt":"2025-06-20T16:35:23","slug":"serena-conduce-operaclassica-eco-italiano-4443","status":"publish","type":"post","link":"https:\/\/www.ecoitaliano.com.ar\/?p=75262","title":{"rendered":"Serena conduce operaclassica eco italiano"},"content":{"rendered":"<div class=\"wp-block-image\">\n<figure class=\"aligncenter size-large is-resized\"><a href=\"https:\/\/www.ecoitaliano.com.ar\/wp-content\/uploads\/2025\/06\/image-40.png\"><img decoding=\"async\" width=\"1024\" height=\"331\" src=\"https:\/\/www.ecoitaliano.com.ar\/wp-content\/uploads\/2025\/06\/image-40-1024x331.png\" alt=\"\" class=\"wp-image-75263\" style=\"width:331px;height:auto\" srcset=\"https:\/\/www.ecoitaliano.com.ar\/wp-content\/uploads\/2025\/06\/image-40-1024x331.png 1024w, https:\/\/www.ecoitaliano.com.ar\/wp-content\/uploads\/2025\/06\/image-40-300x97.png 300w, https:\/\/www.ecoitaliano.com.ar\/wp-content\/uploads\/2025\/06\/image-40-768x248.png 768w, https:\/\/www.ecoitaliano.com.ar\/wp-content\/uploads\/2025\/06\/image-40-1536x496.png 1536w, https:\/\/www.ecoitaliano.com.ar\/wp-content\/uploads\/2025\/06\/image-40-150x48.png 150w, https:\/\/www.ecoitaliano.com.ar\/wp-content\/uploads\/2025\/06\/image-40.png 1771w\" sizes=\"(max-width: 1024px) 100vw, 1024px\" \/><\/a><\/figure><\/div>\n\n\n<p><strong>I POMERIGGI MUSICALI IN TOURN\u00c9E ALL\u2019ESTERO IN CROAZIA E SLOVENIA DOPO UNA TAPPA A TRIESTE<br><br>Continuano i festeggiamenti per gli 80 anni dalla Fondazione nel 1945<\/strong><\/p>\n\n\n\n<p>A questo link \u00e8 possibile scaricare la cartella con le fotografie<br><a target=\"_blank\" href=\"https:\/\/florianatessitore.us12.list-manage.com\/track\/click?u=9aecf99759cc1d6c0a0ef9c1d&amp;id=d90e33d81a&amp;e=cceb3c1a2f\" rel=\"noreferrer noopener\">https:\/\/www.dropbox.com\/scl\/fo\/rru9ft8k5sjjtimeyhzr3\/ALDBEQTigklrON2gjPXpGcQ?rlkey=eawkntd7hwfmzm8sktxppxjap&amp;st=y1qrdi05&amp;dl=0<\/a><\/p>\n\n\n\n<p>L\u2019Orchestra I Pomeriggi Musicali continua i festeggiamenti per i propri 80 anni con una tourn\u00e9e internazionale che,&nbsp;<strong>dal 19 al 22 giugno, la porter\u00e0 in alcune suggestive localit\u00e0 prima in Friuli-Venezia Giulia e poi in Croazia e Slovenia<\/strong>. Un viaggio musicale che unisce capolavori sinfonici alla bellezza dei luoghi e soprattutto rappresenta un\u2019occasione di contatto con nuovi pubblici.<\/p>\n\n\n\n<p>La tourn\u00e9e si apre gioved\u00ec 19 giugno in Italia, con un concerto nel prestigioso scenario del Castello di Miramare a Trieste, per la conclusione della rassegna \u201cEstate in musica\u201d della Societ\u00e0 dei Concerti di Trieste. Per questa occasione in uno dei parchi storici pi\u00f9 amati d\u2019Italia, l\u2019Orchestra, diretta da Alessandro Cadario, eseguir\u00e0 due celebri pagine del repertorio romantico europeo: il Concerto n. 5 per pianoforte e orchestra op. 73 \u201cImperatore\u201d di Beethoven, solista Davide Cabassi, e la Sinfonia n. 4 \u201cItaliana\u201d di Mendelssohn, un programma che ben si sposa con il contesto paesaggistico e culturale di Trieste, citt\u00e0 di confine e crocevia di civilt\u00e0.<\/p>\n\n\n\n<p>Il viaggio dei Pomeriggi Musicali continuer\u00e0 venerd\u00ec 20 giugno con tappa a Zagabria, in Croazia, nella storica Lisinski Hall, una delle sale concertistiche pi\u00f9 rinomate del Paese che, con i suoi 1.800 posti, ospita dagli anni Sessanta stagioni e appuntamenti prestigiosi. Il programma del concerto dell\u2019Orchestra milanese nella capitale croata si apre con le Cinq m\u00e9lodies populaires grecques di Maurice Ravel nella recente orchestrazione di Alessandro Cadario, omaggio per il 150\u00b0 anniversario della nascita del compositore francese. Una rilettura che, pur rispettando lo spirito delle melodie originali, restituisce nuova luce alla loro ricchezza timbrica e al loro afflato espressivo. Quindi anche qui il Concerto n. 5 per pianoforte e orchestra op. 73 \u201cImperatore\u201d di Beethoven affidato a Cabassi e poi la Sinfonia n. 41 in do maggiore K551 \u201cJupiter\u201d di Mozart, ad anticipare il nucleo della programmazione della stagione 2025\/2026 a Milano che sar\u00e0 dedicato proprio al compositore austriaco.<\/p>\n\n\n\n<p>Il giorno successivo, sabato 21 giugno, l\u2019Orchestra si trasferir\u00e0 a Varazdin, nel cuore della Croazia nord-occidentale, per esibirsi nel Croatian National Theatre, punto di riferimento culturale della regione. Terza e ultima tappa domenica 22 giugno in Slovenia, nel cortile del Castello Khislstein di Kranj, costruzione di difesa che ha origine nella seconda met\u00e0 del Duecento.<\/p>\n\n\n\n<p>In entrambi gli appuntamenti sar\u00e0 proposto il programma con Ravel-Beethoven-Mozart affidato a Cadario e Cabassi.<\/p>\n\n\n\n<p>Alessandro Cadario direttore<\/p>\n\n\n\n<p>Musicista eclettico nel repertorio e attento alla prassi esecutiva dei diversi stili, ha diretto nel corso della sua carriera concerti sinfonici, opere e balletti nelle stagioni dei principali enti lirici e festival italiani ed internazionali, salendo sul podio di importanti orchestre come l\u2019Orchestra del Teatro Mariinskij, il Coro e l\u2019Orchestra del Teatro Regio di Torino, l\u2019Orchestra Filarmonica di Monte-Carlo, l\u2019Orchestra Filarmonica della Fenice, l\u2019Orchestra del Teatro Comunale di Bologna, l\u2019Orchestra del Teatro Carlo Felice, il Coro e l\u2019Orchestra del Teatro Massimo di Palermo, il Coro e l\u2019Orchestra del Teatro Petruzzelli, l\u2019Orchestra Regionale della Toscana, l\u2019Orchestra Haydn, la Filarmonica Toscanini. Nel 2015 ha diretto al Teatro alla Scala, nella cornice del Festival delle Orchestre Internazionali e, dal 2016, \u00e8 Direttore ospite principale dell\u2019Orchestra I Pomeriggi Musicali di Milano. Nel 2017 \u00e8 stato scelto dalla Presidenza del Senato per dirigere il concerto istituzionale, trasmesso in diretta su Rai 1 dall\u2019Aula del Senato. Nella stagione 2020-2021 ha debuttato al Rossini Opera Festival con Il viaggio a Reims e ha diretto al Teatro Carlo Felice di Genova L\u2019elisir d\u2019amore e una nuova produzione della Serva padrona abbinata a Trouble in Tahiti. Fra gli impegni recenti, la prima assoluta dell\u2019opera Jeanne Dark di Fabio Vacchi al Maggio Musicale Fiorentino, \u00e8 tornato nei cartelloni del Rossini Opera Festival, del Festival MiTo, del Teatro Petruzzelli, del Teatro Massimo di Palermo, della Royal Opera House di Muscat e ha debuttato al Teatro Bellini di Catania e all\u2019Op\u00e9ra Royal de Wallonie di Liegi, Dopo il debutto a Caracalla, \u00e8 tornato al Teatro dell\u2019Opera di Roma per il Pipistrello di Strauss. Oltre al repertorio classico rivolge la sua attenzione alla musica contemporanea; sue composizioni sono state presentate in prima assoluta al Lincoln Center di New York, al Teatro dell\u2019Opera di Darmstadt, al Teatro Dal Verme di Milano e al National Concert Hall di Taipei. Ha diretto numerose prime assolute di autori come Bettinelli, Fedele, Galante, Tutino, Campogrande, Vacchi, D\u2019Amico, Antonioni. Alessandro Cadario \u00e8 diplomato in direzione d\u2019orchestra con il massimo dei voti al Conservatorio G. Verdi di Milano, e si \u00e8 perfezionato all\u2019Accademia Musicale Chigiana di Siena. Ha inoltre conseguito il diploma di violino, in direzione di coro e in composizione.<\/p>\n\n\n\n<p>alessandrocadario.com<\/p>\n\n\n\n<p>Davide Cabassi pianoforte<\/p>\n\n\n\n<p>Nato a Milano, si \u00e8 diplomato in pianoforte al conservatorio della sua citt\u00e0 e ha debuttato a tredici anni con l\u2019Orchestra Sinfonica della Rai di Milano sotto la direzione di Vladimir Delman. Ha suonato per numerose realt\u00e0 musicali italiane come la Societ\u00e0 del Quartetto, le Serate Musicali, la Societ\u00e0 dei Concerti, il Festival Pianistico di Brescia e Bergamo ecc. e in sale quali la Carnegie Hall a New York, la Rachmaninoff Hall a Mosca, Gasteig a Monaco di Baviera, il Mozarteum di Salisburgo, il Louvre e la Salle Gaveau di Parigi, la Roque d\u2019Antheron. Parallelamente all\u2019attivit\u00e0 concertistica, ha intrapreso un\u2019intensa attivit\u00e0 discografica incidendo per Sony BMG, Concerto Classics e Collegno quindi del 2012 per Decca (Sonate e Variazioni di Mozart e l\u2019integrale delle Sonate per pianoforte di Beethoven). \u00c8 ideatore artistico delle stagioni concertistiche Kawai a Ledro (TN), Un pianoforte in Ateneo (Kawai &#8211; Cattolica, Milano), degli Incontri Contemporanei (Milano), dei Campus Musicali Estivi Kawai a Ledro e del Concorso Internazionale Shigeru Kawai. Nel 2010 ha fondato con la moglie, la pianista Tatiana Larionova, la stagione concertistica Primavera di Baggio, per rilanciare la periferia disagiata della sua citt\u00e0, coinvolgendo i bambini ed \u201cinvadendo\u201d gli spazi associativi, specie quelli riscattati dalle mafie.<\/p>\n\n\n\n<p>davidecabassi.com<\/p>\n\n\n\n<p><strong><em>Ufficio stampa<\/em><\/strong><br>Floriana Tessitore&nbsp;<a href=\"tel:+39%203387339981\" rel=\"noreferrer noopener\" target=\"_blank\">+39 3387339981<\/a><br><a href=\"mailto:stampa@ipomeriggi.it\" target=\"_blank\" rel=\"noreferrer noopener\">stampa@ipomeriggi.it<\/a><br>Fondazione I Pomeriggi Musicali<br><a href=\"http:\/\/www.ipomeriggi.it\/\" target=\"_blank\" rel=\"noreferrer noopener\">www.ipomeriggi.it<\/a><br>&nbsp;<\/p>\n\n\n\n<p>Milano, 18 giugno 2025\u00a0(f.t.)<\/p>\n\n\n\n<p>FONDAZIONE I POMERIGGI MUSICALI<br>Ufficio stampa<br>Via San Giovanni sul Muro, 2 &#8211; 20121 Milano<br>T. 02 87905; F. 02 87905291<br><a href=\"http:\/\/www.ipomeriggi.it\/\" target=\"_blank\" rel=\"noreferrer noopener\">www.ipomeriggi.it<\/a><\/p>\n\n\n\n<p><em>Copyright \u00a9 2025 Tessitore Vitale, All rights reserved.<\/em><\/p>\n\n\n\n<p>foto<\/p>\n\n\n\n<figure class=\"wp-block-gallery has-nested-images columns-default is-cropped wp-block-gallery-1 is-layout-flex wp-block-gallery-is-layout-flex\">\n<figure class=\"wp-block-image\"><img decoding=\"async\" width=\"1707\" height=\"2560\" data-id=\"75264\" src=\"http:\/\/www.ecoitaliano.com.ar\/wp-content\/uploads\/2025\/06\/alessandro-cadario11-ph-Lorenza-Daverio-1-scaled.jpg\" alt=\"\" class=\"wp-image-75264\" srcset=\"https:\/\/www.ecoitaliano.com.ar\/wp-content\/uploads\/2025\/06\/alessandro-cadario11-ph-Lorenza-Daverio-1-scaled.jpg 1707w, https:\/\/www.ecoitaliano.com.ar\/wp-content\/uploads\/2025\/06\/alessandro-cadario11-ph-Lorenza-Daverio-1-200x300.jpg 200w, https:\/\/www.ecoitaliano.com.ar\/wp-content\/uploads\/2025\/06\/alessandro-cadario11-ph-Lorenza-Daverio-1-683x1024.jpg 683w, https:\/\/www.ecoitaliano.com.ar\/wp-content\/uploads\/2025\/06\/alessandro-cadario11-ph-Lorenza-Daverio-1-768x1152.jpg 768w, https:\/\/www.ecoitaliano.com.ar\/wp-content\/uploads\/2025\/06\/alessandro-cadario11-ph-Lorenza-Daverio-1-1024x1536.jpg 1024w, https:\/\/www.ecoitaliano.com.ar\/wp-content\/uploads\/2025\/06\/alessandro-cadario11-ph-Lorenza-Daverio-1-1365x2048.jpg 1365w, https:\/\/www.ecoitaliano.com.ar\/wp-content\/uploads\/2025\/06\/alessandro-cadario11-ph-Lorenza-Daverio-1-100x150.jpg 100w\" sizes=\"(max-width: 1707px) 100vw, 1707px\" \/><\/figure>\n\n\n\n<figure class=\"wp-block-image\"><img decoding=\"async\" width=\"2000\" height=\"1333\" data-id=\"75265\" src=\"http:\/\/www.ecoitaliano.com.ar\/wp-content\/uploads\/2025\/06\/Cabassi-ph-Daverio-75pomeriggi512.jpg\" alt=\"\" class=\"wp-image-75265\" srcset=\"https:\/\/www.ecoitaliano.com.ar\/wp-content\/uploads\/2025\/06\/Cabassi-ph-Daverio-75pomeriggi512.jpg 2000w, https:\/\/www.ecoitaliano.com.ar\/wp-content\/uploads\/2025\/06\/Cabassi-ph-Daverio-75pomeriggi512-300x200.jpg 300w, https:\/\/www.ecoitaliano.com.ar\/wp-content\/uploads\/2025\/06\/Cabassi-ph-Daverio-75pomeriggi512-1024x682.jpg 1024w, https:\/\/www.ecoitaliano.com.ar\/wp-content\/uploads\/2025\/06\/Cabassi-ph-Daverio-75pomeriggi512-768x512.jpg 768w, https:\/\/www.ecoitaliano.com.ar\/wp-content\/uploads\/2025\/06\/Cabassi-ph-Daverio-75pomeriggi512-1536x1024.jpg 1536w, https:\/\/www.ecoitaliano.com.ar\/wp-content\/uploads\/2025\/06\/Cabassi-ph-Daverio-75pomeriggi512-150x100.jpg 150w\" sizes=\"(max-width: 2000px) 100vw, 2000px\" \/><\/figure>\n\n\n\n<figure class=\"wp-block-image\"><img decoding=\"async\" width=\"2560\" height=\"1707\" data-id=\"75266\" src=\"http:\/\/www.ecoitaliano.com.ar\/wp-content\/uploads\/2025\/06\/Foto-Orchestra-2022-ph-lorenza-daverio-scaled.jpg\" alt=\"\" class=\"wp-image-75266\" srcset=\"https:\/\/www.ecoitaliano.com.ar\/wp-content\/uploads\/2025\/06\/Foto-Orchestra-2022-ph-lorenza-daverio-scaled.jpg 2560w, https:\/\/www.ecoitaliano.com.ar\/wp-content\/uploads\/2025\/06\/Foto-Orchestra-2022-ph-lorenza-daverio-300x200.jpg 300w, https:\/\/www.ecoitaliano.com.ar\/wp-content\/uploads\/2025\/06\/Foto-Orchestra-2022-ph-lorenza-daverio-1024x683.jpg 1024w, https:\/\/www.ecoitaliano.com.ar\/wp-content\/uploads\/2025\/06\/Foto-Orchestra-2022-ph-lorenza-daverio-768x512.jpg 768w, https:\/\/www.ecoitaliano.com.ar\/wp-content\/uploads\/2025\/06\/Foto-Orchestra-2022-ph-lorenza-daverio-1536x1024.jpg 1536w, https:\/\/www.ecoitaliano.com.ar\/wp-content\/uploads\/2025\/06\/Foto-Orchestra-2022-ph-lorenza-daverio-2048x1365.jpg 2048w, https:\/\/www.ecoitaliano.com.ar\/wp-content\/uploads\/2025\/06\/Foto-Orchestra-2022-ph-lorenza-daverio-150x100.jpg 150w\" sizes=\"(max-width: 2560px) 100vw, 2560px\" \/><\/figure>\n\n\n\n<figure class=\"wp-block-image\"><img decoding=\"async\" width=\"2560\" height=\"1707\" data-id=\"75267\" src=\"http:\/\/www.ecoitaliano.com.ar\/wp-content\/uploads\/2025\/06\/Foto-Orchestra-2023-bonato-ph-lorenza-daverio33-scaled.jpg\" alt=\"\" class=\"wp-image-75267\" srcset=\"https:\/\/www.ecoitaliano.com.ar\/wp-content\/uploads\/2025\/06\/Foto-Orchestra-2023-bonato-ph-lorenza-daverio33-scaled.jpg 2560w, https:\/\/www.ecoitaliano.com.ar\/wp-content\/uploads\/2025\/06\/Foto-Orchestra-2023-bonato-ph-lorenza-daverio33-300x200.jpg 300w, https:\/\/www.ecoitaliano.com.ar\/wp-content\/uploads\/2025\/06\/Foto-Orchestra-2023-bonato-ph-lorenza-daverio33-1024x683.jpg 1024w, https:\/\/www.ecoitaliano.com.ar\/wp-content\/uploads\/2025\/06\/Foto-Orchestra-2023-bonato-ph-lorenza-daverio33-768x512.jpg 768w, https:\/\/www.ecoitaliano.com.ar\/wp-content\/uploads\/2025\/06\/Foto-Orchestra-2023-bonato-ph-lorenza-daverio33-1536x1024.jpg 1536w, https:\/\/www.ecoitaliano.com.ar\/wp-content\/uploads\/2025\/06\/Foto-Orchestra-2023-bonato-ph-lorenza-daverio33-2048x1365.jpg 2048w, https:\/\/www.ecoitaliano.com.ar\/wp-content\/uploads\/2025\/06\/Foto-Orchestra-2023-bonato-ph-lorenza-daverio33-150x100.jpg 150w\" sizes=\"(max-width: 2560px) 100vw, 2560px\" \/><\/figure>\n\n\n\n<figure class=\"wp-block-image\"><img decoding=\"async\" width=\"2560\" height=\"1707\" data-id=\"75268\" src=\"http:\/\/www.ecoitaliano.com.ar\/wp-content\/uploads\/2025\/06\/Foto-Orchestra-2023-ph-lorenza-daverio-scaled.jpg\" alt=\"\" class=\"wp-image-75268\" srcset=\"https:\/\/www.ecoitaliano.com.ar\/wp-content\/uploads\/2025\/06\/Foto-Orchestra-2023-ph-lorenza-daverio-scaled.jpg 2560w, https:\/\/www.ecoitaliano.com.ar\/wp-content\/uploads\/2025\/06\/Foto-Orchestra-2023-ph-lorenza-daverio-300x200.jpg 300w, https:\/\/www.ecoitaliano.com.ar\/wp-content\/uploads\/2025\/06\/Foto-Orchestra-2023-ph-lorenza-daverio-1024x683.jpg 1024w, https:\/\/www.ecoitaliano.com.ar\/wp-content\/uploads\/2025\/06\/Foto-Orchestra-2023-ph-lorenza-daverio-768x512.jpg 768w, https:\/\/www.ecoitaliano.com.ar\/wp-content\/uploads\/2025\/06\/Foto-Orchestra-2023-ph-lorenza-daverio-1536x1024.jpg 1536w, https:\/\/www.ecoitaliano.com.ar\/wp-content\/uploads\/2025\/06\/Foto-Orchestra-2023-ph-lorenza-daverio-2048x1365.jpg 2048w, https:\/\/www.ecoitaliano.com.ar\/wp-content\/uploads\/2025\/06\/Foto-Orchestra-2023-ph-lorenza-daverio-150x100.jpg 150w\" sizes=\"(max-width: 2560px) 100vw, 2560px\" \/><\/figure>\n<\/figure>\n","protected":false},"excerpt":{"rendered":"<p>I POMERIGGI MUSICALI IN TOURN\u00c9E ALL\u2019ESTERO IN CROAZIA E SLOVENIA DOPO UNA TAPPA A TRIESTE Continuano i festeggiamenti per gli [&hellip;]<\/p>\n","protected":false},"author":1,"featured_media":0,"comment_status":"open","ping_status":"open","sticky":false,"template":"","format":"standard","meta":{"footnotes":""},"categories":[1],"tags":[],"class_list":["post-75262","post","type-post","status-publish","format-standard","hentry","category-sin-categoria"],"_links":{"self":[{"href":"https:\/\/www.ecoitaliano.com.ar\/index.php?rest_route=\/wp\/v2\/posts\/75262","targetHints":{"allow":["GET"]}}],"collection":[{"href":"https:\/\/www.ecoitaliano.com.ar\/index.php?rest_route=\/wp\/v2\/posts"}],"about":[{"href":"https:\/\/www.ecoitaliano.com.ar\/index.php?rest_route=\/wp\/v2\/types\/post"}],"author":[{"embeddable":true,"href":"https:\/\/www.ecoitaliano.com.ar\/index.php?rest_route=\/wp\/v2\/users\/1"}],"replies":[{"embeddable":true,"href":"https:\/\/www.ecoitaliano.com.ar\/index.php?rest_route=%2Fwp%2Fv2%2Fcomments&post=75262"}],"version-history":[{"count":1,"href":"https:\/\/www.ecoitaliano.com.ar\/index.php?rest_route=\/wp\/v2\/posts\/75262\/revisions"}],"predecessor-version":[{"id":75269,"href":"https:\/\/www.ecoitaliano.com.ar\/index.php?rest_route=\/wp\/v2\/posts\/75262\/revisions\/75269"}],"wp:attachment":[{"href":"https:\/\/www.ecoitaliano.com.ar\/index.php?rest_route=%2Fwp%2Fv2%2Fmedia&parent=75262"}],"wp:term":[{"taxonomy":"category","embeddable":true,"href":"https:\/\/www.ecoitaliano.com.ar\/index.php?rest_route=%2Fwp%2Fv2%2Fcategories&post=75262"},{"taxonomy":"post_tag","embeddable":true,"href":"https:\/\/www.ecoitaliano.com.ar\/index.php?rest_route=%2Fwp%2Fv2%2Ftags&post=75262"}],"curies":[{"name":"wp","href":"https:\/\/api.w.org\/{rel}","templated":true}]}}