{"id":75270,"date":"2025-06-20T16:38:25","date_gmt":"2025-06-20T16:38:25","guid":{"rendered":"https:\/\/www.ecoitaliano.com.ar\/?p=75270"},"modified":"2025-06-20T16:38:25","modified_gmt":"2025-06-20T16:38:25","slug":"serena-conduce-operaclassica-eco-italiano-4444","status":"publish","type":"post","link":"https:\/\/www.ecoitaliano.com.ar\/?p=75270","title":{"rendered":"Serena conduce operaclassica eco italiano"},"content":{"rendered":"\n<figure class=\"wp-block-image size-large is-resized\"><a href=\"https:\/\/www.ecoitaliano.com.ar\/wp-content\/uploads\/2025\/06\/image-41.png\"><img decoding=\"async\" width=\"1024\" height=\"251\" src=\"https:\/\/www.ecoitaliano.com.ar\/wp-content\/uploads\/2025\/06\/image-41-1024x251.png\" alt=\"\" class=\"wp-image-75271\" style=\"width:278px;height:auto\" srcset=\"https:\/\/www.ecoitaliano.com.ar\/wp-content\/uploads\/2025\/06\/image-41-1024x251.png 1024w, https:\/\/www.ecoitaliano.com.ar\/wp-content\/uploads\/2025\/06\/image-41-300x74.png 300w, https:\/\/www.ecoitaliano.com.ar\/wp-content\/uploads\/2025\/06\/image-41-768x188.png 768w, https:\/\/www.ecoitaliano.com.ar\/wp-content\/uploads\/2025\/06\/image-41-1536x377.png 1536w, https:\/\/www.ecoitaliano.com.ar\/wp-content\/uploads\/2025\/06\/image-41-2048x503.png 2048w, https:\/\/www.ecoitaliano.com.ar\/wp-content\/uploads\/2025\/06\/image-41-150x37.png 150w\" sizes=\"(max-width: 1024px) 100vw, 1024px\" \/><\/a><\/figure>\n\n\n\n<figure class=\"wp-block-table\"><table><tbody><tr><td><strong>COMUNICATO STAMPA<\/strong><br><strong>Fondazione Teatro Massimo e Cassa Depositi e Prestiti<\/strong><strong>insieme per le nuove generazioni<\/strong><br>\u00a0<strong>Un weekend di musica con le formazioni giovanili<\/strong><em>Palermo 19 giugno 2025<\/em>\u00a0\u2013 La\u00a0<strong>Fondazione Teatro Massimo di Palermo<\/strong>\u00a0e\u00a0<strong>Cassa Depositi e Prestiti (CDP)<\/strong>, rinnovano la loro partnership e rafforzano l&#8217;impegno a favore delle formazioni giovanili del Teatro Massimo: la\u00a0<strong>Massimo Kids Orchestra<\/strong>\u00a0e la\u00a0<strong>Massimo Youth Orchestra<\/strong>, dirette dal\u00a0<strong>Maestro Michele De Luca<\/strong>.<br><br>La collaborazione conferma l&#8217;attenzione di\u00a0<strong>CDP<\/strong>\u00a0al valore etico dell&#8217;arte e all&#8217;investimento nelle nuove generazioni. Grazie a questo supporto le orchestre giovanili, composte da circa\u00a0<strong>200 talentuosi musicisti di et\u00e0 compresa tra i 7 e i 23 anni<\/strong>, possono consolidare le attivit\u00e0 che li vedono sempre pi\u00f9 impegnati nella vita culturale della citt\u00e0 di Palermo ma che intessono importanti collaborazioni anche con altre realt\u00e0 musicali nazionali, come la JuniOrchestra dell&#8217;Accademia di Santa Cecilia.<br><br>Il contributo di\u00a0<strong>CDP<\/strong>\u00a0permette al Teatro Massimo di ampliare ulteriormente l&#8217;offerta di alta formazione musicale rivolta ai giovani talenti. Attraverso questo percorso di crescita artistica i ragazzi sviluppano non solo competenze musicali, ma anche valori essenziali come la cooperazione, il rispetto delle diversit\u00e0 e un forte senso di appartenenza a una comunit\u00e0.<br><br><strong>UN WEEKEND DI MUSICA PER LA CITT\u00c1<\/strong><br>Sabato\u00a0<strong>21 giugno<\/strong>\u00a0alle<strong>\u00a010:30<\/strong>, sulla\u00a0<strong>Scalinata monumentale del Teatro Massimo<\/strong>, la\u00a0<strong>Marching Band<\/strong>\u00a0della\u00a0<strong>Massimo Kids &amp; Youth Orchestra<\/strong>, diretta dal<strong>\u00a0M<\/strong><strong>aestro Vincenzo Alioto<\/strong>, sar\u00e0 protagonista di un concerto aperto alla citt\u00e0 (ingresso gratuito). L&#8217;evento celebra la\u00a0<strong>Festa della Musica<\/strong>\u00a0e\u00a0<strong>dar\u00e0 il via al<\/strong><strong>l\u2019ampio<\/strong><strong>\u00a0programma di concerti che\u00a0<\/strong><strong>anche con il contributo di\u00a0<\/strong><strong>Cassa<\/strong><strong>\u00a0<\/strong><strong>Depositi e Prestiti<\/strong><strong>\u00a0<\/strong><strong>i<\/strong><strong>mpegner\u00e0 le orchestre giovanili durante tutta l&#8217;estate<\/strong>.\u00a0<strong>D<\/strong><strong>omenica 22 giugno<\/strong>, alle<strong>\u00a019:00<\/strong>, nella\u00a0<strong>Sala degli Stemmi\u00a0<\/strong><strong>del Teatro Massimo<\/strong>, con il\u00a0<strong>r<\/strong><strong>ecital\u00a0<\/strong><strong>p<\/strong><strong>ianistico<\/strong>\u00a0<strong>\u00ab<\/strong><strong>Piano Young<\/strong><strong>\u201d<\/strong>saranno protagoniste le giovani pianiste\u00a0<strong>Sara La Barbera<\/strong>,\u00a0<strong>Claire Monteleone<\/strong>\u00a0e\u00a0<strong>Serena De Giorgi<\/strong>.<strong>COMUNICATO <\/strong><br><strong>Giovannella Brancato<\/strong><br>Responsabile Ufficio Stampa<br>Fondazione Teatro Massimo<br>+39 340 8334979<br><a href=\"mailto:stampa@teatromassimo.it\" target=\"_blank\" rel=\"noreferrer noopener\">stampa@teatromassimo.it<\/a><img decoding=\"async\" width=\"564\" src=\"https:\/\/mcusercontent.com\/688db6dfe63921ea63e68e7e3\/images\/7b62f062-d9a7-c9b1-124f-a065c5e50681.jpg\" alt=\"\"><img decoding=\"async\" width=\"564\" src=\"https:\/\/mcusercontent.com\/688db6dfe63921ea63e68e7e3\/images\/07855ae2-d991-4570-5a2b-f17588dbac51.jpg\" alt=\"\"><\/td><\/tr><tr><td><\/td><\/tr><\/tbody><\/table><\/figure>\n\n\n\n<p>foto<\/p>\n\n\n\n<figure class=\"wp-block-gallery has-nested-images columns-default is-cropped wp-block-gallery-1 is-layout-flex wp-block-gallery-is-layout-flex\">\n<figure class=\"wp-block-image size-large\"><a href=\"https:\/\/www.ecoitaliano.com.ar\/wp-content\/uploads\/2025\/06\/la-giovane-pianista-Claire-Monteleone_Teatro-Massimo-Palermo.jpg\"><img decoding=\"async\" width=\"1024\" height=\"683\" data-id=\"75272\" src=\"https:\/\/www.ecoitaliano.com.ar\/wp-content\/uploads\/2025\/06\/la-giovane-pianista-Claire-Monteleone_Teatro-Massimo-Palermo-1024x683.jpg\" alt=\"\" class=\"wp-image-75272\" srcset=\"https:\/\/www.ecoitaliano.com.ar\/wp-content\/uploads\/2025\/06\/la-giovane-pianista-Claire-Monteleone_Teatro-Massimo-Palermo-1024x683.jpg 1024w, https:\/\/www.ecoitaliano.com.ar\/wp-content\/uploads\/2025\/06\/la-giovane-pianista-Claire-Monteleone_Teatro-Massimo-Palermo-300x200.jpg 300w, https:\/\/www.ecoitaliano.com.ar\/wp-content\/uploads\/2025\/06\/la-giovane-pianista-Claire-Monteleone_Teatro-Massimo-Palermo-768x512.jpg 768w, https:\/\/www.ecoitaliano.com.ar\/wp-content\/uploads\/2025\/06\/la-giovane-pianista-Claire-Monteleone_Teatro-Massimo-Palermo-150x100.jpg 150w, https:\/\/www.ecoitaliano.com.ar\/wp-content\/uploads\/2025\/06\/la-giovane-pianista-Claire-Monteleone_Teatro-Massimo-Palermo.jpg 1200w\" sizes=\"(max-width: 1024px) 100vw, 1024px\" \/><\/a><\/figure>\n\n\n\n<figure class=\"wp-block-image size-large\"><a href=\"https:\/\/www.ecoitaliano.com.ar\/wp-content\/uploads\/2025\/06\/Massimo-Kids-Orchestra-del-Teatro-Massimo-di-Palermo-\u252c\u00ae-rosellina-garbo-2023-_GRG2664.jpeg\"><img decoding=\"async\" width=\"1024\" height=\"683\" data-id=\"75273\" src=\"https:\/\/www.ecoitaliano.com.ar\/wp-content\/uploads\/2025\/06\/Massimo-Kids-Orchestra-del-Teatro-Massimo-di-Palermo-\u252c\u00ae-rosellina-garbo-2023-_GRG2664-1024x683.jpeg\" alt=\"\" class=\"wp-image-75273\" srcset=\"https:\/\/www.ecoitaliano.com.ar\/wp-content\/uploads\/2025\/06\/Massimo-Kids-Orchestra-del-Teatro-Massimo-di-Palermo-\u252c\u00ae-rosellina-garbo-2023-_GRG2664-1024x683.jpeg 1024w, https:\/\/www.ecoitaliano.com.ar\/wp-content\/uploads\/2025\/06\/Massimo-Kids-Orchestra-del-Teatro-Massimo-di-Palermo-\u252c\u00ae-rosellina-garbo-2023-_GRG2664-300x200.jpeg 300w, https:\/\/www.ecoitaliano.com.ar\/wp-content\/uploads\/2025\/06\/Massimo-Kids-Orchestra-del-Teatro-Massimo-di-Palermo-\u252c\u00ae-rosellina-garbo-2023-_GRG2664-768x512.jpeg 768w, https:\/\/www.ecoitaliano.com.ar\/wp-content\/uploads\/2025\/06\/Massimo-Kids-Orchestra-del-Teatro-Massimo-di-Palermo-\u252c\u00ae-rosellina-garbo-2023-_GRG2664-150x100.jpeg 150w, https:\/\/www.ecoitaliano.com.ar\/wp-content\/uploads\/2025\/06\/Massimo-Kids-Orchestra-del-Teatro-Massimo-di-Palermo-\u252c\u00ae-rosellina-garbo-2023-_GRG2664.jpeg 1050w\" sizes=\"(max-width: 1024px) 100vw, 1024px\" \/><\/a><\/figure>\n\n\n\n<figure class=\"wp-block-image size-large\"><a href=\"https:\/\/www.ecoitaliano.com.ar\/wp-content\/uploads\/2025\/06\/Massimo-Kids-Orchestra_Teatro-Massimo-Palermo-ph.-\u252c\u00ae-Franco-Lannino-IMG_1718.jpeg\"><img decoding=\"async\" width=\"1024\" height=\"683\" data-id=\"75274\" src=\"https:\/\/www.ecoitaliano.com.ar\/wp-content\/uploads\/2025\/06\/Massimo-Kids-Orchestra_Teatro-Massimo-Palermo-ph.-\u252c\u00ae-Franco-Lannino-IMG_1718-1024x683.jpeg\" alt=\"\" class=\"wp-image-75274\" srcset=\"https:\/\/www.ecoitaliano.com.ar\/wp-content\/uploads\/2025\/06\/Massimo-Kids-Orchestra_Teatro-Massimo-Palermo-ph.-\u252c\u00ae-Franco-Lannino-IMG_1718-1024x683.jpeg 1024w, https:\/\/www.ecoitaliano.com.ar\/wp-content\/uploads\/2025\/06\/Massimo-Kids-Orchestra_Teatro-Massimo-Palermo-ph.-\u252c\u00ae-Franco-Lannino-IMG_1718-300x200.jpeg 300w, https:\/\/www.ecoitaliano.com.ar\/wp-content\/uploads\/2025\/06\/Massimo-Kids-Orchestra_Teatro-Massimo-Palermo-ph.-\u252c\u00ae-Franco-Lannino-IMG_1718-768x512.jpeg 768w, https:\/\/www.ecoitaliano.com.ar\/wp-content\/uploads\/2025\/06\/Massimo-Kids-Orchestra_Teatro-Massimo-Palermo-ph.-\u252c\u00ae-Franco-Lannino-IMG_1718-150x100.jpeg 150w, https:\/\/www.ecoitaliano.com.ar\/wp-content\/uploads\/2025\/06\/Massimo-Kids-Orchestra_Teatro-Massimo-Palermo-ph.-\u252c\u00ae-Franco-Lannino-IMG_1718.jpeg 1296w\" sizes=\"(max-width: 1024px) 100vw, 1024px\" \/><\/a><\/figure>\n\n\n\n<figure class=\"wp-block-image size-large\"><a href=\"https:\/\/www.ecoitaliano.com.ar\/wp-content\/uploads\/2025\/06\/Massimo-Youth-Orchestra_Teatro-Massimo-Palermo-foto-\u252c\u00ae-Franco-Lannino-IMG_7866.jpeg\"><img decoding=\"async\" width=\"1024\" height=\"683\" data-id=\"75275\" src=\"https:\/\/www.ecoitaliano.com.ar\/wp-content\/uploads\/2025\/06\/Massimo-Youth-Orchestra_Teatro-Massimo-Palermo-foto-\u252c\u00ae-Franco-Lannino-IMG_7866-1024x683.jpeg\" alt=\"\" class=\"wp-image-75275\" srcset=\"https:\/\/www.ecoitaliano.com.ar\/wp-content\/uploads\/2025\/06\/Massimo-Youth-Orchestra_Teatro-Massimo-Palermo-foto-\u252c\u00ae-Franco-Lannino-IMG_7866-1024x683.jpeg 1024w, https:\/\/www.ecoitaliano.com.ar\/wp-content\/uploads\/2025\/06\/Massimo-Youth-Orchestra_Teatro-Massimo-Palermo-foto-\u252c\u00ae-Franco-Lannino-IMG_7866-300x200.jpeg 300w, https:\/\/www.ecoitaliano.com.ar\/wp-content\/uploads\/2025\/06\/Massimo-Youth-Orchestra_Teatro-Massimo-Palermo-foto-\u252c\u00ae-Franco-Lannino-IMG_7866-768x512.jpeg 768w, https:\/\/www.ecoitaliano.com.ar\/wp-content\/uploads\/2025\/06\/Massimo-Youth-Orchestra_Teatro-Massimo-Palermo-foto-\u252c\u00ae-Franco-Lannino-IMG_7866-150x100.jpeg 150w, https:\/\/www.ecoitaliano.com.ar\/wp-content\/uploads\/2025\/06\/Massimo-Youth-Orchestra_Teatro-Massimo-Palermo-foto-\u252c\u00ae-Franco-Lannino-IMG_7866.jpeg 1451w\" sizes=\"(max-width: 1024px) 100vw, 1024px\" \/><\/a><\/figure>\n\n\n\n<figure class=\"wp-block-image size-large\"><a href=\"https:\/\/www.ecoitaliano.com.ar\/wp-content\/uploads\/2025\/06\/Massimo-Youth-Orchestra_Teatro-Massimo-Palermo_IMG_0080.jpg\"><img decoding=\"async\" width=\"1024\" height=\"683\" data-id=\"75276\" src=\"https:\/\/www.ecoitaliano.com.ar\/wp-content\/uploads\/2025\/06\/Massimo-Youth-Orchestra_Teatro-Massimo-Palermo_IMG_0080-1024x683.jpg\" alt=\"\" class=\"wp-image-75276\" srcset=\"https:\/\/www.ecoitaliano.com.ar\/wp-content\/uploads\/2025\/06\/Massimo-Youth-Orchestra_Teatro-Massimo-Palermo_IMG_0080-1024x683.jpg 1024w, https:\/\/www.ecoitaliano.com.ar\/wp-content\/uploads\/2025\/06\/Massimo-Youth-Orchestra_Teatro-Massimo-Palermo_IMG_0080-300x200.jpg 300w, https:\/\/www.ecoitaliano.com.ar\/wp-content\/uploads\/2025\/06\/Massimo-Youth-Orchestra_Teatro-Massimo-Palermo_IMG_0080-768x512.jpg 768w, https:\/\/www.ecoitaliano.com.ar\/wp-content\/uploads\/2025\/06\/Massimo-Youth-Orchestra_Teatro-Massimo-Palermo_IMG_0080-1536x1025.jpg 1536w, https:\/\/www.ecoitaliano.com.ar\/wp-content\/uploads\/2025\/06\/Massimo-Youth-Orchestra_Teatro-Massimo-Palermo_IMG_0080-150x100.jpg 150w, https:\/\/www.ecoitaliano.com.ar\/wp-content\/uploads\/2025\/06\/Massimo-Youth-Orchestra_Teatro-Massimo-Palermo_IMG_0080.jpg 1814w\" sizes=\"(max-width: 1024px) 100vw, 1024px\" \/><\/a><\/figure>\n\n\n\n<figure class=\"wp-block-image size-large\"><a href=\"https:\/\/www.ecoitaliano.com.ar\/wp-content\/uploads\/2025\/06\/Michele-De-Luca-Samuele-Palumbo-Massimo-Youth-Orchestra-\u252c\u00ae-rosellina-garbo-2024-_GRG9556.jpeg\"><img decoding=\"async\" width=\"1024\" height=\"683\" data-id=\"75277\" src=\"https:\/\/www.ecoitaliano.com.ar\/wp-content\/uploads\/2025\/06\/Michele-De-Luca-Samuele-Palumbo-Massimo-Youth-Orchestra-\u252c\u00ae-rosellina-garbo-2024-_GRG9556-1024x683.jpeg\" alt=\"\" class=\"wp-image-75277\" srcset=\"https:\/\/www.ecoitaliano.com.ar\/wp-content\/uploads\/2025\/06\/Michele-De-Luca-Samuele-Palumbo-Massimo-Youth-Orchestra-\u252c\u00ae-rosellina-garbo-2024-_GRG9556-1024x683.jpeg 1024w, https:\/\/www.ecoitaliano.com.ar\/wp-content\/uploads\/2025\/06\/Michele-De-Luca-Samuele-Palumbo-Massimo-Youth-Orchestra-\u252c\u00ae-rosellina-garbo-2024-_GRG9556-300x200.jpeg 300w, https:\/\/www.ecoitaliano.com.ar\/wp-content\/uploads\/2025\/06\/Michele-De-Luca-Samuele-Palumbo-Massimo-Youth-Orchestra-\u252c\u00ae-rosellina-garbo-2024-_GRG9556-768x512.jpeg 768w, https:\/\/www.ecoitaliano.com.ar\/wp-content\/uploads\/2025\/06\/Michele-De-Luca-Samuele-Palumbo-Massimo-Youth-Orchestra-\u252c\u00ae-rosellina-garbo-2024-_GRG9556-150x100.jpeg 150w, https:\/\/www.ecoitaliano.com.ar\/wp-content\/uploads\/2025\/06\/Michele-De-Luca-Samuele-Palumbo-Massimo-Youth-Orchestra-\u252c\u00ae-rosellina-garbo-2024-_GRG9556.jpeg 1344w\" sizes=\"(max-width: 1024px) 100vw, 1024px\" \/><\/a><figcaption class=\"wp-element-caption\">ph \u00a9 rosellina garbo<\/figcaption><\/figure>\n\n\n\n<figure class=\"wp-block-image size-large\"><a href=\"https:\/\/www.ecoitaliano.com.ar\/wp-content\/uploads\/2025\/06\/Samuele-Palumbo-Massimo-Youth-Orchestra-\u252c\u00ae-rosellina-garbo-2024-_GRG9580.jpeg\"><img decoding=\"async\" width=\"1024\" height=\"683\" data-id=\"75278\" src=\"https:\/\/www.ecoitaliano.com.ar\/wp-content\/uploads\/2025\/06\/Samuele-Palumbo-Massimo-Youth-Orchestra-\u252c\u00ae-rosellina-garbo-2024-_GRG9580-1024x683.jpeg\" alt=\"\" class=\"wp-image-75278\" srcset=\"https:\/\/www.ecoitaliano.com.ar\/wp-content\/uploads\/2025\/06\/Samuele-Palumbo-Massimo-Youth-Orchestra-\u252c\u00ae-rosellina-garbo-2024-_GRG9580-1024x683.jpeg 1024w, https:\/\/www.ecoitaliano.com.ar\/wp-content\/uploads\/2025\/06\/Samuele-Palumbo-Massimo-Youth-Orchestra-\u252c\u00ae-rosellina-garbo-2024-_GRG9580-300x200.jpeg 300w, https:\/\/www.ecoitaliano.com.ar\/wp-content\/uploads\/2025\/06\/Samuele-Palumbo-Massimo-Youth-Orchestra-\u252c\u00ae-rosellina-garbo-2024-_GRG9580-768x512.jpeg 768w, https:\/\/www.ecoitaliano.com.ar\/wp-content\/uploads\/2025\/06\/Samuele-Palumbo-Massimo-Youth-Orchestra-\u252c\u00ae-rosellina-garbo-2024-_GRG9580-150x100.jpeg 150w, https:\/\/www.ecoitaliano.com.ar\/wp-content\/uploads\/2025\/06\/Samuele-Palumbo-Massimo-Youth-Orchestra-\u252c\u00ae-rosellina-garbo-2024-_GRG9580.jpeg 1344w\" sizes=\"(max-width: 1024px) 100vw, 1024px\" \/><\/a><figcaption class=\"wp-element-caption\">ph \u00a9 rosellina garbo<\/figcaption><\/figure>\n\n\n\n<figure class=\"wp-block-image size-large\"><a href=\"https:\/\/www.ecoitaliano.com.ar\/wp-content\/uploads\/2025\/06\/scalinata-monumentale-Teatro-Massimo-Palermo.jpg\"><img decoding=\"async\" width=\"1024\" height=\"683\" data-id=\"75279\" src=\"https:\/\/www.ecoitaliano.com.ar\/wp-content\/uploads\/2025\/06\/scalinata-monumentale-Teatro-Massimo-Palermo-1024x683.jpg\" alt=\"\" class=\"wp-image-75279\" srcset=\"https:\/\/www.ecoitaliano.com.ar\/wp-content\/uploads\/2025\/06\/scalinata-monumentale-Teatro-Massimo-Palermo-1024x683.jpg 1024w, https:\/\/www.ecoitaliano.com.ar\/wp-content\/uploads\/2025\/06\/scalinata-monumentale-Teatro-Massimo-Palermo-300x200.jpg 300w, https:\/\/www.ecoitaliano.com.ar\/wp-content\/uploads\/2025\/06\/scalinata-monumentale-Teatro-Massimo-Palermo-768x512.jpg 768w, https:\/\/www.ecoitaliano.com.ar\/wp-content\/uploads\/2025\/06\/scalinata-monumentale-Teatro-Massimo-Palermo-150x100.jpg 150w, https:\/\/www.ecoitaliano.com.ar\/wp-content\/uploads\/2025\/06\/scalinata-monumentale-Teatro-Massimo-Palermo.jpg 1200w\" sizes=\"(max-width: 1024px) 100vw, 1024px\" \/><\/a><\/figure>\n<\/figure>\n","protected":false},"excerpt":{"rendered":"<p>COMUNICATO STAMPAFondazione Teatro Massimo e Cassa Depositi e Prestitiinsieme per le nuove generazioni\u00a0Un weekend di musica con le formazioni giovaniliPalermo [&hellip;]<\/p>\n","protected":false},"author":1,"featured_media":0,"comment_status":"open","ping_status":"open","sticky":false,"template":"","format":"standard","meta":{"footnotes":""},"categories":[1],"tags":[],"class_list":["post-75270","post","type-post","status-publish","format-standard","hentry","category-sin-categoria"],"_links":{"self":[{"href":"https:\/\/www.ecoitaliano.com.ar\/index.php?rest_route=\/wp\/v2\/posts\/75270","targetHints":{"allow":["GET"]}}],"collection":[{"href":"https:\/\/www.ecoitaliano.com.ar\/index.php?rest_route=\/wp\/v2\/posts"}],"about":[{"href":"https:\/\/www.ecoitaliano.com.ar\/index.php?rest_route=\/wp\/v2\/types\/post"}],"author":[{"embeddable":true,"href":"https:\/\/www.ecoitaliano.com.ar\/index.php?rest_route=\/wp\/v2\/users\/1"}],"replies":[{"embeddable":true,"href":"https:\/\/www.ecoitaliano.com.ar\/index.php?rest_route=%2Fwp%2Fv2%2Fcomments&post=75270"}],"version-history":[{"count":1,"href":"https:\/\/www.ecoitaliano.com.ar\/index.php?rest_route=\/wp\/v2\/posts\/75270\/revisions"}],"predecessor-version":[{"id":75280,"href":"https:\/\/www.ecoitaliano.com.ar\/index.php?rest_route=\/wp\/v2\/posts\/75270\/revisions\/75280"}],"wp:attachment":[{"href":"https:\/\/www.ecoitaliano.com.ar\/index.php?rest_route=%2Fwp%2Fv2%2Fmedia&parent=75270"}],"wp:term":[{"taxonomy":"category","embeddable":true,"href":"https:\/\/www.ecoitaliano.com.ar\/index.php?rest_route=%2Fwp%2Fv2%2Fcategories&post=75270"},{"taxonomy":"post_tag","embeddable":true,"href":"https:\/\/www.ecoitaliano.com.ar\/index.php?rest_route=%2Fwp%2Fv2%2Ftags&post=75270"}],"curies":[{"name":"wp","href":"https:\/\/api.w.org\/{rel}","templated":true}]}}