{"id":75298,"date":"2025-06-20T16:53:49","date_gmt":"2025-06-20T16:53:49","guid":{"rendered":"https:\/\/www.ecoitaliano.com.ar\/?p=75298"},"modified":"2025-06-20T16:53:49","modified_gmt":"2025-06-20T16:53:49","slug":"serena-conduce-operaclassica-eco-italiano-4446","status":"publish","type":"post","link":"https:\/\/www.ecoitaliano.com.ar\/?p=75298","title":{"rendered":"Serena conduce operaclassica eco italiano"},"content":{"rendered":"\n<figure class=\"wp-block-image size-full is-resized\"><a href=\"http:\/\/www.ecoitaliano.com.ar\/wp-content\/uploads\/2025\/06\/a3e520a2-f592-4b4c-bf01-ae00f7e88b72.png\"><img decoding=\"async\" width=\"400\" height=\"105\" src=\"http:\/\/www.ecoitaliano.com.ar\/wp-content\/uploads\/2025\/06\/a3e520a2-f592-4b4c-bf01-ae00f7e88b72.png\" alt=\"\" class=\"wp-image-75299\" style=\"width:312px;height:auto\" srcset=\"https:\/\/www.ecoitaliano.com.ar\/wp-content\/uploads\/2025\/06\/a3e520a2-f592-4b4c-bf01-ae00f7e88b72.png 400w, https:\/\/www.ecoitaliano.com.ar\/wp-content\/uploads\/2025\/06\/a3e520a2-f592-4b4c-bf01-ae00f7e88b72-300x79.png 300w, https:\/\/www.ecoitaliano.com.ar\/wp-content\/uploads\/2025\/06\/a3e520a2-f592-4b4c-bf01-ae00f7e88b72-150x39.png 150w\" sizes=\"(max-width: 400px) 100vw, 400px\" \/><\/a><\/figure>\n\n\n\n<p>COMUNICATO STAMPA<\/p>\n\n\n\n<p><strong>\u201cCANTO PER SANTA ROSALIA\u201d<\/strong><\/p>\n\n\n\n<p><strong>&nbsp;L\u2019omaggio del Teatro Massimo per i 400 anni del Festino<\/strong><\/p>\n\n\n\n<p><strong>&nbsp;Il concerto inaugurale dell&#8217;estate tra sacro e profano<\/strong><\/p>\n\n\n\n<p><em>Palermo, 20 giugno 2025.<\/em> Il Teatro Massimo di Palermo inaugura con \u00ab<strong>Canto per Santa Rosalia<\/strong>\u00bb la stagione estiva di spettacoli e concerti <strong>domenica 22 giugno alle 21:00<\/strong> in <strong>Sala Grande<\/strong>, rendendo omaggio alla S<em>antuzza<\/em> patrona della citt\u00e0, in occasione del quattrocentesimo anniversario del primo Festino. Il concerto inaugurale vedr\u00e0 la <strong>prima esecuzione assoluta<\/strong> di <strong><em>CantVs. Canto per Santa Rosalia<\/em><\/strong>, un&#8217;opera appositamente commissionata dalla Fondazione alla talentuosa compositrice <strong>Maria Chiara Cas\u00e0<\/strong>. E un programma di musiche corali, sacre e profane, di <strong>Gabriel Faur\u00e9<\/strong> che vede protagonisti il <strong>Coro<\/strong> e il <strong>Coro di voci bianche<\/strong> del Teatro Massimo, diretti dal Maestro del Coro della Fondazione, <strong>Salvatore Punturo<\/strong>. Solisti il s<em>oprano <\/em><strong>Gabriella Barresi<\/strong>, ilmezzosoprano <strong>Loredana Megna<\/strong>, il contralto<strong>Maria Rosalia Gottuso<\/strong>, il tenore<strong>Gianmarco Randazzo. <\/strong><em>Vanniaturi <\/em>del<em> <strong>CantVs<\/strong> <\/em><strong>Biagio Di Ges\u00f9<\/strong>. Al pianoforte <strong>Claudio Marchetti<\/strong>.<\/p>\n\n\n\n<p>Il programma musicale accostaalla composizione di <strong>Maria Chiara Cas\u00e0<\/strong> le pagine di <strong>Faur\u00e9 <\/strong>creando due &#8216;pannelli&#8217;: uno dedicato a composizioni sacre, nate dal fervore religioso, e l&#8217;altro a pagine profane che esplorano vari aspetti della vita. Questa dualit\u00e0 rispecchia l&#8217;anima stessa del Festino, fulcro della vita palermitana, che \u00e8 al tempo stesso espressione di profonda religiosit\u00e0 collettiva e una celebrazione festosa in ogni suo aspetto.<\/p>\n\n\n\n<figure class=\"wp-block-table\"><table><tbody><tr><td><\/td><\/tr><tr><td><\/td><td><img decoding=\"async\" width=\"250\" height=\"62\" src=\"\"><\/td><\/tr><\/tbody><\/table><\/figure>\n\n\n\n<p>\u00abHo solo ricordi positivi dei miei anni vissuti a Palermo \u2013 commenta <strong>Maria Chiara Cas\u00e0<\/strong> \u2013 e tra questi uno dei pi\u00f9 belli \u00e8 certamente il Festino. Ricevere la commissione dal Teatro Massimo \u00e8 stato un onore &#8230; La sua scrittura ha rappresentato un processo profondamente introspettivo e catartico, pieno di ricordi ed elaborazione\u00bb. In CantVs&nbsp; &#8211; <strong>prosegue<\/strong> &#8211; ho cercato di far convergere in un unico fiume le due celebrazioni per Santa Rosalia, quella sacra e quella profana, partendo da un mormorio di folla lontana che gradualmente si avvicina e si trasforma magmaticamente in preghiera, per confluire poi in un \u201ccontrappunto\u201d tra la preghiera corale e le caratteristiche <em>vanniate<\/em> sotto il carro, in un unico canto\u201d.<\/p>\n\n\n\n<p><strong>Salvatore Punturo.<\/strong> Da settembre 2022 ricopre il ruolo di <strong>Maestro del Coro<\/strong> del Teatro Massimo di Palermo. Si \u00e8 diplomato in pianoforte con il massimo dei voti e la lode presso il Conservatorio di Palermo, dove ha proseguito, inoltre, gli studi di composizione. Vincitore, da solista, di numerosi premi in concorsi nazionali e internazionali, si \u00e8 distinto anche per la musica da camera, in duo con il fratello violinista. Ha perfezionato i suoi studi dapprima con Pier Narciso Masi e in seguito con Boris Petrushanskj. Ha suonato per diverse associazioni musicali in Italia e all&#8217;estero, in Belgio, in<\/p>\n\n\n\n<p>Portogallo e in America, dove ha collaborato con la Wayne State University e il Michigan Opera Theatre di Detroit. \u00c8 docente di Lettura della Partitura presso il Conservatorio di Palermo. Dal 2003 dirige il Coro di voci bianche del Teatro Massimo di Palermo, al quale si sono aggiunte in anni recenti altre formazioni corali giovanili della Fondazione.<\/p>\n\n\n\n<p><strong>Maria Chiara Cas\u00e0<\/strong> (1994) <strong>Compositrice, pianista, tastierista e direttore d\u2019Orchestra<\/strong> <strong>Maria Chiara Cas\u00e0<\/strong> \u00e8 autrice di musica sinfonica, da camera, leggera per il teatro e per il cinema. Diplomata in Pianoforte, Composizione per la musica applicata, Direzione d\u2019Orchestra e Composizione con Giovanni D\u2019Aquila. Il suo linguaggio musicale spazia tra le principali tecniche della musica d&#8217;avanguardia, con particolare attenzione al minimalismo, al neotonalismo, allo spettralismo e anche brani con riferimenti alla musica pop. Ha ottenuto commissioni da vari teatri italiani e diverse esecuzioni in tutta Europa. Le sue opere sono edite e pubblicate da Casa Musicale Sonzogno e Universal Edition. Tra gli ultimi lavori le colonne sonore per il cinema: \u201cBoris 4\u201d (distrib. Disney+), \u201cDaemon mind\u201d, \u201cDimension slip\u201d, \u201cIl tempo della tartaruga\u201d (CSC Palermo) e le musiche di scena per \u201cAssassini\u201d, regia di Massimo Venturiello e \u201cIl Miracolo\u201d di e con Salvatore Riggi.<\/p>\n\n\n\n<p><strong><u>PROGRAMMA<\/u><\/strong><\/p>\n\n\n\n<p><strong>22 giugno ore 21.00 \u2013 Sala Grande del Teatro Massimo<\/strong><\/p>\n\n\n\n<p><strong>CANTO PER SANTA ROSALIA<\/strong><\/p>\n\n\n\n<p><em>Direttore <\/em><strong>Salvatore Punturo<\/strong><\/p>\n\n\n\n<p><strong>Coro e Coro di voci bianche del Teatro Massimo<\/strong><\/p>\n\n\n\n<p><em>Pianoforte<\/em> <strong>Claudio Marchetti<\/strong><\/p>\n\n\n\n<p><strong>Gabriel Faur\u00e9 <\/strong>(Pamiers, 1845-Parigi, 1924)<\/p>\n\n\n\n<p><em>Ave Maria op. 67<\/em> <em>per coro femminile<\/em><\/p>\n\n\n\n<p><em>Maria, Mater Gratiae op. 47 per coro femminile<\/em><\/p>\n\n\n\n<p><em>Ave Verum e Tantum Ergo op. 65<\/em> <em>per coro femminile<\/em><\/p>\n\n\n\n<p><em>Soprano <\/em><strong>Gabriella Barresi<\/strong><\/p>\n\n\n\n<p><em>Mezzosoprano <\/em><strong>Loredana Megna<\/strong><\/p>\n\n\n\n<p><em>Contralto <\/em><strong>Maria Rosalia Gottuso <\/strong><em>Messe Basse<\/em> <em>per coro di voci bianche<\/em><\/p>\n\n\n\n<figure class=\"wp-block-table\"><table><tbody><tr><td><\/td><\/tr><tr><td><\/td><td><img decoding=\"async\" width=\"250\" height=\"62\" src=\"\"><\/td><\/tr><\/tbody><\/table><\/figure>\n\n\n\n<p><em>Tantum Ergo op. 55 per tenore solo e coro Tenore <\/em><strong>Gianmarco Randazzo<\/strong><\/p>\n\n\n\n<p><strong>Maria Chiara Cas\u00e0 <\/strong>(n. Canicatt\u00ec, 1994)<\/p>\n\n\n\n<p><em>CantVs. Canto per Santa Rosalia<\/em><\/p>\n\n\n\n<p><em>(nuova commissione del Teatro Massimo, in prima esecuzione assoluta)<\/em><\/p>\n\n\n\n<p><em>Vanniaturi <\/em><strong>Biagio Di Ges\u00f9<\/strong><\/p>\n\n\n\n<p><strong>Gabriel Faur\u00e9<\/strong><\/p>\n\n\n\n<p><em>Le Ruisseau op. 22 per mezzosoprano solo e coro femminile Mezzosoprano <\/em><strong>Damiana Li Vecchi<\/strong><\/p>\n\n\n\n<p><em>Madrigal op. 35<\/em><\/p>\n\n\n\n<p><em>Cantique de Jean Racine op. 11<\/em><\/p>\n\n\n\n<p><em>Les Djinns op. 12 Pavane op. 50<\/em><\/p>\n\n\n\n<p>Giovannella Brancato<\/p>\n\n\n\n<p>Ufficio Stampa<\/p>\n\n\n\n<p>Fondazione Teatro Massimo stampa@teatromassimo.it<\/p>\n\n\n\n<p>Foto<\/p>\n\n\n\n<figure class=\"wp-block-gallery has-nested-images columns-default is-cropped wp-block-gallery-1 is-layout-flex wp-block-gallery-is-layout-flex\">\n<figure class=\"wp-block-image size-large\"><a href=\"https:\/\/www.ecoitaliano.com.ar\/wp-content\/uploads\/2025\/06\/Coro-del-Teatro-Massimo_foto-\u252c\u00ae-Franco-Lannino-IMG_0615-scaled.jpeg\"><img decoding=\"async\" width=\"1024\" height=\"683\" data-id=\"75300\" src=\"https:\/\/www.ecoitaliano.com.ar\/wp-content\/uploads\/2025\/06\/Coro-del-Teatro-Massimo_foto-\u252c\u00ae-Franco-Lannino-IMG_0615-1024x683.jpeg\" alt=\"\" class=\"wp-image-75300\" srcset=\"https:\/\/www.ecoitaliano.com.ar\/wp-content\/uploads\/2025\/06\/Coro-del-Teatro-Massimo_foto-\u252c\u00ae-Franco-Lannino-IMG_0615-1024x683.jpeg 1024w, https:\/\/www.ecoitaliano.com.ar\/wp-content\/uploads\/2025\/06\/Coro-del-Teatro-Massimo_foto-\u252c\u00ae-Franco-Lannino-IMG_0615-300x200.jpeg 300w, https:\/\/www.ecoitaliano.com.ar\/wp-content\/uploads\/2025\/06\/Coro-del-Teatro-Massimo_foto-\u252c\u00ae-Franco-Lannino-IMG_0615-768x512.jpeg 768w, https:\/\/www.ecoitaliano.com.ar\/wp-content\/uploads\/2025\/06\/Coro-del-Teatro-Massimo_foto-\u252c\u00ae-Franco-Lannino-IMG_0615-1536x1024.jpeg 1536w, https:\/\/www.ecoitaliano.com.ar\/wp-content\/uploads\/2025\/06\/Coro-del-Teatro-Massimo_foto-\u252c\u00ae-Franco-Lannino-IMG_0615-2048x1365.jpeg 2048w, https:\/\/www.ecoitaliano.com.ar\/wp-content\/uploads\/2025\/06\/Coro-del-Teatro-Massimo_foto-\u252c\u00ae-Franco-Lannino-IMG_0615-150x100.jpeg 150w\" sizes=\"(max-width: 1024px) 100vw, 1024px\" \/><\/a><\/figure>\n\n\n\n<figure class=\"wp-block-image size-large\"><a href=\"https:\/\/www.ecoitaliano.com.ar\/wp-content\/uploads\/2025\/06\/Coro-voci-bianche-Teatro-Massimo-Palermo-2023-Foto-\u252c\u00ae-Franco-Lannino-IMG_1039.jpeg\"><img decoding=\"async\" width=\"1024\" height=\"683\" data-id=\"75301\" src=\"https:\/\/www.ecoitaliano.com.ar\/wp-content\/uploads\/2025\/06\/Coro-voci-bianche-Teatro-Massimo-Palermo-2023-Foto-\u252c\u00ae-Franco-Lannino-IMG_1039-1024x683.jpeg\" alt=\"\" class=\"wp-image-75301\" srcset=\"https:\/\/www.ecoitaliano.com.ar\/wp-content\/uploads\/2025\/06\/Coro-voci-bianche-Teatro-Massimo-Palermo-2023-Foto-\u252c\u00ae-Franco-Lannino-IMG_1039-1024x683.jpeg 1024w, https:\/\/www.ecoitaliano.com.ar\/wp-content\/uploads\/2025\/06\/Coro-voci-bianche-Teatro-Massimo-Palermo-2023-Foto-\u252c\u00ae-Franco-Lannino-IMG_1039-300x200.jpeg 300w, https:\/\/www.ecoitaliano.com.ar\/wp-content\/uploads\/2025\/06\/Coro-voci-bianche-Teatro-Massimo-Palermo-2023-Foto-\u252c\u00ae-Franco-Lannino-IMG_1039-768x512.jpeg 768w, https:\/\/www.ecoitaliano.com.ar\/wp-content\/uploads\/2025\/06\/Coro-voci-bianche-Teatro-Massimo-Palermo-2023-Foto-\u252c\u00ae-Franco-Lannino-IMG_1039-150x100.jpeg 150w, https:\/\/www.ecoitaliano.com.ar\/wp-content\/uploads\/2025\/06\/Coro-voci-bianche-Teatro-Massimo-Palermo-2023-Foto-\u252c\u00ae-Franco-Lannino-IMG_1039.jpeg 1451w\" sizes=\"(max-width: 1024px) 100vw, 1024px\" \/><\/a><\/figure>\n\n\n\n<figure class=\"wp-block-image size-large\"><a href=\"https:\/\/www.ecoitaliano.com.ar\/wp-content\/uploads\/2025\/06\/Maria-Chiara-Casa\u2560C.jpg\"><img decoding=\"async\" width=\"675\" height=\"690\" data-id=\"75302\" src=\"https:\/\/www.ecoitaliano.com.ar\/wp-content\/uploads\/2025\/06\/Maria-Chiara-Casa\u2560C.jpg\" alt=\"\" class=\"wp-image-75302\" srcset=\"https:\/\/www.ecoitaliano.com.ar\/wp-content\/uploads\/2025\/06\/Maria-Chiara-Casa\u2560C.jpg 675w, https:\/\/www.ecoitaliano.com.ar\/wp-content\/uploads\/2025\/06\/Maria-Chiara-Casa\u2560C-293x300.jpg 293w, https:\/\/www.ecoitaliano.com.ar\/wp-content\/uploads\/2025\/06\/Maria-Chiara-Casa\u2560C-147x150.jpg 147w\" sizes=\"(max-width: 675px) 100vw, 675px\" \/><\/a><\/figure>\n\n\n\n<figure class=\"wp-block-image size-large\"><a href=\"https:\/\/www.ecoitaliano.com.ar\/wp-content\/uploads\/2025\/06\/Salvatore-Punturo_Maestro-del-Coro-del-Teatro-Massimo-di-Palermo-\u252c\u00ae-rosellina-garbo-2024-_RG_9900.jpg\"><img decoding=\"async\" width=\"1024\" height=\"683\" data-id=\"75303\" src=\"https:\/\/www.ecoitaliano.com.ar\/wp-content\/uploads\/2025\/06\/Salvatore-Punturo_Maestro-del-Coro-del-Teatro-Massimo-di-Palermo-\u252c\u00ae-rosellina-garbo-2024-_RG_9900-1024x683.jpg\" alt=\"\" class=\"wp-image-75303\" srcset=\"https:\/\/www.ecoitaliano.com.ar\/wp-content\/uploads\/2025\/06\/Salvatore-Punturo_Maestro-del-Coro-del-Teatro-Massimo-di-Palermo-\u252c\u00ae-rosellina-garbo-2024-_RG_9900-1024x683.jpg 1024w, https:\/\/www.ecoitaliano.com.ar\/wp-content\/uploads\/2025\/06\/Salvatore-Punturo_Maestro-del-Coro-del-Teatro-Massimo-di-Palermo-\u252c\u00ae-rosellina-garbo-2024-_RG_9900-300x200.jpg 300w, https:\/\/www.ecoitaliano.com.ar\/wp-content\/uploads\/2025\/06\/Salvatore-Punturo_Maestro-del-Coro-del-Teatro-Massimo-di-Palermo-\u252c\u00ae-rosellina-garbo-2024-_RG_9900-768x512.jpg 768w, https:\/\/www.ecoitaliano.com.ar\/wp-content\/uploads\/2025\/06\/Salvatore-Punturo_Maestro-del-Coro-del-Teatro-Massimo-di-Palermo-\u252c\u00ae-rosellina-garbo-2024-_RG_9900-150x100.jpg 150w, https:\/\/www.ecoitaliano.com.ar\/wp-content\/uploads\/2025\/06\/Salvatore-Punturo_Maestro-del-Coro-del-Teatro-Massimo-di-Palermo-\u252c\u00ae-rosellina-garbo-2024-_RG_9900.jpg 1536w\" sizes=\"(max-width: 1024px) 100vw, 1024px\" \/><\/a><figcaption class=\"wp-element-caption\">ph \u00a9 rosellina garbo<\/figcaption><\/figure>\n<\/figure>\n","protected":false},"excerpt":{"rendered":"<p>COMUNICATO STAMPA \u201cCANTO PER SANTA ROSALIA\u201d &nbsp;L\u2019omaggio del Teatro Massimo per i 400 anni del Festino &nbsp;Il concerto inaugurale dell&#8217;estate [&hellip;]<\/p>\n","protected":false},"author":1,"featured_media":0,"comment_status":"open","ping_status":"open","sticky":false,"template":"","format":"standard","meta":{"footnotes":""},"categories":[1],"tags":[],"class_list":["post-75298","post","type-post","status-publish","format-standard","hentry","category-sin-categoria"],"_links":{"self":[{"href":"https:\/\/www.ecoitaliano.com.ar\/index.php?rest_route=\/wp\/v2\/posts\/75298","targetHints":{"allow":["GET"]}}],"collection":[{"href":"https:\/\/www.ecoitaliano.com.ar\/index.php?rest_route=\/wp\/v2\/posts"}],"about":[{"href":"https:\/\/www.ecoitaliano.com.ar\/index.php?rest_route=\/wp\/v2\/types\/post"}],"author":[{"embeddable":true,"href":"https:\/\/www.ecoitaliano.com.ar\/index.php?rest_route=\/wp\/v2\/users\/1"}],"replies":[{"embeddable":true,"href":"https:\/\/www.ecoitaliano.com.ar\/index.php?rest_route=%2Fwp%2Fv2%2Fcomments&post=75298"}],"version-history":[{"count":1,"href":"https:\/\/www.ecoitaliano.com.ar\/index.php?rest_route=\/wp\/v2\/posts\/75298\/revisions"}],"predecessor-version":[{"id":75304,"href":"https:\/\/www.ecoitaliano.com.ar\/index.php?rest_route=\/wp\/v2\/posts\/75298\/revisions\/75304"}],"wp:attachment":[{"href":"https:\/\/www.ecoitaliano.com.ar\/index.php?rest_route=%2Fwp%2Fv2%2Fmedia&parent=75298"}],"wp:term":[{"taxonomy":"category","embeddable":true,"href":"https:\/\/www.ecoitaliano.com.ar\/index.php?rest_route=%2Fwp%2Fv2%2Fcategories&post=75298"},{"taxonomy":"post_tag","embeddable":true,"href":"https:\/\/www.ecoitaliano.com.ar\/index.php?rest_route=%2Fwp%2Fv2%2Ftags&post=75298"}],"curies":[{"name":"wp","href":"https:\/\/api.w.org\/{rel}","templated":true}]}}