{"id":75327,"date":"2025-06-21T23:25:19","date_gmt":"2025-06-21T23:25:19","guid":{"rendered":"https:\/\/www.ecoitaliano.com.ar\/?p=75327"},"modified":"2025-06-21T23:25:19","modified_gmt":"2025-06-21T23:25:19","slug":"serena-conduce-operaclassica-eco-italiano-4448","status":"publish","type":"post","link":"https:\/\/www.ecoitaliano.com.ar\/?p=75327","title":{"rendered":"Serena conduce operaclassica eco italiano"},"content":{"rendered":"\n<figure class=\"wp-block-image size-large is-resized\"><a href=\"https:\/\/www.ecoitaliano.com.ar\/wp-content\/uploads\/2025\/06\/image-43.png\"><img decoding=\"async\" width=\"1024\" height=\"724\" src=\"https:\/\/www.ecoitaliano.com.ar\/wp-content\/uploads\/2025\/06\/image-43-1024x724.png\" alt=\"\" class=\"wp-image-75328\" style=\"width:229px;height:auto\" srcset=\"https:\/\/www.ecoitaliano.com.ar\/wp-content\/uploads\/2025\/06\/image-43-1024x724.png 1024w, https:\/\/www.ecoitaliano.com.ar\/wp-content\/uploads\/2025\/06\/image-43-300x212.png 300w, https:\/\/www.ecoitaliano.com.ar\/wp-content\/uploads\/2025\/06\/image-43-768x543.png 768w, https:\/\/www.ecoitaliano.com.ar\/wp-content\/uploads\/2025\/06\/image-43-1536x1086.png 1536w, https:\/\/www.ecoitaliano.com.ar\/wp-content\/uploads\/2025\/06\/image-43-2048x1448.png 2048w, https:\/\/www.ecoitaliano.com.ar\/wp-content\/uploads\/2025\/06\/image-43-150x106.png 150w\" sizes=\"(max-width: 1024px) 100vw, 1024px\" \/><\/a><\/figure>\n\n\n\n<p><strong>Con&nbsp;<em>Una Traviata da Cortile<\/em>, di e con Alessandro Baricco,<\/strong><\/p>\n\n\n\n<p><strong>si chiude Seven Springs 2025<\/strong><\/p>\n\n\n\n<p><em>Marted\u00ec 10 giugno, Scuola Holden &#8211; Torino<\/em><\/p>\n\n\n\n<p>Sar\u00e0 una grande festa finale a cielo aperto quella per salutare la seconda stagione musicale di&nbsp;<strong><em>Seven Springs. Il suono della Holden<\/em><\/strong>, ideata dai direttori artistici&nbsp;<strong>Gloria Campaner e Nicola Campogrande<\/strong>. L\u2019ultima serata della rassegna,&nbsp;<em>marted\u00ec 10 giugno<\/em>, vedr\u00e0 infatti il cortile della Scuola trasformarsi in platea e palcoscenico per&nbsp;<strong><em>Una Traviata da Cortile<\/em><\/strong>, un progetto di e con&nbsp;<strong>Alessandro Baricco<\/strong>&nbsp;con la direzione musicale di&nbsp;<strong>Enrico Melozzi<\/strong>. \u00abNe verr\u00e0 fuori un misto tra un concerto in piazza, il teatro di narrazione e una festa di paese\u00bb, dice Baricco, che insieme a&nbsp;<strong>Domenico Procacci<\/strong>&nbsp;presenter\u00e0 questa nuova produzione della Scuola Holden, in collaborazione con Lingotto Musica, Andrea Bocelli Foundation Ente Filantropico e Banca del Piemonte.&nbsp;<strong>L\u2019appuntamento,&nbsp;<\/strong>in programma&nbsp;<strong>alle 20.00<\/strong>, sar\u00e0&nbsp;<strong>preceduto alle 19.00 da&nbsp;<\/strong><strong><em>My Favourite Stings<\/em><\/strong>: un omaggio in forma jazz alle canzoni di Sting e dei Police proposto dall\u2019<strong>Invisible CTS Trio<\/strong>, formato da&nbsp;<strong>Daniele Tione<\/strong>&nbsp;al pianoforte,&nbsp;<strong>Dino Contenti&nbsp;<\/strong>al contrabbasso e&nbsp;<strong>Donato Stolfi<\/strong>&nbsp;alla batteria.<\/p>\n\n\n\n<p>Il soprano&nbsp;<strong>Floriana Cicio<\/strong>&nbsp;nel ruolo della protagonista Violetta e il tenore&nbsp;<strong>Andrea Tanzillo<\/strong>&nbsp;nella parte di Alfredo insieme al baritono di fama internazionale<strong>&nbsp;Franco Vassallo<\/strong>&nbsp;nei panni di Germont, interpreteranno il capolavoro di Giuseppe Verdi. \u00c8 grazie alla collaborazione con&nbsp;<strong>Andrea Bocelli Foundation<\/strong>&nbsp;e al programma&nbsp;<strong>ABF Globalab<\/strong>&nbsp;che i giovani talenti Cicio e Tanzillo arrivano a questa occasione. Un programma di Alta Formazione che offre agli artisti l\u2019opportunit\u00e0 di consolidare le proprie doti canore cos\u00ec come evidenziare le loro competenze trasversali di persone oltre che di musicisti.<\/p>\n\n\n\n<p><strong>Enrico Melozzi<\/strong>&nbsp;diriger\u00e0 i&nbsp;<strong>cameristi del Teatro alla Scala<\/strong>&nbsp;e&nbsp;<strong>Francesco Manara<\/strong>&nbsp;al violino,&nbsp;<strong>Davide Cavalli<\/strong>&nbsp;al pianoforte e&nbsp;<strong>Mario Stefano Pietrodarchi<\/strong>&nbsp;alla fisarmonica. Interverranno anche&nbsp;<strong>l\u2019Orchestra di fiati del Cilento<\/strong>&nbsp;e il&nbsp;<strong>Concerto Bandistico di Castellabate<\/strong>, e il&nbsp;<strong>coro di studenti e studentesse della Scuola Holden diretti da Paolo Zaltron<\/strong>. Il pubblico sar\u00e0 parte attiva della messinscena: si brinder\u00e0 e si canter\u00e0, e gli spettatori diventeranno personaggi della storia. Alla fine dello spettacolo tutte e tutti sono invitati a restare alla Holden per continuare a festeggiare insieme, lasciando scorrere il resto della notte accompagnati da musica, balli e brindisi per celebrare la fine della seconda stagione di Seven Springs.<\/p>\n\n\n\n<p>Info:&nbsp;<a href=\"https:\/\/mail1.libero.it\/appsuite\/#\" target=\"_blank\" rel=\"noreferrer noopener\">scuolaholden.it\/sevensprings25\/<\/a>04.06.2025<\/p>\n\n\n\n<p>Qui il press kit con il comunicato stampa completo e le foto dei protagonisti &gt;&nbsp;<a href=\"https:\/\/mail1.libero.it\/appsuite\/#\" target=\"_blank\" rel=\"noreferrer noopener\">https:\/\/drive.google.com\/drive\/u\/2\/folders\/1X3_5zZMyNJIk5TGf28C_Wim7PSFptzf1<\/a><\/p>\n\n\n\n<p><strong>CONTATTI<\/strong><\/p>\n\n\n\n<p><strong>Francesca Tablino <\/strong>\u2013 <em>Ufficio stampa Scuola Holden<\/em><em><br><\/em><a href=\"https:\/\/mail1.libero.it\/appsuite\/#\" target=\"_blank\" rel=\"noreferrer noopener\">francesca@babelagency.it<\/a> \u2013 mob. +39 333 4799195<\/p>\n\n\n\n<p><strong>Irene Sala <\/strong>\u2013 <em>Ufficio stampa<\/em><em><br><\/em><a href=\"https:\/\/mail1.libero.it\/appsuite\/#\" target=\"_blank\" rel=\"noreferrer noopener\">irenesala17@gmail.com<\/a> \u2013 mob. +39 339 1010571<\/p>\n\n\n\n<p>foto<\/p>\n\n\n\n<figure class=\"wp-block-gallery has-nested-images columns-default is-cropped wp-block-gallery-1 is-layout-flex wp-block-gallery-is-layout-flex\">\n<figure class=\"wp-block-image size-large\"><a href=\"https:\/\/www.ecoitaliano.com.ar\/wp-content\/uploads\/2025\/06\/Baricco-foto-Angela-Arico-1-scaled.jpg\"><img decoding=\"async\" width=\"683\" height=\"1024\" data-id=\"75329\" src=\"https:\/\/www.ecoitaliano.com.ar\/wp-content\/uploads\/2025\/06\/Baricco-foto-Angela-Arico-1-683x1024.jpg\" alt=\"\" class=\"wp-image-75329\" srcset=\"https:\/\/www.ecoitaliano.com.ar\/wp-content\/uploads\/2025\/06\/Baricco-foto-Angela-Arico-1-683x1024.jpg 683w, https:\/\/www.ecoitaliano.com.ar\/wp-content\/uploads\/2025\/06\/Baricco-foto-Angela-Arico-1-200x300.jpg 200w, https:\/\/www.ecoitaliano.com.ar\/wp-content\/uploads\/2025\/06\/Baricco-foto-Angela-Arico-1-768x1152.jpg 768w, https:\/\/www.ecoitaliano.com.ar\/wp-content\/uploads\/2025\/06\/Baricco-foto-Angela-Arico-1-1024x1536.jpg 1024w, https:\/\/www.ecoitaliano.com.ar\/wp-content\/uploads\/2025\/06\/Baricco-foto-Angela-Arico-1-1365x2048.jpg 1365w, https:\/\/www.ecoitaliano.com.ar\/wp-content\/uploads\/2025\/06\/Baricco-foto-Angela-Arico-1-100x150.jpg 100w, https:\/\/www.ecoitaliano.com.ar\/wp-content\/uploads\/2025\/06\/Baricco-foto-Angela-Arico-1-scaled.jpg 1707w\" sizes=\"(max-width: 683px) 100vw, 683px\" \/><\/a><\/figure>\n\n\n\n<figure class=\"wp-block-image size-large\"><a href=\"https:\/\/www.ecoitaliano.com.ar\/wp-content\/uploads\/2025\/06\/Floriana-Cicio.jpg\"><img decoding=\"async\" width=\"959\" height=\"1024\" data-id=\"75330\" src=\"https:\/\/www.ecoitaliano.com.ar\/wp-content\/uploads\/2025\/06\/Floriana-Cicio-959x1024.jpg\" alt=\"\" class=\"wp-image-75330\" srcset=\"https:\/\/www.ecoitaliano.com.ar\/wp-content\/uploads\/2025\/06\/Floriana-Cicio-959x1024.jpg 959w, https:\/\/www.ecoitaliano.com.ar\/wp-content\/uploads\/2025\/06\/Floriana-Cicio-281x300.jpg 281w, https:\/\/www.ecoitaliano.com.ar\/wp-content\/uploads\/2025\/06\/Floriana-Cicio-768x820.jpg 768w, https:\/\/www.ecoitaliano.com.ar\/wp-content\/uploads\/2025\/06\/Floriana-Cicio-1438x1536.jpg 1438w, https:\/\/www.ecoitaliano.com.ar\/wp-content\/uploads\/2025\/06\/Floriana-Cicio-1917x2048.jpg 1917w, https:\/\/www.ecoitaliano.com.ar\/wp-content\/uploads\/2025\/06\/Floriana-Cicio-140x150.jpg 140w, https:\/\/www.ecoitaliano.com.ar\/wp-content\/uploads\/2025\/06\/Floriana-Cicio.jpg 2037w\" sizes=\"(max-width: 959px) 100vw, 959px\" \/><\/a><\/figure>\n\n\n\n<figure class=\"wp-block-image size-large\"><a href=\"https:\/\/www.ecoitaliano.com.ar\/wp-content\/uploads\/2025\/06\/ENRICO-MELOZZI_FOTO-FABRIZIO-CESTARI_1-2-1-scaled.jpg\"><img decoding=\"async\" width=\"683\" height=\"1024\" data-id=\"75331\" src=\"https:\/\/www.ecoitaliano.com.ar\/wp-content\/uploads\/2025\/06\/ENRICO-MELOZZI_FOTO-FABRIZIO-CESTARI_1-2-1-683x1024.jpg\" alt=\"\" class=\"wp-image-75331\" srcset=\"https:\/\/www.ecoitaliano.com.ar\/wp-content\/uploads\/2025\/06\/ENRICO-MELOZZI_FOTO-FABRIZIO-CESTARI_1-2-1-683x1024.jpg 683w, https:\/\/www.ecoitaliano.com.ar\/wp-content\/uploads\/2025\/06\/ENRICO-MELOZZI_FOTO-FABRIZIO-CESTARI_1-2-1-200x300.jpg 200w, https:\/\/www.ecoitaliano.com.ar\/wp-content\/uploads\/2025\/06\/ENRICO-MELOZZI_FOTO-FABRIZIO-CESTARI_1-2-1-768x1151.jpg 768w, https:\/\/www.ecoitaliano.com.ar\/wp-content\/uploads\/2025\/06\/ENRICO-MELOZZI_FOTO-FABRIZIO-CESTARI_1-2-1-1025x1536.jpg 1025w, https:\/\/www.ecoitaliano.com.ar\/wp-content\/uploads\/2025\/06\/ENRICO-MELOZZI_FOTO-FABRIZIO-CESTARI_1-2-1-1366x2048.jpg 1366w, https:\/\/www.ecoitaliano.com.ar\/wp-content\/uploads\/2025\/06\/ENRICO-MELOZZI_FOTO-FABRIZIO-CESTARI_1-2-1-100x150.jpg 100w, https:\/\/www.ecoitaliano.com.ar\/wp-content\/uploads\/2025\/06\/ENRICO-MELOZZI_FOTO-FABRIZIO-CESTARI_1-2-1-scaled.jpg 1708w\" sizes=\"(max-width: 683px) 100vw, 683px\" \/><\/a><\/figure>\n\n\n\n<figure class=\"wp-block-image size-large\"><a href=\"https:\/\/www.ecoitaliano.com.ar\/wp-content\/uploads\/2025\/06\/Andrea-Tanzillo-scaled.jpg\"><img decoding=\"async\" width=\"683\" height=\"1024\" data-id=\"75332\" src=\"https:\/\/www.ecoitaliano.com.ar\/wp-content\/uploads\/2025\/06\/Andrea-Tanzillo-683x1024.jpg\" alt=\"\" class=\"wp-image-75332\" srcset=\"https:\/\/www.ecoitaliano.com.ar\/wp-content\/uploads\/2025\/06\/Andrea-Tanzillo-683x1024.jpg 683w, https:\/\/www.ecoitaliano.com.ar\/wp-content\/uploads\/2025\/06\/Andrea-Tanzillo-200x300.jpg 200w, https:\/\/www.ecoitaliano.com.ar\/wp-content\/uploads\/2025\/06\/Andrea-Tanzillo-768x1152.jpg 768w, https:\/\/www.ecoitaliano.com.ar\/wp-content\/uploads\/2025\/06\/Andrea-Tanzillo-1024x1536.jpg 1024w, https:\/\/www.ecoitaliano.com.ar\/wp-content\/uploads\/2025\/06\/Andrea-Tanzillo-1365x2048.jpg 1365w, https:\/\/www.ecoitaliano.com.ar\/wp-content\/uploads\/2025\/06\/Andrea-Tanzillo-100x150.jpg 100w, https:\/\/www.ecoitaliano.com.ar\/wp-content\/uploads\/2025\/06\/Andrea-Tanzillo-scaled.jpg 1707w\" sizes=\"(max-width: 683px) 100vw, 683px\" \/><\/a><\/figure>\n<\/figure>\n","protected":false},"excerpt":{"rendered":"<p>Con&nbsp;Una Traviata da Cortile, di e con Alessandro Baricco, si chiude Seven Springs 2025 Marted\u00ec 10 giugno, Scuola Holden &#8211; [&hellip;]<\/p>\n","protected":false},"author":1,"featured_media":0,"comment_status":"open","ping_status":"open","sticky":false,"template":"","format":"standard","meta":{"footnotes":""},"categories":[1],"tags":[],"class_list":["post-75327","post","type-post","status-publish","format-standard","hentry","category-sin-categoria"],"_links":{"self":[{"href":"https:\/\/www.ecoitaliano.com.ar\/index.php?rest_route=\/wp\/v2\/posts\/75327","targetHints":{"allow":["GET"]}}],"collection":[{"href":"https:\/\/www.ecoitaliano.com.ar\/index.php?rest_route=\/wp\/v2\/posts"}],"about":[{"href":"https:\/\/www.ecoitaliano.com.ar\/index.php?rest_route=\/wp\/v2\/types\/post"}],"author":[{"embeddable":true,"href":"https:\/\/www.ecoitaliano.com.ar\/index.php?rest_route=\/wp\/v2\/users\/1"}],"replies":[{"embeddable":true,"href":"https:\/\/www.ecoitaliano.com.ar\/index.php?rest_route=%2Fwp%2Fv2%2Fcomments&post=75327"}],"version-history":[{"count":1,"href":"https:\/\/www.ecoitaliano.com.ar\/index.php?rest_route=\/wp\/v2\/posts\/75327\/revisions"}],"predecessor-version":[{"id":75333,"href":"https:\/\/www.ecoitaliano.com.ar\/index.php?rest_route=\/wp\/v2\/posts\/75327\/revisions\/75333"}],"wp:attachment":[{"href":"https:\/\/www.ecoitaliano.com.ar\/index.php?rest_route=%2Fwp%2Fv2%2Fmedia&parent=75327"}],"wp:term":[{"taxonomy":"category","embeddable":true,"href":"https:\/\/www.ecoitaliano.com.ar\/index.php?rest_route=%2Fwp%2Fv2%2Fcategories&post=75327"},{"taxonomy":"post_tag","embeddable":true,"href":"https:\/\/www.ecoitaliano.com.ar\/index.php?rest_route=%2Fwp%2Fv2%2Ftags&post=75327"}],"curies":[{"name":"wp","href":"https:\/\/api.w.org\/{rel}","templated":true}]}}