{"id":75386,"date":"2025-06-24T00:31:27","date_gmt":"2025-06-24T00:31:27","guid":{"rendered":"https:\/\/www.ecoitaliano.com.ar\/?p=75386"},"modified":"2025-06-24T00:35:31","modified_gmt":"2025-06-24T00:35:31","slug":"serena-conduce-operaclassica-eco-italiano-4451","status":"publish","type":"post","link":"https:\/\/www.ecoitaliano.com.ar\/?p=75386","title":{"rendered":"Serena conduce operaclassica eco italiano"},"content":{"rendered":"\n<figure class=\"wp-block-image size-full\"><a href=\"http:\/\/www.ecoitaliano.com.ar\/wp-content\/uploads\/2025\/06\/dfgjoe-2.jpg\"><img decoding=\"async\" width=\"281\" height=\"101\" src=\"http:\/\/www.ecoitaliano.com.ar\/wp-content\/uploads\/2025\/06\/dfgjoe-2.jpg\" alt=\"\" class=\"wp-image-75387\" srcset=\"https:\/\/www.ecoitaliano.com.ar\/wp-content\/uploads\/2025\/06\/dfgjoe-2.jpg 281w, https:\/\/www.ecoitaliano.com.ar\/wp-content\/uploads\/2025\/06\/dfgjoe-2-150x54.jpg 150w\" sizes=\"(max-width: 281px) 100vw, 281px\" \/><\/a><\/figure>\n\n\n\n<p><strong>L\u2019ORCHESTRA RAI PER SAN GIOVANNI A TORINO<\/strong><\/p>\n\n\n\n<p><strong>Nel giorno del Patrono della citt\u00e0,&nbsp;marted\u00ec 24 giugno, all\u2019Auditorium Rai<\/strong><\/p>\n\n\n\n<p><strong>Dirige Robert Trevi\u00f1o con il&nbsp;mezzosoprano <\/strong><strong>Justina Gringyt\u0117<\/strong><\/p>\n\n\n\n<p>L\u2019<strong>Orchestra Sinfonica Nazionale della Rai<\/strong> si unisce ai <strong>festeggiamenti del Patrono della citt\u00e0 di Torino<\/strong>, <strong>San Giovanni<\/strong>, con un <strong>concerto straordinario<\/strong> in programma&nbsp;<strong>marted\u00ec 24 giugno<\/strong>, alle ore 18.00, all\u2019<strong>Auditorium Rai \u201cArturo Toscanini\u201d<\/strong>. Sul podio sale&nbsp;<strong>Robert Trevi\u00f1o&nbsp;<\/strong>che, insieme al mezzosoprano&nbsp;<strong>Justina Gringyt\u0117<\/strong>, propone celebri brani da opere di Verdi e li affianca a pagine favolistiche e descrittive, come&nbsp;<em>Una notte sul Monte Calvo&nbsp;<\/em>di Musorgskij e&nbsp;<em>Belkis, regina di Saba<\/em>&nbsp;di Ottorino Respighi. Trevi\u00f1o e Gringyt\u0117 tornano sul palco dell\u2019OSN Rai dopo avervi interpretato, il 13 e&nbsp;il 14 marzo&nbsp;scorso, i<em>&nbsp;Folk Songs&nbsp;<\/em>di Luciano Berio per il centenario dalla nascita del compositore. La serata di&nbsp;marted\u00ec 24 giugno&nbsp;\u00e8 registrata da Rai Radio3, che la trasmetter\u00e0 in data da destinarsi.<\/p>\n\n\n\n<p>Ad aprire il concerto l\u2019Ouverture da <em>I vespri sicilian<\/em>iel\u2019aria di Cuniza dal secondo atto dell\u2019<em>Oberto, conte di San Bonifacio,<\/em>&nbsp;affiancata all\u2019aria di&nbsp;Azucena da&nbsp;<em>Il trovatore&nbsp;<\/em>\u201cCondotta ell\u2019era in ceppi\u201d, entrambe&nbsp;di Verdi. Si prosegue con&nbsp;<em>L\u2019apprendista stregone<\/em>&nbsp;di Paul Dukas, poema sinfonico ispirato all\u2019omonima ballata di Goethe e scelto, nel 1940, per accompagnare il cortometraggio con protagonista Topolino inserito nel film&nbsp;<em>Fantasia<\/em>. Si torna a Verdi con l\u2019aria della principessa di Eboli dal&nbsp;<em>Don Carlo&nbsp;<\/em>\u201cO don fatale\u201d. A chiudere la serata, invece, due lavori sinfonici,&nbsp;<em>Una notte sul Monte Calvo&nbsp;<\/em>di Musorgskij, eseguito nella versione rielaborata e orchestrata da Rimskij-Korsakov, e la suite dal balletto&nbsp;<em>Belkis, regina di Saba<\/em>&nbsp;di Ottorino Respighi.&nbsp;Il primo \u00e8 un poema sinfonico che descrive musicalmente un sabba di streghe sul Monte Calvo durante la notte di San Giovanni. Il secondo \u00e8 una suite che Respighi trasse dall\u2019omonimo balletto per cui compose la musica nel 1931, e che metteva in scena il viaggio compiuto nel deserto dalla figura biblica della Regina di Saba, desiderosa di mettere alla prova la saggezza del Re Salomone.<\/p>\n\n\n\n<p>Justina Gringyt\u0117&nbsp;\u00e8&nbsp;ospite regolare di teatri come l\u2019Op\u00e9ra de Paris, la Royal Opera House di Londra, il Teatro Real di Madrid e il Teatro Bol\u2019\u0161oj di Mosca, ed \u00e8 stata&nbsp;premiata come giovane cantante dell\u2019anno agli International Opera Awards nel 2015.&nbsp;Robert Trevi\u00f1o,&nbsp;Direttore musicale dell\u2019Orchestra Nazionale Basca e Consulente artistico dell\u2019Orchestra Sinfonica di Malm\u00f6. \u00e8 cresciuto&nbsp;a Fort Worth, in Texas, e si \u00e8 imposto all\u2019attenzione internazionale al Teatro Bol\u2019\u0161oj di Mosca nel 2013, sostituendo Vassily Sinaisky sul podio del&nbsp;<em>Don Carlo<\/em>&nbsp;di Verdi. Da allora \u00e8 invitato regolarmente dalle orchestre pi\u00f9 prestigiose in America \u2013 dalla Cincinnati Symphony alla Philadelphia Orchestra \u2013 e all\u2019estero \u2013 dai M\u00fcnchner Philharmoniker alla London Symphony Orchestra. Con l\u2019Orchestra della Rai nell\u2019autunno 2021 \u00e8 stato protagonista di una brillante tourn\u00e9e in Germania che ha toccato Francoforte, Colonia e Amburgo.<\/p>\n\n\n\n<p>I biglietti per il concerto, al costo di 5 euro ciascuno, sono in vendita presso la biglietteria dell\u2019Auditorium Rai di Torino e online sul sito dell\u2019OSN Rai. Informazioni: 011.8104653 \u2013&nbsp;<a href=\"mailto:biglietteria.osn@rai.it\" target=\"_blank\" rel=\"noreferrer noopener\">biglietteria.osn@rai.it<\/a>&nbsp;\u2013&nbsp;<a href=\"http:\/\/www.osn.rai.it\/\" target=\"_blank\" rel=\"noreferrer noopener\">www.osn.rai.it<\/a>.<\/p>\n\n\n\n<p>Paolo Cairoli<br>Rai&nbsp;Cultura &#8211; Comunicazione<br>Auditorium&nbsp;Rai&nbsp;\u201cArturo Toscanini\u201d<br>Piazza Rossaro<br>10124 Torino<br>T. 011.8104996<br>M.&nbsp;331.8361276<\/p>\n\n\n\n<p><a href=\"http:\/\/www.osnrai.it\/\" target=\"_blank\" rel=\"noreferrer noopener\">www.osn.rai.it<\/a><\/p>\n\n\n\n<p>Foto<\/p>\n\n\n\n<figure class=\"wp-block-gallery has-nested-images columns-default is-cropped wp-block-gallery-1 is-layout-flex wp-block-gallery-is-layout-flex\">\n<figure class=\"wp-block-image\"><img decoding=\"async\" width=\"2099\" height=\"1400\" data-id=\"75389\" src=\"http:\/\/www.ecoitaliano.com.ar\/wp-content\/uploads\/2025\/06\/0266-Justina-Gringyte-Credit-Paul-Marc-Mitchell.jpg\" alt=\"\" class=\"wp-image-75389\" srcset=\"https:\/\/www.ecoitaliano.com.ar\/wp-content\/uploads\/2025\/06\/0266-Justina-Gringyte-Credit-Paul-Marc-Mitchell.jpg 2099w, https:\/\/www.ecoitaliano.com.ar\/wp-content\/uploads\/2025\/06\/0266-Justina-Gringyte-Credit-Paul-Marc-Mitchell-300x200.jpg 300w, https:\/\/www.ecoitaliano.com.ar\/wp-content\/uploads\/2025\/06\/0266-Justina-Gringyte-Credit-Paul-Marc-Mitchell-1024x683.jpg 1024w, https:\/\/www.ecoitaliano.com.ar\/wp-content\/uploads\/2025\/06\/0266-Justina-Gringyte-Credit-Paul-Marc-Mitchell-768x512.jpg 768w, https:\/\/www.ecoitaliano.com.ar\/wp-content\/uploads\/2025\/06\/0266-Justina-Gringyte-Credit-Paul-Marc-Mitchell-1536x1024.jpg 1536w, https:\/\/www.ecoitaliano.com.ar\/wp-content\/uploads\/2025\/06\/0266-Justina-Gringyte-Credit-Paul-Marc-Mitchell-2048x1366.jpg 2048w, https:\/\/www.ecoitaliano.com.ar\/wp-content\/uploads\/2025\/06\/0266-Justina-Gringyte-Credit-Paul-Marc-Mitchell-150x100.jpg 150w\" sizes=\"(max-width: 2099px) 100vw, 2099px\" \/><\/figure>\n\n\n\n<figure class=\"wp-block-image\"><img decoding=\"async\" width=\"2099\" height=\"1400\" data-id=\"75390\" src=\"http:\/\/www.ecoitaliano.com.ar\/wp-content\/uploads\/2025\/06\/0368-Justina-Gringyte-Credit-Paul-Marc-Mitchell.jpg\" alt=\"\" class=\"wp-image-75390\" srcset=\"https:\/\/www.ecoitaliano.com.ar\/wp-content\/uploads\/2025\/06\/0368-Justina-Gringyte-Credit-Paul-Marc-Mitchell.jpg 2099w, https:\/\/www.ecoitaliano.com.ar\/wp-content\/uploads\/2025\/06\/0368-Justina-Gringyte-Credit-Paul-Marc-Mitchell-300x200.jpg 300w, https:\/\/www.ecoitaliano.com.ar\/wp-content\/uploads\/2025\/06\/0368-Justina-Gringyte-Credit-Paul-Marc-Mitchell-1024x683.jpg 1024w, https:\/\/www.ecoitaliano.com.ar\/wp-content\/uploads\/2025\/06\/0368-Justina-Gringyte-Credit-Paul-Marc-Mitchell-768x512.jpg 768w, https:\/\/www.ecoitaliano.com.ar\/wp-content\/uploads\/2025\/06\/0368-Justina-Gringyte-Credit-Paul-Marc-Mitchell-1536x1024.jpg 1536w, https:\/\/www.ecoitaliano.com.ar\/wp-content\/uploads\/2025\/06\/0368-Justina-Gringyte-Credit-Paul-Marc-Mitchell-2048x1366.jpg 2048w, https:\/\/www.ecoitaliano.com.ar\/wp-content\/uploads\/2025\/06\/0368-Justina-Gringyte-Credit-Paul-Marc-Mitchell-150x100.jpg 150w\" sizes=\"(max-width: 2099px) 100vw, 2099px\" \/><\/figure>\n\n\n\n<figure class=\"wp-block-image\"><img decoding=\"async\" width=\"1848\" height=\"1400\" data-id=\"75391\" src=\"http:\/\/www.ecoitaliano.com.ar\/wp-content\/uploads\/2025\/06\/0450-Justina-Gringyte-Credit-Paul-Marc-Mitchell.jpg\" alt=\"\" class=\"wp-image-75391\" srcset=\"https:\/\/www.ecoitaliano.com.ar\/wp-content\/uploads\/2025\/06\/0450-Justina-Gringyte-Credit-Paul-Marc-Mitchell.jpg 1848w, https:\/\/www.ecoitaliano.com.ar\/wp-content\/uploads\/2025\/06\/0450-Justina-Gringyte-Credit-Paul-Marc-Mitchell-300x227.jpg 300w, https:\/\/www.ecoitaliano.com.ar\/wp-content\/uploads\/2025\/06\/0450-Justina-Gringyte-Credit-Paul-Marc-Mitchell-1024x776.jpg 1024w, https:\/\/www.ecoitaliano.com.ar\/wp-content\/uploads\/2025\/06\/0450-Justina-Gringyte-Credit-Paul-Marc-Mitchell-768x582.jpg 768w, https:\/\/www.ecoitaliano.com.ar\/wp-content\/uploads\/2025\/06\/0450-Justina-Gringyte-Credit-Paul-Marc-Mitchell-1536x1164.jpg 1536w, https:\/\/www.ecoitaliano.com.ar\/wp-content\/uploads\/2025\/06\/0450-Justina-Gringyte-Credit-Paul-Marc-Mitchell-150x114.jpg 150w\" sizes=\"(max-width: 1848px) 100vw, 1848px\" \/><\/figure>\n\n\n\n<figure class=\"wp-block-image\"><img decoding=\"async\" width=\"2099\" height=\"1400\" data-id=\"75392\" src=\"http:\/\/www.ecoitaliano.com.ar\/wp-content\/uploads\/2025\/06\/0903-Justina-Gringyte-Credit-Paul-Marc-Mitchell.jpg\" alt=\"\" class=\"wp-image-75392\" srcset=\"https:\/\/www.ecoitaliano.com.ar\/wp-content\/uploads\/2025\/06\/0903-Justina-Gringyte-Credit-Paul-Marc-Mitchell.jpg 2099w, https:\/\/www.ecoitaliano.com.ar\/wp-content\/uploads\/2025\/06\/0903-Justina-Gringyte-Credit-Paul-Marc-Mitchell-300x200.jpg 300w, https:\/\/www.ecoitaliano.com.ar\/wp-content\/uploads\/2025\/06\/0903-Justina-Gringyte-Credit-Paul-Marc-Mitchell-1024x683.jpg 1024w, https:\/\/www.ecoitaliano.com.ar\/wp-content\/uploads\/2025\/06\/0903-Justina-Gringyte-Credit-Paul-Marc-Mitchell-768x512.jpg 768w, https:\/\/www.ecoitaliano.com.ar\/wp-content\/uploads\/2025\/06\/0903-Justina-Gringyte-Credit-Paul-Marc-Mitchell-1536x1024.jpg 1536w, https:\/\/www.ecoitaliano.com.ar\/wp-content\/uploads\/2025\/06\/0903-Justina-Gringyte-Credit-Paul-Marc-Mitchell-2048x1366.jpg 2048w, https:\/\/www.ecoitaliano.com.ar\/wp-content\/uploads\/2025\/06\/0903-Justina-Gringyte-Credit-Paul-Marc-Mitchell-150x100.jpg 150w\" sizes=\"(max-width: 2099px) 100vw, 2099px\" \/><\/figure>\n\n\n\n<figure class=\"wp-block-image\"><img decoding=\"async\" width=\"2560\" height=\"1707\" data-id=\"75394\" src=\"http:\/\/www.ecoitaliano.com.ar\/wp-content\/uploads\/2025\/06\/Robert-Trevino-1_c-Tommy-Ga-Ken-Wa-scaled.jpg\" alt=\"\" class=\"wp-image-75394\" srcset=\"https:\/\/www.ecoitaliano.com.ar\/wp-content\/uploads\/2025\/06\/Robert-Trevino-1_c-Tommy-Ga-Ken-Wa-scaled.jpg 2560w, https:\/\/www.ecoitaliano.com.ar\/wp-content\/uploads\/2025\/06\/Robert-Trevino-1_c-Tommy-Ga-Ken-Wa-300x200.jpg 300w, https:\/\/www.ecoitaliano.com.ar\/wp-content\/uploads\/2025\/06\/Robert-Trevino-1_c-Tommy-Ga-Ken-Wa-1024x683.jpg 1024w, https:\/\/www.ecoitaliano.com.ar\/wp-content\/uploads\/2025\/06\/Robert-Trevino-1_c-Tommy-Ga-Ken-Wa-768x512.jpg 768w, https:\/\/www.ecoitaliano.com.ar\/wp-content\/uploads\/2025\/06\/Robert-Trevino-1_c-Tommy-Ga-Ken-Wa-1536x1024.jpg 1536w, https:\/\/www.ecoitaliano.com.ar\/wp-content\/uploads\/2025\/06\/Robert-Trevino-1_c-Tommy-Ga-Ken-Wa-2048x1365.jpg 2048w, https:\/\/www.ecoitaliano.com.ar\/wp-content\/uploads\/2025\/06\/Robert-Trevino-1_c-Tommy-Ga-Ken-Wa-150x100.jpg 150w\" sizes=\"(max-width: 2560px) 100vw, 2560px\" \/><\/figure>\n\n\n\n<figure class=\"wp-block-image\"><img decoding=\"async\" width=\"2560\" height=\"2560\" data-id=\"75395\" src=\"http:\/\/www.ecoitaliano.com.ar\/wp-content\/uploads\/2025\/06\/Robert-Trevino-2_c-Sam-Barker-scaled.jpg\" alt=\"\" class=\"wp-image-75395\" srcset=\"https:\/\/www.ecoitaliano.com.ar\/wp-content\/uploads\/2025\/06\/Robert-Trevino-2_c-Sam-Barker-scaled.jpg 2560w, https:\/\/www.ecoitaliano.com.ar\/wp-content\/uploads\/2025\/06\/Robert-Trevino-2_c-Sam-Barker-300x300.jpg 300w, https:\/\/www.ecoitaliano.com.ar\/wp-content\/uploads\/2025\/06\/Robert-Trevino-2_c-Sam-Barker-1024x1024.jpg 1024w, https:\/\/www.ecoitaliano.com.ar\/wp-content\/uploads\/2025\/06\/Robert-Trevino-2_c-Sam-Barker-150x150.jpg 150w, https:\/\/www.ecoitaliano.com.ar\/wp-content\/uploads\/2025\/06\/Robert-Trevino-2_c-Sam-Barker-768x768.jpg 768w, https:\/\/www.ecoitaliano.com.ar\/wp-content\/uploads\/2025\/06\/Robert-Trevino-2_c-Sam-Barker-1536x1536.jpg 1536w, https:\/\/www.ecoitaliano.com.ar\/wp-content\/uploads\/2025\/06\/Robert-Trevino-2_c-Sam-Barker-2048x2048.jpg 2048w\" sizes=\"(max-width: 2560px) 100vw, 2560px\" \/><\/figure>\n\n\n\n<figure class=\"wp-block-image\"><img decoding=\"async\" width=\"2500\" height=\"1528\" data-id=\"75396\" src=\"http:\/\/www.ecoitaliano.com.ar\/wp-content\/uploads\/2025\/06\/Robert-Trevino-3-crediti-\u00ae-PiuLuce-OSN-Rai.jpg\" alt=\"\" class=\"wp-image-75396\" srcset=\"https:\/\/www.ecoitaliano.com.ar\/wp-content\/uploads\/2025\/06\/Robert-Trevino-3-crediti-\u00ae-PiuLuce-OSN-Rai.jpg 2500w, https:\/\/www.ecoitaliano.com.ar\/wp-content\/uploads\/2025\/06\/Robert-Trevino-3-crediti-\u00ae-PiuLuce-OSN-Rai-300x183.jpg 300w, https:\/\/www.ecoitaliano.com.ar\/wp-content\/uploads\/2025\/06\/Robert-Trevino-3-crediti-\u00ae-PiuLuce-OSN-Rai-1024x626.jpg 1024w, https:\/\/www.ecoitaliano.com.ar\/wp-content\/uploads\/2025\/06\/Robert-Trevino-3-crediti-\u00ae-PiuLuce-OSN-Rai-768x469.jpg 768w, https:\/\/www.ecoitaliano.com.ar\/wp-content\/uploads\/2025\/06\/Robert-Trevino-3-crediti-\u00ae-PiuLuce-OSN-Rai-1536x939.jpg 1536w, https:\/\/www.ecoitaliano.com.ar\/wp-content\/uploads\/2025\/06\/Robert-Trevino-3-crediti-\u00ae-PiuLuce-OSN-Rai-2048x1252.jpg 2048w, https:\/\/www.ecoitaliano.com.ar\/wp-content\/uploads\/2025\/06\/Robert-Trevino-3-crediti-\u00ae-PiuLuce-OSN-Rai-150x92.jpg 150w\" sizes=\"(max-width: 2500px) 100vw, 2500px\" \/><\/figure>\n\n\n\n<figure class=\"wp-block-image\"><img decoding=\"async\" width=\"2560\" height=\"2560\" data-id=\"75397\" src=\"http:\/\/www.ecoitaliano.com.ar\/wp-content\/uploads\/2025\/06\/Robert-Trevino-3_c-Sam-Barker-scaled.jpg\" alt=\"\" class=\"wp-image-75397\" srcset=\"https:\/\/www.ecoitaliano.com.ar\/wp-content\/uploads\/2025\/06\/Robert-Trevino-3_c-Sam-Barker-scaled.jpg 2560w, https:\/\/www.ecoitaliano.com.ar\/wp-content\/uploads\/2025\/06\/Robert-Trevino-3_c-Sam-Barker-300x300.jpg 300w, https:\/\/www.ecoitaliano.com.ar\/wp-content\/uploads\/2025\/06\/Robert-Trevino-3_c-Sam-Barker-1024x1024.jpg 1024w, https:\/\/www.ecoitaliano.com.ar\/wp-content\/uploads\/2025\/06\/Robert-Trevino-3_c-Sam-Barker-150x150.jpg 150w, https:\/\/www.ecoitaliano.com.ar\/wp-content\/uploads\/2025\/06\/Robert-Trevino-3_c-Sam-Barker-768x768.jpg 768w, https:\/\/www.ecoitaliano.com.ar\/wp-content\/uploads\/2025\/06\/Robert-Trevino-3_c-Sam-Barker-1536x1536.jpg 1536w, https:\/\/www.ecoitaliano.com.ar\/wp-content\/uploads\/2025\/06\/Robert-Trevino-3_c-Sam-Barker-2048x2048.jpg 2048w\" sizes=\"(max-width: 2560px) 100vw, 2560px\" \/><\/figure>\n\n\n\n<figure class=\"wp-block-image\"><img decoding=\"async\" width=\"2500\" height=\"1563\" data-id=\"75398\" src=\"http:\/\/www.ecoitaliano.com.ar\/wp-content\/uploads\/2025\/06\/Robert-Trevino-4-crediti-\u00ae-PiuLuce-OSN-Rai.jpg\" alt=\"\" class=\"wp-image-75398\" srcset=\"https:\/\/www.ecoitaliano.com.ar\/wp-content\/uploads\/2025\/06\/Robert-Trevino-4-crediti-\u00ae-PiuLuce-OSN-Rai.jpg 2500w, https:\/\/www.ecoitaliano.com.ar\/wp-content\/uploads\/2025\/06\/Robert-Trevino-4-crediti-\u00ae-PiuLuce-OSN-Rai-300x188.jpg 300w, https:\/\/www.ecoitaliano.com.ar\/wp-content\/uploads\/2025\/06\/Robert-Trevino-4-crediti-\u00ae-PiuLuce-OSN-Rai-1024x640.jpg 1024w, https:\/\/www.ecoitaliano.com.ar\/wp-content\/uploads\/2025\/06\/Robert-Trevino-4-crediti-\u00ae-PiuLuce-OSN-Rai-768x480.jpg 768w, https:\/\/www.ecoitaliano.com.ar\/wp-content\/uploads\/2025\/06\/Robert-Trevino-4-crediti-\u00ae-PiuLuce-OSN-Rai-1536x960.jpg 1536w, https:\/\/www.ecoitaliano.com.ar\/wp-content\/uploads\/2025\/06\/Robert-Trevino-4-crediti-\u00ae-PiuLuce-OSN-Rai-2048x1280.jpg 2048w, https:\/\/www.ecoitaliano.com.ar\/wp-content\/uploads\/2025\/06\/Robert-Trevino-4-crediti-\u00ae-PiuLuce-OSN-Rai-150x94.jpg 150w\" sizes=\"(max-width: 2500px) 100vw, 2500px\" \/><\/figure>\n\n\n\n<figure class=\"wp-block-image\"><img decoding=\"async\" width=\"1184\" height=\"888\" data-id=\"75399\" src=\"http:\/\/www.ecoitaliano.com.ar\/wp-content\/uploads\/2025\/06\/Robert-Trevino_c-Sam-Barker.jpg\" alt=\"\" class=\"wp-image-75399\" srcset=\"https:\/\/www.ecoitaliano.com.ar\/wp-content\/uploads\/2025\/06\/Robert-Trevino_c-Sam-Barker.jpg 1184w, https:\/\/www.ecoitaliano.com.ar\/wp-content\/uploads\/2025\/06\/Robert-Trevino_c-Sam-Barker-300x225.jpg 300w, https:\/\/www.ecoitaliano.com.ar\/wp-content\/uploads\/2025\/06\/Robert-Trevino_c-Sam-Barker-1024x768.jpg 1024w, https:\/\/www.ecoitaliano.com.ar\/wp-content\/uploads\/2025\/06\/Robert-Trevino_c-Sam-Barker-768x576.jpg 768w, https:\/\/www.ecoitaliano.com.ar\/wp-content\/uploads\/2025\/06\/Robert-Trevino_c-Sam-Barker-150x113.jpg 150w\" sizes=\"(max-width: 1184px) 100vw, 1184px\" \/><\/figure>\n\n\n\n<figure class=\"wp-block-image\"><img decoding=\"async\" width=\"2500\" height=\"1667\" data-id=\"75400\" src=\"http:\/\/www.ecoitaliano.com.ar\/wp-content\/uploads\/2025\/06\/Robert-Trevino_PiuLuce\u00a92022_n6-60.jpg\" alt=\"\" class=\"wp-image-75400\" srcset=\"https:\/\/www.ecoitaliano.com.ar\/wp-content\/uploads\/2025\/06\/Robert-Trevino_PiuLuce\u00a92022_n6-60.jpg 2500w, https:\/\/www.ecoitaliano.com.ar\/wp-content\/uploads\/2025\/06\/Robert-Trevino_PiuLuce\u00a92022_n6-60-300x200.jpg 300w, https:\/\/www.ecoitaliano.com.ar\/wp-content\/uploads\/2025\/06\/Robert-Trevino_PiuLuce\u00a92022_n6-60-1024x683.jpg 1024w, https:\/\/www.ecoitaliano.com.ar\/wp-content\/uploads\/2025\/06\/Robert-Trevino_PiuLuce\u00a92022_n6-60-768x512.jpg 768w, https:\/\/www.ecoitaliano.com.ar\/wp-content\/uploads\/2025\/06\/Robert-Trevino_PiuLuce\u00a92022_n6-60-1536x1024.jpg 1536w, https:\/\/www.ecoitaliano.com.ar\/wp-content\/uploads\/2025\/06\/Robert-Trevino_PiuLuce\u00a92022_n6-60-2048x1366.jpg 2048w, https:\/\/www.ecoitaliano.com.ar\/wp-content\/uploads\/2025\/06\/Robert-Trevino_PiuLuce\u00a92022_n6-60-150x100.jpg 150w\" sizes=\"(max-width: 2500px) 100vw, 2500px\" \/><\/figure>\n\n\n\n<figure class=\"wp-block-image\"><img decoding=\"async\" width=\"2500\" height=\"1667\" data-id=\"75401\" src=\"http:\/\/www.ecoitaliano.com.ar\/wp-content\/uploads\/2025\/06\/Robert-Trevino_PiuLuce\u00a92022_n6-80.jpg\" alt=\"\" class=\"wp-image-75401\" srcset=\"https:\/\/www.ecoitaliano.com.ar\/wp-content\/uploads\/2025\/06\/Robert-Trevino_PiuLuce\u00a92022_n6-80.jpg 2500w, https:\/\/www.ecoitaliano.com.ar\/wp-content\/uploads\/2025\/06\/Robert-Trevino_PiuLuce\u00a92022_n6-80-300x200.jpg 300w, https:\/\/www.ecoitaliano.com.ar\/wp-content\/uploads\/2025\/06\/Robert-Trevino_PiuLuce\u00a92022_n6-80-1024x683.jpg 1024w, https:\/\/www.ecoitaliano.com.ar\/wp-content\/uploads\/2025\/06\/Robert-Trevino_PiuLuce\u00a92022_n6-80-768x512.jpg 768w, https:\/\/www.ecoitaliano.com.ar\/wp-content\/uploads\/2025\/06\/Robert-Trevino_PiuLuce\u00a92022_n6-80-1536x1024.jpg 1536w, https:\/\/www.ecoitaliano.com.ar\/wp-content\/uploads\/2025\/06\/Robert-Trevino_PiuLuce\u00a92022_n6-80-2048x1366.jpg 2048w, https:\/\/www.ecoitaliano.com.ar\/wp-content\/uploads\/2025\/06\/Robert-Trevino_PiuLuce\u00a92022_n6-80-150x100.jpg 150w\" sizes=\"(max-width: 2500px) 100vw, 2500px\" \/><\/figure>\n\n\n\n<figure class=\"wp-block-image\"><img decoding=\"async\" width=\"2500\" height=\"1669\" data-id=\"75402\" src=\"http:\/\/www.ecoitaliano.com.ar\/wp-content\/uploads\/2025\/06\/Trevino-con-OSN-Rai_@Piu\u2560CLuce\u252c\u00ae2020-N9-25.jpg\" alt=\"\" class=\"wp-image-75402\" srcset=\"https:\/\/www.ecoitaliano.com.ar\/wp-content\/uploads\/2025\/06\/Trevino-con-OSN-Rai_@Piu\u2560CLuce\u252c\u00ae2020-N9-25.jpg 2500w, https:\/\/www.ecoitaliano.com.ar\/wp-content\/uploads\/2025\/06\/Trevino-con-OSN-Rai_@Piu\u2560CLuce\u252c\u00ae2020-N9-25-300x200.jpg 300w, https:\/\/www.ecoitaliano.com.ar\/wp-content\/uploads\/2025\/06\/Trevino-con-OSN-Rai_@Piu\u2560CLuce\u252c\u00ae2020-N9-25-1024x684.jpg 1024w, https:\/\/www.ecoitaliano.com.ar\/wp-content\/uploads\/2025\/06\/Trevino-con-OSN-Rai_@Piu\u2560CLuce\u252c\u00ae2020-N9-25-768x513.jpg 768w, https:\/\/www.ecoitaliano.com.ar\/wp-content\/uploads\/2025\/06\/Trevino-con-OSN-Rai_@Piu\u2560CLuce\u252c\u00ae2020-N9-25-1536x1025.jpg 1536w, https:\/\/www.ecoitaliano.com.ar\/wp-content\/uploads\/2025\/06\/Trevino-con-OSN-Rai_@Piu\u2560CLuce\u252c\u00ae2020-N9-25-2048x1367.jpg 2048w, https:\/\/www.ecoitaliano.com.ar\/wp-content\/uploads\/2025\/06\/Trevino-con-OSN-Rai_@Piu\u2560CLuce\u252c\u00ae2020-N9-25-150x100.jpg 150w\" sizes=\"(max-width: 2500px) 100vw, 2500px\" \/><\/figure>\n\n\n\n<figure class=\"wp-block-image\"><img decoding=\"async\" width=\"2500\" height=\"1668\" data-id=\"75403\" src=\"http:\/\/www.ecoitaliano.com.ar\/wp-content\/uploads\/2025\/06\/Trevino_@Piu\u2560CLuce\u252c\u00ae2020-N9-76.jpg\" alt=\"\" class=\"wp-image-75403\" srcset=\"https:\/\/www.ecoitaliano.com.ar\/wp-content\/uploads\/2025\/06\/Trevino_@Piu\u2560CLuce\u252c\u00ae2020-N9-76.jpg 2500w, https:\/\/www.ecoitaliano.com.ar\/wp-content\/uploads\/2025\/06\/Trevino_@Piu\u2560CLuce\u252c\u00ae2020-N9-76-300x200.jpg 300w, https:\/\/www.ecoitaliano.com.ar\/wp-content\/uploads\/2025\/06\/Trevino_@Piu\u2560CLuce\u252c\u00ae2020-N9-76-1024x683.jpg 1024w, https:\/\/www.ecoitaliano.com.ar\/wp-content\/uploads\/2025\/06\/Trevino_@Piu\u2560CLuce\u252c\u00ae2020-N9-76-768x512.jpg 768w, https:\/\/www.ecoitaliano.com.ar\/wp-content\/uploads\/2025\/06\/Trevino_@Piu\u2560CLuce\u252c\u00ae2020-N9-76-1536x1025.jpg 1536w, https:\/\/www.ecoitaliano.com.ar\/wp-content\/uploads\/2025\/06\/Trevino_@Piu\u2560CLuce\u252c\u00ae2020-N9-76-2048x1366.jpg 2048w, https:\/\/www.ecoitaliano.com.ar\/wp-content\/uploads\/2025\/06\/Trevino_@Piu\u2560CLuce\u252c\u00ae2020-N9-76-150x100.jpg 150w\" sizes=\"(max-width: 2500px) 100vw, 2500px\" \/><\/figure>\n<\/figure>\n\n\n\n<p><\/p>\n","protected":false},"excerpt":{"rendered":"<p>L\u2019ORCHESTRA RAI PER SAN GIOVANNI A TORINO Nel giorno del Patrono della citt\u00e0,&nbsp;marted\u00ec 24 giugno, all\u2019Auditorium Rai Dirige Robert Trevi\u00f1o [&hellip;]<\/p>\n","protected":false},"author":1,"featured_media":0,"comment_status":"open","ping_status":"open","sticky":false,"template":"","format":"standard","meta":{"footnotes":""},"categories":[1],"tags":[],"class_list":["post-75386","post","type-post","status-publish","format-standard","hentry","category-sin-categoria"],"_links":{"self":[{"href":"https:\/\/www.ecoitaliano.com.ar\/index.php?rest_route=\/wp\/v2\/posts\/75386","targetHints":{"allow":["GET"]}}],"collection":[{"href":"https:\/\/www.ecoitaliano.com.ar\/index.php?rest_route=\/wp\/v2\/posts"}],"about":[{"href":"https:\/\/www.ecoitaliano.com.ar\/index.php?rest_route=\/wp\/v2\/types\/post"}],"author":[{"embeddable":true,"href":"https:\/\/www.ecoitaliano.com.ar\/index.php?rest_route=\/wp\/v2\/users\/1"}],"replies":[{"embeddable":true,"href":"https:\/\/www.ecoitaliano.com.ar\/index.php?rest_route=%2Fwp%2Fv2%2Fcomments&post=75386"}],"version-history":[{"count":3,"href":"https:\/\/www.ecoitaliano.com.ar\/index.php?rest_route=\/wp\/v2\/posts\/75386\/revisions"}],"predecessor-version":[{"id":75404,"href":"https:\/\/www.ecoitaliano.com.ar\/index.php?rest_route=\/wp\/v2\/posts\/75386\/revisions\/75404"}],"wp:attachment":[{"href":"https:\/\/www.ecoitaliano.com.ar\/index.php?rest_route=%2Fwp%2Fv2%2Fmedia&parent=75386"}],"wp:term":[{"taxonomy":"category","embeddable":true,"href":"https:\/\/www.ecoitaliano.com.ar\/index.php?rest_route=%2Fwp%2Fv2%2Fcategories&post=75386"},{"taxonomy":"post_tag","embeddable":true,"href":"https:\/\/www.ecoitaliano.com.ar\/index.php?rest_route=%2Fwp%2Fv2%2Ftags&post=75386"}],"curies":[{"name":"wp","href":"https:\/\/api.w.org\/{rel}","templated":true}]}}