{"id":75411,"date":"2025-06-24T00:47:03","date_gmt":"2025-06-24T00:47:03","guid":{"rendered":"https:\/\/www.ecoitaliano.com.ar\/?p=75411"},"modified":"2025-06-24T00:47:03","modified_gmt":"2025-06-24T00:47:03","slug":"serena-conduce-operaclassica-eco-italiano-4453","status":"publish","type":"post","link":"https:\/\/www.ecoitaliano.com.ar\/?p=75411","title":{"rendered":"Serena conduce operaclassica eco italiano"},"content":{"rendered":"\n<figure class=\"wp-block-image size-full is-resized\"><a href=\"http:\/\/www.ecoitaliano.com.ar\/wp-content\/uploads\/2025\/06\/fghjk-2.jpg\"><img decoding=\"async\" width=\"493\" height=\"103\" src=\"http:\/\/www.ecoitaliano.com.ar\/wp-content\/uploads\/2025\/06\/fghjk-2.jpg\" alt=\"\" class=\"wp-image-75194\" style=\"width:485px;height:auto\" srcset=\"https:\/\/www.ecoitaliano.com.ar\/wp-content\/uploads\/2025\/06\/fghjk-2.jpg 493w, https:\/\/www.ecoitaliano.com.ar\/wp-content\/uploads\/2025\/06\/fghjk-2-300x63.jpg 300w, https:\/\/www.ecoitaliano.com.ar\/wp-content\/uploads\/2025\/06\/fghjk-2-150x31.jpg 150w\" sizes=\"(max-width: 493px) 100vw, 493px\" \/><\/a><\/figure>\n\n\n\n<p><strong>STAGIONE SINFONICA 2025 DEL TEATRO G. VERDI DI TRIESTE<\/strong><strong><\/strong><\/p>\n\n\n\n<p><strong>Dal 11 settembre al 23 dicembre 2025<\/strong><strong><\/strong><\/p>\n\n\n\n<p><strong>Programma<\/strong><\/p>\n\n\n\n<p><strong>1\u00b0 Concerto<\/strong><\/p>\n\n\n\n<p><strong>Gioved\u00ec 11 settembre 2025 ore 19:30<\/strong><strong><\/strong><\/p>\n\n\n\n<p><strong>Direttore &nbsp;&nbsp;&nbsp;&nbsp;&nbsp;&nbsp; HARTMUT HAENCHEN<\/strong><\/p>\n\n\n\n<p><strong>Pianoforte&nbsp;&nbsp;&nbsp;&nbsp;&nbsp; VADYM KHOLODENKO<\/strong><\/p>\n\n\n\n<p><strong>Johannes Brahms&nbsp;&nbsp;&nbsp;&nbsp;&nbsp; Concerto n\u00b0 2 in Si bemolle maggiore per pianoforte e orchestra op. 83<\/strong><\/p>\n\n\n\n<p><strong>Johannes Brahms&nbsp;&nbsp;&nbsp;&nbsp;&nbsp; Sinfonia n. 4 in mi minore op. 98<\/strong><\/p>\n\n\n\n<p><strong>ORCHESTRA DELLA FONDAZIONE TEATRO LIRICO GIUSEPPE VERDI DI TRIESTE<\/strong><\/p>\n\n\n\n<p><strong>Concerto in collaborazione con la SOCIET\u00c0 DEI CONCERTI DI TRIESTE nell\u2019ambito del NUOVO FESTIVAL DI TRIESTE<\/strong><\/p>\n\n\n\n<p><strong>2\u00b0 Concerto<\/strong><\/p>\n\n\n\n<p><strong>Domenica 14 settembre 2025 ore 19:30<\/strong><strong><\/strong><\/p>\n\n\n\n<p><strong>Direttore&nbsp;&nbsp;&nbsp;&nbsp;&nbsp;&nbsp;&nbsp; LUKA HAUSER<\/strong><\/p>\n\n\n\n<p><strong>Pianoforte&nbsp;&nbsp;&nbsp;&nbsp;&nbsp; JAN LISIECKI<\/strong><\/p>\n\n\n\n<p><strong>Ludwig van Beethoven&nbsp;&nbsp;&nbsp;&nbsp;&nbsp;&nbsp;&nbsp;&nbsp;&nbsp;&nbsp;&nbsp;&nbsp;&nbsp;&nbsp;&nbsp;&nbsp;&nbsp;&nbsp;&nbsp;&nbsp; Ouverture da <em>Coriolan-musiche di scena<\/em> in do minore op. 62<\/strong><\/p>\n\n\n\n<p><strong>Ludwig van Beethoven&nbsp;&nbsp;&nbsp;&nbsp;&nbsp;&nbsp;&nbsp;&nbsp;&nbsp;&nbsp;&nbsp;&nbsp;&nbsp;&nbsp;&nbsp;&nbsp;&nbsp;&nbsp;&nbsp;&nbsp; Concerto n. 5 in mi bemolle maggiore per pianoforte e orchestra op. 73 \u201cImperatore\u201d<\/strong><\/p>\n\n\n\n<p><strong>Ludwig van Beethoven&nbsp;&nbsp;&nbsp;&nbsp;&nbsp;&nbsp;&nbsp;&nbsp;&nbsp;&nbsp;&nbsp;&nbsp;&nbsp;&nbsp;&nbsp;&nbsp;&nbsp;&nbsp;&nbsp;&nbsp; Sinfonia n. 5 in do minore op.67<\/strong><\/p>\n\n\n\n<p><strong>ORCHESTRA DELLA FONDAZIONE TEATRO LIRICO GIUSEPPE VERDI DI TRIESTE<\/strong><\/p>\n\n\n\n<p><strong>Concerto in collaborazione con la SOCIET\u00c0 DEI CONCERTI DI TRIESTE nell\u2019ambito del NUOVO FESTIVAL DI TRIESTE<\/strong><\/p>\n\n\n\n<p><strong>3\u00b0 Concerto<\/strong><strong><\/strong><\/p>\n\n\n\n<p><strong>Luned\u00ec 22 settembre 2025 ore 19.30<\/strong><strong><\/strong><\/p>\n\n\n\n<p><strong>Direttore &nbsp;&nbsp;&nbsp;&nbsp;&nbsp;&nbsp; PINCHAS STEINBERG<\/strong><\/p>\n\n\n\n<p><strong>Soprano ANA MARIA LABIN<\/strong><\/p>\n\n\n\n<p><strong>Mezzosoprano DENIZ UZUN<\/strong><\/p>\n\n\n\n<p><strong>Tenore ANTONINO SIRAGUSA<\/strong><\/p>\n\n\n\n<p><strong>Basso GEZIM MYSHKETA<\/strong><\/p>\n\n\n\n<p><strong>Ludwig van Beethoven &nbsp;&nbsp;&nbsp;&nbsp;&nbsp;&nbsp;&nbsp;&nbsp; Sinfonia n. 9 in re minore per soli, coro e orchestra op.125<\/strong><\/p>\n\n\n\n<p><strong>ORCHESTRA E CORO DELLA FONDAZIONE TEATRO LIRICO GIUSEPPE VERDI DI TRIESTE<\/strong><\/p>\n\n\n\n<p><strong>ORCHESTRA E CORO DEL TEATRO NAZIONALE SLOVENO DI MARIBOR<\/strong><\/p>\n\n\n\n<p><strong>4\u00b0 Concerto<\/strong><strong><\/strong><\/p>\n\n\n\n<p><strong>Domenica 28 settembre 2025 ore 18.00<\/strong><strong><\/strong><\/p>\n\n\n\n<p><strong>Direttore &nbsp;&nbsp;&nbsp;&nbsp;&nbsp;&nbsp; ENRICO CALESSO<\/strong><\/p>\n\n\n\n<p><strong>FEDELI D\u2019AMORE<\/strong><strong><\/strong><\/p>\n\n\n\n<p><strong>Oratorio in forma scenica <\/strong><strong>per due voci, coro e orchestra<\/strong><\/p>\n\n\n\n<p><strong>Musica di Giorgio Battistelli<\/strong><\/p>\n\n\n\n<p><strong>Testo di <\/strong><strong>Arnaldo Colasanti tratto da opere di Claudio Magris<\/strong><\/p>\n\n\n\n<p><strong>Nuova Commissione della Fondazione Teatro Lirico Giuseppe Verdi di Trieste<\/strong><\/p>\n\n\n\n<p><strong>ORCHESTRA E CORO <\/strong><strong>DELLA FONDAZIONE TEATRO LIRICO GIUSEPPE VERDI DI TRIESTE<\/strong><\/p>\n\n\n\n<p><strong>5\u00b0 Concerto<\/strong><strong><\/strong><\/p>\n\n\n\n<p><strong>Sabato 4 ottobre 2025 ore 18.00<\/strong><strong><\/strong><\/p>\n\n\n\n<p><strong>Direttore&nbsp;&nbsp;&nbsp;&nbsp;&nbsp;&nbsp;&nbsp;&nbsp;&nbsp;&nbsp;&nbsp;&nbsp;&nbsp;&nbsp;&nbsp;&nbsp;&nbsp;&nbsp;&nbsp; ARIF DADASHEV<\/strong><\/p>\n\n\n\n<p><strong>Violoncello &nbsp;&nbsp;&nbsp;&nbsp;&nbsp;&nbsp;&nbsp;&nbsp;&nbsp;&nbsp;&nbsp;&nbsp;&nbsp;&nbsp;&nbsp; ETTORE PAGANO<\/strong><\/p>\n\n\n\n<p><strong>Sergej Prokof\u2019ev&nbsp;&nbsp;&nbsp;&nbsp;&nbsp;&nbsp;&nbsp; Sinfonia concertante in mi minore per violoncello e orchestra op. 125<\/strong><\/p>\n\n\n\n<p><strong>Modest Musorgskij&nbsp;&nbsp; <em>Una notte sul Monte Calvo <\/em>(rielaborazione di Rimskij-Korsakov)<\/strong><\/p>\n\n\n\n<p><strong>ORCHESTRA DELLA FONDAZIONE TEATRO LIRICO GIUSEPPE VERDI DI TRIESTE<\/strong><\/p>\n\n\n\n<p><strong>6\u00b0 Concerto<\/strong><strong><\/strong><\/p>\n\n\n\n<p><strong>Venerd\u00ec 17 ottobre 2025 ore 19.30<\/strong><strong><\/strong><\/p>\n\n\n\n<p><strong>Direttore &nbsp;&nbsp;&nbsp;&nbsp;&nbsp;&nbsp;&nbsp;&nbsp;&nbsp;&nbsp;&nbsp;&nbsp;&nbsp;&nbsp;&nbsp;&nbsp;&nbsp;&nbsp; DANIEL OREN<\/strong><\/p>\n\n\n\n<p><strong>Pianoforte&nbsp;&nbsp;&nbsp;&nbsp;&nbsp;&nbsp;&nbsp;&nbsp;&nbsp;&nbsp;&nbsp;&nbsp;&nbsp;&nbsp;&nbsp;&nbsp;&nbsp; ALEXANDER GADJIEV<\/strong><\/p>\n\n\n\n<p><strong>Sergej Rachmaninov&nbsp;&nbsp;&nbsp;&nbsp;&nbsp;&nbsp;&nbsp;&nbsp;&nbsp;&nbsp;&nbsp;&nbsp; Concerto n\u00b0 2 in do minore per pianoforte e orchestra op. 18<\/strong><\/p>\n\n\n\n<p><strong>Ludwig van Beethoven<em> &nbsp;&nbsp;&nbsp;&nbsp;&nbsp;&nbsp;&nbsp;&nbsp; <\/em>Sinfonia n. 7 in la magg. op. 92<\/strong><\/p>\n\n\n\n<p><strong>ORCHESTRA DELLA FONDAZIONE TEATRO LIRICO GIUSEPPE VERDI DI TRIESTE<\/strong><\/p>\n\n\n\n<p><strong>In collaborazione con FVG ORCHESTRA<\/strong><\/p>\n\n\n\n<p><strong>7\u00b0 Concerto<\/strong><strong><\/strong><\/p>\n\n\n\n<p><strong>Venerd\u00ec 24 ottobre 2025 ore 19.30<\/strong><strong><\/strong><\/p>\n\n\n\n<p><strong>Direttore &nbsp;&nbsp;&nbsp;&nbsp;&nbsp;&nbsp;&nbsp;&nbsp;&nbsp;&nbsp;&nbsp;&nbsp;&nbsp;&nbsp;&nbsp;&nbsp;&nbsp;&nbsp; ENRICO CALESSO<\/strong><\/p>\n\n\n\n<p><strong>&nbsp;&nbsp;&nbsp;&nbsp;&nbsp;&nbsp;&nbsp;&nbsp;&nbsp;&nbsp;&nbsp; Violino&nbsp;&nbsp;&nbsp;&nbsp;&nbsp;&nbsp;&nbsp;&nbsp;&nbsp;&nbsp;&nbsp; GIUSEPPE GIBBONI<\/strong><strong><\/strong><\/p>\n\n\n\n<p><strong>P\u00ebtr Il\u2019i\u010d \u010cajkovskij&nbsp;&nbsp;&nbsp; <em>Romeo e Giulietta, <\/em>ouverture-fantasia in si minore<\/strong><\/p>\n\n\n\n<p><strong>Niccol\u00f2 Paganini&nbsp;&nbsp;&nbsp;&nbsp;&nbsp;&nbsp;&nbsp;&nbsp;&nbsp;&nbsp;&nbsp;&nbsp;&nbsp;&nbsp;&nbsp;&nbsp;&nbsp;&nbsp; Concerto n. 2 per violino e orchestra op.7<\/strong><\/p>\n\n\n\n<p><strong>Richard Strauss&nbsp;&nbsp;&nbsp;&nbsp;&nbsp;&nbsp;&nbsp;&nbsp;&nbsp;&nbsp;&nbsp;&nbsp;&nbsp;&nbsp;&nbsp;&nbsp;&nbsp;&nbsp;&nbsp;&nbsp;&nbsp; <em>Aus Italien, <\/em>fantasia sinfonica in sol maggiore op. 16&nbsp;&nbsp;&nbsp;&nbsp;&nbsp;&nbsp;&nbsp;<\/strong><\/p>\n\n\n\n<p><strong>ORCHESTRA DELLA FONDAZIONE TEATRO LIRICO GIUSEPPE VERDI DI TRIESTE<\/strong><\/p>\n\n\n\n<p><strong>8\u00b0 Concerto<\/strong><strong><\/strong><\/p>\n\n\n\n<p><strong>Marted\u00ec 23 dicembre 2025 ore 19.30<\/strong><strong><\/strong><\/p>\n\n\n\n<p><strong>Direttore&nbsp;&nbsp;&nbsp;&nbsp;&nbsp;&nbsp;&nbsp;&nbsp;&nbsp;&nbsp;&nbsp;&nbsp;&nbsp;&nbsp;&nbsp;&nbsp;&nbsp;&nbsp;&nbsp; GIULIO PRANDI<\/strong><\/p>\n\n\n\n<p><strong>Soprano<em>&nbsp;&nbsp;&nbsp;&nbsp;&nbsp;&nbsp;&nbsp;&nbsp;&nbsp;&nbsp;&nbsp;&nbsp;&nbsp;&nbsp;&nbsp;&nbsp;&nbsp;&nbsp;&nbsp;&nbsp;&nbsp;&nbsp;&nbsp;&nbsp;&nbsp;&nbsp;&nbsp;&nbsp;&nbsp;&nbsp;&nbsp;&nbsp; <\/em>ALINA TKACHUK<\/strong><\/p>\n\n\n\n<p><strong>Mezzosoprano<em>&nbsp;&nbsp;&nbsp;&nbsp;&nbsp;&nbsp;&nbsp;&nbsp;&nbsp;&nbsp;&nbsp;&nbsp;&nbsp;&nbsp;&nbsp;&nbsp;&nbsp;&nbsp;&nbsp;&nbsp;&nbsp; <\/em>MICHELA GUARRERA<\/strong><\/p>\n\n\n\n<p><strong>Tenore <em>&nbsp;&nbsp;&nbsp;&nbsp;&nbsp;&nbsp;&nbsp;&nbsp;&nbsp;&nbsp;&nbsp;&nbsp;&nbsp;&nbsp;&nbsp;&nbsp;&nbsp;&nbsp;&nbsp;&nbsp;&nbsp;&nbsp;&nbsp; <\/em><\/strong><strong>CHUAN WANG<\/strong><\/p>\n\n\n\n<p><strong>Baritono <em>&nbsp;&nbsp;&nbsp;&nbsp;&nbsp;&nbsp;&nbsp;&nbsp;&nbsp;&nbsp;&nbsp;&nbsp;&nbsp;&nbsp;&nbsp;&nbsp;&nbsp;&nbsp;&nbsp; <\/em>ALESSANDRO RAVASIO&nbsp;<\/strong><\/p>\n\n\n\n<p><strong>Gioachino Rossini&nbsp;&nbsp;&nbsp;&nbsp;&nbsp;&nbsp;&nbsp;&nbsp;&nbsp;&nbsp;&nbsp;&nbsp;&nbsp;&nbsp;&nbsp;&nbsp;&nbsp; <em>Petite Messe Solennelle<\/em> per soli, coro e orchestra<\/strong><\/p>\n\n\n\n<p><strong>ORCHESTRA E CORO DELLA FONDAZIONE TEATRO LIRICO GIUSEPPE VERDI DI TRIESTE<\/strong><\/p>\n\n\n\n<p><strong>Maestro del Coro PAOLO LONGO<\/strong><\/p>\n\n\n\n<p><strong>Con otto concerti, tra cui una nuova commissione a Giorgio Battistelli, il ritorno alla sinfonica di Daniel Oren, e tanti solisti e direttori di spicco, spesso assolutamente inusuali nelle programmazioni italiane, torna dall\u201911 settembre la stagione sinfonica del Verdi, uno degli appuntamenti pi\u00f9 seguiti in citt\u00e0 in netta controtendenza rispetto alla media nazionale e vero palco per la crescente eccellenza dell\u2019orchestra del teatro.<\/strong><\/p>\n\n\n\n<p>Si parte<strong> <\/strong>l\u201911 settembre entrando nel cuore del grande romanticismo con Brahms e con il pluripremiato pianista ucraino Vadym Kholodenko, ex enfant prodige, oggi in costante tourn\u00e9e sui migliori palchi internazionali, con il podio di una delle ultime memorie del grande sinfonismo tedesco di tradizione, l\u201982enne Hartmut Haenchen, tedesco di Dresda, star della Germania Est eccezionalmente prestato ai Berliner e al Concertgebouw, oggi davvero memoria storica di un suono e di una tradizione fondante la cultura musicale europea.<\/p>\n\n\n\n<p>Subito il 14 settembre, quasi per mettere in dialogo due stati dell\u2019arte sinfonica mitteleuropea, il giovanissimo direttore d\u2019orchestra Luka Hauser, primo Kapellmeister e Direttore Assistente di Cornelius Meister alla Staatsoper di Stoccarda, presenter\u00e0 un tutto Beethoven con la star del pianoforte Jan Lisiecki, scelto negli anni da direttori quali Abbado, Pappano, Harding, oltre che pluripremiato sin dalla pi\u00f9 giovane et\u00e0.<\/p>\n\n\n\n<p>Questi primi due concerti danno seguito, anche per questa stagione, alla felice collaborazione con la SOCIET\u00c0 DEI CONCERTI DI TRIESTE nell\u2019ambito del NUOVO FESTIVAL DI TRIESTE.<\/p>\n\n\n\n<p>Il 22 settembre si proseguir\u00e0 poi in questa capsule Beethoven passando dalla celeberrima quinta Sinfonia alla monumentale Nona, in collaborazione con l\u2019orchestra e il coro dell\u2019Opera di Maribor e la direzione di un\u2019altra eccellente personalit\u00e0 musicale che ha fatto e vissuto la storia del suono e del sinfonismo del secondo Novecento, l\u2019ottantenne Pinchas Steinberg, solisti d\u2019eccellenza il soprano rumeno Ana Maria Labin, il mezzosoprano turco-tedesco Deniz Uzun, il tenore siciliano Antonino Siragusa e il basso albanese Gezim Myshketa.<\/p>\n\n\n\n<p><strong>Per il quarto concerto, tra gli eventi clou di GO!2025, il 28 settembre con la direzione di Enrico Calesso la vera sorpresa di questa stagione con la nuova commissione del Teatro Verdi a Giorgio Battistelli, stimato decano della<\/strong> <strong>composizione europea con \u201cFedeli d\u2019Amore\u201d, oratorio in forma scenica per due voci, coro e orchestra. Liberamente tratto da opere di Claudio Magris e Carlo&nbsp; Michelst\u00e4dter grazie al magistero dello scrittore, critico letterario e conduttore televisivo Arnaldo Colasanti, \u201cFedeli d\u2019Amore\u201d ripercorre gli amori filosofici del grande scrittore triestino trasponendoli in canto e musica.<\/strong><\/p>\n\n\n\n<p>Segue poi il 4 ottobre una grande serata russa con il violoncello di Ettore Pagano, sempre affezionato al teatro in cui ha fatto il suo fortunato debutto, diretto da Arif Dadashev, moscovita e presenza costante al Mariinsky di San Pietroburgo, nonch\u00e9 figura centrale nelle principali orchestre russe e nella solidissima tradizione cameristica slava. In programma la sinfonia concertante per violoncello e orchestra di Prokof\u2019ev, capolavoro del repertorio violoncellistico, e <em>Una notte sul Monte Calvo <\/em>famosissimo poema sinfonico di Musorgskij, nella rielaborazione di Rimskij-Korsakov.<\/p>\n\n\n\n<p>Tra Rachmaninov, con il secondo concerto per pianoforte e orchestra e la Settima di Beethoven invece il ritorno alla sinfonica di Daniel Oren, reduce dai trionfi nella stagione operistica, con la collaborazione della FVG Orchestra e il pianoforte del goriziano Alexander Gadjiev, da anni ormai protagonista delle migliori stagioni concertistiche e quest\u2019anno ambasciatore culturale della sua citt\u00e0 natale per Gorizia-Nova Gorica Capitale Europea della Cultura 2025.<\/p>\n\n\n\n<p>Torna poi il 24 ottobre Enrico Calesso sul podio dell\u2019Orchestra della Fondazione con un programma eterogeneo dall\u2019ouverture-fantasia <em>Romeo e Giulietta <\/em>di \u010cajkovskij al secondo concerto per violino e orchestra di Paganini con un solista d\u2019eccellenza come Giuseppe Gibboni, ormai un habitu\u00e9 del teatro e gi\u00e0 applaudissimo dal pubblico giuliano nelle scorse stagioni, per finire con la fantasia sinfonica <em>Aus Italien, di <\/em>Strauss, tra i compositori d\u2019elezione del Maestro trevisano.<\/p>\n\n\n\n<p>Si chiude il 23 dicembre con il concerto natalizio con la Petite Messe Solennelle per soli, coro e orchestra di Rossini, diretto da Giulio Prandi, che torna in citt\u00e0 dopo il successo della Passione secondo Giovanni di Bach eseguito nella Cattedrale di San Giusto la scorsa Pasqua, con il soprano Alina Tkachuk, il mezzosoprano Michela Guarrera, rossiniana doc, e il tenore cinese Chuan Wang, cresciuto all\u2019Accademia Scaligera e oggi in ottima carriera internazionale.<\/p>\n\n\n\n<p><strong>La campagna abbonamenti si aprir\u00e0 mercoled\u00ec 25 giugno e chiuder\u00e0 l\u201911<\/strong><strong> <\/strong><strong>settembre.<\/strong><\/p>\n\n\n\n<p><strong>La conferma dei precedenti abbonamenti chiuder\u00e0 il<\/strong><strong> 31 luglio<\/strong><strong><\/strong><\/p>\n\n\n\n<p><strong>La vendita dei biglietti singoli partir\u00e0 da marted\u00ec 1 luglio<\/strong><\/p>\n\n\n\n<p><strong>Di seguito i prezzi:<\/strong><strong> <\/strong><strong><\/strong><\/p>\n\n\n\n<figure class=\"wp-block-table\"><table><tbody><tr><td><strong>Stagione sinfonica 2025<\/strong><\/td><td>&nbsp;<\/td><td>&nbsp;<\/td><\/tr><tr><td>&nbsp;<\/td><td><strong>Botteghino<\/strong><\/td><td><strong>Abbonamento (8 concerti)<\/strong><\/td><\/tr><tr><td>&nbsp;<\/td><td>&nbsp;<\/td><td>&nbsp;<\/td><\/tr><tr><td><em>Poltronissime, Platea, palchi pepiano e I ordine<\/em><\/td><td>&nbsp;\u20ac&nbsp;&nbsp;&nbsp;&nbsp;&nbsp;&nbsp;&nbsp;&nbsp;&nbsp;&nbsp;&nbsp;&nbsp;&nbsp;&nbsp;&nbsp;&nbsp;&nbsp;&nbsp; 35,00<\/td><td><strong>&nbsp;\u20ac&nbsp;&nbsp;&nbsp;&nbsp;&nbsp;&nbsp;&nbsp;&nbsp;&nbsp;&nbsp;&nbsp;&nbsp;&nbsp;&nbsp;&nbsp;&nbsp;&nbsp;&nbsp;&nbsp;&nbsp;&nbsp;&nbsp;&nbsp;&nbsp;&nbsp;&nbsp;&nbsp;&nbsp;&nbsp;&nbsp;&nbsp;&nbsp;&nbsp;&nbsp;&nbsp; 252,00<\/strong><\/td><\/tr><tr><td>&nbsp;<\/td><td>&nbsp;<\/td><td>&nbsp;<\/td><\/tr><tr><td><em>I galleria ( I fila e II fila), palco di II ordine<\/em><\/td><td>&nbsp;\u20ac&nbsp;&nbsp;&nbsp;&nbsp;&nbsp;&nbsp;&nbsp;&nbsp;&nbsp;&nbsp;&nbsp;&nbsp;&nbsp;&nbsp;&nbsp;&nbsp;&nbsp;&nbsp; 25,00<\/td><td><strong>&nbsp;\u20ac&nbsp;&nbsp;&nbsp;&nbsp;&nbsp;&nbsp;&nbsp;&nbsp;&nbsp;&nbsp;&nbsp;&nbsp;&nbsp;&nbsp;&nbsp;&nbsp;&nbsp;&nbsp;&nbsp;&nbsp;&nbsp;&nbsp;&nbsp;&nbsp;&nbsp;&nbsp;&nbsp;&nbsp;&nbsp;&nbsp;&nbsp;&nbsp;&nbsp;&nbsp;&nbsp; 180,00<\/strong><\/td><\/tr><tr><td>&nbsp;<\/td><td>&nbsp;<\/td><td>&nbsp;<\/td><\/tr><tr><td><em>II galleria e palco di III ordine<\/em><\/td><td>&nbsp;\u20ac&nbsp;&nbsp;&nbsp;&nbsp;&nbsp;&nbsp;&nbsp;&nbsp;&nbsp;&nbsp;&nbsp;&nbsp;&nbsp;&nbsp;&nbsp;&nbsp;&nbsp;&nbsp; 15,00<\/td><td><strong>&nbsp;\u20ac&nbsp;&nbsp;&nbsp;&nbsp;&nbsp;&nbsp;&nbsp;&nbsp;&nbsp;&nbsp;&nbsp;&nbsp;&nbsp;&nbsp;&nbsp;&nbsp;&nbsp;&nbsp;&nbsp;&nbsp;&nbsp;&nbsp;&nbsp;&nbsp;&nbsp;&nbsp;&nbsp;&nbsp;&nbsp;&nbsp;&nbsp;&nbsp;&nbsp;&nbsp;&nbsp; 108,00<\/strong><\/td><\/tr><tr><td>&nbsp;<\/td><td>&nbsp;<\/td><td>&nbsp;<\/td><\/tr><tr><td><em>Loggione, II galleria (VI e VII fila) e I galleria (IV, V, VI fila)<\/em><\/td><td>&nbsp;\u20ac&nbsp;&nbsp;&nbsp;&nbsp;&nbsp;&nbsp;&nbsp;&nbsp;&nbsp;&nbsp;&nbsp;&nbsp;&nbsp;&nbsp;&nbsp;&nbsp;&nbsp;&nbsp; 11,00<\/td><td><strong>&nbsp;\u20ac&nbsp;&nbsp;&nbsp;&nbsp;&nbsp;&nbsp;&nbsp;&nbsp;&nbsp;&nbsp;&nbsp;&nbsp;&nbsp;&nbsp;&nbsp;&nbsp;&nbsp;&nbsp;&nbsp;&nbsp;&nbsp;&nbsp;&nbsp;&nbsp;&nbsp;&nbsp;&nbsp;&nbsp;&nbsp;&nbsp;&nbsp;&nbsp;&nbsp;&nbsp;&nbsp;&nbsp;&nbsp; 79,00<\/strong><\/td><\/tr><tr><td>&nbsp;<\/td><td>&nbsp;<\/td><td>&nbsp;<\/td><\/tr><tr><td>Ingressi gallerie e loggione<\/td><td>&nbsp;\u20ac&nbsp;&nbsp;&nbsp;&nbsp;&nbsp;&nbsp;&nbsp;&nbsp;&nbsp;&nbsp;&nbsp;&nbsp;&nbsp;&nbsp;&nbsp;&nbsp;&nbsp;&nbsp;&nbsp;&nbsp;&nbsp; 7,50<\/td><td>&nbsp;<\/td><\/tr><tr><td>Promozione giovani UNDER 34 anni: tutti i settori<\/td><td>&nbsp;\u20ac&nbsp;&nbsp;&nbsp;&nbsp;&nbsp;&nbsp;&nbsp;&nbsp;&nbsp;&nbsp;&nbsp;&nbsp;&nbsp;&nbsp;&nbsp;&nbsp;&nbsp;&nbsp; 11,00<\/td><td><strong>&nbsp;\u20ac&nbsp;&nbsp;&nbsp;&nbsp;&nbsp;&nbsp;&nbsp;&nbsp;&nbsp;&nbsp;&nbsp;&nbsp;&nbsp;&nbsp;&nbsp;&nbsp;&nbsp;&nbsp;&nbsp;&nbsp;&nbsp;&nbsp;&nbsp;&nbsp;&nbsp;&nbsp;&nbsp;&nbsp;&nbsp;&nbsp;&nbsp;&nbsp;&nbsp;&nbsp;&nbsp;&nbsp;&nbsp; 79,00<\/strong><\/td><\/tr><tr><td>&nbsp;<\/td><td>&nbsp;<\/td><td>&nbsp;<\/td><\/tr><\/tbody><\/table><\/figure>\n\n\n\n<p>foto<\/p>\n\n\n\n<figure class=\"wp-block-gallery has-nested-images columns-default is-cropped wp-block-gallery-1 is-layout-flex wp-block-gallery-is-layout-flex\">\n<figure class=\"wp-block-image size-large\"><a href=\"https:\/\/www.ecoitaliano.com.ar\/wp-content\/uploads\/2025\/06\/0368-Justina-Gringyte-Credit-Paul-Marc-Mitchell-1.jpg\"><img decoding=\"async\" width=\"1024\" height=\"683\" data-id=\"75412\" src=\"https:\/\/www.ecoitaliano.com.ar\/wp-content\/uploads\/2025\/06\/0368-Justina-Gringyte-Credit-Paul-Marc-Mitchell-1-1024x683.jpg\" alt=\"\" class=\"wp-image-75412\" srcset=\"https:\/\/www.ecoitaliano.com.ar\/wp-content\/uploads\/2025\/06\/0368-Justina-Gringyte-Credit-Paul-Marc-Mitchell-1-1024x683.jpg 1024w, https:\/\/www.ecoitaliano.com.ar\/wp-content\/uploads\/2025\/06\/0368-Justina-Gringyte-Credit-Paul-Marc-Mitchell-1-300x200.jpg 300w, https:\/\/www.ecoitaliano.com.ar\/wp-content\/uploads\/2025\/06\/0368-Justina-Gringyte-Credit-Paul-Marc-Mitchell-1-768x512.jpg 768w, https:\/\/www.ecoitaliano.com.ar\/wp-content\/uploads\/2025\/06\/0368-Justina-Gringyte-Credit-Paul-Marc-Mitchell-1-1536x1024.jpg 1536w, https:\/\/www.ecoitaliano.com.ar\/wp-content\/uploads\/2025\/06\/0368-Justina-Gringyte-Credit-Paul-Marc-Mitchell-1-2048x1366.jpg 2048w, https:\/\/www.ecoitaliano.com.ar\/wp-content\/uploads\/2025\/06\/0368-Justina-Gringyte-Credit-Paul-Marc-Mitchell-1-150x100.jpg 150w\" sizes=\"(max-width: 1024px) 100vw, 1024px\" \/><\/a><\/figure>\n\n\n\n<figure class=\"wp-block-image size-large\"><a href=\"https:\/\/www.ecoitaliano.com.ar\/wp-content\/uploads\/2025\/06\/DB_Ettore_Pagano-1422-scaled.jpeg\"><img decoding=\"async\" width=\"1024\" height=\"683\" data-id=\"75413\" src=\"https:\/\/www.ecoitaliano.com.ar\/wp-content\/uploads\/2025\/06\/DB_Ettore_Pagano-1422-1024x683.jpeg\" alt=\"\" class=\"wp-image-75413\" srcset=\"https:\/\/www.ecoitaliano.com.ar\/wp-content\/uploads\/2025\/06\/DB_Ettore_Pagano-1422-1024x683.jpeg 1024w, https:\/\/www.ecoitaliano.com.ar\/wp-content\/uploads\/2025\/06\/DB_Ettore_Pagano-1422-300x200.jpeg 300w, https:\/\/www.ecoitaliano.com.ar\/wp-content\/uploads\/2025\/06\/DB_Ettore_Pagano-1422-768x512.jpeg 768w, https:\/\/www.ecoitaliano.com.ar\/wp-content\/uploads\/2025\/06\/DB_Ettore_Pagano-1422-1536x1025.jpeg 1536w, https:\/\/www.ecoitaliano.com.ar\/wp-content\/uploads\/2025\/06\/DB_Ettore_Pagano-1422-2048x1367.jpeg 2048w, https:\/\/www.ecoitaliano.com.ar\/wp-content\/uploads\/2025\/06\/DB_Ettore_Pagano-1422-150x100.jpeg 150w\" sizes=\"(max-width: 1024px) 100vw, 1024px\" \/><\/a><\/figure>\n\n\n\n<figure class=\"wp-block-image size-large\"><a href=\"https:\/\/www.ecoitaliano.com.ar\/wp-content\/uploads\/2025\/06\/Enrico-Calesso-\u00a9Nik-Scholzel-2-scaled.jpg\"><img decoding=\"async\" width=\"713\" height=\"1024\" data-id=\"75414\" src=\"https:\/\/www.ecoitaliano.com.ar\/wp-content\/uploads\/2025\/06\/Enrico-Calesso-\u00a9Nik-Scholzel-2-713x1024.jpg\" alt=\"\" class=\"wp-image-75414\" srcset=\"https:\/\/www.ecoitaliano.com.ar\/wp-content\/uploads\/2025\/06\/Enrico-Calesso-\u00a9Nik-Scholzel-2-713x1024.jpg 713w, https:\/\/www.ecoitaliano.com.ar\/wp-content\/uploads\/2025\/06\/Enrico-Calesso-\u00a9Nik-Scholzel-2-209x300.jpg 209w, https:\/\/www.ecoitaliano.com.ar\/wp-content\/uploads\/2025\/06\/Enrico-Calesso-\u00a9Nik-Scholzel-2-768x1103.jpg 768w, https:\/\/www.ecoitaliano.com.ar\/wp-content\/uploads\/2025\/06\/Enrico-Calesso-\u00a9Nik-Scholzel-2-1070x1536.jpg 1070w, https:\/\/www.ecoitaliano.com.ar\/wp-content\/uploads\/2025\/06\/Enrico-Calesso-\u00a9Nik-Scholzel-2-1426x2048.jpg 1426w, https:\/\/www.ecoitaliano.com.ar\/wp-content\/uploads\/2025\/06\/Enrico-Calesso-\u00a9Nik-Scholzel-2-104x150.jpg 104w, https:\/\/www.ecoitaliano.com.ar\/wp-content\/uploads\/2025\/06\/Enrico-Calesso-\u00a9Nik-Scholzel-2-scaled.jpg 1783w\" sizes=\"(max-width: 713px) 100vw, 713px\" \/><\/a><\/figure>\n\n\n\n<figure class=\"wp-block-image size-large\"><a href=\"https:\/\/www.ecoitaliano.com.ar\/wp-content\/uploads\/2025\/06\/GIBBONI-7-Migliorato-NR-3-edited.jpg\"><img decoding=\"async\" width=\"1024\" height=\"769\" data-id=\"75415\" src=\"https:\/\/www.ecoitaliano.com.ar\/wp-content\/uploads\/2025\/06\/GIBBONI-7-Migliorato-NR-3-edited-1024x769.jpg\" alt=\"\" class=\"wp-image-75415\" srcset=\"https:\/\/www.ecoitaliano.com.ar\/wp-content\/uploads\/2025\/06\/GIBBONI-7-Migliorato-NR-3-edited-1024x769.jpg 1024w, https:\/\/www.ecoitaliano.com.ar\/wp-content\/uploads\/2025\/06\/GIBBONI-7-Migliorato-NR-3-edited-300x225.jpg 300w, https:\/\/www.ecoitaliano.com.ar\/wp-content\/uploads\/2025\/06\/GIBBONI-7-Migliorato-NR-3-edited-768x576.jpg 768w, https:\/\/www.ecoitaliano.com.ar\/wp-content\/uploads\/2025\/06\/GIBBONI-7-Migliorato-NR-3-edited-1536x1153.jpg 1536w, https:\/\/www.ecoitaliano.com.ar\/wp-content\/uploads\/2025\/06\/GIBBONI-7-Migliorato-NR-3-edited-150x113.jpg 150w, https:\/\/www.ecoitaliano.com.ar\/wp-content\/uploads\/2025\/06\/GIBBONI-7-Migliorato-NR-3-edited.jpg 2000w\" sizes=\"(max-width: 1024px) 100vw, 1024px\" \/><\/a><\/figure>\n\n\n\n<figure class=\"wp-block-image size-large\"><a href=\"https:\/\/www.ecoitaliano.com.ar\/wp-content\/uploads\/2025\/06\/Hartmut-Haenchen-\u00a9-Riccardo-Musacchio-scaled.jpg\"><img decoding=\"async\" width=\"1024\" height=\"683\" data-id=\"75416\" src=\"https:\/\/www.ecoitaliano.com.ar\/wp-content\/uploads\/2025\/06\/Hartmut-Haenchen-\u00a9-Riccardo-Musacchio-1024x683.jpg\" alt=\"\" class=\"wp-image-75416\" srcset=\"https:\/\/www.ecoitaliano.com.ar\/wp-content\/uploads\/2025\/06\/Hartmut-Haenchen-\u00a9-Riccardo-Musacchio-1024x683.jpg 1024w, https:\/\/www.ecoitaliano.com.ar\/wp-content\/uploads\/2025\/06\/Hartmut-Haenchen-\u00a9-Riccardo-Musacchio-300x200.jpg 300w, https:\/\/www.ecoitaliano.com.ar\/wp-content\/uploads\/2025\/06\/Hartmut-Haenchen-\u00a9-Riccardo-Musacchio-768x512.jpg 768w, https:\/\/www.ecoitaliano.com.ar\/wp-content\/uploads\/2025\/06\/Hartmut-Haenchen-\u00a9-Riccardo-Musacchio-1536x1024.jpg 1536w, https:\/\/www.ecoitaliano.com.ar\/wp-content\/uploads\/2025\/06\/Hartmut-Haenchen-\u00a9-Riccardo-Musacchio-2048x1365.jpg 2048w, https:\/\/www.ecoitaliano.com.ar\/wp-content\/uploads\/2025\/06\/Hartmut-Haenchen-\u00a9-Riccardo-Musacchio-150x100.jpg 150w\" sizes=\"(max-width: 1024px) 100vw, 1024px\" \/><\/a><figcaption class=\"wp-element-caption\">Roma, Auditorium Parco della Musica 27 10 2012<br>Haydn La Creazione<br>Orchestra e Coro dell&#8217;Accademia di Santa Cecilia<br>Hartmut Haenchen direttore<br>Marita Solberg soprano<br>Jeremy Ovenden tenore<br>Kay Stiefermann basso<br>Ciro Visco maestro del coro<br>\u00a9Musacchio &amp; Ianniello<\/figcaption><\/figure>\n\n\n\n<figure class=\"wp-block-image size-large\"><a href=\"https:\/\/www.ecoitaliano.com.ar\/wp-content\/uploads\/2025\/06\/Oren-c-Ivano-Buat-35-scaled.jpeg\"><img decoding=\"async\" width=\"683\" height=\"1024\" data-id=\"75417\" src=\"https:\/\/www.ecoitaliano.com.ar\/wp-content\/uploads\/2025\/06\/Oren-c-Ivano-Buat-35-683x1024.jpeg\" alt=\"\" class=\"wp-image-75417\" srcset=\"https:\/\/www.ecoitaliano.com.ar\/wp-content\/uploads\/2025\/06\/Oren-c-Ivano-Buat-35-683x1024.jpeg 683w, https:\/\/www.ecoitaliano.com.ar\/wp-content\/uploads\/2025\/06\/Oren-c-Ivano-Buat-35-200x300.jpeg 200w, https:\/\/www.ecoitaliano.com.ar\/wp-content\/uploads\/2025\/06\/Oren-c-Ivano-Buat-35-768x1152.jpeg 768w, https:\/\/www.ecoitaliano.com.ar\/wp-content\/uploads\/2025\/06\/Oren-c-Ivano-Buat-35-1024x1536.jpeg 1024w, https:\/\/www.ecoitaliano.com.ar\/wp-content\/uploads\/2025\/06\/Oren-c-Ivano-Buat-35-1365x2048.jpeg 1365w, https:\/\/www.ecoitaliano.com.ar\/wp-content\/uploads\/2025\/06\/Oren-c-Ivano-Buat-35-100x150.jpeg 100w, https:\/\/www.ecoitaliano.com.ar\/wp-content\/uploads\/2025\/06\/Oren-c-Ivano-Buat-35-scaled.jpeg 1707w\" sizes=\"(max-width: 683px) 100vw, 683px\" \/><\/a><\/figure>\n\n\n\n<figure class=\"wp-block-image size-large\"><a href=\"https:\/\/www.ecoitaliano.com.ar\/wp-content\/uploads\/2025\/06\/Pinchas-Steinberg-foto-di-Fabio-Parenzan-0994.jpg\"><img decoding=\"async\" width=\"1024\" height=\"682\" data-id=\"75418\" src=\"https:\/\/www.ecoitaliano.com.ar\/wp-content\/uploads\/2025\/06\/Pinchas-Steinberg-foto-di-Fabio-Parenzan-0994-1024x682.jpg\" alt=\"\" class=\"wp-image-75418\" srcset=\"https:\/\/www.ecoitaliano.com.ar\/wp-content\/uploads\/2025\/06\/Pinchas-Steinberg-foto-di-Fabio-Parenzan-0994-1024x682.jpg 1024w, https:\/\/www.ecoitaliano.com.ar\/wp-content\/uploads\/2025\/06\/Pinchas-Steinberg-foto-di-Fabio-Parenzan-0994-300x200.jpg 300w, https:\/\/www.ecoitaliano.com.ar\/wp-content\/uploads\/2025\/06\/Pinchas-Steinberg-foto-di-Fabio-Parenzan-0994-768x512.jpg 768w, https:\/\/www.ecoitaliano.com.ar\/wp-content\/uploads\/2025\/06\/Pinchas-Steinberg-foto-di-Fabio-Parenzan-0994-1536x1024.jpg 1536w, https:\/\/www.ecoitaliano.com.ar\/wp-content\/uploads\/2025\/06\/Pinchas-Steinberg-foto-di-Fabio-Parenzan-0994-150x100.jpg 150w, https:\/\/www.ecoitaliano.com.ar\/wp-content\/uploads\/2025\/06\/Pinchas-Steinberg-foto-di-Fabio-Parenzan-0994.jpg 1772w\" sizes=\"(max-width: 1024px) 100vw, 1024px\" \/><\/a><\/figure>\n\n\n\n<figure class=\"wp-block-image size-large\"><a href=\"https:\/\/www.ecoitaliano.com.ar\/wp-content\/uploads\/2025\/06\/56c02656b048fa374fe3cf5a805ed463-0.jpg\"><img decoding=\"async\" width=\"724\" height=\"1024\" data-id=\"75419\" src=\"https:\/\/www.ecoitaliano.com.ar\/wp-content\/uploads\/2025\/06\/56c02656b048fa374fe3cf5a805ed463-0-724x1024.jpg\" alt=\"\" class=\"wp-image-75419\" srcset=\"https:\/\/www.ecoitaliano.com.ar\/wp-content\/uploads\/2025\/06\/56c02656b048fa374fe3cf5a805ed463-0-724x1024.jpg 724w, https:\/\/www.ecoitaliano.com.ar\/wp-content\/uploads\/2025\/06\/56c02656b048fa374fe3cf5a805ed463-0-212x300.jpg 212w, https:\/\/www.ecoitaliano.com.ar\/wp-content\/uploads\/2025\/06\/56c02656b048fa374fe3cf5a805ed463-0-768x1087.jpg 768w, https:\/\/www.ecoitaliano.com.ar\/wp-content\/uploads\/2025\/06\/56c02656b048fa374fe3cf5a805ed463-0-1086x1536.jpg 1086w, https:\/\/www.ecoitaliano.com.ar\/wp-content\/uploads\/2025\/06\/56c02656b048fa374fe3cf5a805ed463-0-1447x2048.jpg 1447w, https:\/\/www.ecoitaliano.com.ar\/wp-content\/uploads\/2025\/06\/56c02656b048fa374fe3cf5a805ed463-0-106x150.jpg 106w, https:\/\/www.ecoitaliano.com.ar\/wp-content\/uploads\/2025\/06\/56c02656b048fa374fe3cf5a805ed463-0.jpg 1653w\" sizes=\"(max-width: 724px) 100vw, 724px\" \/><\/a><\/figure>\n\n\n\n<figure class=\"wp-block-image size-large\"><a href=\"https:\/\/www.ecoitaliano.com.ar\/wp-content\/uploads\/2025\/06\/56c02656b048fa374fe3cf5a805ed463-1.jpg\"><img decoding=\"async\" width=\"724\" height=\"1024\" data-id=\"75420\" src=\"https:\/\/www.ecoitaliano.com.ar\/wp-content\/uploads\/2025\/06\/56c02656b048fa374fe3cf5a805ed463-1-724x1024.jpg\" alt=\"\" class=\"wp-image-75420\" srcset=\"https:\/\/www.ecoitaliano.com.ar\/wp-content\/uploads\/2025\/06\/56c02656b048fa374fe3cf5a805ed463-1-724x1024.jpg 724w, https:\/\/www.ecoitaliano.com.ar\/wp-content\/uploads\/2025\/06\/56c02656b048fa374fe3cf5a805ed463-1-212x300.jpg 212w, https:\/\/www.ecoitaliano.com.ar\/wp-content\/uploads\/2025\/06\/56c02656b048fa374fe3cf5a805ed463-1-768x1087.jpg 768w, https:\/\/www.ecoitaliano.com.ar\/wp-content\/uploads\/2025\/06\/56c02656b048fa374fe3cf5a805ed463-1-1086x1536.jpg 1086w, https:\/\/www.ecoitaliano.com.ar\/wp-content\/uploads\/2025\/06\/56c02656b048fa374fe3cf5a805ed463-1-1447x2048.jpg 1447w, https:\/\/www.ecoitaliano.com.ar\/wp-content\/uploads\/2025\/06\/56c02656b048fa374fe3cf5a805ed463-1-106x150.jpg 106w, https:\/\/www.ecoitaliano.com.ar\/wp-content\/uploads\/2025\/06\/56c02656b048fa374fe3cf5a805ed463-1.jpg 1653w\" sizes=\"(max-width: 724px) 100vw, 724px\" \/><\/a><\/figure>\n\n\n\n<figure class=\"wp-block-image size-large\"><a href=\"https:\/\/www.ecoitaliano.com.ar\/wp-content\/uploads\/2025\/06\/56c02656b048fa374fe3cf5a805ed463-2.jpg\"><img decoding=\"async\" width=\"724\" height=\"1024\" data-id=\"75421\" src=\"https:\/\/www.ecoitaliano.com.ar\/wp-content\/uploads\/2025\/06\/56c02656b048fa374fe3cf5a805ed463-2-724x1024.jpg\" alt=\"\" class=\"wp-image-75421\" srcset=\"https:\/\/www.ecoitaliano.com.ar\/wp-content\/uploads\/2025\/06\/56c02656b048fa374fe3cf5a805ed463-2-724x1024.jpg 724w, https:\/\/www.ecoitaliano.com.ar\/wp-content\/uploads\/2025\/06\/56c02656b048fa374fe3cf5a805ed463-2-212x300.jpg 212w, https:\/\/www.ecoitaliano.com.ar\/wp-content\/uploads\/2025\/06\/56c02656b048fa374fe3cf5a805ed463-2-768x1087.jpg 768w, https:\/\/www.ecoitaliano.com.ar\/wp-content\/uploads\/2025\/06\/56c02656b048fa374fe3cf5a805ed463-2-1086x1536.jpg 1086w, https:\/\/www.ecoitaliano.com.ar\/wp-content\/uploads\/2025\/06\/56c02656b048fa374fe3cf5a805ed463-2-1447x2048.jpg 1447w, https:\/\/www.ecoitaliano.com.ar\/wp-content\/uploads\/2025\/06\/56c02656b048fa374fe3cf5a805ed463-2-106x150.jpg 106w, https:\/\/www.ecoitaliano.com.ar\/wp-content\/uploads\/2025\/06\/56c02656b048fa374fe3cf5a805ed463-2.jpg 1653w\" sizes=\"(max-width: 724px) 100vw, 724px\" \/><\/a><\/figure>\n\n\n\n<figure class=\"wp-block-image size-large\"><a href=\"https:\/\/www.ecoitaliano.com.ar\/wp-content\/uploads\/2025\/06\/56c02656b048fa374fe3cf5a805ed463-3.jpg\"><img decoding=\"async\" width=\"724\" height=\"1024\" data-id=\"75422\" src=\"https:\/\/www.ecoitaliano.com.ar\/wp-content\/uploads\/2025\/06\/56c02656b048fa374fe3cf5a805ed463-3-724x1024.jpg\" alt=\"\" class=\"wp-image-75422\" srcset=\"https:\/\/www.ecoitaliano.com.ar\/wp-content\/uploads\/2025\/06\/56c02656b048fa374fe3cf5a805ed463-3-724x1024.jpg 724w, https:\/\/www.ecoitaliano.com.ar\/wp-content\/uploads\/2025\/06\/56c02656b048fa374fe3cf5a805ed463-3-212x300.jpg 212w, https:\/\/www.ecoitaliano.com.ar\/wp-content\/uploads\/2025\/06\/56c02656b048fa374fe3cf5a805ed463-3-768x1087.jpg 768w, https:\/\/www.ecoitaliano.com.ar\/wp-content\/uploads\/2025\/06\/56c02656b048fa374fe3cf5a805ed463-3-1086x1536.jpg 1086w, https:\/\/www.ecoitaliano.com.ar\/wp-content\/uploads\/2025\/06\/56c02656b048fa374fe3cf5a805ed463-3-1447x2048.jpg 1447w, https:\/\/www.ecoitaliano.com.ar\/wp-content\/uploads\/2025\/06\/56c02656b048fa374fe3cf5a805ed463-3-106x150.jpg 106w, https:\/\/www.ecoitaliano.com.ar\/wp-content\/uploads\/2025\/06\/56c02656b048fa374fe3cf5a805ed463-3.jpg 1653w\" sizes=\"(max-width: 724px) 100vw, 724px\" \/><\/a><\/figure>\n\n\n\n<figure class=\"wp-block-image size-large\"><a href=\"https:\/\/www.ecoitaliano.com.ar\/wp-content\/uploads\/2025\/06\/56c02656b048fa374fe3cf5a805ed463-4.jpg\"><img decoding=\"async\" width=\"724\" height=\"1024\" data-id=\"75423\" src=\"https:\/\/www.ecoitaliano.com.ar\/wp-content\/uploads\/2025\/06\/56c02656b048fa374fe3cf5a805ed463-4-724x1024.jpg\" alt=\"\" class=\"wp-image-75423\" srcset=\"https:\/\/www.ecoitaliano.com.ar\/wp-content\/uploads\/2025\/06\/56c02656b048fa374fe3cf5a805ed463-4-724x1024.jpg 724w, https:\/\/www.ecoitaliano.com.ar\/wp-content\/uploads\/2025\/06\/56c02656b048fa374fe3cf5a805ed463-4-212x300.jpg 212w, https:\/\/www.ecoitaliano.com.ar\/wp-content\/uploads\/2025\/06\/56c02656b048fa374fe3cf5a805ed463-4-768x1087.jpg 768w, https:\/\/www.ecoitaliano.com.ar\/wp-content\/uploads\/2025\/06\/56c02656b048fa374fe3cf5a805ed463-4-1086x1536.jpg 1086w, https:\/\/www.ecoitaliano.com.ar\/wp-content\/uploads\/2025\/06\/56c02656b048fa374fe3cf5a805ed463-4-1447x2048.jpg 1447w, https:\/\/www.ecoitaliano.com.ar\/wp-content\/uploads\/2025\/06\/56c02656b048fa374fe3cf5a805ed463-4-106x150.jpg 106w, https:\/\/www.ecoitaliano.com.ar\/wp-content\/uploads\/2025\/06\/56c02656b048fa374fe3cf5a805ed463-4.jpg 1653w\" sizes=\"(max-width: 724px) 100vw, 724px\" \/><\/a><\/figure>\n\n\n\n<figure class=\"wp-block-image size-large\"><a href=\"https:\/\/www.ecoitaliano.com.ar\/wp-content\/uploads\/2025\/06\/56c02656b048fa374fe3cf5a805ed463-5.jpg\"><img decoding=\"async\" width=\"724\" height=\"1024\" data-id=\"75424\" src=\"https:\/\/www.ecoitaliano.com.ar\/wp-content\/uploads\/2025\/06\/56c02656b048fa374fe3cf5a805ed463-5-724x1024.jpg\" alt=\"\" class=\"wp-image-75424\" srcset=\"https:\/\/www.ecoitaliano.com.ar\/wp-content\/uploads\/2025\/06\/56c02656b048fa374fe3cf5a805ed463-5-724x1024.jpg 724w, https:\/\/www.ecoitaliano.com.ar\/wp-content\/uploads\/2025\/06\/56c02656b048fa374fe3cf5a805ed463-5-212x300.jpg 212w, https:\/\/www.ecoitaliano.com.ar\/wp-content\/uploads\/2025\/06\/56c02656b048fa374fe3cf5a805ed463-5-768x1087.jpg 768w, https:\/\/www.ecoitaliano.com.ar\/wp-content\/uploads\/2025\/06\/56c02656b048fa374fe3cf5a805ed463-5-1086x1536.jpg 1086w, https:\/\/www.ecoitaliano.com.ar\/wp-content\/uploads\/2025\/06\/56c02656b048fa374fe3cf5a805ed463-5-1447x2048.jpg 1447w, https:\/\/www.ecoitaliano.com.ar\/wp-content\/uploads\/2025\/06\/56c02656b048fa374fe3cf5a805ed463-5-106x150.jpg 106w, https:\/\/www.ecoitaliano.com.ar\/wp-content\/uploads\/2025\/06\/56c02656b048fa374fe3cf5a805ed463-5.jpg 1653w\" sizes=\"(max-width: 724px) 100vw, 724px\" \/><\/a><\/figure>\n<\/figure>\n","protected":false},"excerpt":{"rendered":"<p>STAGIONE SINFONICA 2025 DEL TEATRO G. VERDI DI TRIESTE Dal 11 settembre al 23 dicembre 2025 Programma 1\u00b0 Concerto Gioved\u00ec [&hellip;]<\/p>\n","protected":false},"author":1,"featured_media":0,"comment_status":"open","ping_status":"open","sticky":false,"template":"","format":"standard","meta":{"footnotes":""},"categories":[1],"tags":[],"class_list":["post-75411","post","type-post","status-publish","format-standard","hentry","category-sin-categoria"],"_links":{"self":[{"href":"https:\/\/www.ecoitaliano.com.ar\/index.php?rest_route=\/wp\/v2\/posts\/75411","targetHints":{"allow":["GET"]}}],"collection":[{"href":"https:\/\/www.ecoitaliano.com.ar\/index.php?rest_route=\/wp\/v2\/posts"}],"about":[{"href":"https:\/\/www.ecoitaliano.com.ar\/index.php?rest_route=\/wp\/v2\/types\/post"}],"author":[{"embeddable":true,"href":"https:\/\/www.ecoitaliano.com.ar\/index.php?rest_route=\/wp\/v2\/users\/1"}],"replies":[{"embeddable":true,"href":"https:\/\/www.ecoitaliano.com.ar\/index.php?rest_route=%2Fwp%2Fv2%2Fcomments&post=75411"}],"version-history":[{"count":1,"href":"https:\/\/www.ecoitaliano.com.ar\/index.php?rest_route=\/wp\/v2\/posts\/75411\/revisions"}],"predecessor-version":[{"id":75425,"href":"https:\/\/www.ecoitaliano.com.ar\/index.php?rest_route=\/wp\/v2\/posts\/75411\/revisions\/75425"}],"wp:attachment":[{"href":"https:\/\/www.ecoitaliano.com.ar\/index.php?rest_route=%2Fwp%2Fv2%2Fmedia&parent=75411"}],"wp:term":[{"taxonomy":"category","embeddable":true,"href":"https:\/\/www.ecoitaliano.com.ar\/index.php?rest_route=%2Fwp%2Fv2%2Fcategories&post=75411"},{"taxonomy":"post_tag","embeddable":true,"href":"https:\/\/www.ecoitaliano.com.ar\/index.php?rest_route=%2Fwp%2Fv2%2Ftags&post=75411"}],"curies":[{"name":"wp","href":"https:\/\/api.w.org\/{rel}","templated":true}]}}