{"id":75459,"date":"2025-06-25T08:32:16","date_gmt":"2025-06-25T08:32:16","guid":{"rendered":"https:\/\/www.ecoitaliano.com.ar\/?p=75459"},"modified":"2025-06-25T10:03:32","modified_gmt":"2025-06-25T10:03:32","slug":"serena-conduce-operaclassica-eco-italiano-4456","status":"publish","type":"post","link":"https:\/\/www.ecoitaliano.com.ar\/?p=75459","title":{"rendered":"Serena conduce operaclassica eco italiano"},"content":{"rendered":"<div class=\"wp-block-image\">\n<figure class=\"aligncenter size-full\"><a href=\"http:\/\/www.ecoitaliano.com.ar\/wp-content\/uploads\/2025\/06\/image004-2.png\"><img decoding=\"async\" width=\"143\" height=\"89\" src=\"http:\/\/www.ecoitaliano.com.ar\/wp-content\/uploads\/2025\/06\/image004-2.png\" alt=\"\" class=\"wp-image-75460\"\/><\/a><\/figure><\/div>\n\n\n<p>Ufficio stampa&nbsp;&nbsp;&nbsp;&nbsp;&nbsp;&nbsp;&nbsp;&nbsp;&nbsp;&nbsp;&nbsp;&nbsp;&nbsp;&nbsp;&nbsp;&nbsp;&nbsp;&nbsp;&nbsp;&nbsp;&nbsp;&nbsp;&nbsp;&nbsp;&nbsp;&nbsp;&nbsp;&nbsp;&nbsp;&nbsp;&nbsp;&nbsp;&nbsp;&nbsp;&nbsp;&nbsp;&nbsp;&nbsp;&nbsp;&nbsp;&nbsp;&nbsp;&nbsp;&nbsp;&nbsp;&nbsp;&nbsp;&nbsp;&nbsp;&nbsp;&nbsp;&nbsp;&nbsp;&nbsp;&nbsp;&nbsp;&nbsp;&nbsp;&nbsp;&nbsp;&nbsp;&nbsp;&nbsp;&nbsp;&nbsp;&nbsp;&nbsp;&nbsp;&nbsp;&nbsp;&nbsp;&nbsp;&nbsp;&nbsp;&nbsp;&nbsp;&nbsp;&nbsp;&nbsp;&nbsp;&nbsp;&nbsp;&nbsp;&nbsp;&nbsp;&nbsp;&nbsp;&nbsp;&nbsp;&nbsp;&nbsp;&nbsp;&nbsp;&nbsp;&nbsp;&nbsp;&nbsp;&nbsp;&nbsp;&nbsp;&nbsp;&nbsp;&nbsp;&nbsp;&nbsp;&nbsp;&nbsp;&nbsp;&nbsp;&nbsp;&nbsp;&nbsp;&nbsp;&nbsp;&nbsp;&nbsp;&nbsp;&nbsp;&nbsp;&nbsp;&nbsp;&nbsp;&nbsp;&nbsp;&nbsp;&nbsp;&nbsp;&nbsp;&nbsp;&nbsp;&nbsp;&nbsp;&nbsp;&nbsp;&nbsp;&nbsp;&nbsp;&nbsp;&nbsp;&nbsp;&nbsp;&nbsp;&nbsp;&nbsp;&nbsp;&nbsp;&nbsp;&nbsp;&nbsp;&nbsp;&nbsp;&nbsp;&nbsp; 24\/06\/2025<\/p>\n\n\n\n<p><strong>IN ARENA <em>LA TRAVIATA<\/em> SECONDO DE ANA<\/strong><\/p>\n\n\n\n<p><strong>debutto sold-out per l\u2019allestimento del regista argentino con importanti esordi, tra cui speranza scappucci sul podio<\/strong><\/p>\n\n\n\n<p><strong>Venerd\u00ec 27 giugno alle 21.30 va in scena il terzo titolo del 102\u00b0 Opera Festival: sin dalla prima un cast di stelle sale sul palcoscenico dell\u2019Arena<\/strong><\/p>\n\n\n\n<p>Un altro capolavoro di Verdi all\u2019Opera Festival 2025. <strong>Dopo <em>Nabucco<\/em> e <em>Aida<\/em>, venerd\u00ec 27 giugno va in scena <em>La Traviata<\/em> nell\u2019elegante allestimento di Hugo De Ana, che mancava in Arena da nove anni. <\/strong>Una Parigi <em>belle \u00e9poque<\/em> rivive sull\u2019immenso palcoscenico areniano con un <strong>cast di stelle internazionali: Angel Blue, al suo debutto assoluto in Arena, Galeano Salas e Amartuvshin Enkhbat. E sul podio Speranza Scappucci <\/strong>a dirigere Orchestra e Coro di Fondazione Arena per la prima volta in un\u2019opera, dopo il<em> Requiem<\/em> verdiano nel 2021. Un altro weekend che si preannuncia sold-out.<\/p>\n\n\n\n<p><strong>Debutti e ritorni illustri anche nelle repliche del 5, 11, 19, 25 luglio e 2 agosto: Feola, Sierra, Scala, Korchak, Salsi e T\u00e9zier, e sul podio Ommassini.<\/strong><\/p>\n\n\n\n<p><em>La Traviata<\/em>, nell\u2019edizione creata da Hugo De Ana per il Festival 2011, Anniversario dell\u2019Unit\u00e0 d\u2019Italia, inizia come la fonte letteraria di Verdi: come nella <em>Signora delle camelie<\/em>, realmente esistita e raccontata da Alexandre Dumas figlio, si vede ci\u00f2 che resta di Violetta, le ultime cose all\u2019asta. Solo dopo, a ritroso, come in un sogno o un lungo flashback, conosciamo lei, il suo mondo, la sua storia. Le cornici vuote, colossali strutture finemente decorate di fine \u2018800, prendono vita e si popolano di balli e feste. E <strong>se, per regia, costume e colpo d\u2019occhio, la \u201cfedelt\u00e0 al libretto\u201d \u00e8 assicurata, gli elementi scenici sono anche altamente simbolici: specchi, arazzi e cornici inquadrano i diversi atti come opere d\u2019arte, come una vicenda privata diventata mito.<\/strong> Quando il clamore pubblico tace e si spengono le luci, rimane lei, Violetta, al centro di tutto, nella sua parabola di amore e sacrificio.<\/p>\n\n\n\n<p>\u00ab<em>Un dramma intimo come quello di <\/em>Traviata<em> in uno spazio particolare come l\u2019Arena, il palcoscenico pi\u00f9 grande del mondo, \u00e8 una sfida che offre mille possibilit\u00e0 ed altrettante difficolt\u00e0\u00bb.<\/em> Cos\u00ec Hugo De Ana presentava il proprio lavoro nel 2011. \u00abH<em>o voluto ambientarla nella Parigi del 1890, periodo d\u2019oro per il melodramma ma molto critico dal punto di vista sociale, che evidenzia la visione del dramma vissuta in prima persona da Verdi. Lo spettatore si trover\u00e0 di fronte ad una pinacoteca smontata, [\u2026] uno spazio pieno e vuoto al tempo stesso, come la Parigi che si annida nel cuore di Violetta. Percorrer\u00e0 l\u2019opera il tema del ricordo. [\u2026] Violetta vince la morte con le sue stesse forze, \u00e8 un personaggio eterno come l\u2019amore \u00e8 eterno, e la morte rappresenta solo l\u2019immortalit\u00e0 dell\u2019una e dell\u2019altro\u00bb.<\/em><\/p>\n\n\n\n<p><strong>L\u2019opera oggi pi\u00f9 rappresentata al mondo dest\u00f2 in realt\u00e0 grande scandalo gi\u00e0 al suo apparire a Venezia nel 1853<\/strong>: la storia d\u2019amore e redenzione di una mantenuta era destinata a suscitare diffidenza e chiamare in causa il pubblico borghese, che si poteva riconoscere nel bel mondo che in scena lusinga e festeggia la protagonista per poi abbandonarla. Qualcosa di simile all\u2019isolamento di Violetta e al giudizio borghese, Verdi lo conobbe a Busseto, dove, da tempo vedovo e gi\u00e0 compositore di successo, tent\u00f2 di iniziare una nuova vita convivendo con Giuseppina Strepponi. A vincere fu il senso di Verdi per il teatro: la storia di Alphonsine Plessis, trasformata in Marguerite da Dumas, sarebbe divenuta immortale con Violetta. Un successo costante, crescente, dall\u2019opera al cinema, al mito. E anche in Arena, dove arriv\u00f2 tardi (nel 1946) ma da allora collezionando 147 rappresentazioni, quinto titolo pi\u00f9 frequente in Anfiteatro. Lo spettacolo di De Ana del 2011 sarebbe tornato nel 2013 e nel 2016, quindi in scena in questo 102\u00b0 Festival.<\/p>\n\n\n\n<p>Per la parte di Violetta, secondo una critica diventata leggenda, ci vorrebbero le doti vocali di tre soprani diversi, una per atto, a seguire l\u2019evoluzione psicologica e musicale della protagonista: venerd\u00ec vi far\u00e0 il suo atteso debutto in Arena il soprano statunitense <strong>Angel Blue<\/strong> per le prime tre recite, accanto al tenore messicano-americano <strong>Galeano Salas<\/strong> e al baritono <strong>Amartuvshin<\/strong> <strong>Enkhbat<\/strong>, gi\u00e0 molto applaudito nel <em>Nabucco<\/em> inaugurale. Accanto a loro, apprezzati giovani ed esperti interpreti nelle parti di fianco: <strong>Sofia<\/strong> <strong>Koberidze<\/strong> \u00e8 Flora, <strong>Francesca<\/strong> <strong>Maionchi<\/strong> Annina, <strong>Carlo<\/strong> <strong>Bosi<\/strong> il visconte Gastone, <strong>Gabriele<\/strong> <strong>Sagona<\/strong> il barone Douphol, <strong>Jan<\/strong> <strong>Antem<\/strong> il marchese d\u2019Obigny, <strong>Giorgi<\/strong> <strong>Manoshvili<\/strong> il dottor Grenvil, gli esordienti <strong>Hidenori<\/strong> <strong>Inoue<\/strong> e <strong>Alessandro<\/strong> <strong>Caro<\/strong>, a cui si avvicenderanno nel corso delle repliche Matteo Macchioni, Nicol\u00f2 Ceriani e Francesco Cuccia. Il <strong>Ballo<\/strong> areniano, coordinato da Gaetano Bouy Petrosino, animer\u00e0 le feste dell\u2019opera secondo le coreografie di <strong>Leda Lojodice<\/strong>, mentre <strong>l\u2019Orchestra di Fondazione Arena e il Coro <\/strong>preparato da Roberto Gabbiani<strong> saranno diretti da Speranza Scappucci<\/strong>, che torna in Anfiteatro dopo la <em>Messa da Requiem<\/em> del 2021, per la prima volta sul podio di un\u2019opera lirica.<\/p>\n\n\n\n<p><strong>Le repliche portano in scena alcuni dei pi\u00f9 richiesti artisti di oggi: come Violetta Rosa Feola e Nadine Sierra, come Alfredo Enea Scala e Dmitry Korchak, come Germont Luca Salsi e Ludovic T\u00e9zier. Per le ultime due date,<\/strong> un avvicendamento anche sul podio, con il maestro<strong> Francesco Ommassini<\/strong>, con un passato veronese proprio tra le file dell\u2019orchestra areniana.<\/p>\n\n\n\n<p><strong>I biglietti per tutte le date sono gi\u00e0 in vendita su&nbsp;<\/strong><a href=\"https:\/\/eur04.safelinks.protection.outlook.com\/?url=http%253A%252F%252Farena.it%252F&amp;data=05%257C02%257Calessandro.rigoni%2540arenadiverona.it%257C2cbc153d11114ac82aa008dc4fe3ef93%257C2b2afe864e714056a75c871748d50c4d%257C0%257C0%257C638473087581221195%257CUnknown%257CTWFpbGZsb3d8eyJWIjoiMC4wLjAwMDAiLCJQIjoiV2luMzIiLCJBTiI6Ik1haWwiLCJXVCI6Mn0%253D%257C0%257C%257C%257C&amp;sdata=sklM4OXfPC33SA6SixHi17yE2uqtq9iFquNS%252F%252Bx6zmc%253D&amp;reserved=0\"><strong>arena.it<\/strong><\/a><strong>, sui canali social dell\u2019Arena di Verona e su Ticketone<\/strong>.&nbsp;Speciali riduzioni sono riservate agli under 30 e agli over 65.&nbsp;<\/p>\n\n\n\n<p>L\u2019Arena di Verona Opera Festival 2025 conta sul sostegno di numerosi sponsor, in primis UniCredit, che vanta una longevit\u00e0 di collaborazione di oltre 25 anni, e poi Calzedonia, Pastificio Rana, Volkswagen Group Italia, DB Bahn, Forno Bonomi, Numia, RTL 102.5, Genny, che ha firmato le divise del personale adibito all\u2019accoglienza del pubblico, e M\u00fcller, che sostiene i progetti di accessibilit\u00e0 dedicati alle persone con disabilit\u00e0. Tra gli official partner marchi storici quali Veronafiere, Air Dolomiti, A4 Holding, Metinvest, SABA Italia, SDG Group, Sartori di Verona, Palazzo Maffei e Mantova Village. Cos\u00ec come Calvisius Arena Foyer, ManPower Group e Consorzio di Tutela dell\u2019Aceto Balsamico Tradizionale di Modena DOP e Ferroli. Oltre a imprese, privati, ordini professionali che compongono la schiera della Membership 67 Colonne per l\u2019Arena di Verona, fondata da Gianluca Rana dell\u2019omonimo pastificio e da Sandro Veronesi, patron del Gruppo Oniverse, con il Gruppo Editoriale Athesis, media partner.&nbsp;<\/p>\n\n\n\n<p><strong>Biglietteria&nbsp;<\/strong><\/p>\n\n\n\n<p>Via Dietro Anfiteatro 6\/B, 37121 Verona &#8211; <a href=\"mailto:biglietteria@arenadiverona.it\">biglietteria@arenadiverona.it<\/a>&nbsp;&nbsp;<\/p>\n\n\n\n<p>Call center (+39) 045 800.51.51 &#8211; <a href=\"http:\/\/www.arena.it\">www.arena.it<\/a><\/p>\n\n\n\n<p>Punti di prevendita TicketOne&nbsp;&nbsp;<\/p>\n\n\n\n<p><strong>Informazioni&nbsp;<\/strong><\/p>\n\n\n\n<p><strong>Ufficio Stampa Fondazione Arena di Verona&nbsp;<\/strong><\/p>\n\n\n\n<p>Via Roma 7\/D, 37121 Verona &#8211; <a href=\"mailto:ufficio.stampa@arenadiverona.it\">ufficio.stampa@arenadiverona.it<\/a>&nbsp;&nbsp;<\/p>\n\n\n\n<p>tel. (+39) 045 805.1861-1905-1891-1939<\/p>\n\n\n\n<p><strong>Ufficio stampa nazionale e internazionale&nbsp;<\/strong><\/p>\n\n\n\n<p>Skill&amp;Music \u2013 <a href=\"mailto:info@skillandmusic.com\">info@skillandmusic.com<\/a><\/p>\n\n\n\n<p><strong>27<\/strong> giugno ore 21.30<\/p>\n\n\n\n<p><strong>5<\/strong>, <strong>11<\/strong>,<strong> 19<\/strong>,<strong> 25<\/strong> luglio ore 21.15<em><\/em><\/p>\n\n\n\n<p><strong>2 <\/strong>agosto ore 21.00<\/p>\n\n\n\n<p><strong>La Traviata<\/strong><\/p>\n\n\n\n<p>di Giuseppe Verdi<\/p>\n\n\n\n<p>Melodramma in tre atti<\/p>\n\n\n\n<p>Libretto di Francesco Maria Piave<strong><\/strong><\/p>\n\n\n\n<p>Regia, scene, costumi, luci&nbsp;&nbsp;&nbsp;&nbsp;&nbsp;&nbsp;&nbsp;&nbsp;&nbsp;&nbsp;&nbsp;&nbsp;&nbsp;&nbsp;&nbsp;&nbsp;&nbsp;&nbsp;&nbsp;&nbsp;&nbsp;&nbsp;&nbsp;&nbsp;&nbsp;&nbsp;&nbsp;&nbsp; <strong>Hugo De Ana<\/strong><\/p>\n\n\n\n<p>Coreografia&nbsp;&nbsp;&nbsp;&nbsp;&nbsp;&nbsp;&nbsp;&nbsp;&nbsp;&nbsp;&nbsp;&nbsp;&nbsp;&nbsp;&nbsp;&nbsp;&nbsp;&nbsp;&nbsp;&nbsp;&nbsp;&nbsp;&nbsp;&nbsp;&nbsp;&nbsp;&nbsp;&nbsp;&nbsp;&nbsp;&nbsp;&nbsp;&nbsp;&nbsp;&nbsp;&nbsp;&nbsp;&nbsp;&nbsp;&nbsp;&nbsp;&nbsp;&nbsp;&nbsp;&nbsp;&nbsp;&nbsp;&nbsp;&nbsp;&nbsp;&nbsp;&nbsp;&nbsp; <strong>Leda Lojodice<\/strong><\/p>\n\n\n\n<p>Direttore&nbsp;&nbsp;&nbsp;&nbsp;&nbsp;&nbsp;&nbsp;&nbsp;&nbsp;&nbsp;&nbsp;&nbsp;&nbsp;&nbsp;&nbsp;&nbsp;&nbsp;&nbsp;&nbsp;&nbsp;&nbsp;&nbsp;&nbsp;&nbsp;&nbsp;&nbsp;&nbsp;&nbsp;&nbsp;&nbsp;&nbsp;&nbsp;&nbsp;&nbsp;&nbsp;&nbsp;&nbsp;&nbsp;&nbsp;&nbsp;&nbsp;&nbsp;&nbsp;&nbsp;&nbsp;&nbsp;&nbsp;&nbsp;&nbsp;&nbsp;&nbsp;&nbsp;&nbsp;&nbsp;&nbsp;&nbsp;&nbsp; <strong>Speranza Scappucci<\/strong> 27\/6 &#8211; 5, 11, 19\/7 \u00b0<\/p>\n\n\n\n<p>&nbsp;&nbsp;&nbsp;&nbsp;&nbsp;&nbsp;&nbsp;&nbsp;&nbsp;&nbsp;&nbsp;&nbsp;&nbsp;&nbsp;&nbsp;&nbsp;&nbsp;&nbsp;&nbsp;&nbsp;&nbsp;&nbsp;&nbsp;&nbsp;&nbsp;&nbsp;&nbsp;&nbsp;&nbsp;&nbsp;&nbsp;&nbsp;&nbsp;&nbsp;&nbsp;&nbsp;&nbsp;&nbsp;&nbsp;&nbsp;&nbsp;&nbsp;&nbsp;&nbsp;&nbsp;&nbsp;&nbsp;&nbsp;&nbsp;&nbsp;&nbsp;&nbsp;&nbsp;&nbsp;&nbsp;&nbsp;&nbsp;&nbsp;&nbsp;&nbsp;&nbsp;&nbsp;&nbsp;&nbsp;&nbsp;&nbsp;&nbsp;&nbsp;&nbsp;&nbsp;&nbsp;&nbsp;&nbsp; <strong>Francesco Ommassini<\/strong> 25\/7 &#8211; 2\/8 *&nbsp; <strong>&nbsp;&nbsp;&nbsp;&nbsp;&nbsp;&nbsp;&nbsp;<\/strong><\/p>\n\n\n\n<p>Violetta Val\u00e9ry&nbsp;&nbsp;&nbsp;&nbsp;&nbsp;&nbsp;&nbsp;&nbsp;&nbsp;&nbsp;&nbsp;&nbsp;&nbsp;&nbsp;&nbsp;&nbsp;&nbsp;&nbsp;&nbsp;&nbsp;&nbsp;&nbsp;&nbsp;&nbsp;&nbsp;&nbsp;&nbsp;&nbsp;&nbsp;&nbsp;&nbsp;&nbsp;&nbsp;&nbsp;&nbsp;&nbsp;&nbsp;&nbsp;&nbsp;&nbsp;&nbsp;&nbsp;&nbsp;&nbsp;&nbsp;&nbsp;&nbsp;&nbsp; Angel Blue 27\/6 &#8211; 5, 11\/7 *<\/p>\n\n\n\n<p>&nbsp;&nbsp;&nbsp;&nbsp;&nbsp;&nbsp;&nbsp;&nbsp;&nbsp;&nbsp;&nbsp;&nbsp;&nbsp;&nbsp;&nbsp;&nbsp;&nbsp;&nbsp;&nbsp;&nbsp;&nbsp;&nbsp;&nbsp;&nbsp;&nbsp;&nbsp;&nbsp;&nbsp;&nbsp;&nbsp;&nbsp;&nbsp;&nbsp;&nbsp;&nbsp;&nbsp;&nbsp;&nbsp;&nbsp;&nbsp;&nbsp;&nbsp;&nbsp;&nbsp;&nbsp;&nbsp;&nbsp;&nbsp;&nbsp;&nbsp;&nbsp;&nbsp;&nbsp;&nbsp;&nbsp;&nbsp;&nbsp;&nbsp;&nbsp;&nbsp;&nbsp;&nbsp;&nbsp;&nbsp;&nbsp;&nbsp;&nbsp;&nbsp;&nbsp;&nbsp;&nbsp;&nbsp;&nbsp; Rosa Feola 19, 25\/7<\/p>\n\n\n\n<p>&nbsp;&nbsp;&nbsp;&nbsp;&nbsp;&nbsp;&nbsp;&nbsp;&nbsp;&nbsp;&nbsp;&nbsp;&nbsp;&nbsp;&nbsp;&nbsp;&nbsp;&nbsp;&nbsp;&nbsp;&nbsp;&nbsp;&nbsp;&nbsp;&nbsp;&nbsp;&nbsp;&nbsp;&nbsp;&nbsp;&nbsp;&nbsp;&nbsp;&nbsp;&nbsp;&nbsp;&nbsp;&nbsp;&nbsp;&nbsp;&nbsp;&nbsp;&nbsp;&nbsp;&nbsp;&nbsp;&nbsp;&nbsp;&nbsp;&nbsp;&nbsp;&nbsp;&nbsp;&nbsp;&nbsp;&nbsp;&nbsp;&nbsp;&nbsp;&nbsp;&nbsp;&nbsp;&nbsp;&nbsp;&nbsp;&nbsp;&nbsp;&nbsp;&nbsp;&nbsp;&nbsp;&nbsp;&nbsp;&nbsp;&nbsp;&nbsp;&nbsp;&nbsp;&nbsp;&nbsp;&nbsp;&nbsp;&nbsp;&nbsp;&nbsp;&nbsp;&nbsp;&nbsp;&nbsp;&nbsp;&nbsp;&nbsp;&nbsp;&nbsp;&nbsp;&nbsp;&nbsp;&nbsp; Nadine Sierra 2\/8<\/p>\n\n\n\n<p>Flora Bervoix&nbsp;&nbsp;&nbsp;&nbsp;&nbsp;&nbsp;&nbsp;&nbsp;&nbsp;&nbsp;&nbsp;&nbsp;&nbsp;&nbsp;&nbsp;&nbsp;&nbsp;&nbsp;&nbsp;&nbsp;&nbsp;&nbsp;&nbsp;&nbsp;&nbsp;&nbsp;&nbsp;&nbsp;&nbsp;&nbsp;&nbsp;&nbsp;&nbsp;&nbsp;&nbsp;&nbsp;&nbsp;&nbsp;&nbsp;&nbsp;&nbsp;&nbsp;&nbsp;&nbsp;&nbsp;&nbsp;&nbsp;&nbsp;&nbsp;&nbsp;&nbsp; Sofia Koberidze<\/p>\n\n\n\n<p><a>Annina&nbsp;&nbsp;&nbsp;&nbsp;&nbsp;&nbsp;&nbsp;&nbsp;&nbsp;&nbsp;&nbsp;&nbsp;&nbsp;&nbsp;&nbsp;&nbsp;&nbsp;&nbsp;&nbsp;&nbsp;&nbsp;&nbsp;&nbsp;&nbsp;&nbsp;&nbsp;&nbsp;&nbsp;&nbsp;&nbsp;&nbsp;&nbsp;&nbsp;&nbsp;&nbsp;&nbsp;&nbsp;&nbsp;&nbsp;&nbsp;&nbsp;&nbsp;&nbsp;&nbsp;&nbsp;&nbsp;&nbsp;&nbsp;&nbsp;&nbsp;&nbsp;&nbsp;&nbsp;&nbsp;&nbsp;&nbsp;&nbsp;&nbsp;&nbsp;&nbsp;&nbsp; Francesca Maionchi<\/a><\/p>\n\n\n\n<p>Alfredo Germont&nbsp;&nbsp;&nbsp;&nbsp;&nbsp;&nbsp;&nbsp;&nbsp;&nbsp;&nbsp;&nbsp;&nbsp;&nbsp;&nbsp;&nbsp;&nbsp;&nbsp;&nbsp;&nbsp;&nbsp;&nbsp;&nbsp;&nbsp;&nbsp;&nbsp;&nbsp;&nbsp;&nbsp;&nbsp;&nbsp;&nbsp;&nbsp;&nbsp;&nbsp;&nbsp;&nbsp;&nbsp;&nbsp;&nbsp;&nbsp;&nbsp;&nbsp;&nbsp;&nbsp; Galeano Salas 27\/6 &#8211; 2\/8<\/p>\n\n\n\n<p>&nbsp;&nbsp;&nbsp;&nbsp;&nbsp;&nbsp;&nbsp;&nbsp;&nbsp;&nbsp;&nbsp;&nbsp;&nbsp;&nbsp;&nbsp;&nbsp;&nbsp;&nbsp;&nbsp;&nbsp;&nbsp;&nbsp;&nbsp;&nbsp;&nbsp;&nbsp;&nbsp;&nbsp;&nbsp;&nbsp;&nbsp;&nbsp;&nbsp;&nbsp;&nbsp;&nbsp;&nbsp;&nbsp;&nbsp;&nbsp;&nbsp;&nbsp;&nbsp;&nbsp;&nbsp;&nbsp;&nbsp;&nbsp;&nbsp;&nbsp;&nbsp;&nbsp;&nbsp;&nbsp;&nbsp;&nbsp;&nbsp;&nbsp;&nbsp;&nbsp;&nbsp;&nbsp;&nbsp;&nbsp;&nbsp;&nbsp;&nbsp;&nbsp;&nbsp;&nbsp;&nbsp;&nbsp;&nbsp; Enea Scala 5, 11\/7 \u00b0<\/p>\n\n\n\n<p><a>Dmitry Korchak <\/a>19, 25\/7<\/p>\n\n\n\n<p>Giorgio Germont suo padre&nbsp;&nbsp;&nbsp;&nbsp;&nbsp;&nbsp;&nbsp;&nbsp;&nbsp;&nbsp;&nbsp;&nbsp;&nbsp;&nbsp;&nbsp;&nbsp;&nbsp;&nbsp;&nbsp;&nbsp;&nbsp;&nbsp;&nbsp;&nbsp;&nbsp;&nbsp;&nbsp;&nbsp;&nbsp;&nbsp;&nbsp;&nbsp;&nbsp; Amartuvshin Enkhbat 27\/6 &#8211; 5, 25\/7<\/p>\n\n\n\n<p>&nbsp;&nbsp;&nbsp;&nbsp;&nbsp;&nbsp;&nbsp;&nbsp;&nbsp;&nbsp;&nbsp;&nbsp;&nbsp;&nbsp;&nbsp;&nbsp;&nbsp;&nbsp;&nbsp;&nbsp;&nbsp;&nbsp;&nbsp;&nbsp;&nbsp;&nbsp;&nbsp;&nbsp;&nbsp;&nbsp;&nbsp;&nbsp;&nbsp;&nbsp;&nbsp;&nbsp;&nbsp;&nbsp;&nbsp;&nbsp;&nbsp;&nbsp;&nbsp;&nbsp;&nbsp;&nbsp;&nbsp;&nbsp;&nbsp;&nbsp;&nbsp;&nbsp;&nbsp;&nbsp;&nbsp;&nbsp;&nbsp;&nbsp;&nbsp;&nbsp;&nbsp;&nbsp;&nbsp;&nbsp;&nbsp;&nbsp;&nbsp;&nbsp;&nbsp;&nbsp;&nbsp;&nbsp;&nbsp; Luca Salsi 11, 19\/7<\/p>\n\n\n\n<p>Ludovic T\u00e9zier 2\/8<\/p>\n\n\n\n<p>Gastone Visconte di Letori\u00e8res&nbsp;&nbsp;&nbsp;&nbsp;&nbsp;&nbsp;&nbsp;&nbsp;&nbsp;&nbsp;&nbsp;&nbsp;&nbsp;&nbsp;&nbsp;&nbsp;&nbsp;&nbsp;&nbsp;&nbsp;&nbsp;&nbsp;&nbsp;&nbsp;&nbsp;&nbsp;&nbsp;&nbsp;&nbsp;&nbsp;&nbsp;&nbsp;&nbsp;&nbsp;&nbsp;&nbsp;&nbsp; Carlo Bosi <a>27\/6 &#8211; 5, 11, 19\/7<\/a><\/p>\n\n\n\n<p>&nbsp;&nbsp;&nbsp;&nbsp;&nbsp;&nbsp;&nbsp;&nbsp;&nbsp;&nbsp;&nbsp;&nbsp;&nbsp;&nbsp;&nbsp;&nbsp;&nbsp;&nbsp;&nbsp;&nbsp;&nbsp;&nbsp;&nbsp;&nbsp;&nbsp;&nbsp;&nbsp;&nbsp;&nbsp;&nbsp;&nbsp;&nbsp;&nbsp;&nbsp;&nbsp;&nbsp;&nbsp;&nbsp;&nbsp;&nbsp;&nbsp;&nbsp;&nbsp;&nbsp;&nbsp;&nbsp;&nbsp;&nbsp;&nbsp;&nbsp;&nbsp;&nbsp;&nbsp;&nbsp;&nbsp;&nbsp;&nbsp;&nbsp;&nbsp;&nbsp;&nbsp;&nbsp;&nbsp;&nbsp;&nbsp;&nbsp;&nbsp;&nbsp;&nbsp;&nbsp;&nbsp;&nbsp;&nbsp;&nbsp;&nbsp;&nbsp;&nbsp;&nbsp;&nbsp;&nbsp;&nbsp;&nbsp; Matteo Macchioni 25\/7 &#8211; 2\/8<\/p>\n\n\n\n<p>Barone Douphol&nbsp;&nbsp;&nbsp;&nbsp;&nbsp;&nbsp;&nbsp;&nbsp;&nbsp;&nbsp;&nbsp;&nbsp;&nbsp;&nbsp;&nbsp;&nbsp;&nbsp;&nbsp;&nbsp;&nbsp;&nbsp;&nbsp;&nbsp;&nbsp;&nbsp;&nbsp;&nbsp;&nbsp;&nbsp;&nbsp;&nbsp;&nbsp;&nbsp;&nbsp;&nbsp;&nbsp;&nbsp;&nbsp;&nbsp;&nbsp;&nbsp;&nbsp;&nbsp;&nbsp;&nbsp; Gabriele Sagona 27\/6<\/p>\n\n\n\n<p>&nbsp;&nbsp;&nbsp;&nbsp;&nbsp;&nbsp;&nbsp;&nbsp;&nbsp;&nbsp;&nbsp;&nbsp;&nbsp;&nbsp;&nbsp;&nbsp;&nbsp;&nbsp;&nbsp;&nbsp;&nbsp;&nbsp;&nbsp;&nbsp;&nbsp;&nbsp;&nbsp;&nbsp;&nbsp;&nbsp;&nbsp;&nbsp;&nbsp;&nbsp;&nbsp;&nbsp;&nbsp;&nbsp;&nbsp;&nbsp;&nbsp;&nbsp;&nbsp;&nbsp;&nbsp;&nbsp;&nbsp;&nbsp;&nbsp;&nbsp;&nbsp;&nbsp;&nbsp;&nbsp;&nbsp;&nbsp;&nbsp;&nbsp;&nbsp;&nbsp;&nbsp;&nbsp;&nbsp;&nbsp;&nbsp;&nbsp;&nbsp;&nbsp;&nbsp;&nbsp;&nbsp;&nbsp;&nbsp; Nicol\u00f2 Ceriani 5, 11, 19, 25\/7 &#8211; 2\/8<\/p>\n\n\n\n<p>Marchese d\u2019Obigny&nbsp;&nbsp;&nbsp;&nbsp;&nbsp;&nbsp;&nbsp;&nbsp;&nbsp;&nbsp;&nbsp;&nbsp;&nbsp;&nbsp;&nbsp;&nbsp;&nbsp;&nbsp;&nbsp;&nbsp;&nbsp;&nbsp;&nbsp;&nbsp;&nbsp;&nbsp;&nbsp;&nbsp;&nbsp;&nbsp;&nbsp;&nbsp;&nbsp;&nbsp;&nbsp;&nbsp;&nbsp;&nbsp;&nbsp;&nbsp; Jan Antem<\/p>\n\n\n\n<p>Dottore Grenvil&nbsp;&nbsp;&nbsp;&nbsp;&nbsp;&nbsp;&nbsp;&nbsp;&nbsp;&nbsp;&nbsp;&nbsp;&nbsp;&nbsp;&nbsp;&nbsp;&nbsp;&nbsp;&nbsp;&nbsp;&nbsp;&nbsp;&nbsp;&nbsp;&nbsp;&nbsp;&nbsp;&nbsp;&nbsp;&nbsp;&nbsp;&nbsp;&nbsp;&nbsp;&nbsp;&nbsp;&nbsp;&nbsp;&nbsp;&nbsp;&nbsp;&nbsp;&nbsp;&nbsp;&nbsp;&nbsp;&nbsp; <a>Giorgi Manoshvili <\/a>27\/6<\/p>\n\n\n\n<p>&nbsp;&nbsp;&nbsp;&nbsp;&nbsp;&nbsp;&nbsp;&nbsp;&nbsp;&nbsp;&nbsp;&nbsp;&nbsp;&nbsp;&nbsp;&nbsp;&nbsp;&nbsp;&nbsp;&nbsp;&nbsp;&nbsp;&nbsp;&nbsp;&nbsp;&nbsp;&nbsp;&nbsp;&nbsp;&nbsp;&nbsp;&nbsp;&nbsp;&nbsp;&nbsp;&nbsp;&nbsp;&nbsp;&nbsp;&nbsp;&nbsp;&nbsp;&nbsp;&nbsp;&nbsp;&nbsp;&nbsp;&nbsp;&nbsp;&nbsp;&nbsp;&nbsp;&nbsp;&nbsp;&nbsp;&nbsp;&nbsp;&nbsp;&nbsp;&nbsp;&nbsp;&nbsp;&nbsp;&nbsp;&nbsp;&nbsp;&nbsp;&nbsp;&nbsp;&nbsp;&nbsp;&nbsp;&nbsp; Gabriele Sagona 5, 11, 19, 25\/7 &#8211; 2\/8<\/p>\n\n\n\n<p>Domestico di Flora\/Commissionario&nbsp;&nbsp;&nbsp;&nbsp;&nbsp;&nbsp;&nbsp;&nbsp;&nbsp;&nbsp;&nbsp;&nbsp;&nbsp;&nbsp;&nbsp;&nbsp;&nbsp; Hidenori Inoue *<\/p>\n\n\n\n<p>Giuseppe&nbsp;&nbsp;&nbsp;&nbsp;&nbsp;&nbsp;&nbsp;&nbsp;&nbsp;&nbsp;&nbsp;&nbsp;&nbsp;&nbsp;&nbsp;&nbsp;&nbsp;&nbsp;&nbsp;&nbsp;&nbsp;&nbsp;&nbsp;&nbsp;&nbsp;&nbsp;&nbsp;&nbsp;&nbsp;&nbsp;&nbsp;&nbsp;&nbsp;&nbsp;&nbsp;&nbsp;&nbsp;&nbsp;&nbsp;&nbsp;&nbsp;&nbsp;&nbsp;&nbsp;&nbsp;&nbsp;&nbsp;&nbsp;&nbsp;&nbsp;&nbsp;&nbsp;&nbsp;&nbsp;&nbsp;&nbsp;&nbsp; Alessandro Caro&nbsp;27\/6 &#8211; 5, 11, 19\/7 *<\/p>\n\n\n\n<p>&nbsp;&nbsp;&nbsp;&nbsp;&nbsp;&nbsp;&nbsp;&nbsp;&nbsp;&nbsp;&nbsp;&nbsp;&nbsp;&nbsp;&nbsp;&nbsp;&nbsp;&nbsp;&nbsp;&nbsp;&nbsp;&nbsp;&nbsp;&nbsp;&nbsp;&nbsp;&nbsp;&nbsp;&nbsp;&nbsp;&nbsp;&nbsp;&nbsp;&nbsp;&nbsp;&nbsp;&nbsp;&nbsp;&nbsp;&nbsp;&nbsp;&nbsp;&nbsp;&nbsp;&nbsp;&nbsp;&nbsp;&nbsp;&nbsp;&nbsp;&nbsp;&nbsp;&nbsp;&nbsp;&nbsp;&nbsp;&nbsp;&nbsp;&nbsp;&nbsp;&nbsp;&nbsp;&nbsp;&nbsp;&nbsp;&nbsp;&nbsp;&nbsp;&nbsp;&nbsp;&nbsp;&nbsp;&nbsp; Francesco Cuccia&nbsp;25\/7 &#8211; 2\/8<\/p>\n\n\n\n<p>Orchestra, Coro, Ballo e Tecnici di Fondazione Arena di Verona<\/p>\n\n\n\n<p>Maestro del Coro <strong>Roberto Gabbiani<\/strong><\/p>\n\n\n\n<p>Coordinatore del Ballo <strong>Gaetano Bouy Petrosino<\/strong><\/p>\n\n\n\n<p><a>Direttore Allestimenti scenici<strong> Michele Olcese<\/strong><\/a><\/p>\n\n\n\n<p>* debutto all\u2019Arena di Verona<\/p>\n\n\n\n<p>\u00b0 debutto in un\u2019opera in forma scenica all\u2019Arena di Verona<\/p>\n\n\n\n<p><strong>Note di regia<\/strong><\/p>\n\n\n\n<p>Hugo De Ana <em>(2011)<\/em><\/p>\n\n\n\n<p>Un dramma intimo come quello di <em>Traviata<\/em> in uno spazio particolare come l\u2019Arena di Verona, il palcoscenico pi\u00f9 grande del mondo, \u00e8 una sfida che \u00aboffre mille possibilit\u00e0 ed altrettante difficolt\u00e0\u00bb. Far arrivare l\u2019intenzione di un gesto, l\u2019energia di uno sguardo, la potenza di un movimento ad un pubblico che si trova lontano molti metri richiede un intenso lavoro di preparazione. \u00c8 necessario creare una sinergia, uno scambio tra il pubblico e l\u2019artista sul palcoscenico. Ogni azione, anche la pi\u00f9 piccola, va studiata per poter essere assaporata da ogni angolo dell\u2019anfiteatro.<\/p>\n\n\n\n<p>Sar\u00e0 una <em>Traviata<\/em> coeva a Giuseppe Verdi, in particolare all\u2019ultimo decennio della sua vita. Ho voluto ambientarla nella Parigi del 1890, un periodo d\u2019oro per il melodramma ma molto critico dal punto di vista sociale, che evidenzia la visione del dramma vissuta in prima persona da Verdi.<\/p>\n\n\n\n<p>Ma, pur avendo scelto un periodo temporale definito per i costumi, il 1890 appunto, la scena potrebbe raffigurare un\u2019epoca altra. Lo spettatore si trover\u00e0 di fronte ad una pinacoteca <em>smontata<\/em>. Tele di quadri, cornici e spazi vuoti &#8211; in modo da poter colmare gli spazi enormi dell\u2019Arena &#8211; saranno contenitori <em>barocchi<\/em> di un melodramma che si svolge in uno spazio pieno e vuoto al tempo stesso. Vuoto e deserto come la Parigi che si annida nel cuore di Violetta, attraverso cui osservare le molteplici sfaccettature della sua breve e tragica vita. Voglio mostrare da una parte il lusso, ma anche il concetto di un mondo della decadenza dei sentimenti e della corruzione dei personaggi. Questa \u00e8 un\u2019opera di forte impatto critico e sociale.<\/p>\n\n\n\n<p>Sono partito da un quadro visto al Museo Revoltella di Trieste: una <em>Dama delle camelie<\/em> italiana di fine Ottocento di un pittore poco conosciuto, Eugenio Scomparini. Ho guardato pi\u00f9 volte quel dipinto\u2026 ed \u00e8 proprio Violetta che sta morendo.<\/p>\n\n\n\n<p>Percorrer\u00e0 l\u2019opera il tema del <em>ricordo<\/em>, che collega il passato al presente e, perch\u00e9 no, al futuro. Violetta vede la sua fine gi\u00e0 all\u2019inizio dell\u2019opera: la prima pagina dello spartito \u00e8 un\u2019alternanza di immagini, di pensieri, di quadri che portano alla morte. Mi chiedo se sia per\u00f2 corretto parlare di morte, quando Violetta stessa parla di <em>rinascita<\/em>. Violetta torna a vivere grazie ai suoi ricordi, a quello che ha rifiutato in nome dell\u2019amore: la prostituzione, i soldi, la mondanit\u00e0, la superficialit\u00e0 di un mondo in decadenza. Violetta vince la morte con le sue stesse forze, \u00e8 un personaggio eterno come l\u2019amore \u00e8 eterno, e la morte rappresenta solo l\u2019immortalit\u00e0 dell\u2019una e dell\u2019altro.<\/p>\n\n\n\n<p>foto<\/p>\n\n\n\n<figure class=\"wp-block-gallery has-nested-images columns-default is-cropped wp-block-gallery-1 is-layout-flex wp-block-gallery-is-layout-flex\">\n<figure class=\"wp-block-image size-large\"><a href=\"https:\/\/www.ecoitaliano.com.ar\/wp-content\/uploads\/2025\/06\/foto_conferenza_24-6-scaled.jpg\"><img decoding=\"async\" width=\"1024\" height=\"706\" data-id=\"75462\" src=\"https:\/\/www.ecoitaliano.com.ar\/wp-content\/uploads\/2025\/06\/foto_conferenza_24-6-1024x706.jpg\" alt=\"\" class=\"wp-image-75462\" srcset=\"https:\/\/www.ecoitaliano.com.ar\/wp-content\/uploads\/2025\/06\/foto_conferenza_24-6-1024x706.jpg 1024w, https:\/\/www.ecoitaliano.com.ar\/wp-content\/uploads\/2025\/06\/foto_conferenza_24-6-300x207.jpg 300w, https:\/\/www.ecoitaliano.com.ar\/wp-content\/uploads\/2025\/06\/foto_conferenza_24-6-768x529.jpg 768w, https:\/\/www.ecoitaliano.com.ar\/wp-content\/uploads\/2025\/06\/foto_conferenza_24-6-1536x1058.jpg 1536w, https:\/\/www.ecoitaliano.com.ar\/wp-content\/uploads\/2025\/06\/foto_conferenza_24-6-2048x1411.jpg 2048w, https:\/\/www.ecoitaliano.com.ar\/wp-content\/uploads\/2025\/06\/foto_conferenza_24-6-150x103.jpg 150w\" sizes=\"(max-width: 1024px) 100vw, 1024px\" \/><\/a><\/figure>\n\n\n\n<figure class=\"wp-block-image size-large\"><a href=\"https:\/\/www.ecoitaliano.com.ar\/wp-content\/uploads\/2025\/06\/Scappucci_Gasdia_Arena_di_Verona-scaled.jpeg\"><img decoding=\"async\" width=\"1024\" height=\"768\" data-id=\"75463\" src=\"https:\/\/www.ecoitaliano.com.ar\/wp-content\/uploads\/2025\/06\/Scappucci_Gasdia_Arena_di_Verona-1024x768.jpeg\" alt=\"\" class=\"wp-image-75463\" srcset=\"https:\/\/www.ecoitaliano.com.ar\/wp-content\/uploads\/2025\/06\/Scappucci_Gasdia_Arena_di_Verona-1024x768.jpeg 1024w, https:\/\/www.ecoitaliano.com.ar\/wp-content\/uploads\/2025\/06\/Scappucci_Gasdia_Arena_di_Verona-300x225.jpeg 300w, https:\/\/www.ecoitaliano.com.ar\/wp-content\/uploads\/2025\/06\/Scappucci_Gasdia_Arena_di_Verona-768x576.jpeg 768w, https:\/\/www.ecoitaliano.com.ar\/wp-content\/uploads\/2025\/06\/Scappucci_Gasdia_Arena_di_Verona-1536x1152.jpeg 1536w, https:\/\/www.ecoitaliano.com.ar\/wp-content\/uploads\/2025\/06\/Scappucci_Gasdia_Arena_di_Verona-2048x1536.jpeg 2048w, https:\/\/www.ecoitaliano.com.ar\/wp-content\/uploads\/2025\/06\/Scappucci_Gasdia_Arena_di_Verona-150x113.jpeg 150w\" sizes=\"(max-width: 1024px) 100vw, 1024px\" \/><\/a><\/figure>\n\n\n\n<figure class=\"wp-block-image size-large\"><a href=\"https:\/\/www.ecoitaliano.com.ar\/wp-content\/uploads\/2025\/06\/LA-TRAVIATA-atto-II-\u00a9EnneviFoto_11-scaled.jpg\"><img decoding=\"async\" width=\"1024\" height=\"683\" data-id=\"75465\" src=\"https:\/\/www.ecoitaliano.com.ar\/wp-content\/uploads\/2025\/06\/LA-TRAVIATA-atto-II-\u00a9EnneviFoto_11-1024x683.jpg\" alt=\"\" class=\"wp-image-75465\" srcset=\"https:\/\/www.ecoitaliano.com.ar\/wp-content\/uploads\/2025\/06\/LA-TRAVIATA-atto-II-\u00a9EnneviFoto_11-1024x683.jpg 1024w, https:\/\/www.ecoitaliano.com.ar\/wp-content\/uploads\/2025\/06\/LA-TRAVIATA-atto-II-\u00a9EnneviFoto_11-300x200.jpg 300w, https:\/\/www.ecoitaliano.com.ar\/wp-content\/uploads\/2025\/06\/LA-TRAVIATA-atto-II-\u00a9EnneviFoto_11-768x512.jpg 768w, https:\/\/www.ecoitaliano.com.ar\/wp-content\/uploads\/2025\/06\/LA-TRAVIATA-atto-II-\u00a9EnneviFoto_11-1536x1025.jpg 1536w, https:\/\/www.ecoitaliano.com.ar\/wp-content\/uploads\/2025\/06\/LA-TRAVIATA-atto-II-\u00a9EnneviFoto_11-2048x1366.jpg 2048w, https:\/\/www.ecoitaliano.com.ar\/wp-content\/uploads\/2025\/06\/LA-TRAVIATA-atto-II-\u00a9EnneviFoto_11-150x100.jpg 150w\" sizes=\"(max-width: 1024px) 100vw, 1024px\" \/><\/a><\/figure>\n\n\n\n<figure class=\"wp-block-image size-large\"><a href=\"https:\/\/www.ecoitaliano.com.ar\/wp-content\/uploads\/2025\/06\/La-Traviata-atto-II-170611-\u00a9EnneviFoto-1732-scaled.jpg\"><img decoding=\"async\" width=\"1024\" height=\"683\" data-id=\"75466\" src=\"https:\/\/www.ecoitaliano.com.ar\/wp-content\/uploads\/2025\/06\/La-Traviata-atto-II-170611-\u00a9EnneviFoto-1732-1024x683.jpg\" alt=\"\" class=\"wp-image-75466\" srcset=\"https:\/\/www.ecoitaliano.com.ar\/wp-content\/uploads\/2025\/06\/La-Traviata-atto-II-170611-\u00a9EnneviFoto-1732-1024x683.jpg 1024w, https:\/\/www.ecoitaliano.com.ar\/wp-content\/uploads\/2025\/06\/La-Traviata-atto-II-170611-\u00a9EnneviFoto-1732-300x200.jpg 300w, https:\/\/www.ecoitaliano.com.ar\/wp-content\/uploads\/2025\/06\/La-Traviata-atto-II-170611-\u00a9EnneviFoto-1732-768x512.jpg 768w, https:\/\/www.ecoitaliano.com.ar\/wp-content\/uploads\/2025\/06\/La-Traviata-atto-II-170611-\u00a9EnneviFoto-1732-1536x1024.jpg 1536w, https:\/\/www.ecoitaliano.com.ar\/wp-content\/uploads\/2025\/06\/La-Traviata-atto-II-170611-\u00a9EnneviFoto-1732-2048x1366.jpg 2048w, https:\/\/www.ecoitaliano.com.ar\/wp-content\/uploads\/2025\/06\/La-Traviata-atto-II-170611-\u00a9EnneviFoto-1732-150x100.jpg 150w\" sizes=\"(max-width: 1024px) 100vw, 1024px\" \/><\/a><\/figure>\n\n\n\n<figure class=\"wp-block-image size-large\"><a href=\"https:\/\/www.ecoitaliano.com.ar\/wp-content\/uploads\/2025\/06\/La-Traviata-atto-II_\u00a9EnneviFoto_hr13-scaled.jpg\"><img decoding=\"async\" width=\"1024\" height=\"683\" data-id=\"75467\" src=\"https:\/\/www.ecoitaliano.com.ar\/wp-content\/uploads\/2025\/06\/La-Traviata-atto-II_\u00a9EnneviFoto_hr13-1024x683.jpg\" alt=\"\" class=\"wp-image-75467\" srcset=\"https:\/\/www.ecoitaliano.com.ar\/wp-content\/uploads\/2025\/06\/La-Traviata-atto-II_\u00a9EnneviFoto_hr13-1024x683.jpg 1024w, https:\/\/www.ecoitaliano.com.ar\/wp-content\/uploads\/2025\/06\/La-Traviata-atto-II_\u00a9EnneviFoto_hr13-300x200.jpg 300w, https:\/\/www.ecoitaliano.com.ar\/wp-content\/uploads\/2025\/06\/La-Traviata-atto-II_\u00a9EnneviFoto_hr13-768x512.jpg 768w, https:\/\/www.ecoitaliano.com.ar\/wp-content\/uploads\/2025\/06\/La-Traviata-atto-II_\u00a9EnneviFoto_hr13-1536x1024.jpg 1536w, https:\/\/www.ecoitaliano.com.ar\/wp-content\/uploads\/2025\/06\/La-Traviata-atto-II_\u00a9EnneviFoto_hr13-2048x1365.jpg 2048w, https:\/\/www.ecoitaliano.com.ar\/wp-content\/uploads\/2025\/06\/La-Traviata-atto-II_\u00a9EnneviFoto_hr13-150x100.jpg 150w\" sizes=\"(max-width: 1024px) 100vw, 1024px\" \/><\/a><\/figure>\n\n\n\n<figure class=\"wp-block-image size-large\"><a href=\"https:\/\/www.ecoitaliano.com.ar\/wp-content\/uploads\/2025\/06\/La-Traviata_\u00a9EnneviFoto_077_02071-scaled.jpg\"><img decoding=\"async\" width=\"1024\" height=\"302\" data-id=\"75468\" src=\"https:\/\/www.ecoitaliano.com.ar\/wp-content\/uploads\/2025\/06\/La-Traviata_\u00a9EnneviFoto_077_02071-1024x302.jpg\" alt=\"\" class=\"wp-image-75468\" srcset=\"https:\/\/www.ecoitaliano.com.ar\/wp-content\/uploads\/2025\/06\/La-Traviata_\u00a9EnneviFoto_077_02071-1024x302.jpg 1024w, https:\/\/www.ecoitaliano.com.ar\/wp-content\/uploads\/2025\/06\/La-Traviata_\u00a9EnneviFoto_077_02071-300x89.jpg 300w, https:\/\/www.ecoitaliano.com.ar\/wp-content\/uploads\/2025\/06\/La-Traviata_\u00a9EnneviFoto_077_02071-768x227.jpg 768w, https:\/\/www.ecoitaliano.com.ar\/wp-content\/uploads\/2025\/06\/La-Traviata_\u00a9EnneviFoto_077_02071-1536x454.jpg 1536w, https:\/\/www.ecoitaliano.com.ar\/wp-content\/uploads\/2025\/06\/La-Traviata_\u00a9EnneviFoto_077_02071-2048x605.jpg 2048w, https:\/\/www.ecoitaliano.com.ar\/wp-content\/uploads\/2025\/06\/La-Traviata_\u00a9EnneviFoto_077_02071-150x44.jpg 150w\" sizes=\"(max-width: 1024px) 100vw, 1024px\" \/><\/a><\/figure>\n\n\n\n<figure class=\"wp-block-image size-large\"><a href=\"https:\/\/www.ecoitaliano.com.ar\/wp-content\/uploads\/2025\/06\/antem_jan.jpeg\"><img decoding=\"async\" width=\"640\" height=\"427\" data-id=\"75469\" src=\"https:\/\/www.ecoitaliano.com.ar\/wp-content\/uploads\/2025\/06\/antem_jan.jpeg\" alt=\"\" class=\"wp-image-75469\" srcset=\"https:\/\/www.ecoitaliano.com.ar\/wp-content\/uploads\/2025\/06\/antem_jan.jpeg 640w, https:\/\/www.ecoitaliano.com.ar\/wp-content\/uploads\/2025\/06\/antem_jan-300x200.jpeg 300w, https:\/\/www.ecoitaliano.com.ar\/wp-content\/uploads\/2025\/06\/antem_jan-150x100.jpeg 150w\" sizes=\"(max-width: 640px) 100vw, 640px\" \/><\/a><\/figure>\n\n\n\n<figure class=\"wp-block-image size-large\"><a href=\"https:\/\/www.ecoitaliano.com.ar\/wp-content\/uploads\/2025\/06\/blue_angel_2025-Oriz-scaled.jpg\"><img decoding=\"async\" width=\"1024\" height=\"683\" data-id=\"75470\" src=\"https:\/\/www.ecoitaliano.com.ar\/wp-content\/uploads\/2025\/06\/blue_angel_2025-Oriz-1024x683.jpg\" alt=\"\" class=\"wp-image-75470\" srcset=\"https:\/\/www.ecoitaliano.com.ar\/wp-content\/uploads\/2025\/06\/blue_angel_2025-Oriz-1024x683.jpg 1024w, https:\/\/www.ecoitaliano.com.ar\/wp-content\/uploads\/2025\/06\/blue_angel_2025-Oriz-300x200.jpg 300w, https:\/\/www.ecoitaliano.com.ar\/wp-content\/uploads\/2025\/06\/blue_angel_2025-Oriz-768x512.jpg 768w, https:\/\/www.ecoitaliano.com.ar\/wp-content\/uploads\/2025\/06\/blue_angel_2025-Oriz-1536x1024.jpg 1536w, https:\/\/www.ecoitaliano.com.ar\/wp-content\/uploads\/2025\/06\/blue_angel_2025-Oriz-2048x1365.jpg 2048w, https:\/\/www.ecoitaliano.com.ar\/wp-content\/uploads\/2025\/06\/blue_angel_2025-Oriz-150x100.jpg 150w\" sizes=\"(max-width: 1024px) 100vw, 1024px\" \/><\/a><\/figure>\n\n\n\n<figure class=\"wp-block-image size-large\"><a href=\"https:\/\/www.ecoitaliano.com.ar\/wp-content\/uploads\/2025\/06\/bosi_carlo-1.jpeg\"><img decoding=\"async\" width=\"1021\" height=\"981\" data-id=\"75471\" src=\"https:\/\/www.ecoitaliano.com.ar\/wp-content\/uploads\/2025\/06\/bosi_carlo-1.jpeg\" alt=\"\" class=\"wp-image-75471\" srcset=\"https:\/\/www.ecoitaliano.com.ar\/wp-content\/uploads\/2025\/06\/bosi_carlo-1.jpeg 1021w, https:\/\/www.ecoitaliano.com.ar\/wp-content\/uploads\/2025\/06\/bosi_carlo-1-300x288.jpeg 300w, https:\/\/www.ecoitaliano.com.ar\/wp-content\/uploads\/2025\/06\/bosi_carlo-1-768x738.jpeg 768w, https:\/\/www.ecoitaliano.com.ar\/wp-content\/uploads\/2025\/06\/bosi_carlo-1-150x144.jpeg 150w\" sizes=\"(max-width: 1021px) 100vw, 1021px\" \/><\/a><\/figure>\n\n\n\n<figure class=\"wp-block-image size-large\"><a href=\"https:\/\/www.ecoitaliano.com.ar\/wp-content\/uploads\/2025\/06\/ceriani_nicolo_Fiorello_Ambrogio.jpg\"><img decoding=\"async\" width=\"681\" height=\"1024\" data-id=\"75472\" src=\"https:\/\/www.ecoitaliano.com.ar\/wp-content\/uploads\/2025\/06\/ceriani_nicolo_Fiorello_Ambrogio-681x1024.jpg\" alt=\"\" class=\"wp-image-75472\" srcset=\"https:\/\/www.ecoitaliano.com.ar\/wp-content\/uploads\/2025\/06\/ceriani_nicolo_Fiorello_Ambrogio-681x1024.jpg 681w, https:\/\/www.ecoitaliano.com.ar\/wp-content\/uploads\/2025\/06\/ceriani_nicolo_Fiorello_Ambrogio-200x300.jpg 200w, https:\/\/www.ecoitaliano.com.ar\/wp-content\/uploads\/2025\/06\/ceriani_nicolo_Fiorello_Ambrogio-768x1155.jpg 768w, https:\/\/www.ecoitaliano.com.ar\/wp-content\/uploads\/2025\/06\/ceriani_nicolo_Fiorello_Ambrogio-1021x1536.jpg 1021w, https:\/\/www.ecoitaliano.com.ar\/wp-content\/uploads\/2025\/06\/ceriani_nicolo_Fiorello_Ambrogio-100x150.jpg 100w, https:\/\/www.ecoitaliano.com.ar\/wp-content\/uploads\/2025\/06\/ceriani_nicolo_Fiorello_Ambrogio.jpg 1064w\" sizes=\"(max-width: 681px) 100vw, 681px\" \/><\/a><\/figure>\n\n\n\n<figure class=\"wp-block-image size-large\"><a href=\"https:\/\/www.ecoitaliano.com.ar\/wp-content\/uploads\/2025\/06\/enkhbat_amartuvshin-by-Laura-Scaccabarozzi3.jpg\"><img decoding=\"async\" width=\"1000\" height=\"667\" data-id=\"75473\" src=\"https:\/\/www.ecoitaliano.com.ar\/wp-content\/uploads\/2025\/06\/enkhbat_amartuvshin-by-Laura-Scaccabarozzi3.jpg\" alt=\"\" class=\"wp-image-75473\" srcset=\"https:\/\/www.ecoitaliano.com.ar\/wp-content\/uploads\/2025\/06\/enkhbat_amartuvshin-by-Laura-Scaccabarozzi3.jpg 1000w, https:\/\/www.ecoitaliano.com.ar\/wp-content\/uploads\/2025\/06\/enkhbat_amartuvshin-by-Laura-Scaccabarozzi3-300x200.jpg 300w, https:\/\/www.ecoitaliano.com.ar\/wp-content\/uploads\/2025\/06\/enkhbat_amartuvshin-by-Laura-Scaccabarozzi3-768x512.jpg 768w, https:\/\/www.ecoitaliano.com.ar\/wp-content\/uploads\/2025\/06\/enkhbat_amartuvshin-by-Laura-Scaccabarozzi3-150x100.jpg 150w\" sizes=\"(max-width: 1000px) 100vw, 1000px\" \/><\/a><\/figure>\n\n\n\n<figure class=\"wp-block-image size-large\"><a href=\"https:\/\/www.ecoitaliano.com.ar\/wp-content\/uploads\/2025\/06\/Feola-Rosa.jpg\"><img decoding=\"async\" width=\"1000\" height=\"667\" data-id=\"75474\" src=\"https:\/\/www.ecoitaliano.com.ar\/wp-content\/uploads\/2025\/06\/Feola-Rosa.jpg\" alt=\"\" class=\"wp-image-75474\" srcset=\"https:\/\/www.ecoitaliano.com.ar\/wp-content\/uploads\/2025\/06\/Feola-Rosa.jpg 1000w, https:\/\/www.ecoitaliano.com.ar\/wp-content\/uploads\/2025\/06\/Feola-Rosa-300x200.jpg 300w, https:\/\/www.ecoitaliano.com.ar\/wp-content\/uploads\/2025\/06\/Feola-Rosa-768x512.jpg 768w, https:\/\/www.ecoitaliano.com.ar\/wp-content\/uploads\/2025\/06\/Feola-Rosa-150x100.jpg 150w\" sizes=\"(max-width: 1000px) 100vw, 1000px\" \/><\/a><\/figure>\n\n\n\n<figure class=\"wp-block-image size-large\"><a href=\"https:\/\/www.ecoitaliano.com.ar\/wp-content\/uploads\/2025\/06\/Inoue_Hidenori_2025.jpg\"><img decoding=\"async\" width=\"780\" height=\"980\" data-id=\"75475\" src=\"https:\/\/www.ecoitaliano.com.ar\/wp-content\/uploads\/2025\/06\/Inoue_Hidenori_2025.jpg\" alt=\"\" class=\"wp-image-75475\" srcset=\"https:\/\/www.ecoitaliano.com.ar\/wp-content\/uploads\/2025\/06\/Inoue_Hidenori_2025.jpg 780w, https:\/\/www.ecoitaliano.com.ar\/wp-content\/uploads\/2025\/06\/Inoue_Hidenori_2025-239x300.jpg 239w, https:\/\/www.ecoitaliano.com.ar\/wp-content\/uploads\/2025\/06\/Inoue_Hidenori_2025-768x965.jpg 768w, https:\/\/www.ecoitaliano.com.ar\/wp-content\/uploads\/2025\/06\/Inoue_Hidenori_2025-119x150.jpg 119w\" sizes=\"(max-width: 780px) 100vw, 780px\" \/><\/a><\/figure>\n\n\n\n<figure class=\"wp-block-image size-large\"><a href=\"https:\/\/www.ecoitaliano.com.ar\/wp-content\/uploads\/2025\/06\/Koberidze-Sofia.jpg\"><img decoding=\"async\" width=\"949\" height=\"1024\" data-id=\"75476\" src=\"https:\/\/www.ecoitaliano.com.ar\/wp-content\/uploads\/2025\/06\/Koberidze-Sofia-949x1024.jpg\" alt=\"\" class=\"wp-image-75476\" srcset=\"https:\/\/www.ecoitaliano.com.ar\/wp-content\/uploads\/2025\/06\/Koberidze-Sofia-949x1024.jpg 949w, https:\/\/www.ecoitaliano.com.ar\/wp-content\/uploads\/2025\/06\/Koberidze-Sofia-278x300.jpg 278w, https:\/\/www.ecoitaliano.com.ar\/wp-content\/uploads\/2025\/06\/Koberidze-Sofia-768x829.jpg 768w, https:\/\/www.ecoitaliano.com.ar\/wp-content\/uploads\/2025\/06\/Koberidze-Sofia-139x150.jpg 139w, https:\/\/www.ecoitaliano.com.ar\/wp-content\/uploads\/2025\/06\/Koberidze-Sofia.jpg 1036w\" sizes=\"(max-width: 949px) 100vw, 949px\" \/><\/a><\/figure>\n\n\n\n<figure class=\"wp-block-image size-large\"><a href=\"https:\/\/www.ecoitaliano.com.ar\/wp-content\/uploads\/2025\/06\/korchak_dmitry\u00a9PavelVaan9096.jpg\"><img decoding=\"async\" width=\"683\" height=\"1024\" data-id=\"75477\" src=\"https:\/\/www.ecoitaliano.com.ar\/wp-content\/uploads\/2025\/06\/korchak_dmitry\u00a9PavelVaan9096-683x1024.jpg\" alt=\"\" class=\"wp-image-75477\" srcset=\"https:\/\/www.ecoitaliano.com.ar\/wp-content\/uploads\/2025\/06\/korchak_dmitry\u00a9PavelVaan9096-683x1024.jpg 683w, https:\/\/www.ecoitaliano.com.ar\/wp-content\/uploads\/2025\/06\/korchak_dmitry\u00a9PavelVaan9096-200x300.jpg 200w, https:\/\/www.ecoitaliano.com.ar\/wp-content\/uploads\/2025\/06\/korchak_dmitry\u00a9PavelVaan9096-768x1152.jpg 768w, https:\/\/www.ecoitaliano.com.ar\/wp-content\/uploads\/2025\/06\/korchak_dmitry\u00a9PavelVaan9096-1024x1536.jpg 1024w, https:\/\/www.ecoitaliano.com.ar\/wp-content\/uploads\/2025\/06\/korchak_dmitry\u00a9PavelVaan9096-100x150.jpg 100w, https:\/\/www.ecoitaliano.com.ar\/wp-content\/uploads\/2025\/06\/korchak_dmitry\u00a9PavelVaan9096.jpg 1365w\" sizes=\"(max-width: 683px) 100vw, 683px\" \/><\/a><\/figure>\n\n\n\n<figure class=\"wp-block-image size-large\"><a href=\"https:\/\/www.ecoitaliano.com.ar\/wp-content\/uploads\/2025\/06\/lojodice-leda.jpg\"><img decoding=\"async\" width=\"657\" height=\"1024\" data-id=\"75478\" src=\"https:\/\/www.ecoitaliano.com.ar\/wp-content\/uploads\/2025\/06\/lojodice-leda-657x1024.jpg\" alt=\"\" class=\"wp-image-75478\" srcset=\"https:\/\/www.ecoitaliano.com.ar\/wp-content\/uploads\/2025\/06\/lojodice-leda-657x1024.jpg 657w, https:\/\/www.ecoitaliano.com.ar\/wp-content\/uploads\/2025\/06\/lojodice-leda-192x300.jpg 192w, https:\/\/www.ecoitaliano.com.ar\/wp-content\/uploads\/2025\/06\/lojodice-leda-768x1198.jpg 768w, https:\/\/www.ecoitaliano.com.ar\/wp-content\/uploads\/2025\/06\/lojodice-leda-96x150.jpg 96w, https:\/\/www.ecoitaliano.com.ar\/wp-content\/uploads\/2025\/06\/lojodice-leda.jpg 881w\" sizes=\"(max-width: 657px) 100vw, 657px\" \/><\/a><\/figure>\n\n\n\n<figure class=\"wp-block-image size-large\"><a href=\"https:\/\/www.ecoitaliano.com.ar\/wp-content\/uploads\/2025\/06\/macchioni_matteo.jpeg\"><img decoding=\"async\" width=\"640\" height=\"959\" data-id=\"75479\" src=\"https:\/\/www.ecoitaliano.com.ar\/wp-content\/uploads\/2025\/06\/macchioni_matteo.jpeg\" alt=\"\" class=\"wp-image-75479\" srcset=\"https:\/\/www.ecoitaliano.com.ar\/wp-content\/uploads\/2025\/06\/macchioni_matteo.jpeg 640w, https:\/\/www.ecoitaliano.com.ar\/wp-content\/uploads\/2025\/06\/macchioni_matteo-200x300.jpeg 200w, https:\/\/www.ecoitaliano.com.ar\/wp-content\/uploads\/2025\/06\/macchioni_matteo-100x150.jpeg 100w\" sizes=\"(max-width: 640px) 100vw, 640px\" \/><\/a><\/figure>\n\n\n\n<figure class=\"wp-block-image size-large\"><a href=\"https:\/\/www.ecoitaliano.com.ar\/wp-content\/uploads\/2025\/06\/maionchi-francesca-1.jpg\"><img decoding=\"async\" width=\"684\" height=\"1024\" data-id=\"75480\" src=\"https:\/\/www.ecoitaliano.com.ar\/wp-content\/uploads\/2025\/06\/maionchi-francesca-1-684x1024.jpg\" alt=\"\" class=\"wp-image-75480\" srcset=\"https:\/\/www.ecoitaliano.com.ar\/wp-content\/uploads\/2025\/06\/maionchi-francesca-1-684x1024.jpg 684w, https:\/\/www.ecoitaliano.com.ar\/wp-content\/uploads\/2025\/06\/maionchi-francesca-1-200x300.jpg 200w, https:\/\/www.ecoitaliano.com.ar\/wp-content\/uploads\/2025\/06\/maionchi-francesca-1-768x1150.jpg 768w, https:\/\/www.ecoitaliano.com.ar\/wp-content\/uploads\/2025\/06\/maionchi-francesca-1-1025x1536.jpg 1025w, https:\/\/www.ecoitaliano.com.ar\/wp-content\/uploads\/2025\/06\/maionchi-francesca-1-1367x2048.jpg 1367w, https:\/\/www.ecoitaliano.com.ar\/wp-content\/uploads\/2025\/06\/maionchi-francesca-1-100x150.jpg 100w, https:\/\/www.ecoitaliano.com.ar\/wp-content\/uploads\/2025\/06\/maionchi-francesca-1.jpg 1474w\" sizes=\"(max-width: 684px) 100vw, 684px\" \/><\/a><\/figure>\n\n\n\n<figure class=\"wp-block-image size-large\"><a href=\"https:\/\/www.ecoitaliano.com.ar\/wp-content\/uploads\/2025\/06\/Manoshvili-@Martynas-Aleksa.jpg\"><img decoding=\"async\" width=\"731\" height=\"1024\" data-id=\"75481\" src=\"https:\/\/www.ecoitaliano.com.ar\/wp-content\/uploads\/2025\/06\/Manoshvili-@Martynas-Aleksa-731x1024.jpg\" alt=\"\" class=\"wp-image-75481\" srcset=\"https:\/\/www.ecoitaliano.com.ar\/wp-content\/uploads\/2025\/06\/Manoshvili-@Martynas-Aleksa-731x1024.jpg 731w, https:\/\/www.ecoitaliano.com.ar\/wp-content\/uploads\/2025\/06\/Manoshvili-@Martynas-Aleksa-214x300.jpg 214w, https:\/\/www.ecoitaliano.com.ar\/wp-content\/uploads\/2025\/06\/Manoshvili-@Martynas-Aleksa-768x1075.jpg 768w, https:\/\/www.ecoitaliano.com.ar\/wp-content\/uploads\/2025\/06\/Manoshvili-@Martynas-Aleksa-107x150.jpg 107w, https:\/\/www.ecoitaliano.com.ar\/wp-content\/uploads\/2025\/06\/Manoshvili-@Martynas-Aleksa.jpg 780w\" sizes=\"(max-width: 731px) 100vw, 731px\" \/><\/a><\/figure>\n\n\n\n<figure class=\"wp-block-image size-large\"><a href=\"https:\/\/www.ecoitaliano.com.ar\/wp-content\/uploads\/2025\/06\/ommassini_EnneviFoto_180425_DSCF2938.jpg\"><img decoding=\"async\" width=\"1024\" height=\"922\" data-id=\"75482\" src=\"https:\/\/www.ecoitaliano.com.ar\/wp-content\/uploads\/2025\/06\/ommassini_EnneviFoto_180425_DSCF2938-1024x922.jpg\" alt=\"\" class=\"wp-image-75482\" srcset=\"https:\/\/www.ecoitaliano.com.ar\/wp-content\/uploads\/2025\/06\/ommassini_EnneviFoto_180425_DSCF2938-1024x922.jpg 1024w, https:\/\/www.ecoitaliano.com.ar\/wp-content\/uploads\/2025\/06\/ommassini_EnneviFoto_180425_DSCF2938-300x270.jpg 300w, https:\/\/www.ecoitaliano.com.ar\/wp-content\/uploads\/2025\/06\/ommassini_EnneviFoto_180425_DSCF2938-768x692.jpg 768w, https:\/\/www.ecoitaliano.com.ar\/wp-content\/uploads\/2025\/06\/ommassini_EnneviFoto_180425_DSCF2938-1536x1384.jpg 1536w, https:\/\/www.ecoitaliano.com.ar\/wp-content\/uploads\/2025\/06\/ommassini_EnneviFoto_180425_DSCF2938-150x135.jpg 150w, https:\/\/www.ecoitaliano.com.ar\/wp-content\/uploads\/2025\/06\/ommassini_EnneviFoto_180425_DSCF2938.jpg 1745w\" sizes=\"(max-width: 1024px) 100vw, 1024px\" \/><\/a><\/figure>\n\n\n\n<figure class=\"wp-block-image size-large\"><a href=\"https:\/\/www.ecoitaliano.com.ar\/wp-content\/uploads\/2025\/06\/Sagona_Gabriele_2025-scaled.jpg\"><img decoding=\"async\" width=\"683\" height=\"1024\" data-id=\"75483\" src=\"https:\/\/www.ecoitaliano.com.ar\/wp-content\/uploads\/2025\/06\/Sagona_Gabriele_2025-683x1024.jpg\" alt=\"\" class=\"wp-image-75483\" srcset=\"https:\/\/www.ecoitaliano.com.ar\/wp-content\/uploads\/2025\/06\/Sagona_Gabriele_2025-683x1024.jpg 683w, https:\/\/www.ecoitaliano.com.ar\/wp-content\/uploads\/2025\/06\/Sagona_Gabriele_2025-200x300.jpg 200w, https:\/\/www.ecoitaliano.com.ar\/wp-content\/uploads\/2025\/06\/Sagona_Gabriele_2025-768x1152.jpg 768w, https:\/\/www.ecoitaliano.com.ar\/wp-content\/uploads\/2025\/06\/Sagona_Gabriele_2025-1024x1536.jpg 1024w, https:\/\/www.ecoitaliano.com.ar\/wp-content\/uploads\/2025\/06\/Sagona_Gabriele_2025-1366x2048.jpg 1366w, https:\/\/www.ecoitaliano.com.ar\/wp-content\/uploads\/2025\/06\/Sagona_Gabriele_2025-100x150.jpg 100w, https:\/\/www.ecoitaliano.com.ar\/wp-content\/uploads\/2025\/06\/Sagona_Gabriele_2025-scaled.jpg 1707w\" sizes=\"(max-width: 683px) 100vw, 683px\" \/><\/a><\/figure>\n\n\n\n<figure class=\"wp-block-image size-large\"><a href=\"https:\/\/www.ecoitaliano.com.ar\/wp-content\/uploads\/2025\/06\/Salas-Galeano-cFritz-Beck.jpg\"><img decoding=\"async\" width=\"683\" height=\"1024\" data-id=\"75484\" src=\"https:\/\/www.ecoitaliano.com.ar\/wp-content\/uploads\/2025\/06\/Salas-Galeano-cFritz-Beck-683x1024.jpg\" alt=\"\" class=\"wp-image-75484\" srcset=\"https:\/\/www.ecoitaliano.com.ar\/wp-content\/uploads\/2025\/06\/Salas-Galeano-cFritz-Beck-683x1024.jpg 683w, https:\/\/www.ecoitaliano.com.ar\/wp-content\/uploads\/2025\/06\/Salas-Galeano-cFritz-Beck-200x300.jpg 200w, https:\/\/www.ecoitaliano.com.ar\/wp-content\/uploads\/2025\/06\/Salas-Galeano-cFritz-Beck-768x1152.jpg 768w, https:\/\/www.ecoitaliano.com.ar\/wp-content\/uploads\/2025\/06\/Salas-Galeano-cFritz-Beck-100x150.jpg 100w, https:\/\/www.ecoitaliano.com.ar\/wp-content\/uploads\/2025\/06\/Salas-Galeano-cFritz-Beck.jpg 1000w\" sizes=\"(max-width: 683px) 100vw, 683px\" \/><\/a><\/figure>\n\n\n\n<figure class=\"wp-block-image size-large\"><a href=\"https:\/\/www.ecoitaliano.com.ar\/wp-content\/uploads\/2025\/06\/Salsi_Luca\u00a9MarcoBorrelli_08168.jpg\"><img decoding=\"async\" width=\"640\" height=\"1024\" data-id=\"75485\" src=\"https:\/\/www.ecoitaliano.com.ar\/wp-content\/uploads\/2025\/06\/Salsi_Luca\u00a9MarcoBorrelli_08168-640x1024.jpg\" alt=\"\" class=\"wp-image-75485\" srcset=\"https:\/\/www.ecoitaliano.com.ar\/wp-content\/uploads\/2025\/06\/Salsi_Luca\u00a9MarcoBorrelli_08168-640x1024.jpg 640w, https:\/\/www.ecoitaliano.com.ar\/wp-content\/uploads\/2025\/06\/Salsi_Luca\u00a9MarcoBorrelli_08168-188x300.jpg 188w, https:\/\/www.ecoitaliano.com.ar\/wp-content\/uploads\/2025\/06\/Salsi_Luca\u00a9MarcoBorrelli_08168-768x1229.jpg 768w, https:\/\/www.ecoitaliano.com.ar\/wp-content\/uploads\/2025\/06\/Salsi_Luca\u00a9MarcoBorrelli_08168-960x1536.jpg 960w, https:\/\/www.ecoitaliano.com.ar\/wp-content\/uploads\/2025\/06\/Salsi_Luca\u00a9MarcoBorrelli_08168-94x150.jpg 94w, https:\/\/www.ecoitaliano.com.ar\/wp-content\/uploads\/2025\/06\/Salsi_Luca\u00a9MarcoBorrelli_08168.jpg 1000w\" sizes=\"(max-width: 640px) 100vw, 640px\" \/><\/a><\/figure>\n\n\n\n<figure class=\"wp-block-image size-large\"><a href=\"https:\/\/www.ecoitaliano.com.ar\/wp-content\/uploads\/2025\/06\/Scala-Enea-no-crediti-scaled.jpg\"><img decoding=\"async\" width=\"683\" height=\"1024\" data-id=\"75486\" src=\"https:\/\/www.ecoitaliano.com.ar\/wp-content\/uploads\/2025\/06\/Scala-Enea-no-crediti-683x1024.jpg\" alt=\"\" class=\"wp-image-75486\" srcset=\"https:\/\/www.ecoitaliano.com.ar\/wp-content\/uploads\/2025\/06\/Scala-Enea-no-crediti-683x1024.jpg 683w, https:\/\/www.ecoitaliano.com.ar\/wp-content\/uploads\/2025\/06\/Scala-Enea-no-crediti-200x300.jpg 200w, https:\/\/www.ecoitaliano.com.ar\/wp-content\/uploads\/2025\/06\/Scala-Enea-no-crediti-768x1151.jpg 768w, https:\/\/www.ecoitaliano.com.ar\/wp-content\/uploads\/2025\/06\/Scala-Enea-no-crediti-1025x1536.jpg 1025w, https:\/\/www.ecoitaliano.com.ar\/wp-content\/uploads\/2025\/06\/Scala-Enea-no-crediti-1367x2048.jpg 1367w, https:\/\/www.ecoitaliano.com.ar\/wp-content\/uploads\/2025\/06\/Scala-Enea-no-crediti-100x150.jpg 100w, https:\/\/www.ecoitaliano.com.ar\/wp-content\/uploads\/2025\/06\/Scala-Enea-no-crediti-scaled.jpg 1709w\" sizes=\"(max-width: 683px) 100vw, 683px\" \/><\/a><\/figure>\n\n\n\n<figure class=\"wp-block-image size-large\"><a href=\"https:\/\/www.ecoitaliano.com.ar\/wp-content\/uploads\/2025\/06\/Scappucci-Speranza-@-Silvia-Lelli-scaled.jpg\"><img decoding=\"async\" width=\"683\" height=\"1024\" data-id=\"75487\" src=\"https:\/\/www.ecoitaliano.com.ar\/wp-content\/uploads\/2025\/06\/Scappucci-Speranza-@-Silvia-Lelli-683x1024.jpg\" alt=\"\" class=\"wp-image-75487\" srcset=\"https:\/\/www.ecoitaliano.com.ar\/wp-content\/uploads\/2025\/06\/Scappucci-Speranza-@-Silvia-Lelli-683x1024.jpg 683w, https:\/\/www.ecoitaliano.com.ar\/wp-content\/uploads\/2025\/06\/Scappucci-Speranza-@-Silvia-Lelli-200x300.jpg 200w, https:\/\/www.ecoitaliano.com.ar\/wp-content\/uploads\/2025\/06\/Scappucci-Speranza-@-Silvia-Lelli-768x1152.jpg 768w, https:\/\/www.ecoitaliano.com.ar\/wp-content\/uploads\/2025\/06\/Scappucci-Speranza-@-Silvia-Lelli-1024x1536.jpg 1024w, https:\/\/www.ecoitaliano.com.ar\/wp-content\/uploads\/2025\/06\/Scappucci-Speranza-@-Silvia-Lelli-1365x2048.jpg 1365w, https:\/\/www.ecoitaliano.com.ar\/wp-content\/uploads\/2025\/06\/Scappucci-Speranza-@-Silvia-Lelli-100x150.jpg 100w, https:\/\/www.ecoitaliano.com.ar\/wp-content\/uploads\/2025\/06\/Scappucci-Speranza-@-Silvia-Lelli-scaled.jpg 1707w\" sizes=\"(max-width: 683px) 100vw, 683px\" \/><\/a><\/figure>\n\n\n\n<figure class=\"wp-block-image size-large\"><a href=\"https:\/\/www.ecoitaliano.com.ar\/wp-content\/uploads\/2025\/06\/Sierra_Nadine_by-Kristin-Hoebermann.jpg\"><img decoding=\"async\" width=\"419\" height=\"720\" data-id=\"75488\" src=\"https:\/\/www.ecoitaliano.com.ar\/wp-content\/uploads\/2025\/06\/Sierra_Nadine_by-Kristin-Hoebermann.jpg\" alt=\"\" class=\"wp-image-75488\" srcset=\"https:\/\/www.ecoitaliano.com.ar\/wp-content\/uploads\/2025\/06\/Sierra_Nadine_by-Kristin-Hoebermann.jpg 419w, https:\/\/www.ecoitaliano.com.ar\/wp-content\/uploads\/2025\/06\/Sierra_Nadine_by-Kristin-Hoebermann-175x300.jpg 175w, https:\/\/www.ecoitaliano.com.ar\/wp-content\/uploads\/2025\/06\/Sierra_Nadine_by-Kristin-Hoebermann-87x150.jpg 87w\" sizes=\"(max-width: 419px) 100vw, 419px\" \/><\/a><\/figure>\n\n\n\n<figure class=\"wp-block-image size-large\"><a href=\"https:\/\/www.ecoitaliano.com.ar\/wp-content\/uploads\/2025\/06\/tezier_ludovic-2017-c-Cassandre-Berthon-1.jpg\"><img decoding=\"async\" width=\"1024\" height=\"684\" data-id=\"75489\" src=\"https:\/\/www.ecoitaliano.com.ar\/wp-content\/uploads\/2025\/06\/tezier_ludovic-2017-c-Cassandre-Berthon-1-1024x684.jpg\" alt=\"\" class=\"wp-image-75489\" srcset=\"https:\/\/www.ecoitaliano.com.ar\/wp-content\/uploads\/2025\/06\/tezier_ludovic-2017-c-Cassandre-Berthon-1-1024x684.jpg 1024w, https:\/\/www.ecoitaliano.com.ar\/wp-content\/uploads\/2025\/06\/tezier_ludovic-2017-c-Cassandre-Berthon-1-300x200.jpg 300w, https:\/\/www.ecoitaliano.com.ar\/wp-content\/uploads\/2025\/06\/tezier_ludovic-2017-c-Cassandre-Berthon-1-768x513.jpg 768w, https:\/\/www.ecoitaliano.com.ar\/wp-content\/uploads\/2025\/06\/tezier_ludovic-2017-c-Cassandre-Berthon-1-1536x1026.jpg 1536w, https:\/\/www.ecoitaliano.com.ar\/wp-content\/uploads\/2025\/06\/tezier_ludovic-2017-c-Cassandre-Berthon-1-2048x1368.jpg 2048w, https:\/\/www.ecoitaliano.com.ar\/wp-content\/uploads\/2025\/06\/tezier_ludovic-2017-c-Cassandre-Berthon-1-150x100.jpg 150w\" sizes=\"(max-width: 1024px) 100vw, 1024px\" \/><\/a><\/figure>\n<\/figure>\n\n\n\n<figure class=\"wp-block-gallery has-nested-images columns-default is-cropped wp-block-gallery-2 is-layout-flex wp-block-gallery-is-layout-flex\">\n<figure class=\"wp-block-image\"><img decoding=\"async\" width=\"1811\" height=\"2560\" data-id=\"75490\" src=\"http:\/\/www.ecoitaliano.com.ar\/wp-content\/uploads\/2025\/06\/manifesto_Traviata-scaled.jpg\" alt=\"\" class=\"wp-image-75490\" srcset=\"https:\/\/www.ecoitaliano.com.ar\/wp-content\/uploads\/2025\/06\/manifesto_Traviata-scaled.jpg 1811w, https:\/\/www.ecoitaliano.com.ar\/wp-content\/uploads\/2025\/06\/manifesto_Traviata-212x300.jpg 212w, https:\/\/www.ecoitaliano.com.ar\/wp-content\/uploads\/2025\/06\/manifesto_Traviata-724x1024.jpg 724w, https:\/\/www.ecoitaliano.com.ar\/wp-content\/uploads\/2025\/06\/manifesto_Traviata-768x1086.jpg 768w, https:\/\/www.ecoitaliano.com.ar\/wp-content\/uploads\/2025\/06\/manifesto_Traviata-1086x1536.jpg 1086w, https:\/\/www.ecoitaliano.com.ar\/wp-content\/uploads\/2025\/06\/manifesto_Traviata-1448x2048.jpg 1448w, https:\/\/www.ecoitaliano.com.ar\/wp-content\/uploads\/2025\/06\/manifesto_Traviata-106x150.jpg 106w\" sizes=\"(max-width: 1811px) 100vw, 1811px\" \/><\/figure>\n<\/figure>\n","protected":false},"excerpt":{"rendered":"<p>Ufficio stampa&nbsp;&nbsp;&nbsp;&nbsp;&nbsp;&nbsp;&nbsp;&nbsp;&nbsp;&nbsp;&nbsp;&nbsp;&nbsp;&nbsp;&nbsp;&nbsp;&nbsp;&nbsp;&nbsp;&nbsp;&nbsp;&nbsp;&nbsp;&nbsp;&nbsp;&nbsp;&nbsp;&nbsp;&nbsp;&nbsp;&nbsp;&nbsp;&nbsp;&nbsp;&nbsp;&nbsp;&nbsp;&nbsp;&nbsp;&nbsp;&nbsp;&nbsp;&nbsp;&nbsp;&nbsp;&nbsp;&nbsp;&nbsp;&nbsp;&nbsp;&nbsp;&nbsp;&nbsp;&nbsp;&nbsp;&nbsp;&nbsp;&nbsp;&nbsp;&nbsp;&nbsp;&nbsp;&nbsp;&nbsp;&nbsp;&nbsp;&nbsp;&nbsp;&nbsp;&nbsp;&nbsp;&nbsp;&nbsp;&nbsp;&nbsp;&nbsp;&nbsp;&nbsp;&nbsp;&nbsp;&nbsp;&nbsp;&nbsp;&nbsp;&nbsp;&nbsp;&nbsp;&nbsp;&nbsp;&nbsp;&nbsp;&nbsp;&nbsp;&nbsp;&nbsp;&nbsp;&nbsp;&nbsp;&nbsp;&nbsp;&nbsp;&nbsp;&nbsp;&nbsp;&nbsp;&nbsp;&nbsp;&nbsp;&nbsp;&nbsp;&nbsp;&nbsp;&nbsp;&nbsp;&nbsp;&nbsp;&nbsp;&nbsp;&nbsp;&nbsp;&nbsp;&nbsp;&nbsp;&nbsp;&nbsp;&nbsp;&nbsp;&nbsp;&nbsp;&nbsp;&nbsp;&nbsp;&nbsp;&nbsp;&nbsp;&nbsp;&nbsp;&nbsp;&nbsp;&nbsp;&nbsp;&nbsp;&nbsp;&nbsp;&nbsp;&nbsp;&nbsp;&nbsp;&nbsp;&nbsp;&nbsp;&nbsp;&nbsp; 24\/06\/2025 IN ARENA LA TRAVIATA SECONDO DE ANA debutto sold-out per l\u2019allestimento del regista argentino con importanti esordi, [&hellip;]<\/p>\n","protected":false},"author":1,"featured_media":0,"comment_status":"open","ping_status":"open","sticky":false,"template":"","format":"standard","meta":{"footnotes":""},"categories":[1],"tags":[],"class_list":["post-75459","post","type-post","status-publish","format-standard","hentry","category-sin-categoria"],"_links":{"self":[{"href":"https:\/\/www.ecoitaliano.com.ar\/index.php?rest_route=\/wp\/v2\/posts\/75459","targetHints":{"allow":["GET"]}}],"collection":[{"href":"https:\/\/www.ecoitaliano.com.ar\/index.php?rest_route=\/wp\/v2\/posts"}],"about":[{"href":"https:\/\/www.ecoitaliano.com.ar\/index.php?rest_route=\/wp\/v2\/types\/post"}],"author":[{"embeddable":true,"href":"https:\/\/www.ecoitaliano.com.ar\/index.php?rest_route=\/wp\/v2\/users\/1"}],"replies":[{"embeddable":true,"href":"https:\/\/www.ecoitaliano.com.ar\/index.php?rest_route=%2Fwp%2Fv2%2Fcomments&post=75459"}],"version-history":[{"count":3,"href":"https:\/\/www.ecoitaliano.com.ar\/index.php?rest_route=\/wp\/v2\/posts\/75459\/revisions"}],"predecessor-version":[{"id":75491,"href":"https:\/\/www.ecoitaliano.com.ar\/index.php?rest_route=\/wp\/v2\/posts\/75459\/revisions\/75491"}],"wp:attachment":[{"href":"https:\/\/www.ecoitaliano.com.ar\/index.php?rest_route=%2Fwp%2Fv2%2Fmedia&parent=75459"}],"wp:term":[{"taxonomy":"category","embeddable":true,"href":"https:\/\/www.ecoitaliano.com.ar\/index.php?rest_route=%2Fwp%2Fv2%2Fcategories&post=75459"},{"taxonomy":"post_tag","embeddable":true,"href":"https:\/\/www.ecoitaliano.com.ar\/index.php?rest_route=%2Fwp%2Fv2%2Ftags&post=75459"}],"curies":[{"name":"wp","href":"https:\/\/api.w.org\/{rel}","templated":true}]}}