{"id":75634,"date":"2025-06-28T09:29:29","date_gmt":"2025-06-28T09:29:29","guid":{"rendered":"https:\/\/www.ecoitaliano.com.ar\/?p=75634"},"modified":"2025-06-28T09:29:47","modified_gmt":"2025-06-28T09:29:47","slug":"la-luce-dellio-che-sorge-come-una-stella-sulla-fronte-delluomo-liberta-cultura-e-potere-nellera-della-disumanizzazione","status":"publish","type":"post","link":"https:\/\/www.ecoitaliano.com.ar\/?p=75634","title":{"rendered":"La luce dell\u2019io che sorge come una stella sulla fronte dell\u2019uomo: libert\u00e0, cultura e potere nell\u2019era della disumanizzazione"},"content":{"rendered":"\n<p><em>Carlo Di Stanislao<\/em><\/p>\n\n\n<div class=\"wp-block-image\">\n<figure class=\"aligncenter size-full is-resized\"><a href=\"http:\/\/www.ecoitaliano.com.ar\/wp-content\/uploads\/2025\/06\/1000014516-1-1-1-1-1.jpg\"><img decoding=\"async\" width=\"960\" height=\"932\" src=\"http:\/\/www.ecoitaliano.com.ar\/wp-content\/uploads\/2025\/06\/1000014516-1-1-1-1-1.jpg\" alt=\"\" class=\"wp-image-75344\" style=\"width:328px;height:auto\" srcset=\"https:\/\/www.ecoitaliano.com.ar\/wp-content\/uploads\/2025\/06\/1000014516-1-1-1-1-1.jpg 960w, https:\/\/www.ecoitaliano.com.ar\/wp-content\/uploads\/2025\/06\/1000014516-1-1-1-1-1-300x291.jpg 300w, https:\/\/www.ecoitaliano.com.ar\/wp-content\/uploads\/2025\/06\/1000014516-1-1-1-1-1-768x746.jpg 768w, https:\/\/www.ecoitaliano.com.ar\/wp-content\/uploads\/2025\/06\/1000014516-1-1-1-1-1-150x146.jpg 150w\" sizes=\"(max-width: 960px) 100vw, 960px\" \/><\/a><\/figure><\/div>\n\n\n<p><em>\u00abL\u2019uomo \u00e8 misura di tutte le cose.\u00bb<\/em>&nbsp;\u2014 Protagora<\/p>\n\n\n\n<p><em>\u00abAntonio deride il capo mozzato di Cicerone; Erodiade contempla trionfante il piatto sanguinoso con la testa di Giovanni il Battista. Gli spiriti della sfrenata sete di potenza, che non sono che gli spettri di un mondo sommerso, odiano l&#8217;uomo libero, odiano soprattutto la luce dell&#8217;io che sorge come una stella sulla fronte dell&#8217;uomo.\u00bb<\/em>&nbsp;\u2014 Emil Brock<\/p>\n\n\n\n<p>In un tempo in cui l\u2019apparenza veste l\u2019abito della verit\u00e0 e la voce del potere risuona pi\u00f9 forte della coscienza, il pensiero di Emil Bock risplende come un monito e una profezia. La sua immagine potente \u2014 Antonio che deride il capo mozzato di Cicerone, Erodiade che contempla la testa del Battista \u2014 non \u00e8 solo memoria storica. \u00c8 specchio del presente.<\/p>\n\n\n\n<p>Viviamo in un\u2019epoca in cui le teste non rotolano pi\u00f9 fisicamente, ma spiritualmente s\u00ec. Gli uomini liberi, i pensatori indipendenti, i poeti non asserviti, gli intellettuali non integrati vengono zittiti, ridicolizzati, marginalizzati. I \u201csignori delle ombre\u201d, come li chiamerebbe Bock, oggi indossano giacche eleganti, occupano salotti televisivi, cattedre universitarie, banchi di governo e posizioni apicali nei media globali. Non cercano la verit\u00e0: la fabbricano.<\/p>\n\n\n\n<p>Il \u201csofferente colto potente\u201d del nostro tempo \u00e8 una figura contraddittoria. Da una parte conosce la cultura, ha letto i libri giusti, ha visitato i musei, pu\u00f2 citare Platone e Pasolini. Ma dall\u2019altra, ha imparato a usare tutto questo per piegare le coscienze, per sofisticare la propaganda, per dominare attraverso l\u2019intelligenza invece che elevarla. La sua sofferenza non nasce dalla compassione, ma dall\u2019avidit\u00e0 travestita da idealismo. Soffre perch\u00e9 non pu\u00f2 possedere tutto.<\/p>\n\n\n\n<p>In questo paesaggio di anime sedotte e redente, la luce dell\u2019io \u2014 quella che Bock evoca con l\u2019immagine di una stella che sorge sulla fronte dell\u2019uomo \u2014 \u00e8 l\u2019unico faro autentico. Ma richiede coraggio. Non basta sentirsi liberi, occorre essere liberi, e oggi essere liberi significa spesso essere soli. La libert\u00e0 dell\u2019io non grida, non manipola, non minaccia. Splende. E proprio per questo viene odiata.<\/p>\n\n\n\n<p>Viviamo in una societ\u00e0 che teme la verticalit\u00e0 spirituale dell\u2019individuo. Vuole coscienze spente, pensieri programmati, emozioni tarate. Ma proprio ora \u2014 tra guerre, crisi climatiche, algoritmi che decidono cosa vedere e cosa pensare \u2014 \u00e8 il momento di rompere l\u2019incantesimo.<\/p>\n\n\n\n<p>Il risveglio dell\u2019io non \u00e8 un atto mistico, ma politico. Non \u00e8 un privilegio per pochi, ma una responsabilit\u00e0 per tutti. \u00c8 un atto rivoluzionario, silenzioso e incorruttibile. Come scriveva Albert Camus:&nbsp;<em>\u00abL\u2019uomo libero \u00e8 colui che non ha paura di andare fino in fondo alla propria verit\u00e0.\u00bb<\/em><\/p>\n\n\n\n<p>E in un mondo che deride ancora le teste pensanti, che impiatta il sangue della cultura come trofeo, ogni coscienza che si accende \u00e8 un\u2019alba che nessuna tenebra potr\u00e0 mai spegnere.<\/p>\n\n\n\n<p><strong>Haiku finale \u2013 Seme d\u2019alba<\/strong><\/p>\n\n\n\n<p>Sulla fronte luce,<br>il potere teme l\u2019io \u2014<br>libert\u00e0 fiorisce<\/p>\n\n\n\n<p><em>\u2014 Italo Nostromo<\/em><\/p>\n\n\n\n<p><strong>Nota sull\u2019autore:<\/strong><\/p>\n\n\n\n<p>Italo Nostromo \u00e8 medico, con sangue umbro e abruzzese, fiero della sua meridionalit\u00e0, che vive come radice resistente e canto interiore. Scrive poesie che poi cancella, perch\u00e9 l\u2019attimo \u2014 dice \u2014 \u00e8 solo quell\u2019attimo: verit\u00e0 breve e acuminata che non pu\u00f2 n\u00e9 deve durare oltre l\u2019istante. La sua parola \u00e8 uno scatto, un respiro, una traccia che si scioglie appena tocca il fuoco.<\/p>\n\n\n\n<p>\u00c8 stato amico di Dario Bellezza, di cui ha conosciuto gli abissi e le fiamme, e ammira la parola limpida e disperata di Pier Paolo Pasolini. I suoi maestri interiori sono Giovanni Reghini per l\u2019iniziazione alla sapienza antica, Mario Luzi per la verticalit\u00e0 mistica della parola, Giuseppe Ungaretti per l\u2019asciutta potenza della luce tra le macerie.<\/p>\n\n\n\n<p>Scrive per chi ascolta dentro. E poi tace.&nbsp;<\/p>\n","protected":false},"excerpt":{"rendered":"<p>Carlo Di Stanislao \u00abL\u2019uomo \u00e8 misura di tutte le cose.\u00bb&nbsp;\u2014 Protagora \u00abAntonio deride il capo mozzato di Cicerone; Erodiade contempla [&hellip;]<\/p>\n","protected":false},"author":1,"featured_media":0,"comment_status":"open","ping_status":"open","sticky":false,"template":"","format":"standard","meta":{"footnotes":""},"categories":[4,10,1],"tags":[],"class_list":["post-75634","post","type-post","status-publish","format-standard","hentry","category-cultura","category-italiano","category-sin-categoria"],"_links":{"self":[{"href":"https:\/\/www.ecoitaliano.com.ar\/index.php?rest_route=\/wp\/v2\/posts\/75634","targetHints":{"allow":["GET"]}}],"collection":[{"href":"https:\/\/www.ecoitaliano.com.ar\/index.php?rest_route=\/wp\/v2\/posts"}],"about":[{"href":"https:\/\/www.ecoitaliano.com.ar\/index.php?rest_route=\/wp\/v2\/types\/post"}],"author":[{"embeddable":true,"href":"https:\/\/www.ecoitaliano.com.ar\/index.php?rest_route=\/wp\/v2\/users\/1"}],"replies":[{"embeddable":true,"href":"https:\/\/www.ecoitaliano.com.ar\/index.php?rest_route=%2Fwp%2Fv2%2Fcomments&post=75634"}],"version-history":[{"count":1,"href":"https:\/\/www.ecoitaliano.com.ar\/index.php?rest_route=\/wp\/v2\/posts\/75634\/revisions"}],"predecessor-version":[{"id":75635,"href":"https:\/\/www.ecoitaliano.com.ar\/index.php?rest_route=\/wp\/v2\/posts\/75634\/revisions\/75635"}],"wp:attachment":[{"href":"https:\/\/www.ecoitaliano.com.ar\/index.php?rest_route=%2Fwp%2Fv2%2Fmedia&parent=75634"}],"wp:term":[{"taxonomy":"category","embeddable":true,"href":"https:\/\/www.ecoitaliano.com.ar\/index.php?rest_route=%2Fwp%2Fv2%2Fcategories&post=75634"},{"taxonomy":"post_tag","embeddable":true,"href":"https:\/\/www.ecoitaliano.com.ar\/index.php?rest_route=%2Fwp%2Fv2%2Ftags&post=75634"}],"curies":[{"name":"wp","href":"https:\/\/api.w.org\/{rel}","templated":true}]}}