{"id":75641,"date":"2025-06-28T23:47:20","date_gmt":"2025-06-28T23:47:20","guid":{"rendered":"https:\/\/www.ecoitaliano.com.ar\/?p=75641"},"modified":"2025-06-29T16:09:09","modified_gmt":"2025-06-29T16:09:09","slug":"serena-conduce-operaclassica-eco-italiano-4468","status":"publish","type":"post","link":"https:\/\/www.ecoitaliano.com.ar\/?p=75641","title":{"rendered":"Serena conduce operaclassica eco italiano"},"content":{"rendered":"<div class=\"wp-block-image\">\n<figure class=\"aligncenter size-full\"><a href=\"http:\/\/www.ecoitaliano.com.ar\/wp-content\/uploads\/2025\/06\/image004-2.png\"><img decoding=\"async\" width=\"143\" height=\"89\" src=\"http:\/\/www.ecoitaliano.com.ar\/wp-content\/uploads\/2025\/06\/image004-2.png\" alt=\"\" class=\"wp-image-75460\"\/><\/a><\/figure><\/div>\n\n\n<p>Ufficio stampa&nbsp;&nbsp;&nbsp;&nbsp;&nbsp;&nbsp;&nbsp;&nbsp;&nbsp;&nbsp;&nbsp;&nbsp;&nbsp;&nbsp;&nbsp;&nbsp;&nbsp;&nbsp;&nbsp;&nbsp;&nbsp;&nbsp;&nbsp;&nbsp;&nbsp;&nbsp;&nbsp;&nbsp;&nbsp;&nbsp;&nbsp;&nbsp;&nbsp;&nbsp;&nbsp;&nbsp;&nbsp;&nbsp;&nbsp;&nbsp;&nbsp;&nbsp;&nbsp;&nbsp;&nbsp;&nbsp;&nbsp;&nbsp;&nbsp;&nbsp;&nbsp;&nbsp;&nbsp;&nbsp;&nbsp;&nbsp;&nbsp;&nbsp;&nbsp;&nbsp;&nbsp;&nbsp;&nbsp;&nbsp;&nbsp;&nbsp;&nbsp;&nbsp;&nbsp;&nbsp;&nbsp;&nbsp;&nbsp;&nbsp;&nbsp;&nbsp;&nbsp;&nbsp;&nbsp;&nbsp;&nbsp;&nbsp;&nbsp;&nbsp;&nbsp;&nbsp;&nbsp;&nbsp;&nbsp;&nbsp;&nbsp;&nbsp;&nbsp;&nbsp;&nbsp;&nbsp;&nbsp;&nbsp;&nbsp;&nbsp;&nbsp;&nbsp;&nbsp;&nbsp;&nbsp;&nbsp;&nbsp;&nbsp;&nbsp;&nbsp;&nbsp; &nbsp;&nbsp;&nbsp;&nbsp;&nbsp;&nbsp;&nbsp;&nbsp;&nbsp;&nbsp; 28\/06\/2025<\/p>\n\n\n\n<p><strong>ARENA<\/strong><strong> <\/strong><strong>PER<\/strong><strong> <\/strong><strong>TUTTI 2025. INAUGURATA OGGI LA TERZA EDIZIONE<\/strong><\/p>\n\n\n\n<p><strong>CRESCE IL PROGETTO DI ACCESSIBILIT\u00c0 PI\u00d9 GRANDE D\u2019EUROPA REALIZZATO DA FONDAZIONE ARENA CON M\u00dcLLER<\/strong><\/p>\n\n\n\n<p><strong>Ben 26 serate accessibili e 19 percorsi multisensoriali. Oltre 2.600 posti in platea riservati. Decollano le iscrizioni che hanno gi\u00e0 raggiunto quota 1.030<\/strong><\/p>\n\n\n\n<p><strong>Una giornata da celebrare. Oggi, sabato 28 giugno, entra in vigore l\u2019European Accessibility Act<\/strong>, la direttiva europea che prevede standard minimi di accessibilit\u00e0 per prodotti e servizi, sostenendo i diritti delle persone con disabilit\u00e0. <strong>E si inaugura l\u2019edizione 2025 di Arena per tutti, il progetto di accessibilit\u00e0 pi\u00f9 grande d\u2019Europa, nato tre anni fa dalla collaborazione tra Fondazione<\/strong><strong> Arena di Verona <\/strong><strong>e<\/strong><strong> <\/strong><strong>M\u00fcller<\/strong>.<\/p>\n\n\n\n<p>Una iniziativa che \u00e8 punta di diamante all\u2019interno della programmazione del Festival Lirico, capace di favorire la fruizione degli spettacoli dal vivo ma anche un turismo accessibile in citt\u00e0. Dagli uffici che si occupano dell\u2019organizzazione e promozione, ai lavoratori dei reparti formazione pubblico, regia, direzione costumi, attrezzeria, sartoria, direzione di scena che prima di ogni opera raccontano curiosit\u00e0, aneddoti e backstage ai partecipanti dei percorsi multisensoriali, tutta Fondazione Arena lavora affinch\u00e9 questo progetto cresca di edizione in edizione. La partecipazione di M\u00fcller a questa iniziativa musicale e culturale si iscrive nell\u2019ambito di M\u00fcller For People, il percorso a lungo termine di sostenibilit\u00e0 sociale che l\u2019Azienda veronese ha tracciato per i prossimi anni.<\/p>\n\n\n\n<p><strong>Da questa sera al 5 settembre<\/strong>, per 26 serate di spettacolo dal vivo, tutti avranno la possibilit\u00e0 di seguire l\u2019opera con supporti ad hoc tra cui libri di sala digitali, audio descrizione per persone cieche e ipovedenti, sottotitoli specifici per persone sorde. In tre differenti lingue: italiano, inglese e tedesco. E nelle prime file di platea 2.600 posti saranno riservati alle persone con disabilit\u00e0 e relativi accompagnatori, 100 per ogni serata.<strong> Novit\u00e0 2025 sar\u00e0 il percorso multisensoriale dedicato al canto: tre date dal mese di luglio per scoprire attraverso i sensi e il tatto come vengono usati diaframma e voce per dar vita a molteplici sfumature e note. Tornano da oggi i \u2018tradizionali\u2019 percorsi nel backstage dell\u2019Arena che hanno gi\u00e0 raggiunto quota 1.030 iscrizioni. Un record considerando che l\u2019anno scorso erano stati 1.002 i partecipanti totali durante l\u2019intera estate.<\/strong><\/p>\n\n\n\n<p>Questa mattina, in Arena, a inaugurare ufficialmente la terza edizione di Arena per tutti il Sovrintendente di Fondazione Arena Cecilia Gasdia, il Sottosegretario alla Cultura Gianmarco Mazzi, l\u2019Assessora alle Politiche sociali e Terzo settore del Comune di Verona Luisa Ceni, il direttore Marketing di M\u00fcller Italia Paola Scandola e la Professoressa associata di Traduzione inglese e Accessibilit\u00e0 dell\u2019Universit\u00e0 di Macerata Elena Di Giovanni, coordinatrice del progetto. Presente anche la ballerina dell\u2019Arena Carmen Diodato che ha portato la sua testimonianza di artista sorda dalla nascita.<\/p>\n\n\n\n<p>Durante la mattinata Cecilia Gasdia e la cantante Eunhee Maggio hanno dato dimostrazione di come \u00e8 possibile utilizzare i cinque sensi per percepire il canto. E di quello che sar\u00e0 il nuovo percorso 2025. Cos\u00ec come alcuni lavoratori dei reparti formazione del pubblico, attrezzeria, direzione di scena e sartoria hanno fatto testare ai presenti il tradizionale percorso multisensoriale dell\u2019Arena Opera Festival.<\/p>\n\n\n\n<p><strong>Cecilia Gasdia, Sovrintendente Fondazione Arena:<\/strong> \u00ab<em>Accessibilit\u00e0, massima priorit\u00e0! \u00c8 il motto che vorrei lanciare oggi. Questo \u00e8 un progetto nel quale crediamo fortemente, che ci rende orgogliosi e che dimostra come ogni spazio, compreso un monumento millenario come l\u2019Arena, possa essere accessibile. Rendere fruibili a tutti gli spettacoli dal vivo dovrebbe essere la normalit\u00e0, ma quando questo consente alle persone con disabilit\u00e0 di avere tempo e strumenti per scoprire e approfondire il lavoro, l\u2019arte, le curiosit\u00e0, la storia prima di sedersi in platea, possiamo parlare di un risultato straordinario. E i numeri, infatti, confermano l\u2019interesse e l\u2019apprezzamento per il progetto. Quest\u2019anno abbiamo voluto ampliarlo con una sezione dedicata al canto. Percependo le vibrazioni del nostro corpo, tutti possono sentire e capire la potenza&nbsp;della&nbsp;musica\u00bb.<\/em><\/p>\n\n\n\n<p><strong>Gianmarco Mazzi, Sottosegretario di Stato alla cultura:<\/strong> <em>\u00abIl Ministero della cultura \u00e8 impegnato nella promozione dell\u2019accessibilit\u00e0 nello spettacolo dal vivo perch\u00e9 l\u2019arte \u00e8 un diritto di tutti.&nbsp;Questo progetto, dotato di sensibilit\u00e0 e innovazione, rappresenta perfettamente la nostra visione e il nostro impegno. Propone un sistema sociale basato sulla coesione e moltiplica la sua azione con un triplice obiettivo: gli artisti, il pubblico e i professionisti della filiera culturale. Sar\u00e0 la pi\u00f9 grande iniziativa di questo tipo in Europa e ha tutte le caratteristiche per diventare un esempio per tutto il territorio nazionale. Ringrazio il Sovrintendente, Cecilia Gasdia, anche per questa idea, che conferma ancora una volta la qualit\u00e0 e l\u2019attenzione del suo lavoro\u00bb.<\/em><\/p>\n\n\n\n<p><strong>Luisa Ceni, Assessora comunale alle Politiche sociali e al Terzo settore:<\/strong><em> \u00abL\u2019Arena \u00e8 il simbolo di Verona e l\u2019Opera lirica \u00e8 il nostro biglietto da visita nel mondo. Pensare che tutti, senza distinzioni, possono godere di questo patrimonio culturale e artistico \u00e8 per la nostra citt\u00e0 un grande orgoglio. Arena per tutti \u00e8 un progetto che l\u2019Amministrazione comunale sposa e appoggia con tutte le sue forze, unendosi agli enti promotori e organizzatori. Creare sinergie \u00e8 l\u2019unica maniera che abbiamo per dar vita a iniziative di valore e di alto impatto, e questo progetto, frutto di una rete molto forte tra pubblico, privato e universit\u00e0, ne \u00e8 certamente la&nbsp;testimonianza\u00bb.<\/em><\/p>\n\n\n\n<p><strong>Paola Scandola, Direttore Marketing di M\u00fcller Italia<em>:<\/em><\/strong><em> \u00abDopo il successo delle scorse edizioni, siamo felici di inaugurare la terza edizione di Arena per tutti, proprio oggi sabato 28 giugno, una data che coincide con l&#8217;entrata in vigore dell&#8217;European Accessibility Act. Un\u2019occasione simbolica che rafforza il senso di questo progetto: rendere la cultura davvero accessibile. Quest\u2019anno aggiungiamo un\u2019esperienza nuova: desideriamo offrire la possibilit\u00e0 di sentire il canto, di immergersi in quella vibrazione che dal palco arriva dritta al cuore e genera puro piacere attraverso il corpo e le emozioni. \u00c8 un onore, per M\u00fcller, contribuire a rendere condivisibile un patrimonio come l\u2019opera, che parla a tutti, senza barriere\u00bb.<\/em><\/p>\n\n\n\n<p><strong>Elena Di Giovanni, coordinatrice del progetto:<\/strong> <em>\u00abArena per Tutti \u00e8 nato come il progetto pi\u00f9 inclusivo di sempre e lo diventa sempre di pi\u00f9. Abbiamo persone da tutta Europa, in Italia lo conoscono tutti, i risultati dei questionari che raccogliamo dopo ogni esperienza inclusiva sono tutti positivi. &nbsp;Non possiamo che crescere ancora, direi facendo la storia dell\u2019accessibilit\u00e0\u00bb.<\/em><\/p>\n\n\n\n<p>Il focus 2025 \u00e8 sulle opere <em>Aida<\/em>, <em>La<\/em><em> <\/em><em>Traviata<\/em>, <em>Carmen<\/em><em> <\/em>e sulla nuova produzione di <em>Nabucco<\/em>. Tutti gli spettatori che ne fanno richiesta possono fruire di <strong>trailer accessibili <\/strong>(in italiano, inglese e tedesco, con sottotitoli, voce, traduzione in lingua dei segni italiana, internazionale e tedesca, descrizione delle<\/p>\n\n\n\n<p>immagini), <strong>audio<\/strong><strong> <\/strong><strong>descrizioni<\/strong><strong> <\/strong><strong>dal vivo<\/strong><strong> <\/strong><strong>degli <\/strong><strong>spettacoli e libri di sala digitali, il tutto sempre in tre lingue <\/strong>(italiano, inglese e tedesco). I libri digitali sono strumenti inclusivi che, <strong>replicando la grafica e la struttura dei classici libri di sala cartacei <\/strong>(con sinossi, note di regia, foto e informazioni sugli spettacoli), offrono <strong>testi semplificati con caratteri modificabili e ingrandibili, immagini e bozzetti di scena con audio descrizione <\/strong>(per persone cieche e ipovedenti) e <strong>testi tradotti nella lingua dei segni italiana<\/strong>. Gli stessi libri di sala sono disponibili in inglese, con traduzione in lingua dei segni internazionale. Oltre alle <strong>schede per le opere in linguaggio \u2018facile da leggere&#8217; sia in italiano che in inglese e in tedesco <\/strong>che seguono gli standard dell\u2019Unione Europea per la scrittura destinata alle persone con disabilit\u00e0 intellettiva.<\/p>\n\n\n\n<p><strong>Sono 19 le serate con i<\/strong> <strong>percorsi multisensoriali, 16 in Arena e 3 al Filarmonico, iniziative completamente gratuite che garantiscono non solo un\u2019esperienza di backstage ma anche un biglietto a tariffa ridotta in platea. <\/strong>Le persone con disabilit\u00e0 vengono <strong>accompagnate dietro le quinte e sul palcoscenico e possono esplorare le scenografie, i costumi, gli attrezzi di scena, gli spazi e strumenti musicali<\/strong>, guidatidal personale di palcoscenico e dalle sapienti mani di chi ha realizzato gli spettacoli nei minimi dettagli nei laboratori di Fondazione Arena.<\/p>\n\n\n\n<p><strong>Tre i percorsi dedicati al canto, all\u2019interno del Teatro Filarmonico, dove due cantanti e un pianista danno dimostrazione dell\u2019uso del diaframma per il controllo della voce e della cassa toracica per la propagazione del suono<\/strong>, consentendo al pubblico di usare i sensi per comprendere come avviene la modulazione dell\u2019intensit\u00e0 della voce, al fine di renderla sempre pi\u00f9 forte e ricca di sfumature.&nbsp;Il pubblico pu\u00f2 letteralmente toccare con mano i cantanti per percepire i movimenti e le vibrazioni del corpo e sentire cos\u00ec la musica.<\/p>\n\n\n\n<p>Informazioni sui percorsi multisensoriali sul sito <a href=\"http:\/\/www.arenapertutti.it\">www.arenapertutti.it<\/a>, prenotazioni scrivendo all\u2019indirizzo e-mail <a href=\"mailto:inclusione@arenadiverona.it\">inclusione@arenadiverona.it<\/a>.<\/p>\n\n\n\n<p><strong>Informazioni&nbsp;<\/strong><\/p>\n\n\n\n<p><strong>Ufficio Stampa Fondazione Arena di Verona&nbsp;<\/strong><\/p>\n\n\n\n<p>Via Roma 7\/D, 37121 Verona&nbsp;<\/p>\n\n\n\n<p>tel. (+39) 045 805.1861-1905-1891-1939 -1847<\/p>\n\n\n\n<p><a href=\"mailto:ufficio.stampa@arenadiverona.it\">ufficio.stampa@arenadiverona.it<\/a>&nbsp;&nbsp;<\/p>\n\n\n\n<p><strong>Biglietteria&nbsp;<\/strong><\/p>\n\n\n\n<p>Via Dietro Anfiteatro 6\/B, 37121 Verona&nbsp;&nbsp;<\/p>\n\n\n\n<p><a href=\"mailto:biglietteria@arenadiverona.it\">biglietteria@arenadiverona.it<\/a>&nbsp;&nbsp;<\/p>\n\n\n\n<p>Call center (+39) 045 800.51.51&nbsp;&nbsp;<\/p>\n\n\n\n<p><a href=\"http:\/\/www.arena.it\">www.arena.it<\/a><\/p>\n\n\n\n<p><strong>DATE DI ARENA PER TUTTI E DEI PERCORSI MULTISENSORIALI<\/strong><\/p>\n\n\n\n<figure class=\"wp-block-table\"><table><tbody><tr><td>sabato 28 giugno domenica 29 giugno sabato 5 luglio domenica 6 luglio<\/td><td>Nabucco Aida La Traviata Aida<\/td><td>&nbsp;<\/td><\/tr><tr><td><strong>gioved\u00ec<\/strong><strong> <\/strong><strong>10<\/strong><strong> <\/strong><strong>luglio<\/strong><\/td><td><strong>Nabucco<\/strong><\/td><td><strong>(serata<\/strong><strong> con percorso multisensoriale)<\/strong><\/td><\/tr><tr><td><strong>venerd\u00ec<\/strong><strong> <\/strong><strong>11<\/strong><strong> <\/strong><strong>luglio<\/strong><\/td><td><strong>La<\/strong><strong> <\/strong><strong>Traviata<\/strong><\/td><td><strong>(serata<\/strong><strong> con percorso multisensoriale)<\/strong><\/td><\/tr><tr><td><strong>mercoled\u00ec<\/strong><strong> <\/strong><strong>16<\/strong><strong> <\/strong><strong>luglio<\/strong><\/td><td><strong>Aida<\/strong><\/td><td><strong>(serata<\/strong><strong> con percorso multisensoriale)<\/strong><\/td><\/tr><tr><td><strong>venerd\u00ec<\/strong><strong> <\/strong><strong>18<\/strong><strong> <\/strong><strong>luglio<\/strong><\/td><td><strong>Carmen<\/strong><\/td><td><strong>(serata<\/strong><strong> con percorso multisensoriale)<\/strong><\/td><\/tr><tr><td><strong>sabato<\/strong><strong> <\/strong><strong>19<\/strong><strong> <\/strong><strong>luglio<\/strong> domenica 20 luglio <strong>gioved\u00ec<\/strong><strong> <\/strong><strong>24<\/strong><strong> <\/strong><strong>luglio<\/strong><\/td><td><strong>La<\/strong><strong> <\/strong><strong>Traviata<\/strong> Aida <strong>Nabucco<\/strong><\/td><td><strong>(serata<\/strong><strong> con nuovo percorso canto)<\/strong> <strong>&nbsp;<\/strong> <strong>(serata<\/strong><strong> con percorso multisensoriale)<\/strong><\/td><\/tr><tr><td><strong>venerd\u00ec<\/strong><strong> <\/strong><strong>25<\/strong><strong> <\/strong><strong>luglio<\/strong><\/td><td><strong>La<\/strong><strong> <\/strong><strong>Traviata<\/strong><\/td><td><strong>(serata<\/strong><strong> con percorso multisensoriale)<\/strong><\/td><\/tr><tr><td><strong>domenica<\/strong><strong> <\/strong><strong>27<\/strong><strong> <\/strong><strong>luglio<\/strong><\/td><td><strong>Aida<\/strong><\/td><td><strong>(serata<\/strong><strong> con percorso multisensoriale)<\/strong><\/td><\/tr><tr><td><strong>venerd\u00ec<\/strong><strong> <\/strong><strong>1<\/strong><strong> <\/strong><strong>agosto<\/strong><\/td><td><strong>Aida<\/strong><\/td><td><strong>(serata<\/strong><strong> con percorso multisensoriale)<\/strong><\/td><\/tr><tr><td><strong>domenica<\/strong><strong> <\/strong><strong>10<\/strong><strong> <\/strong><strong>agosto<\/strong><\/td><td><strong>Aida<\/strong><\/td><td><strong>(serata<\/strong><strong> con nuovo percorso canto)<\/strong><\/td><\/tr><tr><td><strong>gioved\u00ec<\/strong><strong> <\/strong><strong>14<\/strong><strong> <\/strong><strong>agosto<\/strong> sabato 16 agosto domenica 17 agosto <strong>gioved\u00ec<\/strong><strong> <\/strong><strong>21<\/strong><strong> <\/strong><strong>agosto<\/strong> sabato 23 agosto <strong>domenica<\/strong><strong> <\/strong><strong>24<\/strong><strong> <\/strong><strong>agosto<\/strong><\/td><td><strong>Carmen <\/strong>Nabucco Aida <strong>Nabucco <\/strong>Carmen <strong>Aida<\/strong><\/td><td><strong>(serata<\/strong><strong> con percorso multisensoriale)<\/strong> <strong>&nbsp;<\/strong> <strong>(serata<\/strong><strong> <\/strong><strong>con<\/strong><strong> <\/strong><strong>percorso<\/strong><strong> <\/strong><strong>multisensoriale)<\/strong> <strong>(serata<\/strong><strong> con percorso multisensoriale)<\/strong><\/td><\/tr><tr><td><strong>gioved\u00ec<\/strong><strong> <\/strong><strong>28<\/strong><strong> <\/strong><strong>agosto<\/strong><\/td><td><strong>Aida<\/strong><\/td><td><strong>(serata<\/strong><strong> con percorso multisensoriale)<\/strong><\/td><\/tr><tr><td><strong>venerd\u00ec<\/strong><strong> <\/strong><strong>29<\/strong><strong> <\/strong><strong>agosto<\/strong><\/td><td><strong>Carmen<\/strong><\/td><td><strong>(serata<\/strong><strong> con nuovo percorso canto)<\/strong><\/td><\/tr><tr><td><strong>mercoled\u00ec<\/strong><strong> <\/strong><strong>3<\/strong><strong> <\/strong><strong>settembre<\/strong><\/td><td><strong>Carmen<\/strong><\/td><td><strong>(serata<\/strong><strong> con percorso multisensoriale)<\/strong><\/td><\/tr><tr><td>gioved\u00ec 4 settembre venerd\u00ec 5 settembre<\/td><td>Aida Nabucco<\/td><td>&nbsp;<\/td><\/tr><\/tbody><\/table><\/figure>\n\n\n\n<p>foto<\/p>\n\n\n\n<figure class=\"wp-block-gallery has-nested-images columns-default is-cropped wp-block-gallery-1 is-layout-flex wp-block-gallery-is-layout-flex\">\n<figure class=\"wp-block-image size-large\"><a href=\"https:\/\/www.ecoitaliano.com.ar\/wp-content\/uploads\/2025\/06\/Arena-per-tutti_Fondazione-Arena_EnneviFoto_8743-scaled.jpg\"><img decoding=\"async\" width=\"1024\" height=\"707\" data-id=\"75652\" src=\"https:\/\/www.ecoitaliano.com.ar\/wp-content\/uploads\/2025\/06\/Arena-per-tutti_Fondazione-Arena_EnneviFoto_8743-1024x707.jpg\" alt=\"\" class=\"wp-image-75652\" srcset=\"https:\/\/www.ecoitaliano.com.ar\/wp-content\/uploads\/2025\/06\/Arena-per-tutti_Fondazione-Arena_EnneviFoto_8743-1024x707.jpg 1024w, https:\/\/www.ecoitaliano.com.ar\/wp-content\/uploads\/2025\/06\/Arena-per-tutti_Fondazione-Arena_EnneviFoto_8743-300x207.jpg 300w, https:\/\/www.ecoitaliano.com.ar\/wp-content\/uploads\/2025\/06\/Arena-per-tutti_Fondazione-Arena_EnneviFoto_8743-768x530.jpg 768w, https:\/\/www.ecoitaliano.com.ar\/wp-content\/uploads\/2025\/06\/Arena-per-tutti_Fondazione-Arena_EnneviFoto_8743-1536x1060.jpg 1536w, https:\/\/www.ecoitaliano.com.ar\/wp-content\/uploads\/2025\/06\/Arena-per-tutti_Fondazione-Arena_EnneviFoto_8743-2048x1413.jpg 2048w, https:\/\/www.ecoitaliano.com.ar\/wp-content\/uploads\/2025\/06\/Arena-per-tutti_Fondazione-Arena_EnneviFoto_8743-150x104.jpg 150w\" sizes=\"(max-width: 1024px) 100vw, 1024px\" \/><\/a><\/figure>\n\n\n\n<figure class=\"wp-block-image size-large\"><a href=\"https:\/\/www.ecoitaliano.com.ar\/wp-content\/uploads\/2025\/06\/Arena-per-tutti_Fondazione-Arena_EnneviFoto_8831-scaled.jpg\"><img decoding=\"async\" width=\"1024\" height=\"629\" data-id=\"75653\" src=\"https:\/\/www.ecoitaliano.com.ar\/wp-content\/uploads\/2025\/06\/Arena-per-tutti_Fondazione-Arena_EnneviFoto_8831-1024x629.jpg\" alt=\"\" class=\"wp-image-75653\" srcset=\"https:\/\/www.ecoitaliano.com.ar\/wp-content\/uploads\/2025\/06\/Arena-per-tutti_Fondazione-Arena_EnneviFoto_8831-1024x629.jpg 1024w, https:\/\/www.ecoitaliano.com.ar\/wp-content\/uploads\/2025\/06\/Arena-per-tutti_Fondazione-Arena_EnneviFoto_8831-300x184.jpg 300w, https:\/\/www.ecoitaliano.com.ar\/wp-content\/uploads\/2025\/06\/Arena-per-tutti_Fondazione-Arena_EnneviFoto_8831-768x472.jpg 768w, https:\/\/www.ecoitaliano.com.ar\/wp-content\/uploads\/2025\/06\/Arena-per-tutti_Fondazione-Arena_EnneviFoto_8831-1536x943.jpg 1536w, https:\/\/www.ecoitaliano.com.ar\/wp-content\/uploads\/2025\/06\/Arena-per-tutti_Fondazione-Arena_EnneviFoto_8831-2048x1258.jpg 2048w, https:\/\/www.ecoitaliano.com.ar\/wp-content\/uploads\/2025\/06\/Arena-per-tutti_Fondazione-Arena_EnneviFoto_8831-150x92.jpg 150w\" sizes=\"(max-width: 1024px) 100vw, 1024px\" \/><\/a><\/figure>\n\n\n\n<figure class=\"wp-block-image size-large\"><a href=\"https:\/\/www.ecoitaliano.com.ar\/wp-content\/uploads\/2025\/06\/Arena-per-tutti_Fondazione-Arena_EnneviFoto_8887-scaled.jpg\"><img decoding=\"async\" width=\"1024\" height=\"740\" data-id=\"75654\" src=\"https:\/\/www.ecoitaliano.com.ar\/wp-content\/uploads\/2025\/06\/Arena-per-tutti_Fondazione-Arena_EnneviFoto_8887-1024x740.jpg\" alt=\"\" class=\"wp-image-75654\" srcset=\"https:\/\/www.ecoitaliano.com.ar\/wp-content\/uploads\/2025\/06\/Arena-per-tutti_Fondazione-Arena_EnneviFoto_8887-1024x740.jpg 1024w, https:\/\/www.ecoitaliano.com.ar\/wp-content\/uploads\/2025\/06\/Arena-per-tutti_Fondazione-Arena_EnneviFoto_8887-300x217.jpg 300w, https:\/\/www.ecoitaliano.com.ar\/wp-content\/uploads\/2025\/06\/Arena-per-tutti_Fondazione-Arena_EnneviFoto_8887-768x555.jpg 768w, https:\/\/www.ecoitaliano.com.ar\/wp-content\/uploads\/2025\/06\/Arena-per-tutti_Fondazione-Arena_EnneviFoto_8887-1536x1110.jpg 1536w, https:\/\/www.ecoitaliano.com.ar\/wp-content\/uploads\/2025\/06\/Arena-per-tutti_Fondazione-Arena_EnneviFoto_8887-2048x1480.jpg 2048w, https:\/\/www.ecoitaliano.com.ar\/wp-content\/uploads\/2025\/06\/Arena-per-tutti_Fondazione-Arena_EnneviFoto_8887-150x108.jpg 150w\" sizes=\"(max-width: 1024px) 100vw, 1024px\" \/><\/a><\/figure>\n\n\n\n<figure class=\"wp-block-image size-large\"><a href=\"https:\/\/www.ecoitaliano.com.ar\/wp-content\/uploads\/2025\/06\/Arena-per-tutti_Fondazione-Arena_EnneviFoto_9017-scaled.jpg\"><img decoding=\"async\" width=\"1024\" height=\"683\" data-id=\"75655\" src=\"https:\/\/www.ecoitaliano.com.ar\/wp-content\/uploads\/2025\/06\/Arena-per-tutti_Fondazione-Arena_EnneviFoto_9017-1024x683.jpg\" alt=\"\" class=\"wp-image-75655\" srcset=\"https:\/\/www.ecoitaliano.com.ar\/wp-content\/uploads\/2025\/06\/Arena-per-tutti_Fondazione-Arena_EnneviFoto_9017-1024x683.jpg 1024w, https:\/\/www.ecoitaliano.com.ar\/wp-content\/uploads\/2025\/06\/Arena-per-tutti_Fondazione-Arena_EnneviFoto_9017-300x200.jpg 300w, https:\/\/www.ecoitaliano.com.ar\/wp-content\/uploads\/2025\/06\/Arena-per-tutti_Fondazione-Arena_EnneviFoto_9017-768x512.jpg 768w, https:\/\/www.ecoitaliano.com.ar\/wp-content\/uploads\/2025\/06\/Arena-per-tutti_Fondazione-Arena_EnneviFoto_9017-1536x1024.jpg 1536w, https:\/\/www.ecoitaliano.com.ar\/wp-content\/uploads\/2025\/06\/Arena-per-tutti_Fondazione-Arena_EnneviFoto_9017-2048x1365.jpg 2048w, https:\/\/www.ecoitaliano.com.ar\/wp-content\/uploads\/2025\/06\/Arena-per-tutti_Fondazione-Arena_EnneviFoto_9017-150x100.jpg 150w\" sizes=\"(max-width: 1024px) 100vw, 1024px\" \/><\/a><\/figure>\n\n\n\n<figure class=\"wp-block-image size-large\"><a href=\"https:\/\/www.ecoitaliano.com.ar\/wp-content\/uploads\/2025\/06\/Arena-per-tutti_Fondazione-Arena_EnneviFoto_9027-scaled.jpg\"><img decoding=\"async\" width=\"1024\" height=\"683\" data-id=\"75656\" src=\"https:\/\/www.ecoitaliano.com.ar\/wp-content\/uploads\/2025\/06\/Arena-per-tutti_Fondazione-Arena_EnneviFoto_9027-1024x683.jpg\" alt=\"\" class=\"wp-image-75656\" srcset=\"https:\/\/www.ecoitaliano.com.ar\/wp-content\/uploads\/2025\/06\/Arena-per-tutti_Fondazione-Arena_EnneviFoto_9027-1024x683.jpg 1024w, https:\/\/www.ecoitaliano.com.ar\/wp-content\/uploads\/2025\/06\/Arena-per-tutti_Fondazione-Arena_EnneviFoto_9027-300x200.jpg 300w, https:\/\/www.ecoitaliano.com.ar\/wp-content\/uploads\/2025\/06\/Arena-per-tutti_Fondazione-Arena_EnneviFoto_9027-768x512.jpg 768w, https:\/\/www.ecoitaliano.com.ar\/wp-content\/uploads\/2025\/06\/Arena-per-tutti_Fondazione-Arena_EnneviFoto_9027-1536x1024.jpg 1536w, https:\/\/www.ecoitaliano.com.ar\/wp-content\/uploads\/2025\/06\/Arena-per-tutti_Fondazione-Arena_EnneviFoto_9027-2048x1365.jpg 2048w, https:\/\/www.ecoitaliano.com.ar\/wp-content\/uploads\/2025\/06\/Arena-per-tutti_Fondazione-Arena_EnneviFoto_9027-150x100.jpg 150w\" sizes=\"(max-width: 1024px) 100vw, 1024px\" \/><\/a><\/figure>\n\n\n\n<figure class=\"wp-block-image size-large\"><a href=\"https:\/\/www.ecoitaliano.com.ar\/wp-content\/uploads\/2025\/06\/Arena-per-tutti_Fondazione-Arena_EnneviFoto_9042-scaled.jpg\"><img decoding=\"async\" width=\"1024\" height=\"683\" data-id=\"75657\" src=\"https:\/\/www.ecoitaliano.com.ar\/wp-content\/uploads\/2025\/06\/Arena-per-tutti_Fondazione-Arena_EnneviFoto_9042-1024x683.jpg\" alt=\"\" class=\"wp-image-75657\" srcset=\"https:\/\/www.ecoitaliano.com.ar\/wp-content\/uploads\/2025\/06\/Arena-per-tutti_Fondazione-Arena_EnneviFoto_9042-1024x683.jpg 1024w, https:\/\/www.ecoitaliano.com.ar\/wp-content\/uploads\/2025\/06\/Arena-per-tutti_Fondazione-Arena_EnneviFoto_9042-300x200.jpg 300w, https:\/\/www.ecoitaliano.com.ar\/wp-content\/uploads\/2025\/06\/Arena-per-tutti_Fondazione-Arena_EnneviFoto_9042-768x512.jpg 768w, https:\/\/www.ecoitaliano.com.ar\/wp-content\/uploads\/2025\/06\/Arena-per-tutti_Fondazione-Arena_EnneviFoto_9042-1536x1024.jpg 1536w, https:\/\/www.ecoitaliano.com.ar\/wp-content\/uploads\/2025\/06\/Arena-per-tutti_Fondazione-Arena_EnneviFoto_9042-2048x1365.jpg 2048w, https:\/\/www.ecoitaliano.com.ar\/wp-content\/uploads\/2025\/06\/Arena-per-tutti_Fondazione-Arena_EnneviFoto_9042-150x100.jpg 150w\" sizes=\"(max-width: 1024px) 100vw, 1024px\" \/><\/a><\/figure>\n\n\n\n<figure class=\"wp-block-image size-large\"><a href=\"https:\/\/www.ecoitaliano.com.ar\/wp-content\/uploads\/2025\/06\/Arena-per-tutti_Fondazione-Arena_EnneviFoto_9067.jpg\"><img decoding=\"async\" width=\"1024\" height=\"911\" data-id=\"75658\" src=\"https:\/\/www.ecoitaliano.com.ar\/wp-content\/uploads\/2025\/06\/Arena-per-tutti_Fondazione-Arena_EnneviFoto_9067-1024x911.jpg\" alt=\"\" class=\"wp-image-75658\" srcset=\"https:\/\/www.ecoitaliano.com.ar\/wp-content\/uploads\/2025\/06\/Arena-per-tutti_Fondazione-Arena_EnneviFoto_9067-1024x911.jpg 1024w, https:\/\/www.ecoitaliano.com.ar\/wp-content\/uploads\/2025\/06\/Arena-per-tutti_Fondazione-Arena_EnneviFoto_9067-300x267.jpg 300w, https:\/\/www.ecoitaliano.com.ar\/wp-content\/uploads\/2025\/06\/Arena-per-tutti_Fondazione-Arena_EnneviFoto_9067-768x684.jpg 768w, https:\/\/www.ecoitaliano.com.ar\/wp-content\/uploads\/2025\/06\/Arena-per-tutti_Fondazione-Arena_EnneviFoto_9067-1536x1367.jpg 1536w, https:\/\/www.ecoitaliano.com.ar\/wp-content\/uploads\/2025\/06\/Arena-per-tutti_Fondazione-Arena_EnneviFoto_9067-2048x1823.jpg 2048w, https:\/\/www.ecoitaliano.com.ar\/wp-content\/uploads\/2025\/06\/Arena-per-tutti_Fondazione-Arena_EnneviFoto_9067-150x134.jpg 150w\" sizes=\"(max-width: 1024px) 100vw, 1024px\" \/><\/a><\/figure>\n\n\n\n<figure class=\"wp-block-image size-large\"><a href=\"https:\/\/www.ecoitaliano.com.ar\/wp-content\/uploads\/2025\/06\/Arena-per-tutti_Fondazione-Arena_EnneviFoto_9153-scaled.jpg\"><img decoding=\"async\" width=\"752\" height=\"1024\" data-id=\"75659\" src=\"https:\/\/www.ecoitaliano.com.ar\/wp-content\/uploads\/2025\/06\/Arena-per-tutti_Fondazione-Arena_EnneviFoto_9153-752x1024.jpg\" alt=\"\" class=\"wp-image-75659\" srcset=\"https:\/\/www.ecoitaliano.com.ar\/wp-content\/uploads\/2025\/06\/Arena-per-tutti_Fondazione-Arena_EnneviFoto_9153-752x1024.jpg 752w, https:\/\/www.ecoitaliano.com.ar\/wp-content\/uploads\/2025\/06\/Arena-per-tutti_Fondazione-Arena_EnneviFoto_9153-220x300.jpg 220w, https:\/\/www.ecoitaliano.com.ar\/wp-content\/uploads\/2025\/06\/Arena-per-tutti_Fondazione-Arena_EnneviFoto_9153-768x1046.jpg 768w, https:\/\/www.ecoitaliano.com.ar\/wp-content\/uploads\/2025\/06\/Arena-per-tutti_Fondazione-Arena_EnneviFoto_9153-1128x1536.jpg 1128w, https:\/\/www.ecoitaliano.com.ar\/wp-content\/uploads\/2025\/06\/Arena-per-tutti_Fondazione-Arena_EnneviFoto_9153-1504x2048.jpg 1504w, https:\/\/www.ecoitaliano.com.ar\/wp-content\/uploads\/2025\/06\/Arena-per-tutti_Fondazione-Arena_EnneviFoto_9153-110x150.jpg 110w, https:\/\/www.ecoitaliano.com.ar\/wp-content\/uploads\/2025\/06\/Arena-per-tutti_Fondazione-Arena_EnneviFoto_9153-scaled.jpg 1880w\" sizes=\"(max-width: 752px) 100vw, 752px\" \/><\/a><\/figure>\n<\/figure>\n\n\n\n<p>video<\/p>\n\n\n\n<figure class=\"wp-block-video\"><video controls src=\"http:\/\/www.ecoitaliano.com.ar\/wp-content\/uploads\/2025\/06\/IMG_0810.mov\"><\/video><\/figure>\n\n\n\n<figure class=\"wp-block-gallery has-nested-images columns-default is-cropped wp-block-gallery-2 is-layout-flex wp-block-gallery-is-layout-flex\"><\/figure>\n","protected":false},"excerpt":{"rendered":"<p>Ufficio stampa&nbsp;&nbsp;&nbsp;&nbsp;&nbsp;&nbsp;&nbsp;&nbsp;&nbsp;&nbsp;&nbsp;&nbsp;&nbsp;&nbsp;&nbsp;&nbsp;&nbsp;&nbsp;&nbsp;&nbsp;&nbsp;&nbsp;&nbsp;&nbsp;&nbsp;&nbsp;&nbsp;&nbsp;&nbsp;&nbsp;&nbsp;&nbsp;&nbsp;&nbsp;&nbsp;&nbsp;&nbsp;&nbsp;&nbsp;&nbsp;&nbsp;&nbsp;&nbsp;&nbsp;&nbsp;&nbsp;&nbsp;&nbsp;&nbsp;&nbsp;&nbsp;&nbsp;&nbsp;&nbsp;&nbsp;&nbsp;&nbsp;&nbsp;&nbsp;&nbsp;&nbsp;&nbsp;&nbsp;&nbsp;&nbsp;&nbsp;&nbsp;&nbsp;&nbsp;&nbsp;&nbsp;&nbsp;&nbsp;&nbsp;&nbsp;&nbsp;&nbsp;&nbsp;&nbsp;&nbsp;&nbsp;&nbsp;&nbsp;&nbsp;&nbsp;&nbsp;&nbsp;&nbsp;&nbsp;&nbsp;&nbsp;&nbsp;&nbsp;&nbsp;&nbsp;&nbsp;&nbsp;&nbsp;&nbsp;&nbsp;&nbsp;&nbsp;&nbsp;&nbsp;&nbsp;&nbsp;&nbsp;&nbsp;&nbsp;&nbsp;&nbsp; &nbsp;&nbsp;&nbsp;&nbsp;&nbsp;&nbsp;&nbsp;&nbsp;&nbsp;&nbsp; 28\/06\/2025 ARENA PER TUTTI 2025. INAUGURATA OGGI LA TERZA EDIZIONE CRESCE IL PROGETTO DI ACCESSIBILIT\u00c0 PI\u00d9 GRANDE [&hellip;]<\/p>\n","protected":false},"author":1,"featured_media":0,"comment_status":"open","ping_status":"open","sticky":false,"template":"","format":"standard","meta":{"footnotes":""},"categories":[1],"tags":[],"class_list":["post-75641","post","type-post","status-publish","format-standard","hentry","category-sin-categoria"],"_links":{"self":[{"href":"https:\/\/www.ecoitaliano.com.ar\/index.php?rest_route=\/wp\/v2\/posts\/75641","targetHints":{"allow":["GET"]}}],"collection":[{"href":"https:\/\/www.ecoitaliano.com.ar\/index.php?rest_route=\/wp\/v2\/posts"}],"about":[{"href":"https:\/\/www.ecoitaliano.com.ar\/index.php?rest_route=\/wp\/v2\/types\/post"}],"author":[{"embeddable":true,"href":"https:\/\/www.ecoitaliano.com.ar\/index.php?rest_route=\/wp\/v2\/users\/1"}],"replies":[{"embeddable":true,"href":"https:\/\/www.ecoitaliano.com.ar\/index.php?rest_route=%2Fwp%2Fv2%2Fcomments&post=75641"}],"version-history":[{"count":3,"href":"https:\/\/www.ecoitaliano.com.ar\/index.php?rest_route=\/wp\/v2\/posts\/75641\/revisions"}],"predecessor-version":[{"id":75678,"href":"https:\/\/www.ecoitaliano.com.ar\/index.php?rest_route=\/wp\/v2\/posts\/75641\/revisions\/75678"}],"wp:attachment":[{"href":"https:\/\/www.ecoitaliano.com.ar\/index.php?rest_route=%2Fwp%2Fv2%2Fmedia&parent=75641"}],"wp:term":[{"taxonomy":"category","embeddable":true,"href":"https:\/\/www.ecoitaliano.com.ar\/index.php?rest_route=%2Fwp%2Fv2%2Fcategories&post=75641"},{"taxonomy":"post_tag","embeddable":true,"href":"https:\/\/www.ecoitaliano.com.ar\/index.php?rest_route=%2Fwp%2Fv2%2Ftags&post=75641"}],"curies":[{"name":"wp","href":"https:\/\/api.w.org\/{rel}","templated":true}]}}