{"id":75679,"date":"2025-06-29T16:17:21","date_gmt":"2025-06-29T16:17:21","guid":{"rendered":"https:\/\/www.ecoitaliano.com.ar\/?p=75679"},"modified":"2025-06-29T16:17:21","modified_gmt":"2025-06-29T16:17:21","slug":"serena-conduce-operaclassica-eco-italiano-4469","status":"publish","type":"post","link":"https:\/\/www.ecoitaliano.com.ar\/?p=75679","title":{"rendered":"Serena conduce operaclassica eco italiano"},"content":{"rendered":"<div class=\"wp-block-image\">\n<figure class=\"aligncenter size-full\"><a href=\"https:\/\/www.ecoitaliano.com.ar\/wp-content\/uploads\/2025\/06\/image-51.png\"><img decoding=\"async\" width=\"300\" height=\"97\" src=\"https:\/\/www.ecoitaliano.com.ar\/wp-content\/uploads\/2025\/06\/image-51.png\" alt=\"\" class=\"wp-image-75680\" srcset=\"https:\/\/www.ecoitaliano.com.ar\/wp-content\/uploads\/2025\/06\/image-51.png 300w, https:\/\/www.ecoitaliano.com.ar\/wp-content\/uploads\/2025\/06\/image-51-150x49.png 150w\" sizes=\"(max-width: 300px) 100vw, 300px\" \/><\/a><\/figure><\/div>\n\n\n<figure class=\"wp-block-table\"><table><tbody><tr><td><strong>COMUNICATO STAMPA<\/strong>\u00a0<strong>LE PAROLE DI VITO MANCUSO E I MADRIGALI DI ORLANDO DI LASSOPER L\u2019APERTURA DEL CARACALLA FESTIVAL\u00a0Domenica 29 giugno alla Basilica di Massenzio,con l\u2019ensemble di\u00a0madrigalisti \u2018Errar Cantando\u2019\u00a0<\/strong>\u00ab<em>Non c\u2019\u00e8 nulla di pi\u00f9 importante della gioia interiore, di quella armonia di s\u00e9 con s\u00e9 che consente di affrontare ogni situazione senza soccombere, anche le pi\u00f9 noiose, anche le pi\u00f9 tragiche, perch\u00e9 il soggetto dimora in una fortezza interiore (\u201cacropoli\u201d, la chiamava Marco Aurelio) che nulla e nessuno pu\u00f2 conquistare e in cui si \u00e8 sempre al sicuro. In questo consiste la meta del lavoro su di s\u00e9, secondo la testimonianza unanime delle grandi tradizioni religiose e filosofiche dell\u2019umanit\u00e0<\/em>\u00bb. Sono le parole di Vito Mancuso, teologo laico, filosofo e comunicatore. A lui \u00e8 affidata l\u2019apertura del Caracalla Festival 2025 \u201cTra sacro e umano\u201d, ideato da Damiano Michieletto per il Teatro dell\u2019Opera di Roma, che si tiene alla Basilica di Massenzio domenica 29 giugno (ore 21), giorno dei SS. Pietro e Paolo, festa patronale della Citt\u00e0 di Roma. Nella sua conferenza, Mancuso offre un percorso di riflessione in cui trovare spunti per rispondere, in maniera strettamente personale, a domande quali: come si definisce la gioia interiore? Come si raggiunge? A quali condizioni? Rinunciando a che cosa, perseguendo che cosa?La serata, intitolata \u201cLa gioia interiore\u201d, alterna riflessione spirituale e musica in segno di accoglienza e dialogo nei confronti dei pellegrini e del Giubileo, si completa con l\u2019esecuzione di otto brani tratti dal pi\u00f9 celebre ciclo di madrigali spirituali mai scritto:\u00a0<em>Lagrime di San Pietro<\/em>, ultima opera di Orlando di Lasso, dedicata a Papa Clemente VIII. Testamento del compositore, \u00e8 una summa dello stile di tutta la sua carriera. Terminata nel 1594, poche settimane prima della sua morte, \u00e8 stata pubblicata postuma (1959) da Adam Berg a Monaco. \u00c8 considerata una delle pi\u00f9 alte vette della polifonia del Rinascimento. \u00c8 composta da venti madrigali a sette voci, su versi di Luigi Tansillo, e dal mottetto latino\u00a0<em>Vide Homo<\/em>\u00a0(anche questo nel programma della serata), su un tema, quello delle lagrime, molto diffuso nel tardo cinquecento, anche in letteratura e pittura. La musica rende con chiarezza il centro tematico del testo: lo sguardo di Cristo, il dolore iscritto nella sua vicenda umana, il pianto amaro di Pietro che si pente per averlo tradito e rinnegato. I brani sono interpretati dall\u2019ensemble vocale romano di madrigalisti \u2018Errar Cantando\u2019, nato con l\u2019obiettivo di far conoscere e promuovere il repertorio vocale del XVI e XVII secolo. Gli interventi in live electronics sono del compositore Vittorio Montalti.\u00a0Vito Mancuso ha insegnato all\u2019Universit\u00e0 Vita-Salute San Raffaele di Milano e all\u2019Universit\u00e0 di Padova. Attualmente \u00e8 docente del master in Meditazione e Neuroscienze dell\u2019Universit\u00e0 di Udine. Al MAst di Bologna ha fondato e dirige il \u00abLaboratorio di Etica\u00bb. \u00c8 autore di saggi che hanno suscitato notevole attenzione da parte del pubblico su argomenti quali la filosofia di Kant e di Hegel, le malattie e il dolore, la fede, la natura di Dio, l\u2019anima e la vita eterna, l\u2019autenticit\u00e0, l\u2019amore, la libert\u00e0, l\u2019etica e le virt\u00f9 cardinali, il coraggio, la paura, il senso della vita. Sul suo pensiero, definito come \u00abfilosofia della relazione\u00bb, \u00e8 uscita in Germania la monografia \u2018Essentials of Catholic Radicalism. An Introduction to the Lay Theology of Vito Mancuso\u2019.\u00a0Il fiammingo Orlando di Lasso (Mons 1532 \u2013 Monaco di Baviera 1594) ha italianizzato il proprio nome in virt\u00f9 del lungo periodo trascorso in Italia. Considerato uno dei massimi compositori di musica polifonica del Rinascimento, \u00e8 anche tra i pi\u00f9 prolifici della storia della musica e artista dalla stupefacente versatilit\u00e0 espressiva. Ha scritto mottetti sacri e profani, madrigali, chansons, lieder, messe, magnificat, passioni, inni, lezioni, lamentazioni, offizi, nunc dimittis, salmi penitenziali, profetiae. Intorno al 1580 inizia a produrre l\u2019ultimo terzo della sua opera immane, coronata dal passaggio al madrigale spirituale e dominato dagli effetti del Concilio di Trento, dalla religiosit\u00e0 del duca Guglielmo, che in quell\u2019anno aveva assunto il potere, e dalla propria depressione.\u00a0<strong>Info:\u00a0<a href=\"https:\/\/fondazioneteatrodelloperadirom.musvc2.net\/e\/tr?q=8%3dNcBcL%26F%3d4%26I%3dKZ8X%267%3dU6dNbA%26P%3dzNvKA_LSxh_WC_MiwR_WX_LSxh_VHREQ.qKwLcM7Gc.DB_LSxh_VH%269%3d5OuQuV.p0B%26Cu%3daQZ0%26OA%3dVBWMd8WPU6s5cBXMY7%26C%3dwVA9safbsc3ZxW5ew80Ata5Xuc46xbh0Pd5VQ8A7RVdaP679MV7ZPchaQ9fZRb88&amp;mupckp=mupAtu4m8OiX0wt\" target=\"_blank\" rel=\"noreferrer noopener\">https:\/\/www.operaroma.it\/<\/a>Biglietti:\u00a0<a href=\"https:\/\/fondazioneteatrodelloperadirom.musvc2.net\/e\/tr?q=4%3d6bDY4%26E%3d6%26E%3d3Y0T%26o%3dT8Z6aC%26L%3dhMxGs_KUtP_VE_IQvT_SF_KUtP_UJNwP.sGeKeIoFe.0t_KUtP_UJJp8xKa6sCi_KUtP_UJCa-0mFi4-mEt8v0oKi_IQvT_SF%267%3dqLsOgS.n8x%260s%3dYCW8%26Mw%3dS0U9a6UBR0V9V5%26A%3d5R7aCVcU8W1XBZ49572bDU3agXf4fU14DY5a8X7bh2fU76dW522a4efb6555jT06jW8X&amp;mupckp=mupAtu4m8OiX0wt\" target=\"_blank\" rel=\"noreferrer noopener\">https:\/\/www.operaroma.it\/spettacoli\/la-gioia-interiore\/\u00a0<\/a><\/strong>\u00a0e al Botteghino dell\u2019Opera di Roma.<br><strong>Cosimo Manicone<\/strong>ufficio stampa<a href=\"mailto:cosimo.manicone@operaroma.it\" target=\"_blank\" rel=\"noreferrer noopener\">cosimo.manicone@operaroma.it<\/a><strong>\u00a0Paolo Cairoli<\/strong>direttore della comunicazione<a href=\"mailto:paolo.cairoli@operaroma.it\" target=\"_blank\" rel=\"noreferrer noopener\">paolo.cairoli@operaroma.it<\/a>\u00a0\u00a0<strong>VOLTI DEL POTERE &#8211; STAGIONE 2024\/2025 DEL TEATRO DELL\u2019OPERA DI ROMA<\/strong>\u00a0<strong><em>La gioia interiore\u00a0<\/em><\/strong>Evento speciale in occasione dell\u2019inaugurazione del Festival nell\u2019anno del Giubileo<strong><em>\u00a0\u00a0<\/em>CONFERENZA DI VITO MANCUSO\u00a0<em>LAGRIME DI SAN PIETRO<\/em><\/strong>Madrigali spirituali a 7 vocidi\u00a0<strong>Orlando di Lasso<\/strong>Ensemble\u00a0<strong>\u2018Errar Cantando\u2019<\/strong>Interventi in live electronics di\u00a0<strong>Vittorio Montalti<\/strong>\u00a0\u00a0Luci\u00a0<strong>Stefano La Selva<\/strong>\u00a0\u00a0<strong>BASILICA DI MASSENZIO<\/strong>domenica 29 giugno, ore 21\u00a0\u00a0<\/td><\/tr><\/tbody><\/table><\/figure>\n\n\n\n<figure class=\"wp-block-table\"><table><tbody><tr><td><img decoding=\"async\" src=\"https:\/\/fondazioneteatrodelloperadirom.img.musvc2.net\/static\/69084\/images\/2\/51111a50cb0b42a6bcd886505ddbf941.jpg\" width=\"300\" alt=\"Image\" height=\"auto\"><\/td><\/tr><\/tbody><\/table><\/figure>\n","protected":false},"excerpt":{"rendered":"<p>COMUNICATO STAMPA\u00a0LE PAROLE DI VITO MANCUSO E I MADRIGALI DI ORLANDO DI LASSOPER L\u2019APERTURA DEL CARACALLA FESTIVAL\u00a0Domenica 29 giugno alla [&hellip;]<\/p>\n","protected":false},"author":1,"featured_media":0,"comment_status":"open","ping_status":"open","sticky":false,"template":"","format":"standard","meta":{"footnotes":""},"categories":[1],"tags":[],"class_list":["post-75679","post","type-post","status-publish","format-standard","hentry","category-sin-categoria"],"_links":{"self":[{"href":"https:\/\/www.ecoitaliano.com.ar\/index.php?rest_route=\/wp\/v2\/posts\/75679","targetHints":{"allow":["GET"]}}],"collection":[{"href":"https:\/\/www.ecoitaliano.com.ar\/index.php?rest_route=\/wp\/v2\/posts"}],"about":[{"href":"https:\/\/www.ecoitaliano.com.ar\/index.php?rest_route=\/wp\/v2\/types\/post"}],"author":[{"embeddable":true,"href":"https:\/\/www.ecoitaliano.com.ar\/index.php?rest_route=\/wp\/v2\/users\/1"}],"replies":[{"embeddable":true,"href":"https:\/\/www.ecoitaliano.com.ar\/index.php?rest_route=%2Fwp%2Fv2%2Fcomments&post=75679"}],"version-history":[{"count":1,"href":"https:\/\/www.ecoitaliano.com.ar\/index.php?rest_route=\/wp\/v2\/posts\/75679\/revisions"}],"predecessor-version":[{"id":75681,"href":"https:\/\/www.ecoitaliano.com.ar\/index.php?rest_route=\/wp\/v2\/posts\/75679\/revisions\/75681"}],"wp:attachment":[{"href":"https:\/\/www.ecoitaliano.com.ar\/index.php?rest_route=%2Fwp%2Fv2%2Fmedia&parent=75679"}],"wp:term":[{"taxonomy":"category","embeddable":true,"href":"https:\/\/www.ecoitaliano.com.ar\/index.php?rest_route=%2Fwp%2Fv2%2Fcategories&post=75679"},{"taxonomy":"post_tag","embeddable":true,"href":"https:\/\/www.ecoitaliano.com.ar\/index.php?rest_route=%2Fwp%2Fv2%2Ftags&post=75679"}],"curies":[{"name":"wp","href":"https:\/\/api.w.org\/{rel}","templated":true}]}}