{"id":76130,"date":"2025-07-07T16:29:20","date_gmt":"2025-07-07T16:29:20","guid":{"rendered":"https:\/\/www.ecoitaliano.com.ar\/?p=76130"},"modified":"2025-07-07T16:29:38","modified_gmt":"2025-07-07T16:29:38","slug":"parabiago-strategie-per-la-citta","status":"publish","type":"post","link":"https:\/\/www.ecoitaliano.com.ar\/?p=76130","title":{"rendered":"Parabiago: strategie per la citt\u00e0"},"content":{"rendered":"\n<figure class=\"wp-block-table\"><table><tbody><tr><td>\u200aD A P&nbsp;s &nbsp;t &nbsp;u &nbsp;d &nbsp;i &nbsp;o\u200aLa newsletter di DAP studio &nbsp;#2. 2025\u200a<strong>Parabiago: strategie per la citt\u00e0<br><\/strong><img decoding=\"async\" src=\"https:\/\/ci3.googleusercontent.com\/meips\/ADKq_NYk3F8v9YOOyTlG4a7m6eHoahlwyolBJa8gtwxPNxDGSfRWAkUsqiFlHHGIAWAGh-FZkHZ1I8NwXJJHqWm39IXPJzk5KtcBO_pMiOUL_C-Nb_WNFWN7hPj0yA24tpcQnqJ15J-Vw12RD9uKSngenMzOc64gpM9TYhI3wQPfkA=s0-d-e1-ft#https:\/\/customer49009.img.musvc3.net\/static\/49009\/images\/4\/Screenshot%202025-07-05%20alle%2013.19.29.png\" width=\"590\" alt=\"\" height=\"auto\">Il lavoro di DAP studio in questi anni si \u00e8 concentrato sulla<strong>&nbsp;citt\u00e0 pubblica,&nbsp;<\/strong>come raccontato nella prima&nbsp;<a href=\"https:\/\/customer49009.musvc3.net\/e\/tr?q=5%3dJeBbO%26H%3d6%26F%3dGf0T%265%3dd4TOa%26w%3d00PrK_8wUr_Ig_tsiv_4h_8wUr_HlfaDfk.737kD9L.eG3_NSuf_XH8_8wUr_HltF2.7uHD_NSuf_XH_JgyR_UVEnD_8wUr_Ij1QFWyWu_NSuf_YCD4_NSuf_YFOJ7n3_8wUr_Ij5P0Z_tsiv_4XD_NSuf_YFHB_NSuf_X89O_NSuf_YC7_8wUr_IjhG_8wUr_HbkC_8wUr_Hb_1_JgyR_TLT_tsiv_5f6L_tsiv_4X0Yc9O_NSuf_YC7O_NSuf_YC0qZe-D_8wUr_Ij1QD_tEnc%2603q7c%3doM9ReU.4Av%26A9%3dWBUMf%26vK%3dHf4WPcBYGb4UKe%26j%3dTsWAarY3SJW6bLXeVt06WIfAbMBgYsa9WsbBYuBc6sce3Kc4TH83ataeZG76av00&amp;mupckp=mupAtu4m8OiX0wt\" rel=\"noreferrer noopener\" target=\"_blank\">newsletter<\/a>&nbsp;pubblicata, intendendo con essa tutti quegli spazi e infrastrutture che sono a disposizione della collettivit\u00e0 e che contribuiscono a definire l&#8217;identit\u00e0 di un luogo. Progettare la citt\u00e0 pubblica significa intervenire sul tessuto urbano per migliorarne la vivibilit\u00e0, la fruibilit\u00e0 e la capacit\u00e0 di generare connessioni sociali e culturali. La collaborazione con l&#8217;<strong>Amministrazione Comunale di Parabiago (MI)<\/strong>&nbsp;si \u00e8 focalizzata proprio su questi aspetti, dalla definizione di strategie di sviluppo all&#8217;ottenimento di finanziamenti cruciali, come quelli del PNRR, per trasformare idee in interventi concreti.\u200a<strong>Progetti<\/strong>\u200a<strong>Polo culturale ex Rede<\/strong><img decoding=\"async\" src=\"https:\/\/ci3.googleusercontent.com\/meips\/ADKq_NZ9AeiRBC56p1ZZ0tB6LQwlfMLbdoRrh7vBkuw2Mi2Q0LMbBZzBAMKuL9r6dx0Wt2yZQkKLYeItDB8SHN0sPqUnpou9BqihlOJs2k3cjioOW3wXBWMZLYF9=s0-d-e1-ft#https:\/\/customer49009.img.musvc3.net\/static\/49009\/images\/4\/1(2).jpg\" width=\"600\" alt=\"\" height=\"auto\">\u00c8 attualmente in avanzata fase di cantiere il primo lotto del progetto di DAP Studio per la&nbsp;<strong>trasformazione dell&#8217;edificio industriale a ponte in un&#8217;area dismessa del Calzificio Rede<\/strong>&nbsp;in un nuovo polo civico multifunzionale. L&#8217;intervento \u00e8 il&nbsp;<strong>fulcro di una pi\u00f9 ampia riqualificazione urbana<\/strong>&nbsp;di circa 34.000 mq che vedr\u00e0 nascere un nuovo quartiere.<br>Questa prima fase, finanziata dal PNRR (programma PINQUA), ospiter\u00e0 la nuova Biblioteca Civica, spazi di aggregazione per i giovani e la sede della Casa di Comunit\u00e0 ATS.<br>Il progetto&nbsp;<strong>mantiene l&#8217;iconico edificio a ponte<\/strong>, simbolo del passato manifatturiero, e lo trasforma in un landmark contemporaneo. La memoria industriale viene recuperata tramite il ripristino del rivestimento in klinker, mentre la nuova identit\u00e0 \u00e8 affidata a volumi sovrapposti in copertura in lamiera forata bianca.<br>L&#8217;edificio diventa cos\u00ec un<strong>&nbsp;hub flessibile e una \u00abporta di ingresso\u00bb<\/strong>&nbsp;tra la citt\u00e0 consolidata e quella in espansione, con un piano terra permeabile che integra gli spazi interni con quelli pubblici esterni.<a href=\"https:\/\/customer49009.musvc3.net\/e\/tr?q=0%3d0cVgE%26F%3dP%26K%3d7dTY%26u%3dbNYEY%26G%3dEzNBP_xuow_9e_DxYt_Nm_xuow_8jIT3.8wMyNGAoI.yLs_LmzV_VbPoN1_OWwl_YLC0Po81_OWwl_YLJDLm9FQu_LmzV_VbM7WR%26A%3dsOESiW.0Bz%26CE%3dXFWSg%26zM%3dNg8YVdFaMc8WQf%26n%3dWz909z0lUS00UybD9UC95RfF0SAlaOXjaNYFYUc77R0lYU08g5wjbQfi5RZkUTZB8Tg0&amp;mupckp=mupAtu4m8OiX0wt\" rel=\"noreferrer noopener\" target=\"_blank\">approfondisci &gt;&gt;<\/a><br>\u200a<strong>Un sistema di piazze per la citt\u00e0<\/strong>DAP Studio sta sviluppando una strategia unitaria per riqualificare il centro di Parabiago, con l&#8217;obiettivo di connettere i nodi urbani attraverso un nuovo sistema di piazze. Il percorso si avvia con due progetti specifici: la<strong>&nbsp;piazza di accesso al nuovo Centro Culturale<\/strong>, su incarico privato, e la&nbsp;<strong>riqualificazione di Piazza Maggiolini&nbsp;<\/strong>per il Comune di Parabiago.&nbsp;<img decoding=\"async\" src=\"https:\/\/ci3.googleusercontent.com\/meips\/ADKq_NZIbcCJmDPAVvqBFTyUp0Q-ZHU69V50gystu23pjkI66_obA2kc70k-NaOG_TowMrAxjHsyYyuiv6vSUT6uN8KJMKycrhsVAezsWxMqyKIP2H2hlljaPDRLqjM1AUowybGiLm1lnA6rKzHk8T_B0SYd8Qwl2a9HWh7pz4MyzA=s0-d-e1-ft#https:\/\/customer49009.img.musvc3.net\/static\/49009\/images\/4\/Screenshot%202025-07-05%20alle%2013.25.21.png\" width=\"600\" alt=\"\" height=\"auto\">Progettata come ingresso al nuovo Centro Culturale, la piazza&nbsp;<strong>connette il centro storico al nuovo polo urbano dell&#8217;ex area Rede<\/strong>, rafforzando i percorsi verso la stazione e le piste ciclopedonali. Il disegno definisce i nuovi fronti urbani: un viale alberato segna l&#8217;ingresso principale, mentre un&#8217;area verde con giochi chiude il lato nord. L&#8217;accesso avviene da una&nbsp;<strong>rampa-scalinata<\/strong>&nbsp;in cemento bianco che porta al livello principale, concepito come un \u00abtappeto\u00bb flessibile con pavimentazioni diverse e sedute. Al piano inferiore, due patii ribassati e una gradonata creano un&#8217;arena per eventi all&#8217;aperto, in continuit\u00e0 con gli spazi del centro.<img decoding=\"async\" src=\"https:\/\/ci3.googleusercontent.com\/meips\/ADKq_NYSeLtWinLsmPEbgTzKeXIhLo-qjflXCHiff0yslD9O6Bl5RerdelpNj5whvIWvjYhFHmJP3R3Uj1PjsL66mJT41ES2U0QNTr8-MIxojx5w547PWOsb=s0-d-e1-ft#https:\/\/customer49009.img.musvc3.net\/static\/49009\/images\/4\/B.JPG\" width=\"600\" alt=\"\" height=\"auto\">Il progetto per&nbsp;<strong>Piazza Maggiolini<\/strong>&nbsp;riorganizza il cuore storico di Parabiago, limitando il traffico per valorizzare lo spazio pedonale. L&#8217;intervento ridefinisce il sagrato della chiesa con una&nbsp;<strong>pavimentazione continua in porfido, una gradonata e un nuovo portico&nbsp;<\/strong>per piccoli eventi. Attorno, una fascia alberata su suolo in calcestre crea zone d&#8217;ombra e spazi flessibili. Il nuovo disegno del suolo, a un&#8217;unica quota, integra discretamente i parcheggi, rallenta i flussi veicolari e supporta la mobilit\u00e0 dolce con punti di ricarica per e-bike.<a href=\"https:\/\/customer49009.musvc3.net\/e\/tr?q=3%3dGcIZL%26F%3dC%26D%3dDdGR%262%3dbARLY%264%3d87NyI_5ubp_Fe_1qft_Af_5ubp_Ej6M0.8jF6N44vI.lEz_LZsc_VOIvNn_HdwY_RSCwIv8n_HdwY_RSHnM6_LZsc_VODEd0X%26q%3dG4I97B.DrN%26rI%3dDdBWM%26N2%3dRMVDZJdFQIVBUL%26B%3dGVI9kUFZIXI0C5GaCXKcB3LWoTE7mTGWjSGWBWI60RHa04qZ031n5jpZl6KWjYF5FUrd&amp;mupckp=mupAtu4m8OiX0wt\" rel=\"noreferrer noopener\" target=\"_blank\">approfondisci &gt;&gt;<\/a><br>\u200a<strong>Looking back<\/strong>\u200a<strong>Scuola primaria Travaini, Parabiago<\/strong><img decoding=\"async\" src=\"https:\/\/ci3.googleusercontent.com\/meips\/ADKq_NZC_LJcYqTTHtaVXwSgWfdrN7g_MCb5m__BcOUbbJQgMRDu11pGAGqVMN5sisDKYOH2uieev_tuLqjNOtvRIj--qCmx0rZn2TZKa6QGBwepOdw3ibThnhQ-GNuDDcHZjns9wPTBZv965ZqMlmnDxl16d7n65Q-gFFk5RVQ7jA=s0-d-e1-ft#https:\/\/customer49009.img.musvc3.net\/static\/49009\/images\/4\/Screenshot%202025-07-05%20alle%2014.29.57.png\" width=\"280\" alt=\"\" height=\"auto\">Tra il 2021 e il 2022 DAP studio ha curato il&nbsp;<strong>progetto preliminare&nbsp;<\/strong>per la nuova scuola Travaini, selezionato per il finanziamento PNRR. L&#8217;approfondimento esecutivo \u00e8 stato affidato a un altro studio e il cantiere \u00e8 in corso.<br>Il volume, su due livelli, si affaccia su una piazza d&#8217;ingresso e si connette al verde circostante con un giardino per la didattica all&#8217;aperto. All&#8217;interno, l&#8217;edificio si sviluppa attorno a un patio centrale, una \u00abstanza a cielo aperto\u00bb che illumina gli ambienti.<br>L&#8217;atrio \u00e8 concepito come una&nbsp;<strong>piazza pubblica coperta<\/strong>&nbsp;che collega palestra, mensa e biblioteca. Questi spazi, accessibili ai cittadini fuori dall&#8217;orario scolastico, rafforzano il ruolo della scuola come nuovo polo per l&#8217;intera comunit\u00e0.<a href=\"https:\/\/customer49009.musvc3.net\/e\/tr?q=0%3dGcNgL%26F%3dH%26K%3dDdLY%262%3dbFYLY%269%3dE7N4P_5ugw_Fe_6xft_Fm_5ugw_EjAT0.8oM6N9AvI.qLz_Lezc_VTPvNs_Odwd_YSC2Pv8s_Odwd_YSJ6Lt98Q2_Lezc_VTMDXF%26A%3dzO7SpW.2B7%26C7%3dXMWKg%267M%3dFgEYNdMaEcEWIf%26u%3d7G0E8KZEULdGcKdJWpAndK9KcrXqZN0LbtXqcpCLbtCpdJg8n5oMWsBH8MgG0sgDXJ8n&amp;mupckp=mupAtu4m8OiX0wt\" rel=\"noreferrer noopener\" target=\"_blank\">approfondisci &gt;&gt;<\/a><br>\u200a<strong>Concorsi e premi<\/strong>\u200a<strong>Premio Rigenera 2025<\/strong><img decoding=\"async\" src=\"https:\/\/ci3.googleusercontent.com\/meips\/ADKq_Na4dS9fzDG46iJnZKUiNJjw4C1n3CLzJHG9HDCGnm5U2kOJY3pwutzvvDR72Y8pGzRJir5Eiq_rQ7O-qVR5e3dGbPi8iHxwUMlMHOYnOY7fOEDxfDSfNxwpQoVY5clwYNs=s0-d-e1-ft#https:\/\/customer49009.img.musvc3.net\/static\/49009\/images\/4\/2022.0de1cb4.jpg\" width=\"280\" alt=\"\" height=\"auto\">Il progetto di DAP studio per la&nbsp;<strong>Biblioteca Civica di Mezzolombardo<\/strong>&nbsp;\u00e8 tra i 10 finalisti nazionali della seconda edizione del Premio Rigenera 2025, promosso dalla&nbsp;<strong>Fondazione degli Architetti, Pianificatori, Paesaggisti e Conservatori di Reggio Emilia<\/strong>.&nbsp;<br>Obiettivo del premio \u00e8 valorizzare interventi che partono dall&#8217;esistente per \u00abriparare\u00bb il tessuto urbano, migliorando la qualit\u00e0 della vita e rafforzando l&#8217;identit\u00e0 dei luoghi.<br>La giuria, presieduta da&nbsp;<strong>Michaela Wolf<\/strong>, ha scelto il progetto proprio per la sua capacit\u00e0 di interpretare l&#8217;architettura come&nbsp;<strong>strumento di valorizzazione del patrimonio e di creazione di valore per la comunit\u00e0<\/strong>.<a href=\"https:\/\/customer49009.musvc3.net\/e\/tr?q=6%3d6aHcA%26D%3dB%26G%3d3bFU%26q%3dZ0UAW%263%3dAvLxL_tsas_5c_ztUr_0i_tsas_4h5Py.Jq0gFmKcJm0iAw8oAtBc.A2_KSuX_UHA-18n78BqFiMk-6mE-rJmFkG-iKe0qMgL2Nt3-zBi7v8t3-qB-g6qSkGv8_tsas_4h%26l%3dFwK465.FmM%26kK%3d9c5YH%26Mu%3dTHU7bEc9SDU5WG%26A%3d7bDZ7Z9W0Ylc74C7A4c3i4n9dW986a0c4UnVB6kb93mVA4F6f5nWhYnTAW0b6Xm97Tm5&amp;mupckp=mupAtu4m8OiX0wt\" rel=\"noreferrer noopener\" target=\"_blank\">approfondisci &gt;&gt;<\/a><br>\u200a<strong>Appuntamenti<\/strong>\u200a<strong>Architetture Divergenti a Barone Canavese&nbsp;<\/strong>A fine maggio DAP Studio ha partecipato all&#8217;iniziativa organizzata da IN\/Arch Piemonte nella cornice del castello barocco di Barone Canavese. Lo studio \u00e8 stato uno degli otto partecipanti assieme a Luciano Pia, Marco Rietti, B22, Peluffo&amp;Partners, Balance Architettura, Antonio Ravalli e Vulcanica architettura, selezionati da un comitato di advisor ( tra cui Sonia Calzoni, Davide Derossi, Franco Lattes, Carlo De Luca,, Giovanni Corbellini, Vincenzo Latina, Filippo Lambertucci e Stefano Pujatti) per un confronto su approcci, linguaggi e responsabilit\u00e0 del progetto contemporaneo.<br>Il contributo di DAP Studio, focalizzato sull&#8217;intervento di Mezzolombardo, ha portato alla discussione temi chiave della propria ricerca progettuale: il restauro come atto critico, l&#8217;innesto in contesti storici e la trasformazione del patrimonio edilizio esistente.\u200a<strong>Rassegna stampa<\/strong>\u200a<a href=\"https:\/\/customer49009.musvc3.net\/e\/tr?q=7%3dQfTdV%26I%3dN%26H%3dNgRV%26B%3deLVVb%26E%3dBGQ0M_Exmt_Ph_Bupw_Lj_Exmt_OmGQJ.8BNEFvOAB.wI0_Okwm_YZJEL19GQuT6L89_Exmt_OmLdOb_Bupw_LjWa_Bupw_Lj6KD9ES3MG8-yF2Ku-Mx0wI-180-MGRxCB_Okwm_YZ%268%3d0RCPzZ.89G%26FC%3dUWZQd%26GP%3dLdObTaWdKZOZOc%265%3d0va2dOV105x8uQWRcM8NCTW2XQ8xBT5xXO7ycLaWcKcxcw7QXx8VXz7VaOUN8xbPYS53&amp;mupckp=mupAtu4m8OiX0wt\" rel=\"noreferrer noopener\" target=\"_blank\">Progettare nell\u2019esistente. Parla l\u2019architetta Elena Sacco di DAP studio&nbsp;<\/a>di Valentina Silvestrini,&nbsp;<strong>Artribune<\/strong>, aprile 2025: Non contenitori, ma motori di comunit\u00e0, questa \u00e8 la filosofia di DAP Studio raccontata da Elena Sacco in questa intervista: rigenerare edifici dimenticati \u2013 da caserme a opifici \u2013 per trasformarli in poli culturali vivi. Innesti architettonici contemporanei ne svelano la nuova anima pubblica, concependo i nuovi poli civici come piazze urbane che creano relazione e rafforzano il senso di comunit\u00e0.\u200aElena Sacco e Paolo Danelli fondano DAP studio a Milano nel 1992. DAP studio progetta edifici e spazi per abitare, per lavorare e per la cultura oltre a occuparsi di progettazione urbana e ambientale. I committenti sono pubblici e privati, fondi e societ\u00e0 immobiliari. Dalla progettazione dell&#8217;ambiente alla cura artigianale per il dettaglio, DAP studio lavora per la definizione di un&#8217;architettura attenta ai bisogni di chi la vive, in grado di ispirare le persone e di trasformare le comunit\u00e0. &nbsp;Tutti i lavori nascono da un ascolto del contesto e ne scaturiscono come elemento catalizzatore e rigeneratore.&nbsp;&nbsp;\u200aNewsletter a cura di&nbsp;<a href=\"https:\/\/customer49009.musvc3.net\/e\/tr?q=0%3dAZEgF%26C%3d9%26K%3d8aCY%26v%3dY7YFV%26z%3dE1KuP_yrXw_0b_wxZq_7m_yrXw_9g2T4.4tJ2En0hIhE.pK%26i%3dJ2J100.EjQ%26pJ%3d6g0XE%26Qz%3dSEYBaBgDRAY0VD%268h2fE%3dkTEcj2EZFTgB06EdFUCYhTfBB59d92E8B3Cela0XFUfCh37eAXiglVDBkRDZFRDA&amp;mupckp=mupAtu4m8OiX0wt\" rel=\"noreferrer noopener\" target=\"_blank\">comunicArch comunicare l&#8217;Architettur<\/a><a href=\"https:\/\/customer49009.musvc3.net\/e\/tr?q=0%3dIcTgN%26F%3dN%26K%3dFdRY%264%3dbLYNY%26E%3dE9N0P_7umw_He_Bxht_Lm_7umw_GjGTB.79J0H30pLwE.xN%26x%3dJ0MF0H.HyQ%26xM%3dKgHaT%26Q8%3dVTYJdQgLUPYHYS%268p5uE%3dsWTcr5TZNWvBH9TdNXRYpWuBJ8NdG5T8J6RetdOXNXuCp6LeIaxgtYSBsUSZNUSA&amp;mupckp=mupAtu4m8OiX0wt\" rel=\"noreferrer noopener\" target=\"_blank\">a<\/a>Copyright \u00a9 2024 DAP studio \/ elena sacco &#8211; paolo danelli\u200a<a href=\"https:\/\/customer49009.musvc3.net\/e\/tr?q=3%3dEfNZJ%26I%3dH%26D%3dBgLR%26z%3deFRJb%269%3d85Q4I_3xgp_Dh_6qdw_Ff_3xgp_CmAM8.Co3p93Ev.03C_3xgp_Cmr11P8KoF35wB2148q3zMoEwLr1yBzBt_Oesa_YT%264%3dxR7LnZ.255%26F7%3dQKZKZ%265P%3dFZCbNWKdEVCZIY%26s%3daFRqYtVFfERBcG6IYsRDgoRFXJ1IXqRDcqZHXtZDdLSpcK1mYM1CcpV1l8olfsRCXt5G&amp;mupckp=mupAtu4m8OiX0wt\" target=\"_blank\" rel=\"noreferrer noopener\"><\/a><a href=\"https:\/\/customer49009.musvc3.net\/e\/tr?q=8%3dIfXeN%26I%3dR%26I%3dFgVW%264%3dePWNb%26I%3dC9QDN_7xqu_Hh_Fvhw_Pk_7xqu_GmKRB.FBN985MpJ.1J2_Ooxe_Yd9pMGO0A7J_88184AyItI0D_7xqu_Gm%262%3dH0PJ8H.K3O%26xP%3dOeHdX%26O8%3dYXWJgUeLXTWHbW%26C%3dFA3buBR0r83XLdPcKaz6tZ38u9PaNZT8uZU9p0ybucOVs026Hb47LZWeLYQWpXW6p8yX&amp;mupckp=mupAtu4m8OiX0wt\" target=\"_blank\" rel=\"noreferrer noopener\"><\/a><\/td><\/tr><\/tbody><\/table><\/figure>\n","protected":false},"excerpt":{"rendered":"<p>\u200aD A P&nbsp;s &nbsp;t &nbsp;u &nbsp;d &nbsp;i &nbsp;o\u200aLa newsletter di DAP studio &nbsp;#2. 2025\u200aParabiago: strategie per la citt\u00e0Il lavoro di [&hellip;]<\/p>\n","protected":false},"author":1,"featured_media":0,"comment_status":"open","ping_status":"open","sticky":false,"template":"","format":"standard","meta":{"footnotes":""},"categories":[10,47],"tags":[],"class_list":["post-76130","post","type-post","status-publish","format-standard","hentry","category-italiano","category-tecnologias"],"_links":{"self":[{"href":"https:\/\/www.ecoitaliano.com.ar\/index.php?rest_route=\/wp\/v2\/posts\/76130","targetHints":{"allow":["GET"]}}],"collection":[{"href":"https:\/\/www.ecoitaliano.com.ar\/index.php?rest_route=\/wp\/v2\/posts"}],"about":[{"href":"https:\/\/www.ecoitaliano.com.ar\/index.php?rest_route=\/wp\/v2\/types\/post"}],"author":[{"embeddable":true,"href":"https:\/\/www.ecoitaliano.com.ar\/index.php?rest_route=\/wp\/v2\/users\/1"}],"replies":[{"embeddable":true,"href":"https:\/\/www.ecoitaliano.com.ar\/index.php?rest_route=%2Fwp%2Fv2%2Fcomments&post=76130"}],"version-history":[{"count":1,"href":"https:\/\/www.ecoitaliano.com.ar\/index.php?rest_route=\/wp\/v2\/posts\/76130\/revisions"}],"predecessor-version":[{"id":76131,"href":"https:\/\/www.ecoitaliano.com.ar\/index.php?rest_route=\/wp\/v2\/posts\/76130\/revisions\/76131"}],"wp:attachment":[{"href":"https:\/\/www.ecoitaliano.com.ar\/index.php?rest_route=%2Fwp%2Fv2%2Fmedia&parent=76130"}],"wp:term":[{"taxonomy":"category","embeddable":true,"href":"https:\/\/www.ecoitaliano.com.ar\/index.php?rest_route=%2Fwp%2Fv2%2Fcategories&post=76130"},{"taxonomy":"post_tag","embeddable":true,"href":"https:\/\/www.ecoitaliano.com.ar\/index.php?rest_route=%2Fwp%2Fv2%2Ftags&post=76130"}],"curies":[{"name":"wp","href":"https:\/\/api.w.org\/{rel}","templated":true}]}}