{"id":77649,"date":"2025-08-03T15:30:10","date_gmt":"2025-08-03T15:30:10","guid":{"rendered":"https:\/\/www.ecoitaliano.com.ar\/?p=77649"},"modified":"2025-08-03T15:30:39","modified_gmt":"2025-08-03T15:30:39","slug":"massa-capitale-pd-e-mac","status":"publish","type":"post","link":"https:\/\/www.ecoitaliano.com.ar\/?p=77649","title":{"rendered":"Massa Capitale. PD e MAC"},"content":{"rendered":"<div class=\"wp-block-image\">\n<figure class=\"aligncenter size-large is-resized\"><a href=\"http:\/\/www.ecoitaliano.com.ar\/wp-content\/uploads\/2025\/08\/pd-consiglieri-.jpg\"><img decoding=\"async\" width=\"1024\" height=\"563\" src=\"http:\/\/www.ecoitaliano.com.ar\/wp-content\/uploads\/2025\/08\/pd-consiglieri--1024x563.jpg\" alt=\"\" class=\"wp-image-77650\" style=\"width:470px;height:auto\" srcset=\"https:\/\/www.ecoitaliano.com.ar\/wp-content\/uploads\/2025\/08\/pd-consiglieri--1024x563.jpg 1024w, https:\/\/www.ecoitaliano.com.ar\/wp-content\/uploads\/2025\/08\/pd-consiglieri--300x165.jpg 300w, https:\/\/www.ecoitaliano.com.ar\/wp-content\/uploads\/2025\/08\/pd-consiglieri--768x422.jpg 768w, https:\/\/www.ecoitaliano.com.ar\/wp-content\/uploads\/2025\/08\/pd-consiglieri--1536x844.jpg 1536w, https:\/\/www.ecoitaliano.com.ar\/wp-content\/uploads\/2025\/08\/pd-consiglieri--150x82.jpg 150w, https:\/\/www.ecoitaliano.com.ar\/wp-content\/uploads\/2025\/08\/pd-consiglieri-.jpg 1727w\" sizes=\"(max-width: 1024px) 100vw, 1024px\" \/><\/a><\/figure><\/div>\n\n\n<p>Massa Capitale della Cultura\u201d: l\u2019opposizione chiede trasparenza e partecipazione. In merito alla recente approvazione in Consiglio comunale di una \u00abmozione\u00bb postuma per la candidatura di Massa a Capitale Italiana della Cultura, e no con un documento ad hoc, votazione forse che serviva per colmare il deficit istituzionale ed irrobustire il dossier, i gruppi consiliari di Massa \u00e8 un&#8217;altra cosa e del Partito Democratico rimangono \u201c basiti ed interdetti su quanto tale posizione abbia generato, con retropensieri falsi ed inesistenti generando azioni propagandistiche di colleghi fuori luogo e gratuiti\u201d. I gruppi intendono chiarire pubblicamente le ragioni del proprio voto contrario.<\/p>\n\n\n\n<p>\u201cLa scelta non \u00e8 in alcun modo legata a una contrariet\u00e0 al progetto in s\u00e9 \u2013 che anzi pu\u00f2 rappresentare un\u2019opportunit\u00e0 importante per la citt\u00e0 \u2013 commentano &#8211; bens\u00ec a un metodo che la maggioranza continua a perseguire, improntato all\u2019esclusione e alla totale assenza di dialogo. Nessuna fase di condivisione \u00e8 stata attivata: n\u00e9 sul piano politico all\u2019interno dell\u2019assise comunale, n\u00e9 con i portatori di interesse culturali del territorio. Le opposizioni non sono mai state coinvolte n\u00e9 informate sulle tappe del percorso, n\u00e9 tantomeno sulla composizione del comitato promotore o sulla visione progettuale\u201d. E aggiungono: \u201cIl nostro voto contrario \u00e8 un atto di coerenza e responsabilit\u00e0: non possiamo avallare un processo costruito unilateralmente, senza alcuna trasparenza e senza il minimo coinvolgimento.\u201d<\/p>\n\n\n\n<p>I gruppi consiliari Mac e PD ribadiscono che\u201d la cultura deve essere un terreno di partecipazione diffusa, non uno strumento di propaganda o un&#8217;occasione per affermare un primato politico. Serve un approccio istituzionale serio, in grado di valorizzare le competenze del territorio e costruire un progetto condiviso, credibile e all\u2019altezza di una candidatura nazionale\u201d.<\/p>\n\n\n\n<p>Per questo motivo, avanzano una proposta concreta:\u201d Aprire un tavolo istituzionale allargato a tutte le forze consiliari, con un reale confronto sul percorso; allargare e ridefinire il comitato promotore, con figure autorevoli e rappresentative del panorama culturale massese; coinvolgere attivamente scuole, associazioni, operatori del settore e cittadini, in un percorso partecipato e non calato dall\u2019alto\u201d. Infine: \u201cNon abbiamo bisogno di una candidatura costruita per slogan, ma di un progetto condiviso, radicato nella citt\u00e0 e capace di far emergere tutto il potenziale culturale del nostro territorio.\u201d<\/p>\n\n\n\n<p>I gruppi consiliari rinnovano il proprio impegno \u201cper lavorare su tutte le proposte valide per Massa, ma lo faranno sempre nel rispetto dei principi di trasparenza, partecipazione e coerenza istituzionale\u201d. Si firmano: Dina Dell\u2019Ertole, Ivo Zaccagna, Enzo Romolo Ricci, Giovanna Santi, Gabriele Carioli, Stefano Alberti, Daniele Tarantino.<\/p>\n\n\n\n<blockquote class=\"wp-block-quote is-layout-flow wp-block-quote-is-layout-flow\">\n<blockquote class=\"wp-block-quote is-layout-flow wp-block-quote-is-layout-flow\">\n<blockquote class=\"wp-block-quote is-layout-flow wp-block-quote-is-layout-flow\">\n<blockquote class=\"wp-block-quote is-layout-flow wp-block-quote-is-layout-flow\">\n<p>Tara comunicazione<\/p>\n<\/blockquote>\n<\/blockquote>\n<\/blockquote>\n<\/blockquote>\n","protected":false},"excerpt":{"rendered":"<p>Massa Capitale della Cultura\u201d: l\u2019opposizione chiede trasparenza e partecipazione. In merito alla recente approvazione in Consiglio comunale di una \u00abmozione\u00bb [&hellip;]<\/p>\n","protected":false},"author":1,"featured_media":0,"comment_status":"open","ping_status":"open","sticky":false,"template":"","format":"standard","meta":{"footnotes":""},"categories":[10,5],"tags":[],"class_list":["post-77649","post","type-post","status-publish","format-standard","hentry","category-italiano","category-politica"],"_links":{"self":[{"href":"https:\/\/www.ecoitaliano.com.ar\/index.php?rest_route=\/wp\/v2\/posts\/77649","targetHints":{"allow":["GET"]}}],"collection":[{"href":"https:\/\/www.ecoitaliano.com.ar\/index.php?rest_route=\/wp\/v2\/posts"}],"about":[{"href":"https:\/\/www.ecoitaliano.com.ar\/index.php?rest_route=\/wp\/v2\/types\/post"}],"author":[{"embeddable":true,"href":"https:\/\/www.ecoitaliano.com.ar\/index.php?rest_route=\/wp\/v2\/users\/1"}],"replies":[{"embeddable":true,"href":"https:\/\/www.ecoitaliano.com.ar\/index.php?rest_route=%2Fwp%2Fv2%2Fcomments&post=77649"}],"version-history":[{"count":1,"href":"https:\/\/www.ecoitaliano.com.ar\/index.php?rest_route=\/wp\/v2\/posts\/77649\/revisions"}],"predecessor-version":[{"id":77651,"href":"https:\/\/www.ecoitaliano.com.ar\/index.php?rest_route=\/wp\/v2\/posts\/77649\/revisions\/77651"}],"wp:attachment":[{"href":"https:\/\/www.ecoitaliano.com.ar\/index.php?rest_route=%2Fwp%2Fv2%2Fmedia&parent=77649"}],"wp:term":[{"taxonomy":"category","embeddable":true,"href":"https:\/\/www.ecoitaliano.com.ar\/index.php?rest_route=%2Fwp%2Fv2%2Fcategories&post=77649"},{"taxonomy":"post_tag","embeddable":true,"href":"https:\/\/www.ecoitaliano.com.ar\/index.php?rest_route=%2Fwp%2Fv2%2Ftags&post=77649"}],"curies":[{"name":"wp","href":"https:\/\/api.w.org\/{rel}","templated":true}]}}