{"id":78078,"date":"2025-08-10T15:04:01","date_gmt":"2025-08-10T15:04:01","guid":{"rendered":"https:\/\/www.ecoitaliano.com.ar\/?p=78078"},"modified":"2025-08-10T15:04:01","modified_gmt":"2025-08-10T15:04:01","slug":"serena-conduce-operaclassica-eco-italiano-4582","status":"publish","type":"post","link":"https:\/\/www.ecoitaliano.com.ar\/?p=78078","title":{"rendered":"Serena conduce operaclassica eco italiano"},"content":{"rendered":"\n<figure class=\"wp-block-image size-large is-resized\"><a href=\"https:\/\/www.ecoitaliano.com.ar\/wp-content\/uploads\/2025\/08\/image-10.png\"><img decoding=\"async\" width=\"1024\" height=\"179\" src=\"https:\/\/www.ecoitaliano.com.ar\/wp-content\/uploads\/2025\/08\/image-10-1024x179.png\" alt=\"\" class=\"wp-image-78079\" style=\"width:526px;height:auto\" srcset=\"https:\/\/www.ecoitaliano.com.ar\/wp-content\/uploads\/2025\/08\/image-10-1024x179.png 1024w, https:\/\/www.ecoitaliano.com.ar\/wp-content\/uploads\/2025\/08\/image-10-300x52.png 300w, https:\/\/www.ecoitaliano.com.ar\/wp-content\/uploads\/2025\/08\/image-10-768x134.png 768w, https:\/\/www.ecoitaliano.com.ar\/wp-content\/uploads\/2025\/08\/image-10-150x26.png 150w, https:\/\/www.ecoitaliano.com.ar\/wp-content\/uploads\/2025\/08\/image-10.png 1467w\" sizes=\"(max-width: 1024px) 100vw, 1024px\" \/><\/a><\/figure>\n\n\n\n<p>comunicato stampa<\/p>\n\n\n\n<p><strong>A Pesaro la premiazione del 44\u00b0 Premio della critica musicale<br>\u201cFranco Abbiati\u201d<\/strong><\/p>\n\n\n\n<p><br><em>Al Teatro Rossini questa mattina, domenica 10 agosto, sono state consegnate le pergamene del Premio Abbiati ai vincitori e<br>sono state rese note le motivazioni<\/em><\/p>\n\n\n\n<p>L\u2019atmosfera \u00e8 quella di festa e la cornice \u00e8 il&nbsp;<strong>Teatro Rossini di Pesaro<\/strong>, uno dei \u201cCento teatri\u201d delle Marche scelto, non a caso, per la cerimonia di consegna del&nbsp;<strong>44<sup>\u00b0&nbsp;<\/sup>Premio della critica musicale \u201cFranco Abbiati\u201d<\/strong>, assegnato dall\u2019<strong>Associazione Nazionale dei Critici Musicali<\/strong>. Da alcuni anni infatti, su iniziativa del presidente dell\u2019Associazione,&nbsp;<strong>Andrea Estero<\/strong>, la premiazione viene ospitata dall\u2019istituzione vincitrice nella categoria \u201cMiglior spettacolo\u201d.<br>&nbsp;<br>E cos\u00ec, a poche ore dalla sua 46<sup>a<\/sup>&nbsp;inaugurazione che avverr\u00e0 con la messa in scena dell\u2019opera&nbsp;<em>Zelmira<\/em>, il&nbsp;<strong>Rossini Opera Festival<\/strong>&nbsp;ha accolto l\u2019Associazione Nazionale dei Critici Musicali e ha ricevuto il premio \u201cMiglior spettacolo\u201d per la produzione del 2024 di&nbsp;<strong><em>Ermione<\/em><\/strong>&nbsp;con la direzione musicale di&nbsp;<strong>Michele Mariotti<\/strong>&nbsp;e la regia di&nbsp;<strong>Johannes Erath<\/strong>, entrambi presenti per ritirare, insieme al sovrintendente del ROF&nbsp;<strong>Ernesto Palacio<\/strong>, la pergamena sulla quale \u00e8 riportata la motivazione: \u00abPer la lettura articolata attraverso il rapporto simbiotico fra concezione musicale e teatrale, con un\u2019unit\u00e0 di intenti e una qualit\u00e0 protese, secondo il principio enunciato dal fondatore del Festival Gianfranco Mariotti, non alla lusinga rassicurante, ma alla riflessione e alla discussione sull\u2019opera stessa\u00bb.<br>&nbsp;<br>La cerimonia \u00e8 proseguita con la consegna dei premi a&nbsp;<strong>Emmanuel Tjeknavorian<\/strong>, eletto miglior direttore (presente anche Ambra Redaelli, Presidente dell\u2019Orchestra Sinfonica di Milano, compagine di cui Tjeknavorian \u00e8 direttore musicale), a&nbsp;<strong>Moshe Leiser<\/strong>&nbsp;e&nbsp;<strong>Patrice Caurier<\/strong>, migliori registi per il&nbsp;<em>Mefistofele<\/em>&nbsp;andato in scena al Teatro La Fenice di Venezia, a&nbsp;<strong>Dmitri Tcherniakov<\/strong>&nbsp;per le scene di&nbsp;<em>Rusalka<\/em>&nbsp;del Teatro di San Carlo di Napoli. E ancora a&nbsp;<strong>Eva-Maria Van Acker<\/strong>&nbsp;per i costumi della produzione de&nbsp;<em>Le grand macabre<\/em>&nbsp;al Teatro Massimo di Palermo.<br>&nbsp;<br>Durante la premiazione il violoncellista&nbsp;<strong>Ettore Pagano<\/strong>, vincitore nella categoria \u201cSolista\u201d, \u00e8 stato protagonista di un momento musicale con un omaggio a Rossini. Si \u00e8 quindi proseguito con il conferimento del premio al&nbsp;<strong>Jack Quartet<\/strong>&nbsp;(miglior Ensemble), al soprano&nbsp;<strong>Mariangela Sicilia<\/strong>&nbsp;e al mezzosoprano&nbsp;<strong>Cecilia Molinari<\/strong>&nbsp;(migliori Cantanti), al&nbsp;<strong>Trio Rinaldo<\/strong>, vincitore del Premio \u201cPiero Farulli\u201d. Per la categoria \u201cNovit\u00e0 per l\u2019Italia\u201d \u00e8 stato premiato il compositore&nbsp;<strong>Samir Odeh-Tamimi&nbsp;<\/strong>per<strong>&nbsp;<em>Roa\u00efkron<\/em>&nbsp;<\/strong>(Venezia, Biennale Musica).<br>&nbsp;<br>Infine il \u201cPremio speciale\u201d \u00e8 andato alla produzione&nbsp;<em><strong>Manon Manon Manon<\/strong><\/em>&nbsp;del Teatro Regio di Torino, per il quale erano presenti il Sovrintendente&nbsp;<strong>Mathieu Jouvin<\/strong>&nbsp;e il Direttore artistico&nbsp;<strong>Cristiano Sandri<\/strong>; il Premio \u201cFilippo Siebaneck\u201d \u00e8 andato al&nbsp;<strong>Progetto Social Opera<\/strong>&nbsp;della Fondazione Pergolesi Spontini rappresentata dal Direttore generale&nbsp;<strong>Lucia Chiatti<\/strong>&nbsp;e dal sindaco di Jesi&nbsp;<strong>Lorenzo Fiordelmondo<\/strong>.<br>&nbsp;<br>La commissione della 44<sup>a<\/sup>&nbsp;edizione del Premio della critica musicale \u201cFranco Abbiati\u201d (critico musicale bergamasco, per decenni firma del \u00abCorriere della sera\u00bb), \u00e8 stata presieduta da Angelo Foletto ed \u00e8 stata composta dal direttivo dell\u2019Associazione Nazionale dei Critici Musicali (Andrea Estero (presidente), Alessandro Cammarano, Carlo Fiore, Gianluigi Mattietti, Carla Moreni e Roberta Pedrotti) e da sette critici eletti dagli iscritti fra i soci dell\u2019ANCM (Attilio Cantore, Susanna Franchi, Cesare Galla, Giancarlo Landini, Gregorio Moppi, Alessandro Rigolli, Lorenzo Tozzi).<br><br>&nbsp;<br>Di seguito tutte le motivazioni.<br>&nbsp;<br><strong>Miglior spettacolo<\/strong><br><strong>Gioachino rossini<\/strong><br><em><strong>Ermione<\/strong><\/em><br><em>direttore<\/em>&nbsp;Michele Mariotti<br><em>regia<\/em>&nbsp;Johannes Erath<br>(Pesaro, Rossini Opera Festival)<br>Per la lettura articolata attraverso il rapporto simbiotico fra concezione musicale e teatrale, con un\u2019unit\u00e0 di intenti e una qualit\u00e0 protese, secondo il principio enunciato dal fondatore del Festival Gianfranco Mariotti, non alla lusinga rassicurante, ma alla riflessione e alla discussione sull\u2019opera stessa.<br>&nbsp;<br><strong>Premio speciale<\/strong><br><em><strong>Manon Manon Manon<\/strong><\/em><br>(Torino, Teatro Regio)<br>Per l\u2019originale idea di rendere omaggio al primo centenario della morte di Puccini affiancando alla&nbsp;<em>Manon Lescaut<\/em>&nbsp;le altre due opere sullo stesso soggetto:&nbsp;<em>Manon Lescaut<\/em>&nbsp;di Auber e&nbsp;<em>Manon<\/em>&nbsp;di Massenet, realizzando cos\u00ec un progetto unico che, con un grande sforzo organizzativo e progettuale, proponeva anche le tre opere tre sere di seguito.<br>&nbsp;<br><strong>Miglior direttore<\/strong><br><strong>Emmanuel Tjeknavorian<\/strong><br>Per la carica artistica e umana, la sorprendente maturit\u00e0 interpretativa, la profonda collaborazione instaurata con i musicisti dell\u2019Orchestra (guidati come violinista in preziosi impaginati da camera) e la non scontata fisionomia dei programmi proposti nei primi mesi come direttore musicale della Sinfonica di Milano, riportata con esuberante crescita esecutiva e di simpatia al centro della vita musicale cittadina e dell\u2019affetto del pubblico.<br>&nbsp;<br><strong>Novit\u00e0 per l\u2019Italia<\/strong><br><strong>Samir Odeh-Tamimi,&nbsp;<em>Roa\u00efkron<\/em><\/strong><br>(Venezia, Biennale Musica)<br>A&nbsp;<em>Roa\u00efkron<\/em>&nbsp;di Samir Odeh-Tamimi, eseguito alla Biennale di Venezia dal Christian Benning Percussion Group: lavoro per sei percussioni disposte intorno al pubblico, emblematico del linguaggio musicale veemente e drammatico del compositore palestinese, capace di tradurre in suoni la materia che forma gli anelli di Saturno, con materiali ritmici dai colori diversi e dalla forza primitivistica.<br>&nbsp;<br><strong>Migliore regista<\/strong><br><strong>Moshe Leiser e Patrice Caurier<\/strong><br><em>Mefistofele<\/em><br>(Venezia, Gran TeatroLa Fenice)<br>Per la rara messinscena dell\u2019opera di Boito alla Fenice di Venezia, nella quale la coppia registica rappresenta con disincantata ironia i mali contemporanei, cogliendo al contempo il sarcasmo irridente che \u00e8 il fondamento dell\u2019opera.<br>&nbsp;<br><strong>Migliore scenografo<\/strong><br><strong>Dmitri Tcherniakov<\/strong><br><em>Rusalka<\/em><br>(Napoli, Teatro di San Carlo)<br>Per l\u2019invenzione di uno spazio immaginifico, dove il regista debutta firmando una&nbsp;<em>Rusalka<\/em>&nbsp;raccontata come fiaba al presente, ritagliata azionando in sequenza pannelli sofisticati, orizzontali o verticali, intrecciando ambienti da enormi a minuscoli, mischiando tecnologia al computer e macchinistica barocca, dov\u2019\u00e8 la scenografia a dettare da protagonista il passo della drammaturgia.<br>&nbsp;<br><strong>Migliore costumista<\/strong><br><strong>Eva-Maria Van Acker<\/strong><br><em>Le Grand Macabre<\/em><br>(Palermo, Teatro Massimo)<br>Per aver condensato molteplici suggestioni letterarie, cinematografiche, storiche e culturologiche in un corredo che si \u00e8 rivelato consistente sia rispetto al&nbsp;<em>Grand Macabre<\/em>&nbsp;di Ligeti sia al suo status di classico dell\u2019opera contemporanea.<br>&nbsp;<br><strong>Miglior solista<\/strong><br><strong>Ettore Pagano&nbsp;<\/strong><em>violoncello<\/em><br>Per la sua intensa attivit\u00e0 concertistica declinata in impaginati raffinati e sostanziata in esecuzioni ogni volta esemplari per qualit\u00e0 tecnica e per sensibilit\u00e0 emozionale del gesto e del pensiero strumentale.<br>&nbsp;<br><strong>Miglior cantante<\/strong><br><strong>Cecilia Molinari<\/strong><br>Per il suo&nbsp;<em>Ariodante<\/em>&nbsp;al Festival della Valle d\u2019Itria, cesellato nel fraseggio, caleidoscopico nei colori, dalle agilit\u00e0 perfette e caratterizzato da luminosa ricchezza espressiva.<br>&nbsp;<br><strong>Miglior cantante<\/strong><br><strong>Mariangela Sicilia<\/strong><br>Per la tornitura preziosa di una vocalit\u00e0 erede della miglior scuola italiana e posta sempre al servizio di un\u2019intenzione musicale e interpretativa intelligente e consapevole dello stile, in particolare evidenza nel colore e nell\u2019accento del canto pucciniano, con particolare riferimento alla&nbsp;<em>Rondine<\/em>&nbsp;cantata al Teatro alla Scala.<br>&nbsp;<br><strong>Miglior ensemble<\/strong><br><strong>Jack Quartet<\/strong><br>Per il concerto per il Festival di Spoleto, unica tappa italiana, dove il quartetto dei giovani acclamati Christopher Otto e Austin Wulliman violino, John Richards viola, Jay Campbell violoncello ha interpretato con lettura abbagliante, virtuosismo, fantasia e incisivit\u00e0 le pagine americane di Ruth Crawford Seeger, Gabriella Smith, Amy Williams (<em>Tangled Madrigal<\/em>, prima italiana) e George Lewis.<br>&nbsp;<br><strong>Premio\u201cPiero Farulli\u201d<\/strong><br><strong>Trio Rinaldo<\/strong><br>Leonardo Ricci<em>&nbsp;violino<\/em><br>Rebecca Ciogli&nbsp;<em>violoncello<\/em><br>Lorenzo Rossi&nbsp;<em>pianoforte<\/em><br>&nbsp;<br><strong>Premio \u201cFilippo Siebaneck\u201d<\/strong><br><strong>Progetto Social Opera<\/strong><br>(Fondazione Pergolesi Spontini, Jesi)<br>Per la concezione di ampio respiro che rende concreti i principi di inclusione e partecipazione in un percorso sociale condiviso che avvicina all\u2019opera categorie svantaggiate e diversamente abili, facendo della musica, del teatro e della danza uno strumento di crescita, consapevolezza, integrazione.<br>&nbsp;<\/p>\n\n\n\n<p><strong><em>Ufficio stampa<\/em><\/strong><br>Walter Vitale +39 3335243419<br><a href=\"mailto:walter.vitale11@gmail.com\" target=\"_blank\" rel=\"noreferrer noopener\">walter.vitale11@gmail.com<\/a><\/p>\n\n\n\n<p>Pesaro, 10 agosto\u00a02025\u00a0(w.v.)<\/p>\n\n\n\n<p><em>copyright \u00a9 2025 Tessitore Vitale, All rights reserved.<\/em><\/p>\n\n\n\n<p>foto della cerimonia premiazione.<\/p>\n\n\n\n<figure class=\"wp-block-gallery has-nested-images columns-default is-cropped wp-block-gallery-1 is-layout-flex wp-block-gallery-is-layout-flex\">\n<figure class=\"wp-block-image size-large\"><a href=\"https:\/\/www.ecoitaliano.com.ar\/wp-content\/uploads\/2025\/08\/ANMC_Premiazione-Abbiati_ph-ROF_SBB0458-scaled.jpg\"><img decoding=\"async\" width=\"1024\" height=\"866\" data-id=\"78080\" src=\"https:\/\/www.ecoitaliano.com.ar\/wp-content\/uploads\/2025\/08\/ANMC_Premiazione-Abbiati_ph-ROF_SBB0458-1024x866.jpg\" alt=\"\" class=\"wp-image-78080\" srcset=\"https:\/\/www.ecoitaliano.com.ar\/wp-content\/uploads\/2025\/08\/ANMC_Premiazione-Abbiati_ph-ROF_SBB0458-1024x866.jpg 1024w, https:\/\/www.ecoitaliano.com.ar\/wp-content\/uploads\/2025\/08\/ANMC_Premiazione-Abbiati_ph-ROF_SBB0458-300x254.jpg 300w, https:\/\/www.ecoitaliano.com.ar\/wp-content\/uploads\/2025\/08\/ANMC_Premiazione-Abbiati_ph-ROF_SBB0458-768x649.jpg 768w, https:\/\/www.ecoitaliano.com.ar\/wp-content\/uploads\/2025\/08\/ANMC_Premiazione-Abbiati_ph-ROF_SBB0458-1536x1298.jpg 1536w, https:\/\/www.ecoitaliano.com.ar\/wp-content\/uploads\/2025\/08\/ANMC_Premiazione-Abbiati_ph-ROF_SBB0458-2048x1731.jpg 2048w, https:\/\/www.ecoitaliano.com.ar\/wp-content\/uploads\/2025\/08\/ANMC_Premiazione-Abbiati_ph-ROF_SBB0458-150x127.jpg 150w\" sizes=\"(max-width: 1024px) 100vw, 1024px\" \/><\/a><\/figure>\n\n\n\n<figure class=\"wp-block-image size-large\"><a href=\"https:\/\/www.ecoitaliano.com.ar\/wp-content\/uploads\/2025\/08\/ANMC_Premiazione-Abbiati_ph-ROF_SBB0393-scaled.jpg\"><img decoding=\"async\" width=\"1024\" height=\"929\" data-id=\"78081\" src=\"https:\/\/www.ecoitaliano.com.ar\/wp-content\/uploads\/2025\/08\/ANMC_Premiazione-Abbiati_ph-ROF_SBB0393-1024x929.jpg\" alt=\"\" class=\"wp-image-78081\" srcset=\"https:\/\/www.ecoitaliano.com.ar\/wp-content\/uploads\/2025\/08\/ANMC_Premiazione-Abbiati_ph-ROF_SBB0393-1024x929.jpg 1024w, https:\/\/www.ecoitaliano.com.ar\/wp-content\/uploads\/2025\/08\/ANMC_Premiazione-Abbiati_ph-ROF_SBB0393-300x272.jpg 300w, https:\/\/www.ecoitaliano.com.ar\/wp-content\/uploads\/2025\/08\/ANMC_Premiazione-Abbiati_ph-ROF_SBB0393-768x696.jpg 768w, https:\/\/www.ecoitaliano.com.ar\/wp-content\/uploads\/2025\/08\/ANMC_Premiazione-Abbiati_ph-ROF_SBB0393-1536x1393.jpg 1536w, https:\/\/www.ecoitaliano.com.ar\/wp-content\/uploads\/2025\/08\/ANMC_Premiazione-Abbiati_ph-ROF_SBB0393-2048x1857.jpg 2048w, https:\/\/www.ecoitaliano.com.ar\/wp-content\/uploads\/2025\/08\/ANMC_Premiazione-Abbiati_ph-ROF_SBB0393-150x136.jpg 150w\" sizes=\"(max-width: 1024px) 100vw, 1024px\" \/><\/a><\/figure>\n\n\n\n<figure class=\"wp-block-image size-large\"><a href=\"https:\/\/www.ecoitaliano.com.ar\/wp-content\/uploads\/2025\/08\/ANMC_Premiazione-Abbiati_ph-ROF_SBB0365-scaled.jpg\"><img decoding=\"async\" width=\"683\" height=\"1024\" data-id=\"78082\" src=\"https:\/\/www.ecoitaliano.com.ar\/wp-content\/uploads\/2025\/08\/ANMC_Premiazione-Abbiati_ph-ROF_SBB0365-683x1024.jpg\" alt=\"\" class=\"wp-image-78082\" srcset=\"https:\/\/www.ecoitaliano.com.ar\/wp-content\/uploads\/2025\/08\/ANMC_Premiazione-Abbiati_ph-ROF_SBB0365-683x1024.jpg 683w, https:\/\/www.ecoitaliano.com.ar\/wp-content\/uploads\/2025\/08\/ANMC_Premiazione-Abbiati_ph-ROF_SBB0365-200x300.jpg 200w, https:\/\/www.ecoitaliano.com.ar\/wp-content\/uploads\/2025\/08\/ANMC_Premiazione-Abbiati_ph-ROF_SBB0365-768x1152.jpg 768w, https:\/\/www.ecoitaliano.com.ar\/wp-content\/uploads\/2025\/08\/ANMC_Premiazione-Abbiati_ph-ROF_SBB0365-1024x1536.jpg 1024w, https:\/\/www.ecoitaliano.com.ar\/wp-content\/uploads\/2025\/08\/ANMC_Premiazione-Abbiati_ph-ROF_SBB0365-1366x2048.jpg 1366w, https:\/\/www.ecoitaliano.com.ar\/wp-content\/uploads\/2025\/08\/ANMC_Premiazione-Abbiati_ph-ROF_SBB0365-100x150.jpg 100w, https:\/\/www.ecoitaliano.com.ar\/wp-content\/uploads\/2025\/08\/ANMC_Premiazione-Abbiati_ph-ROF_SBB0365-scaled.jpg 1707w\" sizes=\"(max-width: 683px) 100vw, 683px\" \/><\/a><\/figure>\n<\/figure>\n\n\n\n<p>foto degli artisti e degli spettacoli vincitori.<\/p>\n\n\n\n<figure class=\"wp-block-gallery has-nested-images columns-default is-cropped wp-block-gallery-2 is-layout-flex wp-block-gallery-is-layout-flex\">\n<figure class=\"wp-block-image size-large\"><a href=\"https:\/\/www.ecoitaliano.com.ar\/wp-content\/uploads\/2025\/08\/2.-Odeh-Tamimi-30_c-Harald-Hoffmann.com_-scaled-1.jpg\"><img decoding=\"async\" width=\"1024\" height=\"683\" data-id=\"78083\" src=\"https:\/\/www.ecoitaliano.com.ar\/wp-content\/uploads\/2025\/08\/2.-Odeh-Tamimi-30_c-Harald-Hoffmann.com_-scaled-1-1024x683.jpg\" alt=\"\" class=\"wp-image-78083\" srcset=\"https:\/\/www.ecoitaliano.com.ar\/wp-content\/uploads\/2025\/08\/2.-Odeh-Tamimi-30_c-Harald-Hoffmann.com_-scaled-1-1024x683.jpg 1024w, https:\/\/www.ecoitaliano.com.ar\/wp-content\/uploads\/2025\/08\/2.-Odeh-Tamimi-30_c-Harald-Hoffmann.com_-scaled-1-300x200.jpg 300w, https:\/\/www.ecoitaliano.com.ar\/wp-content\/uploads\/2025\/08\/2.-Odeh-Tamimi-30_c-Harald-Hoffmann.com_-scaled-1-768x512.jpg 768w, https:\/\/www.ecoitaliano.com.ar\/wp-content\/uploads\/2025\/08\/2.-Odeh-Tamimi-30_c-Harald-Hoffmann.com_-scaled-1-1536x1024.jpg 1536w, https:\/\/www.ecoitaliano.com.ar\/wp-content\/uploads\/2025\/08\/2.-Odeh-Tamimi-30_c-Harald-Hoffmann.com_-scaled-1-2048x1366.jpg 2048w, https:\/\/www.ecoitaliano.com.ar\/wp-content\/uploads\/2025\/08\/2.-Odeh-Tamimi-30_c-Harald-Hoffmann.com_-scaled-1-150x100.jpg 150w\" sizes=\"(max-width: 1024px) 100vw, 1024px\" \/><\/a><\/figure>\n\n\n\n<figure class=\"wp-block-image size-large\"><a href=\"https:\/\/www.ecoitaliano.com.ar\/wp-content\/uploads\/2025\/08\/Ettore-Pagano-725A2707-copia.jpg\"><img decoding=\"async\" width=\"1024\" height=\"760\" data-id=\"78084\" src=\"https:\/\/www.ecoitaliano.com.ar\/wp-content\/uploads\/2025\/08\/Ettore-Pagano-725A2707-copia-1024x760.jpg\" alt=\"\" class=\"wp-image-78084\" srcset=\"https:\/\/www.ecoitaliano.com.ar\/wp-content\/uploads\/2025\/08\/Ettore-Pagano-725A2707-copia-1024x760.jpg 1024w, https:\/\/www.ecoitaliano.com.ar\/wp-content\/uploads\/2025\/08\/Ettore-Pagano-725A2707-copia-300x223.jpg 300w, https:\/\/www.ecoitaliano.com.ar\/wp-content\/uploads\/2025\/08\/Ettore-Pagano-725A2707-copia-768x570.jpg 768w, https:\/\/www.ecoitaliano.com.ar\/wp-content\/uploads\/2025\/08\/Ettore-Pagano-725A2707-copia-150x111.jpg 150w, https:\/\/www.ecoitaliano.com.ar\/wp-content\/uploads\/2025\/08\/Ettore-Pagano-725A2707-copia.jpg 1417w\" sizes=\"(max-width: 1024px) 100vw, 1024px\" \/><\/a><\/figure>\n\n\n\n<figure class=\"wp-block-image size-large\"><a href=\"https:\/\/www.ecoitaliano.com.ar\/wp-content\/uploads\/2025\/08\/JACKSeatedWhiteBackground_ShervinLainez.jpg\"><img decoding=\"async\" width=\"1024\" height=\"683\" data-id=\"78085\" src=\"https:\/\/www.ecoitaliano.com.ar\/wp-content\/uploads\/2025\/08\/JACKSeatedWhiteBackground_ShervinLainez-1024x683.jpg\" alt=\"\" class=\"wp-image-78085\" srcset=\"https:\/\/www.ecoitaliano.com.ar\/wp-content\/uploads\/2025\/08\/JACKSeatedWhiteBackground_ShervinLainez-1024x683.jpg 1024w, https:\/\/www.ecoitaliano.com.ar\/wp-content\/uploads\/2025\/08\/JACKSeatedWhiteBackground_ShervinLainez-300x200.jpg 300w, https:\/\/www.ecoitaliano.com.ar\/wp-content\/uploads\/2025\/08\/JACKSeatedWhiteBackground_ShervinLainez-768x512.jpg 768w, https:\/\/www.ecoitaliano.com.ar\/wp-content\/uploads\/2025\/08\/JACKSeatedWhiteBackground_ShervinLainez-1536x1024.jpg 1536w, https:\/\/www.ecoitaliano.com.ar\/wp-content\/uploads\/2025\/08\/JACKSeatedWhiteBackground_ShervinLainez-2048x1366.jpg 2048w, https:\/\/www.ecoitaliano.com.ar\/wp-content\/uploads\/2025\/08\/JACKSeatedWhiteBackground_ShervinLainez-150x100.jpg 150w\" sizes=\"(max-width: 1024px) 100vw, 1024px\" \/><\/a><\/figure>\n\n\n\n<figure class=\"wp-block-image size-large\"><a href=\"https:\/\/www.ecoitaliano.com.ar\/wp-content\/uploads\/2025\/08\/M-Sicilia-scaled.jpg\"><img decoding=\"async\" width=\"1024\" height=\"787\" data-id=\"78086\" src=\"https:\/\/www.ecoitaliano.com.ar\/wp-content\/uploads\/2025\/08\/M-Sicilia-1024x787.jpg\" alt=\"\" class=\"wp-image-78086\" srcset=\"https:\/\/www.ecoitaliano.com.ar\/wp-content\/uploads\/2025\/08\/M-Sicilia-1024x787.jpg 1024w, https:\/\/www.ecoitaliano.com.ar\/wp-content\/uploads\/2025\/08\/M-Sicilia-300x231.jpg 300w, https:\/\/www.ecoitaliano.com.ar\/wp-content\/uploads\/2025\/08\/M-Sicilia-768x590.jpg 768w, https:\/\/www.ecoitaliano.com.ar\/wp-content\/uploads\/2025\/08\/M-Sicilia-1536x1181.jpg 1536w, https:\/\/www.ecoitaliano.com.ar\/wp-content\/uploads\/2025\/08\/M-Sicilia-2048x1574.jpg 2048w, https:\/\/www.ecoitaliano.com.ar\/wp-content\/uploads\/2025\/08\/M-Sicilia-150x115.jpg 150w\" sizes=\"(max-width: 1024px) 100vw, 1024px\" \/><\/a><\/figure>\n\n\n\n<figure class=\"wp-block-image size-large\"><a href=\"https:\/\/www.ecoitaliano.com.ar\/wp-content\/uploads\/2025\/08\/Macabre-Palermo-IMG_0866.jpg\"><img decoding=\"async\" width=\"1024\" height=\"683\" data-id=\"78087\" src=\"https:\/\/www.ecoitaliano.com.ar\/wp-content\/uploads\/2025\/08\/Macabre-Palermo-IMG_0866-1024x683.jpg\" alt=\"\" class=\"wp-image-78087\" srcset=\"https:\/\/www.ecoitaliano.com.ar\/wp-content\/uploads\/2025\/08\/Macabre-Palermo-IMG_0866-1024x683.jpg 1024w, https:\/\/www.ecoitaliano.com.ar\/wp-content\/uploads\/2025\/08\/Macabre-Palermo-IMG_0866-300x200.jpg 300w, https:\/\/www.ecoitaliano.com.ar\/wp-content\/uploads\/2025\/08\/Macabre-Palermo-IMG_0866-768x512.jpg 768w, https:\/\/www.ecoitaliano.com.ar\/wp-content\/uploads\/2025\/08\/Macabre-Palermo-IMG_0866-150x100.jpg 150w, https:\/\/www.ecoitaliano.com.ar\/wp-content\/uploads\/2025\/08\/Macabre-Palermo-IMG_0866.jpg 1500w\" sizes=\"(max-width: 1024px) 100vw, 1024px\" \/><\/a><\/figure>\n\n\n\n<figure class=\"wp-block-image size-large\"><a href=\"https:\/\/www.ecoitaliano.com.ar\/wp-content\/uploads\/2025\/08\/Manon_Massenet_Foto-Daniele-Ratti-Mattia-Gaido-Simone-Borrasi-\u220f-Teatro-Regio-Torino-2048x1365-1.jpg\"><img decoding=\"async\" width=\"1024\" height=\"683\" data-id=\"78088\" src=\"https:\/\/www.ecoitaliano.com.ar\/wp-content\/uploads\/2025\/08\/Manon_Massenet_Foto-Daniele-Ratti-Mattia-Gaido-Simone-Borrasi-\u220f-Teatro-Regio-Torino-2048x1365-1-1024x683.jpg\" alt=\"\" class=\"wp-image-78088\" srcset=\"https:\/\/www.ecoitaliano.com.ar\/wp-content\/uploads\/2025\/08\/Manon_Massenet_Foto-Daniele-Ratti-Mattia-Gaido-Simone-Borrasi-\u220f-Teatro-Regio-Torino-2048x1365-1-1024x683.jpg 1024w, https:\/\/www.ecoitaliano.com.ar\/wp-content\/uploads\/2025\/08\/Manon_Massenet_Foto-Daniele-Ratti-Mattia-Gaido-Simone-Borrasi-\u220f-Teatro-Regio-Torino-2048x1365-1-300x200.jpg 300w, https:\/\/www.ecoitaliano.com.ar\/wp-content\/uploads\/2025\/08\/Manon_Massenet_Foto-Daniele-Ratti-Mattia-Gaido-Simone-Borrasi-\u220f-Teatro-Regio-Torino-2048x1365-1-768x512.jpg 768w, https:\/\/www.ecoitaliano.com.ar\/wp-content\/uploads\/2025\/08\/Manon_Massenet_Foto-Daniele-Ratti-Mattia-Gaido-Simone-Borrasi-\u220f-Teatro-Regio-Torino-2048x1365-1-1536x1024.jpg 1536w, https:\/\/www.ecoitaliano.com.ar\/wp-content\/uploads\/2025\/08\/Manon_Massenet_Foto-Daniele-Ratti-Mattia-Gaido-Simone-Borrasi-\u220f-Teatro-Regio-Torino-2048x1365-1-150x100.jpg 150w, https:\/\/www.ecoitaliano.com.ar\/wp-content\/uploads\/2025\/08\/Manon_Massenet_Foto-Daniele-Ratti-Mattia-Gaido-Simone-Borrasi-\u220f-Teatro-Regio-Torino-2048x1365-1.jpg 2048w\" sizes=\"(max-width: 1024px) 100vw, 1024px\" \/><\/a><\/figure>\n\n\n\n<figure class=\"wp-block-image size-large\"><a href=\"https:\/\/www.ecoitaliano.com.ar\/wp-content\/uploads\/2025\/08\/Mefistofele-Fenice_DSC6966_0-scaled.jpeg\"><img decoding=\"async\" width=\"1024\" height=\"726\" data-id=\"78089\" src=\"https:\/\/www.ecoitaliano.com.ar\/wp-content\/uploads\/2025\/08\/Mefistofele-Fenice_DSC6966_0-1024x726.jpeg\" alt=\"\" class=\"wp-image-78089\" srcset=\"https:\/\/www.ecoitaliano.com.ar\/wp-content\/uploads\/2025\/08\/Mefistofele-Fenice_DSC6966_0-1024x726.jpeg 1024w, https:\/\/www.ecoitaliano.com.ar\/wp-content\/uploads\/2025\/08\/Mefistofele-Fenice_DSC6966_0-300x213.jpeg 300w, https:\/\/www.ecoitaliano.com.ar\/wp-content\/uploads\/2025\/08\/Mefistofele-Fenice_DSC6966_0-768x544.jpeg 768w, https:\/\/www.ecoitaliano.com.ar\/wp-content\/uploads\/2025\/08\/Mefistofele-Fenice_DSC6966_0-1536x1089.jpeg 1536w, https:\/\/www.ecoitaliano.com.ar\/wp-content\/uploads\/2025\/08\/Mefistofele-Fenice_DSC6966_0-2048x1452.jpeg 2048w, https:\/\/www.ecoitaliano.com.ar\/wp-content\/uploads\/2025\/08\/Mefistofele-Fenice_DSC6966_0-150x106.jpeg 150w\" sizes=\"(max-width: 1024px) 100vw, 1024px\" \/><\/a><\/figure>\n\n\n\n<figure class=\"wp-block-image size-large\"><a href=\"https:\/\/www.ecoitaliano.com.ar\/wp-content\/uploads\/2025\/08\/Molinari-scaled.jpg\"><img decoding=\"async\" width=\"1024\" height=\"576\" data-id=\"78090\" src=\"https:\/\/www.ecoitaliano.com.ar\/wp-content\/uploads\/2025\/08\/Molinari-1024x576.jpg\" alt=\"\" class=\"wp-image-78090\" srcset=\"https:\/\/www.ecoitaliano.com.ar\/wp-content\/uploads\/2025\/08\/Molinari-1024x576.jpg 1024w, https:\/\/www.ecoitaliano.com.ar\/wp-content\/uploads\/2025\/08\/Molinari-300x169.jpg 300w, https:\/\/www.ecoitaliano.com.ar\/wp-content\/uploads\/2025\/08\/Molinari-768x432.jpg 768w, https:\/\/www.ecoitaliano.com.ar\/wp-content\/uploads\/2025\/08\/Molinari-1536x864.jpg 1536w, https:\/\/www.ecoitaliano.com.ar\/wp-content\/uploads\/2025\/08\/Molinari-2048x1152.jpg 2048w, https:\/\/www.ecoitaliano.com.ar\/wp-content\/uploads\/2025\/08\/Molinari-150x84.jpg 150w\" sizes=\"(max-width: 1024px) 100vw, 1024px\" \/><\/a><\/figure>\n\n\n\n<figure class=\"wp-block-image size-large\"><a href=\"https:\/\/www.ecoitaliano.com.ar\/wp-content\/uploads\/2025\/08\/Pesaro-20-VIII-2024-Ermione-6-scaled-1-scaled.jpg\"><img decoding=\"async\" width=\"1024\" height=\"747\" data-id=\"78091\" src=\"https:\/\/www.ecoitaliano.com.ar\/wp-content\/uploads\/2025\/08\/Pesaro-20-VIII-2024-Ermione-6-scaled-1-1024x747.jpg\" alt=\"\" class=\"wp-image-78091\" srcset=\"https:\/\/www.ecoitaliano.com.ar\/wp-content\/uploads\/2025\/08\/Pesaro-20-VIII-2024-Ermione-6-scaled-1-1024x747.jpg 1024w, https:\/\/www.ecoitaliano.com.ar\/wp-content\/uploads\/2025\/08\/Pesaro-20-VIII-2024-Ermione-6-scaled-1-300x219.jpg 300w, https:\/\/www.ecoitaliano.com.ar\/wp-content\/uploads\/2025\/08\/Pesaro-20-VIII-2024-Ermione-6-scaled-1-768x560.jpg 768w, https:\/\/www.ecoitaliano.com.ar\/wp-content\/uploads\/2025\/08\/Pesaro-20-VIII-2024-Ermione-6-scaled-1-1536x1120.jpg 1536w, https:\/\/www.ecoitaliano.com.ar\/wp-content\/uploads\/2025\/08\/Pesaro-20-VIII-2024-Ermione-6-scaled-1-2048x1493.jpg 2048w, https:\/\/www.ecoitaliano.com.ar\/wp-content\/uploads\/2025\/08\/Pesaro-20-VIII-2024-Ermione-6-scaled-1-150x109.jpg 150w\" sizes=\"(max-width: 1024px) 100vw, 1024px\" \/><\/a><\/figure>\n\n\n\n<figure class=\"wp-block-image size-large\"><a href=\"https:\/\/www.ecoitaliano.com.ar\/wp-content\/uploads\/2025\/08\/Rusalka_Teatro-di-San-Carlo_2024_ph.Luciano-Romano-4206_0-scaled.jpg\"><img decoding=\"async\" width=\"1024\" height=\"683\" data-id=\"78092\" src=\"https:\/\/www.ecoitaliano.com.ar\/wp-content\/uploads\/2025\/08\/Rusalka_Teatro-di-San-Carlo_2024_ph.Luciano-Romano-4206_0-1024x683.jpg\" alt=\"\" class=\"wp-image-78092\" srcset=\"https:\/\/www.ecoitaliano.com.ar\/wp-content\/uploads\/2025\/08\/Rusalka_Teatro-di-San-Carlo_2024_ph.Luciano-Romano-4206_0-1024x683.jpg 1024w, https:\/\/www.ecoitaliano.com.ar\/wp-content\/uploads\/2025\/08\/Rusalka_Teatro-di-San-Carlo_2024_ph.Luciano-Romano-4206_0-300x200.jpg 300w, https:\/\/www.ecoitaliano.com.ar\/wp-content\/uploads\/2025\/08\/Rusalka_Teatro-di-San-Carlo_2024_ph.Luciano-Romano-4206_0-768x512.jpg 768w, https:\/\/www.ecoitaliano.com.ar\/wp-content\/uploads\/2025\/08\/Rusalka_Teatro-di-San-Carlo_2024_ph.Luciano-Romano-4206_0-1536x1025.jpg 1536w, https:\/\/www.ecoitaliano.com.ar\/wp-content\/uploads\/2025\/08\/Rusalka_Teatro-di-San-Carlo_2024_ph.Luciano-Romano-4206_0-2048x1366.jpg 2048w, https:\/\/www.ecoitaliano.com.ar\/wp-content\/uploads\/2025\/08\/Rusalka_Teatro-di-San-Carlo_2024_ph.Luciano-Romano-4206_0-150x100.jpg 150w\" sizes=\"(max-width: 1024px) 100vw, 1024px\" \/><\/a><figcaption class=\"wp-element-caption\">Rusalka<br><br>Fiaba lirica in tre atti<br>Musica di Anton\u00edn Dvo\u0159\u00e1k<br>Libretto di Jaroslav Kvapil<br><br>Inaugurazione Stagione d\u2019Opera 2024\/25<br><br>Direttore | Dan Ettinger<br>Regia e Scene | Dmitri Tcherniakov\u266d<br>Costumi | Elena Zaytseva\u266d<br>Luci | Gleb Filshtinsky\u266d<br>Video Designer | Alexej Poluboyarinov\u266d <br>Lead Animation Artist | Maria Kalatozishvili\u266d<br>Drammaturgia | Tatiana Werestschagina\u266d<br><br>Interpreti<br>Princ \/ Il principe | Adam Smith\u266d<br>Ciz\u00ed kn\u011b\u017ena \/ La principessa straniera | Ekaterina Gubanova<br>Rusalka, ninfa dell\u2019acqua | Asmik Grigorian\u266d<br>Vodn\u00edk (Ondin), lo spirito delle acque | Gabor Bretz\u266d<br>Je\u017eibaba, la strega | Anita Rachvelishvili<br>Hajn\u00fd \/ il guardiacaccia | Peter Hoare\u266d<br>(nella visione del regista, Padre di Rusalka)<br>Kucht\u00edk \/ lo sguattero | Maria Riccarda Wesseling\u266d<br>(nella visione del regista, Madre di Rusalka)<br>1. lesn\u00ed \u017e\u00ednka \/ Prima ninfa del bosco | Julietta Aleksanyan\u266d<br>2. lesn\u00ed \u017e\u00ednka \/ Seconda ninfa del bosco  | Iulia Maria Dan\u266d<br>3. lesn\u00ed \u017e\u00ednka \/ Terza ninfa del bosco  | Valentina Pluzhnikova<br>Lovec \/ Il cacciatore | Andrey Zhilikhovsky\u266d<br><br>Orchestra e Coro del Teatro di San Carlo<br>Maestro del Coro | Fabrizio Cassi<br><br>Nuova Produzione del Teatro di San Carlo<br><br>\u266d debutto al Teatro di San Carlo<br><br> <br><br>Teatro di San Carlo | CREMISI<br>mercoled\u00ec 20 novembre 2024, ore 20:00 \u2013 A \u2013 INAUGURAZIONE  \u2013 I<br>marted\u00ec 26 novembre 2024, ore 20:00 \u2013 C\/D \u2013 CREMISI \u2013 III<br>marted\u00ec 3 dicembre 2024, ore 20:00 \u2013 B \u2013 CREMISI \u2013 III<br>gioved\u00ec 5 dicembre 2024, ore 20:00 \u2013 F. A. \u2013 CREMISI \u2013 III<br>sabato 7 dicembre 2024, ore 17:00 \u2013 F \u2013  CREMISI \u2013 II<br><br>Opera in ceco con sovratitoli in italiano e inglese<br>Durata: 3 ore e 30 minuti circa, con due intervalli<\/figcaption><\/figure>\n\n\n\n<figure class=\"wp-block-image size-large\"><a href=\"https:\/\/www.ecoitaliano.com.ar\/wp-content\/uploads\/2025\/08\/Social-Opera-2024_Jesi_foto-Marco-Pozzi.webp\"><img decoding=\"async\" width=\"1024\" height=\"592\" data-id=\"78093\" src=\"https:\/\/www.ecoitaliano.com.ar\/wp-content\/uploads\/2025\/08\/Social-Opera-2024_Jesi_foto-Marco-Pozzi-1024x592.webp\" alt=\"\" class=\"wp-image-78093\" srcset=\"https:\/\/www.ecoitaliano.com.ar\/wp-content\/uploads\/2025\/08\/Social-Opera-2024_Jesi_foto-Marco-Pozzi-1024x592.webp 1024w, https:\/\/www.ecoitaliano.com.ar\/wp-content\/uploads\/2025\/08\/Social-Opera-2024_Jesi_foto-Marco-Pozzi-300x173.webp 300w, https:\/\/www.ecoitaliano.com.ar\/wp-content\/uploads\/2025\/08\/Social-Opera-2024_Jesi_foto-Marco-Pozzi-768x444.webp 768w, https:\/\/www.ecoitaliano.com.ar\/wp-content\/uploads\/2025\/08\/Social-Opera-2024_Jesi_foto-Marco-Pozzi-150x87.webp 150w, https:\/\/www.ecoitaliano.com.ar\/wp-content\/uploads\/2025\/08\/Social-Opera-2024_Jesi_foto-Marco-Pozzi.webp 1280w\" sizes=\"(max-width: 1024px) 100vw, 1024px\" \/><\/a><\/figure>\n\n\n\n<figure class=\"wp-block-image size-large\"><a href=\"https:\/\/www.ecoitaliano.com.ar\/wp-content\/uploads\/2025\/08\/TjeknavoriancSergioBertani_SBZ1127R2351.jpg\"><img decoding=\"async\" width=\"1024\" height=\"683\" data-id=\"78094\" src=\"https:\/\/www.ecoitaliano.com.ar\/wp-content\/uploads\/2025\/08\/TjeknavoriancSergioBertani_SBZ1127R2351-1024x683.jpg\" alt=\"\" class=\"wp-image-78094\" srcset=\"https:\/\/www.ecoitaliano.com.ar\/wp-content\/uploads\/2025\/08\/TjeknavoriancSergioBertani_SBZ1127R2351-1024x683.jpg 1024w, https:\/\/www.ecoitaliano.com.ar\/wp-content\/uploads\/2025\/08\/TjeknavoriancSergioBertani_SBZ1127R2351-300x200.jpg 300w, https:\/\/www.ecoitaliano.com.ar\/wp-content\/uploads\/2025\/08\/TjeknavoriancSergioBertani_SBZ1127R2351-768x512.jpg 768w, https:\/\/www.ecoitaliano.com.ar\/wp-content\/uploads\/2025\/08\/TjeknavoriancSergioBertani_SBZ1127R2351-1536x1024.jpg 1536w, https:\/\/www.ecoitaliano.com.ar\/wp-content\/uploads\/2025\/08\/TjeknavoriancSergioBertani_SBZ1127R2351-2048x1366.jpg 2048w, https:\/\/www.ecoitaliano.com.ar\/wp-content\/uploads\/2025\/08\/TjeknavoriancSergioBertani_SBZ1127R2351-150x100.jpg 150w\" sizes=\"(max-width: 1024px) 100vw, 1024px\" \/><\/a><\/figure>\n\n\n\n<figure class=\"wp-block-image size-large\"><a href=\"https:\/\/www.ecoitaliano.com.ar\/wp-content\/uploads\/2025\/08\/Trio-Rinaldo_2-scaled-1.jpg\"><img decoding=\"async\" width=\"683\" height=\"1024\" data-id=\"78095\" src=\"https:\/\/www.ecoitaliano.com.ar\/wp-content\/uploads\/2025\/08\/Trio-Rinaldo_2-scaled-1-683x1024.jpg\" alt=\"\" class=\"wp-image-78095\" srcset=\"https:\/\/www.ecoitaliano.com.ar\/wp-content\/uploads\/2025\/08\/Trio-Rinaldo_2-scaled-1-683x1024.jpg 683w, https:\/\/www.ecoitaliano.com.ar\/wp-content\/uploads\/2025\/08\/Trio-Rinaldo_2-scaled-1-200x300.jpg 200w, https:\/\/www.ecoitaliano.com.ar\/wp-content\/uploads\/2025\/08\/Trio-Rinaldo_2-scaled-1-768x1152.jpg 768w, https:\/\/www.ecoitaliano.com.ar\/wp-content\/uploads\/2025\/08\/Trio-Rinaldo_2-scaled-1-1024x1536.jpg 1024w, https:\/\/www.ecoitaliano.com.ar\/wp-content\/uploads\/2025\/08\/Trio-Rinaldo_2-scaled-1-1366x2048.jpg 1366w, https:\/\/www.ecoitaliano.com.ar\/wp-content\/uploads\/2025\/08\/Trio-Rinaldo_2-scaled-1-100x150.jpg 100w, https:\/\/www.ecoitaliano.com.ar\/wp-content\/uploads\/2025\/08\/Trio-Rinaldo_2-scaled-1.jpg 1707w\" sizes=\"(max-width: 683px) 100vw, 683px\" \/><\/a><\/figure>\n<\/figure>\n","protected":false},"excerpt":{"rendered":"<p>comunicato stampa A Pesaro la premiazione del 44\u00b0 Premio della critica musicale\u201cFranco Abbiati\u201d Al Teatro Rossini questa mattina, domenica 10 [&hellip;]<\/p>\n","protected":false},"author":1,"featured_media":0,"comment_status":"open","ping_status":"open","sticky":false,"template":"","format":"standard","meta":{"footnotes":""},"categories":[1],"tags":[],"class_list":["post-78078","post","type-post","status-publish","format-standard","hentry","category-sin-categoria"],"_links":{"self":[{"href":"https:\/\/www.ecoitaliano.com.ar\/index.php?rest_route=\/wp\/v2\/posts\/78078","targetHints":{"allow":["GET"]}}],"collection":[{"href":"https:\/\/www.ecoitaliano.com.ar\/index.php?rest_route=\/wp\/v2\/posts"}],"about":[{"href":"https:\/\/www.ecoitaliano.com.ar\/index.php?rest_route=\/wp\/v2\/types\/post"}],"author":[{"embeddable":true,"href":"https:\/\/www.ecoitaliano.com.ar\/index.php?rest_route=\/wp\/v2\/users\/1"}],"replies":[{"embeddable":true,"href":"https:\/\/www.ecoitaliano.com.ar\/index.php?rest_route=%2Fwp%2Fv2%2Fcomments&post=78078"}],"version-history":[{"count":1,"href":"https:\/\/www.ecoitaliano.com.ar\/index.php?rest_route=\/wp\/v2\/posts\/78078\/revisions"}],"predecessor-version":[{"id":78096,"href":"https:\/\/www.ecoitaliano.com.ar\/index.php?rest_route=\/wp\/v2\/posts\/78078\/revisions\/78096"}],"wp:attachment":[{"href":"https:\/\/www.ecoitaliano.com.ar\/index.php?rest_route=%2Fwp%2Fv2%2Fmedia&parent=78078"}],"wp:term":[{"taxonomy":"category","embeddable":true,"href":"https:\/\/www.ecoitaliano.com.ar\/index.php?rest_route=%2Fwp%2Fv2%2Fcategories&post=78078"},{"taxonomy":"post_tag","embeddable":true,"href":"https:\/\/www.ecoitaliano.com.ar\/index.php?rest_route=%2Fwp%2Fv2%2Ftags&post=78078"}],"curies":[{"name":"wp","href":"https:\/\/api.w.org\/{rel}","templated":true}]}}