{"id":78204,"date":"2025-08-14T10:00:53","date_gmt":"2025-08-14T10:00:53","guid":{"rendered":"https:\/\/www.ecoitaliano.com.ar\/?p=78204"},"modified":"2025-08-14T10:01:12","modified_gmt":"2025-08-14T10:01:12","slug":"la-mostra-del-cinema-di-venezia-2025-un-festival-di-cinema-e-cultura","status":"publish","type":"post","link":"https:\/\/www.ecoitaliano.com.ar\/?p=78204","title":{"rendered":"La mostra del cinema di Venezia 2025: un festival di cinema e cultura"},"content":{"rendered":"\n<figure class=\"wp-block-table\"><table><tbody><tr><td><em>Carlo Di Stanislao<\/em><\/td><\/tr><\/tbody><\/table><\/figure>\n\n\n<div class=\"wp-block-image\">\n<figure class=\"aligncenter size-full\"><a href=\"http:\/\/www.ecoitaliano.com.ar\/wp-content\/uploads\/2025\/08\/images-2.jpeg\"><img decoding=\"async\" width=\"225\" height=\"225\" src=\"http:\/\/www.ecoitaliano.com.ar\/wp-content\/uploads\/2025\/08\/images-2.jpeg\" alt=\"\" class=\"wp-image-78165\" srcset=\"https:\/\/www.ecoitaliano.com.ar\/wp-content\/uploads\/2025\/08\/images-2.jpeg 225w, https:\/\/www.ecoitaliano.com.ar\/wp-content\/uploads\/2025\/08\/images-2-150x150.jpeg 150w\" sizes=\"(max-width: 225px) 100vw, 225px\" \/><\/a><\/figure><\/div>\n\n\n<blockquote class=\"wp-block-quote is-layout-flow wp-block-quote-is-layout-flow\">\n<p>\u00ab<em>Il cinena \u00e8 cultura e la cultura non \u00e8 un lusso, \u00e8 una necessit\u00e0.\u00bb<br>\u2014 Umberto Eco<\/em><\/p>\n<\/blockquote>\n\n\n\n<p><strong><em>Introduzione<\/em><\/strong><\/p>\n\n\n\n<p>La 82\u00aa Mostra Internazionale d&#8217;Arte Cinematografica di Venezia, in programma dal 27 agosto al 6 settembre 2025 al Lido di Venezia, si preannuncia come un evento straordinario che celebra il potere del cinema di raccontare storie universali e toccare le corde pi\u00f9 profonde dell&#8217;animo umano. Diretta da Alberto Barbera e organizzata dalla Biennale presieduta da Pietrangelo Buttafuoco, la mostra si distingue per la sua capacit\u00e0 di offrire un palcoscenico privilegiato a opere cinematografiche di qualit\u00e0 e innovazione.<\/p>\n\n\n\n<p><strong>Lo spot di presentazione: un&#8217;opera visiva<\/strong><\/p>\n\n\n\n<p>Lo spot di presentazione della Mostra del Cinema di Venezia 2025 si configura come una vera e propria opera d&#8217;arte visiva. Diretto da un maestro del cinema contemporaneo, lo spot cattura l&#8217;essenza del festival attraverso immagini suggestive e simboliche che evocano il fascino e la magia del grande schermo. Le sequenze, caratterizzate da una regia raffinata e da una fotografia impeccabile, trasmettono l&#8217;emozione e l&#8217;attesa che precedono l&#8217;inizio di un evento cinematografico di tale portata. La colonna sonora, scelta con cura, accompagna le immagini amplificando l&#8217;impatto emotivo e creando un&#8217;atmosfera di grande suggestione. In sintesi, lo spot non \u00e8 solo un invito a partecipare al festival, ma una dichiarazione d&#8217;amore al cinema in tutte le sue forme.<\/p>\n\n\n\n<p><strong>Come partecipare<\/strong><\/p>\n\n\n\n<p>Per partecipare alla Mostra del Cinema di Venezia 2025, \u00e8 necessario essere in possesso di un accredito, di un abbonamento o di un biglietto. I biglietti per il pubblico sono disponibili sul sito ufficiale della Biennale di Venezia, con la possibilit\u00e0 di acquistare i pass per le singole proiezioni o per intere giornate. \u00c8 consigliabile prenotare con anticipo, data l&#8217;elevata affluenza di visitatori e la limitata disponibilit\u00e0 di posti.<\/p>\n\n\n\n<p><strong>Date<\/strong><\/p>\n\n\n\n<p>Il festival si svolger\u00e0 dal 27 agosto al 6 settembre 2025, un periodo che coincide con l&#8217;inizio dell&#8217;autunno e che, con le sue giornate ancora lunghe e calde, offre il contesto ideale per vivere l&#8217;esperienza cinematografica al massimo. Le proiezioni si terranno al Lido di Venezia, una location che con la sua eleganza e il suo fascino senza tempo aggiunge un valore inestimabile all&#8217;intera manifestazione.<\/p>\n\n\n\n<p><strong>Giuria e presidenza<\/strong><\/p>\n\n\n\n<p>La giuria del Concorso Venezia 82 sar\u00e0 presieduta dal rinomato regista statunitense Alexander Payne, noto per film come&nbsp;<em>Sideways<\/em>&nbsp;e&nbsp;<em>The Descendants<\/em>. Accanto a lui, una selezione di professionisti del cinema di altissimo livello:<\/p>\n\n\n\n<ul class=\"wp-block-list\">\n<li>St\u00e9phane Briz\u00e9 (Francia) \u2013 regista e sceneggiatore<\/li>\n\n\n\n<li>Maura Delpero (Italia) \u2013 regista e sceneggiatrice<\/li>\n\n\n\n<li>Cristian Mungiu (Romania) \u2013 regista, sceneggiatore e produttore<\/li>\n\n\n\n<li>Mohammad Rasoulof (Iran) \u2013 regista, sceneggiatore e produttore<\/li>\n\n\n\n<li>Fernanda Torres (Brasile) \u2013 attrice<\/li>\n\n\n\n<li>Zhao Tao (Cina) \u2013 attrice<\/li>\n<\/ul>\n\n\n\n<p>Questa giuria rappresenta un crogiolo di culture e esperienze cinematografiche, garantendo una valutazione equilibrata e approfondita delle opere in concorso.<\/p>\n\n\n\n<p><strong>Sezioni<\/strong><\/p>\n\n\n\n<p>La Mostra del Cinema di Venezia 2025 si articola in diverse sezioni, ognuna delle quali offre una prospettiva unica sul panorama cinematografico mondiale:<\/p>\n\n\n\n<ul class=\"wp-block-list\">\n<li>Concorso: dedicato a film rappresentativi di nuove tendenze estetiche ed espressive del cinema mondiale, con particolare riguardo per gli esordi e gli autori emergenti<\/li>\n\n\n\n<li>Orizzonti: concorso internazionale dedicato a film rappresentativi di nuove tendenze estetiche ed espressive del cinema mondiale, con particolare riguardo per gli esordi, gli autori emergenti, le cinematografie minori e meno conosciute<\/li>\n\n\n\n<li>Venezia Spotlight: selezione di opere sino a un massimo di 10 titoli, senza vincoli di genere, caratterizzati da intenti d\u2019innovazione e di originalit\u00e0 creativa nel rapporto con il pubblico cui sono rivolti<\/li>\n\n\n\n<li>Venezia Classici: presentazione di film restaurati e retrospettive su grandi maestri del passato<\/li>\n\n\n\n<li>Venice Immersive: sezione dedicata alle opere di realt\u00e0 virtuale e nuove tecnologie applicate al cinema<\/li>\n<\/ul>\n\n\n\n<p>Le sezioni autonome parallele come la Settimana Internazionale della Critica e le Giornate degli Autori arricchiscono ulteriormente l&#8217;offerta, presentando opere di registi emergenti e progetti indipendenti.<\/p>\n\n\n\n<p><strong>Film attesi<\/strong><\/p>\n\n\n\n<p>L&#8217;82\u00aa Mostra del Cinema di Venezia promette una selezione di film di altissimo livello. Tra i titoli pi\u00f9 attesi spicca&nbsp;<em>La Grazia<\/em>&nbsp;di Paolo Sorrentino, che inaugurer\u00e0 il festival, e&nbsp;<em>Chien 51<\/em>&nbsp;di C\u00e9dric Jimenez, che chiuder\u00e0 l&#8217;evento. Questi film rappresentano solo la punta dell&#8217;iceberg di una programmazione ricca e variegata, che include opere di registi affermati e nuove promesse del cinema internazionale.<\/p>\n\n\n\n<p><strong>Conclusione<\/strong><\/p>\n\n\n\n<p>L&#8217;82\u00aa Mostra del Cinema di Venezia si preannuncia come un evento imperdibile per gli appassionati di cinema e per chiunque desideri vivere un&#8217;esperienza culturale unica. Con una selezione di film di qualit\u00e0, una giuria di eccellenza e una location affascinante, il festival rappresenta un&#8217;occasione straordinaria per immergersi nel mondo del grande schermo e scoprire le storie che plasmeranno il futuro del cinema.<\/p>\n\n\n\n<p>Per ulteriori informazioni e per acquistare i biglietti, visita il sito ufficiale della Biennale di Venezia:&nbsp;<a href=\"https:\/\/www.labiennale.org\/it\/cinema\/2025\" target=\"_blank\" rel=\"noreferrer noopener\">www.labiennale.org<\/a><\/p>\n","protected":false},"excerpt":{"rendered":"<p>Carlo Di Stanislao \u00abIl cinena \u00e8 cultura e la cultura non \u00e8 un lusso, \u00e8 una necessit\u00e0.\u00bb\u2014 Umberto Eco Introduzione [&hellip;]<\/p>\n","protected":false},"author":1,"featured_media":0,"comment_status":"open","ping_status":"open","sticky":false,"template":"","format":"standard","meta":{"footnotes":""},"categories":[33,10],"tags":[],"class_list":["post-78204","post","type-post","status-publish","format-standard","hentry","category-espectaculo","category-italiano"],"_links":{"self":[{"href":"https:\/\/www.ecoitaliano.com.ar\/index.php?rest_route=\/wp\/v2\/posts\/78204","targetHints":{"allow":["GET"]}}],"collection":[{"href":"https:\/\/www.ecoitaliano.com.ar\/index.php?rest_route=\/wp\/v2\/posts"}],"about":[{"href":"https:\/\/www.ecoitaliano.com.ar\/index.php?rest_route=\/wp\/v2\/types\/post"}],"author":[{"embeddable":true,"href":"https:\/\/www.ecoitaliano.com.ar\/index.php?rest_route=\/wp\/v2\/users\/1"}],"replies":[{"embeddable":true,"href":"https:\/\/www.ecoitaliano.com.ar\/index.php?rest_route=%2Fwp%2Fv2%2Fcomments&post=78204"}],"version-history":[{"count":1,"href":"https:\/\/www.ecoitaliano.com.ar\/index.php?rest_route=\/wp\/v2\/posts\/78204\/revisions"}],"predecessor-version":[{"id":78205,"href":"https:\/\/www.ecoitaliano.com.ar\/index.php?rest_route=\/wp\/v2\/posts\/78204\/revisions\/78205"}],"wp:attachment":[{"href":"https:\/\/www.ecoitaliano.com.ar\/index.php?rest_route=%2Fwp%2Fv2%2Fmedia&parent=78204"}],"wp:term":[{"taxonomy":"category","embeddable":true,"href":"https:\/\/www.ecoitaliano.com.ar\/index.php?rest_route=%2Fwp%2Fv2%2Fcategories&post=78204"},{"taxonomy":"post_tag","embeddable":true,"href":"https:\/\/www.ecoitaliano.com.ar\/index.php?rest_route=%2Fwp%2Fv2%2Ftags&post=78204"}],"curies":[{"name":"wp","href":"https:\/\/api.w.org\/{rel}","templated":true}]}}