{"id":78302,"date":"2025-08-18T18:32:14","date_gmt":"2025-08-18T18:32:14","guid":{"rendered":"https:\/\/www.ecoitaliano.com.ar\/?p=78302"},"modified":"2025-08-18T18:32:37","modified_gmt":"2025-08-18T18:32:37","slug":"il-viaggio-a-reims-frizzante-come-sempre","status":"publish","type":"post","link":"https:\/\/www.ecoitaliano.com.ar\/?p=78302","title":{"rendered":"Il Viaggio a Reims: frizzante come sempre"},"content":{"rendered":"<div class=\"wp-block-image\">\n<figure class=\"aligncenter size-large is-resized\"><a href=\"http:\/\/www.ecoitaliano.com.ar\/wp-content\/uploads\/2025\/08\/VIAF-4.jpg\"><img decoding=\"async\" width=\"1024\" height=\"655\" src=\"http:\/\/www.ecoitaliano.com.ar\/wp-content\/uploads\/2025\/08\/VIAF-4-1024x655.jpg\" alt=\"\" class=\"wp-image-78303\" style=\"width:446px;height:auto\" srcset=\"https:\/\/www.ecoitaliano.com.ar\/wp-content\/uploads\/2025\/08\/VIAF-4-1024x655.jpg 1024w, https:\/\/www.ecoitaliano.com.ar\/wp-content\/uploads\/2025\/08\/VIAF-4-300x192.jpg 300w, https:\/\/www.ecoitaliano.com.ar\/wp-content\/uploads\/2025\/08\/VIAF-4-768x491.jpg 768w, https:\/\/www.ecoitaliano.com.ar\/wp-content\/uploads\/2025\/08\/VIAF-4-1536x983.jpg 1536w, https:\/\/www.ecoitaliano.com.ar\/wp-content\/uploads\/2025\/08\/VIAF-4-2048x1310.jpg 2048w, https:\/\/www.ecoitaliano.com.ar\/wp-content\/uploads\/2025\/08\/VIAF-4-150x96.jpg 150w\" sizes=\"(max-width: 1024px) 100vw, 1024px\" \/><\/a><\/figure><\/div>\n\n\n<p>&nbsp; &nbsp; &nbsp; &nbsp; &nbsp; &nbsp; &nbsp; &nbsp; &nbsp; &nbsp; &nbsp; &nbsp; &nbsp; &nbsp; &nbsp; &nbsp; &nbsp; &nbsp; &nbsp; &nbsp; &nbsp; &nbsp; &nbsp; &nbsp; &nbsp; &nbsp; &nbsp; &nbsp; &nbsp; &nbsp; &nbsp; &nbsp; &nbsp; &nbsp; &nbsp; &nbsp; &nbsp; *<\/p>\n\n\n\n<p>Gustoso come tutti gli anni: tutti a Pesaro hanno capito che sto parlando de \u2018<strong>Il Viaggio a Reims\u2019<\/strong>, dramma giocoso in un atto di Luigi Balochi musicato da Gioachino Rossini, nell\u2019edizione critica della Fondazione Rossini di Pesaro, in collaborazione con Casa Ricordi di Milano, a cura di&nbsp;Janet Johnson.<\/p>\n\n\n\n<p>L\u2019opera \u00e8 interpretata, come ogni anno dal 2001, dai giovani cantanti dell\u2019Accademia Rossiniana \u2018Alberto Zedda\u2019, nello storico allestimento ideato da Emilio Sagi e ripreso da Matteo Anselmi (costumi di Pepa Ojanguren e luci di Fabio Rossi). I giovani interpreti e l\u2019Orchestra Sinfonica \u2018G. Rossini\u2019 sono diretti da Alessandro Mazzocchetti (15 e 18 agosto 2025).<\/p>\n\n\n\n<p>Presentata al Th\u00e9\u00e2tre Italien di Parigi il 19 giugno 1825 per celebrare l\u2019incoronazione di Carlo X Re di Francia (avvenuta a Reims il 29 maggio 1825), l\u2019opera fu subito giudicata dalla critica come una delle pi\u00f9 felici creazioni del Compositore pesarese.<\/p>\n\n\n\n<p>La vicenda, poco pi\u00f9 che un pretesto per dare corpo ad una serie di vertiginosi numeri musicali, si svolge a Plombi\u00e8res-les-Bains, nel dipartimento dei Vosgi (attuale regione del Grand Est).<\/p>\n\n\n\n<p>Nell\u2019albergo termale \u201cIl Giglio d\u2019Oro\u201d gestito da Madame Cortese, soggiornano numerosi nobili provenienti da tutta Europa e diretti a Reims per il grande evento. Tra questi il&nbsp;barone di Trombonok (ufficiale tedesco fanatico per la musica),&nbsp;Don Profondo (letterato membro di varie accademie), Don Alvaro (Grande di Spagna), Lord Sidney (l\u2019ospite inglese),&nbsp;il Conte di Libenskof (gentiluomo russo), il Cavalier Belfiore (aitante ufficiale francese) e tante belle signore tra cui la Marchesa Melibea (vedova polacca) e la Contessa di Folleville (graziosa parigina che&nbsp;<em>\u2018delira per le mode\u2019<\/em>).<\/p>\n\n\n\n<p>Dopo varie vicissitudini tra cui l\u2019incidente occorso alla diligenza che trasportava diversi bagagli andati perduti (diverse sono anche le traversie amorose), si apprende che il tanto atteso viaggio non sar\u00e0 realizzabile: in tutta Plombi\u00e8res non esistono pi\u00f9 cavalli da noleggiare e neppure da comprare, dato il gran numero di persone che si sono organizzate da tempo per recarsi alla cerimonia. Lo scoraggiamento \u00e9 generale.&nbsp;&nbsp;<\/p>\n\n\n\n<p>Per fortuna un vetturino apporta in seguito la notizia che una grande festa si terr\u00e0 a Parigi, non appena il Re far\u00e0 ritorno a corte (come potrebbe essere altrimenti?)<\/p>\n\n\n\n<p>Rassicurati in tal senso, gli ospiti iniziano ad organizzare la partenza.<\/p>\n\n\n\n<p>Madama Cortese&nbsp;decide comunque di dar vita nel proprio hotel ad un banchetto (peraltro gi\u00e0 organizzato in parte).<\/p>\n\n\n\n<p>L\u2019esplosione dei brindisi (in onore della famiglia reale) negli stili musicali dei vari Paesi d\u2019origine dei convitati, non si dimentica facilmente!<\/p>\n\n\n\n<p>Di seguito tutti gli interpreti, distinti per data di rappresentazione:<\/p>\n\n\n\n<p>Corinna GRETA DOVERI (15) -ANTONELLA GRANATA (18)<\/p>\n\n\n\n<p>Marchesa Melibea: VALERIA GORBUNOVA (15) -ANNA-HELENA MACLACHLAN (18)<\/p>\n\n\n\n<p>Contessa di Folleville: ARINA VEREVKINA (15) -LAURA KHAMZATOVA (18)<\/p>\n\n\n\n<p>Madama Cortese: VITTORIA BRUGNOLO (15) -ROSALBA DUCATO (18)<\/p>\n\n\n\n<p>Cavalier Belfiore: ALDO SARTORI (15) -ABEL ZAMORA (18)<\/p>\n\n\n\n<p>Conte di Libenskof: KRZYSZTOF LACHMAN (15) -HIROKI KONO (18)<\/p>\n\n\n\n<p>Lord Sidney: AGSHIN KHUDAVERDIYEV (15) -HUIGANG LIU (18)<\/p>\n\n\n\n<p>Don Profondo: JACOB HARRISON (15) -NICOLA FARNESI (18)<\/p>\n\n\n\n<p>Barone di Trombonok: MATTEO TORCASO (15) -MAURIZIO BOVE (18)<\/p>\n\n\n\n<p>Don Alvaro: MAURIZIO BOVE (15) &#8211; JIAZHOU WANG (18)<\/p>\n\n\n\n<p>Don Prudenzio: HUIGANG LIU (15) -JACOB HARRISON (18)<\/p>\n\n\n\n<p>Don Luigino: HIROKI KONO (15) &#8211; ALDO SARTORI (18)<\/p>\n\n\n\n<p>Delia: ROSALBA DUCATO (15) &#8211; VITTORIA BRUGNOLO (18)<\/p>\n\n\n\n<p>Maddalena: ANNA-HELENA MACLACHLAN (15) &#8211; VALERIA GORBUNOVA (18)<\/p>\n\n\n\n<p>Modestina: LAURA KHAMZATOVA (15) -ARINA VEREVKINA (18)<\/p>\n\n\n\n<p>Zefirino \/ Gelsomino: ABEL ZAMORA (15) &#8211; KRZYSZTOF LACHMAN (18)<\/p>\n\n\n\n<p>Antonio: NICOLA FARNESI (15) -MATTEO TORCASO (18)<\/p>\n\n\n\n<p>Paola Cecchini&nbsp;<\/p>\n","protected":false},"excerpt":{"rendered":"<p>&nbsp; &nbsp; &nbsp; &nbsp; &nbsp; &nbsp; &nbsp; &nbsp; &nbsp; &nbsp; &nbsp; &nbsp; &nbsp; &nbsp; &nbsp; &nbsp; &nbsp; &nbsp; &nbsp; &nbsp; [&hellip;]<\/p>\n","protected":false},"author":1,"featured_media":0,"comment_status":"open","ping_status":"open","sticky":false,"template":"","format":"standard","meta":{"footnotes":""},"categories":[33,10],"tags":[],"class_list":["post-78302","post","type-post","status-publish","format-standard","hentry","category-espectaculo","category-italiano"],"_links":{"self":[{"href":"https:\/\/www.ecoitaliano.com.ar\/index.php?rest_route=\/wp\/v2\/posts\/78302","targetHints":{"allow":["GET"]}}],"collection":[{"href":"https:\/\/www.ecoitaliano.com.ar\/index.php?rest_route=\/wp\/v2\/posts"}],"about":[{"href":"https:\/\/www.ecoitaliano.com.ar\/index.php?rest_route=\/wp\/v2\/types\/post"}],"author":[{"embeddable":true,"href":"https:\/\/www.ecoitaliano.com.ar\/index.php?rest_route=\/wp\/v2\/users\/1"}],"replies":[{"embeddable":true,"href":"https:\/\/www.ecoitaliano.com.ar\/index.php?rest_route=%2Fwp%2Fv2%2Fcomments&post=78302"}],"version-history":[{"count":1,"href":"https:\/\/www.ecoitaliano.com.ar\/index.php?rest_route=\/wp\/v2\/posts\/78302\/revisions"}],"predecessor-version":[{"id":78304,"href":"https:\/\/www.ecoitaliano.com.ar\/index.php?rest_route=\/wp\/v2\/posts\/78302\/revisions\/78304"}],"wp:attachment":[{"href":"https:\/\/www.ecoitaliano.com.ar\/index.php?rest_route=%2Fwp%2Fv2%2Fmedia&parent=78302"}],"wp:term":[{"taxonomy":"category","embeddable":true,"href":"https:\/\/www.ecoitaliano.com.ar\/index.php?rest_route=%2Fwp%2Fv2%2Fcategories&post=78302"},{"taxonomy":"post_tag","embeddable":true,"href":"https:\/\/www.ecoitaliano.com.ar\/index.php?rest_route=%2Fwp%2Fv2%2Ftags&post=78302"}],"curies":[{"name":"wp","href":"https:\/\/api.w.org\/{rel}","templated":true}]}}