{"id":78407,"date":"2025-08-22T11:27:02","date_gmt":"2025-08-22T11:27:02","guid":{"rendered":"https:\/\/www.ecoitaliano.com.ar\/?p=78407"},"modified":"2025-08-22T11:27:26","modified_gmt":"2025-08-22T11:27:26","slug":"van-gogh-e-kiefer-il-maestro-e-lallievo","status":"publish","type":"post","link":"https:\/\/www.ecoitaliano.com.ar\/?p=78407","title":{"rendered":"Van Gogh e Kiefer: il maestro e l\u2019allievo"},"content":{"rendered":"\n<figure class=\"wp-block-table\"><table class=\"has-fixed-layout\"><tbody><tr><td><em>Carlo Di Stanislao<\/em><\/td><\/tr><\/tbody><\/table><\/figure>\n\n\n<div class=\"wp-block-image\">\n<figure class=\"aligncenter size-full\"><a href=\"http:\/\/www.ecoitaliano.com.ar\/wp-content\/uploads\/2025\/08\/images-2.jpeg\"><img decoding=\"async\" width=\"225\" height=\"225\" src=\"http:\/\/www.ecoitaliano.com.ar\/wp-content\/uploads\/2025\/08\/images-2.jpeg\" alt=\"\" class=\"wp-image-78165\" srcset=\"https:\/\/www.ecoitaliano.com.ar\/wp-content\/uploads\/2025\/08\/images-2.jpeg 225w, https:\/\/www.ecoitaliano.com.ar\/wp-content\/uploads\/2025\/08\/images-2-150x150.jpeg 150w\" sizes=\"(max-width: 225px) 100vw, 225px\" \/><\/a><\/figure><\/div>\n\n\n<p><em>\u00abUn maestro \u00e8 colui che ci fa vedere ci\u00f2 che non sapevamo di poter vedere.\u00bb<\/em><em>&nbsp;\u2013 Italo Nostromo<\/em><\/p>\n\n\n\n<p>Nelle sale della&nbsp;<strong>Royal Academy di Londra<\/strong>&nbsp;prende vita un confronto unico e straordinario tra due giganti della pittura:&nbsp;<strong>Vincent van Gogh (1853-1890)<\/strong>&nbsp;e&nbsp;<strong>Anselm Kiefer (nato 1945)<\/strong>. Non si tratta solo di una mostra, ma di un dialogo profondo tra due epoche, due sensibilit\u00e0 e due tormenti interiori che si esprimono attraverso la materia, il colore e la memoria. In questa esposizione, il passato e il presente si incontrano, mostrando come l\u2019arte possa trascendere il tempo e rendere visibile ci\u00f2 che altrimenti rimarrebbe nascosto.<\/p>\n\n\n\n<p><strong>Van Gogh: l\u2019emozione che rende visibile il mondo<\/strong><\/p>\n\n\n\n<p><strong>Vincent van Gogh<\/strong>&nbsp;\u00e8 un maestro dell\u2019intensit\u00e0 emotiva. Tele come&nbsp;<em>Campo coperto di neve con erpice<\/em>&nbsp;(1890) e&nbsp;<em>La Crau vista da Montmajour<\/em>&nbsp;(1888) non sono semplici paesaggi: sono finestre sull\u2019anima. Ogni tratto di pennello, ogni vibrazione di colore, rivela la profondit\u00e0 dei sentimenti del pittore. Van Gogh non dipinge solo ci\u00f2 che vede, ma ci\u00f2 che&nbsp;<strong>sente<\/strong>, trasformando la natura in un\u2019esperienza emotiva potente e immediata.<\/p>\n\n\n\n<p>La sua capacit\u00e0 di isolare elementi come i covoni di grano o i campi innevati mostra un\u2019attenzione straordinaria per i dettagli quotidiani e per il loro significato simbolico. Van Gogh vede il mondo come un insieme di emozioni e memoria, dove ogni forma naturale diventa veicolo di introspezione.<\/p>\n\n\n\n<p><strong>Kiefer: la memoria che pesa<\/strong><\/p>\n\n\n\n<p><strong>Anselm Kiefer<\/strong>, nato quasi un secolo dopo Van Gogh, cresce in una Germania segnata dalla Seconda Guerra Mondiale e dalla pesante eredit\u00e0 del passato. Nei suoi diari giovanili, scrive il&nbsp;<strong>4 agosto 1963<\/strong>&nbsp;durante il suo pellegrinaggio nei luoghi di Van Gogh:<\/p>\n\n\n\n<blockquote class=\"wp-block-quote is-layout-flow wp-block-quote-is-layout-flow\">\n<p>\u00ab\u00c8 un vero paesaggio di&nbsp;<strong>Van Gogh<\/strong>, questo. Siamo nel periodo della mietitura del grano. Non ci sono montagne o colline a ostruire la vista. Solo grandi, enormi campi. \u00c8 potente\u00bb.<\/p>\n<\/blockquote>\n\n\n\n<p>Per Kiefer, Van Gogh non \u00e8 solo un modello estetico: \u00e8 un&nbsp;<strong>maestro spirituale<\/strong>, un punto di riferimento per capire come trasmettere emozione, memoria e storia attraverso l\u2019arte. Nei suoi appunti, Kiefer osserva i covoni di grano trasformati in blocchi rettangolari dai macchinari moderni:<\/p>\n\n\n\n<blockquote class=\"wp-block-quote is-layout-flow wp-block-quote-is-layout-flow\">\n<p>\u00abSembrano lapidi. Il campo di grano diventa un cimitero\u00bb.<\/p>\n<\/blockquote>\n\n\n\n<p>Qui emerge la grande differenza: se Van Gogh trasmette emozione pura, Kiefer trasforma la materia in&nbsp;<strong>testimonianza storica<\/strong>, utilizzando sabbia, cenere, piombo, paglia e altri materiali che rendono le sue opere pesanti, stratificate, quasi archeologiche. Ogni strato di materia racconta la storia, il trauma e la memoria collettiva di un\u2019epoca.<\/p>\n\n\n\n<p><strong>Il confronto tra tecniche e materiali<\/strong><\/p>\n\n\n\n<p>Il dialogo tra Van Gogh e Kiefer diventa ancora pi\u00f9 evidente se guardiamo alle tecniche. Van Gogh lavora con&nbsp;<strong>pennellate rapide e vibranti<\/strong>, cercando la luce e il movimento, con colori intensi e saturi che comunicano immediatamente emozione. Kiefer, invece, costruisce&nbsp;<strong>superfici complesse e materiche<\/strong>, usando materiali naturali e industriali per aggiungere spessore simbolico e storico.<\/p>\n\n\n\n<p>Questa differenza tecnica sottolinea un filo invisibile: entrambi cercano di rendere&nbsp;<strong>visibile l\u2019invisibile<\/strong>. Van Gogh esplora il mondo interiore e la bellezza della natura, Kiefer esplora la memoria collettiva e la storia tragica dell\u2019umanit\u00e0. Il confronto tra le loro opere offre quindi una prospettiva completa su come l\u2019arte possa essere&nbsp;<strong>emozione, testimonianza e riflessione<\/strong>&nbsp;allo stesso tempo.<\/p>\n\n\n\n<p><strong>L\u2019importanza della memoria e dei maestri<\/strong><\/p>\n\n\n\n<p>Oggi, tuttavia, sembra che nei campi dell\u2019arte contemporanea&nbsp;<strong>non vi sia quasi pi\u00f9 nessuno che riconosca o ricordi i maestri che ha avuto<\/strong>. Se nel secolo scorso il confronto con chi ci aveva preceduto era fondamentale, oggi siamo passati dal secolo di&nbsp;<strong>Edipo<\/strong>, che cercava risposte nel passato, al secolo di&nbsp;<strong>Narciso<\/strong>, che riflette solo su se stesso. Non \u00e8 chiaro se questa evoluzione sia un progresso o una perdita; resta certo che il legame con la memoria dei grandi \u00e8 essenziale per la profondit\u00e0 dell\u2019arte.<\/p>\n\n\n\n<p>La mostra tra Van Gogh e Kiefer diventa quindi una sorta di&nbsp;<strong>lezione visiva<\/strong>: guardare indietro per capire chi siamo oggi, riconoscere l\u2019eredit\u00e0 dei maestri, comprendere il peso della storia e la forza della memoria.<\/p>\n\n\n\n<p><strong>Perch\u00e9 questo confronto \u00e8 attuale<\/strong><\/p>\n\n\n\n<p>In un mondo segnato dalla velocit\u00e0, dall\u2019immagine usa e getta e dalla frammentazione della memoria, il dialogo tra Van Gogh e Kiefer ricorda che&nbsp;<strong>l\u2019arte rallenta il tempo<\/strong>&nbsp;e rende visibile ci\u00f2 che spesso ignoriamo: il dolore della storia, la bellezza della natura e la profondit\u00e0 delle emozioni.<\/p>\n\n\n\n<p>Questa mostra invita lo spettatore a una&nbsp;<strong>contemplazione consapevole<\/strong>, mostrando come il confronto tra generazioni arricchisca la percezione del mondo e offra una guida per comprendere la nostra epoca attraverso lo sguardo di chi ci ha preceduto.<\/p>\n\n\n\n<p>In definitiva, Van Gogh e Kiefer non sono solo un maestro e un allievo: sono due voci di un unico grande coro artistico, separate da quasi un secolo ma unite da un\u2019intensit\u00e0 che travalica tempo e spazio.&nbsp;<strong>Il loro dialogo ci insegna che l\u2019arte \u00e8 memoria, emozione e testimonianza, ed \u00e8 una finestra aperta sull\u2019invisibile.<\/strong><\/p>\n","protected":false},"excerpt":{"rendered":"<p>Carlo Di Stanislao \u00abUn maestro \u00e8 colui che ci fa vedere ci\u00f2 che non sapevamo di poter vedere.\u00bb&nbsp;\u2013 Italo Nostromo [&hellip;]<\/p>\n","protected":false},"author":1,"featured_media":0,"comment_status":"open","ping_status":"open","sticky":false,"template":"","format":"standard","meta":{"footnotes":""},"categories":[4,10],"tags":[],"class_list":["post-78407","post","type-post","status-publish","format-standard","hentry","category-cultura","category-italiano"],"_links":{"self":[{"href":"https:\/\/www.ecoitaliano.com.ar\/index.php?rest_route=\/wp\/v2\/posts\/78407","targetHints":{"allow":["GET"]}}],"collection":[{"href":"https:\/\/www.ecoitaliano.com.ar\/index.php?rest_route=\/wp\/v2\/posts"}],"about":[{"href":"https:\/\/www.ecoitaliano.com.ar\/index.php?rest_route=\/wp\/v2\/types\/post"}],"author":[{"embeddable":true,"href":"https:\/\/www.ecoitaliano.com.ar\/index.php?rest_route=\/wp\/v2\/users\/1"}],"replies":[{"embeddable":true,"href":"https:\/\/www.ecoitaliano.com.ar\/index.php?rest_route=%2Fwp%2Fv2%2Fcomments&post=78407"}],"version-history":[{"count":1,"href":"https:\/\/www.ecoitaliano.com.ar\/index.php?rest_route=\/wp\/v2\/posts\/78407\/revisions"}],"predecessor-version":[{"id":78408,"href":"https:\/\/www.ecoitaliano.com.ar\/index.php?rest_route=\/wp\/v2\/posts\/78407\/revisions\/78408"}],"wp:attachment":[{"href":"https:\/\/www.ecoitaliano.com.ar\/index.php?rest_route=%2Fwp%2Fv2%2Fmedia&parent=78407"}],"wp:term":[{"taxonomy":"category","embeddable":true,"href":"https:\/\/www.ecoitaliano.com.ar\/index.php?rest_route=%2Fwp%2Fv2%2Fcategories&post=78407"},{"taxonomy":"post_tag","embeddable":true,"href":"https:\/\/www.ecoitaliano.com.ar\/index.php?rest_route=%2Fwp%2Fv2%2Ftags&post=78407"}],"curies":[{"name":"wp","href":"https:\/\/api.w.org\/{rel}","templated":true}]}}