{"id":79688,"date":"2025-09-18T18:35:19","date_gmt":"2025-09-18T18:35:19","guid":{"rendered":"https:\/\/www.ecoitaliano.com.ar\/?p=79688"},"modified":"2025-09-18T18:35:19","modified_gmt":"2025-09-18T18:35:19","slug":"serena-conduce-operaclassica-eco-italiano-4649","status":"publish","type":"post","link":"https:\/\/www.ecoitaliano.com.ar\/?p=79688","title":{"rendered":"Serena conduce operaclassica eco italiano"},"content":{"rendered":"<div class=\"wp-block-image\">\n<figure class=\"aligncenter size-large is-resized\"><a href=\"http:\/\/www.ecoitaliano.com.ar\/wp-content\/uploads\/2025\/08\/TRP-24-Marchio-Teatro-Regio-Parma_Blu-scaled.png\"><img decoding=\"async\" width=\"1024\" height=\"724\" src=\"http:\/\/www.ecoitaliano.com.ar\/wp-content\/uploads\/2025\/08\/TRP-24-Marchio-Teatro-Regio-Parma_Blu-1024x724.png\" alt=\"\" class=\"wp-image-79022\" style=\"width:165px;height:auto\" srcset=\"https:\/\/www.ecoitaliano.com.ar\/wp-content\/uploads\/2025\/08\/TRP-24-Marchio-Teatro-Regio-Parma_Blu-1024x724.png 1024w, https:\/\/www.ecoitaliano.com.ar\/wp-content\/uploads\/2025\/08\/TRP-24-Marchio-Teatro-Regio-Parma_Blu-300x212.png 300w, https:\/\/www.ecoitaliano.com.ar\/wp-content\/uploads\/2025\/08\/TRP-24-Marchio-Teatro-Regio-Parma_Blu-768x543.png 768w, https:\/\/www.ecoitaliano.com.ar\/wp-content\/uploads\/2025\/08\/TRP-24-Marchio-Teatro-Regio-Parma_Blu-1536x1086.png 1536w, https:\/\/www.ecoitaliano.com.ar\/wp-content\/uploads\/2025\/08\/TRP-24-Marchio-Teatro-Regio-Parma_Blu-2048x1448.png 2048w, https:\/\/www.ecoitaliano.com.ar\/wp-content\/uploads\/2025\/08\/TRP-24-Marchio-Teatro-Regio-Parma_Blu-150x106.png 150w\" sizes=\"(max-width: 1024px) 100vw, 1024px\" \/><\/a><\/figure><\/div>\n\n\n<p><a><strong><em>OTELLO <\/em><\/strong><\/a><strong>DEBUTTA AL XXV FESTIVAL VERDI NELLA NUOVA EDIZIONE CRITICA<\/strong><\/p>\n\n\n\n<p><strong>E IN UN NUOVO ALLESTIMENTO<\/strong><\/p>\n\n\n\n<p>Roberto Abbado dirige per la prima volta l\u2019opera verdiana,<\/p>\n\n\n\n<p>eseguita nella nuova edizione critica curata da Linda B. Fairtile per The University of Chicago Press e Casa Ricordi, sul podio della Filarmonica Arturo Toscanini, del Coro del Teatro Regio di Parma preparato da Martino Faggiani e del Coro di voci bianche del Teatro Regio di Parma, preparato da Massimo Fiocchi Malaspina.<\/p>\n\n\n\n<p>Federico Tiezzi firma la regia del nuovo allestimento realizzato nei laboratori di scenografia e sartoria del Teatro Regio di Parma, con le scene di Margherita Palli, i costumi di<strong> <\/strong>Giovanna Buzzi,<\/p>\n\n\n\n<p>le luci di Gianni Pollini, la drammaturgia di Fabrizio Sinisi.<\/p>\n\n\n\n<p>Protagonisti Fabio Sartori, Ariunbaatar Ganbaatar,<\/p>\n\n\n\n<p>Mariangela Sicilia, Davide Tuscano, Francesco Pittari, Francesco Leone, Alessio Verna, Natalia Gavrilan, Cesare Lana.<\/p>\n\n\n\n<p>La premi\u00e8re dell\u2019opera trasmessa in diretta su Rai Radio3.<\/p>\n\n\n\n<p><strong>Teatro Regio di Parma<\/strong><\/p>\n\n\n\n<p><strong>venerd\u00ec 26 settembre 2025, ore 20.00<\/strong><\/p>\n\n\n\n<p><strong>domenica 5 ottobre 2025, ore 15.30<\/strong><\/p>\n\n\n\n<p><strong>sabato 11 ottobre 2025, ore 20.00<\/strong><\/p>\n\n\n\n<p><strong>domenica 19 ottobre 2025, ore 20.00<\/strong><\/p>\n\n\n\n<p><strong><em>Otello<\/em><\/strong> \u00e8 l\u2019opera inaugurale del <strong>XXV Festival Verdi<\/strong>, in debutto al <strong>Teatro Regio di Parma<\/strong> <strong>venerd\u00ec 26 settembre 2025 ore 20.00 <\/strong>(recite <strong>domenica 5 ottobre ore 15.30, sabato 11 ottobre ore 20.00, domenica 19 ottobre ore 20.00<\/strong>). L\u2019opera \u00e8 eseguita per la prima volta nella<strong> nuova edizione critica a cura di Linda B. Fairtile<\/strong>, The University of Chicago Press e Casa Ricordi. <strong>Roberto Abbado<\/strong> dirige il titolo verdiano per la prima volta sul podio della<strong> Filarmonica Arturo Toscanini<\/strong>, del <strong>Coro del Teatro Regio di Parma<\/strong> preparato da <strong>Martino Faggiani <\/strong>e del<strong> Coro di voci bianche del Teatro Regio di Parma <\/strong>preparato da<strong> Massimo Fiocchi Malaspina.<\/strong> Il <strong>nuovo allestimento<\/strong> <a>dell\u2019opera, <strong>realizzato nei laboratori di scenografia e sartoria del Teatro Regio di Parma<\/strong><\/a><strong>,<\/strong> \u00e8 firmato dal regista <strong>Federico Tiezzi<\/strong>, per la prima volta al Regio, con <strong>Margherita Palli<\/strong> alle scene, <a><strong>Giovanna Buzzi<\/strong> <\/a>ai costumi, <a><\/a><a><strong>Gianni Pollini<\/strong><\/a> alle luci e <strong>Fabrizio Sinisi<\/strong> alla drammaturgia. In scena <strong>Fabio Sartori <\/strong>(<em>Otello<\/em>), <strong>Ariunbaatar Ganbaatar <\/strong>(<em>Jago<\/em>), <strong>Mariangela<\/strong> <strong>Sicilia<\/strong> (<em>Desdemona<\/em>), <strong>Davide Tuscano <\/strong>(<em>Cassio<\/em>), <strong>Francesco<\/strong> <strong>Pittari<\/strong> (<em>Roderigo<\/em>), <strong>Francesco Leone<\/strong> (<em>Lodovico<\/em>), <strong>Alessio<\/strong> <strong>Verna<\/strong> (<em>Montano<\/em>), <strong>Natalia<\/strong> <strong>Gavrilan<\/strong> (<em>Emilia<\/em>), <strong>Cesare Lana<\/strong> (<em>Un Araldo<\/em>).<\/p>\n\n\n\n<p>La premi\u00e8re dell\u2019opera sar\u00e0 trasmessa in diretta su Rai Radio3.<\/p>\n\n\n\n<p>\u00abTra le tre opere shakespeariane di Verdi \u2013 dichiara il direttore artistico <strong>Alessio Vlad<\/strong> \u2013 <em>Otello<\/em> \u00e8 la pi\u00f9 complessa, musicalmente e drammaturgicamente. Infatti le passioni che, traducendosi in valori assoluti, sono state l\u2019oggetto di una lunga vicenda drammaturgica, qui degenerano provocando un devastante disfacimento dei valori che sono alla base dei rapporti umani. \u00c8 un sovvertimento che viene rappresentato attraverso la costruzione di un linguaggio del tutto nuovo che anticipa sorprendentemente quello di alcune delle avanguardie artistiche che caratterizzeranno il nuovo secolo, a cominciare dall\u2019Espressionismo. Verdi con <em>Otello<\/em> si allontana da un mondo e da tutta la sua produzione precedente e si avvicina decisamente alla modernit\u00e0 e alla nostra realt\u00e0.<\/p>\n\n\n\n<p>Roberto Abbado debutta il titolo, aggiungendo un fondamentale tassello all\u2019importante lavoro fatto in questi anni sul repertorio verdiano. Fabio Sartori, Ariunbaatar Ganbaatar e Mariangela Sicilia sono stati scelti anche per la l\u2019espressivit\u00e0 che con le loro caratteristiche vocali sapranno dare ai loro rispettivi personaggi. Nuova produzione affidata a Federico Tiezzi, regista profondo, colto, capace come pochi altri nello scavare all\u2019interno di una drammaturgia cos\u00ec piena di significati, dandole, in un costante rapporto con la musica, forma estetica e teatrale\u00bb.<\/p>\n\n\n\n<p>\u00ab<em>Otello<\/em> segna il ritorno di Verdi al teatro di Shakespeare \u2013 scrive <strong>Giuseppe Martini.<\/strong> Dopo un\u2019elaborazione di oltre sette anni, l\u2019opera debutt\u00f2 alla Scala di Milano il 5 febbraio 1887, con un successo trionfale. Il giovanissimo Toscanini, secondo violoncello, sedeva in orchestra. Nuovo titolo dopo ben sedici anni, se si escludono il rifacimento di <em>Simon Boccanegra<\/em> e la seconda versione di <em>Don Carlo<\/em>, l\u2019opera scaten\u00f2 una vera e propria corsa dei teatri per ottenere il permesso di allestirla, permesso che arriv\u00f2 al Teatro Regio di Parma nel luglio dello stesso anno, solo cinque mesi dopo il debutto scaligero. <em>Otello<\/em> \u00e8 il segno dell\u2019allineamento delle idee operistiche verdiane alla cultura europea del dramma musicale: decorso sonoro plastico e scorrevole, melodie cangianti, musica che segue l\u2019azione delineando le sottili psicologie dei personaggi. Verdi riusc\u00ec in questo modo a concretizzare di nuovo un confronto con Shakespeare, realizzato per la prima volta con <em>Macbeth<\/em> e fallito con il mancato approdo a <em>Re Lear<\/em>, grazie alla collaborazione con un letterato-musicista come Arrigo Boito e al paziente lavoro di Giulio Ricordi, che nel 1887 alla Scala con <em>Otello<\/em> mise a punto un\u2019operazione aggiornata anche a livello di comunicazione, saldando ai tempi nuovi l\u2019immagine del grande teatro romantico verdiano e restituendola nelle forme di un grande evento mediatico. E <em>Otello<\/em>, opera che sa essere magniloquente e intimista, ha risposto alle esigenze di un\u2019epoca senza mai snaturarsi, anzi travestendo una materia musicale fatta di cose antiche in una forma che a tutti \u00e8 apparsa subito indubbiamente moderna\u00bb.<\/p>\n\n\n\n<p>\u00abIn <em>Otello<\/em> \u2013 spiega il direttore <strong>Roberto Abbado<\/strong> \u2013 c\u2019\u00e8 davvero tanto materiale musicale eccezionale che, il concetto di tinta verdiana, che ingloba tantissimi elementi, qui si pu\u00f2 dire addirittura superato. Io penso che <em>Otello<\/em> non abbia una vera e propria tinta, perch\u00e9 ormai siamo di fronte a un dramma psicologico, a un\u2019opera in cui Verdi si \u00e8 spinto molto avanti. Per sintetizzarla con un aggettivo abusato, \u00e8 un\u2019opera modernissima. \u00c8 modernissima nel linguaggio armonico, da questo punto di vista pienamente rappresentativa del proprio tempo, e in pi\u00f9 ogni atto \u00e8 una grande campata che viene articolata in diversi momenti, senza numeri chiusi. Se proprio si volesse identificare una tinta generale si potrebbe spendere il concetto di \u201cviolenza\u201d, visto che l\u2019opera comincia violentemente con una tempesta, che \u00e8 anche metafora di quello che si agita nella mente di Otello, e finisce con due gesti violenti, l\u2019assassinio di Desdemona segu\u00ecto dal suicidio di Otello\u00bb.<\/p>\n\n\n\n<p>\u00abLo scavo nelle relazioni dei personaggi \u2013 racconta il regista <strong>Federico Tiezzi<\/strong> \u2013 mi ha condotto a creare una \u201cstanza della tortura\u201d che si ripropone costantemente. Una stanza della tortura all\u2019interno della quale, come in un dramma di Strindberg o di Ibsen, si esprimono i conflitti che legano e respingono i personaggi fra loro. In ambito analitico freudiano esiste una \u201cSindrome di Otello\u201d che \u00e8 una delle chiavi di lettura di questa opera. La cui modernit\u00e0 musicale, mi ha persuaso a spostare l\u2019ultimo atto verso la modernit\u00e0, tra Espressionismo e le foto di Crewdson, verso un mondo la cui atmosfera ricordi il clima delle opere di Alban Berg come <em>Wozzeck<\/em> e <em>Lulu<\/em>. Il luogo scenico dove faccio svolgere lo spettacolo \u00e8 il nero magmatico e notturno dell\u2019inconscio, \u2013 potremmo trovarci nella tempestosa scatola cranica di Otello. Questo nero oscuro \u00e8 abitato dai corpi dei cantanti. E dalla luce. Che disegna e manipola lo spazio scenico. Ammetto che in questo impatto visivo ha avuto un ruolo il film di Orson Welles, regista che \u00e8 per me un costante punto di riferimento: un film girato in un bianco e nero fosco e ossessivo\u00bb.<\/p>\n\n\n\n<p><strong>PROVE APERTE E PROVE UNDER30<\/strong><\/p>\n\n\n\n<p>Il pubblico potr\u00e0 assistere alle ultime prove dell\u2019opera prima in debutto: la prova aperta di <strong><em>Otello<\/em><\/strong> \u00e8 <strong>luned\u00ec 22 settembre alle ore 15.30<\/strong>, mentre quella riservata agli Under30 \u00e8 <strong>sabato 20 settembre alle ore 15.00<\/strong>. Per accedere alla prova aperta, sar\u00e0 possibile acquistare i biglietti dal costo di 10 euro (non pi\u00f9 di due a persona), venerd\u00ec 19 settembre esclusivamente presso la Biglietteria del Teatro Regio, aperta dalle 10.00 alle 13.00 e dalle 16.00 alle 18.00.<\/p>\n\n\n\n<p>I biglietti per la prova Under30 sono invece gi\u00e0 disponibili presso la Biglietteria e online al costo di 10 euro. Eventuali accompagnatori di minori sono invitati a scrivere a biglietteria@teatroregioparma.it.<\/p>\n\n\n\n<p><strong>BIGLIETTI<\/strong><\/p>\n\n\n\n<p>Biglietti da \u20ac10 a \u20ac180. In vendita <strong>dal 25 marzo 2025 <\/strong>in biglietteria e <strong>dal 26 marzo 2025 <\/strong>su teatroregioparma.it. Per i giovani <strong>under30 riduzione del 50% sui prezzi di tutti gli appuntamenti in programma<\/strong>.<\/p>\n\n\n\n<p><strong>BIGLIETTERIA DEL TEATRO REGIO DI PARMA<\/strong><\/p>\n\n\n\n<p>Strada Giuseppe Garibaldi, 16\/A &#8211; 43121 Parma Tel. +39 0521 203999<\/p>\n\n\n\n<p>biglietteria@teatroregioparma.it<\/p>\n\n\n\n<p>orari di apertura: marted\u00ec, gioved\u00ec e sabato 10:00 &#8211; 13:00; mercoled\u00ec e venerd\u00ec 10:00 &#8211; 13:00, 16:00 &#8211; 18:00 e un\u2019ora e mezza prima dello spettacolo.<\/p>\n\n\n\n<p><strong>PARTNER E SPONSOR<\/strong><\/p>\n\n\n\n<p><em>Il Festival Verdi \u00e8 realizzato grazie al contributo di<\/em> <a>Ministero della Cultura, Regione Emilia-Romagna, Reggio Parma Festival, Comune di Parma<\/a>. <em>Major partner<\/em> Fondazione Cariparma. <em>Main<\/em> <em>partner <\/em>Chiesi. <em>Cultural partner <\/em>Cr\u00e9dit Agricole.<em> Media partner<\/em> Mediaset Publitalia \u201980. <em>Main<\/em> <em>sponsor<\/em> Iren, Barilla. <em>Sponsor<\/em> Unione Parmense degli Industriali, Opem, Dallara, Agugiaro e Figna, Mutti, Amoretti. <em>Educational partner<\/em> Parmalat. <em>Sostenitori<\/em> <a>La Giovane, Glove ICT, Grasselli, Cavalca, CePIM, Bstr\u00f2, Parmacotto, Sicim, Colser, Delicius.<em> Mobility partner <\/em>Tep. <em>Tour Operator Partner<\/em> Parma Incoming. <em>Radio Ufficiale<\/em> Radio Monte Carlo.<em> Fairplay Partner <\/em>Zebre Parma.<em> Wine partner <\/em>Oinoe.<em> Digital counselling<\/em> Unsocials.<em> Con il supporto di <\/em>\u201cParma, io ci sto!\u201d.<em> Legal counselling <\/em>Villa&amp;Partners.<em> Partner scientifico <\/em>Istituto Nazionale di Studi Verdiani.<em> Special thanks to <\/em>International Friends of Festival Verdi.<em> Con il contributo di <\/em>Comune di Busseto, Ascom e Ascom Confcommercio Parma Fondazione, Camera di Commercio dell\u2019Emilia, Fondazione Monte Parma.<\/a> <em>Sostenitori tecnici<\/em> <a>DS Solutions, Milosped, Teamwork, Graphital. <em>Partner artistici e istituzionali<\/em> Coro del Teatro Regio di Parma, Conservatorio \u201cArrigo Boito\u201d di Parma, Societ\u00e0 dei Concerti di Parma, La Toscanini. <\/a><em>Il Teatro Regio aderisce a <\/em>Parma Citt\u00e0 Climate Neutral 2023<em>, <\/em>ATIT, AGIS<em>, <\/em>Comitato per la Salvaguardia dell\u2019Arte del Canto Lirico Italiano, Fedora, Opera Europa, Opera Vision, Emilia taste, nature &amp; culture.<\/p>\n\n\n\n<p>Parma, 18 settembre 2025<\/p>\n\n\n\n<p>Paolo Maier<\/p>\n\n\n\n<p><em>Responsabile Comunicazione istituzionale, Ufficio stampa, Archivio<\/em><\/p>\n\n\n\n<p>Teatro Regio di Parma<\/p>\n\n\n\n<p>strada Garibaldi 16\/A, 43121 Parma \u2013 Italia<\/p>\n\n\n\n<p>Tel. +39 0521 203969&nbsp;<\/p>\n\n\n\n<p>p.maier@teatroregioparma.it&nbsp;<\/p>\n\n\n\n<p>stampa@teatroregioparma.it<\/p>\n\n\n\n<p>www.teatroregioparma.it<\/p>\n\n\n\n\n\n\n\n\n\n\n\n<p><a href=\"http:\/\/www.facebook.com\/teatroregioparma\"><\/a>&nbsp;&nbsp;&nbsp;<br><\/p>\n\n\n\n<p><a>Teatro Regio di Parma<\/a><\/p>\n\n\n\n<p>venerd\u00ec 26 settembre, ore 20.00<\/p>\n\n\n\n<p>domenica 5 ottobre, ore 15.30<\/p>\n\n\n\n<p>sabato 11 ottobre, ore 20.00<\/p>\n\n\n\n<p>domenica 19 ottobre, ore 20.00<\/p>\n\n\n\n<p>Durata complessiva 2 ore e 40 minuti, compreso intervallo<\/p>\n\n\n\n<p><strong>OTELLO<\/strong><\/p>\n\n\n\n<p>Dramma lirico in quattro atti su libretto di Arrigo Boito, da William Shakespeare<\/p>\n\n\n\n<p>Prima rappresentazione il 5 febbraio 1887 al Teatro alla Scala di Milano<\/p>\n\n\n\n<p><em>Musica<\/em> GIUSEPPE VERDI<\/p>\n\n\n\n<p>edizione critica a cura di Linda B. Fairtile The University of Chicago Press e Casa Ricordi<\/p>\n\n\n\n<p>Direttore <strong>Roberto Abbado<\/strong><\/p>\n\n\n\n<p>Regia <strong>Federico Tiezzi<\/strong><\/p>\n\n\n\n<p>Scene <strong>Margherita Palli<\/strong><\/p>\n\n\n\n<p>Costumi <strong>Giovanna Buzzi<\/strong><\/p>\n\n\n\n<p>Luci <strong>Gianni Pollini<\/strong><\/p>\n\n\n\n<p>Otello <strong>Fabio Sartori<\/strong><\/p>\n\n\n\n<p>Jago <strong>Ariunbaatar Ganbaatar<\/strong><\/p>\n\n\n\n<p>Cassio <strong>Davide Tuscano<\/strong><\/p>\n\n\n\n<p>Roderigo <strong>Francesco Pittari<\/strong><\/p>\n\n\n\n<p>Lodovico <strong>Francesco Leone<\/strong><\/p>\n\n\n\n<p>Montano <strong>Alessio Verna<\/strong><\/p>\n\n\n\n<p>Desdemona <strong>Mariangela Sicilia<\/strong><\/p>\n\n\n\n<p>Emilia <strong>Natalia Gavrilan<\/strong><\/p>\n\n\n\n<p>Un Araldo <strong>Cesare Lana<\/strong><\/p>\n\n\n\n<p><strong>FILARMONICA ARTURO TOSCANINI<\/strong><\/p>\n\n\n\n<p><strong>CORO DEL TEATRO REGIO DI PARMA<\/strong><\/p>\n\n\n\n<p>Maestro del coro<strong>Martino Faggiani<\/strong><\/p>\n\n\n\n<p><strong>CORO DI VOCI BIANCHE DEL TEATRO REGIO DI PARMA<\/strong><\/p>\n\n\n\n<p>Maestro del coro<strong>Massimo Fiocchi Malaspina<\/strong><\/p>\n\n\n\n<p>Nuovo allestimento del Teatro Regio di Parma<\/p>\n\n\n\n<p>Spettacolo con sopratitoli in italiano e inglese<strong><br><\/strong><\/p>\n\n\n\n<p><strong>XXV FESTIVAL VERDI<\/strong><\/p>\n\n\n\n<p><strong>Parma e Busseto,<\/strong><\/p>\n\n\n\n<p><strong>20 settembre &#8211; 19 ottobre 2025<\/strong><\/p>\n\n\n\n<p><em>Verdi e Shakespeare<\/em><\/p>\n\n\n\n<p><strong>Opere e Concerti<\/strong><strong><br><\/strong><\/p>\n\n\n\n<p>Parma, Centro storico<\/p>\n\n\n\n<p>20 settembre 2025<\/p>\n\n\n\n<p><strong>VERDI STREET PARADE<\/strong><\/p>\n\n\n\n<p><em>Tutto nel mondo \u00e8 burla<\/em><\/p>\n\n\n\n<p>Teatro Regio di Parma<\/p>\n\n\n\n<p>26 settembre, 5, 11, 19 ottobre 2025<\/p>\n\n\n\n<p><strong>OTELLO<\/strong><\/p>\n\n\n\n<p><strong>Nuovo allestimento<\/strong><\/p>\n\n\n\n<p>Teatro Giuseppe Verdi<\/p>\n\n\n\n<p>di Busseto<\/p>\n\n\n\n<p>27 settembre, 4, 9, 17 ottobre 2025<\/p>\n\n\n\n<p><strong>MACBETH<\/strong><\/p>\n\n\n\n<p>versione 1847<\/p>\n\n\n\n<p><strong>Nuovo allestimento<\/strong><\/p>\n\n\n\n<p>Teatro Regio di Parma<\/p>\n\n\n\n<p>3, 12, 16 ottobre 2025<\/p>\n\n\n\n<p><strong>FALSTAFF<\/strong><\/p>\n\n\n\n<p>Teatro Regio di Parma<\/p>\n\n\n\n<p>8 ottobre 2025<\/p>\n\n\n\n<p><strong>CONCERTO DI GALA DELL\u2019ACCADEMIA VERDIANA<\/strong><\/p>\n\n\n\n<p>Teatro Regio di Parma<\/p>\n\n\n\n<p>10 ottobre 2025<\/p>\n\n\n\n<p><strong>GALA<\/strong><\/p>\n\n\n\n<p><strong>VERDIANO<\/strong><\/p>\n\n\n\n<p>Teatro Regio di Parma<\/p>\n\n\n\n<p>14 ottobre 2025<\/p>\n\n\n\n<p><strong>FUOCO<\/strong><\/p>\n\n\n\n<p><strong>DI GIOIA<\/strong><\/p>\n\n\n\n<p>Teatro Regio di Parma<\/p>\n\n\n\n<p>18 ottobre 2025<\/p>\n\n\n\n<p><strong>MESSA<\/strong><\/p>\n\n\n\n<p><strong>DA REQUIEM<\/strong><strong><br><\/strong><\/p>\n\n\n\n<p><strong>Il programma completo su teatroregioparma.it<\/strong><br><\/p>\n\n\n\n<p><strong>XXV FESTIVAL VERDI<\/strong><\/p>\n\n\n\n<p><strong>Parma e Busseto,<\/strong><\/p>\n\n\n\n<p><strong>20 settembre &#8211; 19 ottobre 2025<\/strong><\/p>\n\n\n\n<p><em>Verdi e Shakespeare<\/em><\/p>\n\n\n\n<p><strong>Ramificazioni<\/strong><\/p>\n\n\n\n<p>Auditorium Niccol\u00f2 Paganini<\/p>\n\n\n\n<p>28 settembre 2025<\/p>\n\n\n\n<p><strong>TIMON \u00c9TUDES<\/strong><\/p>\n\n\n\n<p><strong>Prima esecuzione assoluta<\/strong><\/p>\n\n\n\n<p><strong>Commissione del Festival Verdi<\/strong><\/p>\n\n\n\n<p><strong>Progetto <em>Arcipelaghi 2025<\/em> di Reggio Parma Festival<\/strong><\/p>\n\n\n\n<p>Teatro Farnese<\/p>\n\n\n\n<p>5 ottobre 2025<\/p>\n\n\n\n<p><strong>OUVERTURE<\/strong><\/p>\n\n\n\n<p><strong>Progetto <em>Gradus in scena<\/em> di Reggio Parma Festival<\/strong><\/p>\n\n\n\n<p><strong>Prima assoluta<\/strong><\/p>\n\n\n\n<p>Teatro Farnese<\/p>\n\n\n\n<p>17 ottobre 2025<\/p>\n\n\n\n<p><strong>89 SECONDS TO MIDNIGHT<\/strong><\/p>\n\n\n\n<p><strong>Progetto <em>Gradus in scena<\/em> di Reggio Parma Festival<\/strong><\/p>\n\n\n\n<p><strong>Prima assoluta<\/strong><\/p>\n\n\n\n<p>Parma, Lenz Teatro<\/p>\n\n\n\n<p>7, 8, 9, 10 ottobre 2025<\/p>\n\n\n\n<p><strong>DISDEMONA_\u0394\u03c5\u03c3\u03b4\u03b1\u03b9\u03bc\u03bf\u03bd\u03af\u03b1<\/strong><\/p>\n\n\n\n<p><strong>Cattiva stella<\/strong><\/p>\n\n\n\n<p><strong>Commissione del Festival Verdi<\/strong><\/p>\n\n\n\n<p><strong>Prima assoluta<\/strong><strong><br><\/strong><\/p>\n\n\n\n<p><a><strong>CALENDARIO DEGLI APPUNTAMENTI<\/strong><\/a><\/p>\n\n\n\n<p><strong>Parma, Galleria San Ludovico <\/strong>(b.go del Parmigianino 2)<\/p>\n\n\n\n<p>domenica 21 settembre 2025, ore 18.30 inaugurazione<\/p>\n\n\n\n<p>dal 23 settembre al 19 ottobre 2025 mar-gio 19-21 | ven 19-22 | sab e dom 10-13 e 16-22<\/p>\n\n\n\n<p><strong>IL SONNO UCCIDESTI<\/strong><\/p>\n\n\n\n<p><strong>Parma, Fornici del Teatro Regio di Parma<\/strong><\/p>\n\n\n\n<p>Dal 20 settembre al 19 ottobre 2025, ore 13.00<\/p>\n\n\n\n<p><strong>CUC\u00d9 VERDIANO<\/strong><\/p>\n\n\n\n<p><strong>Parma, B.go Guazzo 20\/A<\/strong><\/p>\n\n\n\n<p>sabato 20 Settembre 2025, dalle 17.00 alle 20.00 inaugurazione:<\/p>\n\n\n\n<p>dal 21 settembre al 19 ottobre 2025 lun-venerd\u00ec, dalle 15 alle 19;<\/p>\n\n\n\n<p>al mattino visite su appuntamento<\/p>\n\n\n\n<p><strong>VIVA VERDI!<\/strong><\/p>\n\n\n\n<p><strong>SETTEMBRE<\/strong><\/p>\n\n\n\n<p>sab 6&nbsp;&nbsp;&nbsp;&nbsp;&nbsp; ore 17.00&nbsp;&nbsp; Ridotto del Teatro Regio <strong>OTELLO<\/strong> Prima che si alzi il sipario<\/p>\n\n\n\n<p>sab 13&nbsp;&nbsp;&nbsp; ore 17.00&nbsp;&nbsp; Ridotto del Teatro Regio <strong>FALSTAFF<\/strong> Prima che si alzi il sipario<\/p>\n\n\n\n<p>dom 14&nbsp;&nbsp; ore 21.00&nbsp;&nbsp; Busseto Casa Barezzi <strong>MACBETH<\/strong> Prima che si alzi il sipario<\/p>\n\n\n\n<p>ven 19&nbsp;&nbsp;&nbsp; ore 21.00&nbsp;&nbsp; Associazione Parma Lirica <strong>IL CORO PROVA OTELLO<\/strong><\/p>\n\n\n\n<p><a>sab 20<\/a><a>&nbsp;&nbsp;&nbsp; ore 15.00&nbsp;&nbsp; Teatro Regio <strong>OTELLO<\/strong> prova Under30<\/a><\/p>\n\n\n\n<p>&nbsp;&nbsp;&nbsp;&nbsp;&nbsp;&nbsp;&nbsp;&nbsp;&nbsp;&nbsp;&nbsp;&nbsp;&nbsp; ore 18.00&nbsp;&nbsp; Centro storico <strong>VERDI STREET PARADE<\/strong><\/p>\n\n\n\n<p>&nbsp;&nbsp;&nbsp;&nbsp;&nbsp;&nbsp;&nbsp;&nbsp;&nbsp;&nbsp;&nbsp;&nbsp;&nbsp; ore 20.00&nbsp;&nbsp; Complesso Pilotta <strong>22.2.22<\/strong> (replica ogni 30\u2019 fino alle 0.30)<\/p>\n\n\n\n<p>dom 21<a>&nbsp;&nbsp; ore 10.00, 16.00 Piazzale Picelli <\/a><strong>STORIE APPESE A UN FILO<\/strong><\/p>\n\n\n\n<p>&nbsp;&nbsp;&nbsp;&nbsp;&nbsp;&nbsp;&nbsp;&nbsp;&nbsp;&nbsp;&nbsp;&nbsp;&nbsp; ore 11.00&nbsp;&nbsp; Quartiere Cittadella <strong>VERDI SOTTO CASA<\/strong><\/p>\n\n\n\n<p>&nbsp;&nbsp;&nbsp;&nbsp;&nbsp;&nbsp;&nbsp;&nbsp;&nbsp;&nbsp;&nbsp;&nbsp;&nbsp; ore 12.00&nbsp;&nbsp; Busseto Balcone Municipio <a><strong>CUC\u00d9 VERDIANO<\/strong><\/a><\/p>\n\n\n\n<p>lun 22&nbsp;&nbsp;&nbsp;&nbsp; ore 10.00&nbsp;&nbsp; Piazzale Picelli <strong>VERDI GIUSEPPE, LA PICCOLA STORIA\u2026<\/strong><\/p>\n\n\n\n<p><a>&nbsp;&nbsp;&nbsp;&nbsp;&nbsp;&nbsp;&nbsp;&nbsp;&nbsp;&nbsp;&nbsp;&nbsp;&nbsp; ore 15.30&nbsp;&nbsp; Teatro Regio <strong>OTELLO<\/strong> prova aperta<\/a><\/p>\n\n\n\n<p>&nbsp;&nbsp;&nbsp;&nbsp;&nbsp;&nbsp;&nbsp;&nbsp;&nbsp;&nbsp;&nbsp;&nbsp;&nbsp; ore 18.00<a>&nbsp;&nbsp; <\/a>Quartiere Santa Margherita <strong>VERDI SOTTO CASA<\/strong><\/p>\n\n\n\n<p>mar 23<a>&nbsp;&nbsp;&nbsp; ore 10.00&nbsp;&nbsp; Piazzale Picelli <\/a><strong>GIACOMO PUCCINI DAL SUO LAGO\u2026<\/strong><\/p>\n\n\n\n<p>mer 24<a>&nbsp;&nbsp;&nbsp; ore 10.00&nbsp;&nbsp; Piazzale Picelli <\/a><strong>ROSSINI PER BAMBINI UNA RICETTA\u2026<\/strong><strong><\/strong><\/p>\n\n\n\n<p>&nbsp;&nbsp;&nbsp;&nbsp;&nbsp;&nbsp;&nbsp;&nbsp;&nbsp;&nbsp;&nbsp;&nbsp;&nbsp; ore 18.30&nbsp;&nbsp; Palazzo Soragna <strong>JAZZ\u2019ON PARMA<\/strong><\/p>\n\n\n\n<p>gio 25&nbsp;&nbsp;&nbsp;&nbsp; ore 10.00&nbsp;&nbsp; Piazzale Picelli <strong>INVENTOPERA<\/strong><\/p>\n\n\n\n<p>&nbsp;&nbsp;&nbsp;&nbsp;&nbsp;&nbsp;&nbsp;&nbsp;&nbsp;&nbsp;&nbsp;&nbsp;&nbsp; ore 20.00&nbsp;&nbsp; Busseto Teatro Verdi<strong> MACBETH<\/strong> prova aperta<\/p>\n\n\n\n<p>ven 26<a>&nbsp;&nbsp;&nbsp; ore 12.00&nbsp;&nbsp; Gran Caff\u00e8 del teatro <strong>CAF\u00c9 CONCERTO<\/strong><\/a><\/p>\n\n\n\n<p>&nbsp;&nbsp;&nbsp;&nbsp;&nbsp;&nbsp;&nbsp;&nbsp;&nbsp;&nbsp;&nbsp;&nbsp;&nbsp; ore 18.30&nbsp;&nbsp; La Bottega Barilla <strong>VERDINJAZZ<\/strong><\/p>\n\n\n\n<p>&nbsp;&nbsp;&nbsp;&nbsp;&nbsp;&nbsp;&nbsp;&nbsp;&nbsp;&nbsp;&nbsp;&nbsp;&nbsp; ore 19.00&nbsp;&nbsp; Piazzale del Teatro Regio <strong>VERDI A PASSO DI DANZA<\/strong><\/p>\n\n\n\n<p>&nbsp;&nbsp;&nbsp;&nbsp;&nbsp;&nbsp;&nbsp;&nbsp;&nbsp;&nbsp;&nbsp;&nbsp;&nbsp; ore 20.00&nbsp;&nbsp; Teatro Regio <strong>OTELLO<\/strong><\/p>\n\n\n\n<p>sab 27&nbsp;&nbsp;&nbsp; ore 10.30, 11.45 Piazzale Picelli <strong>CORPO IN MUSICA PICCOLI FALSTAFF\u2026<a><\/a><\/strong><\/p>\n\n\n\n<p>&nbsp;&nbsp;&nbsp;&nbsp;&nbsp;&nbsp;&nbsp;&nbsp;&nbsp;&nbsp;&nbsp;&nbsp;&nbsp; ore 12.00&nbsp;&nbsp; Fidenza Agrinascente Silvano Romani <strong>CUC\u00d9 VERDIANO<\/strong><\/p>\n\n\n\n<p>&nbsp;&nbsp;&nbsp;&nbsp;&nbsp;&nbsp;&nbsp;&nbsp;&nbsp;&nbsp;&nbsp;&nbsp;&nbsp; ore 13.00&nbsp;&nbsp; Fidenza, KM90 RistoBottega Emiliana <strong>CUC\u00d9 VERDIANO<\/strong><\/p>\n\n\n\n<p>&nbsp;&nbsp;&nbsp;&nbsp;&nbsp;&nbsp;&nbsp;&nbsp;&nbsp;&nbsp;&nbsp;&nbsp;&nbsp; ore 15.00<strong>&nbsp;&nbsp; <\/strong>Quartiere SPIP<strong>VERDI SPIP PARADE<\/strong><\/p>\n\n\n\n<p>&nbsp;&nbsp;&nbsp;&nbsp;&nbsp;&nbsp;&nbsp;&nbsp;&nbsp;&nbsp;&nbsp;&nbsp;&nbsp; ore 17.00&nbsp;&nbsp; Ridotto del Teatro Regio <strong>CORI AL RIDOTTO<\/strong> Voci bianche Ars Canto<\/p>\n\n\n\n<p>&nbsp;&nbsp;&nbsp;&nbsp;&nbsp;&nbsp;&nbsp;&nbsp;&nbsp;&nbsp;&nbsp;&nbsp;&nbsp; ore 17.00&nbsp;&nbsp; Colonne 28 <strong>GALA IN NERO<\/strong><\/p>\n\n\n\n<p>&nbsp;&nbsp;&nbsp;&nbsp;&nbsp;&nbsp;&nbsp;&nbsp;&nbsp;&nbsp;&nbsp;&nbsp;&nbsp; ore 20.00&nbsp;&nbsp; Busseto Teatro Verdi<strong> MACBETH<\/strong><\/p>\n\n\n\n<p>&nbsp;&nbsp;&nbsp;&nbsp;&nbsp;&nbsp;&nbsp;&nbsp;&nbsp;&nbsp;&nbsp;&nbsp;&nbsp; ore 21.30&nbsp;&nbsp; Borgo Santa Brigida <strong>OFFICINA DEL BATTAGLIERO<\/strong><\/p>\n\n\n\n<p>dom 28<a><\/a><a>&nbsp;&nbsp; ore 12.00&nbsp;&nbsp; Palazzo Ducale <strong>MEZZOGIORNO IN MUSICA<\/strong><\/a><\/p>\n\n\n\n<p>&nbsp;&nbsp;&nbsp;&nbsp;&nbsp;&nbsp;&nbsp;&nbsp;&nbsp;&nbsp;&nbsp;&nbsp;&nbsp; ore 12.00&nbsp;&nbsp; Busseto Balcone Municipio <strong>CUC\u00d9 VERDIANO<\/strong><\/p>\n\n\n\n<p>&nbsp;&nbsp;&nbsp;&nbsp;&nbsp;&nbsp;&nbsp;&nbsp;&nbsp;&nbsp;&nbsp;&nbsp;&nbsp; ore 15.30&nbsp;&nbsp; Quartiere San Leonardo <strong>CON VERDI A SPASSO DI BANDA<\/strong><\/p>\n\n\n\n<p>&nbsp;&nbsp;&nbsp;&nbsp;&nbsp;&nbsp;&nbsp;&nbsp;&nbsp;&nbsp;&nbsp;&nbsp;&nbsp; ore 16.00, 17.15&nbsp;&nbsp; Piazzale Picelli <strong>CORPO IN MUSICA PICCOLI FALSTAFF\u2026<\/strong><\/p>\n\n\n\n<p>&nbsp;&nbsp;&nbsp;&nbsp;&nbsp;&nbsp;&nbsp;&nbsp;&nbsp;&nbsp;&nbsp;&nbsp;&nbsp; ore 17.00&nbsp;&nbsp; Lostello <strong>OPERA GUITTA<\/strong><\/p>\n\n\n\n<p>&nbsp;&nbsp;&nbsp;&nbsp;&nbsp;&nbsp;&nbsp;&nbsp;&nbsp;&nbsp;&nbsp;&nbsp;&nbsp; ore 17.00<a>&nbsp;&nbsp; <\/a>Ridotto del Teatro Regio <strong>CORI AL RIDOTTO<\/strong> Voci bianche corale Verdi<\/p>\n\n\n\n<p>&nbsp;&nbsp;&nbsp;&nbsp;&nbsp;&nbsp;&nbsp;&nbsp;&nbsp;&nbsp;&nbsp;&nbsp;&nbsp; ore 18.00&nbsp;&nbsp; OniricArt <strong>VERDI<\/strong> <strong>dreamART<\/strong><\/p>\n\n\n\n<p><a>&nbsp;&nbsp;&nbsp;&nbsp;&nbsp;&nbsp;&nbsp;&nbsp;&nbsp;&nbsp;&nbsp;&nbsp;&nbsp; ore 20.30<strong>&nbsp;&nbsp; <\/strong>Auditorium Paganini<strong> TIMON \u00c9TUDES<\/strong><\/a><\/p>\n\n\n\n<p>lun 29&nbsp;&nbsp;&nbsp;&nbsp; ore 10.00&nbsp;&nbsp; Piazzale Picelli <strong>VERDI GIUSEPPE, LA PICCOLA STORIA\u2026<\/strong><strong><\/strong><\/p>\n\n\n\n<p>&nbsp;&nbsp;&nbsp;&nbsp;&nbsp;&nbsp;&nbsp;&nbsp;&nbsp;&nbsp;&nbsp;&nbsp;&nbsp; ore 18.00&nbsp;&nbsp; Corale Verdi <strong>CASA<\/strong> <strong>VERDI<\/strong><\/p>\n\n\n\n<p>mar 30&nbsp;&nbsp;&nbsp; ore 10.00&nbsp;&nbsp; Piazzale Picelli <strong>GIACOMO PUCCINI DAL SUO LAGO\u2026<\/strong><\/p>\n\n\n\n<p>&nbsp;&nbsp;&nbsp;&nbsp;&nbsp;&nbsp;&nbsp;&nbsp;&nbsp;&nbsp;&nbsp;&nbsp;&nbsp; ore 20.30&nbsp;&nbsp; Ridotto del Teatro Regio <strong>ASPETTANDO FALSTAFF<\/strong><\/p>\n\n\n\n<p><strong>OTTOBRE<\/strong><\/p>\n\n\n\n<p>mer 1&nbsp;&nbsp;&nbsp;&nbsp;&nbsp; ore 10.00&nbsp;&nbsp; Piazzale Picelli <strong>ROSSINI PER BAMBINI UNA RICETTA\u2026<\/strong><\/p>\n\n\n\n<p>&nbsp;&nbsp;&nbsp;&nbsp;&nbsp;&nbsp;&nbsp;&nbsp;&nbsp;&nbsp;&nbsp;&nbsp;&nbsp; ore 20.00&nbsp;&nbsp; Teatro Regio <strong>FALSTAFF<\/strong> prova Under30<\/p>\n\n\n\n<p>gio 2&nbsp;&nbsp;&nbsp;&nbsp;&nbsp;&nbsp; ore 10.00&nbsp;&nbsp; Piazzale Picelli <strong>INVENTOPERA<\/strong><\/p>\n\n\n\n<p>&nbsp;&nbsp;&nbsp;&nbsp;&nbsp;&nbsp;&nbsp;&nbsp;&nbsp;&nbsp;&nbsp;&nbsp;&nbsp; ore 10.00&nbsp;&nbsp; Felino, San Michele Tiorre <strong>VERDI GIUSEPPE, LA PICCOLA STORIA\u2026<\/strong><\/p>\n\n\n\n<p>&nbsp;&nbsp;&nbsp;&nbsp;&nbsp;&nbsp;&nbsp;&nbsp;&nbsp;&nbsp;&nbsp;&nbsp;&nbsp; ore 20.30&nbsp;&nbsp; Busseto <strong>VERDI, SCHUMANN, FACCIO E SHAKESPEARE<\/strong><\/p>\n\n\n\n<p>ven 3&nbsp;&nbsp;&nbsp;&nbsp;&nbsp; ore 10.00&nbsp;&nbsp; Collecchio <strong>VERDI GIUSEPPE, LA PICCOLA STORIA\u2026<\/strong><\/p>\n\n\n\n<p>&nbsp;&nbsp;&nbsp;&nbsp;&nbsp;&nbsp;&nbsp;&nbsp;&nbsp;&nbsp;&nbsp;&nbsp;&nbsp; ore 12.00&nbsp;&nbsp; Gran Caff\u00e8 del teatro <strong>CAF\u00c9 CONCERTO<\/strong><\/p>\n\n\n\n<p>&nbsp;&nbsp;&nbsp;&nbsp;&nbsp;&nbsp;&nbsp;&nbsp;&nbsp;&nbsp;&nbsp;&nbsp;&nbsp; ore 18.00&nbsp;&nbsp; Chiesa di San Giovanni Evangelista <strong>VERDI SACRO<\/strong><\/p>\n\n\n\n<p>&nbsp;&nbsp;&nbsp;&nbsp;&nbsp;&nbsp;&nbsp;&nbsp;&nbsp;&nbsp;&nbsp;&nbsp;&nbsp; ore 18.00&nbsp;&nbsp; Traversetolo Porticato Corte Agresti <strong>MAS-TRIO<\/strong><\/p>\n\n\n\n<p>&nbsp;&nbsp;&nbsp;&nbsp;&nbsp;&nbsp;&nbsp;&nbsp;&nbsp;&nbsp;&nbsp;&nbsp;&nbsp; ore 19.00&nbsp;&nbsp; Piazzale del Teatro Regio <strong>VERDI A PASSO DI DANZA<\/strong><\/p>\n\n\n\n<p>&nbsp;&nbsp;&nbsp;&nbsp;&nbsp;&nbsp;&nbsp;&nbsp;&nbsp;&nbsp;&nbsp;&nbsp;&nbsp; ore 20.00&nbsp;&nbsp; Teatro Regio<strong> FALSTAFF<\/strong><\/p>\n\n\n\n<p>&nbsp;&nbsp;&nbsp;&nbsp;&nbsp;&nbsp;&nbsp;&nbsp;&nbsp;&nbsp;&nbsp;&nbsp;&nbsp; ore 21.30&nbsp;&nbsp; Borgo Santa Brigida <strong>BELLA WAKAME<\/strong><\/p>\n\n\n\n<p>&nbsp;&nbsp;&nbsp;&nbsp;&nbsp;&nbsp;&nbsp;&nbsp;&nbsp;&nbsp;&nbsp;&nbsp;&nbsp; ore 21.30-24.00 Ex Casa del Biscotto <strong>A LETTO CON VERDI<\/strong><\/p>\n\n\n\n<p>sab 4&nbsp;&nbsp;&nbsp;&nbsp;&nbsp; ore 10.00-13.00, 16.00-18.00 Palazzo dei Ministeri <strong>INCONFESSABILE VERDI<\/strong><\/p>\n\n\n\n<p>&nbsp;&nbsp;&nbsp;&nbsp;&nbsp;&nbsp;&nbsp;&nbsp;&nbsp;&nbsp;&nbsp;&nbsp;&nbsp; ore 10.00&nbsp;&nbsp; Varano de\u2019 Melegari <strong>VERDI GIUSEPPE, LA PICCOLA STORIA\u2026<\/strong><\/p>\n\n\n\n<p>&nbsp;&nbsp;&nbsp;&nbsp;&nbsp;&nbsp;&nbsp;&nbsp;&nbsp;&nbsp;&nbsp;&nbsp;&nbsp; ore 11.00&nbsp;&nbsp; OniricArt <strong>CONCERTO ACCADEMIA VERDIANA<\/strong><\/p>\n\n\n\n<p>&nbsp;&nbsp;&nbsp;&nbsp;&nbsp;&nbsp;&nbsp;&nbsp;&nbsp;&nbsp;&nbsp;&nbsp;&nbsp; ore 12.00&nbsp;&nbsp; Fidenza Agrinascente Silvano Romani <strong>CUC\u00d9 VERDIANO<\/strong><\/p>\n\n\n\n<p>&nbsp;&nbsp;&nbsp;&nbsp;&nbsp;&nbsp;&nbsp;&nbsp;&nbsp;&nbsp;&nbsp;&nbsp;&nbsp; ore 13.00&nbsp;&nbsp; Fidenza, KM90 RistoBottega Emiliana <strong>CUC\u00d9 VERDIANO<\/strong><\/p>\n\n\n\n<p>&nbsp;&nbsp;&nbsp;&nbsp;&nbsp;&nbsp;&nbsp;&nbsp;&nbsp;&nbsp;&nbsp;&nbsp;&nbsp; ore 16.00&nbsp;&nbsp; Piazzale Picelli <strong>GERONIMO STILTON Il mio amico Verdi<\/strong><\/p>\n\n\n\n<p>&nbsp;&nbsp;&nbsp;&nbsp;&nbsp;&nbsp;&nbsp;&nbsp;&nbsp;&nbsp;&nbsp;&nbsp;&nbsp; ore 18.30&nbsp;&nbsp; Varano de\u2019 Melegari Fondazione Caterina Dallara <strong>UN TRIO PER VERDI<\/strong><\/p>\n\n\n\n<p>&nbsp;&nbsp;&nbsp;&nbsp;&nbsp;&nbsp;&nbsp;&nbsp;&nbsp;&nbsp;&nbsp;&nbsp;&nbsp; ore 19.00&nbsp;&nbsp; Piazzale del Teatro Regio <strong>VERDI A PASSO DI DANZA<\/strong><\/p>\n\n\n\n<p>&nbsp;&nbsp;&nbsp;&nbsp;&nbsp;&nbsp;&nbsp;&nbsp;&nbsp;&nbsp;&nbsp;&nbsp;&nbsp; ore 20.00&nbsp;&nbsp; Busseto Teatro Verdi<strong> MACBETH<\/strong><\/p>\n\n\n\n<p>&nbsp;&nbsp;&nbsp;&nbsp;&nbsp;&nbsp;&nbsp;&nbsp;&nbsp;&nbsp;&nbsp;&nbsp;&nbsp; ore 21.30-24.00 Ex Casa del Biscotto <strong>A LETTO CON VERDI<\/strong><\/p>\n\n\n\n<p>dom 5&nbsp;&nbsp;&nbsp;&nbsp; ore 10.00-13.00, 16.00-18.00 Palazzo dei Ministeri <strong>INCONFESSABILE VERDI<\/strong><\/p>\n\n\n\n<p>&nbsp;&nbsp;&nbsp;&nbsp;&nbsp;&nbsp;&nbsp;&nbsp;&nbsp;&nbsp;&nbsp;&nbsp;&nbsp; ore 12.00&nbsp;&nbsp; Palazzo Ducale <strong>MEZZOGIORNO IN MUSICA<\/strong><\/p>\n\n\n\n<p>&nbsp;&nbsp;&nbsp;&nbsp;&nbsp;&nbsp;&nbsp;&nbsp;&nbsp;&nbsp;&nbsp;&nbsp;&nbsp; ore 12.00 &nbsp; Busseto Balcone Municipio <strong>CUC\u00d9 VERDIANO<\/strong><\/p>\n\n\n\n<p>&nbsp;&nbsp;&nbsp;&nbsp;&nbsp;&nbsp;&nbsp;&nbsp;&nbsp;&nbsp;&nbsp;&nbsp;&nbsp; ore 15.30<strong>&nbsp;&nbsp; <\/strong>Teatro Regio <strong>OTELLO<\/strong><\/p>\n\n\n\n<p>&nbsp;&nbsp;&nbsp;&nbsp;&nbsp;&nbsp;&nbsp;&nbsp;&nbsp;&nbsp;&nbsp;&nbsp;&nbsp; ore 16.00 &nbsp; Piazzale Picelli <strong>IL FLAUTO MAGICO<\/strong><\/p>\n\n\n\n<p>&nbsp;&nbsp;&nbsp;&nbsp;&nbsp;&nbsp;&nbsp;&nbsp;&nbsp;&nbsp;&nbsp;&nbsp;&nbsp; ore 16.00&nbsp;&nbsp; Museo Glauco Lombardi <strong>NEL SEGNO DEI MAGNIFICI CINQUE<\/strong><\/p>\n\n\n\n<p>&nbsp;&nbsp;&nbsp;&nbsp;&nbsp;&nbsp;&nbsp;&nbsp;&nbsp;&nbsp;&nbsp;&nbsp;&nbsp; ore 17.30&nbsp;&nbsp; Montechiarugolo Villa la Vignazza <strong>TRIO SPEZIE<\/strong><\/p>\n\n\n\n<p>&nbsp;&nbsp;&nbsp;&nbsp;&nbsp;&nbsp;&nbsp;&nbsp;&nbsp;&nbsp;&nbsp;&nbsp;&nbsp; ore 21.00<strong>&nbsp;&nbsp; <\/strong>Teatro Farnese<strong> OUVERTURE<\/strong><\/p>\n\n\n\n<p>&nbsp;&nbsp;&nbsp;&nbsp;&nbsp;&nbsp;&nbsp;&nbsp;&nbsp;&nbsp;&nbsp;&nbsp;&nbsp; ore 21.30-24.00 Ex Casa del Biscotto <strong>A LETTO CON VERDI<\/strong><\/p>\n\n\n\n<p><a>lun 6 &nbsp;&nbsp;&nbsp;&nbsp;&nbsp; ore 10.00&nbsp;&nbsp; Piazzale Picelli <\/a><strong>VERDI GIUSEPPE, LA PICCOLA STORIA\u2026<\/strong><strong><\/strong><\/p>\n\n\n\n<p>mar 7&nbsp;&nbsp;&nbsp;&nbsp;&nbsp; ore 10.00&nbsp;&nbsp; Piazzale Picelli <strong>GIACOMO PUCCINI DAL SUO LAGO\u2026<\/strong><\/p>\n\n\n\n<p>&nbsp;&nbsp;&nbsp;&nbsp;&nbsp;&nbsp;&nbsp;&nbsp;&nbsp;&nbsp;&nbsp;&nbsp;&nbsp; ore 14.30&nbsp;&nbsp; Ridotto Teatro Regio <strong>COME SI CANTAVA VERDI?<\/strong><\/p>\n\n\n\n<p>&nbsp;&nbsp;&nbsp;&nbsp;&nbsp;&nbsp;&nbsp;&nbsp;&nbsp;&nbsp;&nbsp;&nbsp;&nbsp; ore 20:00&nbsp;&nbsp; Lenz Teatro <strong>DISDEMONA<\/strong><\/p>\n\n\n\n<p>mer 8 &nbsp;&nbsp;&nbsp;&nbsp; ore 10.00&nbsp;&nbsp; Piazzale Picelli <strong>ROSSINI PER BAMBINI UNA RICETTA\u2026<\/strong><\/p>\n\n\n\n<p>&nbsp;&nbsp;&nbsp;&nbsp;&nbsp;&nbsp;&nbsp;&nbsp;&nbsp;&nbsp;&nbsp;&nbsp;&nbsp; ore 10.00&nbsp;&nbsp; Busseto <strong>IMPARARE<\/strong> <strong>A SCRIVERE CON VERDI E GUARESCHI<\/strong><\/p>\n\n\n\n<p>&nbsp;&nbsp;&nbsp;&nbsp;&nbsp;&nbsp;&nbsp;&nbsp;&nbsp;&nbsp;&nbsp;&nbsp;&nbsp; ore 19:00&nbsp;&nbsp; Lenz Teatro<strong> DISDEMONA<\/strong><\/p>\n\n\n\n<p>&nbsp;&nbsp;&nbsp;&nbsp;&nbsp;&nbsp;&nbsp;&nbsp;&nbsp;&nbsp;&nbsp;&nbsp;&nbsp; ore 20.30<strong>&nbsp;&nbsp; <\/strong>Teatro Regio <strong>CONCERTO ACCADEMIA VERDIANA<\/strong><\/p>\n\n\n\n<p>gio 9 &nbsp;&nbsp;&nbsp;&nbsp;&nbsp; ore 10.00&nbsp;&nbsp; Piazzale Picelli <strong>INVENTOPERA<\/strong><\/p>\n\n\n\n<p>&nbsp;&nbsp;&nbsp;&nbsp;&nbsp;&nbsp;&nbsp;&nbsp;&nbsp;&nbsp;&nbsp;&nbsp;&nbsp; ore 10.00&nbsp;&nbsp; Traversetolo <strong>VERDI GIUSEPPE, LA PICCOLA STORIA\u2026<\/strong><\/p>\n\n\n\n<p>&nbsp;&nbsp;&nbsp;&nbsp;&nbsp;&nbsp;&nbsp;&nbsp;&nbsp;&nbsp;&nbsp;&nbsp;&nbsp; ore 20.00&nbsp;&nbsp; Lenz Teatro<strong> DISDEMONA<\/strong><\/p>\n\n\n\n<p>&nbsp;&nbsp;&nbsp;&nbsp;&nbsp;&nbsp;&nbsp;&nbsp;&nbsp;&nbsp;&nbsp;&nbsp;&nbsp; ore 20.00&nbsp;&nbsp; Busseto Teatro Verdi<strong> MACBETH<\/strong><\/p>\n\n\n\n<p>&nbsp;&nbsp;&nbsp;&nbsp;&nbsp;&nbsp;&nbsp;&nbsp;&nbsp;&nbsp;&nbsp;&nbsp;&nbsp; ore 21.00&nbsp;&nbsp; OniricArt <strong>CORPO D\u2019OPERA<\/strong><\/p>\n\n\n\n<p>ven 10<a>&nbsp;&nbsp;&nbsp; ore 10.00&nbsp;&nbsp; Basilicagoiano <\/a><strong>VERDI GIUSEPPE, LA PICCOLA STORIA\u2026<\/strong><\/p>\n\n\n\n<p>&nbsp;&nbsp;&nbsp;&nbsp;&nbsp;&nbsp;&nbsp;&nbsp;&nbsp;&nbsp;&nbsp;&nbsp;&nbsp; ore 11.30&nbsp;&nbsp; Parma Monumento a Verdi <strong>CERIMONIA<\/strong><\/p>\n\n\n\n<p>&nbsp;&nbsp;&nbsp;&nbsp;&nbsp;&nbsp;&nbsp;&nbsp;&nbsp;&nbsp;&nbsp;&nbsp;&nbsp; ore 12.00&nbsp;&nbsp; Gran Caff\u00e8 del teatro <strong>CAF\u00c9<\/strong> <strong>CONCERTO<\/strong><\/p>\n\n\n\n<p>&nbsp;&nbsp;&nbsp;&nbsp;&nbsp;&nbsp;&nbsp;&nbsp;&nbsp;&nbsp;&nbsp;&nbsp;&nbsp; ore 18.00&nbsp;&nbsp; OltreLab <strong>SORCIVERDI<\/strong> <strong>sTRAPpo ALLE REGOLE<\/strong><\/p>\n\n\n\n<p>&nbsp;&nbsp;&nbsp;&nbsp;&nbsp;&nbsp;&nbsp;&nbsp;&nbsp;&nbsp;&nbsp;&nbsp;&nbsp; ore 18.30&nbsp;&nbsp; La Prosciutteria Silvio Romani <strong>VERDI A PASSO DI DANZA<\/strong><\/p>\n\n\n\n<p>&nbsp;&nbsp;&nbsp;&nbsp;&nbsp;&nbsp;&nbsp;&nbsp;&nbsp;&nbsp;&nbsp;&nbsp;&nbsp; ore 19:00&nbsp;&nbsp; Lenz Teatro<strong> DISDEMONA<\/strong><\/p>\n\n\n\n<p>&nbsp;&nbsp;&nbsp;&nbsp;&nbsp;&nbsp;&nbsp;&nbsp;&nbsp;&nbsp;&nbsp;&nbsp;&nbsp; ore 19.30&nbsp;&nbsp; Piazzale del Teatro Regio <strong>VERDI A PASSO DI DANZA<\/strong><\/p>\n\n\n\n<p>&nbsp;&nbsp;&nbsp;&nbsp;&nbsp;&nbsp;&nbsp;&nbsp;&nbsp;&nbsp;&nbsp;&nbsp;&nbsp; ore 20.30&nbsp;&nbsp; Teatro Regio<strong> GALA VERDIANO<\/strong><\/p>\n\n\n\n<p>&nbsp;&nbsp;&nbsp;&nbsp;&nbsp;&nbsp;&nbsp;&nbsp;&nbsp;&nbsp;&nbsp;&nbsp;&nbsp; ore 21.30&nbsp;&nbsp; Borgo Santa Brigida <strong>MORENO IL BIONDO<\/strong><\/p>\n\n\n\n<p>&nbsp;&nbsp;&nbsp;&nbsp;&nbsp;&nbsp;&nbsp;&nbsp;&nbsp;&nbsp;&nbsp;&nbsp;&nbsp; ore 22.00-00.30 Palazzo Pallavicino <strong>A LETTO CON VERDI<\/strong><\/p>\n\n\n\n<p>sab 11&nbsp;&nbsp;&nbsp; ore 10.00-13.00, 16.00-18.00 Palazzo dei Ministeri <strong>INCONFESSABILE VERDI<\/strong><\/p>\n\n\n\n<p>&nbsp;&nbsp;&nbsp;&nbsp;&nbsp;&nbsp;&nbsp;&nbsp;&nbsp;&nbsp;&nbsp;&nbsp;&nbsp; ore 11.00&nbsp;&nbsp; Museo Glauco Lombardi <strong>QUARTETTI IN SALA TOSCHI<\/strong><\/p>\n\n\n\n<p>&nbsp;&nbsp;&nbsp;&nbsp;&nbsp;&nbsp;&nbsp;&nbsp;&nbsp;&nbsp;&nbsp;&nbsp;&nbsp; ore 12.00, 13.00 Fidenza <strong>CUC\u00d9 VERDIANO<\/strong><\/p>\n\n\n\n<p>&nbsp;&nbsp;&nbsp;&nbsp;&nbsp;&nbsp;&nbsp;&nbsp;&nbsp;&nbsp;&nbsp;&nbsp;&nbsp; ore 16.00&nbsp;&nbsp; Piazzale Picelli <strong>ODE ALLA VITA<\/strong><\/p>\n\n\n\n<p>&nbsp;&nbsp;&nbsp;&nbsp;&nbsp;&nbsp;&nbsp;&nbsp;&nbsp;&nbsp;&nbsp;&nbsp;&nbsp; ore 16.00&nbsp;&nbsp; Chiesa di San Giovanni Evangelista <strong>VERDI SACRO<\/strong><\/p>\n\n\n\n<p>&nbsp;&nbsp;&nbsp;&nbsp;&nbsp;&nbsp;&nbsp;&nbsp;&nbsp;&nbsp;&nbsp;&nbsp;&nbsp; ore 17.00&nbsp;&nbsp; Teatro Regio <strong>CORI AL RIDOTTO<\/strong> Voci bianche Parma Musicale<\/p>\n\n\n\n<p>&nbsp;&nbsp;&nbsp;&nbsp;&nbsp;&nbsp;&nbsp;&nbsp;&nbsp;&nbsp;&nbsp;&nbsp;&nbsp; ore 17.00&nbsp;&nbsp; Castellina di Soragna Servizi Italia <strong>QUEL CHE \u00c8 SPORCO \u00c8 PULITO<\/strong><\/p>\n\n\n\n<p>&nbsp;&nbsp;&nbsp;&nbsp;&nbsp;&nbsp;&nbsp;&nbsp;&nbsp;&nbsp;&nbsp;&nbsp;&nbsp; ore 18.00&nbsp;&nbsp; Sala Baganza Oratorio Rocca Sanvitale <strong>RECITAL VERDIANO<\/strong><\/p>\n\n\n\n<p>&nbsp;&nbsp;&nbsp;&nbsp;&nbsp;&nbsp;&nbsp;&nbsp;&nbsp;&nbsp;&nbsp;&nbsp;&nbsp; ore 19.00&nbsp;&nbsp; OniricArt <strong>QUICKLY! La storia pi\u00f9 buffa di Windsor<\/strong><\/p>\n\n\n\n<p>&nbsp;&nbsp;&nbsp;&nbsp;&nbsp;&nbsp;&nbsp;&nbsp;&nbsp;&nbsp;&nbsp;&nbsp;&nbsp; ore 19.00&nbsp;&nbsp; Piazzale del Teatro Regio <strong>VERDI A PASSO DI DANZA<\/strong><\/p>\n\n\n\n<p>&nbsp;&nbsp;&nbsp;&nbsp;&nbsp;&nbsp;&nbsp;&nbsp;&nbsp;&nbsp;&nbsp;&nbsp;&nbsp; ore 20.00<strong>&nbsp;&nbsp; <\/strong>Teatro Regio <strong>OTELLO<\/strong><\/p>\n\n\n\n<p>&nbsp;&nbsp;&nbsp;&nbsp;&nbsp;&nbsp;&nbsp;&nbsp;&nbsp;&nbsp;&nbsp;&nbsp;&nbsp; ore 20.00&nbsp;&nbsp; Reggia di Colorno <strong>L\u2019ULTIMA NOTA<\/strong> <strong>Il segreto di Villa Verdi<\/strong><\/p>\n\n\n\n<p>&nbsp;&nbsp;&nbsp;&nbsp;&nbsp;&nbsp;&nbsp;&nbsp;&nbsp;&nbsp;&nbsp;&nbsp;&nbsp; ore 21.00&nbsp;&nbsp; Felino Chiesa della Purificazione della Beata Vergine <strong>VERDI SACRO<\/strong><\/p>\n\n\n\n<p>&nbsp;&nbsp;&nbsp;&nbsp;&nbsp;&nbsp;&nbsp;&nbsp;&nbsp;&nbsp;&nbsp;&nbsp;&nbsp; ore 22.00-00.30 Palazzo Pallavicino <strong>A LETTO CON VERDI<\/strong><\/p>\n\n\n\n<p>dom 12<a>&nbsp;&nbsp; ore 10.00-13.00, 16.00-18.00 Palazzo dei Ministeri <\/a><strong>INCONFESSABILE VERDI<\/strong><\/p>\n\n\n\n<p>&nbsp;&nbsp;&nbsp;&nbsp;&nbsp;&nbsp;&nbsp;&nbsp;&nbsp;&nbsp;&nbsp;&nbsp;&nbsp; ore 10.00&nbsp;&nbsp; Busseto Biblioteca Fondazione Cariparma <strong>EMANUELE MUZIO<\/strong><\/p>\n\n\n\n<p>&nbsp;&nbsp;&nbsp;&nbsp;&nbsp;&nbsp;&nbsp;&nbsp;&nbsp;&nbsp;&nbsp;&nbsp;&nbsp; ore 12.00&nbsp;&nbsp; Palazzo Ducale <strong>MEZZOGIORNO IN MUSICA<\/strong><\/p>\n\n\n\n<p>&nbsp;&nbsp;&nbsp;&nbsp;&nbsp;&nbsp;&nbsp;&nbsp;&nbsp;&nbsp;&nbsp;&nbsp;&nbsp; ore 12.00 &nbsp; Busseto Balcone Municipio <strong>CUC\u00d9 VERDIANO<\/strong><\/p>\n\n\n\n<p>&nbsp;&nbsp;&nbsp;&nbsp;&nbsp;&nbsp;&nbsp;&nbsp;&nbsp;&nbsp;&nbsp;&nbsp;&nbsp; ore 16.00&nbsp;&nbsp; Piazzale Picelli <strong>ODE ALLA VITA<\/strong><\/p>\n\n\n\n<p>&nbsp;&nbsp;&nbsp;&nbsp;&nbsp;&nbsp;&nbsp;&nbsp;&nbsp;&nbsp;&nbsp;&nbsp;&nbsp; ore 17.00&nbsp;&nbsp; Ridotto del Teatro Regio <strong>CORI AL RIDOTTO<\/strong> Corale Verdi<\/p>\n\n\n\n<p>&nbsp;&nbsp;&nbsp;&nbsp;&nbsp;&nbsp;&nbsp;&nbsp;&nbsp;&nbsp;&nbsp;&nbsp;&nbsp; ore 17.30&nbsp;&nbsp; Collecchio Parco Nevicati <strong>TRIO SPEZIE<\/strong><\/p>\n\n\n\n<p>&nbsp;&nbsp;&nbsp;&nbsp;&nbsp;&nbsp;&nbsp;&nbsp;&nbsp;&nbsp;&nbsp;&nbsp;&nbsp; ore 18.00&nbsp;&nbsp; Busseto Salone di Casa Barezzi <strong>BAREZZI YOUNG<\/strong><\/p>\n\n\n\n<p>&nbsp;&nbsp;&nbsp;&nbsp;&nbsp;&nbsp;&nbsp;&nbsp;&nbsp;&nbsp;&nbsp;&nbsp;&nbsp; ore 19.00&nbsp;&nbsp; Piazzale del Teatro Regio <strong>VERDI A PASSO DI DANZA<\/strong><\/p>\n\n\n\n<p>&nbsp;&nbsp;&nbsp;&nbsp;&nbsp;&nbsp;&nbsp;&nbsp;&nbsp;&nbsp;&nbsp;&nbsp;&nbsp; ore 20.00&nbsp;&nbsp; Teatro Regio<strong> FALSTAFF<\/strong><\/p>\n\n\n\n<p>&nbsp;&nbsp;&nbsp;&nbsp;&nbsp;&nbsp;&nbsp;&nbsp;&nbsp;&nbsp;&nbsp;&nbsp;&nbsp; ore 21.00&nbsp;&nbsp; Auditorium Paganini <strong>CONCERTO BANDA GIOVANILE ANBIMA<\/strong><\/p>\n\n\n\n<p>&nbsp;&nbsp;&nbsp;&nbsp;&nbsp;&nbsp;&nbsp;&nbsp;&nbsp;&nbsp;&nbsp;&nbsp;&nbsp; ore 22.00-00.30 Palazzo Pallavicino <strong>A LETTO CON VERDI<\/strong><\/p>\n\n\n\n<p>lun 13&nbsp;&nbsp;&nbsp;&nbsp; ore 10.00&nbsp;&nbsp; Piazzale Picelli <strong>VERDI GIUSEPPE, LA PICCOLA STORIA\u2026<\/strong><\/p>\n\n\n\n<p>mar 14&nbsp;&nbsp;&nbsp; ore 10.00&nbsp;&nbsp; Piazzale Picelli <strong>GIACOMO PUCCINI DAL SUO LAGO\u2026<\/strong><strong><\/strong><\/p>\n\n\n\n<p>&nbsp;&nbsp;&nbsp;&nbsp;&nbsp;&nbsp;&nbsp;&nbsp;&nbsp;&nbsp;&nbsp;&nbsp;&nbsp; ore 10.00&nbsp;&nbsp; Polesine di Zibello Teatro Pallavicino <strong>FALSTAFF<\/strong> \u2026<\/p>\n\n\n\n<p>&nbsp;&nbsp;&nbsp;&nbsp;&nbsp;&nbsp;&nbsp;&nbsp;&nbsp;&nbsp;&nbsp;&nbsp;&nbsp; ore 20.30<strong>&nbsp;&nbsp; <\/strong>Teatro Regio <strong>FUOCO DI GIOIA<\/strong><\/p>\n\n\n\n<p>mer 15&nbsp;&nbsp;&nbsp; ore 10.00&nbsp;&nbsp; Piazzale Picelli <strong>ROSSINI PER BAMBINI UNA RICETTA\u2026<\/strong><\/p>\n\n\n\n<p>gio 16&nbsp;&nbsp;&nbsp;&nbsp; ore 10.00&nbsp;&nbsp; Piazzale Picelli <strong>INVENTOPERA<\/strong><\/p>\n\n\n\n<p>&nbsp;&nbsp;&nbsp;&nbsp;&nbsp;&nbsp;&nbsp;&nbsp;&nbsp;&nbsp;&nbsp;&nbsp;&nbsp; ore 10.00&nbsp;&nbsp; Sala Baganza <strong>VERDI GIUSEPPE, LA PICCOLA STORIA\u2026<\/strong><\/p>\n\n\n\n<p>&nbsp;&nbsp;&nbsp;&nbsp;&nbsp;&nbsp;&nbsp;&nbsp;&nbsp;&nbsp;&nbsp;&nbsp;&nbsp; ore 17.00&nbsp;&nbsp; Palazzo Bossi Bocchi <strong>CONCERTO LIRICO VERDIANO<\/strong><\/p>\n\n\n\n<p>&nbsp;&nbsp;&nbsp;&nbsp;&nbsp;&nbsp;&nbsp;&nbsp;&nbsp;&nbsp;&nbsp;&nbsp;&nbsp; ore 18.00&nbsp;&nbsp; Casa della Musica <strong>I GIOVANI PER VERDI<\/strong><\/p>\n\n\n\n<p>&nbsp;&nbsp;&nbsp;&nbsp;&nbsp;&nbsp;&nbsp;&nbsp;&nbsp;&nbsp;&nbsp;&nbsp;&nbsp; ore 20.00&nbsp;&nbsp; Teatro Regio<strong> FALSTAFF<\/strong><\/p>\n\n\n\n<p>ven 17&nbsp;&nbsp;&nbsp; ore 12.00&nbsp;&nbsp; Gran Caff\u00e8 del teatro <strong>CAF\u00c9 CONCERTO<\/strong><\/p>\n\n\n\n<p>&nbsp;&nbsp;&nbsp;&nbsp;&nbsp;&nbsp;&nbsp;&nbsp;&nbsp;&nbsp;&nbsp;&nbsp;&nbsp; ore 15.00&nbsp;&nbsp; Ridotto del Teatro Regio <strong>CORI AL RIDOTTO<\/strong> Voci bianche Teatro Regio<\/p>\n\n\n\n<p>&nbsp;&nbsp;&nbsp;&nbsp;&nbsp;&nbsp;&nbsp;&nbsp;&nbsp;&nbsp;&nbsp;&nbsp;&nbsp; ore 17.00&nbsp;&nbsp; Busseto Teatro Verdi<strong> MACBETH<\/strong><\/p>\n\n\n\n<p>&nbsp;&nbsp;&nbsp;&nbsp;&nbsp;&nbsp;&nbsp;&nbsp;&nbsp;&nbsp;&nbsp;&nbsp;&nbsp; ore 20.30&nbsp;&nbsp; Palazzo Pallavicino <strong>IO CORAGGIOSO<\/strong><\/p>\n\n\n\n<p>&nbsp;&nbsp;&nbsp;&nbsp;&nbsp;&nbsp;&nbsp;&nbsp;&nbsp;&nbsp;&nbsp;&nbsp;&nbsp; ore 21.00&nbsp;&nbsp; Teatro Farnese <strong>89 SECONDS TO MIDNIGHT<\/strong><\/p>\n\n\n\n<p>&nbsp;&nbsp;&nbsp;&nbsp;&nbsp;&nbsp;&nbsp;&nbsp;&nbsp;&nbsp;&nbsp;&nbsp;&nbsp; ore 21.30&nbsp;&nbsp; Borgo Santa Brigida <strong>ATTACCHI DI SWING<\/strong><\/p>\n\n\n\n<p>sab 18&nbsp;&nbsp;&nbsp; ore 11.30, 16.30 Langhirano Salumificio La Torre <strong>MEMORIAEFUTURAE<\/strong><\/p>\n\n\n\n<p>&nbsp;&nbsp;&nbsp;&nbsp;&nbsp;&nbsp;&nbsp;&nbsp;&nbsp;&nbsp;&nbsp;&nbsp;&nbsp; ore 12.00&nbsp;&nbsp; Fidenza Agrinascente Silvano Romani <strong>CUC\u00d9 VERDIANO<\/strong><\/p>\n\n\n\n<p>&nbsp;&nbsp;&nbsp;&nbsp;&nbsp;&nbsp;&nbsp;&nbsp;&nbsp;&nbsp;&nbsp;&nbsp;&nbsp; ore 13.00&nbsp;&nbsp; Fidenza, KM90 RistoBottega Emiliana <strong>CUC\u00d9 VERDIANO<\/strong><\/p>\n\n\n\n<p>&nbsp;&nbsp;&nbsp;&nbsp;&nbsp;&nbsp;&nbsp;&nbsp;&nbsp;&nbsp;&nbsp;&nbsp;&nbsp; ore 15.30, 16.10, 16.50, 17.50, 18.30&nbsp; OniricArt <strong>SCORIE<\/strong><\/p>\n\n\n\n<p>&nbsp;&nbsp;&nbsp;&nbsp;&nbsp;&nbsp;&nbsp;&nbsp;&nbsp;&nbsp;&nbsp;&nbsp;&nbsp; ore 16.00&nbsp;&nbsp; Piazzale Picelli <strong>NELL\u2019ANTRO DELLA STREGA<\/strong><\/p>\n\n\n\n<p>&nbsp;&nbsp;&nbsp;&nbsp;&nbsp;&nbsp;&nbsp;&nbsp;&nbsp;&nbsp;&nbsp;&nbsp;&nbsp; ore 16.00&nbsp;&nbsp; Piazzale del Teatro Regio <strong>VERDI A PASSO DI DANZA<\/strong><\/p>\n\n\n\n<p>&nbsp;&nbsp;&nbsp;&nbsp;&nbsp;&nbsp;&nbsp;&nbsp;&nbsp;&nbsp;&nbsp;&nbsp;&nbsp; ore 16.30&nbsp;&nbsp; Sorbolo Mezzani Meverin <strong>CLOWN IN LIBERT\u00c0<\/strong><\/p>\n\n\n\n<p>&nbsp;&nbsp;&nbsp;&nbsp;&nbsp;&nbsp;&nbsp;&nbsp;&nbsp;&nbsp;&nbsp;&nbsp;&nbsp; ore 17.00&nbsp;&nbsp; Teatro Regio<strong> MESSA DA REQUIEM<\/strong><\/p>\n\n\n\n<p><a>&nbsp;&nbsp;&nbsp;&nbsp;&nbsp;&nbsp;&nbsp;&nbsp;&nbsp;&nbsp;&nbsp;&nbsp;&nbsp; ore 21.30&nbsp;&nbsp; Borgo Santa Brigida <\/a><strong>DJSET VERDIANO<\/strong><strong><\/strong><\/p>\n\n\n\n<p>dom 19&nbsp;&nbsp; ore 12.00&nbsp;&nbsp; Palazzo Ducale <strong>MEZZOGIORNO IN MUSICA<\/strong><\/p>\n\n\n\n<p>&nbsp;&nbsp;&nbsp;&nbsp;&nbsp;&nbsp;&nbsp;&nbsp;&nbsp;&nbsp;&nbsp;&nbsp;&nbsp; ore 12.00 &nbsp; Busseto Balcone Municipio <strong>CUC\u00d9 VERDIANO<\/strong><\/p>\n\n\n\n<p>&nbsp;&nbsp;&nbsp;&nbsp;&nbsp;&nbsp;&nbsp;&nbsp;&nbsp;&nbsp;&nbsp;&nbsp;&nbsp; ore 15.30, 16.10, 16.50, 17.50, 18.30 OniricArt <strong>SCORIE<\/strong><\/p>\n\n\n\n<p>&nbsp;&nbsp;&nbsp;&nbsp;&nbsp;&nbsp;&nbsp;&nbsp;&nbsp;&nbsp;&nbsp;&nbsp;&nbsp; ore 16.00&nbsp;&nbsp; Piazzale Picelli <strong>NELL\u2019ANTRO DELLA STREGA<\/strong><\/p>\n\n\n\n<p>&nbsp;&nbsp;&nbsp;&nbsp;&nbsp;&nbsp;&nbsp;&nbsp;&nbsp;&nbsp;&nbsp;&nbsp;&nbsp; ore 16.00&nbsp;&nbsp; Casa della Musica Parma <strong>VERDI PLURILINGUE<\/strong><strong><\/strong><\/p>\n\n\n\n<p>&nbsp;&nbsp;&nbsp;&nbsp;&nbsp;&nbsp;&nbsp;&nbsp;&nbsp;&nbsp;&nbsp;&nbsp;&nbsp; ore 16.30&nbsp;&nbsp; Mezzani Porto Turistico <strong>V.V.V. 2.0<\/strong><strong><\/strong><\/p>\n\n\n\n<p>&nbsp;&nbsp;&nbsp;&nbsp;&nbsp;&nbsp;&nbsp;&nbsp;&nbsp;&nbsp;&nbsp;&nbsp;&nbsp; ore 20.00<strong>&nbsp;&nbsp; <\/strong>Teatro Regio <strong>OTELLO<\/strong><\/p>\n\n\n\n<p>foto<\/p>\n\n\n\n<figure class=\"wp-block-gallery has-nested-images columns-default is-cropped wp-block-gallery-1 is-layout-flex wp-block-gallery-is-layout-flex\">\n<figure class=\"wp-block-image size-large\"><a href=\"https:\/\/www.ecoitaliano.com.ar\/wp-content\/uploads\/2025\/09\/0119_OtelloFV2025.jpg\"><img decoding=\"async\" width=\"1024\" height=\"676\" data-id=\"79689\" src=\"https:\/\/www.ecoitaliano.com.ar\/wp-content\/uploads\/2025\/09\/0119_OtelloFV2025-1024x676.jpg\" alt=\"\" class=\"wp-image-79689\" srcset=\"https:\/\/www.ecoitaliano.com.ar\/wp-content\/uploads\/2025\/09\/0119_OtelloFV2025-1024x676.jpg 1024w, https:\/\/www.ecoitaliano.com.ar\/wp-content\/uploads\/2025\/09\/0119_OtelloFV2025-300x198.jpg 300w, https:\/\/www.ecoitaliano.com.ar\/wp-content\/uploads\/2025\/09\/0119_OtelloFV2025-768x507.jpg 768w, https:\/\/www.ecoitaliano.com.ar\/wp-content\/uploads\/2025\/09\/0119_OtelloFV2025-1536x1015.jpg 1536w, https:\/\/www.ecoitaliano.com.ar\/wp-content\/uploads\/2025\/09\/0119_OtelloFV2025-2048x1353.jpg 2048w, https:\/\/www.ecoitaliano.com.ar\/wp-content\/uploads\/2025\/09\/0119_OtelloFV2025-150x99.jpg 150w\" sizes=\"(max-width: 1024px) 100vw, 1024px\" \/><\/a><\/figure>\n\n\n\n<figure class=\"wp-block-image size-large\"><a href=\"https:\/\/www.ecoitaliano.com.ar\/wp-content\/uploads\/2025\/09\/0144_OtelloFV2025.jpg\"><img decoding=\"async\" width=\"1024\" height=\"676\" data-id=\"79690\" src=\"https:\/\/www.ecoitaliano.com.ar\/wp-content\/uploads\/2025\/09\/0144_OtelloFV2025-1024x676.jpg\" alt=\"\" class=\"wp-image-79690\" srcset=\"https:\/\/www.ecoitaliano.com.ar\/wp-content\/uploads\/2025\/09\/0144_OtelloFV2025-1024x676.jpg 1024w, https:\/\/www.ecoitaliano.com.ar\/wp-content\/uploads\/2025\/09\/0144_OtelloFV2025-300x198.jpg 300w, https:\/\/www.ecoitaliano.com.ar\/wp-content\/uploads\/2025\/09\/0144_OtelloFV2025-768x507.jpg 768w, https:\/\/www.ecoitaliano.com.ar\/wp-content\/uploads\/2025\/09\/0144_OtelloFV2025-1536x1015.jpg 1536w, https:\/\/www.ecoitaliano.com.ar\/wp-content\/uploads\/2025\/09\/0144_OtelloFV2025-2048x1353.jpg 2048w, https:\/\/www.ecoitaliano.com.ar\/wp-content\/uploads\/2025\/09\/0144_OtelloFV2025-150x99.jpg 150w\" sizes=\"(max-width: 1024px) 100vw, 1024px\" \/><\/a><\/figure>\n\n\n\n<figure class=\"wp-block-image size-large\"><a href=\"https:\/\/www.ecoitaliano.com.ar\/wp-content\/uploads\/2025\/09\/0148_OtelloFV2025.jpg\"><img decoding=\"async\" width=\"1024\" height=\"676\" data-id=\"79691\" src=\"https:\/\/www.ecoitaliano.com.ar\/wp-content\/uploads\/2025\/09\/0148_OtelloFV2025-1024x676.jpg\" alt=\"\" class=\"wp-image-79691\" srcset=\"https:\/\/www.ecoitaliano.com.ar\/wp-content\/uploads\/2025\/09\/0148_OtelloFV2025-1024x676.jpg 1024w, https:\/\/www.ecoitaliano.com.ar\/wp-content\/uploads\/2025\/09\/0148_OtelloFV2025-300x198.jpg 300w, https:\/\/www.ecoitaliano.com.ar\/wp-content\/uploads\/2025\/09\/0148_OtelloFV2025-768x507.jpg 768w, https:\/\/www.ecoitaliano.com.ar\/wp-content\/uploads\/2025\/09\/0148_OtelloFV2025-1536x1015.jpg 1536w, https:\/\/www.ecoitaliano.com.ar\/wp-content\/uploads\/2025\/09\/0148_OtelloFV2025-2048x1353.jpg 2048w, https:\/\/www.ecoitaliano.com.ar\/wp-content\/uploads\/2025\/09\/0148_OtelloFV2025-150x99.jpg 150w\" sizes=\"(max-width: 1024px) 100vw, 1024px\" \/><\/a><\/figure>\n\n\n\n<figure class=\"wp-block-image size-large\"><a href=\"https:\/\/www.ecoitaliano.com.ar\/wp-content\/uploads\/2025\/09\/0160_OtelloFV2025.jpg\"><img decoding=\"async\" width=\"676\" height=\"1024\" data-id=\"79692\" src=\"https:\/\/www.ecoitaliano.com.ar\/wp-content\/uploads\/2025\/09\/0160_OtelloFV2025-676x1024.jpg\" alt=\"\" class=\"wp-image-79692\" srcset=\"https:\/\/www.ecoitaliano.com.ar\/wp-content\/uploads\/2025\/09\/0160_OtelloFV2025-676x1024.jpg 676w, https:\/\/www.ecoitaliano.com.ar\/wp-content\/uploads\/2025\/09\/0160_OtelloFV2025-198x300.jpg 198w, https:\/\/www.ecoitaliano.com.ar\/wp-content\/uploads\/2025\/09\/0160_OtelloFV2025-768x1163.jpg 768w, https:\/\/www.ecoitaliano.com.ar\/wp-content\/uploads\/2025\/09\/0160_OtelloFV2025-1015x1536.jpg 1015w, https:\/\/www.ecoitaliano.com.ar\/wp-content\/uploads\/2025\/09\/0160_OtelloFV2025-1353x2048.jpg 1353w, https:\/\/www.ecoitaliano.com.ar\/wp-content\/uploads\/2025\/09\/0160_OtelloFV2025-99x150.jpg 99w, https:\/\/www.ecoitaliano.com.ar\/wp-content\/uploads\/2025\/09\/0160_OtelloFV2025.jpg 1691w\" sizes=\"(max-width: 676px) 100vw, 676px\" \/><\/a><\/figure>\n\n\n\n<figure class=\"wp-block-image size-large\"><a href=\"https:\/\/www.ecoitaliano.com.ar\/wp-content\/uploads\/2025\/09\/0162_OtelloFV2025.jpg\"><img decoding=\"async\" width=\"1024\" height=\"676\" data-id=\"79693\" src=\"https:\/\/www.ecoitaliano.com.ar\/wp-content\/uploads\/2025\/09\/0162_OtelloFV2025-1024x676.jpg\" alt=\"\" class=\"wp-image-79693\" srcset=\"https:\/\/www.ecoitaliano.com.ar\/wp-content\/uploads\/2025\/09\/0162_OtelloFV2025-1024x676.jpg 1024w, https:\/\/www.ecoitaliano.com.ar\/wp-content\/uploads\/2025\/09\/0162_OtelloFV2025-300x198.jpg 300w, https:\/\/www.ecoitaliano.com.ar\/wp-content\/uploads\/2025\/09\/0162_OtelloFV2025-768x507.jpg 768w, https:\/\/www.ecoitaliano.com.ar\/wp-content\/uploads\/2025\/09\/0162_OtelloFV2025-1536x1015.jpg 1536w, https:\/\/www.ecoitaliano.com.ar\/wp-content\/uploads\/2025\/09\/0162_OtelloFV2025-2048x1353.jpg 2048w, https:\/\/www.ecoitaliano.com.ar\/wp-content\/uploads\/2025\/09\/0162_OtelloFV2025-150x99.jpg 150w\" sizes=\"(max-width: 1024px) 100vw, 1024px\" \/><\/a><\/figure>\n\n\n\n<figure class=\"wp-block-image size-large\"><a href=\"https:\/\/www.ecoitaliano.com.ar\/wp-content\/uploads\/2025\/09\/0170_OtelloFV2025.jpg\"><img decoding=\"async\" width=\"1024\" height=\"676\" data-id=\"79694\" src=\"https:\/\/www.ecoitaliano.com.ar\/wp-content\/uploads\/2025\/09\/0170_OtelloFV2025-1024x676.jpg\" alt=\"\" class=\"wp-image-79694\" srcset=\"https:\/\/www.ecoitaliano.com.ar\/wp-content\/uploads\/2025\/09\/0170_OtelloFV2025-1024x676.jpg 1024w, https:\/\/www.ecoitaliano.com.ar\/wp-content\/uploads\/2025\/09\/0170_OtelloFV2025-300x198.jpg 300w, https:\/\/www.ecoitaliano.com.ar\/wp-content\/uploads\/2025\/09\/0170_OtelloFV2025-768x507.jpg 768w, https:\/\/www.ecoitaliano.com.ar\/wp-content\/uploads\/2025\/09\/0170_OtelloFV2025-1536x1015.jpg 1536w, https:\/\/www.ecoitaliano.com.ar\/wp-content\/uploads\/2025\/09\/0170_OtelloFV2025-2048x1353.jpg 2048w, https:\/\/www.ecoitaliano.com.ar\/wp-content\/uploads\/2025\/09\/0170_OtelloFV2025-150x99.jpg 150w\" sizes=\"(max-width: 1024px) 100vw, 1024px\" \/><\/a><\/figure>\n\n\n\n<figure class=\"wp-block-image size-large\"><a href=\"https:\/\/www.ecoitaliano.com.ar\/wp-content\/uploads\/2025\/09\/0198_OtelloFV2025.jpg\"><img decoding=\"async\" width=\"1024\" height=\"676\" data-id=\"79695\" src=\"https:\/\/www.ecoitaliano.com.ar\/wp-content\/uploads\/2025\/09\/0198_OtelloFV2025-1024x676.jpg\" alt=\"\" class=\"wp-image-79695\" srcset=\"https:\/\/www.ecoitaliano.com.ar\/wp-content\/uploads\/2025\/09\/0198_OtelloFV2025-1024x676.jpg 1024w, https:\/\/www.ecoitaliano.com.ar\/wp-content\/uploads\/2025\/09\/0198_OtelloFV2025-300x198.jpg 300w, https:\/\/www.ecoitaliano.com.ar\/wp-content\/uploads\/2025\/09\/0198_OtelloFV2025-768x507.jpg 768w, https:\/\/www.ecoitaliano.com.ar\/wp-content\/uploads\/2025\/09\/0198_OtelloFV2025-1536x1015.jpg 1536w, https:\/\/www.ecoitaliano.com.ar\/wp-content\/uploads\/2025\/09\/0198_OtelloFV2025-2048x1353.jpg 2048w, https:\/\/www.ecoitaliano.com.ar\/wp-content\/uploads\/2025\/09\/0198_OtelloFV2025-150x99.jpg 150w\" sizes=\"(max-width: 1024px) 100vw, 1024px\" \/><\/a><\/figure>\n\n\n\n<figure class=\"wp-block-image size-large\"><a href=\"https:\/\/www.ecoitaliano.com.ar\/wp-content\/uploads\/2025\/09\/0213_OtelloFV2025.jpg\"><img decoding=\"async\" width=\"1024\" height=\"676\" data-id=\"79696\" src=\"https:\/\/www.ecoitaliano.com.ar\/wp-content\/uploads\/2025\/09\/0213_OtelloFV2025-1024x676.jpg\" alt=\"\" class=\"wp-image-79696\" srcset=\"https:\/\/www.ecoitaliano.com.ar\/wp-content\/uploads\/2025\/09\/0213_OtelloFV2025-1024x676.jpg 1024w, https:\/\/www.ecoitaliano.com.ar\/wp-content\/uploads\/2025\/09\/0213_OtelloFV2025-300x198.jpg 300w, https:\/\/www.ecoitaliano.com.ar\/wp-content\/uploads\/2025\/09\/0213_OtelloFV2025-768x507.jpg 768w, https:\/\/www.ecoitaliano.com.ar\/wp-content\/uploads\/2025\/09\/0213_OtelloFV2025-1536x1015.jpg 1536w, https:\/\/www.ecoitaliano.com.ar\/wp-content\/uploads\/2025\/09\/0213_OtelloFV2025-2048x1353.jpg 2048w, https:\/\/www.ecoitaliano.com.ar\/wp-content\/uploads\/2025\/09\/0213_OtelloFV2025-150x99.jpg 150w\" sizes=\"(max-width: 1024px) 100vw, 1024px\" \/><\/a><\/figure>\n\n\n\n<figure class=\"wp-block-image size-large\"><a href=\"https:\/\/www.ecoitaliano.com.ar\/wp-content\/uploads\/2025\/09\/0267_OtelloFV2025.jpg\"><img decoding=\"async\" width=\"676\" height=\"1024\" data-id=\"79697\" src=\"https:\/\/www.ecoitaliano.com.ar\/wp-content\/uploads\/2025\/09\/0267_OtelloFV2025-676x1024.jpg\" alt=\"\" class=\"wp-image-79697\" srcset=\"https:\/\/www.ecoitaliano.com.ar\/wp-content\/uploads\/2025\/09\/0267_OtelloFV2025-676x1024.jpg 676w, https:\/\/www.ecoitaliano.com.ar\/wp-content\/uploads\/2025\/09\/0267_OtelloFV2025-198x300.jpg 198w, https:\/\/www.ecoitaliano.com.ar\/wp-content\/uploads\/2025\/09\/0267_OtelloFV2025-768x1163.jpg 768w, https:\/\/www.ecoitaliano.com.ar\/wp-content\/uploads\/2025\/09\/0267_OtelloFV2025-1015x1536.jpg 1015w, https:\/\/www.ecoitaliano.com.ar\/wp-content\/uploads\/2025\/09\/0267_OtelloFV2025-1353x2048.jpg 1353w, https:\/\/www.ecoitaliano.com.ar\/wp-content\/uploads\/2025\/09\/0267_OtelloFV2025-99x150.jpg 99w, https:\/\/www.ecoitaliano.com.ar\/wp-content\/uploads\/2025\/09\/0267_OtelloFV2025.jpg 1691w\" sizes=\"(max-width: 676px) 100vw, 676px\" \/><\/a><\/figure>\n\n\n\n<figure class=\"wp-block-image size-large\"><a href=\"https:\/\/www.ecoitaliano.com.ar\/wp-content\/uploads\/2025\/09\/0269_OtelloFV2025.jpg\"><img decoding=\"async\" width=\"676\" height=\"1024\" data-id=\"79698\" src=\"https:\/\/www.ecoitaliano.com.ar\/wp-content\/uploads\/2025\/09\/0269_OtelloFV2025-676x1024.jpg\" alt=\"\" class=\"wp-image-79698\" srcset=\"https:\/\/www.ecoitaliano.com.ar\/wp-content\/uploads\/2025\/09\/0269_OtelloFV2025-676x1024.jpg 676w, https:\/\/www.ecoitaliano.com.ar\/wp-content\/uploads\/2025\/09\/0269_OtelloFV2025-198x300.jpg 198w, https:\/\/www.ecoitaliano.com.ar\/wp-content\/uploads\/2025\/09\/0269_OtelloFV2025-768x1163.jpg 768w, https:\/\/www.ecoitaliano.com.ar\/wp-content\/uploads\/2025\/09\/0269_OtelloFV2025-1015x1536.jpg 1015w, https:\/\/www.ecoitaliano.com.ar\/wp-content\/uploads\/2025\/09\/0269_OtelloFV2025-1353x2048.jpg 1353w, https:\/\/www.ecoitaliano.com.ar\/wp-content\/uploads\/2025\/09\/0269_OtelloFV2025-99x150.jpg 99w, https:\/\/www.ecoitaliano.com.ar\/wp-content\/uploads\/2025\/09\/0269_OtelloFV2025.jpg 1691w\" sizes=\"(max-width: 676px) 100vw, 676px\" \/><\/a><\/figure>\n\n\n\n<figure class=\"wp-block-image size-large\"><a href=\"https:\/\/www.ecoitaliano.com.ar\/wp-content\/uploads\/2025\/09\/0286_OtelloFV2025.jpg\"><img decoding=\"async\" width=\"676\" height=\"1024\" data-id=\"79699\" src=\"https:\/\/www.ecoitaliano.com.ar\/wp-content\/uploads\/2025\/09\/0286_OtelloFV2025-676x1024.jpg\" alt=\"\" class=\"wp-image-79699\" srcset=\"https:\/\/www.ecoitaliano.com.ar\/wp-content\/uploads\/2025\/09\/0286_OtelloFV2025-676x1024.jpg 676w, https:\/\/www.ecoitaliano.com.ar\/wp-content\/uploads\/2025\/09\/0286_OtelloFV2025-198x300.jpg 198w, https:\/\/www.ecoitaliano.com.ar\/wp-content\/uploads\/2025\/09\/0286_OtelloFV2025-768x1163.jpg 768w, https:\/\/www.ecoitaliano.com.ar\/wp-content\/uploads\/2025\/09\/0286_OtelloFV2025-1015x1536.jpg 1015w, https:\/\/www.ecoitaliano.com.ar\/wp-content\/uploads\/2025\/09\/0286_OtelloFV2025-1353x2048.jpg 1353w, https:\/\/www.ecoitaliano.com.ar\/wp-content\/uploads\/2025\/09\/0286_OtelloFV2025-99x150.jpg 99w, https:\/\/www.ecoitaliano.com.ar\/wp-content\/uploads\/2025\/09\/0286_OtelloFV2025.jpg 1691w\" sizes=\"(max-width: 676px) 100vw, 676px\" \/><\/a><\/figure>\n\n\n\n<figure class=\"wp-block-image size-large\"><a href=\"https:\/\/www.ecoitaliano.com.ar\/wp-content\/uploads\/2025\/09\/0288_OtelloFV2025.jpg\"><img decoding=\"async\" width=\"1024\" height=\"676\" data-id=\"79700\" src=\"https:\/\/www.ecoitaliano.com.ar\/wp-content\/uploads\/2025\/09\/0288_OtelloFV2025-1024x676.jpg\" alt=\"\" class=\"wp-image-79700\" srcset=\"https:\/\/www.ecoitaliano.com.ar\/wp-content\/uploads\/2025\/09\/0288_OtelloFV2025-1024x676.jpg 1024w, https:\/\/www.ecoitaliano.com.ar\/wp-content\/uploads\/2025\/09\/0288_OtelloFV2025-300x198.jpg 300w, https:\/\/www.ecoitaliano.com.ar\/wp-content\/uploads\/2025\/09\/0288_OtelloFV2025-768x507.jpg 768w, https:\/\/www.ecoitaliano.com.ar\/wp-content\/uploads\/2025\/09\/0288_OtelloFV2025-1536x1015.jpg 1536w, https:\/\/www.ecoitaliano.com.ar\/wp-content\/uploads\/2025\/09\/0288_OtelloFV2025-2048x1353.jpg 2048w, https:\/\/www.ecoitaliano.com.ar\/wp-content\/uploads\/2025\/09\/0288_OtelloFV2025-150x99.jpg 150w\" sizes=\"(max-width: 1024px) 100vw, 1024px\" \/><\/a><\/figure>\n\n\n\n<figure class=\"wp-block-image size-large\"><a href=\"https:\/\/www.ecoitaliano.com.ar\/wp-content\/uploads\/2025\/09\/0293_OtelloFV2025.jpg\"><img decoding=\"async\" width=\"1024\" height=\"676\" data-id=\"79701\" src=\"https:\/\/www.ecoitaliano.com.ar\/wp-content\/uploads\/2025\/09\/0293_OtelloFV2025-1024x676.jpg\" alt=\"\" class=\"wp-image-79701\" srcset=\"https:\/\/www.ecoitaliano.com.ar\/wp-content\/uploads\/2025\/09\/0293_OtelloFV2025-1024x676.jpg 1024w, https:\/\/www.ecoitaliano.com.ar\/wp-content\/uploads\/2025\/09\/0293_OtelloFV2025-300x198.jpg 300w, https:\/\/www.ecoitaliano.com.ar\/wp-content\/uploads\/2025\/09\/0293_OtelloFV2025-768x507.jpg 768w, https:\/\/www.ecoitaliano.com.ar\/wp-content\/uploads\/2025\/09\/0293_OtelloFV2025-1536x1015.jpg 1536w, https:\/\/www.ecoitaliano.com.ar\/wp-content\/uploads\/2025\/09\/0293_OtelloFV2025-2048x1353.jpg 2048w, https:\/\/www.ecoitaliano.com.ar\/wp-content\/uploads\/2025\/09\/0293_OtelloFV2025-150x99.jpg 150w\" sizes=\"(max-width: 1024px) 100vw, 1024px\" \/><\/a><\/figure>\n\n\n\n<figure class=\"wp-block-image size-large\"><a href=\"https:\/\/www.ecoitaliano.com.ar\/wp-content\/uploads\/2025\/09\/0329_OtelloFV2025.jpg\"><img decoding=\"async\" width=\"1024\" height=\"676\" data-id=\"79702\" src=\"https:\/\/www.ecoitaliano.com.ar\/wp-content\/uploads\/2025\/09\/0329_OtelloFV2025-1024x676.jpg\" alt=\"\" class=\"wp-image-79702\" srcset=\"https:\/\/www.ecoitaliano.com.ar\/wp-content\/uploads\/2025\/09\/0329_OtelloFV2025-1024x676.jpg 1024w, https:\/\/www.ecoitaliano.com.ar\/wp-content\/uploads\/2025\/09\/0329_OtelloFV2025-300x198.jpg 300w, https:\/\/www.ecoitaliano.com.ar\/wp-content\/uploads\/2025\/09\/0329_OtelloFV2025-768x507.jpg 768w, https:\/\/www.ecoitaliano.com.ar\/wp-content\/uploads\/2025\/09\/0329_OtelloFV2025-1536x1015.jpg 1536w, https:\/\/www.ecoitaliano.com.ar\/wp-content\/uploads\/2025\/09\/0329_OtelloFV2025-2048x1353.jpg 2048w, https:\/\/www.ecoitaliano.com.ar\/wp-content\/uploads\/2025\/09\/0329_OtelloFV2025-150x99.jpg 150w\" sizes=\"(max-width: 1024px) 100vw, 1024px\" \/><\/a><\/figure>\n\n\n\n<figure class=\"wp-block-image size-large\"><a href=\"https:\/\/www.ecoitaliano.com.ar\/wp-content\/uploads\/2025\/09\/0365_OtelloFV2025.jpg\"><img decoding=\"async\" width=\"1024\" height=\"676\" data-id=\"79703\" src=\"https:\/\/www.ecoitaliano.com.ar\/wp-content\/uploads\/2025\/09\/0365_OtelloFV2025-1024x676.jpg\" alt=\"\" class=\"wp-image-79703\" srcset=\"https:\/\/www.ecoitaliano.com.ar\/wp-content\/uploads\/2025\/09\/0365_OtelloFV2025-1024x676.jpg 1024w, https:\/\/www.ecoitaliano.com.ar\/wp-content\/uploads\/2025\/09\/0365_OtelloFV2025-300x198.jpg 300w, https:\/\/www.ecoitaliano.com.ar\/wp-content\/uploads\/2025\/09\/0365_OtelloFV2025-768x507.jpg 768w, https:\/\/www.ecoitaliano.com.ar\/wp-content\/uploads\/2025\/09\/0365_OtelloFV2025-1536x1015.jpg 1536w, https:\/\/www.ecoitaliano.com.ar\/wp-content\/uploads\/2025\/09\/0365_OtelloFV2025-2048x1353.jpg 2048w, https:\/\/www.ecoitaliano.com.ar\/wp-content\/uploads\/2025\/09\/0365_OtelloFV2025-150x99.jpg 150w\" sizes=\"(max-width: 1024px) 100vw, 1024px\" \/><\/a><\/figure>\n\n\n\n<figure class=\"wp-block-image size-large\"><a href=\"https:\/\/www.ecoitaliano.com.ar\/wp-content\/uploads\/2025\/09\/0380_OtelloFV2025.jpg\"><img decoding=\"async\" width=\"1024\" height=\"676\" data-id=\"79704\" src=\"https:\/\/www.ecoitaliano.com.ar\/wp-content\/uploads\/2025\/09\/0380_OtelloFV2025-1024x676.jpg\" alt=\"\" class=\"wp-image-79704\" srcset=\"https:\/\/www.ecoitaliano.com.ar\/wp-content\/uploads\/2025\/09\/0380_OtelloFV2025-1024x676.jpg 1024w, https:\/\/www.ecoitaliano.com.ar\/wp-content\/uploads\/2025\/09\/0380_OtelloFV2025-300x198.jpg 300w, https:\/\/www.ecoitaliano.com.ar\/wp-content\/uploads\/2025\/09\/0380_OtelloFV2025-768x507.jpg 768w, https:\/\/www.ecoitaliano.com.ar\/wp-content\/uploads\/2025\/09\/0380_OtelloFV2025-1536x1015.jpg 1536w, https:\/\/www.ecoitaliano.com.ar\/wp-content\/uploads\/2025\/09\/0380_OtelloFV2025-2048x1353.jpg 2048w, https:\/\/www.ecoitaliano.com.ar\/wp-content\/uploads\/2025\/09\/0380_OtelloFV2025-150x99.jpg 150w\" sizes=\"(max-width: 1024px) 100vw, 1024px\" \/><\/a><\/figure>\n\n\n\n<figure class=\"wp-block-image size-large\"><a href=\"https:\/\/www.ecoitaliano.com.ar\/wp-content\/uploads\/2025\/09\/0409_OtelloFV2025.jpg\"><img decoding=\"async\" width=\"676\" height=\"1024\" data-id=\"79705\" src=\"https:\/\/www.ecoitaliano.com.ar\/wp-content\/uploads\/2025\/09\/0409_OtelloFV2025-676x1024.jpg\" alt=\"\" class=\"wp-image-79705\" srcset=\"https:\/\/www.ecoitaliano.com.ar\/wp-content\/uploads\/2025\/09\/0409_OtelloFV2025-676x1024.jpg 676w, https:\/\/www.ecoitaliano.com.ar\/wp-content\/uploads\/2025\/09\/0409_OtelloFV2025-198x300.jpg 198w, https:\/\/www.ecoitaliano.com.ar\/wp-content\/uploads\/2025\/09\/0409_OtelloFV2025-768x1163.jpg 768w, https:\/\/www.ecoitaliano.com.ar\/wp-content\/uploads\/2025\/09\/0409_OtelloFV2025-1015x1536.jpg 1015w, https:\/\/www.ecoitaliano.com.ar\/wp-content\/uploads\/2025\/09\/0409_OtelloFV2025-1353x2048.jpg 1353w, https:\/\/www.ecoitaliano.com.ar\/wp-content\/uploads\/2025\/09\/0409_OtelloFV2025-99x150.jpg 99w, https:\/\/www.ecoitaliano.com.ar\/wp-content\/uploads\/2025\/09\/0409_OtelloFV2025.jpg 1691w\" sizes=\"(max-width: 676px) 100vw, 676px\" \/><\/a><\/figure>\n\n\n\n<figure class=\"wp-block-image size-large\"><a href=\"https:\/\/www.ecoitaliano.com.ar\/wp-content\/uploads\/2025\/09\/0423_OtelloFV2025.jpg\"><img decoding=\"async\" width=\"676\" height=\"1024\" data-id=\"79706\" src=\"https:\/\/www.ecoitaliano.com.ar\/wp-content\/uploads\/2025\/09\/0423_OtelloFV2025-676x1024.jpg\" alt=\"\" class=\"wp-image-79706\" srcset=\"https:\/\/www.ecoitaliano.com.ar\/wp-content\/uploads\/2025\/09\/0423_OtelloFV2025-676x1024.jpg 676w, https:\/\/www.ecoitaliano.com.ar\/wp-content\/uploads\/2025\/09\/0423_OtelloFV2025-198x300.jpg 198w, https:\/\/www.ecoitaliano.com.ar\/wp-content\/uploads\/2025\/09\/0423_OtelloFV2025-768x1163.jpg 768w, https:\/\/www.ecoitaliano.com.ar\/wp-content\/uploads\/2025\/09\/0423_OtelloFV2025-1015x1536.jpg 1015w, https:\/\/www.ecoitaliano.com.ar\/wp-content\/uploads\/2025\/09\/0423_OtelloFV2025-1353x2048.jpg 1353w, https:\/\/www.ecoitaliano.com.ar\/wp-content\/uploads\/2025\/09\/0423_OtelloFV2025-99x150.jpg 99w, https:\/\/www.ecoitaliano.com.ar\/wp-content\/uploads\/2025\/09\/0423_OtelloFV2025.jpg 1691w\" sizes=\"(max-width: 676px) 100vw, 676px\" \/><\/a><\/figure>\n\n\n\n<figure class=\"wp-block-image size-large\"><a href=\"https:\/\/www.ecoitaliano.com.ar\/wp-content\/uploads\/2025\/09\/0431_OtelloFV2025.jpg\"><img decoding=\"async\" width=\"676\" height=\"1024\" data-id=\"79707\" src=\"https:\/\/www.ecoitaliano.com.ar\/wp-content\/uploads\/2025\/09\/0431_OtelloFV2025-676x1024.jpg\" alt=\"\" class=\"wp-image-79707\" srcset=\"https:\/\/www.ecoitaliano.com.ar\/wp-content\/uploads\/2025\/09\/0431_OtelloFV2025-676x1024.jpg 676w, https:\/\/www.ecoitaliano.com.ar\/wp-content\/uploads\/2025\/09\/0431_OtelloFV2025-198x300.jpg 198w, https:\/\/www.ecoitaliano.com.ar\/wp-content\/uploads\/2025\/09\/0431_OtelloFV2025-768x1163.jpg 768w, https:\/\/www.ecoitaliano.com.ar\/wp-content\/uploads\/2025\/09\/0431_OtelloFV2025-1015x1536.jpg 1015w, https:\/\/www.ecoitaliano.com.ar\/wp-content\/uploads\/2025\/09\/0431_OtelloFV2025-1353x2048.jpg 1353w, https:\/\/www.ecoitaliano.com.ar\/wp-content\/uploads\/2025\/09\/0431_OtelloFV2025-99x150.jpg 99w, https:\/\/www.ecoitaliano.com.ar\/wp-content\/uploads\/2025\/09\/0431_OtelloFV2025.jpg 1691w\" sizes=\"(max-width: 676px) 100vw, 676px\" \/><\/a><\/figure>\n\n\n\n<figure class=\"wp-block-image size-large\"><a href=\"https:\/\/www.ecoitaliano.com.ar\/wp-content\/uploads\/2025\/09\/0453_OtelloFV2025.jpg\"><img decoding=\"async\" width=\"676\" height=\"1024\" data-id=\"79708\" src=\"https:\/\/www.ecoitaliano.com.ar\/wp-content\/uploads\/2025\/09\/0453_OtelloFV2025-676x1024.jpg\" alt=\"\" class=\"wp-image-79708\" srcset=\"https:\/\/www.ecoitaliano.com.ar\/wp-content\/uploads\/2025\/09\/0453_OtelloFV2025-676x1024.jpg 676w, https:\/\/www.ecoitaliano.com.ar\/wp-content\/uploads\/2025\/09\/0453_OtelloFV2025-198x300.jpg 198w, https:\/\/www.ecoitaliano.com.ar\/wp-content\/uploads\/2025\/09\/0453_OtelloFV2025-768x1163.jpg 768w, https:\/\/www.ecoitaliano.com.ar\/wp-content\/uploads\/2025\/09\/0453_OtelloFV2025-1015x1536.jpg 1015w, https:\/\/www.ecoitaliano.com.ar\/wp-content\/uploads\/2025\/09\/0453_OtelloFV2025-1353x2048.jpg 1353w, https:\/\/www.ecoitaliano.com.ar\/wp-content\/uploads\/2025\/09\/0453_OtelloFV2025-99x150.jpg 99w, https:\/\/www.ecoitaliano.com.ar\/wp-content\/uploads\/2025\/09\/0453_OtelloFV2025.jpg 1691w\" sizes=\"(max-width: 676px) 100vw, 676px\" \/><\/a><\/figure>\n\n\n\n<figure class=\"wp-block-image size-large\"><a href=\"https:\/\/www.ecoitaliano.com.ar\/wp-content\/uploads\/2025\/09\/0501_OtelloFV2025.jpg\"><img decoding=\"async\" width=\"676\" height=\"1024\" data-id=\"79709\" src=\"https:\/\/www.ecoitaliano.com.ar\/wp-content\/uploads\/2025\/09\/0501_OtelloFV2025-676x1024.jpg\" alt=\"\" class=\"wp-image-79709\" srcset=\"https:\/\/www.ecoitaliano.com.ar\/wp-content\/uploads\/2025\/09\/0501_OtelloFV2025-676x1024.jpg 676w, https:\/\/www.ecoitaliano.com.ar\/wp-content\/uploads\/2025\/09\/0501_OtelloFV2025-198x300.jpg 198w, https:\/\/www.ecoitaliano.com.ar\/wp-content\/uploads\/2025\/09\/0501_OtelloFV2025-768x1163.jpg 768w, https:\/\/www.ecoitaliano.com.ar\/wp-content\/uploads\/2025\/09\/0501_OtelloFV2025-1015x1536.jpg 1015w, https:\/\/www.ecoitaliano.com.ar\/wp-content\/uploads\/2025\/09\/0501_OtelloFV2025-1353x2048.jpg 1353w, https:\/\/www.ecoitaliano.com.ar\/wp-content\/uploads\/2025\/09\/0501_OtelloFV2025-99x150.jpg 99w, https:\/\/www.ecoitaliano.com.ar\/wp-content\/uploads\/2025\/09\/0501_OtelloFV2025.jpg 1691w\" sizes=\"(max-width: 676px) 100vw, 676px\" \/><\/a><\/figure>\n\n\n\n<figure class=\"wp-block-image size-large\"><a href=\"https:\/\/www.ecoitaliano.com.ar\/wp-content\/uploads\/2025\/09\/0536_OtelloFV2025.jpg\"><img decoding=\"async\" width=\"1024\" height=\"676\" data-id=\"79710\" src=\"https:\/\/www.ecoitaliano.com.ar\/wp-content\/uploads\/2025\/09\/0536_OtelloFV2025-1024x676.jpg\" alt=\"\" class=\"wp-image-79710\" srcset=\"https:\/\/www.ecoitaliano.com.ar\/wp-content\/uploads\/2025\/09\/0536_OtelloFV2025-1024x676.jpg 1024w, https:\/\/www.ecoitaliano.com.ar\/wp-content\/uploads\/2025\/09\/0536_OtelloFV2025-300x198.jpg 300w, https:\/\/www.ecoitaliano.com.ar\/wp-content\/uploads\/2025\/09\/0536_OtelloFV2025-768x507.jpg 768w, https:\/\/www.ecoitaliano.com.ar\/wp-content\/uploads\/2025\/09\/0536_OtelloFV2025-1536x1015.jpg 1536w, https:\/\/www.ecoitaliano.com.ar\/wp-content\/uploads\/2025\/09\/0536_OtelloFV2025-2048x1353.jpg 2048w, https:\/\/www.ecoitaliano.com.ar\/wp-content\/uploads\/2025\/09\/0536_OtelloFV2025-150x99.jpg 150w\" sizes=\"(max-width: 1024px) 100vw, 1024px\" \/><\/a><\/figure>\n\n\n\n<figure class=\"wp-block-image size-large\"><a href=\"https:\/\/www.ecoitaliano.com.ar\/wp-content\/uploads\/2025\/09\/0546_OtelloFV2025.jpg\"><img decoding=\"async\" width=\"1024\" height=\"676\" data-id=\"79711\" src=\"https:\/\/www.ecoitaliano.com.ar\/wp-content\/uploads\/2025\/09\/0546_OtelloFV2025-1024x676.jpg\" alt=\"\" class=\"wp-image-79711\" srcset=\"https:\/\/www.ecoitaliano.com.ar\/wp-content\/uploads\/2025\/09\/0546_OtelloFV2025-1024x676.jpg 1024w, https:\/\/www.ecoitaliano.com.ar\/wp-content\/uploads\/2025\/09\/0546_OtelloFV2025-300x198.jpg 300w, https:\/\/www.ecoitaliano.com.ar\/wp-content\/uploads\/2025\/09\/0546_OtelloFV2025-768x507.jpg 768w, https:\/\/www.ecoitaliano.com.ar\/wp-content\/uploads\/2025\/09\/0546_OtelloFV2025-1536x1015.jpg 1536w, https:\/\/www.ecoitaliano.com.ar\/wp-content\/uploads\/2025\/09\/0546_OtelloFV2025-2048x1353.jpg 2048w, https:\/\/www.ecoitaliano.com.ar\/wp-content\/uploads\/2025\/09\/0546_OtelloFV2025-150x99.jpg 150w\" sizes=\"(max-width: 1024px) 100vw, 1024px\" \/><\/a><\/figure>\n\n\n\n<figure class=\"wp-block-image size-large\"><a href=\"https:\/\/www.ecoitaliano.com.ar\/wp-content\/uploads\/2025\/09\/0552_OtelloFV2025.jpg\"><img decoding=\"async\" width=\"676\" height=\"1024\" data-id=\"79712\" src=\"https:\/\/www.ecoitaliano.com.ar\/wp-content\/uploads\/2025\/09\/0552_OtelloFV2025-676x1024.jpg\" alt=\"\" class=\"wp-image-79712\" srcset=\"https:\/\/www.ecoitaliano.com.ar\/wp-content\/uploads\/2025\/09\/0552_OtelloFV2025-676x1024.jpg 676w, https:\/\/www.ecoitaliano.com.ar\/wp-content\/uploads\/2025\/09\/0552_OtelloFV2025-198x300.jpg 198w, https:\/\/www.ecoitaliano.com.ar\/wp-content\/uploads\/2025\/09\/0552_OtelloFV2025-768x1163.jpg 768w, https:\/\/www.ecoitaliano.com.ar\/wp-content\/uploads\/2025\/09\/0552_OtelloFV2025-1015x1536.jpg 1015w, https:\/\/www.ecoitaliano.com.ar\/wp-content\/uploads\/2025\/09\/0552_OtelloFV2025-1353x2048.jpg 1353w, https:\/\/www.ecoitaliano.com.ar\/wp-content\/uploads\/2025\/09\/0552_OtelloFV2025-99x150.jpg 99w, https:\/\/www.ecoitaliano.com.ar\/wp-content\/uploads\/2025\/09\/0552_OtelloFV2025.jpg 1691w\" sizes=\"(max-width: 676px) 100vw, 676px\" \/><\/a><\/figure>\n\n\n\n<figure class=\"wp-block-image size-large\"><a href=\"https:\/\/www.ecoitaliano.com.ar\/wp-content\/uploads\/2025\/09\/0560_OtelloFV2025.jpg\"><img decoding=\"async\" width=\"676\" height=\"1024\" data-id=\"79713\" src=\"https:\/\/www.ecoitaliano.com.ar\/wp-content\/uploads\/2025\/09\/0560_OtelloFV2025-676x1024.jpg\" alt=\"\" class=\"wp-image-79713\" srcset=\"https:\/\/www.ecoitaliano.com.ar\/wp-content\/uploads\/2025\/09\/0560_OtelloFV2025-676x1024.jpg 676w, https:\/\/www.ecoitaliano.com.ar\/wp-content\/uploads\/2025\/09\/0560_OtelloFV2025-198x300.jpg 198w, https:\/\/www.ecoitaliano.com.ar\/wp-content\/uploads\/2025\/09\/0560_OtelloFV2025-768x1163.jpg 768w, https:\/\/www.ecoitaliano.com.ar\/wp-content\/uploads\/2025\/09\/0560_OtelloFV2025-1015x1536.jpg 1015w, https:\/\/www.ecoitaliano.com.ar\/wp-content\/uploads\/2025\/09\/0560_OtelloFV2025-1353x2048.jpg 1353w, https:\/\/www.ecoitaliano.com.ar\/wp-content\/uploads\/2025\/09\/0560_OtelloFV2025-99x150.jpg 99w, https:\/\/www.ecoitaliano.com.ar\/wp-content\/uploads\/2025\/09\/0560_OtelloFV2025.jpg 1691w\" sizes=\"(max-width: 676px) 100vw, 676px\" \/><\/a><\/figure>\n\n\n\n<figure class=\"wp-block-image size-large\"><a href=\"https:\/\/www.ecoitaliano.com.ar\/wp-content\/uploads\/2025\/09\/0575_OtelloFV2025.jpg\"><img decoding=\"async\" width=\"1024\" height=\"676\" data-id=\"79714\" src=\"https:\/\/www.ecoitaliano.com.ar\/wp-content\/uploads\/2025\/09\/0575_OtelloFV2025-1024x676.jpg\" alt=\"\" class=\"wp-image-79714\" srcset=\"https:\/\/www.ecoitaliano.com.ar\/wp-content\/uploads\/2025\/09\/0575_OtelloFV2025-1024x676.jpg 1024w, https:\/\/www.ecoitaliano.com.ar\/wp-content\/uploads\/2025\/09\/0575_OtelloFV2025-300x198.jpg 300w, https:\/\/www.ecoitaliano.com.ar\/wp-content\/uploads\/2025\/09\/0575_OtelloFV2025-768x507.jpg 768w, https:\/\/www.ecoitaliano.com.ar\/wp-content\/uploads\/2025\/09\/0575_OtelloFV2025-1536x1015.jpg 1536w, https:\/\/www.ecoitaliano.com.ar\/wp-content\/uploads\/2025\/09\/0575_OtelloFV2025-2048x1353.jpg 2048w, https:\/\/www.ecoitaliano.com.ar\/wp-content\/uploads\/2025\/09\/0575_OtelloFV2025-150x99.jpg 150w\" sizes=\"(max-width: 1024px) 100vw, 1024px\" \/><\/a><\/figure>\n\n\n\n<figure class=\"wp-block-image size-large\"><a href=\"https:\/\/www.ecoitaliano.com.ar\/wp-content\/uploads\/2025\/09\/0583_OtelloFV2025.jpg\"><img decoding=\"async\" width=\"1024\" height=\"676\" data-id=\"79715\" src=\"https:\/\/www.ecoitaliano.com.ar\/wp-content\/uploads\/2025\/09\/0583_OtelloFV2025-1024x676.jpg\" alt=\"\" class=\"wp-image-79715\" srcset=\"https:\/\/www.ecoitaliano.com.ar\/wp-content\/uploads\/2025\/09\/0583_OtelloFV2025-1024x676.jpg 1024w, https:\/\/www.ecoitaliano.com.ar\/wp-content\/uploads\/2025\/09\/0583_OtelloFV2025-300x198.jpg 300w, https:\/\/www.ecoitaliano.com.ar\/wp-content\/uploads\/2025\/09\/0583_OtelloFV2025-768x507.jpg 768w, https:\/\/www.ecoitaliano.com.ar\/wp-content\/uploads\/2025\/09\/0583_OtelloFV2025-1536x1015.jpg 1536w, https:\/\/www.ecoitaliano.com.ar\/wp-content\/uploads\/2025\/09\/0583_OtelloFV2025-2048x1353.jpg 2048w, https:\/\/www.ecoitaliano.com.ar\/wp-content\/uploads\/2025\/09\/0583_OtelloFV2025-150x99.jpg 150w\" sizes=\"(max-width: 1024px) 100vw, 1024px\" \/><\/a><\/figure>\n\n\n\n<figure class=\"wp-block-image size-large\"><a href=\"https:\/\/www.ecoitaliano.com.ar\/wp-content\/uploads\/2025\/09\/0589_OtelloFV2025.jpg\"><img decoding=\"async\" width=\"1024\" height=\"676\" data-id=\"79716\" src=\"https:\/\/www.ecoitaliano.com.ar\/wp-content\/uploads\/2025\/09\/0589_OtelloFV2025-1024x676.jpg\" alt=\"\" class=\"wp-image-79716\" srcset=\"https:\/\/www.ecoitaliano.com.ar\/wp-content\/uploads\/2025\/09\/0589_OtelloFV2025-1024x676.jpg 1024w, https:\/\/www.ecoitaliano.com.ar\/wp-content\/uploads\/2025\/09\/0589_OtelloFV2025-300x198.jpg 300w, https:\/\/www.ecoitaliano.com.ar\/wp-content\/uploads\/2025\/09\/0589_OtelloFV2025-768x507.jpg 768w, https:\/\/www.ecoitaliano.com.ar\/wp-content\/uploads\/2025\/09\/0589_OtelloFV2025-1536x1015.jpg 1536w, https:\/\/www.ecoitaliano.com.ar\/wp-content\/uploads\/2025\/09\/0589_OtelloFV2025-2048x1353.jpg 2048w, https:\/\/www.ecoitaliano.com.ar\/wp-content\/uploads\/2025\/09\/0589_OtelloFV2025-150x99.jpg 150w\" sizes=\"(max-width: 1024px) 100vw, 1024px\" \/><\/a><\/figure>\n\n\n\n<figure class=\"wp-block-image size-large\"><a href=\"https:\/\/www.ecoitaliano.com.ar\/wp-content\/uploads\/2025\/09\/0660_OtelloFV2025.jpg\"><img decoding=\"async\" width=\"1024\" height=\"676\" data-id=\"79717\" src=\"https:\/\/www.ecoitaliano.com.ar\/wp-content\/uploads\/2025\/09\/0660_OtelloFV2025-1024x676.jpg\" alt=\"\" class=\"wp-image-79717\" srcset=\"https:\/\/www.ecoitaliano.com.ar\/wp-content\/uploads\/2025\/09\/0660_OtelloFV2025-1024x676.jpg 1024w, https:\/\/www.ecoitaliano.com.ar\/wp-content\/uploads\/2025\/09\/0660_OtelloFV2025-300x198.jpg 300w, https:\/\/www.ecoitaliano.com.ar\/wp-content\/uploads\/2025\/09\/0660_OtelloFV2025-768x507.jpg 768w, https:\/\/www.ecoitaliano.com.ar\/wp-content\/uploads\/2025\/09\/0660_OtelloFV2025-1536x1015.jpg 1536w, https:\/\/www.ecoitaliano.com.ar\/wp-content\/uploads\/2025\/09\/0660_OtelloFV2025-2048x1353.jpg 2048w, https:\/\/www.ecoitaliano.com.ar\/wp-content\/uploads\/2025\/09\/0660_OtelloFV2025-150x99.jpg 150w\" sizes=\"(max-width: 1024px) 100vw, 1024px\" \/><\/a><\/figure>\n\n\n\n<figure class=\"wp-block-image size-large\"><a href=\"https:\/\/www.ecoitaliano.com.ar\/wp-content\/uploads\/2025\/09\/0678_OtelloFV2025.jpg\"><img decoding=\"async\" width=\"1024\" height=\"676\" data-id=\"79718\" src=\"https:\/\/www.ecoitaliano.com.ar\/wp-content\/uploads\/2025\/09\/0678_OtelloFV2025-1024x676.jpg\" alt=\"\" class=\"wp-image-79718\" srcset=\"https:\/\/www.ecoitaliano.com.ar\/wp-content\/uploads\/2025\/09\/0678_OtelloFV2025-1024x676.jpg 1024w, https:\/\/www.ecoitaliano.com.ar\/wp-content\/uploads\/2025\/09\/0678_OtelloFV2025-300x198.jpg 300w, https:\/\/www.ecoitaliano.com.ar\/wp-content\/uploads\/2025\/09\/0678_OtelloFV2025-768x507.jpg 768w, https:\/\/www.ecoitaliano.com.ar\/wp-content\/uploads\/2025\/09\/0678_OtelloFV2025-1536x1015.jpg 1536w, https:\/\/www.ecoitaliano.com.ar\/wp-content\/uploads\/2025\/09\/0678_OtelloFV2025-2048x1353.jpg 2048w, https:\/\/www.ecoitaliano.com.ar\/wp-content\/uploads\/2025\/09\/0678_OtelloFV2025-150x99.jpg 150w\" sizes=\"(max-width: 1024px) 100vw, 1024px\" \/><\/a><\/figure>\n\n\n\n<figure class=\"wp-block-image size-large\"><a href=\"https:\/\/www.ecoitaliano.com.ar\/wp-content\/uploads\/2025\/09\/0711_OtelloFV2025.jpg\"><img decoding=\"async\" width=\"1024\" height=\"676\" data-id=\"79719\" src=\"https:\/\/www.ecoitaliano.com.ar\/wp-content\/uploads\/2025\/09\/0711_OtelloFV2025-1024x676.jpg\" alt=\"\" class=\"wp-image-79719\" srcset=\"https:\/\/www.ecoitaliano.com.ar\/wp-content\/uploads\/2025\/09\/0711_OtelloFV2025-1024x676.jpg 1024w, https:\/\/www.ecoitaliano.com.ar\/wp-content\/uploads\/2025\/09\/0711_OtelloFV2025-300x198.jpg 300w, https:\/\/www.ecoitaliano.com.ar\/wp-content\/uploads\/2025\/09\/0711_OtelloFV2025-768x507.jpg 768w, https:\/\/www.ecoitaliano.com.ar\/wp-content\/uploads\/2025\/09\/0711_OtelloFV2025-1536x1015.jpg 1536w, https:\/\/www.ecoitaliano.com.ar\/wp-content\/uploads\/2025\/09\/0711_OtelloFV2025-2048x1353.jpg 2048w, https:\/\/www.ecoitaliano.com.ar\/wp-content\/uploads\/2025\/09\/0711_OtelloFV2025-150x99.jpg 150w\" sizes=\"(max-width: 1024px) 100vw, 1024px\" \/><\/a><\/figure>\n\n\n\n<figure class=\"wp-block-image size-large\"><a href=\"https:\/\/www.ecoitaliano.com.ar\/wp-content\/uploads\/2025\/09\/0747_OtelloFV2025.jpg\"><img decoding=\"async\" width=\"1024\" height=\"676\" data-id=\"79720\" src=\"https:\/\/www.ecoitaliano.com.ar\/wp-content\/uploads\/2025\/09\/0747_OtelloFV2025-1024x676.jpg\" alt=\"\" class=\"wp-image-79720\" srcset=\"https:\/\/www.ecoitaliano.com.ar\/wp-content\/uploads\/2025\/09\/0747_OtelloFV2025-1024x676.jpg 1024w, https:\/\/www.ecoitaliano.com.ar\/wp-content\/uploads\/2025\/09\/0747_OtelloFV2025-300x198.jpg 300w, https:\/\/www.ecoitaliano.com.ar\/wp-content\/uploads\/2025\/09\/0747_OtelloFV2025-768x507.jpg 768w, https:\/\/www.ecoitaliano.com.ar\/wp-content\/uploads\/2025\/09\/0747_OtelloFV2025-1536x1015.jpg 1536w, https:\/\/www.ecoitaliano.com.ar\/wp-content\/uploads\/2025\/09\/0747_OtelloFV2025-2048x1353.jpg 2048w, https:\/\/www.ecoitaliano.com.ar\/wp-content\/uploads\/2025\/09\/0747_OtelloFV2025-150x99.jpg 150w\" sizes=\"(max-width: 1024px) 100vw, 1024px\" \/><\/a><\/figure>\n\n\n\n<figure class=\"wp-block-image size-large\"><a href=\"https:\/\/www.ecoitaliano.com.ar\/wp-content\/uploads\/2025\/09\/0774_OtelloFV2025.jpg\"><img decoding=\"async\" width=\"1024\" height=\"676\" data-id=\"79721\" src=\"https:\/\/www.ecoitaliano.com.ar\/wp-content\/uploads\/2025\/09\/0774_OtelloFV2025-1024x676.jpg\" alt=\"\" class=\"wp-image-79721\" srcset=\"https:\/\/www.ecoitaliano.com.ar\/wp-content\/uploads\/2025\/09\/0774_OtelloFV2025-1024x676.jpg 1024w, https:\/\/www.ecoitaliano.com.ar\/wp-content\/uploads\/2025\/09\/0774_OtelloFV2025-300x198.jpg 300w, https:\/\/www.ecoitaliano.com.ar\/wp-content\/uploads\/2025\/09\/0774_OtelloFV2025-768x507.jpg 768w, https:\/\/www.ecoitaliano.com.ar\/wp-content\/uploads\/2025\/09\/0774_OtelloFV2025-1536x1015.jpg 1536w, https:\/\/www.ecoitaliano.com.ar\/wp-content\/uploads\/2025\/09\/0774_OtelloFV2025-2048x1353.jpg 2048w, https:\/\/www.ecoitaliano.com.ar\/wp-content\/uploads\/2025\/09\/0774_OtelloFV2025-150x99.jpg 150w\" sizes=\"(max-width: 1024px) 100vw, 1024px\" \/><\/a><\/figure>\n\n\n\n<figure class=\"wp-block-image size-large\"><a href=\"https:\/\/www.ecoitaliano.com.ar\/wp-content\/uploads\/2025\/09\/0805_OtelloFV2025.jpg\"><img decoding=\"async\" width=\"1024\" height=\"676\" data-id=\"79722\" src=\"https:\/\/www.ecoitaliano.com.ar\/wp-content\/uploads\/2025\/09\/0805_OtelloFV2025-1024x676.jpg\" alt=\"\" class=\"wp-image-79722\" srcset=\"https:\/\/www.ecoitaliano.com.ar\/wp-content\/uploads\/2025\/09\/0805_OtelloFV2025-1024x676.jpg 1024w, https:\/\/www.ecoitaliano.com.ar\/wp-content\/uploads\/2025\/09\/0805_OtelloFV2025-300x198.jpg 300w, https:\/\/www.ecoitaliano.com.ar\/wp-content\/uploads\/2025\/09\/0805_OtelloFV2025-768x507.jpg 768w, https:\/\/www.ecoitaliano.com.ar\/wp-content\/uploads\/2025\/09\/0805_OtelloFV2025-1536x1015.jpg 1536w, https:\/\/www.ecoitaliano.com.ar\/wp-content\/uploads\/2025\/09\/0805_OtelloFV2025-2048x1353.jpg 2048w, https:\/\/www.ecoitaliano.com.ar\/wp-content\/uploads\/2025\/09\/0805_OtelloFV2025-150x99.jpg 150w\" sizes=\"(max-width: 1024px) 100vw, 1024px\" \/><\/a><\/figure>\n\n\n\n<figure class=\"wp-block-image size-large\"><a href=\"https:\/\/www.ecoitaliano.com.ar\/wp-content\/uploads\/2025\/09\/0815_OtelloFV2025.jpg\"><img decoding=\"async\" width=\"1024\" height=\"676\" data-id=\"79723\" src=\"https:\/\/www.ecoitaliano.com.ar\/wp-content\/uploads\/2025\/09\/0815_OtelloFV2025-1024x676.jpg\" alt=\"\" class=\"wp-image-79723\" srcset=\"https:\/\/www.ecoitaliano.com.ar\/wp-content\/uploads\/2025\/09\/0815_OtelloFV2025-1024x676.jpg 1024w, https:\/\/www.ecoitaliano.com.ar\/wp-content\/uploads\/2025\/09\/0815_OtelloFV2025-300x198.jpg 300w, https:\/\/www.ecoitaliano.com.ar\/wp-content\/uploads\/2025\/09\/0815_OtelloFV2025-768x507.jpg 768w, https:\/\/www.ecoitaliano.com.ar\/wp-content\/uploads\/2025\/09\/0815_OtelloFV2025-1536x1015.jpg 1536w, https:\/\/www.ecoitaliano.com.ar\/wp-content\/uploads\/2025\/09\/0815_OtelloFV2025-2048x1353.jpg 2048w, https:\/\/www.ecoitaliano.com.ar\/wp-content\/uploads\/2025\/09\/0815_OtelloFV2025-150x99.jpg 150w\" sizes=\"(max-width: 1024px) 100vw, 1024px\" \/><\/a><\/figure>\n\n\n\n<figure class=\"wp-block-image size-large\"><a href=\"https:\/\/www.ecoitaliano.com.ar\/wp-content\/uploads\/2025\/09\/TRP-25-FV25-MANIFESTO-DI-SALA-OTELLO-700X1000.jpg\"><img decoding=\"async\" width=\"717\" height=\"1024\" data-id=\"79724\" src=\"https:\/\/www.ecoitaliano.com.ar\/wp-content\/uploads\/2025\/09\/TRP-25-FV25-MANIFESTO-DI-SALA-OTELLO-700X1000-717x1024.jpg\" alt=\"\" class=\"wp-image-79724\" srcset=\"https:\/\/www.ecoitaliano.com.ar\/wp-content\/uploads\/2025\/09\/TRP-25-FV25-MANIFESTO-DI-SALA-OTELLO-700X1000-717x1024.jpg 717w, https:\/\/www.ecoitaliano.com.ar\/wp-content\/uploads\/2025\/09\/TRP-25-FV25-MANIFESTO-DI-SALA-OTELLO-700X1000-210x300.jpg 210w, https:\/\/www.ecoitaliano.com.ar\/wp-content\/uploads\/2025\/09\/TRP-25-FV25-MANIFESTO-DI-SALA-OTELLO-700X1000-768x1097.jpg 768w, https:\/\/www.ecoitaliano.com.ar\/wp-content\/uploads\/2025\/09\/TRP-25-FV25-MANIFESTO-DI-SALA-OTELLO-700X1000-1075x1536.jpg 1075w, https:\/\/www.ecoitaliano.com.ar\/wp-content\/uploads\/2025\/09\/TRP-25-FV25-MANIFESTO-DI-SALA-OTELLO-700X1000-1434x2048.jpg 1434w, https:\/\/www.ecoitaliano.com.ar\/wp-content\/uploads\/2025\/09\/TRP-25-FV25-MANIFESTO-DI-SALA-OTELLO-700X1000-105x150.jpg 105w, https:\/\/www.ecoitaliano.com.ar\/wp-content\/uploads\/2025\/09\/TRP-25-FV25-MANIFESTO-DI-SALA-OTELLO-700X1000.jpg 1792w\" sizes=\"(max-width: 717px) 100vw, 717px\" \/><\/a><\/figure>\n<\/figure>\n","protected":false},"excerpt":{"rendered":"<p>OTELLO DEBUTTA AL XXV FESTIVAL VERDI NELLA NUOVA EDIZIONE CRITICA E IN UN NUOVO ALLESTIMENTO Roberto Abbado dirige per la [&hellip;]<\/p>\n","protected":false},"author":1,"featured_media":0,"comment_status":"open","ping_status":"open","sticky":false,"template":"","format":"standard","meta":{"footnotes":""},"categories":[1],"tags":[],"class_list":["post-79688","post","type-post","status-publish","format-standard","hentry","category-sin-categoria"],"_links":{"self":[{"href":"https:\/\/www.ecoitaliano.com.ar\/index.php?rest_route=\/wp\/v2\/posts\/79688","targetHints":{"allow":["GET"]}}],"collection":[{"href":"https:\/\/www.ecoitaliano.com.ar\/index.php?rest_route=\/wp\/v2\/posts"}],"about":[{"href":"https:\/\/www.ecoitaliano.com.ar\/index.php?rest_route=\/wp\/v2\/types\/post"}],"author":[{"embeddable":true,"href":"https:\/\/www.ecoitaliano.com.ar\/index.php?rest_route=\/wp\/v2\/users\/1"}],"replies":[{"embeddable":true,"href":"https:\/\/www.ecoitaliano.com.ar\/index.php?rest_route=%2Fwp%2Fv2%2Fcomments&post=79688"}],"version-history":[{"count":1,"href":"https:\/\/www.ecoitaliano.com.ar\/index.php?rest_route=\/wp\/v2\/posts\/79688\/revisions"}],"predecessor-version":[{"id":79725,"href":"https:\/\/www.ecoitaliano.com.ar\/index.php?rest_route=\/wp\/v2\/posts\/79688\/revisions\/79725"}],"wp:attachment":[{"href":"https:\/\/www.ecoitaliano.com.ar\/index.php?rest_route=%2Fwp%2Fv2%2Fmedia&parent=79688"}],"wp:term":[{"taxonomy":"category","embeddable":true,"href":"https:\/\/www.ecoitaliano.com.ar\/index.php?rest_route=%2Fwp%2Fv2%2Fcategories&post=79688"},{"taxonomy":"post_tag","embeddable":true,"href":"https:\/\/www.ecoitaliano.com.ar\/index.php?rest_route=%2Fwp%2Fv2%2Ftags&post=79688"}],"curies":[{"name":"wp","href":"https:\/\/api.w.org\/{rel}","templated":true}]}}