{"id":79760,"date":"2025-09-20T02:57:14","date_gmt":"2025-09-20T02:57:14","guid":{"rendered":"https:\/\/www.ecoitaliano.com.ar\/?p=79760"},"modified":"2025-09-20T02:57:14","modified_gmt":"2025-09-20T02:57:14","slug":"serena-conduce-operaclassica-eco-italiano-4651","status":"publish","type":"post","link":"https:\/\/www.ecoitaliano.com.ar\/?p=79760","title":{"rendered":"Serena conduce operaclassica eco italiano"},"content":{"rendered":"\n<figure class=\"wp-block-image size-full is-resized\"><a href=\"https:\/\/www.ecoitaliano.com.ar\/wp-content\/uploads\/2025\/09\/image-14.png\"><img decoding=\"async\" width=\"220\" height=\"64\" src=\"https:\/\/www.ecoitaliano.com.ar\/wp-content\/uploads\/2025\/09\/image-14.png\" alt=\"\" class=\"wp-image-79761\" style=\"width:263px;height:auto\" srcset=\"https:\/\/www.ecoitaliano.com.ar\/wp-content\/uploads\/2025\/09\/image-14.png 220w, https:\/\/www.ecoitaliano.com.ar\/wp-content\/uploads\/2025\/09\/image-14-150x44.png 150w\" sizes=\"(max-width: 220px) 100vw, 220px\" \/><\/a><\/figure>\n\n\n\n<p>COMUNICATO STAMPA<\/p>\n\n\n\n<h1 class=\"wp-block-heading\">&nbsp;<\/h1>\n\n\n\n<h1 class=\"wp-block-heading\"><em>DON GIOVANNI <\/em>DI MOZART INAUGURA LA STAGIONE 2025-2026 DI OPERA, BALLETTO E CONCERTI DEL TEATRO CARLO FELICE DI GENOVA<\/h1>\n\n\n\n<h1 class=\"wp-block-heading\">&nbsp;<\/h1>\n\n\n\n<h1 class=\"wp-block-heading\">In scena la pluripremiata produzione del regista Damiano Michieletto per il Teatro La Fenice di Venezia con la direzione di Constantin Trinks<\/h1>\n\n\n\n<h1 class=\"wp-block-heading\">&nbsp;<\/h1>\n\n\n\n<h1 class=\"wp-block-heading\"><em>Tra gli interpreti vocali Simone Alberghini (Don Giovanni), Desir\u00e9e Rancatore (Donna Anna), Jennifer Holloway (Donna Elvira), Giulio Mastrototaro (Leporello)<\/em><\/h1>\n\n\n\n<h1 class=\"wp-block-heading\"><em>&nbsp;<\/em><\/h1>\n\n\n\n<h1 class=\"wp-block-heading\">Genova, Teatro Carlo Felice<\/h1>\n\n\n\n<h1 class=\"wp-block-heading\"><em>Don Giovanni<\/em><em> <\/em>da venerd\u00ec 3 a domenica 12 ottobre 2025<\/h1>\n\n\n\n<h1 class=\"wp-block-heading\"><em>Introduzione all\u2019ascolto<\/em> primo foyer da 60\u2019 prima dell\u2019inizio di ogni recita<\/h1>\n\n\n\n<h1 class=\"wp-block-heading\">&nbsp;<\/h1>\n\n\n\n<p><strong>incontri di presentazione<\/strong><\/p>\n\n\n\n<p><strong>mercoled\u00ec 24 settembre <\/strong>con gli studenti del Liceo Musicale \u201cS. Pertini\u201d e l\u2019Associazione Carlo Felice Young APS<\/p>\n\n\n\n<p><strong>sabato 27 settembre <\/strong>con gli Amici del Teatro Carlo Felice e Conservatorio Niccol\u00f2 Paganini<\/p>\n\n\n\n<h1 class=\"wp-block-heading\">&nbsp;<\/h1>\n\n\n\n<h1 class=\"wp-block-heading\"><em>&nbsp;<\/em><\/h1>\n\n\n\n<p>\u00c8 uno dei capolavori assoluti del repertorio operistico a inaugurare la Stagione artistica 2025-2026 della Fondazione Teatro Carlo Felice di Genova: il dramma giocoso <strong><em>Don Giovanni<\/em><\/strong> di Wolfgang Amadeus Mozart su libretto di Lorenzo Da Ponte in scena <strong>da venerd\u00ec 3 ottobre<\/strong> alle ore 20 (repliche: sabato 4 ottobre ore 15, domenica 5 ottobre ore 15, venerd\u00ec 10 ottobre ore 20, sabato 11 ottobre ore 20 e domenica 12 ottobre ore 15) nel teatro progettato da Aldo Rossi che comincia un nuovo percorso sotto la guida del sovrintendente Michele Galli e del direttore artistico Federico Pupo.<\/p>\n\n\n\n<p>\u00abNel ringraziare da parte di Regione Liguria il sovrintendente e il direttore artistico per l\u2019impegno gi\u00e0 profuso nell\u2019elaborare questa nuova stagione \u2013 <strong>dichiara l\u2019assessore alla Cultura della <\/strong>\u2013 desidero sottolineare che il sostegno istituzionale nei confronti del Teatro Carlo Felice viene confermato anche grazie alla prospettiva non solo di rinnovare la tradizione del teatro genovese ma anche di occuparsi, accanto al pubblico degli adulti, anche di quello dei giovani e dei bambini. Portare sempre pi\u00f9 persone e di ogni et\u00e0 al Carlo Felice permette di combattere, attraverso l\u2019arte, le condizioni di disagio tipiche di alcuni giovani, e di comunicare fra i valori del teatro anche quelli del lavoro multiforme di tutti gli operatori che lo realizzano, artistici, tecnici e amministrativi, come modello di coesione sociale\u00bb.<\/p>\n\n\n\n<p>\u00abUna produzione come <em>Don Giovanni<\/em>, firmata dal regista Damiano Michieletto e dal suo team di creativi, premiato e apprezzato in tutto il mondo \u00e8 un\u2019opportunit\u00e0 straordinaria per la citt\u00e0 e per il Teatro \u2013 <strong>commenta l\u2019assessore alla Cultura del Comune Giacomo Montanari<\/strong> \u2013 Inauguriamo la stagione artistica del Teatro Carlo Felice con un capolavoro di Mozart che pu\u00f2 contare sulla qualit\u00e0 di un cast d\u2019eccellenza e su un maestro riconosciuto a livello internazionale, come Constantin Trinks. Ringrazio il Carlo Felice, gli artisti e il pubblico, che contribuiranno a rendere questa stagione memorabile e invito i cittadini a vivere questa esperienza culturale con entusiasmo e partecipazione. Buona stagione a tutti!\u00bb.<\/p>\n\n\n\n<p>\u00abInaugurare la Stagione con <em>Don Giovanni<\/em> \u2013 sottolinea <strong>il<\/strong> <strong>sovrintendente Michele Galli<\/strong> \u2013 significa confrontarsi con un\u2019opera che ci fa interrogare sul senso stesso del teatro e sulla sua importanza. \u00c8 un titolo fondativo della nostra identit\u00e0 culturale, e al Carlo Felice si inserisce come apertura di un percorso di rinnovamento che desideriamo condividere con la citt\u00e0 e con il nostro pubblico, caratterizza la ripartenza delle attivit\u00e0 tradizionali ma anche le novit\u00e0, costituite dalla divulgazione e dalla sezione Education. L\u2019allestimento \u2013 ormai \u201cclassico\u201d e pluripremiato a livello internazionale \u2013 che metteremo in scena testimonia la volont\u00e0 di sottolineare la vocazione di Genova come porto di arrivo e di partenza per nuove rotte e nuove riflessioni artistiche\u00bb.<\/p>\n\n\n\n<p>\u00abIl <em>Don Giovanni<\/em> di Mozart e Da Ponte nella messa in scena di Damiano Michieletto \u2013 aggiunge <strong>il direttore artistico Federico Pupo<\/strong> \u2013 \u00e8 uno spettacolo che ha saputo rinnovare la lettura di un classico senza mai tradirne l\u2019essenza. Portarlo a Genova significa aprire la stagione con un segnale forte: radicare il Teatro Carlo Felice nella tradizione e, al tempo stesso, nell\u2019attualit\u00e0 di letture contemporanee. \u00c8 un lavoro che dialoga con la nostra idea di teatro come spazio capace di raccontare, attraverso Mozart, i conflitti e le ambiguit\u00e0 dell\u2019uomo moderno. \u00c8 la prima tappa della nostra traversata tra epoche, linguaggi, emozioni diverse\u00bb.<\/p>\n\n\n\n<p>Per questa occasione inaugurale, arriva per la prima volta a Genova una delle pi\u00f9 celebri, premiate e apprezzate produzioni del regista <strong>Damiano Michieletto<\/strong> e del suo \u201cdream team\u201d \u2013 costituito dallo scenografo <strong>Paolo Fantin<\/strong>, dalla costumista <strong>Carla Teti<\/strong>, dal light designer <strong>Fabio<\/strong> Barettin \u2013 cio\u00e8 quella ideata per il Teatro La Fenice di Venezia e che negli anni ha collezionato <strong>riconoscimenti<\/strong> \u2013 nel 2011 Premio Abbiati dell\u2019Associazione Nazionale Critici Musicali per le scene e i costumi e ben cinque International Opera Awards per regia, scene, costumi e miglior spettacolo in Europa nel 2010 \u2013 e numerose riprese nel teatro lagunare sempre di grande successo.<\/p>\n\n\n\n<p>Sul podio ci sar\u00e0 <strong>Constantin Trinks<\/strong>, direttore tedesco con un\u2019importante carriera internazionale, chiamato a guidare l\u2019Orchestra e il Coro (diretto da Claudio Marino Moretti) del Teatro Carlo Felice, e un cast che unisce interpreti di solida esperienza e voci emergenti: <strong>Simone Alberghini<\/strong> (Don Giovanni), <strong>Desir\u00e9e Rancatore<\/strong> (Donna Anna), <strong>Ian Koziara<\/strong> (Don Ottavio), <strong>Jennifer Holloway<\/strong> (Donna Elvira), <strong>Giulio Mastrototaro<\/strong> (Leporello), <strong>Mattia Denti<\/strong> (Il Commendatore), <strong>Alex Martini<\/strong> (Masetto) e <strong>Chiara Maria Fiorani<\/strong> (Zerlina). Nelle recite del 4 e 11 ottobre ci saranno nei ruoli principali <strong>Gurgen Baveyan<\/strong> (Don Giovanni), <strong>Irina Dubrovskaya<\/strong> (Donna Anna), <strong>David Ferri Dur\u00e0<\/strong> (Don Ottavio), <strong>Monica Zanettin<\/strong> (Donna Elvira, anche nella recita del 12 settembre),<strong> Bruno Taddia<\/strong> (Leporello). La regia di Michieletto \u00e8 ripresa da Elisabetta Acella.<\/p>\n\n\n\n<p>L\u2019opera, che gi\u00e0 Mozart elabor\u00f2 dopo il successo a Praga del 29 ottobre 1787 per la ripresa a Vienna il 7 maggio 1788, viene messa in scena a Genova nella versione di Praga con l\u2019aggiunta dell\u2019aria KV 540a (Don Ottavio, \u00abDalla sua pace\u00bb) e del recitativo e aria KV 540c (Donna Elvira, \u00abMi trad\u00ec quell\u2019alma ingrata\u00bb) dalla versione di Vienna.<\/p>\n\n\n\n<p>Chi \u00e8 Don Giovanni, chiedeva nel 2010 il musicologo Michele Girardi a Damiano Michieletto durante le prove prima del debutto a Venezia? \u00abUn personaggio sul quale puoi dire tutto e il contrario di tutto. Sul quale sono state scritte migliaia di cose, che ti sfugge continuamente, e quando vuoi cercare di definirlo lo stai limitando. [\u2026] Quando sei regista devi scegliere, non puoi restare nel vago perch\u00e9 \u00e8 un classico, ed \u00e8 ci\u00f2 che sto facendo, e approfondendo mentre provo. Mi premeva trovare una lettura che non lo riducesse a dei <em>clich\u00e9<\/em>, tuttavia stavolta ho deciso di non attualizzare la vicenda in un altro contesto, ma di riflettere sul momento in cui l\u2019opera \u00e8 stata scritta e approfondire le complesse relazioni tra i personaggi. Ho preso le mosse dai tratti della psicologia di Don Giovanni che mi hanno emozionato, partendo da quel che emerge dal canto di Leporello all\u2019inizio dell\u2019opera, che, con una sintesi ch\u2019\u00e8 tipica dei personaggi semplici, e proprio in un momento in cui la sua affermazione rischia di passare inosservata, sembra parlare di s\u00e9 stesso, ma in realt\u00e0 ci dice una cosa fondamentale del \u201ccavaliere estremamente licenzioso\u201d: [\u2026] Don Giovanni \u00e8 una persona che nulla sa gradire, e che non trover\u00e0 mai qualcosa che appagher\u00e0 i suoi desideri. E quindi non potr\u00e0 mai stupirsi o commuoversi, perch\u00e9 sono emozioni che lo frenerebbero. Lo stupore fa scattare una molla che in lui non scatta mai. Anche alla fine, quando arriva il Commendatore, Don Giovanni non si frena, ma rilancia continuamente (\u201cP\u00e8ntiti. \u2013 No. \u2013 S\u00ec. \u2013 No\u201d), proiettandosi in avanti fino all\u2019autodistruzione, come una macchina lanciata a folle velocit\u00e0, che prima o poi andr\u00e0 fuori strada, e non frena quando c\u2019\u00e8 una curva, e quindi si schianta. In queste condizioni la fine di Don Giovanni non arriva tramite un <em>deus ex machina <\/em>che risolve i problemi degli altri personaggi che non sono in grado di frenare Don Giovanni, ma \u00e8 un\u2019autodistruzione. Parafrasando Kierkegaard, Don Giovanni muore per eccesso di vita, \u00e8 talmente oltre ad ogni limite che \u00e8 condannato all\u2019autodissoluzione. Anche quando canta \u00abViva la libert\u00e0!\u00bb, frase che pu\u00f2 avere vari riflessi, anche politici \u2013 e libert\u00e0 \u00e8 un\u2019altra parola molto abusata \u2013 Don Giovanni \u00e8 libero, ma in un certo senso anche condannato a un percorso obbligato, e non ha altra scelta se non quella di andare avanti&#8230; E tutti i personaggi che ruotano intorno a lui una volta che vengono a contatto con Don Giovanni cominciano a subire questo suo fascino malato. Non c\u2019\u00e8 mai un momento nell\u2019azione in cui non si parli di Don Giovanni: quando \u00e8 in scena domina tutte le relazioni che si stabiliscono in quel momento, e quando non c\u2019\u00e8 gli altri personaggi soffrono per causa sua\u00bb.<\/p>\n\n\n\n<p>L\u2019inizio della nuova stagione \u00e8 occasione per la ripresa di vecchie tradizioni della Fondazione ma anche per attivare nuove collaborazioni e iniziative.<\/p>\n\n\n\n<p>Cos\u00ec tornano i consueti <strong>incontri di presentazione<\/strong> dei titoli, in programma al Teatro Auditorium Eugenio Montale: <strong>mercoled\u00ec 24 settembre, alle ore 18<\/strong>, appuntamento con <strong>gli studenti del Liceo Musicale \u201cSandro Pertini\u201d <\/strong>che \u2013 <strong>in collaborazione con l\u2019Associazione Carlo Felice Young APS<\/strong> \u2013 presentano l\u2019opera ai loro coetanei e a tutti coloro che vogliono partecipare, con un incontro dal titolo <em>Mozart e il mito del grande seduttore<\/em>. Quindi <strong>sabato 27 settembre, alle ore 16<\/strong> \u2013 in collaborazione con <strong>gli Amici del Teatro Carlo Felice e Conservatorio Niccol\u00f2 Paganini<\/strong> \u2013 conversazione con Lorenzo Costa su <em>Ironia, filosofia e divertimento nel Don Giovanni<\/em>.<\/p>\n\n\n\n<p><strong>Importante novit\u00e0<\/strong> nello spirito di divulgazione e coinvolgimento del pubblico, saranno delle <strong>introduzioni all\u2019ascolto di circa 30 minuti che gli spettatori delle singole recite potranno seguire nel primo foyer<\/strong>, un\u2019ora prima dell\u2019inizio, curate dal direttore artistico Federico Pupo con ospiti vari secondo le occasioni.<\/p>\n\n\n\n<p>Inoltre <em>Don Giovanni<\/em>, in questo stesso allestimento e con gli stessi interpreti, sar\u00e0 il primo titolo che \u2013 in una <strong>versione appositamente pensata per il pubblico delle scuole primarie e secondarie di I grado e delle classi prime delle secondarie di II grado<\/strong> \u2013 costituir\u00e0 uno degli appuntamenti di <strong>\u201cUn mare di musica\u2026 felice\u201d, nuovo progetto Education <\/strong>che sar\u00e0 presentato in tutti i suoi dettagli il 24 settembre.<\/p>\n\n\n\n<p>Il Teatro Carlo Felice di Genova presenta la Stagione di Opera, Balletto e di Concerti 2025\/2026: una programmazione che segna l\u2019inizio di un nuovo percorso, caratterizzato non solo dal rinnovamento della guida istituzionale e artistica, ma anche da un\u2019idea di teatro sempre pi\u00f9 vivace, accogliente, fecondo. La prima rotta \u00e8 tracciata: si parte da<em>Don Giovanni<\/em> a ottobre 2025 e si approda alla <em>Boh\u00e8me <\/em>a giugno 2026, due capolavori che aprono e chiudono una stagione fatta di scelte, ritorni d\u2019autore e nuove tappe. \u00c8 il tempo dei Naviganti, di coloro che cercano nessi di significato lungo l\u2019intero tragitto, non solo quando giungono alla meta. Sulla mappa si succedono i grandi titoli del repertorio e voci meno frequenti della contemporaneit\u00e0.&nbsp;In questo spirito, la nuova stagione \u2013 otto opere, un balletto e undici concerti \u2013 non si limita a proporre spettacoli, ma intende evocare visioni tanto agli spettatori pi\u00f9 assidui quanto agli sporadici curiosi. Ai pi\u00f9 giovani, cui \u00e8 dedicata <em>La boh\u00e8me<\/em> con i solisti dell\u2019Accademia, e ai cultori del teatro d\u2019opera, che troveranno in <em>Tristan und Isolde <\/em>e <em>Don Giovanni<\/em> occasioni di ascolto e riflessione pi\u00f9 rare e complesse. Agli appassionati del melodramma italiano, che vedranno alternarsi&nbsp;<em>Il trovatore<\/em>, <em>Macbeth<\/em> e <em>Cavalleria rusticana<\/em>, e a chi cerca nel teatro anche la sfida della contemporaneit\u00e0, come accade con <em>Il nome della rosa<\/em>. Per Genova, navigare \u00e8 molto pi\u00f9 che un\u2019immagine evocativa: \u00e8 un codice genetico che la citt\u00e0 e la sua storia portano impresso sulle pietre, nel vento, nel profilo del porto, nella mobilit\u00e0 dell\u2019orizzonte. \u00c8 la sua vocazione: partire, tornare, attraversare. Il Teatro Carlo Felice \u2013 posto nel cuore della citt\u00e0, accanto a Piazza De Ferrari che ne \u00e8 snodo e salotto \u2013 incarna da sempre questa dimensione; l\u2019edificio stesso, nella sua architettura, si offre al paesaggio come torre-faro: visibile, severa e rassicurante al contempo. Nelle sere di spettacolo, la torre si accende, scandisce il tempo della comunit\u00e0 che la circonda e le indica nuovi orientamenti e nuovi approdi dell\u2019espressivit\u00e0. La programmazione si configura cos\u00ec come una carta nautica da esplorare, con punti cardinali e rotte possibili. Il Teatro Carlo Felice invita la sua citt\u00e0 a salire a bordo.<\/p>\n\n\n\n<p>\u2014\u2014<\/p>\n\n\n\n<p>venerd\u00ec 3 ottobre 2025, ore 20 Turno A<\/p>\n\n\n\n<p>sabato 4 ottobre 2025, ore 15 Turno F<\/p>\n\n\n\n<p>domenica 5 ottobre 2025, ore 15 Turno C<\/p>\n\n\n\n<p>venerd\u00ec 10 ottobre 2025, ore 20 Turno B<\/p>\n\n\n\n<p>sabato 11 ottobre 2025, ore 20 Turno L<\/p>\n\n\n\n<p>domenica 12 ottobre 2025, ore 15 fuori abbonamento<\/p>\n\n\n\n<p>Il dissoluto punito o sia il <strong>Don Giovanni<\/strong><\/p>\n\n\n\n<p>Dramma giocoso in due atti K527<\/p>\n\n\n\n<p>Libretto di Lorenzo Da Ponte dal dramma <em>El burlador de Sevilla y convidado de piedra<\/em> di Tirso de Molina attraverso il libretto <em>Don Giovanni o sia Il convitato di pietra<\/em> di Giovanni Bertati per Giuseppe Gazzaniga<\/p>\n\n\n\n<p>Musica di Wolfgang Amadeus Mozart<\/p>\n\n\n\n<p><em>Prima rappresentazione<\/em> Praga, Nostitz-Theater, 29 ottobre 1787<\/p>\n\n\n\n<p><em>Inaugurazione della stagione di opera e balletto 2025\/2026<\/em><\/p>\n\n\n\n<p><em>Direttore<\/em> <strong>Constatin Trinks<\/strong><\/p>\n\n\n\n<p><em>Regia<\/em> <strong>Damiano Michieletto<\/strong><\/p>\n\n\n\n<p><em>Scene<\/em> <strong>Paolo Fantin<\/strong><\/p>\n\n\n\n<p><em>Costumi<\/em> <strong>Carla Teti<\/strong><\/p>\n\n\n\n<p><em>Luci<\/em> <strong>Fabio Barettin<\/strong><\/p>\n\n\n\n<p><em>Don Giovanni<\/em><em> <\/em><strong>Simone Alberghini \/ Gurgen Baveyan <\/strong>(4, 11)<strong><\/strong><\/p>\n\n\n\n<p><em>Donna Anna<\/em> <strong>Desir\u00e9e<\/strong> <strong>Rancatore<\/strong> <strong>\/ Irina Dubrovskaya <\/strong>(4, 11)<\/p>\n\n\n\n<p><em>Don Ottavio <\/em><strong>Ian Koziara \/ David Ferri Dur\u00e0 <\/strong>(4, 11)<em><\/em><\/p>\n\n\n\n<p><em>Il Commendatore<\/em><em> <\/em><strong>Mattia Denti<\/strong><\/p>\n\n\n\n<p><em>Donna Elvira <\/em><strong>Jennifer Holloway<\/strong> <strong>\/ Monica Zanettin <\/strong>(4, 10, 12)<\/p>\n\n\n\n<p><em>Leporello<\/em><em> <\/em><strong>Giulio Mastrototaro <\/strong>\/ <strong>Bruno Taddia <\/strong>(4, 11)<\/p>\n\n\n\n<p><em>Masetto<\/em><em> <\/em><strong>Alex Martini<\/strong><em><\/em><\/p>\n\n\n\n<p><em>Zerlina&nbsp; <\/em><strong>Chiara Maria Fiorani<\/strong><\/p>\n\n\n\n<p>Orchestra e Coro del Teatro Carlo Felice di Genova<\/p>\n\n\n\n<p><em>Maestro del Coro<\/em> <strong>Claudio Marino Moretti<\/strong><\/p>\n\n\n\n<p>Allestimento della Fondazione Teatro La Fenice di Venezia<\/p>\n\n\n\n<p>\u2014\u2014-<\/p>\n\n\n\n<p><strong>Abbonamenti a 5, 8 e 9 titoli: <\/strong>da 70 a 610 euro<\/p>\n\n\n\n<p><strong>Biglietti<\/strong> da 15 a 100 euro<\/p>\n\n\n\n<p><strong>Biglietterie<\/strong><\/p>\n\n\n\n<p><strong>Teatro Carlo Felice<\/strong> Galleria Cardinal Siri 6 \u2013 16121 Genova<\/p>\n\n\n\n<p><em>Apertura<\/em> da luned\u00ec al sabato dalle ore 9.30 alle ore 19.00.<\/p>\n\n\n\n<p>Per gli spettacoli serali l\u2019apertura \u00e8 un\u2019ora prima dell\u2019inizio e la chiusura 15 minuti dopo l\u2019inizio. Per gli spettacoli pomeridiani o serali di domenica l\u2019apertura \u00e8 due ore prima dell\u2019inizio e la chiusura 15 minuti dopo l\u2019inizio.<\/p>\n\n\n\n<p><strong>Teatro Della Giovent\u00f9 <\/strong>Via Cesarea 16 \u2013 16121 Genova<\/p>\n\n\n\n<p>Marted\u00ec e gioved\u00ec dalle ore 10.00 alle ore 15.00<\/p>\n\n\n\n<p><strong>Biglietteria On-Line <\/strong>vivaticket.com (biglietto@printhome)<\/p>\n\n\n\n<p><strong>Informazioni Teatro Carlo Felice<\/strong><\/p>\n\n\n\n<p>Telefono +39 010 5381.433 oppure +39 010 5381.399<\/p>\n\n\n\n<p>e-mail: <a href=\"mailto:biglietteria@carlofelice.it\">biglietteria@carlofelice.it<\/a><\/p>\n\n\n\n<p><strong>Fondazione Teatro Carlo Felice<\/strong><strong><\/strong><\/p>\n\n\n\n<p><em>Ufficio stampa<\/em><\/p>\n\n\n\n<p>Floriana Tessitore +39 3387339981<\/p>\n\n\n\n<p>tessitore@carlofelice.it<\/p>\n\n\n\n<p>Genova, 17 settembre 2025 (f.t.)<\/p>\n\n\n\n<p>foto<\/p>\n\n\n\n<figure class=\"wp-block-gallery has-nested-images columns-default is-cropped wp-block-gallery-1 is-layout-flex wp-block-gallery-is-layout-flex\">\n<figure class=\"wp-block-image size-large\"><a href=\"https:\/\/www.ecoitaliano.com.ar\/wp-content\/uploads\/2025\/09\/01-Don-Giovanni-Venezia-ph-Michele-Crosera.jpg\"><img decoding=\"async\" width=\"1024\" height=\"724\" data-id=\"79762\" src=\"https:\/\/www.ecoitaliano.com.ar\/wp-content\/uploads\/2025\/09\/01-Don-Giovanni-Venezia-ph-Michele-Crosera-1024x724.jpg\" alt=\"\" class=\"wp-image-79762\" srcset=\"https:\/\/www.ecoitaliano.com.ar\/wp-content\/uploads\/2025\/09\/01-Don-Giovanni-Venezia-ph-Michele-Crosera-1024x724.jpg 1024w, https:\/\/www.ecoitaliano.com.ar\/wp-content\/uploads\/2025\/09\/01-Don-Giovanni-Venezia-ph-Michele-Crosera-300x212.jpg 300w, https:\/\/www.ecoitaliano.com.ar\/wp-content\/uploads\/2025\/09\/01-Don-Giovanni-Venezia-ph-Michele-Crosera-768x543.jpg 768w, https:\/\/www.ecoitaliano.com.ar\/wp-content\/uploads\/2025\/09\/01-Don-Giovanni-Venezia-ph-Michele-Crosera-1536x1087.jpg 1536w, https:\/\/www.ecoitaliano.com.ar\/wp-content\/uploads\/2025\/09\/01-Don-Giovanni-Venezia-ph-Michele-Crosera-2048x1449.jpg 2048w, https:\/\/www.ecoitaliano.com.ar\/wp-content\/uploads\/2025\/09\/01-Don-Giovanni-Venezia-ph-Michele-Crosera-150x106.jpg 150w\" sizes=\"(max-width: 1024px) 100vw, 1024px\" \/><\/a><figcaption class=\"wp-element-caption\">Fondazione Teatro La Fenice Don Giovanni di Wolfgang Amadeus Mozart  <br>Direttore Jonathan Webb Regia Damiano Michieletto<br>Photo \u00a9Michele Crosera<\/figcaption><\/figure>\n\n\n\n<figure class=\"wp-block-image size-large\"><a href=\"https:\/\/www.ecoitaliano.com.ar\/wp-content\/uploads\/2025\/09\/02-Don-Giovanni-Venezia-ph-Michele-Crosera.jpg\"><img decoding=\"async\" width=\"1024\" height=\"712\" data-id=\"79763\" src=\"https:\/\/www.ecoitaliano.com.ar\/wp-content\/uploads\/2025\/09\/02-Don-Giovanni-Venezia-ph-Michele-Crosera-1024x712.jpg\" alt=\"\" class=\"wp-image-79763\" srcset=\"https:\/\/www.ecoitaliano.com.ar\/wp-content\/uploads\/2025\/09\/02-Don-Giovanni-Venezia-ph-Michele-Crosera-1024x712.jpg 1024w, https:\/\/www.ecoitaliano.com.ar\/wp-content\/uploads\/2025\/09\/02-Don-Giovanni-Venezia-ph-Michele-Crosera-300x209.jpg 300w, https:\/\/www.ecoitaliano.com.ar\/wp-content\/uploads\/2025\/09\/02-Don-Giovanni-Venezia-ph-Michele-Crosera-768x534.jpg 768w, https:\/\/www.ecoitaliano.com.ar\/wp-content\/uploads\/2025\/09\/02-Don-Giovanni-Venezia-ph-Michele-Crosera-1536x1068.jpg 1536w, https:\/\/www.ecoitaliano.com.ar\/wp-content\/uploads\/2025\/09\/02-Don-Giovanni-Venezia-ph-Michele-Crosera-150x104.jpg 150w, https:\/\/www.ecoitaliano.com.ar\/wp-content\/uploads\/2025\/09\/02-Don-Giovanni-Venezia-ph-Michele-Crosera.jpg 1639w\" sizes=\"(max-width: 1024px) 100vw, 1024px\" \/><\/a><\/figure>\n\n\n\n<figure class=\"wp-block-image size-large\"><a href=\"https:\/\/www.ecoitaliano.com.ar\/wp-content\/uploads\/2025\/09\/03-Don-Giovanni-Venezia-ph-Michele-Crosera.jpg\"><img decoding=\"async\" width=\"1024\" height=\"661\" data-id=\"79764\" src=\"https:\/\/www.ecoitaliano.com.ar\/wp-content\/uploads\/2025\/09\/03-Don-Giovanni-Venezia-ph-Michele-Crosera-1024x661.jpg\" alt=\"\" class=\"wp-image-79764\" srcset=\"https:\/\/www.ecoitaliano.com.ar\/wp-content\/uploads\/2025\/09\/03-Don-Giovanni-Venezia-ph-Michele-Crosera-1024x661.jpg 1024w, https:\/\/www.ecoitaliano.com.ar\/wp-content\/uploads\/2025\/09\/03-Don-Giovanni-Venezia-ph-Michele-Crosera-300x194.jpg 300w, https:\/\/www.ecoitaliano.com.ar\/wp-content\/uploads\/2025\/09\/03-Don-Giovanni-Venezia-ph-Michele-Crosera-768x495.jpg 768w, https:\/\/www.ecoitaliano.com.ar\/wp-content\/uploads\/2025\/09\/03-Don-Giovanni-Venezia-ph-Michele-Crosera-1536x991.jpg 1536w, https:\/\/www.ecoitaliano.com.ar\/wp-content\/uploads\/2025\/09\/03-Don-Giovanni-Venezia-ph-Michele-Crosera-150x97.jpg 150w, https:\/\/www.ecoitaliano.com.ar\/wp-content\/uploads\/2025\/09\/03-Don-Giovanni-Venezia-ph-Michele-Crosera.jpg 1767w\" sizes=\"(max-width: 1024px) 100vw, 1024px\" \/><\/a><\/figure>\n\n\n\n<figure class=\"wp-block-image size-large\"><a href=\"https:\/\/www.ecoitaliano.com.ar\/wp-content\/uploads\/2025\/09\/04-Don-Giovanni-Venezia-ph-Michele-Crosera.jpg\"><img decoding=\"async\" width=\"1024\" height=\"724\" data-id=\"79765\" src=\"https:\/\/www.ecoitaliano.com.ar\/wp-content\/uploads\/2025\/09\/04-Don-Giovanni-Venezia-ph-Michele-Crosera-1024x724.jpg\" alt=\"\" class=\"wp-image-79765\" srcset=\"https:\/\/www.ecoitaliano.com.ar\/wp-content\/uploads\/2025\/09\/04-Don-Giovanni-Venezia-ph-Michele-Crosera-1024x724.jpg 1024w, https:\/\/www.ecoitaliano.com.ar\/wp-content\/uploads\/2025\/09\/04-Don-Giovanni-Venezia-ph-Michele-Crosera-300x212.jpg 300w, https:\/\/www.ecoitaliano.com.ar\/wp-content\/uploads\/2025\/09\/04-Don-Giovanni-Venezia-ph-Michele-Crosera-768x543.jpg 768w, https:\/\/www.ecoitaliano.com.ar\/wp-content\/uploads\/2025\/09\/04-Don-Giovanni-Venezia-ph-Michele-Crosera-1536x1086.jpg 1536w, https:\/\/www.ecoitaliano.com.ar\/wp-content\/uploads\/2025\/09\/04-Don-Giovanni-Venezia-ph-Michele-Crosera-150x106.jpg 150w, https:\/\/www.ecoitaliano.com.ar\/wp-content\/uploads\/2025\/09\/04-Don-Giovanni-Venezia-ph-Michele-Crosera.jpg 1613w\" sizes=\"(max-width: 1024px) 100vw, 1024px\" \/><\/a><\/figure>\n\n\n\n<figure class=\"wp-block-image size-large\"><a href=\"https:\/\/www.ecoitaliano.com.ar\/wp-content\/uploads\/2025\/09\/05-Don-Giovanni-Venezia-ph-Michele-Crosera.jpg\"><img decoding=\"async\" width=\"1024\" height=\"698\" data-id=\"79766\" src=\"https:\/\/www.ecoitaliano.com.ar\/wp-content\/uploads\/2025\/09\/05-Don-Giovanni-Venezia-ph-Michele-Crosera-1024x698.jpg\" alt=\"\" class=\"wp-image-79766\" srcset=\"https:\/\/www.ecoitaliano.com.ar\/wp-content\/uploads\/2025\/09\/05-Don-Giovanni-Venezia-ph-Michele-Crosera-1024x698.jpg 1024w, https:\/\/www.ecoitaliano.com.ar\/wp-content\/uploads\/2025\/09\/05-Don-Giovanni-Venezia-ph-Michele-Crosera-300x204.jpg 300w, https:\/\/www.ecoitaliano.com.ar\/wp-content\/uploads\/2025\/09\/05-Don-Giovanni-Venezia-ph-Michele-Crosera-768x523.jpg 768w, https:\/\/www.ecoitaliano.com.ar\/wp-content\/uploads\/2025\/09\/05-Don-Giovanni-Venezia-ph-Michele-Crosera-1536x1047.jpg 1536w, https:\/\/www.ecoitaliano.com.ar\/wp-content\/uploads\/2025\/09\/05-Don-Giovanni-Venezia-ph-Michele-Crosera-150x102.jpg 150w, https:\/\/www.ecoitaliano.com.ar\/wp-content\/uploads\/2025\/09\/05-Don-Giovanni-Venezia-ph-Michele-Crosera.jpg 1673w\" sizes=\"(max-width: 1024px) 100vw, 1024px\" \/><\/a><\/figure>\n\n\n\n<figure class=\"wp-block-image size-large\"><a href=\"https:\/\/www.ecoitaliano.com.ar\/wp-content\/uploads\/2025\/09\/06-Don-Giovanni-Venezia-ph-Michele-Crosera.jpg\"><img decoding=\"async\" width=\"1024\" height=\"746\" data-id=\"79767\" src=\"https:\/\/www.ecoitaliano.com.ar\/wp-content\/uploads\/2025\/09\/06-Don-Giovanni-Venezia-ph-Michele-Crosera-1024x746.jpg\" alt=\"\" class=\"wp-image-79767\" srcset=\"https:\/\/www.ecoitaliano.com.ar\/wp-content\/uploads\/2025\/09\/06-Don-Giovanni-Venezia-ph-Michele-Crosera-1024x746.jpg 1024w, https:\/\/www.ecoitaliano.com.ar\/wp-content\/uploads\/2025\/09\/06-Don-Giovanni-Venezia-ph-Michele-Crosera-300x219.jpg 300w, https:\/\/www.ecoitaliano.com.ar\/wp-content\/uploads\/2025\/09\/06-Don-Giovanni-Venezia-ph-Michele-Crosera-768x559.jpg 768w, https:\/\/www.ecoitaliano.com.ar\/wp-content\/uploads\/2025\/09\/06-Don-Giovanni-Venezia-ph-Michele-Crosera-1536x1119.jpg 1536w, https:\/\/www.ecoitaliano.com.ar\/wp-content\/uploads\/2025\/09\/06-Don-Giovanni-Venezia-ph-Michele-Crosera-150x109.jpg 150w, https:\/\/www.ecoitaliano.com.ar\/wp-content\/uploads\/2025\/09\/06-Don-Giovanni-Venezia-ph-Michele-Crosera.jpg 1565w\" sizes=\"(max-width: 1024px) 100vw, 1024px\" \/><\/a><\/figure>\n\n\n\n<figure class=\"wp-block-image size-large\"><a href=\"https:\/\/www.ecoitaliano.com.ar\/wp-content\/uploads\/2025\/09\/07-Don-Giovanni-Venezia-ph-Michele-Crosera.jpg\"><img decoding=\"async\" width=\"1024\" height=\"813\" data-id=\"79768\" src=\"https:\/\/www.ecoitaliano.com.ar\/wp-content\/uploads\/2025\/09\/07-Don-Giovanni-Venezia-ph-Michele-Crosera-1024x813.jpg\" alt=\"\" class=\"wp-image-79768\" srcset=\"https:\/\/www.ecoitaliano.com.ar\/wp-content\/uploads\/2025\/09\/07-Don-Giovanni-Venezia-ph-Michele-Crosera-1024x813.jpg 1024w, https:\/\/www.ecoitaliano.com.ar\/wp-content\/uploads\/2025\/09\/07-Don-Giovanni-Venezia-ph-Michele-Crosera-300x238.jpg 300w, https:\/\/www.ecoitaliano.com.ar\/wp-content\/uploads\/2025\/09\/07-Don-Giovanni-Venezia-ph-Michele-Crosera-768x610.jpg 768w, https:\/\/www.ecoitaliano.com.ar\/wp-content\/uploads\/2025\/09\/07-Don-Giovanni-Venezia-ph-Michele-Crosera-1536x1219.jpg 1536w, https:\/\/www.ecoitaliano.com.ar\/wp-content\/uploads\/2025\/09\/07-Don-Giovanni-Venezia-ph-Michele-Crosera-2048x1626.jpg 2048w, https:\/\/www.ecoitaliano.com.ar\/wp-content\/uploads\/2025\/09\/07-Don-Giovanni-Venezia-ph-Michele-Crosera-150x119.jpg 150w\" sizes=\"(max-width: 1024px) 100vw, 1024px\" \/><\/a><\/figure>\n\n\n\n<figure class=\"wp-block-image size-large\"><a href=\"https:\/\/www.ecoitaliano.com.ar\/wp-content\/uploads\/2025\/09\/08-Don-Giovanni-Venezia-ph-Michele-Crosera.jpg\"><img decoding=\"async\" width=\"1024\" height=\"828\" data-id=\"79769\" src=\"https:\/\/www.ecoitaliano.com.ar\/wp-content\/uploads\/2025\/09\/08-Don-Giovanni-Venezia-ph-Michele-Crosera-1024x828.jpg\" alt=\"\" class=\"wp-image-79769\" srcset=\"https:\/\/www.ecoitaliano.com.ar\/wp-content\/uploads\/2025\/09\/08-Don-Giovanni-Venezia-ph-Michele-Crosera-1024x828.jpg 1024w, https:\/\/www.ecoitaliano.com.ar\/wp-content\/uploads\/2025\/09\/08-Don-Giovanni-Venezia-ph-Michele-Crosera-300x243.jpg 300w, https:\/\/www.ecoitaliano.com.ar\/wp-content\/uploads\/2025\/09\/08-Don-Giovanni-Venezia-ph-Michele-Crosera-768x621.jpg 768w, https:\/\/www.ecoitaliano.com.ar\/wp-content\/uploads\/2025\/09\/08-Don-Giovanni-Venezia-ph-Michele-Crosera-1536x1243.jpg 1536w, https:\/\/www.ecoitaliano.com.ar\/wp-content\/uploads\/2025\/09\/08-Don-Giovanni-Venezia-ph-Michele-Crosera-2048x1657.jpg 2048w, https:\/\/www.ecoitaliano.com.ar\/wp-content\/uploads\/2025\/09\/08-Don-Giovanni-Venezia-ph-Michele-Crosera-150x121.jpg 150w\" sizes=\"(max-width: 1024px) 100vw, 1024px\" \/><\/a><\/figure>\n\n\n\n<figure class=\"wp-block-image size-large\"><a href=\"https:\/\/www.ecoitaliano.com.ar\/wp-content\/uploads\/2025\/09\/01.jpg\"><img decoding=\"async\" width=\"1024\" height=\"683\" data-id=\"79770\" src=\"https:\/\/www.ecoitaliano.com.ar\/wp-content\/uploads\/2025\/09\/01-1024x683.jpg\" alt=\"\" class=\"wp-image-79770\" srcset=\"https:\/\/www.ecoitaliano.com.ar\/wp-content\/uploads\/2025\/09\/01-1024x683.jpg 1024w, https:\/\/www.ecoitaliano.com.ar\/wp-content\/uploads\/2025\/09\/01-300x200.jpg 300w, https:\/\/www.ecoitaliano.com.ar\/wp-content\/uploads\/2025\/09\/01-768x512.jpg 768w, https:\/\/www.ecoitaliano.com.ar\/wp-content\/uploads\/2025\/09\/01-1536x1025.jpg 1536w, https:\/\/www.ecoitaliano.com.ar\/wp-content\/uploads\/2025\/09\/01-2048x1366.jpg 2048w, https:\/\/www.ecoitaliano.com.ar\/wp-content\/uploads\/2025\/09\/01-150x100.jpg 150w\" sizes=\"(max-width: 1024px) 100vw, 1024px\" \/><\/a><\/figure>\n\n\n\n<figure class=\"wp-block-image size-large\"><a href=\"https:\/\/www.ecoitaliano.com.ar\/wp-content\/uploads\/2025\/09\/03.jpg\"><img decoding=\"async\" width=\"1024\" height=\"727\" data-id=\"79771\" src=\"https:\/\/www.ecoitaliano.com.ar\/wp-content\/uploads\/2025\/09\/03-1024x727.jpg\" alt=\"\" class=\"wp-image-79771\" srcset=\"https:\/\/www.ecoitaliano.com.ar\/wp-content\/uploads\/2025\/09\/03-1024x727.jpg 1024w, https:\/\/www.ecoitaliano.com.ar\/wp-content\/uploads\/2025\/09\/03-300x213.jpg 300w, https:\/\/www.ecoitaliano.com.ar\/wp-content\/uploads\/2025\/09\/03-768x545.jpg 768w, https:\/\/www.ecoitaliano.com.ar\/wp-content\/uploads\/2025\/09\/03-1536x1090.jpg 1536w, https:\/\/www.ecoitaliano.com.ar\/wp-content\/uploads\/2025\/09\/03-2048x1454.jpg 2048w, https:\/\/www.ecoitaliano.com.ar\/wp-content\/uploads\/2025\/09\/03-150x106.jpg 150w\" sizes=\"(max-width: 1024px) 100vw, 1024px\" \/><\/a><\/figure>\n\n\n\n<figure class=\"wp-block-image size-large\"><a href=\"https:\/\/www.ecoitaliano.com.ar\/wp-content\/uploads\/2025\/09\/06.jpg\"><img decoding=\"async\" width=\"1024\" height=\"749\" data-id=\"79772\" src=\"https:\/\/www.ecoitaliano.com.ar\/wp-content\/uploads\/2025\/09\/06-1024x749.jpg\" alt=\"\" class=\"wp-image-79772\" srcset=\"https:\/\/www.ecoitaliano.com.ar\/wp-content\/uploads\/2025\/09\/06-1024x749.jpg 1024w, https:\/\/www.ecoitaliano.com.ar\/wp-content\/uploads\/2025\/09\/06-300x219.jpg 300w, https:\/\/www.ecoitaliano.com.ar\/wp-content\/uploads\/2025\/09\/06-768x562.jpg 768w, https:\/\/www.ecoitaliano.com.ar\/wp-content\/uploads\/2025\/09\/06-1536x1124.jpg 1536w, https:\/\/www.ecoitaliano.com.ar\/wp-content\/uploads\/2025\/09\/06-2048x1498.jpg 2048w, https:\/\/www.ecoitaliano.com.ar\/wp-content\/uploads\/2025\/09\/06-150x110.jpg 150w\" sizes=\"(max-width: 1024px) 100vw, 1024px\" \/><\/a><\/figure>\n\n\n\n<figure class=\"wp-block-image size-large\"><a href=\"https:\/\/www.ecoitaliano.com.ar\/wp-content\/uploads\/2025\/09\/10.jpg\"><img decoding=\"async\" width=\"1024\" height=\"683\" data-id=\"79773\" src=\"https:\/\/www.ecoitaliano.com.ar\/wp-content\/uploads\/2025\/09\/10-1024x683.jpg\" alt=\"\" class=\"wp-image-79773\" srcset=\"https:\/\/www.ecoitaliano.com.ar\/wp-content\/uploads\/2025\/09\/10-1024x683.jpg 1024w, https:\/\/www.ecoitaliano.com.ar\/wp-content\/uploads\/2025\/09\/10-300x200.jpg 300w, https:\/\/www.ecoitaliano.com.ar\/wp-content\/uploads\/2025\/09\/10-768x512.jpg 768w, https:\/\/www.ecoitaliano.com.ar\/wp-content\/uploads\/2025\/09\/10-1536x1024.jpg 1536w, https:\/\/www.ecoitaliano.com.ar\/wp-content\/uploads\/2025\/09\/10-2048x1366.jpg 2048w, https:\/\/www.ecoitaliano.com.ar\/wp-content\/uploads\/2025\/09\/10-150x100.jpg 150w\" sizes=\"(max-width: 1024px) 100vw, 1024px\" \/><\/a><\/figure>\n\n\n\n<figure class=\"wp-block-image size-large\"><a href=\"https:\/\/www.ecoitaliano.com.ar\/wp-content\/uploads\/2025\/09\/11.jpg\"><img decoding=\"async\" width=\"1024\" height=\"683\" data-id=\"79774\" src=\"https:\/\/www.ecoitaliano.com.ar\/wp-content\/uploads\/2025\/09\/11-1024x683.jpg\" alt=\"\" class=\"wp-image-79774\" srcset=\"https:\/\/www.ecoitaliano.com.ar\/wp-content\/uploads\/2025\/09\/11-1024x683.jpg 1024w, https:\/\/www.ecoitaliano.com.ar\/wp-content\/uploads\/2025\/09\/11-300x200.jpg 300w, https:\/\/www.ecoitaliano.com.ar\/wp-content\/uploads\/2025\/09\/11-768x512.jpg 768w, https:\/\/www.ecoitaliano.com.ar\/wp-content\/uploads\/2025\/09\/11-1536x1024.jpg 1536w, https:\/\/www.ecoitaliano.com.ar\/wp-content\/uploads\/2025\/09\/11-2048x1366.jpg 2048w, https:\/\/www.ecoitaliano.com.ar\/wp-content\/uploads\/2025\/09\/11-150x100.jpg 150w\" sizes=\"(max-width: 1024px) 100vw, 1024px\" \/><\/a><\/figure>\n\n\n\n<figure class=\"wp-block-image size-large\"><a href=\"https:\/\/www.ecoitaliano.com.ar\/wp-content\/uploads\/2025\/09\/12.jpg\"><img decoding=\"async\" width=\"1024\" height=\"811\" data-id=\"79775\" src=\"https:\/\/www.ecoitaliano.com.ar\/wp-content\/uploads\/2025\/09\/12-1024x811.jpg\" alt=\"\" class=\"wp-image-79775\" srcset=\"https:\/\/www.ecoitaliano.com.ar\/wp-content\/uploads\/2025\/09\/12-1024x811.jpg 1024w, https:\/\/www.ecoitaliano.com.ar\/wp-content\/uploads\/2025\/09\/12-300x238.jpg 300w, https:\/\/www.ecoitaliano.com.ar\/wp-content\/uploads\/2025\/09\/12-768x608.jpg 768w, https:\/\/www.ecoitaliano.com.ar\/wp-content\/uploads\/2025\/09\/12-1536x1217.jpg 1536w, https:\/\/www.ecoitaliano.com.ar\/wp-content\/uploads\/2025\/09\/12-2048x1622.jpg 2048w, https:\/\/www.ecoitaliano.com.ar\/wp-content\/uploads\/2025\/09\/12-150x119.jpg 150w\" sizes=\"(max-width: 1024px) 100vw, 1024px\" \/><\/a><\/figure>\n\n\n\n<figure class=\"wp-block-image size-large\"><a href=\"https:\/\/www.ecoitaliano.com.ar\/wp-content\/uploads\/2025\/09\/13.jpg\"><img decoding=\"async\" width=\"1024\" height=\"648\" data-id=\"79776\" src=\"https:\/\/www.ecoitaliano.com.ar\/wp-content\/uploads\/2025\/09\/13-1024x648.jpg\" alt=\"\" class=\"wp-image-79776\" srcset=\"https:\/\/www.ecoitaliano.com.ar\/wp-content\/uploads\/2025\/09\/13-1024x648.jpg 1024w, https:\/\/www.ecoitaliano.com.ar\/wp-content\/uploads\/2025\/09\/13-300x190.jpg 300w, https:\/\/www.ecoitaliano.com.ar\/wp-content\/uploads\/2025\/09\/13-768x486.jpg 768w, https:\/\/www.ecoitaliano.com.ar\/wp-content\/uploads\/2025\/09\/13-1536x973.jpg 1536w, https:\/\/www.ecoitaliano.com.ar\/wp-content\/uploads\/2025\/09\/13-2048x1297.jpg 2048w, https:\/\/www.ecoitaliano.com.ar\/wp-content\/uploads\/2025\/09\/13-150x95.jpg 150w\" sizes=\"(max-width: 1024px) 100vw, 1024px\" \/><\/a><\/figure>\n\n\n\n<figure class=\"wp-block-image size-large\"><a href=\"https:\/\/www.ecoitaliano.com.ar\/wp-content\/uploads\/2025\/09\/15.jpg\"><img decoding=\"async\" width=\"1024\" height=\"682\" data-id=\"79777\" src=\"https:\/\/www.ecoitaliano.com.ar\/wp-content\/uploads\/2025\/09\/15-1024x682.jpg\" alt=\"\" class=\"wp-image-79777\" srcset=\"https:\/\/www.ecoitaliano.com.ar\/wp-content\/uploads\/2025\/09\/15-1024x682.jpg 1024w, https:\/\/www.ecoitaliano.com.ar\/wp-content\/uploads\/2025\/09\/15-300x200.jpg 300w, https:\/\/www.ecoitaliano.com.ar\/wp-content\/uploads\/2025\/09\/15-768x512.jpg 768w, https:\/\/www.ecoitaliano.com.ar\/wp-content\/uploads\/2025\/09\/15-1536x1024.jpg 1536w, https:\/\/www.ecoitaliano.com.ar\/wp-content\/uploads\/2025\/09\/15-2048x1365.jpg 2048w, https:\/\/www.ecoitaliano.com.ar\/wp-content\/uploads\/2025\/09\/15-150x100.jpg 150w\" sizes=\"(max-width: 1024px) 100vw, 1024px\" \/><\/a><\/figure>\n\n\n\n<figure class=\"wp-block-image size-large\"><a href=\"https:\/\/www.ecoitaliano.com.ar\/wp-content\/uploads\/2025\/09\/17.jpg\"><img decoding=\"async\" width=\"1024\" height=\"740\" data-id=\"79778\" src=\"https:\/\/www.ecoitaliano.com.ar\/wp-content\/uploads\/2025\/09\/17-1024x740.jpg\" alt=\"\" class=\"wp-image-79778\" srcset=\"https:\/\/www.ecoitaliano.com.ar\/wp-content\/uploads\/2025\/09\/17-1024x740.jpg 1024w, https:\/\/www.ecoitaliano.com.ar\/wp-content\/uploads\/2025\/09\/17-300x217.jpg 300w, https:\/\/www.ecoitaliano.com.ar\/wp-content\/uploads\/2025\/09\/17-768x555.jpg 768w, https:\/\/www.ecoitaliano.com.ar\/wp-content\/uploads\/2025\/09\/17-1536x1110.jpg 1536w, https:\/\/www.ecoitaliano.com.ar\/wp-content\/uploads\/2025\/09\/17-2048x1480.jpg 2048w, https:\/\/www.ecoitaliano.com.ar\/wp-content\/uploads\/2025\/09\/17-150x108.jpg 150w\" sizes=\"(max-width: 1024px) 100vw, 1024px\" \/><\/a><\/figure>\n\n\n\n<figure class=\"wp-block-image size-large\"><a href=\"https:\/\/www.ecoitaliano.com.ar\/wp-content\/uploads\/2025\/09\/19-Acella.jpg\"><img decoding=\"async\" width=\"1024\" height=\"683\" data-id=\"79779\" src=\"https:\/\/www.ecoitaliano.com.ar\/wp-content\/uploads\/2025\/09\/19-Acella-1024x683.jpg\" alt=\"\" class=\"wp-image-79779\" srcset=\"https:\/\/www.ecoitaliano.com.ar\/wp-content\/uploads\/2025\/09\/19-Acella-1024x683.jpg 1024w, https:\/\/www.ecoitaliano.com.ar\/wp-content\/uploads\/2025\/09\/19-Acella-300x200.jpg 300w, https:\/\/www.ecoitaliano.com.ar\/wp-content\/uploads\/2025\/09\/19-Acella-768x512.jpg 768w, https:\/\/www.ecoitaliano.com.ar\/wp-content\/uploads\/2025\/09\/19-Acella-1536x1024.jpg 1536w, https:\/\/www.ecoitaliano.com.ar\/wp-content\/uploads\/2025\/09\/19-Acella-2048x1366.jpg 2048w, https:\/\/www.ecoitaliano.com.ar\/wp-content\/uploads\/2025\/09\/19-Acella-150x100.jpg 150w\" sizes=\"(max-width: 1024px) 100vw, 1024px\" \/><\/a><\/figure>\n\n\n\n<figure class=\"wp-block-image size-large\"><a href=\"https:\/\/www.ecoitaliano.com.ar\/wp-content\/uploads\/2025\/09\/22-alberghini.jpg\"><img decoding=\"async\" width=\"1024\" height=\"688\" data-id=\"79780\" src=\"https:\/\/www.ecoitaliano.com.ar\/wp-content\/uploads\/2025\/09\/22-alberghini-1024x688.jpg\" alt=\"\" class=\"wp-image-79780\" srcset=\"https:\/\/www.ecoitaliano.com.ar\/wp-content\/uploads\/2025\/09\/22-alberghini-1024x688.jpg 1024w, https:\/\/www.ecoitaliano.com.ar\/wp-content\/uploads\/2025\/09\/22-alberghini-300x202.jpg 300w, https:\/\/www.ecoitaliano.com.ar\/wp-content\/uploads\/2025\/09\/22-alberghini-768x516.jpg 768w, https:\/\/www.ecoitaliano.com.ar\/wp-content\/uploads\/2025\/09\/22-alberghini-1536x1032.jpg 1536w, https:\/\/www.ecoitaliano.com.ar\/wp-content\/uploads\/2025\/09\/22-alberghini-2048x1376.jpg 2048w, https:\/\/www.ecoitaliano.com.ar\/wp-content\/uploads\/2025\/09\/22-alberghini-150x101.jpg 150w\" sizes=\"(max-width: 1024px) 100vw, 1024px\" \/><\/a><\/figure>\n\n\n\n<figure class=\"wp-block-image size-large\"><a href=\"https:\/\/www.ecoitaliano.com.ar\/wp-content\/uploads\/2025\/09\/23-Trinks.jpg\"><img decoding=\"async\" width=\"1024\" height=\"667\" data-id=\"79781\" src=\"https:\/\/www.ecoitaliano.com.ar\/wp-content\/uploads\/2025\/09\/23-Trinks-1024x667.jpg\" alt=\"\" class=\"wp-image-79781\" srcset=\"https:\/\/www.ecoitaliano.com.ar\/wp-content\/uploads\/2025\/09\/23-Trinks-1024x667.jpg 1024w, https:\/\/www.ecoitaliano.com.ar\/wp-content\/uploads\/2025\/09\/23-Trinks-300x195.jpg 300w, https:\/\/www.ecoitaliano.com.ar\/wp-content\/uploads\/2025\/09\/23-Trinks-768x500.jpg 768w, https:\/\/www.ecoitaliano.com.ar\/wp-content\/uploads\/2025\/09\/23-Trinks-1536x1001.jpg 1536w, https:\/\/www.ecoitaliano.com.ar\/wp-content\/uploads\/2025\/09\/23-Trinks-2048x1334.jpg 2048w, https:\/\/www.ecoitaliano.com.ar\/wp-content\/uploads\/2025\/09\/23-Trinks-150x98.jpg 150w\" sizes=\"(max-width: 1024px) 100vw, 1024px\" \/><\/a><\/figure>\n\n\n\n<figure class=\"wp-block-image size-large\"><a href=\"https:\/\/www.ecoitaliano.com.ar\/wp-content\/uploads\/2025\/09\/25.jpg\"><img decoding=\"async\" width=\"1024\" height=\"683\" data-id=\"79782\" src=\"https:\/\/www.ecoitaliano.com.ar\/wp-content\/uploads\/2025\/09\/25-1024x683.jpg\" alt=\"\" class=\"wp-image-79782\" srcset=\"https:\/\/www.ecoitaliano.com.ar\/wp-content\/uploads\/2025\/09\/25-1024x683.jpg 1024w, https:\/\/www.ecoitaliano.com.ar\/wp-content\/uploads\/2025\/09\/25-300x200.jpg 300w, https:\/\/www.ecoitaliano.com.ar\/wp-content\/uploads\/2025\/09\/25-768x512.jpg 768w, https:\/\/www.ecoitaliano.com.ar\/wp-content\/uploads\/2025\/09\/25-1536x1024.jpg 1536w, https:\/\/www.ecoitaliano.com.ar\/wp-content\/uploads\/2025\/09\/25-2048x1366.jpg 2048w, https:\/\/www.ecoitaliano.com.ar\/wp-content\/uploads\/2025\/09\/25-150x100.jpg 150w\" sizes=\"(max-width: 1024px) 100vw, 1024px\" \/><\/a><\/figure>\n<\/figure>\n","protected":false},"excerpt":{"rendered":"<p>COMUNICATO STAMPA &nbsp; DON GIOVANNI DI MOZART INAUGURA LA STAGIONE 2025-2026 DI OPERA, BALLETTO E CONCERTI DEL TEATRO CARLO FELICE [&hellip;]<\/p>\n","protected":false},"author":1,"featured_media":0,"comment_status":"open","ping_status":"open","sticky":false,"template":"","format":"standard","meta":{"footnotes":""},"categories":[1],"tags":[],"class_list":["post-79760","post","type-post","status-publish","format-standard","hentry","category-sin-categoria"],"_links":{"self":[{"href":"https:\/\/www.ecoitaliano.com.ar\/index.php?rest_route=\/wp\/v2\/posts\/79760","targetHints":{"allow":["GET"]}}],"collection":[{"href":"https:\/\/www.ecoitaliano.com.ar\/index.php?rest_route=\/wp\/v2\/posts"}],"about":[{"href":"https:\/\/www.ecoitaliano.com.ar\/index.php?rest_route=\/wp\/v2\/types\/post"}],"author":[{"embeddable":true,"href":"https:\/\/www.ecoitaliano.com.ar\/index.php?rest_route=\/wp\/v2\/users\/1"}],"replies":[{"embeddable":true,"href":"https:\/\/www.ecoitaliano.com.ar\/index.php?rest_route=%2Fwp%2Fv2%2Fcomments&post=79760"}],"version-history":[{"count":1,"href":"https:\/\/www.ecoitaliano.com.ar\/index.php?rest_route=\/wp\/v2\/posts\/79760\/revisions"}],"predecessor-version":[{"id":79783,"href":"https:\/\/www.ecoitaliano.com.ar\/index.php?rest_route=\/wp\/v2\/posts\/79760\/revisions\/79783"}],"wp:attachment":[{"href":"https:\/\/www.ecoitaliano.com.ar\/index.php?rest_route=%2Fwp%2Fv2%2Fmedia&parent=79760"}],"wp:term":[{"taxonomy":"category","embeddable":true,"href":"https:\/\/www.ecoitaliano.com.ar\/index.php?rest_route=%2Fwp%2Fv2%2Fcategories&post=79760"},{"taxonomy":"post_tag","embeddable":true,"href":"https:\/\/www.ecoitaliano.com.ar\/index.php?rest_route=%2Fwp%2Fv2%2Ftags&post=79760"}],"curies":[{"name":"wp","href":"https:\/\/api.w.org\/{rel}","templated":true}]}}