{"id":79914,"date":"2025-09-20T20:01:28","date_gmt":"2025-09-20T20:01:28","guid":{"rendered":"https:\/\/www.ecoitaliano.com.ar\/?p=79914"},"modified":"2025-09-20T20:01:28","modified_gmt":"2025-09-20T20:01:28","slug":"serena-conduce-operaclassica-eco-italiano-4653","status":"publish","type":"post","link":"https:\/\/www.ecoitaliano.com.ar\/?p=79914","title":{"rendered":"Serena conduce operaclassica eco italiano"},"content":{"rendered":"<div class=\"wp-block-image\">\n<figure class=\"aligncenter size-full is-resized\"><a href=\"https:\/\/www.ecoitaliano.com.ar\/wp-content\/uploads\/2025\/09\/image-15.png\"><img decoding=\"async\" width=\"131\" height=\"78\" src=\"https:\/\/www.ecoitaliano.com.ar\/wp-content\/uploads\/2025\/09\/image-15.png\" alt=\"\" class=\"wp-image-79915\" style=\"width:164px;height:auto\"\/><\/a><\/figure><\/div>\n\n\n<p>Comunicato stampa<\/p>\n\n\n\n<p><br><strong>TCBO: I TRENTENNI MARTIJN DENDIEVEL E KONSTANTIN EMELYANOV PER MUSORGSKIJ E BRAHMS<\/strong><\/p>\n\n\n\n<p><em>Venerd\u00ec 26 settembre alle 20.30 all\u2019Auditorium Manzoni<\/em><\/p>\n\n\n\n<p>Segna il ritorno del&nbsp;<strong>direttore d\u2019orchestra Martijn Dendievel<\/strong>&nbsp;e il debutto del&nbsp;<strong>pianista Konstantin Emelyanov<\/strong>&nbsp;il concerto sinfonico del Teatro Comunale di Bologna realizzato in collaborazione con l\u2019Accademia Internazionale di Imola \u201cIncontri con il Maestro\u201d, che propone&nbsp;<em>Quadri di un\u2019esposizione<\/em>&nbsp;di Modest Musorgskij e il Secondo Concerto per pianoforte e orchestra di Johannes Brahms. I due giovani artisti pluripremiati \u2013 che oltre al talento condividono anche l\u2019et\u00e0, essendo entrambi trentenni (classe 1995 Dendievel e classe 1994 Emelyanov) \u2013 sono protagonisti all\u2019<strong>Auditorium Manzoni venerd\u00ec 26 settembre alle ore 20.30.<\/strong><\/p>\n\n\n\n<p>Vincitore del Premio per la cultura fiamminga \u201cUltima Muziek\u201d, Direttore Principale dell\u2019orchestra bavarese Hofer Symphoniker e Direttore Principale designato della fiamminga Symfonieorkest Vlaanderen, Dendievel \u00e8 salito sul podio di compagini come l\u2019Orchestre Philharmonique Royal di Liegi, la WDR Sinfonieorchester, la Tonk\u00fcnstler-Orchester di Vienna e i Bamberger Symphoniker. Ospite frequente delle ultime stagioni del Comunale, guider\u00e0 ancora una volta l\u2019Orchestra della Fondazione lirico-sinfonica felsinea anche a novembre per interpretare<em>&nbsp;La boh\u00e8m<\/em>e di Giacomo Puccini.<\/p>\n\n\n\n<p>Dopo aver vinto numerosi riconoscimenti, tra cui il Primo Premio al Concorso \u201cViotti\u201d nel 2017, Emelyanov \u00e8 diventato una vera rivelazione al XVI Concorso \u201c\u010cajkovskij\u201d nel 2019, dove ha ottenuto la Medaglia di Bronzo ed \u00e8 stato premiato dalla rivista \u00abMusical Life\u00bb. Ha poi ricevuto il Premio del Pubblico dalla \u00abFrankfurter Allgemeine Zeitung\u00bb (F.A.Z.) all\u2019International German Piano Award, che ha vinto nel 2022, e nel 2024 \u00e8 stato il primo classificato al Concorso Pianistico Internazionale \u00abRina Sala Gallo\u201d di Monza, dove ha conseguito anche il Premio del Pubblico. In Italia, il giovane talento si \u00e8 perfezionato presso l\u2019Accademia Internazionale di Imola \u201cIncontri con il Maestro\u201d.<\/p>\n\n\n\n<p>\u00c8 musica che nasce dalla pittura quella dei&nbsp;<em>Quadri di un\u2019esposizione<\/em>&nbsp;di Modest Musorgskij, uno dei pi\u00f9 grandi capolavori della letteratura musicale russa. Nel 1874 il compositore visit\u00f2 a Mosca una mostra dedicata ai lavori del suo amico pittore e architetto Viktor Hartmann, morto improvvisamente l&#8217;anno precedente a soli 39 anni. L\u00ec decise di provare a esprimere in musica ci\u00f2 che aveva visto. Nacque cos\u00ec la celebre Suite di dieci pezzi e cinque interludi in forma di variazioni per pianoforte, poi orchestrata da Maurice Ravel nel 1922, versione \u2013&nbsp;quest\u2019ultima \u2013 che si ascolter\u00e0 nel concerto bolognese.<\/p>\n\n\n\n<p>Scriveva con entusiasmo Brahms all\u2019editore Simrock a proposito del suo Concerto per pianoforte n. 2 in si bemolle maggiore, op. 83 nel 1882, a lavoro ultimato da circa un anno ed eseguito per la prima volta a Budapest nel novembre del 1881 con Sandor Erkel sul podio e lo stesso compositore al pianoforte: \u00abLa partitura del mio Concerto m\u2019ha fatto cos\u00ec piacere a prima visa che non desidero attendere troppo per averla come nel caso dei lieder. Se questo fosse possibile, fatemene pervenire un\u2019esemplare\u00bb. L\u2019intento era quello di inviare al pi\u00f9 presto la partitura stampata al noto direttore d\u2019orchestra Hans von B\u00fclow, con cui poi Brahms part\u00ec per una tourn\u00e9e in Germania \u2013 insieme all\u2019Orchestra di Meiningen \u2013 che port\u00f2 il concerto in trionfo.<\/p>\n\n\n\n<p><strong>Main Partner della Stagione Sinfonica 2025 del Teatro Comunale di Bologna \u00e8 Intesa Sanpaolo<\/strong>, grazie al cui sostegno sono inoltre aperte gratuitamente alle scuole gran parte delle prove generali dei concerti.<\/p>\n\n\n\n<p>I&nbsp;biglietti&nbsp;\u2013&nbsp;da 10 a 40 euro&nbsp;\u2013&nbsp;sono in vendita online tramite&nbsp;<a target=\"_blank\" href=\"https:\/\/tcbo.vivaticket.it\/it\/event\/16-sinfonica-2025-dendievel\/251897?_gl=1%2A1c2a4pu%2A_ga%2AMTYxNzU2MDMyMy4xNzMyNjE1NDMw%2A_ga_31YPVLC8YJ%2AczE3NTgxODI0ODEkbzE2MCRnMCR0MTc1ODE4MjQ4MSRqNjAkbDAkaDA.&amp;qubsq=1e91103f-6ae2-4502-a9bd-7920b3d2ee07&amp;qubsp=dc492f29-9898-46a2-9967-6197419fd122&amp;qubsts=1758182462&amp;qubsc=bestunion&amp;qubse=vivaticketserver&amp;qubsrt=Safetynet&amp;qubsh=3d05db7244f957656afe68f82ac6658f\" rel=\"noreferrer noopener\">Vivaticket&nbsp;<\/a>e presso la biglietteria del Teatro Comunale (Largo Respighi),&nbsp;dal marted\u00ec al venerd\u00ec&nbsp;dalle 12 alle 18 e il&nbsp;sabato dalle 11 alle 15; il giorno del concerto presso l\u2019Auditorium Manzoni da 1 ora prima fino a 15 minuti dopo l\u2019inizio dello spettacolo.<\/p>\n\n\n\n<p>Per ogni concerto della Stagione Sinfonica 2025 prosegue \u201cNote a margine\u201d, una rassegna di incontri&nbsp;con il pubblico che si tengono&nbsp;circa 30 minuti prima dell\u2019inizio del concerto&nbsp;presso il foyer del bar dell\u2019Auditorium Manzoni.<\/p>\n\n\n\n<p>Info:&nbsp;<a target=\"_blank\" href=\"https:\/\/www.tcbo.it\/eventi\/stagione-sinfonica-2025-dendievel-emelyanov\/\" rel=\"noreferrer noopener\">https:\/\/www.tcbo.it\/eventi\/stagione-sinfonica-2025-dendievel-emelyanov\/<\/a><\/p>\n\n\n\n<p>20.09.2025<\/p>\n\n\n\n<p><\/p>\n\n\n\n<p><strong>Skill&amp;Music<\/strong><\/p>\n\n\n\n<p>Irene Sala \u2013 referente ufficio stampa<\/p>\n\n\n\n<p>Alice Castelnuovo \u2013 assistente ufficio stampa<\/p>\n\n\n\n<p>Fondazione Teatro Comunale di Bologna<\/p>\n\n\n\n<p>Largo Respighi, 1 &#8211; 40126 Bologna<\/p>\n\n\n\n<p>T. +39 051 529947<\/p>\n\n\n\n<p>e-mail:&nbsp;<strong><u><a href=\"mailto:ufficiostampa@comunalebologna.it\" target=\"_blank\" rel=\"noreferrer noopener\">ufficiostampa@comunalebologna.it<\/a><\/u><\/strong><\/p>\n\n\n\n<p><strong><u><a target=\"_blank\" href=\"http:\/\/www.tcbo.it\/\" rel=\"noreferrer noopener\">www.tcbo.it<\/a><\/u><\/strong><\/p>\n\n\n\n<p><strong>STAGIONE SINFONICA 2025 DEL TEATRO COMUNALE DI BOLOGNA<\/strong><\/p>\n\n\n\n<p><strong>Venerd\u00ec 26 settembre ore 20.30, Auditorium Manzoni<\/strong><\/p>\n\n\n\n<p><strong>Martijn Dendievel&nbsp;<\/strong><em>direttore<\/em><\/p>\n\n\n\n<p><strong>Konstantin Emelyanov&nbsp;<\/strong><em>pianoforte<\/em><\/p>\n\n\n\n<p>Orchestra del Teatro Comunale di Bologna<\/p>\n\n\n\n<p><strong>PROGRAMMA<\/strong><\/p>\n\n\n\n<p><strong>Johannes Brahms<\/strong><\/p>\n\n\n\n<p>Concerto per pianoforte n. 2 in si bemolle maggiore op. 83<\/p>\n\n\n\n<ol start=\"1\" class=\"wp-block-list\">\n<li>Allegro non troppo<\/li>\n\n\n\n<li>Allegro appassionato<\/li>\n\n\n\n<li>Andante<\/li>\n\n\n\n<li>Allegretto grazioso<\/li>\n<\/ol>\n\n\n\n<p><strong>Modest Petrovi\u010d Musorgskij<\/strong><\/p>\n\n\n\n<p><em>Quadri di un\u2019esposizione&nbsp;<\/em>(orchestrazione di Maurice Ravel)<\/p>\n\n\n\n<p>Promenade \u2013 Allegro giusto, nel modo russico; senza allegrezza, ma poco sostenuto<\/p>\n\n\n\n<p>Gnomus \u2013 Sempre vivo<\/p>\n\n\n\n<p>Promenade \u2013 Moderato commodo e con delicatezza<\/p>\n\n\n\n<p>Il vecchio castello \u2013 Andante<\/p>\n\n\n\n<p>Promenade \u2013 Moderato non tanto, pesante<\/p>\n\n\n\n<p>Tuileries (Dispute d\u2019enfants apr\u00e8s jeux) \u2013 Allegretto non troppo, capriccioso<\/p>\n\n\n\n<p>Bydlo \u2013 Sempre moderato pesante<\/p>\n\n\n\n<p>Promenade \u2013 Tranquillo<\/p>\n\n\n\n<p>Balletto dei pulcini nei loro gusci \u2013 Scherzino. Vivo leggiero<\/p>\n\n\n\n<p>Samuel Goldenberg und Schmuyle \u2013 Andante<\/p>\n\n\n\n<p>Limoges: Le march\u00e9 \u2013 Allegretto vivo sempre scherzando<\/p>\n\n\n\n<p>Catacombae: Sepulchrum Romanum &#8211; Largo<\/p>\n\n\n\n<p>La cabane sur des pattes de poule \u2013 Allegro con brio, feroce<\/p>\n\n\n\n<p>La grande porta di Kiev \u2013 Allegro alla breve. Maestoso. Con grandezza<\/p>\n\n\n\n<p>Main partner \u00e8 Intesa Sanpaolo<\/p>\n\n\n\n<figure class=\"wp-block-table\"><table class=\"has-fixed-layout\"><tbody><tr><td colspan=\"3\"><strong>Ufficio Stampa Teatro Comunale di Bologna<\/strong><\/td><\/tr><tr><td rowspan=\"2\"><\/td><td rowspan=\"2\">.<\/td><td><strong>Fondazione Teatro Comunale di Bologna<\/strong><br>Largo Respighi,1 &#8211; 40126 Bologna<br>Telefono:&nbsp;<a href=\"tel:051529947\" rel=\"noreferrer noopener\" target=\"_blank\">051529947<\/a><br>Fax: 051529995<br><a target=\"_blank\" href=\"http:\/\/www.tcbo.it\/\" rel=\"noreferrer noopener\">www.tcbo.it<\/a>&nbsp;<\/td><\/tr><\/tbody><\/table><\/figure>\n\n\n\n<p>foto<\/p>\n\n\n\n<figure class=\"wp-block-gallery has-nested-images columns-default is-cropped wp-block-gallery-1 is-layout-flex wp-block-gallery-is-layout-flex\">\n<figure class=\"wp-block-image size-large\"><a href=\"https:\/\/www.ecoitaliano.com.ar\/wp-content\/uploads\/2025\/09\/Emelyanov@Olympia-Orlova.jpg\"><img decoding=\"async\" width=\"683\" height=\"1024\" data-id=\"79916\" src=\"https:\/\/www.ecoitaliano.com.ar\/wp-content\/uploads\/2025\/09\/Emelyanov@Olympia-Orlova-683x1024.jpg\" alt=\"\" class=\"wp-image-79916\" srcset=\"https:\/\/www.ecoitaliano.com.ar\/wp-content\/uploads\/2025\/09\/Emelyanov@Olympia-Orlova-683x1024.jpg 683w, https:\/\/www.ecoitaliano.com.ar\/wp-content\/uploads\/2025\/09\/Emelyanov@Olympia-Orlova-200x300.jpg 200w, https:\/\/www.ecoitaliano.com.ar\/wp-content\/uploads\/2025\/09\/Emelyanov@Olympia-Orlova-768x1152.jpg 768w, https:\/\/www.ecoitaliano.com.ar\/wp-content\/uploads\/2025\/09\/Emelyanov@Olympia-Orlova-1024x1536.jpg 1024w, https:\/\/www.ecoitaliano.com.ar\/wp-content\/uploads\/2025\/09\/Emelyanov@Olympia-Orlova-1366x2048.jpg 1366w, https:\/\/www.ecoitaliano.com.ar\/wp-content\/uploads\/2025\/09\/Emelyanov@Olympia-Orlova-100x150.jpg 100w, https:\/\/www.ecoitaliano.com.ar\/wp-content\/uploads\/2025\/09\/Emelyanov@Olympia-Orlova.jpg 1707w\" sizes=\"(max-width: 683px) 100vw, 683px\" \/><\/a><\/figure>\n\n\n\n<figure class=\"wp-block-image size-large\"><a href=\"https:\/\/www.ecoitaliano.com.ar\/wp-content\/uploads\/2025\/09\/Emelyanov@Olympia-Orlova3.jpg\"><img decoding=\"async\" width=\"794\" height=\"1024\" data-id=\"79917\" src=\"https:\/\/www.ecoitaliano.com.ar\/wp-content\/uploads\/2025\/09\/Emelyanov@Olympia-Orlova3-794x1024.jpg\" alt=\"\" class=\"wp-image-79917\" srcset=\"https:\/\/www.ecoitaliano.com.ar\/wp-content\/uploads\/2025\/09\/Emelyanov@Olympia-Orlova3-794x1024.jpg 794w, https:\/\/www.ecoitaliano.com.ar\/wp-content\/uploads\/2025\/09\/Emelyanov@Olympia-Orlova3-233x300.jpg 233w, https:\/\/www.ecoitaliano.com.ar\/wp-content\/uploads\/2025\/09\/Emelyanov@Olympia-Orlova3-768x990.jpg 768w, https:\/\/www.ecoitaliano.com.ar\/wp-content\/uploads\/2025\/09\/Emelyanov@Olympia-Orlova3-1191x1536.jpg 1191w, https:\/\/www.ecoitaliano.com.ar\/wp-content\/uploads\/2025\/09\/Emelyanov@Olympia-Orlova3-1588x2048.jpg 1588w, https:\/\/www.ecoitaliano.com.ar\/wp-content\/uploads\/2025\/09\/Emelyanov@Olympia-Orlova3-116x150.jpg 116w, https:\/\/www.ecoitaliano.com.ar\/wp-content\/uploads\/2025\/09\/Emelyanov@Olympia-Orlova3.jpg 1985w\" sizes=\"(max-width: 794px) 100vw, 794px\" \/><\/a><\/figure>\n\n\n\n<figure class=\"wp-block-image size-large\"><a href=\"https:\/\/www.ecoitaliano.com.ar\/wp-content\/uploads\/2025\/09\/Orchestra-TCBO-senza-direttore-al-Manzoni-1\u00a9Andrea-Ranzi-1.jpg\"><img decoding=\"async\" width=\"1024\" height=\"683\" data-id=\"79918\" src=\"https:\/\/www.ecoitaliano.com.ar\/wp-content\/uploads\/2025\/09\/Orchestra-TCBO-senza-direttore-al-Manzoni-1\u00a9Andrea-Ranzi-1-1024x683.jpg\" alt=\"\" class=\"wp-image-79918\" srcset=\"https:\/\/www.ecoitaliano.com.ar\/wp-content\/uploads\/2025\/09\/Orchestra-TCBO-senza-direttore-al-Manzoni-1\u00a9Andrea-Ranzi-1-1024x683.jpg 1024w, https:\/\/www.ecoitaliano.com.ar\/wp-content\/uploads\/2025\/09\/Orchestra-TCBO-senza-direttore-al-Manzoni-1\u00a9Andrea-Ranzi-1-300x200.jpg 300w, https:\/\/www.ecoitaliano.com.ar\/wp-content\/uploads\/2025\/09\/Orchestra-TCBO-senza-direttore-al-Manzoni-1\u00a9Andrea-Ranzi-1-768x512.jpg 768w, https:\/\/www.ecoitaliano.com.ar\/wp-content\/uploads\/2025\/09\/Orchestra-TCBO-senza-direttore-al-Manzoni-1\u00a9Andrea-Ranzi-1-1536x1024.jpg 1536w, https:\/\/www.ecoitaliano.com.ar\/wp-content\/uploads\/2025\/09\/Orchestra-TCBO-senza-direttore-al-Manzoni-1\u00a9Andrea-Ranzi-1-2048x1366.jpg 2048w, https:\/\/www.ecoitaliano.com.ar\/wp-content\/uploads\/2025\/09\/Orchestra-TCBO-senza-direttore-al-Manzoni-1\u00a9Andrea-Ranzi-1-150x100.jpg 150w\" sizes=\"(max-width: 1024px) 100vw, 1024px\" \/><\/a><\/figure>\n\n\n\n<figure class=\"wp-block-image size-large\"><a href=\"https:\/\/www.ecoitaliano.com.ar\/wp-content\/uploads\/2025\/09\/TCBO_2025-05-10_Dendievel-con-lOrchestra-del-TCBO\u00a9Andrea-Ranzi.jpg\"><img decoding=\"async\" width=\"1024\" height=\"683\" data-id=\"79919\" src=\"https:\/\/www.ecoitaliano.com.ar\/wp-content\/uploads\/2025\/09\/TCBO_2025-05-10_Dendievel-con-lOrchestra-del-TCBO\u00a9Andrea-Ranzi-1024x683.jpg\" alt=\"\" class=\"wp-image-79919\" srcset=\"https:\/\/www.ecoitaliano.com.ar\/wp-content\/uploads\/2025\/09\/TCBO_2025-05-10_Dendievel-con-lOrchestra-del-TCBO\u00a9Andrea-Ranzi-1024x683.jpg 1024w, https:\/\/www.ecoitaliano.com.ar\/wp-content\/uploads\/2025\/09\/TCBO_2025-05-10_Dendievel-con-lOrchestra-del-TCBO\u00a9Andrea-Ranzi-300x200.jpg 300w, https:\/\/www.ecoitaliano.com.ar\/wp-content\/uploads\/2025\/09\/TCBO_2025-05-10_Dendievel-con-lOrchestra-del-TCBO\u00a9Andrea-Ranzi-768x512.jpg 768w, https:\/\/www.ecoitaliano.com.ar\/wp-content\/uploads\/2025\/09\/TCBO_2025-05-10_Dendievel-con-lOrchestra-del-TCBO\u00a9Andrea-Ranzi-1536x1024.jpg 1536w, https:\/\/www.ecoitaliano.com.ar\/wp-content\/uploads\/2025\/09\/TCBO_2025-05-10_Dendievel-con-lOrchestra-del-TCBO\u00a9Andrea-Ranzi-2048x1366.jpg 2048w, https:\/\/www.ecoitaliano.com.ar\/wp-content\/uploads\/2025\/09\/TCBO_2025-05-10_Dendievel-con-lOrchestra-del-TCBO\u00a9Andrea-Ranzi-150x100.jpg 150w\" sizes=\"(max-width: 1024px) 100vw, 1024px\" \/><\/a><\/figure>\n\n\n\n<figure class=\"wp-block-image size-large\"><a href=\"https:\/\/www.ecoitaliano.com.ar\/wp-content\/uploads\/2025\/09\/TCBO_2025-05-31_Dendievel-con-lOrchestra-del-TCBO_\u00a9Andrea-Ranzi.jpg\"><img decoding=\"async\" width=\"1024\" height=\"683\" data-id=\"79920\" src=\"https:\/\/www.ecoitaliano.com.ar\/wp-content\/uploads\/2025\/09\/TCBO_2025-05-31_Dendievel-con-lOrchestra-del-TCBO_\u00a9Andrea-Ranzi-1024x683.jpg\" alt=\"\" class=\"wp-image-79920\" srcset=\"https:\/\/www.ecoitaliano.com.ar\/wp-content\/uploads\/2025\/09\/TCBO_2025-05-31_Dendievel-con-lOrchestra-del-TCBO_\u00a9Andrea-Ranzi-1024x683.jpg 1024w, https:\/\/www.ecoitaliano.com.ar\/wp-content\/uploads\/2025\/09\/TCBO_2025-05-31_Dendievel-con-lOrchestra-del-TCBO_\u00a9Andrea-Ranzi-300x200.jpg 300w, https:\/\/www.ecoitaliano.com.ar\/wp-content\/uploads\/2025\/09\/TCBO_2025-05-31_Dendievel-con-lOrchestra-del-TCBO_\u00a9Andrea-Ranzi-768x512.jpg 768w, https:\/\/www.ecoitaliano.com.ar\/wp-content\/uploads\/2025\/09\/TCBO_2025-05-31_Dendievel-con-lOrchestra-del-TCBO_\u00a9Andrea-Ranzi-1536x1024.jpg 1536w, https:\/\/www.ecoitaliano.com.ar\/wp-content\/uploads\/2025\/09\/TCBO_2025-05-31_Dendievel-con-lOrchestra-del-TCBO_\u00a9Andrea-Ranzi-2048x1366.jpg 2048w, https:\/\/www.ecoitaliano.com.ar\/wp-content\/uploads\/2025\/09\/TCBO_2025-05-31_Dendievel-con-lOrchestra-del-TCBO_\u00a9Andrea-Ranzi-150x100.jpg 150w\" sizes=\"(max-width: 1024px) 100vw, 1024px\" \/><\/a><\/figure>\n\n\n\n<figure class=\"wp-block-image size-large\"><a href=\"https:\/\/www.ecoitaliano.com.ar\/wp-content\/uploads\/2025\/09\/TCBO_2025-05-31_Dendievel-con-lOrchestra-del-TCBO_2411_\u00a9Andrea-Ranzi.jpg\"><img decoding=\"async\" width=\"683\" height=\"1024\" data-id=\"79921\" src=\"https:\/\/www.ecoitaliano.com.ar\/wp-content\/uploads\/2025\/09\/TCBO_2025-05-31_Dendievel-con-lOrchestra-del-TCBO_2411_\u00a9Andrea-Ranzi-683x1024.jpg\" alt=\"\" class=\"wp-image-79921\" srcset=\"https:\/\/www.ecoitaliano.com.ar\/wp-content\/uploads\/2025\/09\/TCBO_2025-05-31_Dendievel-con-lOrchestra-del-TCBO_2411_\u00a9Andrea-Ranzi-683x1024.jpg 683w, https:\/\/www.ecoitaliano.com.ar\/wp-content\/uploads\/2025\/09\/TCBO_2025-05-31_Dendievel-con-lOrchestra-del-TCBO_2411_\u00a9Andrea-Ranzi-200x300.jpg 200w, https:\/\/www.ecoitaliano.com.ar\/wp-content\/uploads\/2025\/09\/TCBO_2025-05-31_Dendievel-con-lOrchestra-del-TCBO_2411_\u00a9Andrea-Ranzi-768x1152.jpg 768w, https:\/\/www.ecoitaliano.com.ar\/wp-content\/uploads\/2025\/09\/TCBO_2025-05-31_Dendievel-con-lOrchestra-del-TCBO_2411_\u00a9Andrea-Ranzi-1024x1536.jpg 1024w, https:\/\/www.ecoitaliano.com.ar\/wp-content\/uploads\/2025\/09\/TCBO_2025-05-31_Dendievel-con-lOrchestra-del-TCBO_2411_\u00a9Andrea-Ranzi-1366x2048.jpg 1366w, https:\/\/www.ecoitaliano.com.ar\/wp-content\/uploads\/2025\/09\/TCBO_2025-05-31_Dendievel-con-lOrchestra-del-TCBO_2411_\u00a9Andrea-Ranzi-100x150.jpg 100w, https:\/\/www.ecoitaliano.com.ar\/wp-content\/uploads\/2025\/09\/TCBO_2025-05-31_Dendievel-con-lOrchestra-del-TCBO_2411_\u00a9Andrea-Ranzi.jpg 1707w\" sizes=\"(max-width: 683px) 100vw, 683px\" \/><\/a><\/figure>\n<\/figure>\n","protected":false},"excerpt":{"rendered":"<p>Comunicato stampa TCBO: I TRENTENNI MARTIJN DENDIEVEL E KONSTANTIN EMELYANOV PER MUSORGSKIJ E BRAHMS Venerd\u00ec 26 settembre alle 20.30 all\u2019Auditorium [&hellip;]<\/p>\n","protected":false},"author":1,"featured_media":0,"comment_status":"open","ping_status":"open","sticky":false,"template":"","format":"standard","meta":{"footnotes":""},"categories":[1],"tags":[],"class_list":["post-79914","post","type-post","status-publish","format-standard","hentry","category-sin-categoria"],"_links":{"self":[{"href":"https:\/\/www.ecoitaliano.com.ar\/index.php?rest_route=\/wp\/v2\/posts\/79914","targetHints":{"allow":["GET"]}}],"collection":[{"href":"https:\/\/www.ecoitaliano.com.ar\/index.php?rest_route=\/wp\/v2\/posts"}],"about":[{"href":"https:\/\/www.ecoitaliano.com.ar\/index.php?rest_route=\/wp\/v2\/types\/post"}],"author":[{"embeddable":true,"href":"https:\/\/www.ecoitaliano.com.ar\/index.php?rest_route=\/wp\/v2\/users\/1"}],"replies":[{"embeddable":true,"href":"https:\/\/www.ecoitaliano.com.ar\/index.php?rest_route=%2Fwp%2Fv2%2Fcomments&post=79914"}],"version-history":[{"count":1,"href":"https:\/\/www.ecoitaliano.com.ar\/index.php?rest_route=\/wp\/v2\/posts\/79914\/revisions"}],"predecessor-version":[{"id":79922,"href":"https:\/\/www.ecoitaliano.com.ar\/index.php?rest_route=\/wp\/v2\/posts\/79914\/revisions\/79922"}],"wp:attachment":[{"href":"https:\/\/www.ecoitaliano.com.ar\/index.php?rest_route=%2Fwp%2Fv2%2Fmedia&parent=79914"}],"wp:term":[{"taxonomy":"category","embeddable":true,"href":"https:\/\/www.ecoitaliano.com.ar\/index.php?rest_route=%2Fwp%2Fv2%2Fcategories&post=79914"},{"taxonomy":"post_tag","embeddable":true,"href":"https:\/\/www.ecoitaliano.com.ar\/index.php?rest_route=%2Fwp%2Fv2%2Ftags&post=79914"}],"curies":[{"name":"wp","href":"https:\/\/api.w.org\/{rel}","templated":true}]}}