{"id":79942,"date":"2025-09-22T00:38:13","date_gmt":"2025-09-22T00:38:13","guid":{"rendered":"https:\/\/www.ecoitaliano.com.ar\/?p=79942"},"modified":"2025-09-22T00:38:13","modified_gmt":"2025-09-22T00:38:13","slug":"serena-conduce-operaclassica-eco-italiano-4655","status":"publish","type":"post","link":"https:\/\/www.ecoitaliano.com.ar\/?p=79942","title":{"rendered":"Serena conduce operaclassica eco italiano"},"content":{"rendered":"<div class=\"wp-block-image\">\n<figure class=\"aligncenter size-large is-resized\"><a href=\"http:\/\/www.ecoitaliano.com.ar\/wp-content\/uploads\/2025\/08\/TRP-24-Marchio-Teatro-Regio-Parma_Blu-scaled.png\"><img decoding=\"async\" width=\"1024\" height=\"724\" src=\"http:\/\/www.ecoitaliano.com.ar\/wp-content\/uploads\/2025\/08\/TRP-24-Marchio-Teatro-Regio-Parma_Blu-1024x724.png\" alt=\"\" class=\"wp-image-79022\" style=\"width:162px;height:auto\" srcset=\"https:\/\/www.ecoitaliano.com.ar\/wp-content\/uploads\/2025\/08\/TRP-24-Marchio-Teatro-Regio-Parma_Blu-1024x724.png 1024w, https:\/\/www.ecoitaliano.com.ar\/wp-content\/uploads\/2025\/08\/TRP-24-Marchio-Teatro-Regio-Parma_Blu-300x212.png 300w, https:\/\/www.ecoitaliano.com.ar\/wp-content\/uploads\/2025\/08\/TRP-24-Marchio-Teatro-Regio-Parma_Blu-768x543.png 768w, https:\/\/www.ecoitaliano.com.ar\/wp-content\/uploads\/2025\/08\/TRP-24-Marchio-Teatro-Regio-Parma_Blu-1536x1086.png 1536w, https:\/\/www.ecoitaliano.com.ar\/wp-content\/uploads\/2025\/08\/TRP-24-Marchio-Teatro-Regio-Parma_Blu-2048x1448.png 2048w, https:\/\/www.ecoitaliano.com.ar\/wp-content\/uploads\/2025\/08\/TRP-24-Marchio-Teatro-Regio-Parma_Blu-150x106.png 150w\" sizes=\"(max-width: 1024px) 100vw, 1024px\" \/><\/a><\/figure><\/div>\n\n\n<p><strong>IL SONNO UCCIDESTI<\/strong><\/p>\n\n\n\n<p><strong>Damiano Michieletto e Paolo Fantin firmano la nuova commissione del X Verdi Off<\/strong><\/p>\n\n\n\n<p>Alla <strong>Galleria S. Ludovico<\/strong> di Parma prende vita il progetto immersivo che d\u00e0 corpo, suono e luce al ritratto di un\u2019umanit\u00e0 travolta dalle proprie ossessioni, incarnata in <em>Macbeth<\/em>.<\/p>\n\n\n\n<p>Un\u2019esperienza da vivere mentre il mondo vacilla inesorabilmente e la musica di Verdi fa vibrare ogni cosa.<\/p>\n\n\n\n<p>Parma, Galleria San Ludovico<\/p>\n\n\n\n<p>Inaugurazione <strong>domenica<\/strong> <strong>21 settembre alle ore 18.30<\/strong><\/p>\n\n\n\n<p><strong>Visitabile dal 23 settembre al 19 ottobre<\/strong><\/p>\n\n\n\n<p>ingresso libero<\/p>\n\n\n\n<p><a><\/a><a><\/a><a>\u201cMacbeth \u00e8 il ritratto dell\u2019umanit\u00e0 affondata nelle proprie ossessioni che conducono all\u2019isolamento e al dolore psichico. \u00c8 la perdita di ogni possibilit\u00e0 di ascolto. Dalla bruma scozzese emergono voci e suoni, in una notte destinata a non finire mai perch\u00e9 Macbeth ha ucciso il sonno\u201d. Scrivono cos\u00ec <strong>Damiano Michieletto<\/strong> e <strong>Paolo Fantin <\/strong>che firmano il progetto <strong><em>Il sonno uccidesti <\/em><\/strong>nuova commissione del <strong>Verdi Off <\/strong>in occasione della X edizione, che inaugura <strong>domenica 21 settembre<\/strong> alle <strong>ore 18.30<\/strong> alla<strong> Galleria San Ludovico di Parma<\/strong>.<\/a><\/p>\n\n\n\n<p><em>Il sonno uccidesti <\/em>sar\u00e0 visitabile con ingresso libero <strong>dal 23 settembre al 19 ottobre 2025<\/strong>, durante tutto il Festival Verdi (mar-gio 19-21; ven 19-22; sab-dom 10-13 e 16-22).<\/p>\n\n\n\n<p>Affidare a Michieletto e Fantin questo progetto significa puntare su due protagonisti della scena lirica contemporanea, capaci di offrire da anni letture originali e spiazzanti. La loro poetica rispecchia pienamente lo spirito del Verdi Off, che nel corso degli ultimi dieci anni ha fatto della multidisciplinariet\u00e0 e dell\u2019apertura a linguaggi non convenzionali la sua cifra distintiva. Il tema prescelto non poteva che essere uno dei nuclei pi\u00f9 forti della drammaturgia verdiana: l\u2019ossessione del potere, che in <em>Macbeth<\/em> raggiunge uno dei vertici dello scavo psicologico del compositore.<\/p>\n\n\n\n<p>Il progetto si avvale della collaborazione del light designer <strong>Alessandro Carletti<\/strong> e del sound designer <strong>Michele Braga<\/strong>. Parte centrale dell\u2019opera \u00e8 la scultura iperrealista realizzata da <strong>Leonardo Cruciano<\/strong>, vincitore del David di Donatello con la sua Imaginari Factory, casa di produzione di effetti speciali cinematografici.<\/p>\n\n\n\n<p>Al centro dello spazio una vasca nella quale sta Macbeth, figura umana iperrealistica che sembra sprofondare in un abisso di acqua nera seduto su una poltrona, simbolo per eccellenza del potere. Lo specchio d\u2019acqua \u00e8 agitato dalle vibrazioni della musica verdiana prodotta da speciali altoparlanti posti al di sotto della grande vasca. Sopra di lui, frammenti sospesi di specchi, che evocano il suo mondo esploso, un palazzo di cristallo andato in frantumi. \u00abAbbiamo intitolato il progetto <em>Il sonno uccidesti<\/em> dal libretto verdiano perch\u00e9 sintetizza al meglio l\u2019idea di ossessione \u2013 spiega Damiano Michieletto. Macbeth vive in una notte infinita, dove il tempo non scorre e non esiste tregua. L\u2019acqua scura che lo inghiotte \u00e8 un incubo in continuo movimento, alimentato dalla sua ambizione sconfinata. Sopra di lui, lame di specchi minacciano la caduta del mondo che aveva costruito: il suo peggior incubo che adesso guarda con i suoi stessi occhi\u00bb.<\/p>\n\n\n\n<p>Il progetto non rappresenta un personaggio, ma trasforma lo spazio in un\u2019esperienza immersiva grazie anche al light design teatrale, capace di evocare l\u2019incubo eterno di Macbeth. L\u2019ossessione diventa un paesaggio interiore tangibile, dentro il quale il pubblico \u00e8 invitato a entrare e a riconoscere un riflesso della propria condizione. \u00abIl teatro \u00e8 sempre presente nel nostro lavoro \u2013 racconta Paolo Fantin \u2013 ma qui lo spazio scenico si traduce in uno stato d\u2019animo. Macbeth \u00e8 un corpo, una figura, ma anche l\u2019immagine universale dell\u2019ossessione che tutti conosciamo: lo stress di una societ\u00e0 che pretende perfezione, la brama di potere che diventa assoluta e totalizzante\u00bb.<\/p>\n\n\n\n<p>Michieletto e Fantin gi\u00e0 nel 2022 hanno portato la loro ricerca oltre i confini del palcoscenico, alla Biennale di Venezia, con <em>Arch\u00e8us. Labirinto Mozart<\/em>, accolta con grande successo. Anche in quel caso, traducendo emozioni e visioni interiori in spazi concreti, capaci di dialogare direttamente con lo spettatore.<\/p>\n\n\n\n<p>Con <em>Il sonno uccidesti<\/em> il dramma shakespeariano diventa dimensione sospesa, e la musica di Verdi materia che vibra, acqua che ingoia, specchio che si infrange. L\u2019opera capace di generare immagini nuove e di parlare al presente.<\/p>\n\n\n\n<p><strong>PARTNER E SPONSOR<\/strong><\/p>\n\n\n\n<p><a><em>Il Festival Verdi \u00e8 realizzato grazie al contributo di<\/em><\/a> <a>Ministero della Cultura, Regione Emilia-Romagna, Reggio Parma Festival, Comune di Parma<\/a>. <em>Major partner<\/em> Fondazione Cariparma. <em>Main<\/em> <em>partner <\/em>Chiesi. <em>Cultural partner <\/em>Cr\u00e9dit Agricole.<em> Media partner<\/em> Mediaset Publitalia \u201980. <em>Main<\/em> <em>sponsor<\/em> Iren, Barilla. <em>Sponsor<\/em> Unione Parmense degli Industriali, Opem, Dallara, Agugiaro e Figna, Mutti, Amoretti. <em>Educational partner<\/em> Parmalat. <em>Sostenitori<\/em> <a>La Giovane, Glove ICT, Grasselli, Cavalca, CePIM, Bstr\u00f2, Parmacotto, Sicim, Colser, Delicius.<em> Mobility partner <\/em>Tep. <em>Tour Operator Partner<\/em> Parma Incoming. <em>Radio Ufficiale<\/em> Radio Monte Carlo.<em> Fairplay Partner <\/em>Zebre Parma.<em> Wine partner <\/em>Oinoe.<em> Digital counselling<\/em> Unsocials.<em> Con il supporto di <\/em>\u201cParma, io ci sto!\u201d.<em> Legal counselling <\/em>Villa&amp;Partners.<em> Partner scientifico <\/em>Istituto Nazionale di Studi Verdiani.<em> Special thanks to <\/em>International Friends of Festival Verdi.<em> Con il contributo di <\/em>Comune di Busseto, Ascom e Ascom Confcommercio Parma Fondazione, Camera di Commercio dell\u2019Emilia, Fondazione Monte Parma.<\/a> <em>Sostenitori tecnici<\/em> <a>DS Solutions, Milosped, Teamwork, Graphital. <em>Partner artistici e istituzionali<\/em> Coro del Teatro Regio di Parma, Conservatorio \u201cArrigo Boito\u201d di Parma, Societ\u00e0 dei Concerti di Parma, La Toscanini. <\/a><em>Il Teatro Regio aderisce a <\/em>Parma Citt\u00e0 Climate Neutral 2023<em>, <\/em>Fedora, Opera Europa, Opera Vision, Emilia taste, nature &amp; culture.<\/p>\n\n\n\n<p><a><strong>CALENDARIO DEGLI APPUNTAMENTI<\/strong><\/a><\/p>\n\n\n\n<p><strong>Parma, Galleria San Ludovico <\/strong>(b.go del Parmigianino 2)<\/p>\n\n\n\n<p>domenica 21 settembre 2025, ore 18.30 inaugurazione<\/p>\n\n\n\n<p>dal 23 settembre al 19 ottobre 2025 mar-gio 19-21 | ven 19-22 | sab e dom 10-13 e 16-22<\/p>\n\n\n\n<p><strong>IL SONNO UCCIDESTI<\/strong><\/p>\n\n\n\n<p><strong>Parma, Fornici del Teatro Regio di Parma<\/strong><\/p>\n\n\n\n<p>Dal 20 settembre al 19 ottobre 2025, ore 13.00<\/p>\n\n\n\n<p><strong>CUC\u00d9 VERDIANO<\/strong><\/p>\n\n\n\n<p><strong>Parma, B.go Guazzo 20\/A<\/strong><\/p>\n\n\n\n<p>sabato 20 Settembre 2025, dalle 17.00 alle 20.00 inaugurazione:<\/p>\n\n\n\n<p>dal 21 settembre al 19 ottobre 2025 lun-venerd\u00ec, dalle 15 alle 19;<\/p>\n\n\n\n<p>al mattino visite su appuntamento<\/p>\n\n\n\n<p><strong>VIVA VERDI!<\/strong><\/p>\n\n\n\n<p><strong>SETTEMBRE<\/strong><\/p>\n\n\n\n<p>sab 6&nbsp;&nbsp;&nbsp;&nbsp;&nbsp; ore 17.00&nbsp;&nbsp; Ridotto del Teatro Regio <strong>OTELLO<\/strong> Prima che si alzi il sipario<\/p>\n\n\n\n<p>sab 13&nbsp;&nbsp;&nbsp; ore 17.00&nbsp;&nbsp; Ridotto del Teatro Regio <strong>FALSTAFF<\/strong> Prima che si alzi il sipario<\/p>\n\n\n\n<p>dom 14&nbsp;&nbsp; ore 21.00&nbsp;&nbsp; Busseto Casa Barezzi <strong>MACBETH<\/strong> Prima che si alzi il sipario<\/p>\n\n\n\n<p>ven 19&nbsp;&nbsp;&nbsp; ore 21.00&nbsp;&nbsp; Associazione Parma Lirica <strong>IL CORO PROVA OTELLO<\/strong><\/p>\n\n\n\n<p><a>sab 20<\/a><a>&nbsp;&nbsp;&nbsp; ore 15.00&nbsp;&nbsp; Teatro Regio <strong>OTELLO<\/strong> prova Under30<\/a><\/p>\n\n\n\n<p>&nbsp;&nbsp;&nbsp;&nbsp;&nbsp;&nbsp;&nbsp;&nbsp;&nbsp;&nbsp;&nbsp;&nbsp;&nbsp; ore 18.00&nbsp;&nbsp; Centro storico <strong>VERDI STREET PARADE<\/strong><\/p>\n\n\n\n<p>&nbsp;&nbsp;&nbsp;&nbsp;&nbsp;&nbsp;&nbsp;&nbsp;&nbsp;&nbsp;&nbsp;&nbsp;&nbsp; ore 20.00&nbsp;&nbsp; Complesso Pilotta <strong>22.2.22<\/strong> (replica ogni 30\u2019 fino alle 0.30)<\/p>\n\n\n\n<p>dom 21<a>&nbsp;&nbsp; ore 10.00, 16.00&nbsp; Piazzale Picelli <\/a><strong>STORIE APPESE A UN FILO<\/strong><\/p>\n\n\n\n<p>&nbsp;&nbsp;&nbsp;&nbsp;&nbsp;&nbsp;&nbsp;&nbsp;&nbsp;&nbsp;&nbsp;&nbsp;&nbsp; ore 11.00&nbsp;&nbsp; Quartiere Cittadella <strong>VERDI SOTTO CASA<\/strong><\/p>\n\n\n\n<p>&nbsp;&nbsp;&nbsp;&nbsp;&nbsp;&nbsp;&nbsp;&nbsp;&nbsp;&nbsp;&nbsp;&nbsp;&nbsp; ore 12.00&nbsp;&nbsp; Busseto Balcone Municipio <a><strong>CUC\u00d9 VERDIANO<\/strong><\/a><\/p>\n\n\n\n<p>lun 22&nbsp;&nbsp;&nbsp;&nbsp; ore 10.00&nbsp;&nbsp; Piazzale Picelli <strong>VERDI GIUSEPPE, LA PICCOLA STORIA\u2026<\/strong><\/p>\n\n\n\n<p><a>&nbsp;&nbsp;&nbsp;&nbsp;&nbsp;&nbsp;&nbsp;&nbsp;&nbsp;&nbsp;&nbsp;&nbsp;&nbsp; ore 15.30&nbsp;&nbsp; Teatro Regio <strong>OTELLO<\/strong> prova aperta<\/a><\/p>\n\n\n\n<p>&nbsp;&nbsp;&nbsp;&nbsp;&nbsp;&nbsp;&nbsp;&nbsp;&nbsp;&nbsp;&nbsp;&nbsp;&nbsp; ore 18.00<a>&nbsp;&nbsp; <\/a>Quartiere Santa Margherita <strong>VERDI SOTTO CASA<\/strong><\/p>\n\n\n\n<p>mar 23<a>&nbsp;&nbsp;&nbsp; ore 10.00&nbsp;&nbsp; Piazzale Picelli <\/a><strong>GIACOMO PUCCINI DAL SUO LAGO\u2026<\/strong><\/p>\n\n\n\n<p>mer 24<a>&nbsp;&nbsp;&nbsp; ore 10.00&nbsp;&nbsp; Piazzale Picelli <\/a><strong>ROSSINI PER BAMBINI UNA RICETTA\u2026<\/strong><strong><\/strong><\/p>\n\n\n\n<p>&nbsp;&nbsp;&nbsp;&nbsp;&nbsp;&nbsp;&nbsp;&nbsp;&nbsp;&nbsp;&nbsp;&nbsp;&nbsp; ore 18.30&nbsp;&nbsp; Palazzo Soragna <strong>JAZZ\u2019ON PARMA<\/strong><\/p>\n\n\n\n<p>gio 25&nbsp;&nbsp;&nbsp;&nbsp; ore 10.00&nbsp;&nbsp; Piazzale Picelli <strong>INVENTOPERA<\/strong><\/p>\n\n\n\n<p>&nbsp;&nbsp;&nbsp;&nbsp;&nbsp;&nbsp;&nbsp;&nbsp;&nbsp;&nbsp;&nbsp;&nbsp;&nbsp; ore 20.00&nbsp;&nbsp; Busseto Teatro Verdi<strong> MACBETH<\/strong> prova aperta<\/p>\n\n\n\n<p>ven 26<a>&nbsp;&nbsp;&nbsp; ore 12.00&nbsp;&nbsp; Gran Caff\u00e8 del teatro <strong>CAF\u00c9 CONCERTO<\/strong><\/a><\/p>\n\n\n\n<p>&nbsp;&nbsp;&nbsp;&nbsp;&nbsp;&nbsp;&nbsp;&nbsp;&nbsp;&nbsp;&nbsp;&nbsp;&nbsp; ore 18.30&nbsp;&nbsp; La Bottega Barilla <strong>VERDINJAZZ<\/strong><\/p>\n\n\n\n<p>&nbsp;&nbsp;&nbsp;&nbsp;&nbsp;&nbsp;&nbsp;&nbsp;&nbsp;&nbsp;&nbsp;&nbsp;&nbsp; ore 19.00&nbsp;&nbsp; Piazzale del Teatro Regio <strong>VERDI A PASSO DI DANZA<\/strong><\/p>\n\n\n\n<p>&nbsp;&nbsp;&nbsp;&nbsp;&nbsp;&nbsp;&nbsp;&nbsp;&nbsp;&nbsp;&nbsp;&nbsp;&nbsp; ore 20.00&nbsp;&nbsp; Teatro Regio <strong>OTELLO<\/strong><\/p>\n\n\n\n<p>sab 27&nbsp;&nbsp;&nbsp; ore 10.30, 11.45 Piazzale Picelli <strong>CORPO IN MUSICA PICCOLI FALSTAFF\u2026<a><\/a><\/strong><\/p>\n\n\n\n<p>&nbsp;&nbsp;&nbsp;&nbsp;&nbsp;&nbsp;&nbsp;&nbsp;&nbsp;&nbsp;&nbsp;&nbsp;&nbsp; ore 12.00&nbsp;&nbsp; Fidenza Agrinascente Silvano Romani <strong>CUC\u00d9 VERDIANO<\/strong><\/p>\n\n\n\n<p>&nbsp;&nbsp;&nbsp;&nbsp;&nbsp;&nbsp;&nbsp;&nbsp;&nbsp;&nbsp;&nbsp;&nbsp;&nbsp; ore 13.00&nbsp;&nbsp; Fidenza, KM90 RistoBottega Emiliana <strong>CUC\u00d9 VERDIANO<\/strong><\/p>\n\n\n\n<p>&nbsp;&nbsp;&nbsp;&nbsp;&nbsp;&nbsp;&nbsp;&nbsp;&nbsp;&nbsp;&nbsp;&nbsp;&nbsp; ore 15.00<strong>&nbsp;&nbsp; <\/strong>Quartiere SPIP<strong>VERDI SPIP PARADE<\/strong><\/p>\n\n\n\n<p>&nbsp;&nbsp;&nbsp;&nbsp;&nbsp;&nbsp;&nbsp;&nbsp;&nbsp;&nbsp;&nbsp;&nbsp;&nbsp; ore 17.00&nbsp;&nbsp; Ridotto del Teatro Regio <strong>CORI AL RIDOTTO<\/strong> Voci bianche Ars Canto<\/p>\n\n\n\n<p>&nbsp;&nbsp;&nbsp;&nbsp;&nbsp;&nbsp;&nbsp;&nbsp;&nbsp;&nbsp;&nbsp;&nbsp;&nbsp; ore 17.00&nbsp;&nbsp; Colonne 28 <strong>GALA IN NERO<\/strong><\/p>\n\n\n\n<p>&nbsp;&nbsp;&nbsp;&nbsp;&nbsp;&nbsp;&nbsp;&nbsp;&nbsp;&nbsp;&nbsp;&nbsp;&nbsp; ore 20.00&nbsp;&nbsp; Busseto Teatro Verdi<strong> MACBETH<\/strong><\/p>\n\n\n\n<p>&nbsp;&nbsp;&nbsp;&nbsp;&nbsp;&nbsp;&nbsp;&nbsp;&nbsp;&nbsp;&nbsp;&nbsp;&nbsp; ore 21.30&nbsp;&nbsp; Borgo Santa Brigida <strong>OFFICINA DEL BATTAGLIERO<\/strong><\/p>\n\n\n\n<p>dom 28<a><\/a><a>&nbsp;&nbsp; ore 12.00&nbsp;&nbsp; Palazzo Ducale <strong>MEZZOGIORNO IN MUSICA<\/strong><\/a><\/p>\n\n\n\n<p>&nbsp;&nbsp;&nbsp;&nbsp;&nbsp;&nbsp;&nbsp;&nbsp;&nbsp;&nbsp;&nbsp;&nbsp;&nbsp; ore 12.00&nbsp;&nbsp; Busseto Balcone Municipio <strong>CUC\u00d9 VERDIANO<\/strong><\/p>\n\n\n\n<p>&nbsp;&nbsp;&nbsp;&nbsp;&nbsp;&nbsp;&nbsp;&nbsp;&nbsp;&nbsp;&nbsp;&nbsp;&nbsp; ore 15.30&nbsp;&nbsp; Quartiere San Leonardo <strong>CON VERDI A SPASSO DI BANDA<\/strong><\/p>\n\n\n\n<p>&nbsp;&nbsp;&nbsp;&nbsp;&nbsp;&nbsp;&nbsp;&nbsp;&nbsp;&nbsp;&nbsp;&nbsp;&nbsp; ore 16.00, 17.15&nbsp;&nbsp; Piazzale Picelli <strong>CORPO IN MUSICA PICCOLI FALSTAFF\u2026<\/strong><\/p>\n\n\n\n<p>&nbsp;&nbsp;&nbsp;&nbsp;&nbsp;&nbsp;&nbsp;&nbsp;&nbsp;&nbsp;&nbsp;&nbsp;&nbsp; ore 17.00&nbsp;&nbsp; Lostello <strong>OPERA GUITTA<\/strong><\/p>\n\n\n\n<p>&nbsp;&nbsp;&nbsp;&nbsp;&nbsp;&nbsp;&nbsp;&nbsp;&nbsp;&nbsp;&nbsp;&nbsp;&nbsp; ore 17.00<a>&nbsp;&nbsp; <\/a>Ridotto del Teatro Regio <strong>CORI AL RIDOTTO<\/strong> Voci bianche corale Verdi<\/p>\n\n\n\n<p>&nbsp;&nbsp;&nbsp;&nbsp;&nbsp;&nbsp;&nbsp;&nbsp;&nbsp;&nbsp;&nbsp;&nbsp;&nbsp; ore 18.00&nbsp;&nbsp; OniricArt <strong>VERDI<\/strong> <strong>dreamART<\/strong><\/p>\n\n\n\n<p><a>&nbsp;&nbsp;&nbsp;&nbsp;&nbsp;&nbsp;&nbsp;&nbsp;&nbsp;&nbsp;&nbsp;&nbsp;&nbsp; ore 20.30<strong>&nbsp;&nbsp; <\/strong>Auditorium Paganini<strong> TIMON \u00c9TUDES<\/strong><\/a><\/p>\n\n\n\n<p>lun 29&nbsp;&nbsp;&nbsp;&nbsp; ore 10.00&nbsp;&nbsp; Piazzale Picelli <strong>VERDI GIUSEPPE, LA PICCOLA STORIA\u2026<\/strong><strong><\/strong><\/p>\n\n\n\n<p>&nbsp;&nbsp;&nbsp;&nbsp;&nbsp;&nbsp;&nbsp;&nbsp;&nbsp;&nbsp;&nbsp;&nbsp;&nbsp; ore 18.00&nbsp;&nbsp; Corale Verdi <strong>CASA<\/strong> <strong>VERDI<\/strong><\/p>\n\n\n\n<p>mar 30&nbsp;&nbsp;&nbsp; ore 10.00&nbsp;&nbsp; Piazzale Picelli <strong>GIACOMO PUCCINI DAL SUO LAGO\u2026<\/strong><\/p>\n\n\n\n<p>&nbsp;&nbsp;&nbsp;&nbsp;&nbsp;&nbsp;&nbsp;&nbsp;&nbsp;&nbsp;&nbsp;&nbsp;&nbsp; ore 20.30&nbsp;&nbsp; Ridotto del Teatro Regio <strong>ASPETTANDO FALSTAFF<\/strong><\/p>\n\n\n\n<p><strong>OTTOBRE<\/strong><\/p>\n\n\n\n<p>mer 1&nbsp;&nbsp;&nbsp;&nbsp;&nbsp; ore 10.00&nbsp;&nbsp; Piazzale Picelli <strong>ROSSINI PER BAMBINI UNA RICETTA\u2026<\/strong><\/p>\n\n\n\n<p>&nbsp;&nbsp;&nbsp;&nbsp;&nbsp;&nbsp;&nbsp;&nbsp;&nbsp;&nbsp;&nbsp;&nbsp;&nbsp; ore 20.00&nbsp;&nbsp; Teatro Regio <strong>FALSTAFF<\/strong> prova Under30<\/p>\n\n\n\n<p>gio 2&nbsp;&nbsp;&nbsp;&nbsp;&nbsp;&nbsp; ore 10.00&nbsp;&nbsp; Piazzale Picelli <strong>INVENTOPERA<\/strong><\/p>\n\n\n\n<p>&nbsp;&nbsp;&nbsp;&nbsp;&nbsp;&nbsp;&nbsp;&nbsp;&nbsp;&nbsp;&nbsp;&nbsp;&nbsp; ore 10.00&nbsp;&nbsp; Felino, San Michele Tiorre <strong>VERDI GIUSEPPE, LA PICCOLA STORIA\u2026<\/strong><\/p>\n\n\n\n<p>&nbsp;&nbsp;&nbsp;&nbsp;&nbsp;&nbsp;&nbsp;&nbsp;&nbsp;&nbsp;&nbsp;&nbsp;&nbsp; ore 20.30&nbsp;&nbsp; Busseto <strong>VERDI, SCHUMANN, FACCIO E SHAKESPEARE<\/strong><\/p>\n\n\n\n<p>ven 3&nbsp;&nbsp;&nbsp;&nbsp;&nbsp; ore 10.00&nbsp;&nbsp; Collecchio <strong>VERDI GIUSEPPE, LA PICCOLA STORIA\u2026<\/strong><\/p>\n\n\n\n<p>&nbsp;&nbsp;&nbsp;&nbsp;&nbsp;&nbsp;&nbsp;&nbsp;&nbsp;&nbsp;&nbsp;&nbsp;&nbsp; ore 12.00&nbsp;&nbsp; Gran Caff\u00e8 del teatro <strong>CAF\u00c9 CONCERTO<\/strong><\/p>\n\n\n\n<p>&nbsp;&nbsp;&nbsp;&nbsp;&nbsp;&nbsp;&nbsp;&nbsp;&nbsp;&nbsp;&nbsp;&nbsp;&nbsp; ore 18.00&nbsp;&nbsp; Chiesa di San Giovanni Evangelista <strong>VERDI SACRO<\/strong><\/p>\n\n\n\n<p>&nbsp;&nbsp;&nbsp;&nbsp;&nbsp;&nbsp;&nbsp;&nbsp;&nbsp;&nbsp;&nbsp;&nbsp;&nbsp; ore 18.00&nbsp;&nbsp; Traversetolo Porticato Corte Agresti <strong>MAS-TRIO<\/strong><\/p>\n\n\n\n<p>&nbsp;&nbsp;&nbsp;&nbsp;&nbsp;&nbsp;&nbsp;&nbsp;&nbsp;&nbsp;&nbsp;&nbsp;&nbsp; ore 19.00&nbsp;&nbsp; Piazzale del Teatro Regio <strong>VERDI A PASSO DI DANZA<\/strong><\/p>\n\n\n\n<p>&nbsp;&nbsp;&nbsp;&nbsp;&nbsp;&nbsp;&nbsp;&nbsp;&nbsp;&nbsp;&nbsp;&nbsp;&nbsp; ore 20.00&nbsp;&nbsp; Teatro Regio<strong> FALSTAFF<\/strong><\/p>\n\n\n\n<p>&nbsp;&nbsp;&nbsp;&nbsp;&nbsp;&nbsp;&nbsp;&nbsp;&nbsp;&nbsp;&nbsp;&nbsp;&nbsp; ore 21.30&nbsp;&nbsp; Borgo Santa Brigida <strong>BELLA WAKAME<\/strong><\/p>\n\n\n\n<p>&nbsp;&nbsp;&nbsp;&nbsp;&nbsp;&nbsp;&nbsp;&nbsp;&nbsp;&nbsp;&nbsp;&nbsp;&nbsp; ore 21.30-24.00 Ex Casa del Biscotto <strong>A LETTO CON VERDI<\/strong><\/p>\n\n\n\n<p>sab 4&nbsp;&nbsp;&nbsp;&nbsp;&nbsp; ore 10.00-13.00, 16.00-18.00 Palazzo dei Ministeri <strong>INCONFESSABILE VERDI<\/strong><\/p>\n\n\n\n<p>&nbsp;&nbsp;&nbsp;&nbsp;&nbsp;&nbsp;&nbsp;&nbsp;&nbsp;&nbsp;&nbsp;&nbsp;&nbsp; ore 10.00&nbsp;&nbsp; Varano de\u2019 Melegari <strong>VERDI GIUSEPPE, LA PICCOLA STORIA\u2026<\/strong><\/p>\n\n\n\n<p>&nbsp;&nbsp;&nbsp;&nbsp;&nbsp;&nbsp;&nbsp;&nbsp;&nbsp;&nbsp;&nbsp;&nbsp;&nbsp; ore 11.00&nbsp;&nbsp; OniricArt <strong>CONCERTO ACCADEMIA VERDIANA<\/strong><\/p>\n\n\n\n<p>&nbsp;&nbsp;&nbsp;&nbsp;&nbsp;&nbsp;&nbsp;&nbsp;&nbsp;&nbsp;&nbsp;&nbsp;&nbsp; ore 12.00&nbsp;&nbsp; Fidenza Agrinascente Silvano Romani <strong>CUC\u00d9 VERDIANO<\/strong><\/p>\n\n\n\n<p>&nbsp;&nbsp;&nbsp;&nbsp;&nbsp;&nbsp;&nbsp;&nbsp;&nbsp;&nbsp;&nbsp;&nbsp;&nbsp; ore 13.00&nbsp;&nbsp; Fidenza, KM90 RistoBottega Emiliana <strong>CUC\u00d9 VERDIANO<\/strong><\/p>\n\n\n\n<p>&nbsp;&nbsp;&nbsp;&nbsp;&nbsp;&nbsp;&nbsp;&nbsp;&nbsp;&nbsp;&nbsp;&nbsp;&nbsp; ore 16.00&nbsp;&nbsp; Piazzale Picelli <strong>GERONIMO STILTON Il mio amico Verdi<\/strong><\/p>\n\n\n\n<p>&nbsp;&nbsp;&nbsp;&nbsp;&nbsp;&nbsp;&nbsp;&nbsp;&nbsp;&nbsp;&nbsp;&nbsp;&nbsp; ore 18.30&nbsp;&nbsp; Varano de\u2019 Melegari Fondazione Caterina Dallara <strong>UN TRIO PER VERDI<\/strong><\/p>\n\n\n\n<p>&nbsp;&nbsp;&nbsp;&nbsp;&nbsp;&nbsp;&nbsp;&nbsp;&nbsp;&nbsp;&nbsp;&nbsp;&nbsp; ore 19.00&nbsp;&nbsp; Piazzale del Teatro Regio <strong>VERDI A PASSO DI DANZA<\/strong><\/p>\n\n\n\n<p>&nbsp;&nbsp;&nbsp;&nbsp;&nbsp;&nbsp;&nbsp;&nbsp;&nbsp;&nbsp;&nbsp;&nbsp;&nbsp; ore 20.00&nbsp;&nbsp; Busseto Teatro Verdi<strong> MACBETH<\/strong><\/p>\n\n\n\n<p>&nbsp;&nbsp;&nbsp;&nbsp;&nbsp;&nbsp;&nbsp;&nbsp;&nbsp;&nbsp;&nbsp;&nbsp;&nbsp; ore 21.30-24.00 Ex Casa del Biscotto <strong>A LETTO CON VERDI<\/strong><\/p>\n\n\n\n<p>dom 5&nbsp;&nbsp;&nbsp;&nbsp; ore 10.00-13.00, 16.00-18.00 Palazzo dei Ministeri <strong>INCONFESSABILE VERDI<\/strong><\/p>\n\n\n\n<p>&nbsp;&nbsp;&nbsp;&nbsp;&nbsp;&nbsp;&nbsp;&nbsp;&nbsp;&nbsp;&nbsp;&nbsp;&nbsp; ore 12.00&nbsp;&nbsp; Palazzo Ducale <strong>MEZZOGIORNO IN MUSICA<\/strong><\/p>\n\n\n\n<p>&nbsp;&nbsp;&nbsp;&nbsp;&nbsp;&nbsp;&nbsp;&nbsp;&nbsp;&nbsp;&nbsp;&nbsp;&nbsp; ore 12.00 &nbsp; Busseto Balcone Municipio <strong>CUC\u00d9 VERDIANO<\/strong><\/p>\n\n\n\n<p>&nbsp;&nbsp;&nbsp;&nbsp;&nbsp;&nbsp;&nbsp;&nbsp;&nbsp;&nbsp;&nbsp;&nbsp;&nbsp; ore 15.30<strong>&nbsp;&nbsp; <\/strong>Teatro Regio <strong>OTELLO<\/strong><\/p>\n\n\n\n<p>&nbsp;&nbsp;&nbsp;&nbsp;&nbsp;&nbsp;&nbsp;&nbsp;&nbsp;&nbsp;&nbsp;&nbsp;&nbsp; ore 16.00 &nbsp; Piazzale Picelli <strong>IL FLAUTO MAGICO<\/strong><\/p>\n\n\n\n<p>&nbsp;&nbsp;&nbsp;&nbsp;&nbsp;&nbsp;&nbsp;&nbsp;&nbsp;&nbsp;&nbsp;&nbsp;&nbsp; ore 16.00&nbsp;&nbsp; Museo Glauco Lombardi <strong>NEL SEGNO DEI MAGNIFICI CINQUE<\/strong><\/p>\n\n\n\n<p>&nbsp;&nbsp;&nbsp;&nbsp;&nbsp;&nbsp;&nbsp;&nbsp;&nbsp;&nbsp;&nbsp;&nbsp;&nbsp; ore 17.30&nbsp;&nbsp; Montechiarugolo Villa la Vignazza <strong>TRIO SPEZIE<\/strong><\/p>\n\n\n\n<p>&nbsp;&nbsp;&nbsp;&nbsp;&nbsp;&nbsp;&nbsp;&nbsp;&nbsp;&nbsp;&nbsp;&nbsp;&nbsp; ore 21.00<strong>&nbsp;&nbsp; <\/strong>Teatro Farnese<strong> OUVERTURE<\/strong><\/p>\n\n\n\n<p>&nbsp;&nbsp;&nbsp;&nbsp;&nbsp;&nbsp;&nbsp;&nbsp;&nbsp;&nbsp;&nbsp;&nbsp;&nbsp; ore 21.30-24.00 Ex Casa del Biscotto <strong>A LETTO CON VERDI<\/strong><\/p>\n\n\n\n<p><a>lun 6 &nbsp;&nbsp;&nbsp;&nbsp;&nbsp; ore 10.00&nbsp;&nbsp; Piazzale Picelli <\/a><strong>VERDI GIUSEPPE, LA PICCOLA STORIA\u2026<\/strong><strong><\/strong><\/p>\n\n\n\n<p>mar 7&nbsp;&nbsp;&nbsp;&nbsp;&nbsp; ore 10.00&nbsp;&nbsp; Piazzale Picelli <strong>GIACOMO PUCCINI DAL SUO LAGO\u2026<\/strong><\/p>\n\n\n\n<p>&nbsp;&nbsp;&nbsp;&nbsp;&nbsp;&nbsp;&nbsp;&nbsp;&nbsp;&nbsp;&nbsp;&nbsp;&nbsp; ore 14.30&nbsp;&nbsp; Ridotto Teatro Regio <strong>COME SI CANTAVA VERDI?<\/strong><\/p>\n\n\n\n<p>&nbsp;&nbsp;&nbsp;&nbsp;&nbsp;&nbsp;&nbsp;&nbsp;&nbsp;&nbsp;&nbsp;&nbsp;&nbsp; ore 20:00&nbsp;&nbsp; Lenz Teatro <strong>DISDEMONA<\/strong><\/p>\n\n\n\n<p>mer 8 &nbsp;&nbsp;&nbsp;&nbsp; ore 10.00&nbsp;&nbsp; Piazzale Picelli <strong>ROSSINI PER BAMBINI UNA RICETTA\u2026<\/strong><\/p>\n\n\n\n<p>&nbsp;&nbsp;&nbsp;&nbsp;&nbsp;&nbsp;&nbsp;&nbsp;&nbsp;&nbsp;&nbsp;&nbsp;&nbsp; ore 10.00&nbsp;&nbsp; Busseto <strong>IMPARARE<\/strong> <strong>A SCRIVERE CON VERDI E GUARESCHI<\/strong><\/p>\n\n\n\n<p>&nbsp;&nbsp;&nbsp;&nbsp;&nbsp;&nbsp;&nbsp;&nbsp;&nbsp;&nbsp;&nbsp;&nbsp;&nbsp; ore 19:00&nbsp;&nbsp; Lenz Teatro<strong> DISDEMONA<\/strong><\/p>\n\n\n\n<p>&nbsp;&nbsp;&nbsp;&nbsp;&nbsp;&nbsp;&nbsp;&nbsp;&nbsp;&nbsp;&nbsp;&nbsp;&nbsp; ore 20.30<strong>&nbsp;&nbsp; <\/strong>Teatro Regio <strong>CONCERTO ACCADEMIA VERDIANA<\/strong><\/p>\n\n\n\n<p>gio 9 &nbsp;&nbsp;&nbsp;&nbsp;&nbsp; ore 10.00&nbsp;&nbsp; Piazzale Picelli <strong>INVENTOPERA<\/strong><\/p>\n\n\n\n<p>&nbsp;&nbsp;&nbsp;&nbsp;&nbsp;&nbsp;&nbsp;&nbsp;&nbsp;&nbsp;&nbsp;&nbsp;&nbsp; ore 10.00&nbsp;&nbsp; Traversetolo <strong>VERDI GIUSEPPE, LA PICCOLA STORIA\u2026<\/strong><\/p>\n\n\n\n<p>&nbsp;&nbsp;&nbsp;&nbsp;&nbsp;&nbsp;&nbsp;&nbsp;&nbsp;&nbsp;&nbsp;&nbsp;&nbsp; ore 20.00&nbsp;&nbsp; Lenz Teatro<strong> DISDEMONA<\/strong><\/p>\n\n\n\n<p>&nbsp;&nbsp;&nbsp;&nbsp;&nbsp;&nbsp;&nbsp;&nbsp;&nbsp;&nbsp;&nbsp;&nbsp;&nbsp; ore 20.00&nbsp;&nbsp; Busseto Teatro Verdi<strong> MACBETH<\/strong><\/p>\n\n\n\n<p>&nbsp;&nbsp;&nbsp;&nbsp;&nbsp;&nbsp;&nbsp;&nbsp;&nbsp;&nbsp;&nbsp;&nbsp;&nbsp; ore 21.00&nbsp;&nbsp; OniricArt <strong>CORPO D\u2019OPERA<\/strong><\/p>\n\n\n\n<p>ven 10<a>&nbsp;&nbsp;&nbsp; ore 10.00&nbsp;&nbsp; Basilicagoiano <\/a><strong>VERDI GIUSEPPE, LA PICCOLA STORIA\u2026<\/strong><\/p>\n\n\n\n<p>&nbsp;&nbsp;&nbsp;&nbsp;&nbsp;&nbsp;&nbsp;&nbsp;&nbsp;&nbsp;&nbsp;&nbsp;&nbsp; ore 11.30&nbsp;&nbsp; Parma Monumento a Verdi <strong>CERIMONIA<\/strong><\/p>\n\n\n\n<p>&nbsp;&nbsp;&nbsp;&nbsp;&nbsp;&nbsp;&nbsp;&nbsp;&nbsp;&nbsp;&nbsp;&nbsp;&nbsp; ore 12.00&nbsp;&nbsp; Gran Caff\u00e8 del teatro <strong>CAF\u00c9<\/strong> <strong>CONCERTO<\/strong><\/p>\n\n\n\n<p>&nbsp;&nbsp;&nbsp;&nbsp;&nbsp;&nbsp;&nbsp;&nbsp;&nbsp;&nbsp;&nbsp;&nbsp;&nbsp; ore 18.00&nbsp;&nbsp; OltreLab <strong>SORCIVERDI<\/strong> <strong>sTRAPpo ALLE REGOLE<\/strong><\/p>\n\n\n\n<p>&nbsp;&nbsp;&nbsp;&nbsp;&nbsp;&nbsp;&nbsp;&nbsp;&nbsp;&nbsp;&nbsp;&nbsp;&nbsp; ore 18.30&nbsp;&nbsp; La Prosciutteria Silvio Romani <strong>VERDI A PASSO DI DANZA<\/strong><\/p>\n\n\n\n<p>&nbsp;&nbsp;&nbsp;&nbsp;&nbsp;&nbsp;&nbsp;&nbsp;&nbsp;&nbsp;&nbsp;&nbsp;&nbsp; ore 19:00&nbsp;&nbsp; Lenz Teatro<strong> DISDEMONA<\/strong><\/p>\n\n\n\n<p>&nbsp;&nbsp;&nbsp;&nbsp;&nbsp;&nbsp;&nbsp;&nbsp;&nbsp;&nbsp;&nbsp;&nbsp;&nbsp; ore 19.30&nbsp;&nbsp; Piazzale del Teatro Regio <strong>VERDI A PASSO DI DANZA<\/strong><\/p>\n\n\n\n<p>&nbsp;&nbsp;&nbsp;&nbsp;&nbsp;&nbsp;&nbsp;&nbsp;&nbsp;&nbsp;&nbsp;&nbsp;&nbsp; ore 20.30&nbsp;&nbsp; Teatro Regio<strong> GALA VERDIANO<\/strong><\/p>\n\n\n\n<p>&nbsp;&nbsp;&nbsp;&nbsp;&nbsp;&nbsp;&nbsp;&nbsp;&nbsp;&nbsp;&nbsp;&nbsp;&nbsp; ore 21.30&nbsp;&nbsp; Borgo Santa Brigida <strong>MORENO IL BIONDO<\/strong><\/p>\n\n\n\n<p>&nbsp;&nbsp;&nbsp;&nbsp;&nbsp;&nbsp;&nbsp;&nbsp;&nbsp;&nbsp;&nbsp;&nbsp;&nbsp; ore 22.00-00.30 Palazzo Pallavicino <strong>A LETTO CON VERDI<\/strong><\/p>\n\n\n\n<p>sab 11&nbsp;&nbsp;&nbsp; ore 10.00-13.00, 16.00-18.00 Palazzo dei Ministeri <strong>INCONFESSABILE VERDI<\/strong><\/p>\n\n\n\n<p>&nbsp;&nbsp;&nbsp;&nbsp;&nbsp;&nbsp;&nbsp;&nbsp;&nbsp;&nbsp;&nbsp;&nbsp;&nbsp; ore 11.00&nbsp;&nbsp; Museo Glauco Lombardi <strong>QUARTETTI IN SALA TOSCHI<\/strong><\/p>\n\n\n\n<p>&nbsp;&nbsp;&nbsp;&nbsp;&nbsp;&nbsp;&nbsp;&nbsp;&nbsp;&nbsp;&nbsp;&nbsp;&nbsp; ore 12.00, 13.00 Fidenza <strong>CUC\u00d9 VERDIANO<\/strong><\/p>\n\n\n\n<p>&nbsp;&nbsp;&nbsp;&nbsp;&nbsp;&nbsp;&nbsp;&nbsp;&nbsp;&nbsp;&nbsp;&nbsp;&nbsp; ore 16.00&nbsp;&nbsp; Piazzale Picelli <strong>ODE ALLA VITA<\/strong><\/p>\n\n\n\n<p>&nbsp;&nbsp;&nbsp;&nbsp;&nbsp;&nbsp;&nbsp;&nbsp;&nbsp;&nbsp;&nbsp;&nbsp;&nbsp; ore 16.00&nbsp;&nbsp; Chiesa di San Giovanni Evangelista <strong>VERDI SACRO<\/strong><\/p>\n\n\n\n<p>&nbsp;&nbsp;&nbsp;&nbsp;&nbsp;&nbsp;&nbsp;&nbsp;&nbsp;&nbsp;&nbsp;&nbsp;&nbsp; ore 17.00&nbsp;&nbsp; Teatro Regio <strong>CORI AL RIDOTTO<\/strong> Voci bianche Parma Musicale<\/p>\n\n\n\n<p>&nbsp;&nbsp;&nbsp;&nbsp;&nbsp;&nbsp;&nbsp;&nbsp;&nbsp;&nbsp;&nbsp;&nbsp;&nbsp; ore 17.00&nbsp;&nbsp; Castellina di Soragna Servizi Italia <strong>QUEL CHE \u00c8 SPORCO \u00c8 PULITO<\/strong><\/p>\n\n\n\n<p>&nbsp;&nbsp;&nbsp;&nbsp;&nbsp;&nbsp;&nbsp;&nbsp;&nbsp;&nbsp;&nbsp;&nbsp;&nbsp; ore 18.00&nbsp;&nbsp; Sala Baganza Oratorio Rocca Sanvitale <strong>RECITAL VERDIANO<\/strong><\/p>\n\n\n\n<p>&nbsp;&nbsp;&nbsp;&nbsp;&nbsp;&nbsp;&nbsp;&nbsp;&nbsp;&nbsp;&nbsp;&nbsp;&nbsp; ore 19.00&nbsp;&nbsp; OniricArt <strong>QUICKLY! La storia pi\u00f9 buffa di Windsor<\/strong><\/p>\n\n\n\n<p>&nbsp;&nbsp;&nbsp;&nbsp;&nbsp;&nbsp;&nbsp;&nbsp;&nbsp;&nbsp;&nbsp;&nbsp;&nbsp; ore 19.00&nbsp;&nbsp; Piazzale del Teatro Regio <strong>VERDI A PASSO DI DANZA<\/strong><\/p>\n\n\n\n<p>&nbsp;&nbsp;&nbsp;&nbsp;&nbsp;&nbsp;&nbsp;&nbsp;&nbsp;&nbsp;&nbsp;&nbsp;&nbsp; ore 20.00<strong>&nbsp;&nbsp; <\/strong>Teatro Regio <strong>OTELLO<\/strong><\/p>\n\n\n\n<p>&nbsp;&nbsp;&nbsp;&nbsp;&nbsp;&nbsp;&nbsp;&nbsp;&nbsp;&nbsp;&nbsp;&nbsp;&nbsp; ore 20.00&nbsp;&nbsp; Reggia di Colorno <strong>L\u2019ULTIMA NOTA<\/strong> <strong>Il segreto di Villa Verdi<\/strong><\/p>\n\n\n\n<p>&nbsp;&nbsp;&nbsp;&nbsp;&nbsp;&nbsp;&nbsp;&nbsp;&nbsp;&nbsp;&nbsp;&nbsp;&nbsp; ore 21.00&nbsp;&nbsp; Felino Chiesa della Purificazione della Beata Vergine <strong>VERDI SACRO<\/strong><\/p>\n\n\n\n<p>&nbsp;&nbsp;&nbsp;&nbsp;&nbsp;&nbsp;&nbsp;&nbsp;&nbsp;&nbsp;&nbsp;&nbsp;&nbsp; ore 22.00-00.30 Palazzo Pallavicino <strong>A LETTO CON VERDI<\/strong><\/p>\n\n\n\n<p>dom 12<a>&nbsp;&nbsp; ore 10.00-13.00, 16.00-18.00 Palazzo dei Ministeri <\/a><strong>INCONFESSABILE VERDI<\/strong><\/p>\n\n\n\n<p>&nbsp;&nbsp;&nbsp;&nbsp;&nbsp;&nbsp;&nbsp;&nbsp;&nbsp;&nbsp;&nbsp;&nbsp;&nbsp; ore 10.00&nbsp;&nbsp; Busseto Biblioteca Fondazione Cariparma <strong>EMANUELE MUZIO<\/strong><\/p>\n\n\n\n<p>&nbsp;&nbsp;&nbsp;&nbsp;&nbsp;&nbsp;&nbsp;&nbsp;&nbsp;&nbsp;&nbsp;&nbsp;&nbsp; ore 12.00&nbsp;&nbsp; Palazzo Ducale <strong>MEZZOGIORNO IN MUSICA<\/strong><\/p>\n\n\n\n<p>&nbsp;&nbsp;&nbsp;&nbsp;&nbsp;&nbsp;&nbsp;&nbsp;&nbsp;&nbsp;&nbsp;&nbsp;&nbsp; ore 12.00 &nbsp; Busseto Balcone Municipio <strong>CUC\u00d9 VERDIANO<\/strong><\/p>\n\n\n\n<p>&nbsp;&nbsp;&nbsp;&nbsp;&nbsp;&nbsp;&nbsp;&nbsp;&nbsp;&nbsp;&nbsp;&nbsp;&nbsp; ore 16.00&nbsp;&nbsp; Piazzale Picelli <strong>ODE ALLA VITA<\/strong><\/p>\n\n\n\n<p>&nbsp;&nbsp;&nbsp;&nbsp;&nbsp;&nbsp;&nbsp;&nbsp;&nbsp;&nbsp;&nbsp;&nbsp;&nbsp; ore 17.00&nbsp;&nbsp; Ridotto del Teatro Regio <strong>CORI AL RIDOTTO<\/strong> Corale Verdi<\/p>\n\n\n\n<p>&nbsp;&nbsp;&nbsp;&nbsp;&nbsp;&nbsp;&nbsp;&nbsp;&nbsp;&nbsp;&nbsp;&nbsp;&nbsp; ore 17.30&nbsp;&nbsp; Collecchio Parco Nevicati <strong>TRIO SPEZIE<\/strong><\/p>\n\n\n\n<p>&nbsp;&nbsp;&nbsp;&nbsp;&nbsp;&nbsp;&nbsp;&nbsp;&nbsp;&nbsp;&nbsp;&nbsp;&nbsp; ore 18.00&nbsp;&nbsp; Busseto Salone di Casa Barezzi <strong>BAREZZI YOUNG<\/strong><\/p>\n\n\n\n<p>&nbsp;&nbsp;&nbsp;&nbsp;&nbsp;&nbsp;&nbsp;&nbsp;&nbsp;&nbsp;&nbsp;&nbsp;&nbsp; ore 19.00&nbsp;&nbsp; Piazzale del Teatro Regio <strong>VERDI A PASSO DI DANZA<\/strong><\/p>\n\n\n\n<p>&nbsp;&nbsp;&nbsp;&nbsp;&nbsp;&nbsp;&nbsp;&nbsp;&nbsp;&nbsp;&nbsp;&nbsp;&nbsp; ore 20.00&nbsp;&nbsp; Teatro Regio<strong> FALSTAFF<\/strong><\/p>\n\n\n\n<p>&nbsp;&nbsp;&nbsp;&nbsp;&nbsp;&nbsp;&nbsp;&nbsp;&nbsp;&nbsp;&nbsp;&nbsp;&nbsp; ore 21.00&nbsp;&nbsp; Auditorium Paganini <strong>CONCERTO BANDA GIOVANILE ANBIMA<\/strong><\/p>\n\n\n\n<p>&nbsp;&nbsp;&nbsp;&nbsp;&nbsp;&nbsp;&nbsp;&nbsp;&nbsp;&nbsp;&nbsp;&nbsp;&nbsp; ore 22.00-00.30 Palazzo Pallavicino <strong>A LETTO CON VERDI<\/strong><\/p>\n\n\n\n<p>lun 13&nbsp;&nbsp;&nbsp;&nbsp; ore 10.00&nbsp;&nbsp; Piazzale Picelli <strong>VERDI GIUSEPPE, LA PICCOLA STORIA\u2026<\/strong><\/p>\n\n\n\n<p>mar 14&nbsp;&nbsp;&nbsp; ore 10.00&nbsp;&nbsp; Piazzale Picelli <strong>GIACOMO PUCCINI DAL SUO LAGO\u2026<\/strong><strong><\/strong><\/p>\n\n\n\n<p>&nbsp;&nbsp;&nbsp;&nbsp;&nbsp;&nbsp;&nbsp;&nbsp;&nbsp;&nbsp;&nbsp;&nbsp;&nbsp; ore 10.00&nbsp;&nbsp; Polesine di Zibello Teatro Pallavicino <strong>FALSTAFF<\/strong> \u2026<\/p>\n\n\n\n<p>&nbsp;&nbsp;&nbsp;&nbsp;&nbsp;&nbsp;&nbsp;&nbsp;&nbsp;&nbsp;&nbsp;&nbsp;&nbsp; ore 20.30<strong>&nbsp;&nbsp; <\/strong>Teatro Regio <strong>FUOCO DI GIOIA<\/strong><\/p>\n\n\n\n<p>mer 15&nbsp;&nbsp;&nbsp; ore 10.00&nbsp;&nbsp; Piazzale Picelli <strong>ROSSINI PER BAMBINI UNA RICETTA\u2026<\/strong><\/p>\n\n\n\n<p>gio 16&nbsp;&nbsp;&nbsp;&nbsp; ore 10.00&nbsp;&nbsp; Piazzale Picelli <strong>INVENTOPERA<\/strong><\/p>\n\n\n\n<p>&nbsp;&nbsp;&nbsp;&nbsp;&nbsp;&nbsp;&nbsp;&nbsp;&nbsp;&nbsp;&nbsp;&nbsp;&nbsp; ore 10.00&nbsp;&nbsp; Sala Baganza <strong>VERDI GIUSEPPE, LA PICCOLA STORIA\u2026<\/strong><\/p>\n\n\n\n<p>&nbsp;&nbsp;&nbsp;&nbsp;&nbsp;&nbsp;&nbsp;&nbsp;&nbsp;&nbsp;&nbsp;&nbsp;&nbsp; ore 17.00&nbsp;&nbsp; Palazzo Bossi Bocchi <strong>CONCERTO LIRICO VERDIANO<\/strong><\/p>\n\n\n\n<p>&nbsp;&nbsp;&nbsp;&nbsp;&nbsp;&nbsp;&nbsp;&nbsp;&nbsp;&nbsp;&nbsp;&nbsp;&nbsp; ore 18.00&nbsp;&nbsp; Casa della Musica <strong>I GIOVANI PER VERDI<\/strong><\/p>\n\n\n\n<p>&nbsp;&nbsp;&nbsp;&nbsp;&nbsp;&nbsp;&nbsp;&nbsp;&nbsp;&nbsp;&nbsp;&nbsp;&nbsp; ore 20.00&nbsp;&nbsp; Teatro Regio<strong> FALSTAFF<\/strong><\/p>\n\n\n\n<p>ven 17&nbsp;&nbsp;&nbsp; ore 12.00&nbsp;&nbsp; Gran Caff\u00e8 del teatro <strong>CAF\u00c9 CONCERTO<\/strong><\/p>\n\n\n\n<p>&nbsp;&nbsp;&nbsp;&nbsp;&nbsp;&nbsp;&nbsp;&nbsp;&nbsp;&nbsp;&nbsp;&nbsp;&nbsp; ore 15.00&nbsp;&nbsp; Ridotto del Teatro Regio <strong>CORI AL RIDOTTO<\/strong> Voci bianche Teatro Regio<\/p>\n\n\n\n<p>&nbsp;&nbsp;&nbsp;&nbsp;&nbsp;&nbsp;&nbsp;&nbsp;&nbsp;&nbsp;&nbsp;&nbsp;&nbsp; ore 17.00&nbsp;&nbsp; Busseto Teatro Verdi<strong> MACBETH<\/strong><\/p>\n\n\n\n<p>&nbsp;&nbsp;&nbsp;&nbsp;&nbsp;&nbsp;&nbsp;&nbsp;&nbsp;&nbsp;&nbsp;&nbsp;&nbsp; ore 20.30&nbsp;&nbsp; Palazzo Pallavicino <strong>IO CORAGGIOSO<\/strong><\/p>\n\n\n\n<p>&nbsp;&nbsp;&nbsp;&nbsp;&nbsp;&nbsp;&nbsp;&nbsp;&nbsp;&nbsp;&nbsp;&nbsp;&nbsp; ore 21.00&nbsp;&nbsp; Teatro Farnese <strong>89 SECONDS TO MIDNIGHT<\/strong><\/p>\n\n\n\n<p>&nbsp;&nbsp;&nbsp;&nbsp;&nbsp;&nbsp;&nbsp;&nbsp;&nbsp;&nbsp;&nbsp;&nbsp;&nbsp; ore 21.30&nbsp;&nbsp; Borgo Santa Brigida <strong>ATTACCHI DI SWING<\/strong><\/p>\n\n\n\n<p>sab 18&nbsp;&nbsp;&nbsp; ore 11.30, 16.30 Langhirano Salumificio La Torre <strong>MEMORIAEFUTURAE<\/strong><\/p>\n\n\n\n<p>&nbsp;&nbsp;&nbsp;&nbsp;&nbsp;&nbsp;&nbsp;&nbsp;&nbsp;&nbsp;&nbsp;&nbsp;&nbsp; ore 12.00&nbsp;&nbsp; Fidenza Agrinascente Silvano Romani <strong>CUC\u00d9 VERDIANO<\/strong><\/p>\n\n\n\n<p>&nbsp;&nbsp;&nbsp;&nbsp;&nbsp;&nbsp;&nbsp;&nbsp;&nbsp;&nbsp;&nbsp;&nbsp;&nbsp; ore 13.00&nbsp;&nbsp; Fidenza, KM90 RistoBottega Emiliana <strong>CUC\u00d9 VERDIANO<\/strong><\/p>\n\n\n\n<p>&nbsp;&nbsp;&nbsp;&nbsp;&nbsp;&nbsp;&nbsp;&nbsp;&nbsp;&nbsp;&nbsp;&nbsp;&nbsp; ore 15.30, 16.10, 16.50, 17.50, 18.30&nbsp; OniricArt <strong>SCORIE<\/strong><\/p>\n\n\n\n<p>&nbsp;&nbsp;&nbsp;&nbsp;&nbsp;&nbsp;&nbsp;&nbsp;&nbsp;&nbsp;&nbsp;&nbsp;&nbsp; ore 16.00&nbsp;&nbsp; Piazzale Picelli <strong>NELL\u2019ANTRO DELLA STREGA<\/strong><\/p>\n\n\n\n<p>&nbsp;&nbsp;&nbsp;&nbsp;&nbsp;&nbsp;&nbsp;&nbsp;&nbsp;&nbsp;&nbsp;&nbsp;&nbsp; ore 16.00&nbsp;&nbsp; Piazzale del Teatro Regio <strong>VERDI A PASSO DI DANZA<\/strong><\/p>\n\n\n\n<p>&nbsp;&nbsp;&nbsp;&nbsp;&nbsp;&nbsp;&nbsp;&nbsp;&nbsp;&nbsp;&nbsp;&nbsp;&nbsp; ore 16.30&nbsp;&nbsp; Sorbolo Mezzani Meverin <strong>CLOWN IN LIBERT\u00c0<\/strong><\/p>\n\n\n\n<p>&nbsp;&nbsp;&nbsp;&nbsp;&nbsp;&nbsp;&nbsp;&nbsp;&nbsp;&nbsp;&nbsp;&nbsp;&nbsp; ore 17.00&nbsp;&nbsp; Teatro Regio<strong> MESSA DA REQUIEM<\/strong><\/p>\n\n\n\n<p><a>&nbsp;&nbsp;&nbsp;&nbsp;&nbsp;&nbsp;&nbsp;&nbsp;&nbsp;&nbsp;&nbsp;&nbsp;&nbsp; ore 21.30&nbsp;&nbsp; Borgo Santa Brigida <\/a><strong>DJSET VERDIANO<\/strong><strong><\/strong><\/p>\n\n\n\n<p>dom 19&nbsp;&nbsp; ore 12.00&nbsp;&nbsp; Palazzo Ducale <strong>MEZZOGIORNO IN MUSICA<\/strong><\/p>\n\n\n\n<p>&nbsp;&nbsp;&nbsp;&nbsp;&nbsp;&nbsp;&nbsp;&nbsp;&nbsp;&nbsp;&nbsp;&nbsp;&nbsp; ore 12.00 &nbsp; Busseto Balcone Municipio <strong>CUC\u00d9 VERDIANO<\/strong><\/p>\n\n\n\n<p>&nbsp;&nbsp;&nbsp;&nbsp;&nbsp;&nbsp;&nbsp;&nbsp;&nbsp;&nbsp;&nbsp;&nbsp;&nbsp; ore 15.30, 16.10, 16.50, 17.50, 18.30 OniricArt <strong>SCORIE<\/strong><\/p>\n\n\n\n<p>&nbsp;&nbsp;&nbsp;&nbsp;&nbsp;&nbsp;&nbsp;&nbsp;&nbsp;&nbsp;&nbsp;&nbsp;&nbsp; ore 16.00&nbsp;&nbsp; Piazzale Picelli <strong>NELL\u2019ANTRO DELLA STREGA<\/strong><\/p>\n\n\n\n<p>&nbsp;&nbsp;&nbsp;&nbsp;&nbsp;&nbsp;&nbsp;&nbsp;&nbsp;&nbsp;&nbsp;&nbsp;&nbsp; ore 16.00&nbsp;&nbsp; Casa della Musica Parma <strong>VERDI PLURILINGUE<\/strong><strong><\/strong><\/p>\n\n\n\n<p>&nbsp;&nbsp;&nbsp;&nbsp;&nbsp;&nbsp;&nbsp;&nbsp;&nbsp;&nbsp;&nbsp;&nbsp;&nbsp; ore 16.30&nbsp;&nbsp; Mezzani Porto Turistico <strong>V.V.V. 2.0<\/strong><strong><\/strong><\/p>\n\n\n\n<p>&nbsp;&nbsp;&nbsp;&nbsp;&nbsp;&nbsp;&nbsp;&nbsp;&nbsp;&nbsp;&nbsp;&nbsp;&nbsp; ore 20.00<strong>&nbsp;&nbsp; <\/strong>Teatro Regio <strong>OTELLO<\/strong><\/p>\n\n\n\n<p>Parma, 21 settembre 2025<\/p>\n\n\n\n<p>Paolo Maier<\/p>\n\n\n\n<p>Responsabile Comunicazione istituzionale, Ufficio stampa, Archivio<\/p>\n\n\n\n<p>Teatro Regio di Parma<\/p>\n\n\n\n<p>strada Garibaldi 16\/A, 43121 Parma \u2013 Italia<\/p>\n\n\n\n<p>Tel. +39 0521 203969&nbsp;<\/p>\n\n\n\n<p>p.maier@teatroregioparma.it&nbsp;<\/p>\n\n\n\n<p>stampa@teatroregioparma.it<\/p>\n\n\n\n<p>www.teatroregioparma.it<\/p>\n\n\n\n<p>foto<\/p>\n\n\n\n<figure class=\"wp-block-gallery has-nested-images columns-default is-cropped wp-block-gallery-1 is-layout-flex wp-block-gallery-is-layout-flex\">\n<figure class=\"wp-block-image size-large\"><a href=\"https:\/\/www.ecoitaliano.com.ar\/wp-content\/uploads\/2025\/09\/03-Michieletto_\u00a9-Stefano-Guindani_L1120637_02_R.jpg\"><img decoding=\"async\" width=\"683\" height=\"1024\" data-id=\"79943\" src=\"https:\/\/www.ecoitaliano.com.ar\/wp-content\/uploads\/2025\/09\/03-Michieletto_\u00a9-Stefano-Guindani_L1120637_02_R-683x1024.jpg\" alt=\"\" class=\"wp-image-79943\" srcset=\"https:\/\/www.ecoitaliano.com.ar\/wp-content\/uploads\/2025\/09\/03-Michieletto_\u00a9-Stefano-Guindani_L1120637_02_R-683x1024.jpg 683w, https:\/\/www.ecoitaliano.com.ar\/wp-content\/uploads\/2025\/09\/03-Michieletto_\u00a9-Stefano-Guindani_L1120637_02_R-200x300.jpg 200w, https:\/\/www.ecoitaliano.com.ar\/wp-content\/uploads\/2025\/09\/03-Michieletto_\u00a9-Stefano-Guindani_L1120637_02_R-768x1151.jpg 768w, https:\/\/www.ecoitaliano.com.ar\/wp-content\/uploads\/2025\/09\/03-Michieletto_\u00a9-Stefano-Guindani_L1120637_02_R-1025x1536.jpg 1025w, https:\/\/www.ecoitaliano.com.ar\/wp-content\/uploads\/2025\/09\/03-Michieletto_\u00a9-Stefano-Guindani_L1120637_02_R-1366x2048.jpg 1366w, https:\/\/www.ecoitaliano.com.ar\/wp-content\/uploads\/2025\/09\/03-Michieletto_\u00a9-Stefano-Guindani_L1120637_02_R-100x150.jpg 100w, https:\/\/www.ecoitaliano.com.ar\/wp-content\/uploads\/2025\/09\/03-Michieletto_\u00a9-Stefano-Guindani_L1120637_02_R.jpg 1708w\" sizes=\"(max-width: 683px) 100vw, 683px\" \/><\/a><\/figure>\n\n\n\n<figure class=\"wp-block-image size-large\"><a href=\"https:\/\/www.ecoitaliano.com.ar\/wp-content\/uploads\/2025\/09\/04-Michieletto_\u00a9-Stefano-Guindani_L1120681_02_R.jpg\"><img decoding=\"async\" width=\"1024\" height=\"683\" data-id=\"79944\" src=\"https:\/\/www.ecoitaliano.com.ar\/wp-content\/uploads\/2025\/09\/04-Michieletto_\u00a9-Stefano-Guindani_L1120681_02_R-1024x683.jpg\" alt=\"\" class=\"wp-image-79944\" srcset=\"https:\/\/www.ecoitaliano.com.ar\/wp-content\/uploads\/2025\/09\/04-Michieletto_\u00a9-Stefano-Guindani_L1120681_02_R-1024x683.jpg 1024w, https:\/\/www.ecoitaliano.com.ar\/wp-content\/uploads\/2025\/09\/04-Michieletto_\u00a9-Stefano-Guindani_L1120681_02_R-300x200.jpg 300w, https:\/\/www.ecoitaliano.com.ar\/wp-content\/uploads\/2025\/09\/04-Michieletto_\u00a9-Stefano-Guindani_L1120681_02_R-768x512.jpg 768w, https:\/\/www.ecoitaliano.com.ar\/wp-content\/uploads\/2025\/09\/04-Michieletto_\u00a9-Stefano-Guindani_L1120681_02_R-1536x1025.jpg 1536w, https:\/\/www.ecoitaliano.com.ar\/wp-content\/uploads\/2025\/09\/04-Michieletto_\u00a9-Stefano-Guindani_L1120681_02_R-2048x1366.jpg 2048w, https:\/\/www.ecoitaliano.com.ar\/wp-content\/uploads\/2025\/09\/04-Michieletto_\u00a9-Stefano-Guindani_L1120681_02_R-150x100.jpg 150w\" sizes=\"(max-width: 1024px) 100vw, 1024px\" \/><\/a><\/figure>\n\n\n\n<figure class=\"wp-block-image size-large\"><a href=\"https:\/\/www.ecoitaliano.com.ar\/wp-content\/uploads\/2025\/09\/05-Fantin-@Marco-Brescia-e-Rudy-Amisano.jpg\"><img decoding=\"async\" width=\"1019\" height=\"1024\" data-id=\"79945\" src=\"https:\/\/www.ecoitaliano.com.ar\/wp-content\/uploads\/2025\/09\/05-Fantin-@Marco-Brescia-e-Rudy-Amisano-1019x1024.jpg\" alt=\"\" class=\"wp-image-79945\" srcset=\"https:\/\/www.ecoitaliano.com.ar\/wp-content\/uploads\/2025\/09\/05-Fantin-@Marco-Brescia-e-Rudy-Amisano-1019x1024.jpg 1019w, https:\/\/www.ecoitaliano.com.ar\/wp-content\/uploads\/2025\/09\/05-Fantin-@Marco-Brescia-e-Rudy-Amisano-300x300.jpg 300w, https:\/\/www.ecoitaliano.com.ar\/wp-content\/uploads\/2025\/09\/05-Fantin-@Marco-Brescia-e-Rudy-Amisano-150x150.jpg 150w, https:\/\/www.ecoitaliano.com.ar\/wp-content\/uploads\/2025\/09\/05-Fantin-@Marco-Brescia-e-Rudy-Amisano-768x772.jpg 768w, https:\/\/www.ecoitaliano.com.ar\/wp-content\/uploads\/2025\/09\/05-Fantin-@Marco-Brescia-e-Rudy-Amisano.jpg 1261w\" sizes=\"(max-width: 1019px) 100vw, 1019px\" \/><\/a><\/figure>\n\n\n\n<figure class=\"wp-block-image size-large\"><a href=\"https:\/\/www.ecoitaliano.com.ar\/wp-content\/uploads\/2025\/09\/06-Rendering-Il-sonno-uccidesti.jpg\"><img decoding=\"async\" width=\"1024\" height=\"768\" data-id=\"79946\" src=\"https:\/\/www.ecoitaliano.com.ar\/wp-content\/uploads\/2025\/09\/06-Rendering-Il-sonno-uccidesti-1024x768.jpg\" alt=\"\" class=\"wp-image-79946\" srcset=\"https:\/\/www.ecoitaliano.com.ar\/wp-content\/uploads\/2025\/09\/06-Rendering-Il-sonno-uccidesti-1024x768.jpg 1024w, https:\/\/www.ecoitaliano.com.ar\/wp-content\/uploads\/2025\/09\/06-Rendering-Il-sonno-uccidesti-300x225.jpg 300w, https:\/\/www.ecoitaliano.com.ar\/wp-content\/uploads\/2025\/09\/06-Rendering-Il-sonno-uccidesti-768x576.jpg 768w, https:\/\/www.ecoitaliano.com.ar\/wp-content\/uploads\/2025\/09\/06-Rendering-Il-sonno-uccidesti-1536x1152.jpg 1536w, https:\/\/www.ecoitaliano.com.ar\/wp-content\/uploads\/2025\/09\/06-Rendering-Il-sonno-uccidesti-150x113.jpg 150w, https:\/\/www.ecoitaliano.com.ar\/wp-content\/uploads\/2025\/09\/06-Rendering-Il-sonno-uccidesti.jpg 2000w\" sizes=\"(max-width: 1024px) 100vw, 1024px\" \/><\/a><\/figure>\n\n\n\n<figure class=\"wp-block-image size-large\"><a href=\"https:\/\/www.ecoitaliano.com.ar\/wp-content\/uploads\/2025\/09\/07-Immagine-Il-sonno-uccidesti.jpeg\"><img decoding=\"async\" width=\"1024\" height=\"1024\" data-id=\"79947\" src=\"https:\/\/www.ecoitaliano.com.ar\/wp-content\/uploads\/2025\/09\/07-Immagine-Il-sonno-uccidesti-1024x1024.jpeg\" alt=\"\" class=\"wp-image-79947\" srcset=\"https:\/\/www.ecoitaliano.com.ar\/wp-content\/uploads\/2025\/09\/07-Immagine-Il-sonno-uccidesti-1024x1024.jpeg 1024w, https:\/\/www.ecoitaliano.com.ar\/wp-content\/uploads\/2025\/09\/07-Immagine-Il-sonno-uccidesti-300x300.jpeg 300w, https:\/\/www.ecoitaliano.com.ar\/wp-content\/uploads\/2025\/09\/07-Immagine-Il-sonno-uccidesti-150x150.jpeg 150w, https:\/\/www.ecoitaliano.com.ar\/wp-content\/uploads\/2025\/09\/07-Immagine-Il-sonno-uccidesti-768x768.jpeg 768w, https:\/\/www.ecoitaliano.com.ar\/wp-content\/uploads\/2025\/09\/07-Immagine-Il-sonno-uccidesti-1536x1536.jpeg 1536w, https:\/\/www.ecoitaliano.com.ar\/wp-content\/uploads\/2025\/09\/07-Immagine-Il-sonno-uccidesti.jpeg 1600w\" sizes=\"(max-width: 1024px) 100vw, 1024px\" \/><\/a><\/figure>\n\n\n\n<figure class=\"wp-block-image size-large\"><a href=\"https:\/\/www.ecoitaliano.com.ar\/wp-content\/uploads\/2025\/09\/0021_IlSonnoUccidestiVO2025.jpg\"><img decoding=\"async\" width=\"1024\" height=\"676\" data-id=\"79948\" src=\"https:\/\/www.ecoitaliano.com.ar\/wp-content\/uploads\/2025\/09\/0021_IlSonnoUccidestiVO2025-1024x676.jpg\" alt=\"\" class=\"wp-image-79948\" srcset=\"https:\/\/www.ecoitaliano.com.ar\/wp-content\/uploads\/2025\/09\/0021_IlSonnoUccidestiVO2025-1024x676.jpg 1024w, https:\/\/www.ecoitaliano.com.ar\/wp-content\/uploads\/2025\/09\/0021_IlSonnoUccidestiVO2025-300x198.jpg 300w, https:\/\/www.ecoitaliano.com.ar\/wp-content\/uploads\/2025\/09\/0021_IlSonnoUccidestiVO2025-768x507.jpg 768w, https:\/\/www.ecoitaliano.com.ar\/wp-content\/uploads\/2025\/09\/0021_IlSonnoUccidestiVO2025-1536x1015.jpg 1536w, https:\/\/www.ecoitaliano.com.ar\/wp-content\/uploads\/2025\/09\/0021_IlSonnoUccidestiVO2025-2048x1353.jpg 2048w, https:\/\/www.ecoitaliano.com.ar\/wp-content\/uploads\/2025\/09\/0021_IlSonnoUccidestiVO2025-150x99.jpg 150w\" sizes=\"(max-width: 1024px) 100vw, 1024px\" \/><\/a><\/figure>\n\n\n\n<figure class=\"wp-block-image size-large\"><a href=\"https:\/\/www.ecoitaliano.com.ar\/wp-content\/uploads\/2025\/09\/0025_IlSonnoUccidestiVO2025.jpg\"><img decoding=\"async\" width=\"676\" height=\"1024\" data-id=\"79949\" src=\"https:\/\/www.ecoitaliano.com.ar\/wp-content\/uploads\/2025\/09\/0025_IlSonnoUccidestiVO2025-676x1024.jpg\" alt=\"\" class=\"wp-image-79949\" srcset=\"https:\/\/www.ecoitaliano.com.ar\/wp-content\/uploads\/2025\/09\/0025_IlSonnoUccidestiVO2025-676x1024.jpg 676w, https:\/\/www.ecoitaliano.com.ar\/wp-content\/uploads\/2025\/09\/0025_IlSonnoUccidestiVO2025-198x300.jpg 198w, https:\/\/www.ecoitaliano.com.ar\/wp-content\/uploads\/2025\/09\/0025_IlSonnoUccidestiVO2025-768x1163.jpg 768w, https:\/\/www.ecoitaliano.com.ar\/wp-content\/uploads\/2025\/09\/0025_IlSonnoUccidestiVO2025-1015x1536.jpg 1015w, https:\/\/www.ecoitaliano.com.ar\/wp-content\/uploads\/2025\/09\/0025_IlSonnoUccidestiVO2025-1353x2048.jpg 1353w, https:\/\/www.ecoitaliano.com.ar\/wp-content\/uploads\/2025\/09\/0025_IlSonnoUccidestiVO2025-99x150.jpg 99w, https:\/\/www.ecoitaliano.com.ar\/wp-content\/uploads\/2025\/09\/0025_IlSonnoUccidestiVO2025.jpg 1691w\" sizes=\"(max-width: 676px) 100vw, 676px\" \/><\/a><\/figure>\n\n\n\n<figure class=\"wp-block-image size-large\"><a href=\"https:\/\/www.ecoitaliano.com.ar\/wp-content\/uploads\/2025\/09\/0027_IlSonnoUccidestiVO2025.jpg\"><img decoding=\"async\" width=\"1024\" height=\"676\" data-id=\"79950\" src=\"https:\/\/www.ecoitaliano.com.ar\/wp-content\/uploads\/2025\/09\/0027_IlSonnoUccidestiVO2025-1024x676.jpg\" alt=\"\" class=\"wp-image-79950\" srcset=\"https:\/\/www.ecoitaliano.com.ar\/wp-content\/uploads\/2025\/09\/0027_IlSonnoUccidestiVO2025-1024x676.jpg 1024w, https:\/\/www.ecoitaliano.com.ar\/wp-content\/uploads\/2025\/09\/0027_IlSonnoUccidestiVO2025-300x198.jpg 300w, https:\/\/www.ecoitaliano.com.ar\/wp-content\/uploads\/2025\/09\/0027_IlSonnoUccidestiVO2025-768x507.jpg 768w, https:\/\/www.ecoitaliano.com.ar\/wp-content\/uploads\/2025\/09\/0027_IlSonnoUccidestiVO2025-1536x1015.jpg 1536w, https:\/\/www.ecoitaliano.com.ar\/wp-content\/uploads\/2025\/09\/0027_IlSonnoUccidestiVO2025-2048x1353.jpg 2048w, https:\/\/www.ecoitaliano.com.ar\/wp-content\/uploads\/2025\/09\/0027_IlSonnoUccidestiVO2025-150x99.jpg 150w\" sizes=\"(max-width: 1024px) 100vw, 1024px\" \/><\/a><\/figure>\n\n\n\n<figure class=\"wp-block-image size-large\"><a href=\"https:\/\/www.ecoitaliano.com.ar\/wp-content\/uploads\/2025\/09\/0038_IlSonnoUccidestiVO2025.jpg\"><img decoding=\"async\" width=\"1024\" height=\"676\" data-id=\"79951\" src=\"https:\/\/www.ecoitaliano.com.ar\/wp-content\/uploads\/2025\/09\/0038_IlSonnoUccidestiVO2025-1024x676.jpg\" alt=\"\" class=\"wp-image-79951\" srcset=\"https:\/\/www.ecoitaliano.com.ar\/wp-content\/uploads\/2025\/09\/0038_IlSonnoUccidestiVO2025-1024x676.jpg 1024w, https:\/\/www.ecoitaliano.com.ar\/wp-content\/uploads\/2025\/09\/0038_IlSonnoUccidestiVO2025-300x198.jpg 300w, https:\/\/www.ecoitaliano.com.ar\/wp-content\/uploads\/2025\/09\/0038_IlSonnoUccidestiVO2025-768x507.jpg 768w, https:\/\/www.ecoitaliano.com.ar\/wp-content\/uploads\/2025\/09\/0038_IlSonnoUccidestiVO2025-1536x1015.jpg 1536w, https:\/\/www.ecoitaliano.com.ar\/wp-content\/uploads\/2025\/09\/0038_IlSonnoUccidestiVO2025-2048x1353.jpg 2048w, https:\/\/www.ecoitaliano.com.ar\/wp-content\/uploads\/2025\/09\/0038_IlSonnoUccidestiVO2025-150x99.jpg 150w\" sizes=\"(max-width: 1024px) 100vw, 1024px\" \/><\/a><\/figure>\n\n\n\n<figure class=\"wp-block-image size-large\"><a href=\"https:\/\/www.ecoitaliano.com.ar\/wp-content\/uploads\/2025\/09\/0042_IlSonnoUccidestiVO2025.jpg\"><img decoding=\"async\" width=\"676\" height=\"1024\" data-id=\"79952\" src=\"https:\/\/www.ecoitaliano.com.ar\/wp-content\/uploads\/2025\/09\/0042_IlSonnoUccidestiVO2025-676x1024.jpg\" alt=\"\" class=\"wp-image-79952\" srcset=\"https:\/\/www.ecoitaliano.com.ar\/wp-content\/uploads\/2025\/09\/0042_IlSonnoUccidestiVO2025-676x1024.jpg 676w, https:\/\/www.ecoitaliano.com.ar\/wp-content\/uploads\/2025\/09\/0042_IlSonnoUccidestiVO2025-198x300.jpg 198w, https:\/\/www.ecoitaliano.com.ar\/wp-content\/uploads\/2025\/09\/0042_IlSonnoUccidestiVO2025-768x1163.jpg 768w, https:\/\/www.ecoitaliano.com.ar\/wp-content\/uploads\/2025\/09\/0042_IlSonnoUccidestiVO2025-1015x1536.jpg 1015w, https:\/\/www.ecoitaliano.com.ar\/wp-content\/uploads\/2025\/09\/0042_IlSonnoUccidestiVO2025-1353x2048.jpg 1353w, https:\/\/www.ecoitaliano.com.ar\/wp-content\/uploads\/2025\/09\/0042_IlSonnoUccidestiVO2025-99x150.jpg 99w, https:\/\/www.ecoitaliano.com.ar\/wp-content\/uploads\/2025\/09\/0042_IlSonnoUccidestiVO2025.jpg 1691w\" sizes=\"(max-width: 676px) 100vw, 676px\" \/><\/a><\/figure>\n\n\n\n<figure class=\"wp-block-image size-large\"><a href=\"https:\/\/www.ecoitaliano.com.ar\/wp-content\/uploads\/2025\/09\/0054_IlSonnoUccidestiVO2025.jpg\"><img decoding=\"async\" width=\"1024\" height=\"676\" data-id=\"79953\" src=\"https:\/\/www.ecoitaliano.com.ar\/wp-content\/uploads\/2025\/09\/0054_IlSonnoUccidestiVO2025-1024x676.jpg\" alt=\"\" class=\"wp-image-79953\" srcset=\"https:\/\/www.ecoitaliano.com.ar\/wp-content\/uploads\/2025\/09\/0054_IlSonnoUccidestiVO2025-1024x676.jpg 1024w, https:\/\/www.ecoitaliano.com.ar\/wp-content\/uploads\/2025\/09\/0054_IlSonnoUccidestiVO2025-300x198.jpg 300w, https:\/\/www.ecoitaliano.com.ar\/wp-content\/uploads\/2025\/09\/0054_IlSonnoUccidestiVO2025-768x507.jpg 768w, https:\/\/www.ecoitaliano.com.ar\/wp-content\/uploads\/2025\/09\/0054_IlSonnoUccidestiVO2025-1536x1015.jpg 1536w, https:\/\/www.ecoitaliano.com.ar\/wp-content\/uploads\/2025\/09\/0054_IlSonnoUccidestiVO2025-2048x1353.jpg 2048w, https:\/\/www.ecoitaliano.com.ar\/wp-content\/uploads\/2025\/09\/0054_IlSonnoUccidestiVO2025-150x99.jpg 150w\" sizes=\"(max-width: 1024px) 100vw, 1024px\" \/><\/a><\/figure>\n\n\n\n<figure class=\"wp-block-image size-large\"><a href=\"https:\/\/www.ecoitaliano.com.ar\/wp-content\/uploads\/2025\/09\/0059_IlSonnoUccidestiVO2025.jpg\"><img decoding=\"async\" width=\"676\" height=\"1024\" data-id=\"79954\" src=\"https:\/\/www.ecoitaliano.com.ar\/wp-content\/uploads\/2025\/09\/0059_IlSonnoUccidestiVO2025-676x1024.jpg\" alt=\"\" class=\"wp-image-79954\" srcset=\"https:\/\/www.ecoitaliano.com.ar\/wp-content\/uploads\/2025\/09\/0059_IlSonnoUccidestiVO2025-676x1024.jpg 676w, https:\/\/www.ecoitaliano.com.ar\/wp-content\/uploads\/2025\/09\/0059_IlSonnoUccidestiVO2025-198x300.jpg 198w, https:\/\/www.ecoitaliano.com.ar\/wp-content\/uploads\/2025\/09\/0059_IlSonnoUccidestiVO2025-768x1163.jpg 768w, https:\/\/www.ecoitaliano.com.ar\/wp-content\/uploads\/2025\/09\/0059_IlSonnoUccidestiVO2025-1015x1536.jpg 1015w, https:\/\/www.ecoitaliano.com.ar\/wp-content\/uploads\/2025\/09\/0059_IlSonnoUccidestiVO2025-1353x2048.jpg 1353w, https:\/\/www.ecoitaliano.com.ar\/wp-content\/uploads\/2025\/09\/0059_IlSonnoUccidestiVO2025-99x150.jpg 99w, https:\/\/www.ecoitaliano.com.ar\/wp-content\/uploads\/2025\/09\/0059_IlSonnoUccidestiVO2025.jpg 1691w\" sizes=\"(max-width: 676px) 100vw, 676px\" \/><\/a><\/figure>\n\n\n\n<figure class=\"wp-block-image size-large\"><a href=\"https:\/\/www.ecoitaliano.com.ar\/wp-content\/uploads\/2025\/09\/0115_IlSonnoUccidestiVO2025.jpg\"><img decoding=\"async\" width=\"676\" height=\"1024\" data-id=\"79955\" src=\"https:\/\/www.ecoitaliano.com.ar\/wp-content\/uploads\/2025\/09\/0115_IlSonnoUccidestiVO2025-676x1024.jpg\" alt=\"\" class=\"wp-image-79955\" srcset=\"https:\/\/www.ecoitaliano.com.ar\/wp-content\/uploads\/2025\/09\/0115_IlSonnoUccidestiVO2025-676x1024.jpg 676w, https:\/\/www.ecoitaliano.com.ar\/wp-content\/uploads\/2025\/09\/0115_IlSonnoUccidestiVO2025-198x300.jpg 198w, https:\/\/www.ecoitaliano.com.ar\/wp-content\/uploads\/2025\/09\/0115_IlSonnoUccidestiVO2025-768x1163.jpg 768w, https:\/\/www.ecoitaliano.com.ar\/wp-content\/uploads\/2025\/09\/0115_IlSonnoUccidestiVO2025-1015x1536.jpg 1015w, https:\/\/www.ecoitaliano.com.ar\/wp-content\/uploads\/2025\/09\/0115_IlSonnoUccidestiVO2025-1353x2048.jpg 1353w, https:\/\/www.ecoitaliano.com.ar\/wp-content\/uploads\/2025\/09\/0115_IlSonnoUccidestiVO2025-99x150.jpg 99w, https:\/\/www.ecoitaliano.com.ar\/wp-content\/uploads\/2025\/09\/0115_IlSonnoUccidestiVO2025.jpg 1691w\" sizes=\"(max-width: 676px) 100vw, 676px\" \/><\/a><\/figure>\n\n\n\n<figure class=\"wp-block-image size-large\"><a href=\"https:\/\/www.ecoitaliano.com.ar\/wp-content\/uploads\/2025\/09\/0116_IlSonnoUccidestiVO2025.jpg\"><img decoding=\"async\" width=\"1024\" height=\"676\" data-id=\"79956\" src=\"https:\/\/www.ecoitaliano.com.ar\/wp-content\/uploads\/2025\/09\/0116_IlSonnoUccidestiVO2025-1024x676.jpg\" alt=\"\" class=\"wp-image-79956\" srcset=\"https:\/\/www.ecoitaliano.com.ar\/wp-content\/uploads\/2025\/09\/0116_IlSonnoUccidestiVO2025-1024x676.jpg 1024w, https:\/\/www.ecoitaliano.com.ar\/wp-content\/uploads\/2025\/09\/0116_IlSonnoUccidestiVO2025-300x198.jpg 300w, https:\/\/www.ecoitaliano.com.ar\/wp-content\/uploads\/2025\/09\/0116_IlSonnoUccidestiVO2025-768x507.jpg 768w, https:\/\/www.ecoitaliano.com.ar\/wp-content\/uploads\/2025\/09\/0116_IlSonnoUccidestiVO2025-1536x1015.jpg 1536w, https:\/\/www.ecoitaliano.com.ar\/wp-content\/uploads\/2025\/09\/0116_IlSonnoUccidestiVO2025-2048x1353.jpg 2048w, https:\/\/www.ecoitaliano.com.ar\/wp-content\/uploads\/2025\/09\/0116_IlSonnoUccidestiVO2025-150x99.jpg 150w\" sizes=\"(max-width: 1024px) 100vw, 1024px\" \/><\/a><\/figure>\n\n\n\n<figure class=\"wp-block-image size-large\"><a href=\"https:\/\/www.ecoitaliano.com.ar\/wp-content\/uploads\/2025\/09\/0122_IlSonnoUccidestiVO2025.jpg\"><img decoding=\"async\" width=\"1024\" height=\"676\" data-id=\"79957\" src=\"https:\/\/www.ecoitaliano.com.ar\/wp-content\/uploads\/2025\/09\/0122_IlSonnoUccidestiVO2025-1024x676.jpg\" alt=\"\" class=\"wp-image-79957\" srcset=\"https:\/\/www.ecoitaliano.com.ar\/wp-content\/uploads\/2025\/09\/0122_IlSonnoUccidestiVO2025-1024x676.jpg 1024w, https:\/\/www.ecoitaliano.com.ar\/wp-content\/uploads\/2025\/09\/0122_IlSonnoUccidestiVO2025-300x198.jpg 300w, https:\/\/www.ecoitaliano.com.ar\/wp-content\/uploads\/2025\/09\/0122_IlSonnoUccidestiVO2025-768x507.jpg 768w, https:\/\/www.ecoitaliano.com.ar\/wp-content\/uploads\/2025\/09\/0122_IlSonnoUccidestiVO2025-1536x1015.jpg 1536w, https:\/\/www.ecoitaliano.com.ar\/wp-content\/uploads\/2025\/09\/0122_IlSonnoUccidestiVO2025-2048x1353.jpg 2048w, https:\/\/www.ecoitaliano.com.ar\/wp-content\/uploads\/2025\/09\/0122_IlSonnoUccidestiVO2025-150x99.jpg 150w\" sizes=\"(max-width: 1024px) 100vw, 1024px\" \/><\/a><\/figure>\n\n\n\n<figure class=\"wp-block-image size-large\"><a href=\"https:\/\/www.ecoitaliano.com.ar\/wp-content\/uploads\/2025\/09\/0158_IlSonnoUccidestiVO2025.jpg\"><img decoding=\"async\" width=\"676\" height=\"1024\" data-id=\"79958\" src=\"https:\/\/www.ecoitaliano.com.ar\/wp-content\/uploads\/2025\/09\/0158_IlSonnoUccidestiVO2025-676x1024.jpg\" alt=\"\" class=\"wp-image-79958\" srcset=\"https:\/\/www.ecoitaliano.com.ar\/wp-content\/uploads\/2025\/09\/0158_IlSonnoUccidestiVO2025-676x1024.jpg 676w, https:\/\/www.ecoitaliano.com.ar\/wp-content\/uploads\/2025\/09\/0158_IlSonnoUccidestiVO2025-198x300.jpg 198w, https:\/\/www.ecoitaliano.com.ar\/wp-content\/uploads\/2025\/09\/0158_IlSonnoUccidestiVO2025-768x1163.jpg 768w, https:\/\/www.ecoitaliano.com.ar\/wp-content\/uploads\/2025\/09\/0158_IlSonnoUccidestiVO2025-1015x1536.jpg 1015w, https:\/\/www.ecoitaliano.com.ar\/wp-content\/uploads\/2025\/09\/0158_IlSonnoUccidestiVO2025-1353x2048.jpg 1353w, https:\/\/www.ecoitaliano.com.ar\/wp-content\/uploads\/2025\/09\/0158_IlSonnoUccidestiVO2025-99x150.jpg 99w, https:\/\/www.ecoitaliano.com.ar\/wp-content\/uploads\/2025\/09\/0158_IlSonnoUccidestiVO2025.jpg 1691w\" sizes=\"(max-width: 676px) 100vw, 676px\" \/><\/a><\/figure>\n\n\n\n<figure class=\"wp-block-image size-large\"><a href=\"https:\/\/www.ecoitaliano.com.ar\/wp-content\/uploads\/2025\/09\/0224_IlSonnoUccidestiVO2025.jpg\"><img decoding=\"async\" width=\"676\" height=\"1024\" data-id=\"79959\" src=\"https:\/\/www.ecoitaliano.com.ar\/wp-content\/uploads\/2025\/09\/0224_IlSonnoUccidestiVO2025-676x1024.jpg\" alt=\"\" class=\"wp-image-79959\" srcset=\"https:\/\/www.ecoitaliano.com.ar\/wp-content\/uploads\/2025\/09\/0224_IlSonnoUccidestiVO2025-676x1024.jpg 676w, https:\/\/www.ecoitaliano.com.ar\/wp-content\/uploads\/2025\/09\/0224_IlSonnoUccidestiVO2025-198x300.jpg 198w, https:\/\/www.ecoitaliano.com.ar\/wp-content\/uploads\/2025\/09\/0224_IlSonnoUccidestiVO2025-768x1163.jpg 768w, https:\/\/www.ecoitaliano.com.ar\/wp-content\/uploads\/2025\/09\/0224_IlSonnoUccidestiVO2025-1015x1536.jpg 1015w, https:\/\/www.ecoitaliano.com.ar\/wp-content\/uploads\/2025\/09\/0224_IlSonnoUccidestiVO2025-1353x2048.jpg 1353w, https:\/\/www.ecoitaliano.com.ar\/wp-content\/uploads\/2025\/09\/0224_IlSonnoUccidestiVO2025-99x150.jpg 99w, https:\/\/www.ecoitaliano.com.ar\/wp-content\/uploads\/2025\/09\/0224_IlSonnoUccidestiVO2025.jpg 1691w\" sizes=\"(max-width: 676px) 100vw, 676px\" \/><\/a><\/figure>\n\n\n\n<figure class=\"wp-block-image size-large\"><a href=\"https:\/\/www.ecoitaliano.com.ar\/wp-content\/uploads\/2025\/09\/0247_IlSonnoUccidestiVO2025.jpg\"><img decoding=\"async\" width=\"1024\" height=\"676\" data-id=\"79960\" src=\"https:\/\/www.ecoitaliano.com.ar\/wp-content\/uploads\/2025\/09\/0247_IlSonnoUccidestiVO2025-1024x676.jpg\" alt=\"\" class=\"wp-image-79960\" srcset=\"https:\/\/www.ecoitaliano.com.ar\/wp-content\/uploads\/2025\/09\/0247_IlSonnoUccidestiVO2025-1024x676.jpg 1024w, https:\/\/www.ecoitaliano.com.ar\/wp-content\/uploads\/2025\/09\/0247_IlSonnoUccidestiVO2025-300x198.jpg 300w, https:\/\/www.ecoitaliano.com.ar\/wp-content\/uploads\/2025\/09\/0247_IlSonnoUccidestiVO2025-768x507.jpg 768w, https:\/\/www.ecoitaliano.com.ar\/wp-content\/uploads\/2025\/09\/0247_IlSonnoUccidestiVO2025-1536x1015.jpg 1536w, https:\/\/www.ecoitaliano.com.ar\/wp-content\/uploads\/2025\/09\/0247_IlSonnoUccidestiVO2025-2048x1353.jpg 2048w, https:\/\/www.ecoitaliano.com.ar\/wp-content\/uploads\/2025\/09\/0247_IlSonnoUccidestiVO2025-150x99.jpg 150w\" sizes=\"(max-width: 1024px) 100vw, 1024px\" \/><\/a><\/figure>\n\n\n\n<figure class=\"wp-block-image size-large\"><a href=\"https:\/\/www.ecoitaliano.com.ar\/wp-content\/uploads\/2025\/09\/08-Invito-presentazione-Il-sonno-uccidesti_1.jpg\"><img decoding=\"async\" width=\"503\" height=\"1024\" data-id=\"79961\" src=\"https:\/\/www.ecoitaliano.com.ar\/wp-content\/uploads\/2025\/09\/08-Invito-presentazione-Il-sonno-uccidesti_1-503x1024.jpg\" alt=\"\" class=\"wp-image-79961\" srcset=\"https:\/\/www.ecoitaliano.com.ar\/wp-content\/uploads\/2025\/09\/08-Invito-presentazione-Il-sonno-uccidesti_1-503x1024.jpg 503w, https:\/\/www.ecoitaliano.com.ar\/wp-content\/uploads\/2025\/09\/08-Invito-presentazione-Il-sonno-uccidesti_1-147x300.jpg 147w, https:\/\/www.ecoitaliano.com.ar\/wp-content\/uploads\/2025\/09\/08-Invito-presentazione-Il-sonno-uccidesti_1-768x1564.jpg 768w, https:\/\/www.ecoitaliano.com.ar\/wp-content\/uploads\/2025\/09\/08-Invito-presentazione-Il-sonno-uccidesti_1-754x1536.jpg 754w, https:\/\/www.ecoitaliano.com.ar\/wp-content\/uploads\/2025\/09\/08-Invito-presentazione-Il-sonno-uccidesti_1-1006x2048.jpg 1006w, https:\/\/www.ecoitaliano.com.ar\/wp-content\/uploads\/2025\/09\/08-Invito-presentazione-Il-sonno-uccidesti_1-74x150.jpg 74w, https:\/\/www.ecoitaliano.com.ar\/wp-content\/uploads\/2025\/09\/08-Invito-presentazione-Il-sonno-uccidesti_1.jpg 1257w\" sizes=\"(max-width: 503px) 100vw, 503px\" \/><\/a><\/figure>\n<\/figure>\n","protected":false},"excerpt":{"rendered":"<p>IL SONNO UCCIDESTI Damiano Michieletto e Paolo Fantin firmano la nuova commissione del X Verdi Off Alla Galleria S. Ludovico [&hellip;]<\/p>\n","protected":false},"author":1,"featured_media":0,"comment_status":"open","ping_status":"open","sticky":false,"template":"","format":"standard","meta":{"footnotes":""},"categories":[1],"tags":[],"class_list":["post-79942","post","type-post","status-publish","format-standard","hentry","category-sin-categoria"],"_links":{"self":[{"href":"https:\/\/www.ecoitaliano.com.ar\/index.php?rest_route=\/wp\/v2\/posts\/79942","targetHints":{"allow":["GET"]}}],"collection":[{"href":"https:\/\/www.ecoitaliano.com.ar\/index.php?rest_route=\/wp\/v2\/posts"}],"about":[{"href":"https:\/\/www.ecoitaliano.com.ar\/index.php?rest_route=\/wp\/v2\/types\/post"}],"author":[{"embeddable":true,"href":"https:\/\/www.ecoitaliano.com.ar\/index.php?rest_route=\/wp\/v2\/users\/1"}],"replies":[{"embeddable":true,"href":"https:\/\/www.ecoitaliano.com.ar\/index.php?rest_route=%2Fwp%2Fv2%2Fcomments&post=79942"}],"version-history":[{"count":1,"href":"https:\/\/www.ecoitaliano.com.ar\/index.php?rest_route=\/wp\/v2\/posts\/79942\/revisions"}],"predecessor-version":[{"id":79962,"href":"https:\/\/www.ecoitaliano.com.ar\/index.php?rest_route=\/wp\/v2\/posts\/79942\/revisions\/79962"}],"wp:attachment":[{"href":"https:\/\/www.ecoitaliano.com.ar\/index.php?rest_route=%2Fwp%2Fv2%2Fmedia&parent=79942"}],"wp:term":[{"taxonomy":"category","embeddable":true,"href":"https:\/\/www.ecoitaliano.com.ar\/index.php?rest_route=%2Fwp%2Fv2%2Fcategories&post=79942"},{"taxonomy":"post_tag","embeddable":true,"href":"https:\/\/www.ecoitaliano.com.ar\/index.php?rest_route=%2Fwp%2Fv2%2Ftags&post=79942"}],"curies":[{"name":"wp","href":"https:\/\/api.w.org\/{rel}","templated":true}]}}