{"id":80067,"date":"2025-09-26T11:25:21","date_gmt":"2025-09-26T11:25:21","guid":{"rendered":"https:\/\/www.ecoitaliano.com.ar\/?p=80067"},"modified":"2025-09-26T11:25:39","modified_gmt":"2025-09-26T11:25:39","slug":"artevento-presenta-il-programma-di-one-sky-one-world-dal-3-al-26-ottobre-2025-cervia","status":"publish","type":"post","link":"https:\/\/www.ecoitaliano.com.ar\/?p=80067","title":{"rendered":"ARTEVENTO presenta il programma di ONE SKY ONE WORLD | Dal 3 al 26 ottobre 2025 | Cervia"},"content":{"rendered":"\n<figure class=\"wp-block-table\"><table class=\"has-fixed-layout\"><tbody><tr><td><img decoding=\"async\" width=\"240\" height=\"auto\" src=\"https:\/\/ci3.googleusercontent.com\/meips\/ADKq_Nbkxfc15cxEk7fg5TRGIes0JONZUq6PljloDhbhkA3XtYrT7HgICCITo1oZETulcAeZP1nj-u_QLwUfe_35kxcha6UU-lOJFOze3hAoYbV6yi3bPUDSqvigtffql_k-iswsVFK4baprHnDEk1A1SBVccXbszpcq5cy7RCtX=s0-d-e1-ft#https:\/\/culturaliart.img.musvc2.net\/static\/91342\/images\/1\/Screenshot%202024-09-30%20alle%2010.21.23.png\" alt=\"\"><strong>ARTEVENTO AUTUNNOpresenta il programma di<\/strong>\u00a0<strong>ONE SKY ONE WORLDUn cielo nel mondo &#8211; Festival degli Aquiloni per la Pace\u00a0<\/strong><img decoding=\"async\" width=\"510\" height=\"auto\" src=\"https:\/\/ci3.googleusercontent.com\/meips\/ADKq_NZLx0PYmdKmUlix6js2vwUhaj63B0trq4-K7gHriYTe7Yp7b8glFJp34ujUKE8_OZOKtDSCJOYdqjbg1RrDpYH7gKk--SXh-Q8kztKz9IKFxr9TIMqtaG6xAxq7NA=s0-d-e1-ft#https:\/\/culturaliart.img.musvc2.net\/static\/91342\/images\/1\/_DSC3093.jpeg\" alt=\"\"><br><em>\u00a9 Florian Janich<\/em>\u00a0<strong>3-5 ottobre 2025 \u2013 One Sky One World\u00a0<\/strong>con:<strong>\u00a03 ottobre: apertura mostra \u201cIl Giro del Mondo in 80 Aquiloni\u201d\u00a0<\/strong>e\u00a0<strong>laboratori di aquiloni e origami4 ottobre: Parata per la Pace\u00a0<\/strong>e<strong>\u00a0cena di solidariet\u00e0 per la popolazione palestinese5 ottobre \u2013 One Sky One World \u2013 Volo degli aquiloni per la pace\u00a0Fino al 26 ottobre 2025 \u2013 mostra \u201cIl Giro del Mondo in 80 Aquiloni\u201d con laboratori<\/strong>Cervia &#8211; Magazzino del Sale Torre, Spiaggia &amp; Piazza Garibaldi<a href=\"https:\/\/culturaliart.musvc2.net\/e\/tr?q=9%3d9VFZ2%26G%3dD%26J%3d1YHX%26o%3dWMc0d%268%3dDtO3O_rvfv_3f_5wSu_El_rvfv_2k0Sw.88HtP57lDnNt.82I_rvfv_2krReI7E_rvfv_2knNt09AnO2-BeN7Ev6y-EnOrNn6CEoInHe-9rHl64QiG2Je-ArOt0tCi6-v-Z0-61Ji-9v-Kn0-6Gy-J1A-wJ5Hd-9nH-3-6y-W2-J7Po75A-2eEa-a-8rNvDn-IaBnVzD1K-d0y-OaGr-PoM5A-sKv7gBv7_rvfv_2k_5wSu_FluOz_OoP59e_MdyP_XQJeR6HeO7Ar_MdyP_WIQtH_7a6nzAdD8I_rvfv_3irIaDy_NQxc_X6P7I_c6zLaDtJ_rvfv_3iz7iG8L%26d%3dH8Ov8E.JeO%26vO%3d1XJa8%26O6%3dX0WHf9WIW0VLf4%26C%3dLf99FW39Ld0dFc17I709s93aFb8YHW38DccVsa2Xn7c0nf9AK98Yqa5dKe77rdaa&amp;mupckp=mupAtu4m8OiX0wt\" target=\"_blank\" rel=\"noreferrer noopener\"><strong>CARTELLA STAMPA E IMMAGINI<\/strong><\/a>\u200aDopo il successo della primavera,<strong>\u00a0ARTEVENTO CERVIA \u2013 Festival Internazionale dell\u2019Aquilone<\/strong>\u00a0torna\u00a0<strong>dal 3 al 26 ottobre<\/strong>\u00a0con<strong>\u00a0<\/strong>lo spin off autunnale\u00a0<strong><em>One Sky One World<\/em><\/strong>, concludendo in grande stile la sua 45esima edizione. L&#8217;obiettivo \u00e8 celebrare collettivamente i\u00a0<strong>40 anni<\/strong>\u00a0dalla nascita dell\u2019omonima\u00a0<strong>Giornata Mondiale del Volo degli Aquiloni per la Pace<\/strong>, invitando il pubblico a diventare il fulcro di una<strong>\u00a0grande mobilitazione collettiva<\/strong>\u00a0incentrata sul tema dell&#8217;aquilone, emblema di\u00a0<strong>libert\u00e0, pace, fraternit\u00e0 e sostenibilit\u00e0<\/strong>.\u00a0Aderendo al progetto\u00a0<strong>R1PUD1A di Emergency<\/strong>\u00a0e preparando la\u00a0<strong>Marcia per la Pace<\/strong>\u00a0in collaborazione con<strong>\u00a0Fondazione<\/strong>\u00a0<strong>PerugiAssisi<\/strong>, quest\u2019anno ARTEVENTO ha in serbo un calendario ricco\u00a0<strong>di appuntamenti<\/strong>\u00a0pensati per celebrare l\u2019<strong>idea di Europa\u00a0<\/strong>e<strong>\u00a0<\/strong>creare\u00a0<strong>dialogo, consapevolezza e coinvolgimento nelle grandi questioni attuali,\u00a0<\/strong>pur mantenendo sempre l\u2019impronta originale e frizzante tipica della manifestazione. Il primo weekend di ottobre sar\u00e0 dedicato ad\u00a0<strong>una vasta gamma di iniziative<\/strong>, quali\u00a0<strong>laboratori tematici per adulti e bambini, la grande mostra \u201cIl Giro del Mondo in 80 Aquiloni\u201d,\u00a0<\/strong>la\u00a0<strong>Parata per la Pace<\/strong>\u00a0e<strong>\u00a0il volo\u00a0<em>One Sky One World<\/em>,\u00a0<\/strong>che chiuder\u00e0 le celebrazioni del weekend,<strong>\u00a0<\/strong>con la presenza di alcuni grandi nomi del mondo dell\u2019aquilonismo internazionale.<strong>LA MOSTRA \u201cIL GIRO DEL MONDO IN 80 AQUILONI\u201d<br><br>ARTEVENTO COMMEMORA L\u201980\u00b0 ANNIVERSARIO DI HIROSHIMA E NAGASAKI, OMAGGIA L\u2019IDEA DI EUROPA, PRESENTA AQUILONI GIAPPONESI INEDITI RECENTEMENTE ACQUISITI E ORGANIZZA LABORATORI TEMATICI PER ADULTI E BAMBINI<\/strong>Dal 3 al 12 ottobre \u2013 Magazzino del Sale Torre<img decoding=\"async\" width=\"240\" height=\"auto\" src=\"https:\/\/ci3.googleusercontent.com\/meips\/ADKq_NaEhomLLQLnf-tra63lMVQOUG4HXWliaa-H2mpIK4ONAR_N51xIqkgRAYa-gTxzukFMxETgweLusR3s7mZs5PFS8VHwDSOg_LiiZoRp4ocNdwU7CRwRbbY=s0-d-e1-ft#https:\/\/culturaliart.img.musvc2.net\/static\/91342\/images\/1\/3(7).jpg\" alt=\"\">Highlight di questa attesa edizione autunnale di ARTEVENTO sar\u00e0 l\u2019<strong>inedita mostra<\/strong>\u00a0della rassegna\u00a0<strong>\u201cIl Giro del Mondo in 80 Aquiloni<\/strong>\u201d, allestita presso il\u00a0<strong>Magazzino del Sale Torre<\/strong>. Il progetto espositivo inaugurer\u00e0\u00a0<strong>venerd\u00ec 3 ottobre<\/strong>\u00a0e rimarr\u00e0 accessibile gratuitamente al pubblico\u00a0<strong>fino a domenica 26 ottobre<\/strong>.\u00a0Quest\u2019anno pi\u00f9 che mai, il titolo dell\u2019esposizione \u00e8 pertinente con l\u2019intento del progetto:\u00a0<strong>un percorso alla scoperta delle opere in mostra<\/strong>, promuovendo un legame tra popoli e culture partendo dal Giappone per approdare all\u2019idea di Europa unita. Un vero e proprio\u00a0<strong>viaggio storico<\/strong>\u00a0rappresentato dalle sezioni in cui sar\u00e0 suddivisa la mostra.<img decoding=\"async\" width=\"180\" height=\"auto\" src=\"https:\/\/ci3.googleusercontent.com\/meips\/ADKq_NbTPxF8gVO_xhK4QEj-6IYfTN-Uvf652h80Toame65Cn90zBgWV1_sZzymYpanq82Yw-FiFGGlx87vtqJ2fev2wd7Ta8rWRbN2vafUR8Oz1Y4jFkFwTsHmCXlgYK8wl8g=s0-d-e1-ft#https:\/\/culturaliart.img.musvc2.net\/static\/91342\/images\/1\/IMG_0434(0).jpeg\" alt=\"\"><em>European Air Gallery &#8211; aquilone di Martine Chatel &amp; Joel Theze (Francia)<\/em>La prima sezione sar\u00e0 dedicata alle donazioni e alle ultime acquisizioni dal Giappone \u2013 tra cui alcuni\u00a0<strong>inediti<\/strong>\u00a0\u2013 facenti parte della prestigiosa collezione del Museo dell\u2019Aquilone.\u00a0Insieme a questi, all\u2019interno del Magazzino del Sale verr\u00e0 riservato uno\u00a0<strong>spazio\u00a0<\/strong>alla\u00a0<strong>grande attrazione di questa edizione<\/strong>. Verranno esposti\u00a0<strong>in esclusiva<\/strong>\u00a0e\u00a0<strong>per la prima volta in Italia<\/strong>\u00a0alcuni emblematici esemplari delle due collezioni di aquiloni che nella seconda met\u00e0 degli anni \u201980 promossero l\u2019idea di Europa attraverso la creazione di aquiloni di modello giapponese\u00a0<em>edo<\/em>, dipinti da artisti di vari paesi europei:\u00a0<strong>The Hague Air Gallery\u00a0<\/strong>e<strong>\u00a0European Air Gallery<\/strong>, che saranno poi esposte nella loro completezza in occasione della 46\u00b0 edizione di ARTEVENTO.\u00a0Sempre nel contesto della mostra \u201cIl Giro del Mondo in 80 Aquiloni\u201d, ARTEVENTO dedica un approfondimento alla commemorazione dell<strong>\u201980\u00b0 anniversario di\u00a0Hiroshima e Nagasaki<\/strong>, in collaborazione con\u00a0<strong>ASCIG Associazione Scambi Culturali Italia Giappone,\u00a0<\/strong>e nel contesto del\u00a0<strong>Festival Ottobre Giapponese<\/strong>.Oltre ad esporre per la prima volta l\u2019aquilone dedicato a Hiroshima dall\u2019artista olandese\u00a0<strong>Albert Trinks<\/strong>, nel pomeriggio di\u00a0<strong>sabato 4<\/strong>\u00a0ARTEVENTO celebra il ripudio della guerra e l\u2019invito al disarmo insito nel significato stesso della giornata One Sky One World, promuovendo la tradizione delle \u201c<strong>mille gru di origami\u201d<\/strong>\u00a0e onorando il ricordo di\u00a0<strong>Sasaki Sadako,\u00a0<\/strong>figura emblematica della pace in Giappone, attraverso un laboratorio ed un incontro con il\u00a0<strong>Prof. Marco Del Bene<\/strong>, Professore Associato di\u00a0<em>Storia del Giappone Contemporaneo<\/em>\u00a0all\u2019Universit\u00e0 La Sapienza di Roma. Sopravvissuta al disastro di Hiroshima ma morta a soli 12 anni a causa delle radiazioni della bomba, nel gioco di richiami proposto da ARTEVENTO, la piccola Sadako raffigurata anche nell\u2019aquilone di Trinks, diventa il simbolo di tutti i bambini vittime degli orrori della guerra, invitando ad assumere una posizione netta nei confronti del protrarsi del genocidio che in 23 mesi ha registrato la morte di\u00a0<strong>20.000 bambini palestinesi<\/strong>. Come di consueto, anche durante l\u2019edizione 2025 verr\u00e0 riservato ampio spazio ai\u00a0<strong>laboratori creativi dedicati ad adulti e bambini<\/strong>, previsti nelle giornate di<strong>\u00a0venerd\u00ec 3 e sabato 4 ottobre\u00a0<\/strong>al Magazzino del Sale.\u00a0<img decoding=\"async\" width=\"285\" height=\"auto\" src=\"https:\/\/ci3.googleusercontent.com\/meips\/ADKq_NYkkf0mLw8THtmvHSUV9YLOM_qhTovFZ2QmpdTNYFfZDl85u1pqT_rrIxh7wQ_y9uMixWRC7vPeB3vGS6SD5UBfFvhxtnUq9E28SCETXreUGOtfMz88S7b9_pIMMVQi6tDh00l_BbDNHsl7FFVyNFUZCY4kDdTOn5orD7QnijSNH70=s0-d-e1-ft#https:\/\/culturaliart.img.musvc2.net\/static\/91342\/images\/1\/Dedicato%20a%20Hiroshima%20_%20Albert%20Trinks.jpg\" alt=\"\"><em>Aquilone di Albert Trinks dedicato a Hiroshima<\/em>Per l\u2019occasione, ARTEVENTO propone ai bambini uno speciale\u00a0<strong>laboratorio<\/strong>\u00a0<strong>a sostegno dei piccoli gazawi<\/strong>, mentre torna protagonista dell\u2019attivit\u00e0 per adulti l\u2019artista polacca\u00a0<strong>Alicja Szalska<\/strong>\u00a0che proporr\u00e0 per la prima volta un\u00a0<strong>aquilone &#8211; bandiera<\/strong>\u00a0della pace. Tali creazioni non solo avranno lo scopo di colorare il cielo della spiaggia libera di Cervia, ma potranno sfilare come uno stendardo durante la\u00a0<strong>Parata per la Pace<\/strong>\u00a0in programma nel tardo pomeriggio di\u00a0<strong>sabato 4 ottobre.PARATA PER LA PACE<\/strong>\u00a0<strong>con Fondazione PerugiAssisi eCENA DI SOLIDARIETA\u2019 per Emergency e Medici Senza Frontiere<br>a sostegno della popolazione palestinese e di Global Sumud Flottilla<\/strong>Sabato 4 ottobre \u2013 Dal Porto a P.zza Garibaldi<img decoding=\"async\" width=\"390\" height=\"auto\" src=\"https:\/\/ci3.googleusercontent.com\/meips\/ADKq_Nbh1n_8RKxbjLSiM8bZZJYRJH2Rc2d8W3purCgWErlmGAZ2ZAcPIPJI_nSP4nWynV4dVwLInWLJ9XrIjZOMUuqxlyERnc2TBtQfZk14W4VNgn8S_qvUBcr7EC0X7g=s0-d-e1-ft#https:\/\/culturaliart.img.musvc2.net\/static\/91342\/images\/1\/IMG_4450.jpeg\" alt=\"\">ARTEVENTO sancisce la propria collaborazione con\u00a0<strong>Fondazione PerugiAssisi<\/strong>\u00a0dedicando il pomeriggio di\u00a0<strong>sabato 4 ottobre<\/strong>\u00a0alla\u00a0<strong>Parata per la Pace<\/strong>, che partir\u00e0 alle\u00a0<strong>ore 18.00<\/strong>\u00a0dal Magazzino del Sale e arriver\u00e0 in Piazza Garibaldi dove ARTEVENTO propone una serata con una\u00a0<strong>cena di solidariet\u00e0\u00a0<\/strong>finalizzata a una raccolta di fondi da destinare ad\u00a0<strong>Emergency<\/strong>\u00a0e a\u00a0<strong>Medici Senza Frontiere<\/strong>\u00a0a sostegno della popolazione palestinese. Quest&#8217;iniziativa vedr\u00e0 la straordinaria partecipazione delle\u00a0<strong>Cucine Popolari<\/strong>\u00a0di Bologna, le mense sociali ideate e gestite in diversi quartieri del capoluogo di Regione dall&#8217;Organizzazione di volontariato\u00a0<strong>Civibo<\/strong>\u00a0allo scopo di promuovere non solo la solidariet\u00e0, ma anche la partecipazione alla cosa pubblica, i diritti, l\u2019uguaglianza e la libert\u00e0. La partecipazione di Cucine Popolari di Bologna, dimostra la forza dell\u2019Emilia-Romagna nell\u2019attivarsi coesa a difesa dei propri valori identitari e accoglie la comunit\u00e0 di quanti hanno aderito all\u2019appello di ARTEVENTO rendendo possibile la cena solidale:\u00a0<strong>Coop Alleanza 3.0, Cervia Social Food, Auxilia Onlus, CGIL, ANPI, SPI, Rete Italiana Pace e Disarmo\u00a0<\/strong>e<strong>\u00a0l\u2019Istituto di Istruzione Superiore \u201cTonino Guerra\u201d<\/strong>. Quest&#8217;ultimo, attraverso una masterclass di cucina palestinese curata per i suoi studenti dal giornalista\u00a0<strong>Milad Basir<\/strong>, propone per la serata un men\u00f9 dedicato.<strong>\u00a0<\/strong>Inoltre, durante l\u2019evento, in occasione della ricorrenza del\u00a0<strong>12\u00b0 anniversario del naufragio di Lampedusa<\/strong>\u00a0ARTEVENTO promuover\u00e0 il\u00a0<strong>salvataggio in mare<\/strong>\u00a0dei migranti in difficolt\u00e0 e il tema dell\u2019accoglienza in collaborazione con\u00a0<strong>ResQ<\/strong>\u00a0<strong>People Saving People<\/strong>\u00a0e\u00a0<strong>Mediterranea\u00a0Saving Humans<\/strong>\u00a0e attraverso un collegamento video in diretta con la citt\u00e0 di Lampedusa per condividere il ricordo del naufragio del 2013 con alcuni dei suoi protagonisti, dal pescatore\u00a0<strong>Vito Fiorino<\/strong>\u00a0salvatore di 47 persone al sanitario responsabile dei primi soccorsi\u00a0<strong>Pietro Bartolo<\/strong>\u00a0passando per la testimonianza dei superstiti e le parole di\u00a0<strong>Alessandro Rocca\u00a0<\/strong>autore del Docufilm\u00a0<em>\u201cA nord di Lampedusa\u201d.<\/em>Il collegamento video, cos\u00ec come i contributi proiettati a corollario della serata saranno a cura di\u00a0<strong>Cinema di Desert\u00a0<\/strong>\u2013\u00a0<strong>cinema mobile a energia solare \u2013 ideato\u00a0<\/strong>per condividere esperienze di vite, viaggi e migrazioni e promuovere modelli di comportamento consapevoli e virtuosi attraverso l\u2019arte come strumento trasformativo.\u00a0Nella stessa giornata, non mancheranno la musica dal vivo e illustri ospiti di pertinenza, invitati per diffondere informazione e consapevolezza sul tema, come il giornalista italo palestinese\u00a0<strong>Milad Jubran Basir<\/strong>\u00a0e altri testimoni.<strong>ONE SKY ONE WORLD DAY \u2013 VOLO DEGLI AQUILONI PER LA PACE<\/strong>Domenica 5 ottobre \u2013 Spiaggia di Cervia<img decoding=\"async\" width=\"360\" height=\"auto\" src=\"https:\/\/ci3.googleusercontent.com\/meips\/ADKq_Nblj7uIjUfpZm10jcGUu-f7r1l37gQMep7lJiNJXCI9zFPF32dG6ATEhzkY2asLKwKUbH42nb91d6rlvm9gOV_r5T4SGry3jHsybSBSYy7GWDy2ZYQyPKh5pZ6hEQ=s0-d-e1-ft#https:\/\/culturaliart.img.musvc2.net\/static\/91342\/images\/1\/DJI_0592.jpeg\" alt=\"\"><em>\u00a9 Florian Janich<\/em><strong>Domenica 5 ottobre<\/strong>, sulla spiaggia libera di Cervia, a partire dalle\u00a0<strong>ore 10.00<\/strong>, ARTEVENTO invita a far volare un aquilone per celebrare\u00a0<strong>la resistenza di una collettivit\u00e0 coesa<\/strong>\u00a0che non si arrende alle logiche della violenza. A partire dalle prime ore del mattino, il cielo si colorer\u00e0 per celebrare il 40esimo anniversario di\u00a0<strong><em>One Sky One World<\/em><\/strong>, Giornata Mondiale del Volo degli Aquiloni per la Pace promossa da un\u2019iniziativa dell\u2019attivista americana\u00a0<strong>Jane Parker Ambrose,\u00a0<\/strong>sollecitata dallo storico incontro fra Reagan e Gorbaciov durante il Summit di Denver sul disarmo nucleare.\u00a0Ulteriore elemento aggiuntivo di questa edizione sar\u00e0 il\u00a0<strong>laboratorio di beach clean up<\/strong>\u00a0per bambini in collaborazione con\u00a0<strong>HERA<\/strong>, al fine di mettere in luce il tema del\u00a0<strong>rispetto dell\u2019ambiente<\/strong>\u00a0<strong>e del pianeta<\/strong>\u00a0in cui viviamo.\u00a0Il festival si svolge nell\u2019ambito del progetto \u201c<strong>Voci per la pace: percorso nei valori di comunit\u00e0<\/strong>\u201d promosso dal\u00a0<strong>Comune di Cervia Assessorato alla Pace<\/strong>, con il sostegno della\u00a0<strong>Regione Emilia-Romagna<\/strong>\u00a0e si avvale della Media Partnership di\u00a0<strong>Radio Citt\u00e0 Fujiko<\/strong>.\u00a0Il programma completo di ARTEVENTO \u00e8 consultabile sul sito della manifestazione:<br><a href=\"https:\/\/culturaliart.musvc2.net\/e\/tr?q=7%3d9RAX2%26C%3d9%26H%3d1UCV%26o%3dSHa0Z%263%3dBtKxM_rrat_3b_zuSq_0j_rrat_2giLt649nKw.7oD_zuSq_0j_rrat_3g3Nm_JwOr4m_LQtX_WDEmQsCmNt6z_LQtX_V6L2G_m6lCuD_zuSq_AheDiCl_IYwP_SDOtD_k5mGiCgE_zuSq_Ahm2qFuG%26l%3dGuJ472.EmN%26iJ%3d9W7VF%26Ns%3dSHV5aGV6RHU9a5a2iB%26B%3d9RkV4UlX6RHZdVjV85DV9RHZ64DW82j003HY7Xjc6ZGX56jU6an6aWlWbXnbe3lZ&amp;mupckp=mupAtu4m8OiX0wt\" target=\"_blank\" rel=\"noreferrer noopener\">https:\/\/artevento.com\/<\/a>\u200a<strong>INFORMAZIONI UTILI40 ANNI DI ONE SKY ONE WORLD<\/strong>DOVE:\u00a0<strong>Cervia &#8211; Magazzino del Sale Torre, Spiaggia &amp; Piazza Garibaldi<\/strong>QUANDO:\u00a0<strong>Dal 3 al 26 ottobre 2025\u00a0Venerd\u00ec 3 Ottobre<\/strong>Dalle 10.00 alle 19.00: mostra \u201cIl Giro del Mondo in 80 Aquiloni\u201dMagazzino del Sale Torre, Cervia\u00a0Dalle 10.00 alle 19.00: laboratori di aquiloni per adulti e bambiniMagazzino del Sale Torre, Cervia\u00a0<strong>Sabato 4 Ottobre<\/strong>Dalle 10.00 alle 22.00: mostra \u201cIl Giro del Mondo in 80 Aquiloni\u201dMagazzino del Sale Torre, CerviaDalle 10.00 alle 18.00: laboratori di aquiloni per adulti e bambiniMagazzino del Sale Torre, Cervia\u00a0Ore 18.00: Parata per la PacePartenza da Magazzino del Sale \/ ingresso mostra \u2013 arrivo in Piazza Garibaldi passando per Borgo Marina, Lungomare D\u2019Annunzio Viale Roma\u00a0Dalle ore 19.00: cena di solidariet\u00e0 per la popolazione palestinesePiazza Garibaldi, Cervia\u00a0<strong>Domenica 5 Ottobre<\/strong>Dalle 10.00 alle 19.00: mostra \u201cIl Giro del Mondo in 80 Aquiloni\u201dMagazzino del Sale Torre, Cervia\u00a0Dalle 9.00 alle 19.00: One Sky One World \u2013 Volo degli aquiloni per la paceLaboratori di costruzione aquiloni per bambiniLaboratorio di beach clean up per bambini in collaborazione con<strong>\u00a0<\/strong>HERAPicnic di solidariet\u00e0 per la popolazione PalestineseSpiaggia di Cervia\u00a0<strong>Dal 6 al 26 Ottobre<\/strong>Laboratori riservati alle scuole e al pubblicoSpiaggia di Cervia<strong>\u00a0Dal 3 al 26 Ottobre<\/strong>Mostra inedita \u201cIl Giro del Mondo in 80 Aquiloni\u201dMagazzino del Sale Torre, Cervia\u00a0<strong>LABORATORI<\/strong>Per iscriversi ai laboratori per adulti di venerd\u00ec 3 e sabato 4 Ottobre al Magazzino del Sale \u00e8 necessario prenotarsi ascrivendo a\u00a0<a href=\"mailto:info@artevento.com\" target=\"_blank\" rel=\"noreferrer noopener\">info@artevento.com<\/a>Per partecipare ai laboratori per bambini di venerd\u00ec 3 e sabato 4 Ottobre al Magazzino del Sale occorre iscriversi il giorno stesso all\u2019ingresso delle sale espositive;Per partecipare ai laboratori per bambini di domenica 5 Ottobre presso la spiaggia libera di Cervia Lungomare Grazia Deledda occorre presentarsi alla tenda ARTEVENTO.\u00a0<strong>INFO TURISTICHE<\/strong><br>Per informazioni sui pacchetti turistici inclusivi di albergo + laboratori creativi ARTEVENTO per grandi e bambini scrivere a:\u00a0<a href=\"mailto:c.pagan@discovercervia.com\" target=\"_blank\" rel=\"noreferrer noopener\">c.pagan@discovercervia.com<\/a>\u00a0<strong>CONTATTI<\/strong>SITO:\u00a0<a href=\"https:\/\/culturaliart.musvc2.net\/e\/tr?q=4%3dRXFUK%26I%3dD%26E%3dJaHS%268%3dYMXSf%268%3d9CQ3J_Axfq_Lh_5rlw_Eg_Axfq_KmnICB967Q2.48J_5rlw_Eg_Axfq_Lm8K6_P2LA0r_Ijzc_TWKrNBIrKCB5_Ijzc_SOR7D_6Bq0DJ_5rlw_FexJn05_Odti_YILCJ_p26Mn0zK_5rlw_Fe68vCDM%26q%3dDDP94K.KrK%262P%3dDTPbK%26KB%3dYMSNgLSOXMRRg2t8nG%269%3dRXpSMaqUOXMWwboSQAISRXMWO0ITQ8o7S9MVPdoZOfLUNBoROgs3tcqTudsYx9qW&amp;mupckp=mupAtu4m8OiX0wt\" target=\"_blank\" rel=\"noreferrer noopener\">https:\/\/artevento.com\/<\/a>FACEBOOK:\u00a0<a href=\"https:\/\/culturaliart.musvc2.net\/e\/tr?q=5%3dRW6VK%26H%3d4%26F%3dJZ8T%268%3dXCYSe%26x%3d0CPsK_AwVr_Lg_uslv_5h_AwVr_KlzOF.Bd5x8rG4.9rE_AwVr_Kli7BPlNtHdIDEoG7Af7ARl3_AwVr_Kl_uslv_6hDPp_K8Qu5x_NTui_YGFxSvDxPw7A_NTui_X9MCI_p7wExE_AwVr_LjhEtEo_JjyS_TOQwE_v7pHtEjF_AwVr_Ljp32HxH%26w%3dIxKE95.FxP%26lK%3dJY0WQ%26Pv%3dTSX8bRX9SSWBbM%26D%3dfZy85ZSf7XRe8TMXAWQYB8RY4WtA7SMY6VwACZvYg4vA45Jdd7SYB7M3t7df9UQBd4MZ&amp;mupckp=mupAtu4m8OiX0wt\" target=\"_blank\" rel=\"noreferrer noopener\">https:\/\/www.facebook.com\/festivalaquilonecervia\/<\/a>INSTAGRAM:\u00a0<a href=\"https:\/\/culturaliart.musvc2.net\/e\/tr?q=A%3d0U3b3%26F%3d1%26L%3d2X5Z%26p%3dV0eAc%26u%3dFuNpQ_suSx_4e_ryTt_2n_suSx_3jwUx.CnQu5gPbG.cMn_LQ1Q_VF9sNeTfHtM_d9rTj5_kGu9_fCtNiTbF_ryTt_2n_suSx_4juRn_MoSs7e_PRwP_aEHeUtFeRu9r_PRwP_Z7OtK_n9dGvG_ryTt_3lfGaGm_LQ1Q_V6SuG_c9nJaGhH_ryTt_3ln5iJvJ%26d%3dKvMvA3.HeR%26jM%3d1a8Y8%26Rt%3dV0Z6d9Z7U0Y0d4%26F%3dcWff7X2c574Y7Y5d39be7ach868ZfdefeZ69faeCA73C599b5a6B260Z6Z4g577h3b6Y&amp;mupckp=mupAtu4m8OiX0wt\" target=\"_blank\" rel=\"noreferrer noopener\">https:\/\/www.instagram.com\/artevento_cervia_kite_festival\/<\/a>YOUTUBE:\u00a0<a href=\"https:\/\/culturaliart.musvc2.net\/e\/tr?q=A%3dTUIbM%26F%3dG%26L%3dLXKZ%260%3dVPeUc%26A%3dFEN6Q_Cuix_Ne_8ynt_Hn_Cuix_MjCUH.S5SEOrC.xI3_Plwf_Za7x99HuJ_Cuix_MjkkXuB-cheZmJ-VT2djKe-QjC_Plwf_Za0u9EO8Cy_Lg1k_WVSEG_9MFLsC_Cuix_Nh4CHM2CENuP_Cuix_MZAR8_GuB4O3_Plwf_aY9394F_8ynt_HdFN3_AvG694A4_Plwf_aYGqG7O6%26B%3d8O9TxV.4CE%26C9%3dYNaKf%26EM%3dHhMYPgMZGhLcPb%263%3dZMcPdIdU6HeUXsd1VuDUcugLZKAR7Ka9v5qOdN0v0thz7LYT5LbR7P0yXuYN8P9NXKBP&amp;mupckp=mupAtu4m8OiX0wt\" target=\"_blank\" rel=\"noreferrer noopener\">https:\/\/www.youtube.com\/channel\/UCCQv-5MAJEy-2DTIF57-6Fw\/featured<\/a><a href=\"https:\/\/culturaliart.musvc2.net\/e\/tr?q=3%3dJYKTC%26J%3dI%26D%3dBbMR%26z%3dZRWKg%26C%3d85R8I_3ykp_Di_0qdx_Jf_3ykp_CnEM8.Ds3p07Ev.A7C_3ykp_Cnx54R1LlJsG6G4EyCu53T11_3ykp_Cn_0qdx_Kf6R5_IzS03p_Pisa_aVDpUABpRB53_Pisa_ZNK5K_55oGCC_3ykp_DlwClG4_Hb1h_RGSBC_n95FlGyD_3ykp_Dl51tJCF%26o%3dKCI7AJ.DpR%261I%3dBaOUI%26RA%3dRKZMZJZNQKYQZE%26F%3duXq0JXKhLVJgMREZPUIaQ6JaIUlCLQEaKToCRXnav2nCI3Bfs5KaQ5E1l9shNSIDs2Eb&amp;mupckp=mupAtu4m8OiX0wt\" target=\"_blank\" rel=\"noreferrer noopener\"><\/a><a href=\"https:\/\/culturaliart.musvc2.net\/e\/tr?q=8%3dNYOYG%26J%3dM%26I%3dFbQW%264%3dZVbOg%26G%3dC9RBN_7you_Hi_Dvhx_Nk_7you_GnIRB.G0N993MpK.yJ2_Pmxe_Zb67R1QtLFJ_rCDQx9_7D9C_208R5QpJ_Dvhx_Nk_7you_HnGO2_QAP7A1_Mf1l_XSL1R8J1O9CD_Mf1l_WKSFH_2CzD0K_Dvhx_OitKwD1_Pmxe_ZRP9K_y62NwDvL_Dvhx_Oi295G0N%26z%3dH0QH8G.L1O%26xQ%3dMXLcT%26O8%3dZVWJhUWKYVVNhP%26C%3dqa2cKbNZIAPVKcQaGCxbKeyeL0TWth1csdR6te10OAO0IC6p9wR9F0VWJdPdIASeGfRV&amp;mupckp=mupAtu4m8OiX0wt\" target=\"_blank\" rel=\"noreferrer noopener\"><\/a><a href=\"https:\/\/culturaliart.musvc2.net\/e\/tr?q=4%3dTYGUM%26J%3dE%26E%3dLbIS%260%3dZNXUg%269%3d9ER4J_Cygq_Ni_6rnx_Fg_Cygq_MnANH.W3LESp6.xM1_Il1d_SaAv29LsC_Cygq_MnidXy0-VhiXfJ-ZRudnIX-QnA_Il1d_SaDs2ES66y_Petk_aTLEK_7FFPq6_Cygq_Nl26HQz6ERsI_Cygq_Md9K8_Ks54S1_Il1d_TYC124J_6rnx_FWFR1_4vK424E2_Il1d_TYKo07S4%265%3d8S7MxZ.26E%26G7%3dRNeIY%26EQ%3dFaMcNZMdEaLgNU%263%3ddKVPhGWU0FXUbqW1Zs7UgsZLdI4RAIT2v9oOhL3vDrazAJRT9JURAN3ybsRNBN2NbI5P&amp;mupckp=mupAtu4m8OiX0wt\" target=\"_blank\" rel=\"noreferrer noopener\"><\/a><a href=\"https:\/\/culturaliart.musvc2.net\/e\/tr?q=6%3dPRQWI%26C%3dO%26G%3dHUSU%266%3dSXZQZ%26I%3dAAKDL_9rqs_Jb_Ftjq_Pi_9rqs_IgyKA6J85KC.66D_Ftjq_Pi_9rqs_JgIM4_JCN943_Khtn_VUE3P0C3MA6F_Khtn_UMLHF_462BBD_Ftjq_QgvDyB3_Iovg_STNAD_144GyBxE_Ftjq_Qg427EBG%262%3dFBJJ6I.E3M%26zJ%3dOVNVV%26M0%3dSXULaWUMRXTPa4r2yR%26A%3dPR1UKU2WMRXYuVzUO5TUPRXYM4TVO2z9Q3XXNXzbMZWWL6zTMa45rW2VsX4av32Y&amp;mupckp=mupAtu4m8OiX0wt\" target=\"_blank\" rel=\"noreferrer noopener\"><\/a><\/td><\/tr><\/tbody><\/table><\/figure>\n","protected":false},"excerpt":{"rendered":"<p>ARTEVENTO AUTUNNOpresenta il programma di\u00a0ONE SKY ONE WORLDUn cielo nel mondo &#8211; Festival degli Aquiloni per la Pace\u00a0\u00a9 Florian Janich\u00a03-5 [&hellip;]<\/p>\n","protected":false},"author":1,"featured_media":0,"comment_status":"open","ping_status":"open","sticky":false,"template":"","format":"standard","meta":{"footnotes":""},"categories":[4,10],"tags":[],"class_list":["post-80067","post","type-post","status-publish","format-standard","hentry","category-cultura","category-italiano"],"_links":{"self":[{"href":"https:\/\/www.ecoitaliano.com.ar\/index.php?rest_route=\/wp\/v2\/posts\/80067","targetHints":{"allow":["GET"]}}],"collection":[{"href":"https:\/\/www.ecoitaliano.com.ar\/index.php?rest_route=\/wp\/v2\/posts"}],"about":[{"href":"https:\/\/www.ecoitaliano.com.ar\/index.php?rest_route=\/wp\/v2\/types\/post"}],"author":[{"embeddable":true,"href":"https:\/\/www.ecoitaliano.com.ar\/index.php?rest_route=\/wp\/v2\/users\/1"}],"replies":[{"embeddable":true,"href":"https:\/\/www.ecoitaliano.com.ar\/index.php?rest_route=%2Fwp%2Fv2%2Fcomments&post=80067"}],"version-history":[{"count":1,"href":"https:\/\/www.ecoitaliano.com.ar\/index.php?rest_route=\/wp\/v2\/posts\/80067\/revisions"}],"predecessor-version":[{"id":80068,"href":"https:\/\/www.ecoitaliano.com.ar\/index.php?rest_route=\/wp\/v2\/posts\/80067\/revisions\/80068"}],"wp:attachment":[{"href":"https:\/\/www.ecoitaliano.com.ar\/index.php?rest_route=%2Fwp%2Fv2%2Fmedia&parent=80067"}],"wp:term":[{"taxonomy":"category","embeddable":true,"href":"https:\/\/www.ecoitaliano.com.ar\/index.php?rest_route=%2Fwp%2Fv2%2Fcategories&post=80067"},{"taxonomy":"post_tag","embeddable":true,"href":"https:\/\/www.ecoitaliano.com.ar\/index.php?rest_route=%2Fwp%2Fv2%2Ftags&post=80067"}],"curies":[{"name":"wp","href":"https:\/\/api.w.org\/{rel}","templated":true}]}}