{"id":80119,"date":"2025-09-29T12:53:06","date_gmt":"2025-09-29T12:53:06","guid":{"rendered":"https:\/\/www.ecoitaliano.com.ar\/?p=80119"},"modified":"2025-09-29T12:53:36","modified_gmt":"2025-09-29T12:53:36","slug":"venezia_sulle-tracce-dellinfanzia_-personale-di-w-davanzo-_spazio-thetis","status":"publish","type":"post","link":"https:\/\/www.ecoitaliano.com.ar\/?p=80119","title":{"rendered":"Venezia_SULLE TRACCE DELL&#8217;INFANZIA_ Personale di W.Davanzo _Spazio THETIS"},"content":{"rendered":"\n<figure class=\"wp-block-image size-full\"><a href=\"https:\/\/www.ecoitaliano.com.ar\/wp-content\/uploads\/2025\/09\/unnamed-8.jpg\"><img decoding=\"async\" width=\"1000\" height=\"979\" src=\"https:\/\/www.ecoitaliano.com.ar\/wp-content\/uploads\/2025\/09\/unnamed-8.jpg\" alt=\"\" class=\"wp-image-80120\" srcset=\"https:\/\/www.ecoitaliano.com.ar\/wp-content\/uploads\/2025\/09\/unnamed-8.jpg 1000w, https:\/\/www.ecoitaliano.com.ar\/wp-content\/uploads\/2025\/09\/unnamed-8-300x294.jpg 300w, https:\/\/www.ecoitaliano.com.ar\/wp-content\/uploads\/2025\/09\/unnamed-8-768x752.jpg 768w, https:\/\/www.ecoitaliano.com.ar\/wp-content\/uploads\/2025\/09\/unnamed-8-150x147.jpg 150w\" sizes=\"(max-width: 1000px) 100vw, 1000px\" \/><\/a><\/figure>\n\n\n\n<figure class=\"wp-block-table\"><table class=\"has-fixed-layout\"><tbody><tr><td>CRISTINA GATTI | PRESS &amp; P.R.| VENEZIA<\/td><\/tr><tr><td><a href=\"https:\/\/cristinagatti.us20.list-manage.com\/track\/click?u=7c6112b2013855f2ee2078204&amp;id=cc55a2b0e8&amp;e=7195a675bb\" target=\"_blank\" rel=\"noreferrer noopener\"><\/a><strong>Walter DAVANZO<\/strong><strong>SULLE TRACCE DELL&#8217;INFANZIA<\/strong>a cura di Saverio Simi De Burgis<strong>18.09&gt;15.10.2025&nbsp;<\/strong><strong>Spazio Thetis<\/strong>Arsenale Novissimo &#8211; Bacini, Venezia<\/td><\/tr><tr><td>Fino al 15 ottobre 2025 Spazio Thetis<strong>,<\/strong>&nbsp;nelle antiche tese dell&#8217;Arsenale di Venezia, ( presenta la personale di&nbsp;<strong>Walter Davanzo<\/strong>,&nbsp;<strong><em>Sulle tracce dell\u2019infanzia<\/em>, a cura di *<em>Saverio Simi De Burgis<\/em><\/strong><br><br>La mostra indaga la memoria dell\u2019infanzia come radice creativa e archetipo universale: fotografie scolastiche e ricordi personali diventano sulla tela un \u201calbum collettivo\u201d, dove ironia e malinconia, realismo e lirismo si intrecciano. Non un\u2019antologica, ma una tappa significativa nel percorso di un artista che da sempre fa della pittura un linguaggio vitale ed esistenziale.Spazio Thetis, polo culturale di Thetis S.p.A., conferma con questo progetto la sua vocazione a coniugare arte contemporanea, ricerca e sostenibilit\u00e0 in uno dei luoghi pi\u00f9 suggestivi di Venezia.<strong>L&#8217;evento \u00e8 in collaborazione con l&#8217;Associazione culturale Paolo Rizzi ETS di Venezia&nbsp;<\/strong><a href=\"https:\/\/cristinagatti.us20.list-manage.com\/track\/click?u=7c6112b2013855f2ee2078204&amp;id=186c44096b&amp;e=7195a675bb\" target=\"_blank\" rel=\"noreferrer noopener\">Comunicato stampa e Immagini<\/a><strong>DOVE<\/strong><br>Spazio Thetis,&nbsp;Arsenale Novissimo \u2013 Venezia&nbsp;<br>Vaporetto linea 5.1- 5.2 Fermata: BACINI<br>(prenotare la fermata perch\u00e9 \u00e8 a richiesta)<br><a href=\"http:\/\/www.thetis.it\/\" target=\"_blank\" rel=\"noreferrer noopener\">www.thetis.it<\/a>&nbsp;<br><br><strong>ORARI di VISITA&nbsp;<\/strong><br>dalle 10 alle 17 da lunedi a venerdi&nbsp;<br>anche su appuntamento al&nbsp;<strong>347&nbsp;<\/strong><strong>4254489<\/strong><a href=\"https:\/\/cristinagatti.us20.list-manage.com\/track\/click?u=7c6112b2013855f2ee2078204&amp;id=95160d23f9&amp;e=7195a675bb\" target=\"_blank\" rel=\"noreferrer noopener\"><\/a><img decoding=\"async\" height=\"80\" src=\"https:\/\/ci3.googleusercontent.com\/meips\/ADKq_NaO5zFEiMyCzSDP8im6sxaNxgDrRx9AoDt2L3fpEJarV14005YipBvyZ92O8zYZB5GEZoamirbY5SROXudYYwjleMgdo1HLQBanc8BrWe4cVjCuqoKYlU91fdXaKYOXuWKYNY-XzDbp3Shh9853GKhklHe9BJkKTDA=s0-d-e1-ft#https:\/\/mcusercontent.com\/7c6112b2013855f2ee2078204\/images\/2c131045-82ab-0c10-fc12-40b6fe9993a5.jpg\" width=\"140\"><\/td><\/tr><tr><td><\/td><\/tr><tr><td><\/td><\/tr><tr><td><em><a href=\"https:\/\/cristinagatti.us20.list-manage.com\/track\/click?u=7c6112b2013855f2ee2078204&amp;id=91af50acfc&amp;e=7195a675bb\" target=\"_blank\" rel=\"noreferrer noopener\"><\/a><br>Copyright (C) 2025<br>Cristina Gatti | Press &amp; P.R.. Tutti i diritti riservati.<\/em><br>Our mailing address is:<br>Cristina Gatti Press &amp; P.R. | Cannaregio 566 c | 30121 Venezia | Italia<br><em>La informiamo che il Suo indirizzo \u00e8 stato reperito attraverso fonti di pubblico dominio<\/em><br><em>o libera adesione anche tramite biglietto da visita.<\/em><br>Se non vuole pi\u00f9 ricevere queste mail pu\u00f2 disiscriversi&nbsp;<a href=\"https:\/\/cristinagatti.us20.list-manage.com\/unsubscribe?u=7c6112b2013855f2ee2078204&amp;id=5a9adaaa7b&amp;t=b&amp;e=7195a675bb&amp;c=9c761c8f40\" target=\"_blank\" rel=\"noreferrer noopener\">qui<\/a><br>Want to change how you receive these emails?<br>You can&nbsp;<a href=\"https:\/\/cristinagatti.us20.list-manage.com\/unsubscribe?u=7c6112b2013855f2ee2078204&amp;id=5a9adaaa7b&amp;t=b&amp;e=7195a675bb&amp;c=9c761c8f40\" target=\"_blank\" rel=\"noreferrer noopener\">unsubscribe&nbsp;<\/a><a href=\"https:\/\/cristinagatti.us20.list-manage.com\/unsubscribe?u=7c6112b2013855f2ee2078204&amp;id=5a9adaaa7b&amp;t=b&amp;e=7195a675bb&amp;c=9c761c8f40\" target=\"_blank\" rel=\"noreferrer noopener\">here<\/a><\/td><\/tr><\/tbody><\/table><\/figure>\n","protected":false},"excerpt":{"rendered":"<p>CRISTINA GATTI | PRESS &amp; P.R.| VENEZIA Walter DAVANZOSULLE TRACCE DELL&#8217;INFANZIAa cura di Saverio Simi De Burgis18.09&gt;15.10.2025&nbsp;Spazio ThetisArsenale Novissimo &#8211; [&hellip;]<\/p>\n","protected":false},"author":1,"featured_media":0,"comment_status":"open","ping_status":"open","sticky":false,"template":"","format":"standard","meta":{"footnotes":""},"categories":[4,10],"tags":[],"class_list":["post-80119","post","type-post","status-publish","format-standard","hentry","category-cultura","category-italiano"],"_links":{"self":[{"href":"https:\/\/www.ecoitaliano.com.ar\/index.php?rest_route=\/wp\/v2\/posts\/80119","targetHints":{"allow":["GET"]}}],"collection":[{"href":"https:\/\/www.ecoitaliano.com.ar\/index.php?rest_route=\/wp\/v2\/posts"}],"about":[{"href":"https:\/\/www.ecoitaliano.com.ar\/index.php?rest_route=\/wp\/v2\/types\/post"}],"author":[{"embeddable":true,"href":"https:\/\/www.ecoitaliano.com.ar\/index.php?rest_route=\/wp\/v2\/users\/1"}],"replies":[{"embeddable":true,"href":"https:\/\/www.ecoitaliano.com.ar\/index.php?rest_route=%2Fwp%2Fv2%2Fcomments&post=80119"}],"version-history":[{"count":1,"href":"https:\/\/www.ecoitaliano.com.ar\/index.php?rest_route=\/wp\/v2\/posts\/80119\/revisions"}],"predecessor-version":[{"id":80121,"href":"https:\/\/www.ecoitaliano.com.ar\/index.php?rest_route=\/wp\/v2\/posts\/80119\/revisions\/80121"}],"wp:attachment":[{"href":"https:\/\/www.ecoitaliano.com.ar\/index.php?rest_route=%2Fwp%2Fv2%2Fmedia&parent=80119"}],"wp:term":[{"taxonomy":"category","embeddable":true,"href":"https:\/\/www.ecoitaliano.com.ar\/index.php?rest_route=%2Fwp%2Fv2%2Fcategories&post=80119"},{"taxonomy":"post_tag","embeddable":true,"href":"https:\/\/www.ecoitaliano.com.ar\/index.php?rest_route=%2Fwp%2Fv2%2Ftags&post=80119"}],"curies":[{"name":"wp","href":"https:\/\/api.w.org\/{rel}","templated":true}]}}