{"id":80125,"date":"2025-09-29T18:19:00","date_gmt":"2025-09-29T18:19:00","guid":{"rendered":"https:\/\/www.ecoitaliano.com.ar\/?p=80125"},"modified":"2025-09-29T18:19:00","modified_gmt":"2025-09-29T18:19:00","slug":"serena-conduce-operaclassica-eco-italiano-4660","status":"publish","type":"post","link":"https:\/\/www.ecoitaliano.com.ar\/?p=80125","title":{"rendered":"Serena conduce operaclassica eco italiano"},"content":{"rendered":"\n<figure class=\"wp-block-image size-large is-resized\"><a href=\"https:\/\/www.ecoitaliano.com.ar\/wp-content\/uploads\/2025\/09\/image-18.png\"><img decoding=\"async\" width=\"1024\" height=\"251\" src=\"https:\/\/www.ecoitaliano.com.ar\/wp-content\/uploads\/2025\/09\/image-18-1024x251.png\" alt=\"\" class=\"wp-image-80126\" style=\"width:371px;height:auto\" srcset=\"https:\/\/www.ecoitaliano.com.ar\/wp-content\/uploads\/2025\/09\/image-18-1024x251.png 1024w, https:\/\/www.ecoitaliano.com.ar\/wp-content\/uploads\/2025\/09\/image-18-300x74.png 300w, https:\/\/www.ecoitaliano.com.ar\/wp-content\/uploads\/2025\/09\/image-18-768x188.png 768w, https:\/\/www.ecoitaliano.com.ar\/wp-content\/uploads\/2025\/09\/image-18-1536x377.png 1536w, https:\/\/www.ecoitaliano.com.ar\/wp-content\/uploads\/2025\/09\/image-18-2048x502.png 2048w, https:\/\/www.ecoitaliano.com.ar\/wp-content\/uploads\/2025\/09\/image-18-150x37.png 150w\" sizes=\"(max-width: 1024px) 100vw, 1024px\" \/><\/a><\/figure>\n\n\n\n<p>COMUNICATO STAMPA<\/p>\n\n\n\n<p><strong>Il successo delle orchestre giovanili del Teatro Massimo di Palermo al Bellini International Context<\/strong><\/p>\n\n\n\n<p><em>Palermo, 29 settembre 2025<\/em>. Sono ancora una volta in primo piano i <strong>giovani talenti<\/strong> delle orchestre giovanili del Teatro Massimo di Palermo, che hanno concluso con successo la partecipazione al <strong>Bellini International Context<\/strong>, il festival internazionale ideato dalla Regione siciliana che celebra il genio musicale del \u00abCigno di Catania\u00bb. I tre concerti, tenuti al <strong>Teatro Sangiorgi di Catania<\/strong> e al <strong>Teatro Vittorio Emanuele di Messina<\/strong>, hanno visto protagonisti i talentuosi ragazzi della <strong>Massimo Youth Orchestra<\/strong> e l\u2019<strong>Ensemble di ottoni e percussioni<\/strong>. Sotto la guida del Maestro <strong>Michele De Luca<\/strong>, i complessi orchestrali hanno mostrato tutta la loro trascinante energia e maturit\u00e0 esecutiva con un programma musicale, intitolato \u201c<em>Bellini Frequency: la linea del canto romantico\u201d<\/em>, sapientemente costruito per far dialogare passato e presente.<\/p>\n\n\n\n<p>\u201c<em>I ragazzi delle orchestre giovanili del Teatro Massimo, guidati dal Maestro Michele De Luca, che ringrazio, sono impegnati con grande bravura e versatilit\u00e0, sia nel grande repertorio sinfonico che in formazioni cameristiche<\/em> \u2013 ha commentato il Sovrintendente <strong>Marco Betta &#8211;<\/strong>&nbsp; <em>sono&nbsp; i veri custodi della <strong>\u00ab<\/strong>BelliniFrequency <\/em><strong>\u00bb <\/strong><em>ela prova pi\u00f9 tangibile dell&#8217;investimento costante del Teatro Massimo sul futuro della musica<\/em>\u201d.&nbsp; \u00ab<em>La loro energia e il loro talento<\/em> &#8211; aggiunge il <strong>Maestro De Luca<\/strong> &#8211; <em>hanno dimostrato come il futuro della&nbsp; musica sia nelle mani di questa nuova generazione straordinaria<\/em>\u201d. <strong>Al Teatro Sangiorgi <\/strong>di<strong> Catania<\/strong>, il 26 settembre, la <strong>Massimo Youth Orchestra<\/strong> ha eseguito le sinfonie da <em>Il Pirata<\/em> e <em>Norma<\/em> di <strong>Vincenzo Bellini<\/strong>, per poi proseguire con la prima esecuzione assoluta di <strong><em>Catania 1801<\/em><\/strong> del giovanissimo compositore e violinista catanese <strong>Antonino Blanco<\/strong>. Commissionato per l&#8217;occasione, questo poema sinfonico ha rappresentato un omaggio sonoro alla citt\u00e0 natale di Bellini e al suo genio visionario, dimostrando che l&#8217;eredit\u00e0 del Maestro continua a ispirare le nuove generazioni. Il concerto ha poi allargato lo sguardo verso l\u2019Europa con la Sinfonia n. 9 \u201c<em>Dal Nuovo Mondo<\/em>\u201d di Anton\u00edn Dvo\u0159\u00e1k, una musica attraversata da quella stessa intensit\u00e0 lirica che lega tutti i compositori del programma, eseguita con passione e grande dinamismo dall&#8217;orchestra giovanile. Al&nbsp; <strong>Teatro<\/strong> <strong>Vittorio Emanuele di Messina<\/strong> il 27 settembre l\u2019Orchestra ha replicato \u201c<em>Bellini Frequency: la linea del canto romantico<\/em>\u201d&nbsp; ma ha dato spazio anche a un concerto in matin\u00e9e dove \u00e8 stato&nbsp; protagonista l&#8217;<strong>Ensemble di Ottoni e Percussioni della Massimo Youth Orchestra<\/strong>. Il programma del concerto ha intrecciato pagine della grande scuola operistica italiana di Bellini e Verdi, con trascrizioni che spaziavano dal Rinascimento di Tielman Susato alle suggestioni sinfoniche di Gustav Mahler, fino a composizioni contemporanee. Momenti di virtuosismo puro, come la <em>March for Timpani and Brass<\/em> di Heisinger con la solista <strong>Alessia Span\u00f2<\/strong>, ai timpani, e il fascino popolare de <em>La Virgen de la Macarena<\/em> con il solista <strong>Emanuele Lo Buglio <\/strong>alla tromba, hanno evidenziato non solo la qualit\u00e0 della preparazione, ma anche la versatilit\u00e0 e l&#8217;eccellenza dei singoli elementi.<\/p>\n\n\n\n<p>Ufficio Stampa&nbsp;<\/p>\n\n\n\n<p>Fondazione Teatro Massimo<\/p>\n\n\n\n<p><strong>Giovannella Brancato<\/strong><\/p>\n\n\n\n<p>+39 3408334979&nbsp;&nbsp;&nbsp;&nbsp;&nbsp;&nbsp;&nbsp;&nbsp;&nbsp;&nbsp;&nbsp;&nbsp;&nbsp;&nbsp;&nbsp;&nbsp;&nbsp;&nbsp;&nbsp;&nbsp;&nbsp;&nbsp;&nbsp;&nbsp;&nbsp;&nbsp;&nbsp;&nbsp;&nbsp;&nbsp;&nbsp;&nbsp;&nbsp;&nbsp;&nbsp;&nbsp;&nbsp;&nbsp;&nbsp;&nbsp;&nbsp;&nbsp;&nbsp;&nbsp;&nbsp;&nbsp;&nbsp;&nbsp;&nbsp;&nbsp;&nbsp;&nbsp;&nbsp;&nbsp;&nbsp;&nbsp;&nbsp;&nbsp;&nbsp;&nbsp;&nbsp;&nbsp;&nbsp;&nbsp;&nbsp;&nbsp;&nbsp;&nbsp;&nbsp;&nbsp;&nbsp;&nbsp;&nbsp;&nbsp;&nbsp;&nbsp;&nbsp;&nbsp;&nbsp;&nbsp;&nbsp;&nbsp;&nbsp;&nbsp;&nbsp;&nbsp;&nbsp;&nbsp;&nbsp;&nbsp;&nbsp;&nbsp;&nbsp;&nbsp;&nbsp;&nbsp;&nbsp;&nbsp;&nbsp;&nbsp;&nbsp;&nbsp; stampa@teatromassimo.it<\/p>\n\n\n\n<p>foto<\/p>\n\n\n\n<figure class=\"wp-block-gallery has-nested-images columns-default is-cropped wp-block-gallery-1 is-layout-flex wp-block-gallery-is-layout-flex\">\n<figure class=\"wp-block-image size-large\"><a href=\"https:\/\/www.ecoitaliano.com.ar\/wp-content\/uploads\/2025\/09\/La-Massimo-Youth-Orchestra-al-Bellini-International-Context-ph.-Claudio-Di-Domenico.jpeg\"><img decoding=\"async\" width=\"1024\" height=\"576\" data-id=\"80127\" src=\"https:\/\/www.ecoitaliano.com.ar\/wp-content\/uploads\/2025\/09\/La-Massimo-Youth-Orchestra-al-Bellini-International-Context-ph.-Claudio-Di-Domenico-1024x576.jpeg\" alt=\"\" class=\"wp-image-80127\" srcset=\"https:\/\/www.ecoitaliano.com.ar\/wp-content\/uploads\/2025\/09\/La-Massimo-Youth-Orchestra-al-Bellini-International-Context-ph.-Claudio-Di-Domenico-1024x576.jpeg 1024w, https:\/\/www.ecoitaliano.com.ar\/wp-content\/uploads\/2025\/09\/La-Massimo-Youth-Orchestra-al-Bellini-International-Context-ph.-Claudio-Di-Domenico-300x169.jpeg 300w, https:\/\/www.ecoitaliano.com.ar\/wp-content\/uploads\/2025\/09\/La-Massimo-Youth-Orchestra-al-Bellini-International-Context-ph.-Claudio-Di-Domenico-768x432.jpeg 768w, https:\/\/www.ecoitaliano.com.ar\/wp-content\/uploads\/2025\/09\/La-Massimo-Youth-Orchestra-al-Bellini-International-Context-ph.-Claudio-Di-Domenico-1536x864.jpeg 1536w, https:\/\/www.ecoitaliano.com.ar\/wp-content\/uploads\/2025\/09\/La-Massimo-Youth-Orchestra-al-Bellini-International-Context-ph.-Claudio-Di-Domenico-2048x1152.jpeg 2048w, https:\/\/www.ecoitaliano.com.ar\/wp-content\/uploads\/2025\/09\/La-Massimo-Youth-Orchestra-al-Bellini-International-Context-ph.-Claudio-Di-Domenico-150x84.jpeg 150w\" sizes=\"(max-width: 1024px) 100vw, 1024px\" \/><\/a><\/figure>\n\n\n\n<figure class=\"wp-block-image size-large\"><a href=\"https:\/\/www.ecoitaliano.com.ar\/wp-content\/uploads\/2025\/09\/Massimo-YoutH-ORCHESTRA-al-Bellini-International-Context.jpeg\"><img decoding=\"async\" width=\"1024\" height=\"576\" data-id=\"80128\" src=\"https:\/\/www.ecoitaliano.com.ar\/wp-content\/uploads\/2025\/09\/Massimo-YoutH-ORCHESTRA-al-Bellini-International-Context-1024x576.jpeg\" alt=\"\" class=\"wp-image-80128\" srcset=\"https:\/\/www.ecoitaliano.com.ar\/wp-content\/uploads\/2025\/09\/Massimo-YoutH-ORCHESTRA-al-Bellini-International-Context-1024x576.jpeg 1024w, https:\/\/www.ecoitaliano.com.ar\/wp-content\/uploads\/2025\/09\/Massimo-YoutH-ORCHESTRA-al-Bellini-International-Context-300x169.jpeg 300w, https:\/\/www.ecoitaliano.com.ar\/wp-content\/uploads\/2025\/09\/Massimo-YoutH-ORCHESTRA-al-Bellini-International-Context-768x432.jpeg 768w, https:\/\/www.ecoitaliano.com.ar\/wp-content\/uploads\/2025\/09\/Massimo-YoutH-ORCHESTRA-al-Bellini-International-Context-1536x864.jpeg 1536w, https:\/\/www.ecoitaliano.com.ar\/wp-content\/uploads\/2025\/09\/Massimo-YoutH-ORCHESTRA-al-Bellini-International-Context-2048x1152.jpeg 2048w, https:\/\/www.ecoitaliano.com.ar\/wp-content\/uploads\/2025\/09\/Massimo-YoutH-ORCHESTRA-al-Bellini-International-Context-150x84.jpeg 150w\" sizes=\"(max-width: 1024px) 100vw, 1024px\" \/><\/a><\/figure>\n\n\n\n<figure class=\"wp-block-image size-large\"><a href=\"https:\/\/www.ecoitaliano.com.ar\/wp-content\/uploads\/2025\/09\/Michele-De-Luca-Direttore-Formazioni-giovanili-orchestrali_IMG_3950_low.jpeg\"><img decoding=\"async\" width=\"1024\" height=\"683\" data-id=\"80129\" src=\"https:\/\/www.ecoitaliano.com.ar\/wp-content\/uploads\/2025\/09\/Michele-De-Luca-Direttore-Formazioni-giovanili-orchestrali_IMG_3950_low-1024x683.jpeg\" alt=\"\" class=\"wp-image-80129\" srcset=\"https:\/\/www.ecoitaliano.com.ar\/wp-content\/uploads\/2025\/09\/Michele-De-Luca-Direttore-Formazioni-giovanili-orchestrali_IMG_3950_low-1024x683.jpeg 1024w, https:\/\/www.ecoitaliano.com.ar\/wp-content\/uploads\/2025\/09\/Michele-De-Luca-Direttore-Formazioni-giovanili-orchestrali_IMG_3950_low-300x200.jpeg 300w, https:\/\/www.ecoitaliano.com.ar\/wp-content\/uploads\/2025\/09\/Michele-De-Luca-Direttore-Formazioni-giovanili-orchestrali_IMG_3950_low-768x512.jpeg 768w, https:\/\/www.ecoitaliano.com.ar\/wp-content\/uploads\/2025\/09\/Michele-De-Luca-Direttore-Formazioni-giovanili-orchestrali_IMG_3950_low-1536x1024.jpeg 1536w, https:\/\/www.ecoitaliano.com.ar\/wp-content\/uploads\/2025\/09\/Michele-De-Luca-Direttore-Formazioni-giovanili-orchestrali_IMG_3950_low-2048x1365.jpeg 2048w, https:\/\/www.ecoitaliano.com.ar\/wp-content\/uploads\/2025\/09\/Michele-De-Luca-Direttore-Formazioni-giovanili-orchestrali_IMG_3950_low-150x100.jpeg 150w\" sizes=\"(max-width: 1024px) 100vw, 1024px\" \/><\/a><\/figure>\n\n\n\n<figure class=\"wp-block-image size-large\"><a href=\"https:\/\/www.ecoitaliano.com.ar\/wp-content\/uploads\/2025\/09\/Youth-Orchestra-Teatro-Massimo-Palermo-\u252c\u00ae-rosellina-garbo-2024-_GRG8964.jpeg\"><img decoding=\"async\" width=\"1024\" height=\"683\" data-id=\"80130\" src=\"https:\/\/www.ecoitaliano.com.ar\/wp-content\/uploads\/2025\/09\/Youth-Orchestra-Teatro-Massimo-Palermo-\u252c\u00ae-rosellina-garbo-2024-_GRG8964-1024x683.jpeg\" alt=\"\" class=\"wp-image-80130\" srcset=\"https:\/\/www.ecoitaliano.com.ar\/wp-content\/uploads\/2025\/09\/Youth-Orchestra-Teatro-Massimo-Palermo-\u252c\u00ae-rosellina-garbo-2024-_GRG8964-1024x683.jpeg 1024w, https:\/\/www.ecoitaliano.com.ar\/wp-content\/uploads\/2025\/09\/Youth-Orchestra-Teatro-Massimo-Palermo-\u252c\u00ae-rosellina-garbo-2024-_GRG8964-300x200.jpeg 300w, https:\/\/www.ecoitaliano.com.ar\/wp-content\/uploads\/2025\/09\/Youth-Orchestra-Teatro-Massimo-Palermo-\u252c\u00ae-rosellina-garbo-2024-_GRG8964-768x512.jpeg 768w, https:\/\/www.ecoitaliano.com.ar\/wp-content\/uploads\/2025\/09\/Youth-Orchestra-Teatro-Massimo-Palermo-\u252c\u00ae-rosellina-garbo-2024-_GRG8964-150x100.jpeg 150w, https:\/\/www.ecoitaliano.com.ar\/wp-content\/uploads\/2025\/09\/Youth-Orchestra-Teatro-Massimo-Palermo-\u252c\u00ae-rosellina-garbo-2024-_GRG8964.jpeg 1344w\" sizes=\"(max-width: 1024px) 100vw, 1024px\" \/><\/a><figcaption class=\"wp-element-caption\">ph \u00a9 rosellina garbo<\/figcaption><\/figure>\n<\/figure>\n","protected":false},"excerpt":{"rendered":"<p>COMUNICATO STAMPA Il successo delle orchestre giovanili del Teatro Massimo di Palermo al Bellini International Context Palermo, 29 settembre 2025. [&hellip;]<\/p>\n","protected":false},"author":1,"featured_media":0,"comment_status":"open","ping_status":"open","sticky":false,"template":"","format":"standard","meta":{"footnotes":""},"categories":[1],"tags":[],"class_list":["post-80125","post","type-post","status-publish","format-standard","hentry","category-sin-categoria"],"_links":{"self":[{"href":"https:\/\/www.ecoitaliano.com.ar\/index.php?rest_route=\/wp\/v2\/posts\/80125","targetHints":{"allow":["GET"]}}],"collection":[{"href":"https:\/\/www.ecoitaliano.com.ar\/index.php?rest_route=\/wp\/v2\/posts"}],"about":[{"href":"https:\/\/www.ecoitaliano.com.ar\/index.php?rest_route=\/wp\/v2\/types\/post"}],"author":[{"embeddable":true,"href":"https:\/\/www.ecoitaliano.com.ar\/index.php?rest_route=\/wp\/v2\/users\/1"}],"replies":[{"embeddable":true,"href":"https:\/\/www.ecoitaliano.com.ar\/index.php?rest_route=%2Fwp%2Fv2%2Fcomments&post=80125"}],"version-history":[{"count":1,"href":"https:\/\/www.ecoitaliano.com.ar\/index.php?rest_route=\/wp\/v2\/posts\/80125\/revisions"}],"predecessor-version":[{"id":80131,"href":"https:\/\/www.ecoitaliano.com.ar\/index.php?rest_route=\/wp\/v2\/posts\/80125\/revisions\/80131"}],"wp:attachment":[{"href":"https:\/\/www.ecoitaliano.com.ar\/index.php?rest_route=%2Fwp%2Fv2%2Fmedia&parent=80125"}],"wp:term":[{"taxonomy":"category","embeddable":true,"href":"https:\/\/www.ecoitaliano.com.ar\/index.php?rest_route=%2Fwp%2Fv2%2Fcategories&post=80125"},{"taxonomy":"post_tag","embeddable":true,"href":"https:\/\/www.ecoitaliano.com.ar\/index.php?rest_route=%2Fwp%2Fv2%2Ftags&post=80125"}],"curies":[{"name":"wp","href":"https:\/\/api.w.org\/{rel}","templated":true}]}}