{"id":80132,"date":"2025-09-30T08:51:21","date_gmt":"2025-09-30T08:51:21","guid":{"rendered":"https:\/\/www.ecoitaliano.com.ar\/?p=80132"},"modified":"2025-09-30T08:51:44","modified_gmt":"2025-09-30T08:51:44","slug":"corciano-brinda-alla-13esima-edizione-di-castello-di-vino-tra-degustazioni-arte-con-la-prima-italiana-di-calli-moore-musica-momenti-di-approfondimento-senza-dimenticare-la-solidarieta","status":"publish","type":"post","link":"https:\/\/www.ecoitaliano.com.ar\/?p=80132","title":{"rendered":"Corciano brinda alla 13esima edizione di Castello di Vino tra degustazioni, arte con la prima italiana di Calli Moore, musica, momenti di approfondimento, senza dimenticare la solidariet\u00e0"},"content":{"rendered":"\n<figure class=\"wp-block-gallery has-nested-images columns-default is-cropped wp-block-gallery-1 is-layout-flex wp-block-gallery-is-layout-flex\">\n<figure class=\"wp-block-image size-large\"><a href=\"https:\/\/www.ecoitaliano.com.ar\/wp-content\/uploads\/2025\/09\/Corciano-Castello-di-vino-2025-8.jpeg\"><img decoding=\"async\" width=\"1024\" height=\"682\" data-id=\"80133\" src=\"https:\/\/www.ecoitaliano.com.ar\/wp-content\/uploads\/2025\/09\/Corciano-Castello-di-vino-2025-8-1024x682.jpeg\" alt=\"\" class=\"wp-image-80133\" srcset=\"https:\/\/www.ecoitaliano.com.ar\/wp-content\/uploads\/2025\/09\/Corciano-Castello-di-vino-2025-8-1024x682.jpeg 1024w, https:\/\/www.ecoitaliano.com.ar\/wp-content\/uploads\/2025\/09\/Corciano-Castello-di-vino-2025-8-300x200.jpeg 300w, https:\/\/www.ecoitaliano.com.ar\/wp-content\/uploads\/2025\/09\/Corciano-Castello-di-vino-2025-8-768x512.jpeg 768w, https:\/\/www.ecoitaliano.com.ar\/wp-content\/uploads\/2025\/09\/Corciano-Castello-di-vino-2025-8-1536x1023.jpeg 1536w, https:\/\/www.ecoitaliano.com.ar\/wp-content\/uploads\/2025\/09\/Corciano-Castello-di-vino-2025-8-150x100.jpeg 150w, https:\/\/www.ecoitaliano.com.ar\/wp-content\/uploads\/2025\/09\/Corciano-Castello-di-vino-2025-8.jpeg 1600w\" sizes=\"(max-width: 1024px) 100vw, 1024px\" \/><\/a><\/figure>\n\n\n\n<figure class=\"wp-block-image size-large\"><a href=\"https:\/\/www.ecoitaliano.com.ar\/wp-content\/uploads\/2025\/09\/Corciano-Castello-di-vino-2025-5.jpeg\"><img decoding=\"async\" width=\"1024\" height=\"888\" data-id=\"80134\" src=\"https:\/\/www.ecoitaliano.com.ar\/wp-content\/uploads\/2025\/09\/Corciano-Castello-di-vino-2025-5-1024x888.jpeg\" alt=\"\" class=\"wp-image-80134\" srcset=\"https:\/\/www.ecoitaliano.com.ar\/wp-content\/uploads\/2025\/09\/Corciano-Castello-di-vino-2025-5-1024x888.jpeg 1024w, https:\/\/www.ecoitaliano.com.ar\/wp-content\/uploads\/2025\/09\/Corciano-Castello-di-vino-2025-5-300x260.jpeg 300w, https:\/\/www.ecoitaliano.com.ar\/wp-content\/uploads\/2025\/09\/Corciano-Castello-di-vino-2025-5-768x666.jpeg 768w, https:\/\/www.ecoitaliano.com.ar\/wp-content\/uploads\/2025\/09\/Corciano-Castello-di-vino-2025-5-150x130.jpeg 150w, https:\/\/www.ecoitaliano.com.ar\/wp-content\/uploads\/2025\/09\/Corciano-Castello-di-vino-2025-5.jpeg 1206w\" sizes=\"(max-width: 1024px) 100vw, 1024px\" \/><\/a><\/figure>\n<\/figure>\n\n\n\n<figure class=\"wp-block-gallery has-nested-images columns-default is-cropped wp-block-gallery-2 is-layout-flex wp-block-gallery-is-layout-flex\">\n<figure class=\"wp-block-image size-large\"><a href=\"https:\/\/www.ecoitaliano.com.ar\/wp-content\/uploads\/2025\/09\/Corciano-Castello-di-vino-2025-1.jpeg\"><img decoding=\"async\" width=\"696\" height=\"1024\" data-id=\"80135\" src=\"https:\/\/www.ecoitaliano.com.ar\/wp-content\/uploads\/2025\/09\/Corciano-Castello-di-vino-2025-1-696x1024.jpeg\" alt=\"\" class=\"wp-image-80135\" srcset=\"https:\/\/www.ecoitaliano.com.ar\/wp-content\/uploads\/2025\/09\/Corciano-Castello-di-vino-2025-1-696x1024.jpeg 696w, https:\/\/www.ecoitaliano.com.ar\/wp-content\/uploads\/2025\/09\/Corciano-Castello-di-vino-2025-1-204x300.jpeg 204w, https:\/\/www.ecoitaliano.com.ar\/wp-content\/uploads\/2025\/09\/Corciano-Castello-di-vino-2025-1-768x1129.jpeg 768w, https:\/\/www.ecoitaliano.com.ar\/wp-content\/uploads\/2025\/09\/Corciano-Castello-di-vino-2025-1-1044x1536.jpeg 1044w, https:\/\/www.ecoitaliano.com.ar\/wp-content\/uploads\/2025\/09\/Corciano-Castello-di-vino-2025-1-102x150.jpeg 102w, https:\/\/www.ecoitaliano.com.ar\/wp-content\/uploads\/2025\/09\/Corciano-Castello-di-vino-2025-1.jpeg 1088w\" sizes=\"(max-width: 696px) 100vw, 696px\" \/><\/a><\/figure>\n\n\n\n<figure class=\"wp-block-image size-large\"><a href=\"https:\/\/www.ecoitaliano.com.ar\/wp-content\/uploads\/2025\/09\/Corciano-Castello-di-vino-2025-2.jpeg\"><img decoding=\"async\" width=\"1024\" height=\"702\" data-id=\"80136\" src=\"https:\/\/www.ecoitaliano.com.ar\/wp-content\/uploads\/2025\/09\/Corciano-Castello-di-vino-2025-2-1024x702.jpeg\" alt=\"\" class=\"wp-image-80136\" srcset=\"https:\/\/www.ecoitaliano.com.ar\/wp-content\/uploads\/2025\/09\/Corciano-Castello-di-vino-2025-2-1024x702.jpeg 1024w, https:\/\/www.ecoitaliano.com.ar\/wp-content\/uploads\/2025\/09\/Corciano-Castello-di-vino-2025-2-300x206.jpeg 300w, https:\/\/www.ecoitaliano.com.ar\/wp-content\/uploads\/2025\/09\/Corciano-Castello-di-vino-2025-2-768x527.jpeg 768w, https:\/\/www.ecoitaliano.com.ar\/wp-content\/uploads\/2025\/09\/Corciano-Castello-di-vino-2025-2-150x103.jpeg 150w, https:\/\/www.ecoitaliano.com.ar\/wp-content\/uploads\/2025\/09\/Corciano-Castello-di-vino-2025-2.jpeg 1057w\" sizes=\"(max-width: 1024px) 100vw, 1024px\" \/><\/a><\/figure>\n\n\n\n<figure class=\"wp-block-image size-large\"><a href=\"https:\/\/www.ecoitaliano.com.ar\/wp-content\/uploads\/2025\/09\/Corciano-Castello-di-vino-2025-3.jpeg\"><img decoding=\"async\" width=\"1024\" height=\"471\" data-id=\"80137\" src=\"https:\/\/www.ecoitaliano.com.ar\/wp-content\/uploads\/2025\/09\/Corciano-Castello-di-vino-2025-3-1024x471.jpeg\" alt=\"\" class=\"wp-image-80137\" srcset=\"https:\/\/www.ecoitaliano.com.ar\/wp-content\/uploads\/2025\/09\/Corciano-Castello-di-vino-2025-3-1024x471.jpeg 1024w, https:\/\/www.ecoitaliano.com.ar\/wp-content\/uploads\/2025\/09\/Corciano-Castello-di-vino-2025-3-300x138.jpeg 300w, https:\/\/www.ecoitaliano.com.ar\/wp-content\/uploads\/2025\/09\/Corciano-Castello-di-vino-2025-3-768x353.jpeg 768w, https:\/\/www.ecoitaliano.com.ar\/wp-content\/uploads\/2025\/09\/Corciano-Castello-di-vino-2025-3-1536x707.jpeg 1536w, https:\/\/www.ecoitaliano.com.ar\/wp-content\/uploads\/2025\/09\/Corciano-Castello-di-vino-2025-3-150x69.jpeg 150w, https:\/\/www.ecoitaliano.com.ar\/wp-content\/uploads\/2025\/09\/Corciano-Castello-di-vino-2025-3.jpeg 1600w\" sizes=\"(max-width: 1024px) 100vw, 1024px\" \/><\/a><\/figure>\n\n\n\n<figure class=\"wp-block-image size-large\"><a href=\"https:\/\/www.ecoitaliano.com.ar\/wp-content\/uploads\/2025\/09\/Corciano-Castello-di-vino-2025-4.jpeg\"><img decoding=\"async\" width=\"812\" height=\"1024\" data-id=\"80138\" src=\"https:\/\/www.ecoitaliano.com.ar\/wp-content\/uploads\/2025\/09\/Corciano-Castello-di-vino-2025-4-812x1024.jpeg\" alt=\"\" class=\"wp-image-80138\" srcset=\"https:\/\/www.ecoitaliano.com.ar\/wp-content\/uploads\/2025\/09\/Corciano-Castello-di-vino-2025-4-812x1024.jpeg 812w, https:\/\/www.ecoitaliano.com.ar\/wp-content\/uploads\/2025\/09\/Corciano-Castello-di-vino-2025-4-238x300.jpeg 238w, https:\/\/www.ecoitaliano.com.ar\/wp-content\/uploads\/2025\/09\/Corciano-Castello-di-vino-2025-4-768x968.jpeg 768w, https:\/\/www.ecoitaliano.com.ar\/wp-content\/uploads\/2025\/09\/Corciano-Castello-di-vino-2025-4-119x150.jpeg 119w, https:\/\/www.ecoitaliano.com.ar\/wp-content\/uploads\/2025\/09\/Corciano-Castello-di-vino-2025-4.jpeg 1206w\" sizes=\"(max-width: 812px) 100vw, 812px\" \/><\/a><\/figure>\n\n\n\n<figure class=\"wp-block-image size-large\"><a href=\"https:\/\/www.ecoitaliano.com.ar\/wp-content\/uploads\/2025\/09\/Corciano-Castello-di-vino-2025-6.jpeg\"><img decoding=\"async\" width=\"761\" height=\"1024\" data-id=\"80139\" src=\"https:\/\/www.ecoitaliano.com.ar\/wp-content\/uploads\/2025\/09\/Corciano-Castello-di-vino-2025-6-761x1024.jpeg\" alt=\"\" class=\"wp-image-80139\" srcset=\"https:\/\/www.ecoitaliano.com.ar\/wp-content\/uploads\/2025\/09\/Corciano-Castello-di-vino-2025-6-761x1024.jpeg 761w, https:\/\/www.ecoitaliano.com.ar\/wp-content\/uploads\/2025\/09\/Corciano-Castello-di-vino-2025-6-223x300.jpeg 223w, https:\/\/www.ecoitaliano.com.ar\/wp-content\/uploads\/2025\/09\/Corciano-Castello-di-vino-2025-6-768x1033.jpeg 768w, https:\/\/www.ecoitaliano.com.ar\/wp-content\/uploads\/2025\/09\/Corciano-Castello-di-vino-2025-6-1142x1536.jpeg 1142w, https:\/\/www.ecoitaliano.com.ar\/wp-content\/uploads\/2025\/09\/Corciano-Castello-di-vino-2025-6-112x150.jpeg 112w, https:\/\/www.ecoitaliano.com.ar\/wp-content\/uploads\/2025\/09\/Corciano-Castello-di-vino-2025-6.jpeg 1145w\" sizes=\"(max-width: 761px) 100vw, 761px\" \/><\/a><\/figure>\n\n\n\n<figure class=\"wp-block-image size-large\"><a href=\"https:\/\/www.ecoitaliano.com.ar\/wp-content\/uploads\/2025\/09\/Corciano-Castello-di-vino-2025-7.jpeg\"><img decoding=\"async\" width=\"1024\" height=\"682\" data-id=\"80140\" src=\"https:\/\/www.ecoitaliano.com.ar\/wp-content\/uploads\/2025\/09\/Corciano-Castello-di-vino-2025-7-1024x682.jpeg\" alt=\"\" class=\"wp-image-80140\" srcset=\"https:\/\/www.ecoitaliano.com.ar\/wp-content\/uploads\/2025\/09\/Corciano-Castello-di-vino-2025-7-1024x682.jpeg 1024w, https:\/\/www.ecoitaliano.com.ar\/wp-content\/uploads\/2025\/09\/Corciano-Castello-di-vino-2025-7-300x200.jpeg 300w, https:\/\/www.ecoitaliano.com.ar\/wp-content\/uploads\/2025\/09\/Corciano-Castello-di-vino-2025-7-768x512.jpeg 768w, https:\/\/www.ecoitaliano.com.ar\/wp-content\/uploads\/2025\/09\/Corciano-Castello-di-vino-2025-7-1536x1023.jpeg 1536w, https:\/\/www.ecoitaliano.com.ar\/wp-content\/uploads\/2025\/09\/Corciano-Castello-di-vino-2025-7-150x100.jpeg 150w, https:\/\/www.ecoitaliano.com.ar\/wp-content\/uploads\/2025\/09\/Corciano-Castello-di-vino-2025-7.jpeg 1600w\" sizes=\"(max-width: 1024px) 100vw, 1024px\" \/><\/a><\/figure>\n<\/figure>\n\n\n\n<p><strong>Corciano brinda alla 13esima edizione di Castello di Vino<\/strong><\/p>\n\n\n\n<p><strong>Degustazioni di eccellenza, la prima mostra in Italia di Calli Moore,<br>gli Stati generali del vino in Umbria e il ricordo delle glorie del Perugia Calcio:<br>un programma che unisce gusto, arte e comunit\u00e0.<\/strong><\/p>\n\n\n\n<p><strong>Quattordici le cantine che si contenderanno i premi di questo 2025,<br>tre le realt\u00e0 ospiti pi\u00f9 il consueto spazio dedicato allo Champagne Tasting.<\/strong><\/p>\n\n\n\n<p><strong>Tra le novit\u00e0, l\u2019originale \u00abCocktail di vino\u00bb e il percorso Wine Plus tutto da scoprire<\/strong><\/p>\n\n\n\n<p><strong>Spazio alla solidariet\u00e0 che si muover\u00e0 a favore del reparto Oncologia pediatrica dell\u2019ospedale Santa Maria della Misericordia di Perugia<\/strong><\/p>\n\n\n\n<p>comunicato stampa<\/p>\n\n\n\n<p>Dal <strong>3 al 5 ottobre <\/strong>il borgo medievale di Corciano torner\u00e0 ad animarsi con la tredicesima edizione di <strong>Corciano Castello di Vino<\/strong>, l\u2019evento promosso dall\u2019omonima associazione. Tre giornate che celebrano la cultura del vino e le eccellenze enogastronomiche umbre, rendendo il centro storico un palcoscenico a cielo aperto dove scoprire e vivere esperienze uniche.<\/p>\n\n\n\n<p>Le vie del borgo si trasformeranno in un itinerario del gusto: piccoli spazi dedicati alle cantine e ai produttori locali accoglieranno visitatori e wine lovers in un percorso sensoriale diffuso, mentre la suggestiva Taverna del Duca offrir\u00e0 l\u2019occasione di assaporare piatti della tradizione umbra, abbinati ai vini del territorio.<\/p>\n\n\n\n<p>Il programma sar\u00e0 arricchito da iniziative culturali e artistiche: tra queste, la prima mostra italiana dell\u2019artista Calli Moore, momenti musicali e degustazioni guidate, pensate sia per il grande pubblico che per gli operatori del settore. Non mancheranno i momenti dedicati ai pi\u00f9 giovani, con l\u2019assegnazione delle borse di studio agli studenti dell\u2019Istituto comprensivo Bonfigli, premiati per i lavori del concorso Wine Art 2025 dal titolo \u201cI sogni sospesi\u201d.<\/p>\n\n\n\n<p>Spazio anche al confronto e all\u2019approfondimento: tornano infatti gli \u201cStati generali del vino in Umbria\u201d, occasione di dialogo su mercato e dazi, e un appuntamento speciale con alcune glorie del Perugia Calcio \u2013 Riccardo Gaucci, Fabrizio Ravanelli, Davide Baiocco e Gianluca Colonnello \u2013 per un racconto corale tra storia, passione e ricordi legati al Grifo.<\/p>\n\n\n\n<p>Come da tradizione, la manifestazione rinnova anche la sua vocazione solidale e di tutela del patrimonio artistico. Quest\u2019anno l\u2019associazione ha sostenuto, insieme alla Fondazione Perugia, il restauro delle statue dei leoni di Corciano, simbolo storico del borgo. Inoltre, i fondi raccolti saranno destinati, in collaborazione con la Fondazione Brunello e Federica Cucinelli, al reparto di Oncologia dell\u2019ospedale Santa Maria della Misericordia di Perugia.<\/p>\n\n\n\n<p><strong>Le quattordici le cantine<\/strong> partecipanti al Premio Corciano Castello di vino 2025 sono Coldibetto, Duca della Corgna, Morami, Casali del Toppello, Il Poggio, Pucciarella, Terre del Carpine, Berioli, Cantina Nofrini, Azienda agraria Carlo e Marco Carini, La Casa dei Cini, Poggio Santa Maria, Madrevite, Agricola Casaioli. Presenti anche le cantine ospiti Terre de\u2019 Trinci, Vigne di qualit\u00e0, Lungarotti e Daniele Rossi.<\/p>\n\n\n\n<p>Non mancheranno degustazioni originali con l\u2019Enoteca Gi\u00f2 di Perugia (Champagne Tasting), alle quali vanno ad aggiungersi due novit\u00e0: Cocktail di vino, con uno spazio dedicato a chi ama sperimentare il vino \u201cshakerato\u201d sotto forma di gustosi cocktail, e Degustazione Wine Plus, percorso enologico per chi ama scoprire il lato pi\u00f9 raffinato del vino attraverso una selezione di 13 vini d\u2019eccellenza.<\/p>\n\n\n\n<p><strong>Orari di apertura<\/strong><\/p>\n\n\n\n<p><a><\/a> Cantine: &nbsp;venerd\u00ec e sabato dalle 18 alle 24 (termine vendita ticket vino alle 22.30), domenica dalle 16 alle 22 (termine vendita ticket vino alle 20.30).<br>Corner street food: venerd\u00ec e sabato dalle 18 all\u2019una (termine vendita ticket alle 24), domenica dalle 16 alle 22.30 (termine vendita ticket alle 22).<br>Taverna del Duca: venerd\u00ec e sabato apertura alle 20, domenica alle 12.30 su prenotazione<\/p>\n\n\n\n<p><strong>I premi \u201cMiglior Rosso\u201d \u201cMiglior Bianco\u201d \u201cMiglior Rosato\u201d \u201cMiglior Bollicina\u201d 2025<\/strong> verranno assegnati da una giuria tecnica sulla base di una degustazione bendata dei vini proposti dalle cantine partecipanti. L\u2019esito della giuria assegner\u00e0 i premi per ogni singola categoria. La giuria tecnica \u00e8 composta da Jacopo Cossater (giornalista), Giulia Celeschi (sommelier degustatore Ais, miglior sommelier del Sagrantino 2025) e Nicole Schubert (caporedattrice di Winenews, per le newsletter di degustazione settimanale I Vini di Winenews e mensile I Quaderni di Winenews).<\/p>\n\n\n\n<p><strong>Il premio \u201cMiglior cantina partecipante<\/strong>\u201d sar\u00e0 assegnato al termine della votazione della giuria popolare. Alle casse sar\u00e0 possibile acquistare il ticket degustazione vino con il quale il visitatore avr\u00e0 il diritto al calice e a una degustazione di vino gratuita in ognuna delle cantine presenti nel circuito. Tramite il ticket sar\u00e0 possibile effettuare la votazione della cantina preferita nell\u2019arco dei tre giorni dell\u2019evento attraverso il QR-CODE che si trover\u00e0 sul ticket degustazione. Votando la cantina preferita si parteciper\u00e0 all\u2019estrazione di alcuni premi: i vincitori riceveranno una t-shirt dell\u2019evento e una bottiglia di vino. Inoltre, votando, si potr\u00e0 attivare uno sconto del 10% valido fino al 31 dicembre 2025 da utilizzare in una delle cantine partecipanti.<\/p>\n\n\n\n<p><strong>Il servizio navette \u2013<\/strong> Per agevolare la viabilit\u00e0, sar\u00e0 presente un servizio di navette con partenza dal parcheggio di Arredissima\/Action (via Turati, 32, Ellera di Corciano).<br>Orari: venerd\u00ec e sabato prima navetta Ellera &#8211; Corciano alle 19, ultima navetta Corciano &#8211; Ellera alle 1.30; domenica prima navetta Ellera &#8211; Corciano alle 18, ultima navetta Corciano &#8211; Ellera alle 22.30.<\/p>\n\n\n\n<p><strong>Corciano Castello di Vino per il sociale &#8211;<\/strong> L\u2019associazione Corciano Castello di Vino prosegue la propria attivit\u00e0 di impegno sociale e in questa 13esima edizione rinnova la propria disponibilit\u00e0 a sostenere realt\u00e0 associative che agiscono in ambito sociale, con donazioni e promozioni specifiche. Quest&#8217;anno l&#8217;intento \u00e8 sostenere il reparto di Oncologia Pediatrica dell\u2019ospedale Santa Maria della Misericordia di Perugia. In merito alla donazione, l\u2019associazione ringrazia la Fondazione Brunello e Federica Cucinelli per Il contributo.<\/p>\n\n\n\n<p><strong>Corciano arte &#8211;<\/strong> In occasione di Corciano Castello di Vino, dal 3 al 5 ottobre, Calli Moore presenta la sua prima mostra personale in Italia, \u201cEstasi Onirica\u201d alla chiesa museo di San Francesco. Un&#8217;esposizione a cura di Manuela Picchi che evoca uno stato della coscienza in cui sogno ed estasi convergono, una sospensione visionaria dell\u2019ordinario che riflette le qualit\u00e0 immersive e trasformative della pratica pittorica di Moore.<br>Orari di apertura: venerd\u00ec e sabato dalle 18 alle 22, domenica dalle 16 alle 20. Inoltre, aperto anche il museo Antiquarium tutti i giorni dalle 10 alle 13 e dalle 17 alle 20.<\/p>\n\n\n\n<p><strong>IL PROGRAMMA<\/strong><\/p>\n\n\n\n<p><strong>Venerd\u00ec 3 ottobre<\/strong> si inizia alle 18 in piazza Doni con l\u2019inaugurazione ufficiale della 13esima edizione di Corciano Castello di vino, alla presenza di Lorenzo Pierotti (sindaco di Corciano), Cristian Betti (consigliere Regione Umbria), Bruno Nucci (presidente associazione Corciano Castello di Vino). Interventi di Luca Partenza (presidente Strada del Vino Colli del Trasimeno) ed Emanuele Bizzi (presidente Consorzio Tutela Vini Doc Colli del Trasimeno).<\/p>\n\n\n\n<p>Alla stessa ora apertura degli stand gastronomici e delle degustazioni delle cantine partecipanti. Sempre alle 18 in via Francesco Innamorati taglio del nastro della monstra Wine Art \u201cI sogni sospesi\u201d.<\/p>\n\n\n\n<p>Alle 18.30 in piazza Doni al via il convegno \u201cStati generali del vino in Umbria: analisi del mercato e dazi. Problematiche e soluzioni a confronto\u201d. Saluti di Stefano Gabrielli (assessore allo Sviluppo economico Comune di Corciano), Bruno Nucci (presidente associazione Corciano Castello di Vino); interventi di Simona Meloni (assessore Politiche agricole e agroalimentari Regione Umbria), Paolo Bartoloni (presidente Consorzio Tutela Vini Montefalco), Maria Teresa Severini (presidente Consorzio di Tutela dei Vini di Torgiano), Lorenzo De Monaco (presidente associazione Todi Terra di Vini), Vincenzo Cecci (presidente Consorzio Tutela Vini di Orvieto), Rufo Ruffo (presidente Consorzio Vini Amelia), Emanuele Bizzi (presidente Consorzio Tutela Vini Doc Colli Del Trasimeno), Massimo Sepiacci (presidente Distretto di Qualit\u00e0 del Vino Umbro). Modera Diego Contini (agronomo).<\/p>\n\n\n\n<p>Alla stessa ora ma nella chiesa di San Francesco taglio del nastro della mostra \u201cEstasi onirica\u201d di Calli Moore, curatrice Manuela Picchi.<\/p>\n\n\n\n<p>Sempre alle 18.30 nella sala del Consiglio di palazzo Comunale \u201cI viaggi del gusto. Corciano incontra la Campania e le sue eccellenze\u201d. A prendere il via sar\u00e0 un autentico viaggio sensoriale fra tradizione, qualit\u00e0 e innovazione della Tenuta Fontana, accompagnato da prodotti caseari ed in particolare dalla mozzarella di bufala campana Dop e i vini della Reggia di Caserta. Degustazione (su prenotazione) con Jacopo Cossater.<\/p>\n\n\n\n<p>Alle 19 nella chiesa di Sant\u2019Antonio degustazione guidata \u201cWine evolution\u201d con la cantina Le Cimate, a cura di Ais Umbria. Alle 20 apertura della Taverna del Duca.<\/p>\n\n\n\n<p>Si chiude in musica con il concerto di vino \u201cNice&amp;Easy party band in piazza dei Caduti (ore 21), dj set con dj Ses\u00e8, Alessandro Magnalasche (live guitar), Federico Wilkinz (live percussion), Dj Molten in piazza Coragino (ore 21) e dj set di Max Corgna e Mauro Nucci con il live trumpet di Paolo Bartoni in piazza Doni (ore 22).<\/p>\n\n\n\n<p><strong>Sabato 4 ottobre<\/strong> si inizia la mattina, alle 11, al Teatro della Filarmonica con l\u2019assegnazione del Premio Wine Art alla presenza del vicesindaco di Corciano Sara Motti e del dirigente scolastico Daniele Gambacorta.<\/p>\n\n\n\n<p>Alle 18 apertura degli stand gastronomici e delle cantine. Alle 18.30 nella sala del Consiglio di palazzo Comunale \u201cI viaggi del gusto\u201d, degustazione (su prenotazione) con Jacopo Cossater sui vini della Reggia di Caserta.<\/p>\n\n\n\n<p>Sempre alle 18.30 in piazza Doni sar\u00e0 la volta di \u201cGrifo diVino\u201d con i protagonisti del Perugia Calcio, per rivivere storia, passione e aneddoti legati al Grifo in un periodo storico eccezionale per la citt\u00e0 di Perugia e per tutti i suoi tifosi. Con Riccardo Gaucci, Fabrizio Ravanelli, Davide Baiocco e Gianluca Colonnello; modera il giornalista Marco Taccucci. Previsti saluti di Lorenzo Pierotti (sindaco di Corciano) e di Bruno Nucci (presidente associazione Corciano Castello di Vino).<\/p>\n\n\n\n<p>Alle 19 alla chiesa di Sant\u2019Antonio degustazione guidata \u201cWine evolution\u201d con la cantina Lungarotti, a cura di Ais Umbria. Alle 20 apertura della Taverna del Duca.<\/p>\n\n\n\n<p>Chiusura in musica con Dj set Wine Lovers in piazza dei Caduti (ore 21), dj set Beens e Fojo in piazza Doni (ore 22) e Contro@vento dance &amp; discomusic con dj Ses\u00e8 e Federico Wilkinz (live percussion) in piazza Coragino (ore 23.30).<\/p>\n\n\n\n<p><strong>Domenica 5 ottobre<\/strong> il primo appuntamento \u00e8 alle 11 nella sala del Consiglio di palazzo Comunale con la degustazione bendata della giuria tecnica che assagger\u00e0 i vini proposti dalle cantine partecipanti al Premio Corciano Castello di vino (la premiazione si terr\u00e0 durante la cena di chiusuraalla Taverna del Duca). A essere premiati saranno: Miglior rosso 2025, Miglior bianco 2025, Miglior rosato 2025, Miglior bollicina 2025.<\/p>\n\n\n\n<p>Alle 12.30 apertura della Taverna del Duca per il Pranzo di vino (su prenotazione).<\/p>\n\n\n\n<p>Alle 16 apertura stand gastronomici e cantine e, in contemporanea, \u201cGiocando nel castello\u201d, giochi per bambini a cura di Facciamo Festa in piazza Doni (fino alle 18.30).<\/p>\n\n\n\n<p>Alle 18 alla Taverna del Duca \u201cVerticale Torgiano rosso Riserva, Rubesco Vigna Monticchio, Cantina Lungarotti\u201d con Jacopo Cossater (giornalista) e Francesco Zaganelli (cantina Lungarotti). Stesso orario per il concerto di vino Reset Negrita cover band in piazza dei Caduti. A seguire (18.30) in piazza Coragino si chiude con un altro concerto di vino con la live music di MaryLou.<\/p>\n\n\n\n<p><strong>Tutti i giorni<\/strong> dalle 17 alle 19 all\u2019Antiquarium prender\u00e0 il via \u201cDidatticaMente 2025\u201d lab per bambini<\/p>\n\n\n\n<p><strong>Sito ufficiale<\/strong>&nbsp;<a href=\"http:\/\/www.corcianocastellodivino.it\/\" target=\"_blank\" rel=\"noreferrer noopener\">www.corcianocastellodivino.it<\/a><\/p>\n\n\n\n<p><em><strong>Ufficio stampa Corciano Castello di vino<\/strong><\/em>&nbsp;<br>Francesca Cecchini | 328 2334319&nbsp; &nbsp;<\/p>\n","protected":false},"excerpt":{"rendered":"<p>Corciano brinda alla 13esima edizione di Castello di Vino Degustazioni di eccellenza, la prima mostra in Italia di Calli Moore,gli [&hellip;]<\/p>\n","protected":false},"author":1,"featured_media":0,"comment_status":"open","ping_status":"open","sticky":false,"template":"","format":"standard","meta":{"footnotes":""},"categories":[10,12],"tags":[],"class_list":["post-80132","post","type-post","status-publish","format-standard","hentry","category-italiano","category-viajes-y-turismo"],"_links":{"self":[{"href":"https:\/\/www.ecoitaliano.com.ar\/index.php?rest_route=\/wp\/v2\/posts\/80132","targetHints":{"allow":["GET"]}}],"collection":[{"href":"https:\/\/www.ecoitaliano.com.ar\/index.php?rest_route=\/wp\/v2\/posts"}],"about":[{"href":"https:\/\/www.ecoitaliano.com.ar\/index.php?rest_route=\/wp\/v2\/types\/post"}],"author":[{"embeddable":true,"href":"https:\/\/www.ecoitaliano.com.ar\/index.php?rest_route=\/wp\/v2\/users\/1"}],"replies":[{"embeddable":true,"href":"https:\/\/www.ecoitaliano.com.ar\/index.php?rest_route=%2Fwp%2Fv2%2Fcomments&post=80132"}],"version-history":[{"count":1,"href":"https:\/\/www.ecoitaliano.com.ar\/index.php?rest_route=\/wp\/v2\/posts\/80132\/revisions"}],"predecessor-version":[{"id":80141,"href":"https:\/\/www.ecoitaliano.com.ar\/index.php?rest_route=\/wp\/v2\/posts\/80132\/revisions\/80141"}],"wp:attachment":[{"href":"https:\/\/www.ecoitaliano.com.ar\/index.php?rest_route=%2Fwp%2Fv2%2Fmedia&parent=80132"}],"wp:term":[{"taxonomy":"category","embeddable":true,"href":"https:\/\/www.ecoitaliano.com.ar\/index.php?rest_route=%2Fwp%2Fv2%2Fcategories&post=80132"},{"taxonomy":"post_tag","embeddable":true,"href":"https:\/\/www.ecoitaliano.com.ar\/index.php?rest_route=%2Fwp%2Fv2%2Ftags&post=80132"}],"curies":[{"name":"wp","href":"https:\/\/api.w.org\/{rel}","templated":true}]}}