{"id":80174,"date":"2025-10-01T09:55:01","date_gmt":"2025-10-01T09:55:01","guid":{"rendered":"https:\/\/www.ecoitaliano.com.ar\/?p=80174"},"modified":"2025-10-01T09:55:20","modified_gmt":"2025-10-01T09:55:20","slug":"torna-women-and-the-city-la-terza-edizione-del-festival-diffuso-dedicato-alla-parita-di-genere","status":"publish","type":"post","link":"https:\/\/www.ecoitaliano.com.ar\/?p=80174","title":{"rendered":"Torna Women and the City &#8211; la terza edizione del festival diffuso dedicato alla parit\u00e0 di genere"},"content":{"rendered":"\n<figure class=\"wp-block-table\"><table class=\"has-fixed-layout\"><tbody><tr><td><img decoding=\"async\" src=\"https:\/\/ci3.googleusercontent.com\/meips\/ADKq_NZOrfLqD9asBSyOG_e_FyZwj8VripBEzx5BmktuyPBTE6hiIRlurKCNhfWnkIWOVAzeGcdLGCX6JNYSbhHNuKdlZaCg6_AAWsiHYWioyc34OQkS0dJSSIOYn9_hTglXteL-cvj4TZBbR1182D8yljTb=s0-d-e1-ft#https:\/\/gbfa4.img.a.d.sendibm1.com\/im\/sh\/KLTB1UyyViJv.png?u=7xwQLFBtniwQn1M7ZYW8IhiFwEavAM5\" width=\"600\"><em><strong>WOMEN AND THE CITY:<\/strong><\/em><strong>torna e raddoppia il festival diffuso dedicato alla parit\u00e0 di genere. La terza edizione dal titolo \u201cDove c\u2019\u00e8 parit\u00e0 c\u2019\u00e8 futuro\u201d<\/strong><br><strong>ospita Shirin Ebadi, premio Nobel. E con lei lancia un solo grido: pace.<\/strong><strong>Dall\u2019esilio al palco di Torino: \u201cI diritti delle donne sono diritti umani\u201d.<\/strong>&nbsp;<strong>Primo evento off dopodomani a Collegno: Pasquale Guadagno, orfano di femminicidio, racconta la sua potente storia e \u201cI figli di nessuno\u201d<\/strong><strong>Quest\u2019anno l\u2019appuntamento con il festival non si ferma a ottobre: gli eventi si terranno dal 22 al 26, ma anche il 5, il 13 e il 23 novembre.<\/strong><br><strong>Ricchissimo anche il programma Off, in collaborazione con 7 comuni e 5 festival piemontesi. Sono pi\u00f9 di 300 le ospiti e gli ospiti.<\/strong>&nbsp;<strong>Tante le iniziative in programma: dal murale dedicato a Giulia Cecchettin che sar\u00e0 inaugurato il 20 ottobre per denunciare tutte le violenze sulle donne, all\u2019incontro con Shirin Ebadi, Premio Nobel per la Pace, all\u2019incontro di Pietro Grasso e Alberto Pellai con centinaia di studenti. Il festival raddoppia due volte: aumentano le giornate di eventi a Torino e nel 2026 sbarca a Bari per un ponte che abbraccia tutta Italia nel nome dei diritti e della parit\u00e0. E delle voci di libert\u00e0 in dialogo.<\/strong>&nbsp;<a href=\"https:\/\/gbfa4.r.a.d.sendibm1.com\/mk\/cl\/f\/sh\/SMK1E8tHeFuBlCKQn7QfpZyNUMJ7\/wtqyHNgGvmX5\" target=\"_blank\" rel=\"noreferrer noopener\"><strong>PRESS KIT<\/strong><\/a><br><a href=\"https:\/\/gbfa4.r.a.d.sendibm1.com\/mk\/cl\/f\/sh\/SMK1E8tHeG13DL9NyHa9vPH7SetN\/l6nxmoldraaH\" target=\"_blank\" rel=\"noreferrer noopener\"><strong>IL PROGRAMMA COMPLETO<\/strong><\/a>&nbsp;<strong>Eventi ad accesso libero fino ad esaurimento posti, tranne quelli qui indicati&nbsp;<a href=\"http:\/\/www.womenandthecity.it\/prenotazioni\" target=\"_blank\" rel=\"noreferrer noopener\">www.womenandthecity.it\/prenotazioni<\/a>&nbsp;ai quali si accede solo previa iscrizione<\/strong><em>Torino 1\u00b0 ottobre 2025&nbsp;<\/em>&#8211;&nbsp;<strong>Torna per la III edizione Women and the City<\/strong>, il festival dedicato alla parit\u00e0 di genere, promosso e ideato dall\u2019associazione Torino Citt\u00e0 per le Donne (TOxD), che&nbsp;<strong>quest\u2019anno raddoppia l\u2019appuntamento, diventa diffuso e si prepara per un\u2019edizione speciale che sar\u00e0 ospitata a Bari nel 2026<\/strong>. Dopo il successo delle prime due edizioni, Women &amp; the City torna in una nuova veste:&nbsp;<strong>8 giorni di festival&nbsp;<\/strong>(<strong>5 a ottobre&nbsp;<\/strong>a cui si aggiungono&nbsp;<strong>3 giornate a novembre)&nbsp;<\/strong>e un ricchissimo&nbsp;<strong>programma Off<\/strong>, per un&nbsp;<strong>totale di 300 ospiti, italiani e internazionali e oltre 100 eventi<\/strong>,&nbsp;<strong>sparsi tra i luoghi della citt\u00e0 di Torino e con tappe in 7 comuni del territorio: a Collegno, Druento, Nichelino, Torre Pellice e Val Della Torre&nbsp;<\/strong>dove gli eventi sono organizzati in collaborazione e con il sostegno degli Enti comunali;&nbsp;<strong>a Settimo&nbsp;<\/strong>in partnership con il Festival dell\u2019Innovazione e della Scienza&nbsp;<strong>e a Pianezza&nbsp;<\/strong>con l\u2019associazione \u201cInsieme\u201d. Novit\u00e0 di quest\u2019anno anche la&nbsp;<strong>collaborazione con 5 festival<\/strong>: si consolida il rapporto con Contemporanea Film Festival, e si inaugura quello con il Festival dell\u2019Accoglienza, Festival dell\u2019Innovazione e della Scienza, Incanti Festival e Festival Donne Incontro Scena.&nbsp;&nbsp;<strong>Promosso dall\u2019Associazione Torino Citt\u00e0 per le Donne&nbsp;<\/strong>(TOxD) presieduta da&nbsp;<strong>Antonella Parigi,&nbsp;<\/strong>ideatrice del format, manager culturale, ex assessora alla Cultura e al Turismo della Regione Piemonte, fondatrice del Circolo dei Lettori, della Scuola Holden (con Alessandro Baricco) &#8211; e&nbsp;<strong>diretto dalla giornalista Elisa Forte<\/strong>, Women and the City \u00e8 realizzato grazie&nbsp;<strong>al contributo della Fondazione Compagnia San Paolo&nbsp;<\/strong>(maggior sostenitore)<strong>, della Fondazione CRT, di Unione Industriali, della Camera di Commercio e al sostegno di Regione Piemonte e Comune di Torino.&nbsp;<\/strong>&nbsp;<em>\u201cIn Italia il tasso di occupazione femminile resta tra i pi\u00f9 bassi in Europa, le donne guadagnano in media quasi 8.000 euro in meno degli uomini (il 12% in meno all&#8217;ora rispetto agli uomini) e una su cinque lascia il lavoro dopo la nascita di un figlio. Solo lo scorso anno sono state oltre 50 mila le chiamate al numero antiviolenza. Sono numeri che raccontano quanto la strada verso l\u2019equit\u00e0 sia ancora lunga e che il dibattito si debba allargare sempre di pi\u00f9. Per questo, con questa edizione, Women and the City diventa sempre pi\u00f9 un festival diffuso, che a ottobre e novembre porter\u00e0 la riflessione sulla parit\u00e0 in citt\u00e0 e nei territori, intrecciando energie, competenze e collaborazioni sempre pi\u00f9 ampie. L\u2019obiettivo resta quello che ci guida fin dalla nascita di TOxD nel 2020 che ad oggi conta 250 iscritte e iscritti: costruire connessioni, accogliere istituzioni, persone e realt\u00e0 impegnate sul tema della parit\u00e0 di genere e farne un motore di cambiamento culturale per il Paese. Women and the City vuole essere uno spazio condiviso, in cui ci si possa riconoscere e dialogare attorno al valore e alla necessit\u00e0 dell\u2019equit\u00e0.\u201d<\/em>&#8211;<strong>&nbsp;Antonella Parigi<\/strong>, Presidente Torino Citt\u00e0 per le Donne&nbsp;<em>\u201cLa Fondazione Compagnia di San Paolo \u00e8 da sempre impegnata nella promozione dei valori della persona, con particolare attenzione all\u2019emancipazione femminile, alla partecipazione democratica e all\u2019inclusione sociale. In quest\u2019ottica, sostiene le attivit\u00e0 di Torino Citt\u00e0 per le Donne, realt\u00e0 che, attraverso il proprio operato, contribuisce in modo significativo alla promozione della parit\u00e0 di genere e alla riduzione delle disuguaglianze\u201d \u2013<\/em><strong>Marco Gilli,&nbsp;<\/strong>Presidente della Fondazione Compagnia di San Paolo&nbsp;<em>\u201cSiamo felici, come Fondazione CRT, di sostenere Women &amp; the City: un festival che d\u00e0 voce all\u2019energia delle donne e al loro ruolo fondamentale nel rendere le citt\u00e0 pi\u00f9 giuste, inclusive e sostenibili &#8211; afferma la Presidente della Fondazione CRT Anna Maria Poggi. La terza edizione \u00e8 la prova che il cambiamento si costruisce insieme, attraverso reti, ascolto e partecipazione. Per noi sostenere questa iniziativa significa credere nel potere delle idee e delle persone che vogliono immaginare e realizzare un futuro migliore per tutti.\u201d<strong>&nbsp;\u2013&nbsp;<\/strong><\/em><strong>Anna Maria Pogg<\/strong>i, Presidente Fondazione CRT&nbsp;<em>\u201cWomen and the City\u00bb giunge alla sua terza edizione con un titolo che bene ne sintetizza il programma e la sfida \u201cDove c\u2019\u00e8 parit\u00e0, c\u2019\u00e8 futuro\u201d. Un palinsesto davvero ricco di ospiti di primo piano e di appuntamenti estremamente interessanti. In un tempo purtroppo ancora segnato da discriminazioni e diseguaglianze l\u2019augurio \u00e8 che questa importante rassegna possa crescere nella partecipazione e nella sua capacit\u00e0 di fare della cultura del dialogo e del rispetto la cifra della nostra citt\u00e0. La parit\u00e0 di genere \u00e8 un imperativo sociale, economico e morale che richiede azioni concrete da parte di tutti. Solo attraverso un impegno collettivo e continuo possiamo costruire un mondo pi\u00f9 equo, inclusivo e sostenibile per le generazioni presenti e future.\u201d<\/em><strong>&nbsp;Elena Apollonio,<\/strong>&nbsp;Presidente Commissione Diritti e Pari Opportunit\u00e0 del Comune di Torino&nbsp;Gli eventi toccheranno<strong>&nbsp;i temi del sociale, le forme di aiuto concreto, il mondo del lavoro e delle imprese, la salute fisica e psicologica delle donne e dell\u2019infanzia,&nbsp;<\/strong>e&nbsp;<strong>l\u2019educazione affettiva, scolastica e familiare, fondamentale per il contrasto a ogni forma di violenza.&nbsp;<\/strong>Gli appuntamenti si snodano tra i&nbsp;<strong>luoghi storici di Torino,&nbsp;<\/strong>dal Circolo dei Lettori al Campus Luigi Einaudi, dal Politecnico a Piazza Castello,<strong>&nbsp;e tra i 7 comuni del territorio per il calendario Off: Collegno, Druento, Nichelino, Pianezza, Settimo Torinese, Torre Pellice e Val Della Torre.&nbsp;<\/strong>&nbsp;<strong>Dal Piemonte alla Puglia<\/strong>,&nbsp;<strong>il festival<\/strong>&nbsp;che parla di democrazia, spazio pubblico e protagonismo femminile<strong>&nbsp;continuer\u00e0 la sua sfida nel 2026 anche a Bari<\/strong>, dove grazie a una collaborazione istituzionale con la Citt\u00e0 Metropolitana guidata dal sindaco Vito Leccese raddoppia.<br>&nbsp;\u201c<em>Si vuole costruire un ponte Sud-Nord dedicato ai diritti e alla parit\u00e0 che abbraccia tutta l\u2019Italia per un lavoro corale verso il cambiamento, verso citt\u00e0 pi\u00f9 giuste, inclusive e sostenibili. Due gli obiettivi. Primo: riconoscere e valorizzare il ruolo attivo delle donne nella trasformazione sociale. Secondo: coinvolgere sempre pi\u00f9 uomini nei percorsi sui diritti e sul protagonismo femminile, renderli \u201csensibilizzatori\u201d di temi che non sono \u2013 e non devono essere &#8211; appannaggio delle donne. Gi\u00e0 nelle scelte di questo festival abbiamo optato per alcuni panel solo al maschile. Sul valore della cura (dentro e fuori la famiglia) terr\u00e0 una lectio l\u2019economista Tito Boeri, dei femminicidi e della violenza di genere parleranno Alberto Pellai, Pietro Grasso, Marco Bouchard, Stefano Ciccone e Giancarlo Marenco. Potremmo definirla una scelta editoriale, per una nuova narrazione e consapevolezza, da rafforzare<\/em>\u201d.<strong>&nbsp;\u2013 Elisa Forte<\/strong>, direttrice del Festival Women &amp; the City.&nbsp;<em>\u201cQuello su cui vogliamo lavorare va oltre il rapporto tra donne e citt\u00e0. Si tratta di una nuova visione delle citt\u00e0, in cui le donne emergono &#8211; attraverso un senso profondo di riscatto storico e intellettuale &#8211; come le vere protagoniste, valorizzate per la loro capacit\u00e0 di generatrici e attivatrici di questa visione. Bari come citt\u00e0 metropolitana \u00e8 pronta per intraprendere questo percorso che \u00e8 peraltro tracciato nelle linee programmatiche del nostro sindaco Vito Leccese. Non si tratta di una sfida teorica, ma molto pratica. E il ponte con Torino e in particolare con Women and the City \u00e8 in costruzione e sar\u00e0 fondamentale.<\/em>\u201d&nbsp;<strong>&#8211; Annamaria Ferretti<\/strong>, Presidente Municipio 1 di Bari.&nbsp;&nbsp;<strong>Le ospiti e gli ospiti.<\/strong>Arrivano dal mondo della cultura, della giustizia, dell\u2019impresa e della ricerca, dall\u2019Italia e dall\u2019estero. A Women &amp; the City 2025 sar\u00e0 accolta una delle voci pi\u00f9 autorevoli per la libert\u00e0: la magistrata iraniana&nbsp;<strong>Shirin Ebadi, prima donna musulmana a ricevere il Nobel per la Pace sar\u00e0 ospite del festival domenica 26 ottobre al Politecnico; ci si iscrive qui:<\/strong>&nbsp;<a href=\"https:\/\/gbfa4.r.a.d.sendibm1.com\/mk\/cl\/f\/sh\/SMK1E8tHeG7ufTyL9Rje1EZrQxTd\/cR70raBfDSsG\" target=\"_blank\" rel=\"noreferrer noopener\"><em>IL GIORNO CHE LE DONNE HANNO CONQUISTATO LE PIAZZE<\/em><\/a><br>Parteciperanno<strong>: Emma Holten<\/strong>, scrittrice, attivista e consulente di politiche di genere, autrice del libro&nbsp;<em>Deficit&nbsp;<\/em>(La Tartaruga); il magistrato e gi\u00e0 Presidente del Senato&nbsp;<strong>Pietro Grasso&nbsp;<\/strong>e lo psicoterapeuta&nbsp;<strong>Alberto Pellai<\/strong>;&nbsp;<strong>Stefano Ciccone<\/strong>, Presidente dell\u2019Associazione Maschile Plurale;&nbsp;<strong>Linda Laura Sabbadini<\/strong>, statistica e pioniera degli studi di genere;&nbsp;<strong>Celeste Costantino<\/strong>, Vice Presidente della Fondazione Una Nessuna Centomila;&nbsp;<strong>Marco Bouchard<\/strong>, ex Magistrato, Presidente Rete Dafne Italia e cofondatore rivista \u201cCura e Giustizia\u201d;&nbsp;<strong>Nicoletta Alessi<\/strong>, Fondatrice e Presidente di Good Point;&nbsp;<strong>Davide Arduini<\/strong>, Presidente di UNA;&nbsp;<strong>Lilli Angela<\/strong>, Presidente dell\u2019Associazione Violetta la forza delle donne;&nbsp;<strong>Riccarda Zezza<\/strong>, Foun- der e Chief Science Officer Lifeed;&nbsp;<strong>Niccol\u00f2 Bellazzini<\/strong>, Brand Manager di Sparco, leader nel vestire i piloti della F1, a cui ha dato una nuova cultura aziendale, attenta al welfare delle sue lavoratrici e dei suoi lavoratori. Ospiti della nuova edizione anche la&nbsp;<strong>Squadra Femminile di calcio Iran di Torino<\/strong>, con l\u2019allenatore&nbsp;<strong>Kasra Chalabi&nbsp;<\/strong>e la capitana&nbsp;<strong>Atieh Mazi<\/strong>; l\u2019attrice e regista&nbsp;<strong>Marianna L\u2019Amico<\/strong>, la regista e attrice&nbsp;<strong>Yvonne Sci\u00f2&nbsp;<\/strong>e la scrittrice e filosofa&nbsp;<strong>Francesca Romana Recchia Luciani<\/strong>. Aggiornamenti e approfondimenti sul sito&nbsp;<em><a href=\"http:\/\/www.womenandthecity.it\/\" target=\"_blank\" rel=\"noreferrer noopener\">www.womenandthecity.it<\/a><\/em>&nbsp;&nbsp;<strong>Educare all\u2019amore \u00e8 un atto politico<\/strong>.&nbsp;Importanti iniziative della nuova edizione di Women and the City anticipano e superano i giorni del festival, come quelle dedicate all\u2019educazione affettiva e alla memoria di Giulia Cecchettin. Dopo la sentita partecipazione di&nbsp;<strong>Gino Cecchettin&nbsp;<\/strong>all\u2019edizione 2024, la manifestazione dedicher\u00e0 alla memoria di&nbsp;<strong>Giulia&nbsp;<\/strong>un momento di ricordo che sia soprattutto un invito all\u2019impegno per un futuro paritario e libero da violenze. A partire da un\u2019idea del festival condivisa con la famiglia Cecchettin e realizzata con il contributo dell\u2019assessorato all\u2019istruzione del Comune di Torino,&nbsp;<strong>il 20 ottobre sar\u00e0 inaugurato il murale \u201cQuesto non \u00e8 amore\u201d&nbsp;<\/strong>alla presenza del sindaco&nbsp;<strong>Stefano Lorusso&nbsp;<\/strong>e dell\u2019assessora&nbsp;<strong>Carlotta Salerno,&nbsp;<\/strong>della signora&nbsp;<strong>Donatella Barale&nbsp;<\/strong>che ha messo a disposizione la parete che accoglie l\u2019opera realizzata da studentesse e studenti del Primo Liceo Artistico e dall\u2019associazione \u201cAvvalorando\u201d<strong>.&nbsp;<\/strong>A Giulia Cecchettin e a tutte le vittime di femminicidio sar\u00e0 dedicato un videoracconto e un&nbsp;<strong>flash mob collettivo<\/strong>: un gesto corale di memoria e ribellione per rompere il silenzio che avvolge la violenza di genere.&nbsp;Legato al tema dell\u2019urgenza di un\u2019<strong>educazione sessuo-affettiva all\u2019interno delle scuole<\/strong>, il festival lancia la petizione \u201cConoscere per rispettare. L\u2019educazione che manca\u201d, che sar\u00e0 presentata da&nbsp;<strong>Anna Mastromarino<\/strong>, Professoressa Ordinaria di Diritto Pubblico Comparato all\u2019Universit\u00e0 di Torino, Direttrice della Scuola di Scienze Giuridiche, Politiche e Economico sociali e Presidente del Comitato Scientifico di TOxD.Con un&nbsp;<em><strong>bugiardino<\/strong><\/em><strong>, proprio come quello farmaceutico, si denunceranno gli effetti collaterali dell\u2019amore malato<\/strong>:&nbsp;<strong>un foglietto illustrativo che sar\u00e0 in distribuzione in 700 farmacie di Torino e provincia&nbsp;<\/strong>dal 10 ottobre,&nbsp;<strong>grazie alla pronta e proficua collaborazione con l\u2019Ordine dei Farmacisti della provincia di Torino e Federfarma Torino,&nbsp;<\/strong>per un\u2019iniziativa contro la violenza che si traveste da normalit\u00e0, contro i gesti che non sembrano ferite, ma lo sono. Il bugiardino, scritto con la consulenza di due esperte (Anna Ronfani, vicepresidente di Telefono Rosa Piemonte e Anna Maria Zucca, presidente dei Centri Antiviolenza E.m.m.a) \u00e8 scaricabile anche qui&nbsp;<a href=\"https:\/\/gbfa4.r.a.d.sendibm1.com\/mk\/cl\/f\/sh\/SMK1E8tHeGEm7cnIKbt873sbPG3t\/NeCgne_A5eZq\" target=\"_blank\" rel=\"noreferrer noopener\">www.womenandthecity.it\/il-bugiardino.<\/a>&nbsp;&nbsp;<strong>Cenni sul programma del festival.&nbsp;<\/strong>La terza edizione di Women and the City si aprir\u00e0 il&nbsp;<strong>22 ottobre&nbsp;<\/strong>al&nbsp;<strong>Campus Luigi Einaudi Universit\u00e0 di Torino<\/strong>, e sar\u00e0 inaugurata dall\u2019attesa&nbsp;<em><strong>lectio&nbsp;<\/strong><\/em><strong>del Prof. Tito Boeri&nbsp;<\/strong>dal titolo \u201cIl valore della cura (dentro e fuori la famiglia)\u201d. L\u2019economista, presidente dell\u2019INPS dal 2014 al 2016, si \u00e8 pi\u00f9 volte dedicato alla questione della cura, vera sfida del futuro del nostro Paese, il pi\u00f9 \u201canziano\u201d d\u2019Europa, troppo spesso lasciata esclusivamente sulle spalle delle famiglie, in particolare delle donne. Seguir\u00e0 poi la prima presentazione del libro a cura delle socie di TOxD&nbsp;<em>Male-dette<\/em>.&nbsp;<em>Manuale di Imprecazione Etica&nbsp;<\/em>(Capovolte), nato da un\u2019idea di&nbsp;<strong>Stefania Doglioli&nbsp;<\/strong>che lo presenter\u00e0 insieme alla coautrice&nbsp;<strong>Elena Miglietti&nbsp;<\/strong>con&nbsp;<strong>Arianna Montorsi&nbsp;<\/strong>e&nbsp;<strong>Sara Alessandra Sottile<\/strong>, insieme alle altre protagoniste di un\u2019opera collettiva inedita nel panorama editoriale italiano. Per partecipare iscriversi qui:&nbsp;<a href=\"https:\/\/gbfa4.r.a.d.sendibm1.com\/mk\/cl\/f\/sh\/SMK1E8tHeGLdZlcFVm2cCtBLNYe9\/gTgPRIy_9fb6\" target=\"_blank\" rel=\"noreferrer noopener\"><em><u>INAUGURAZIONE WOMEN &amp; THE CITY<\/u><\/em><\/a>L\u2019appuntamento del pomeriggio inaugurale \u00e8 accreditato per la formazione dall\u2019Ordine dei Giornalisti del Piemonte.&nbsp;&nbsp;La giornata di gioved\u00ec&nbsp;<strong>23 ottobre&nbsp;<\/strong>si aprir\u00e0 con l\u2019incontro con le studentesse e gli studenti del Campus con&nbsp;<strong>Pietro Grasso&nbsp;<\/strong>e&nbsp;<strong>Alberto Pellai<\/strong>, entrambi approfondiranno il tema della consapevolezza e dell\u2019azione collettiva contro la violenza e lo faranno da due punti di vista diversi e complementari, il diritto e la psicologia; nel pomeriggio arriva&nbsp;<strong>a Torino la lezione-evento \u201cRituali di benessere finanziario\u201d&nbsp;<\/strong>della community&nbsp;<strong>\u201cRame\u201d<\/strong>, perch\u00e9 si possa rompere il tab\u00f9 dei soldi, riconoscere i nostri bisogni reali e costruire un rapporto sano con il denaro, rispettando il valore del proprio tempo, delle proprie competenze e del proprio contributo.&nbsp;<strong>Un appuntamento che ha avuto grande successo nelle citt\u00e0 italiane che hanno ospitato il tour e che arriva a Torino per la prima volta<\/strong>. Per partecipare alla&nbsp;<strong>conversazione (audace e interattiva) con la giornalista e scrittrice Annalisa Monfreda e l\u2019attrice, scrittrice e formatrice Alessandra Faiella, che ha fatto dell\u2019ironia il filo conduttore della sua carriera.&nbsp;<\/strong>Ci si iscrive qui:&nbsp;<a href=\"https:\/\/gbfa4.r.a.d.sendibm1.com\/mk\/cl\/f\/sh\/SMK1E8tHeGSV1uRCgwC6IiU5LrEP\/m4RUzH8zoVzv\" target=\"_blank\" rel=\"noreferrer noopener\"><em><u>RITUALI DI BENESSERE FINANZIARIO<\/u><\/em>&nbsp;<\/a>&nbsp;Venerd\u00ec&nbsp;<strong>24 ottobre&nbsp;<\/strong>l\u2019appuntamento \u00e8 al&nbsp;<strong>Circolo dei Lettori&nbsp;<\/strong>e la giornata vedr\u00e0 al centro il&nbsp;<strong>tema del lavoro delle donne<\/strong>, dopo gli allarmanti dati \u2013 confermati anche quest\u2019estate dal Global Gender Gap Report \u2013 riguardanti l\u2019Italia, dove solo una donna su due \u00e8 occupata, il gender pay gap \u00e8 ancora una questione aperta, e dove si verifica abitualmente l\u2019esclusione delle donne dalle posizioni apicali. Eppure le imprese hanno la possibilit\u00e0 di intraprendere un percorso diverso: di questo tratter\u00e0&nbsp;<strong>\u201cLasciare tracce\u201d<\/strong>, un incontro dove diverse voci si confrontano su un\u2019economia che rifletta la complessit\u00e0 del presente, con il coraggio di cambiare prospettiva, con l\u2019intervento di&nbsp;<strong>Nicoletta Alessi<\/strong>, Fondatrice e Presidente Good Point,&nbsp;<strong>Davide Arduini<\/strong>, Presidente UNA Aziende Comunicazione Unite, Vicepresidente di Confindustria Mestieri e Professioni e Amministratore delegato di Next Different,&nbsp;<strong>Alice Carbonara<\/strong>, Fondatrice di This Unique,&nbsp;<strong>Stefania Ferrero<\/strong>, Chief Marketing Officer Comau e&nbsp;<strong>Brigitte Sardo<\/strong>, Presidente Comitato Imprenditoria Femminile (Cif), Camera di commercio di Torino<em>.<\/em>&nbsp;&nbsp;L\u2019evento \u201c<strong>La forza delle connessioni per trasformare il presente<\/strong>\u201d, \u00e8 invece proprio un invito a unire le forze per le donne tra imprese e impegno sociale, e ospiter\u00e0 gli interventi di Valeria Ferrero (Referente Fondazione Bellisario Piemonte) e Valeria Panini (Presidente Aidda Piemonte-Valle d\u2019Aosta) e le testimonianze virtuose di&nbsp;<strong>Lilli Angela&nbsp;<\/strong>con il progetto \u201cVioletta la forza delle donne\u201d,&nbsp;<strong>Erika Larcher<\/strong>, con il progetto EmpowHer Amref Health Africa e&nbsp;<strong>Antonella Roletti<\/strong>, Presidente Cafid.&nbsp;&nbsp;Fra gli incontri del venerd\u00ec torna \u201c<strong>No women no board. L&#8217;inclusivit\u00e0 come pilastro<\/strong>\u201d: un progetto presentato al festival un anno fa, un protocollo per&nbsp;<em>rompere il soffitto di cristallo&nbsp;<\/em>e stimolare anche le societ\u00e0 non obbligate dalla legge a introdurre le quote su base volontaria e insieme promuovere realmente diversit\u00e0 e inclusione in azienda attraverso l\u2019attenzione a nuove politiche interne. Il protocollo ora \u00e8 un libro, (Pacini Editore 2025), e sar\u00e0 presentato dalle scrittrici e docenti universitarie&nbsp;<strong>Eva Desana<\/strong>, Coordinatrice del Progetto Eccellenza sulla certificazione di Genere 4 EGE dell\u2019Universit\u00e0 di Torino e&nbsp;<strong>Mia Callegari<\/strong>, Co-coordinatrice di Hub Genere e Sostenibilit\u00e0 del Dipartimento Giurisprudenza dell\u2019Universit\u00e0 di Torino.&nbsp;Fra i e le manager che guidano il cambiamento aziendale nel segno dell\u2019ESG (Environmental, Social, and Governance), tra etica, sostenibilit\u00e0 e inclusione al Festival sono state\/i invitate\/i chi pu\u00f2 raccontare storie esemplari e potenti, come&nbsp;<strong>Niccol\u00f2 Bellazzini<\/strong>, Brand Manager Sparco;&nbsp;<strong>Edoardo Mola<\/strong>, Amministratore delegato PRAXI Intellectual Property Spa;&nbsp;<strong>Lucia Pellino<\/strong>, HR Director Lavazza;&nbsp;<strong>Antonella Moira Zabarino<\/strong>, Amministratrice delegata Progesia Srl Societ\u00e0 Benefit e&nbsp;<strong>Cristina Fresia<\/strong>, Amministratrice delegata Fresia Alluminio Spa, che si confronteranno nel dialogo dal titolo \u201c<strong>Leader del presente, costruttor\u0259 del futuro<\/strong>\u201d.&nbsp;&nbsp;Il Circolo dei Lettori ospiter\u00e0 anche l\u2019inedito progetto di TOxD realizzato in collaborazione con il Politecnico di Torino,&nbsp;<em><strong>Oltre il soffitto di cristallo&nbsp;<\/strong><\/em>con la presentazione del Bilancio del progetto di ricerca&nbsp;<strong>Genere Diffuso<\/strong>: un incontro sul rapporto tra lavoro e le donne e le buone pratiche delle imprese torinesi, presentato da&nbsp;<strong>Alessandra Colombelli<\/strong>, Professoressa Ordinaria, Presidente CUG, del Politecnico Torino con l\u2019introduzione e la conduzione di&nbsp;<strong>Monica D\u2019Ascenzo<\/strong>, Diversity &amp; Inclusion Editor del&nbsp;<em>Sole 24 Ore<\/em>.&nbsp;&nbsp;Venerd\u00ec pomeriggio 24 ottobre, si terr\u00e0 anche il talk inedito \u201c<strong>Chi si prende cura, cambia le regole del gioco\u201d di Riccarda Zezza<\/strong>, Founder e Chief Science Officer Lifeed, la piattaforma digitale che trasforma gli eventi della vita in competenze soft e autrice del libro \u201cLa Cura\u201d (FrancoAngeli). In un tempo dominato dagli algoritmi e con modelli di lavoro non pi\u00f9 al passo con il tempo presente e dunque responsabili di difficolt\u00e0 concrete e reali per i lavoratori e, soprattutto, le lavoratrici<strong>, propone una riflessione sulla riappropriazione del tempo dedicato agli aspetti dell\u2019umano e del benessere<\/strong>, motore anche di nuovi stimoli e nuove idee nell\u2019ambito professionale. Prendersi cura &#8211; di s\u00e9, degli altri, dei contesti &#8211; non \u00e8 pi\u00f9 considerabile un fatto privato, femminile e irrilevante, n\u00e9 solo un gesto etico, ma un modo per accedere a competenze nuove e cambiare le regole del gioco nei luoghi di lavoro.&nbsp;Il fine settimana si apre&nbsp;<strong>sabato 25 ottobre&nbsp;<\/strong>con molti&nbsp;<strong>incontri dedicati al tema della salute fisica e psicologica delle donne e dell\u2019infanzia, nelle famiglie e nelle scuole<\/strong>. Il primo evento ha come titolo \u201c<strong>La salute delle donne: un bene di tutte\/i\u201d.&nbsp;<\/strong>Partecipano&nbsp;<strong>Federico Riboldi<\/strong>, Assessore alla Sanit\u00e0 di Regione Piemonte,&nbsp;<strong>Cristina Prandi<\/strong>, Rettrice dell\u2019Universit\u00e0 Torino,&nbsp;<strong>Maria Grazia Grippo<\/strong>, Presidente del Consiglio Comunale Torino,&nbsp;<strong>Antonella Parigi<\/strong>, e&nbsp;<strong>Chiara Benedetto<\/strong>, Professoressa Emerita di Ginecologia Ostetricia, Universit\u00e0 di Torino e Presidente della Fondazione \u201cMedicina a Misura di Donna\u201d.&nbsp;&nbsp;In contemporanea, nella Sala Musica del Circolo dei lettori,&nbsp;<strong>il Festival propone per la prima volta due incontri rivolti ad educatori e genitori<\/strong>. Il primo&nbsp;<strong>\u201cDalla sedia camomilla al silenzio delle&nbsp;<\/strong>, con&nbsp;<strong>Ilaria Maggi<\/strong>, Consulente in benessere scolastico, Parental coach specializzata nella facilitazione delle relazioni scuola-famiglia e&nbsp;<strong>Francesca Ribaudo<\/strong>, Ph.D., Psicologa dello Sviluppo e dell\u2019Educazione. Il secondo \u00e8 un\u2019occasione di&nbsp;<strong>parent training dal titolo \u201cFamiglie che crescono insieme<\/strong>\u201d con la psicoterapeuta&nbsp;<strong>Silvia Spinelli&nbsp;<\/strong>e Carolin Vorderstemann.&nbsp;&nbsp;All\u2019ingresso del Circolo dei Lettori,&nbsp;<strong>per tutto il pomeriggio una postazione interattiva accoglie storie, pensieri ed esperienze del pubblico su infanzia, relazioni e benessere emotivo: un progetto di Parole in Movimento Ets. Sar\u00e0 presente, tra le altre, Chiara Marello,&nbsp;<\/strong>psicologa, psicoterapeuta e vicepresidente dell\u2019associazione.&nbsp;&nbsp;A fine giornata, nella Sala Gioco, in collaborazione con Contemporanea Film Festival, sar\u00e0 proiettato il film documentario&nbsp;<em>Misure: quando il controllo diventa prigion<\/em>e, un corto di&nbsp;<strong>Marta Capossela<\/strong>, tra ossessione, corpo e liberazione. Seguir\u00e0 il dibattito tra la regista con&nbsp;<strong>Fulvio Paganin<\/strong>, Direttore Contemporanea Film Festival e la psicologa&nbsp;<strong>Monica Agnesone<\/strong>, Specialista Psicologia Clinica e Responsabile della Struttura di Psicologia Aziendale Asl Citt\u00e0 di Torino Regione Piemonte.&nbsp;&nbsp;Ricchissima la&nbsp;<strong>domenica del festival, 26 ottobre<\/strong>, che si apre con il formato&nbsp;<strong>TOXD TALKS,&nbsp;<\/strong>che ha visto il debutto nel 2024 e si conferma anche quest\u2019anno come momento per condividere esperienze individuali che si intrecciano con grandi temi sociali, per creare una narrazione collettiva. Il&nbsp;<em>fil rouge&nbsp;<\/em>le \u201c<strong>Storie d\u2019impegno: il coraggio di stare dalla parte dei fragili<\/strong>\u201d. Si comincia con le testimonianze di chi ha rotto gli schemi, sfidando l\u2019indifferenza e creando comunit\u00e0, con&nbsp;<strong>Andrea Mati<\/strong>, Garden designer, Imprenditore sociale e Docente,&nbsp;<strong>Don Giulio Mignani<\/strong>, Ex prete Chiesa Cattolica,&nbsp;<strong>Emanuele Ottavis<\/strong>, Medico di medicina generale che cura gli ultimi,&nbsp;<strong>Cristiana Poggio<\/strong>, Vice presidente Piazza dei mestieri e Ufficiale Ordine al Merito della Repubblica e&nbsp;<strong>Niccol\u00f2 Zancan<\/strong>, Giornalista, Inviato La Stampa e Autore. Chiuder\u00e0 il panel, l\u2019attrice e regista&nbsp;<strong>Marianna L\u2019Amico<\/strong>: porter\u00e0&nbsp;<strong>in scena per la prima volta a Women and the City&nbsp;<\/strong><em><strong>Si Spogli!<\/strong><\/em><strong>, monologo semiserio sull\u2019esperienza oncologica femminile, viaggio inedito e ironico tratto dalla sua esperienza personale<\/strong>, accompagnato dal live painting a cura di&nbsp;<strong>Stefano Giorgi<\/strong>.&nbsp;&nbsp;Domenica 26 ottobre saranno presentati due libri:&nbsp;<em>Senza legge&nbsp;<\/em>(Tlon 2025) con le autrici&nbsp;<strong>Celeste Costantino e Monica Pasquino&nbsp;<\/strong>(\u00e8 stato scritto insieme a&nbsp;<strong>Giulia Minoli<\/strong>, presidente della Fondazione \u201cUna, Nessuna e Centomila\u201d): un\u2019indagine lucida e potente sulla necessit\u00e0 di educazione sentimentale nelle scuole e&nbsp;<em>Deficit. Perch\u00e9 l\u2019economia femminista cambier\u00e0 il mondo&nbsp;<\/em>(La Tartaruga 2025) di&nbsp;<strong>Emma Holten<\/strong>, Attivista e Consulente politiche di genere. Per la serata conclusiva degli eventi di ottobre di Women &amp; the City, l\u2019appuntamento \u00e8 al Politecnico di Torino con l\u2019evento \u201c<em>Il giorno che le donne hanno conquistato le piazze<\/em>\u201d, dove sar\u00e0 ospite&nbsp;<strong>Shirin Ebadi<\/strong>,&nbsp;<strong>prima donna iraniana e prima musulmana a ricevere il Nobel per la Pace&nbsp;<\/strong>(2003) \u201c<em>per il suo impegno nella difesa dei diritti umani e a favore della democrazia<\/em>\u201d. Costretta a lasciare il proprio incarico dopo la rivoluzione degli ayatollah, Shirin Ebadi \u00e8 giurista, avvocata, scrittrice e pacifista. Introduce l\u2019incontro&nbsp;<strong>Elena Baralis<\/strong>, Prorettrice del Politecnico di Torino, modera&nbsp;<strong>Andrea Malaguti<\/strong>, Direttore&nbsp;<em>La Stampa&nbsp;<\/em>e partecipa&nbsp;<strong>Parisa Nazari<\/strong>, Mediatrice interculturale. Inoltre sar\u00e0 presente la&nbsp;<strong>Squadra Femminile di calcio Iran di Torino<\/strong>, con l\u2019allenatore&nbsp;<strong>Kasra Chalabi&nbsp;<\/strong>e la capitana&nbsp;<strong>Atieh Mazi&nbsp;<\/strong>per riflettere sul valore che possono costituire il calcio e lo sport in generale per la vita e l\u2019identit\u00e0 dei ragazzi e delle ragazze, un diritto che non ovunque viene riconosciuto.&nbsp;&nbsp;<strong>Women &amp; the City a novembre<\/strong><strong>.&nbsp;<\/strong>Per la prima volta quest\u2019anno gli appuntamenti del festival non finiscono ad ottobre, ma sono previste tre giornate a novembre, il 5, il 13 e il 23. Fra le ospiti pi\u00f9 attese&nbsp;<strong>Yvonne Sci\u00f2<\/strong>, regista e attrice, con la proiezione del documentario&nbsp;<em>Womeness&nbsp;<\/em>(in collaborazione con Contemporanea Film Festival e Associazione Culturale Giardino Forbito);&nbsp;<strong>Francesca Romana Recchia Luciani<\/strong>, per il doppio incontro con al centro il libro&nbsp;<em>Filosofe. Dieci donne che hanno ripensato il mondo&nbsp;<\/em>(Ponte alle Grazie). La filosofa e docente universitaria sar\u00e0 ospite il 12 novembre a Nichelino e il 13 novembre a Torino per raccontare dieci protagoniste del pensiero, da Lou Salom\u00e9 a Mar\u00eda Zambrano, da Hannah Arendt a Simone de Beauvoir, da Simone Weil a Carla Lonzi e Judith Butler.&nbsp;&nbsp;<strong>Il programma ufficiale termina domenica 23 novembre, alla vigilia della Giornata Internazionale per l\u2019eliminazione della violenza contro le donne&nbsp;<\/strong>con un appuntamento che coinvolge le curatrici del libro&nbsp;<em>Male-dette. Manuale di Imprecazione Etica&nbsp;<\/em>(Casa editrice Capovolte)&nbsp;<strong>con un raduno e una performance nella centrale Piazza Castello e due tour a bordo dello storico tram 2598 per un viaggio urbano e performativo tra le vie di Torino sulle tracce della storia di donne che l\u2019hanno attraversata.<\/strong>&nbsp;&nbsp;<strong>Cenni di programma Off.<\/strong>&nbsp;Si inizia a Collegno il 3 ottobre con Pasquale Guadagno, orfano di femminicidio, che, quindici anni dopo l\u2019uccisione di sua madre per mano di suo padre, ha raccontato la sua dolorosa storia nel libro Figli di nessuno (Rizzoli 2025) scritto con la giornalista Francesca Barra. Un memoir schietto, con cui fa i conti con il lutto che l\u2019ha cambiato per sempre, ma anche una testimonianza collettiva di quel silenzio e quell\u2019omert\u00e0 che ancora circondano le storie di abuso e di violenza. &#8211; Ci si iscrive qui:<a href=\"https:\/\/gbfa4.r.a.d.sendibm1.com\/mk\/cl\/f\/sh\/SMK1E8tHeGZMU3G9s6LaOXmpK9of\/lH7h3T8KQHf3\" target=\"_blank\" rel=\"noreferrer noopener\">&nbsp;<em><u>DIFENDERE UNA MADRE<\/u><\/em><\/a>&nbsp;A Collegno,&nbsp;<strong>il 20 novembre, l\u2019incontro con due libri, presentati entrambi da Gabriella Viglione<\/strong>, Magistrata e Procuratrice di Ivrea, ripercorre le donne giudici in Italia e la loro incredibile storia attraverso il libro&nbsp;<em>Magistrate finalmente. Le prime giudici d\u2019Italia&nbsp;<\/em>(Il Mulino 2023) di&nbsp;<strong>Eliana Di Caro<\/strong>, scrittrice e giornalista de&nbsp;<em>Il Sole 24 Ore<\/em>, e&nbsp;<em>La Costituzione a pezzi&nbsp;<\/em>(Bollati Boringhieri 2025) di&nbsp;<strong>Anna Mastromarino<\/strong>, Professoressa di Diritto Pubblico Comparato Universit\u00e0 Torino, Direttrice Scuola Scienze Giuridiche, Politiche e Economicosociali e Presidente Comitato Scientifico di TOxD.&nbsp;Dedicato alla figura di Elvira Notari, la prima regista italiana, nata alla fine dell\u2019Ottocento, il libro di&nbsp;<strong>Flavia Amabile<\/strong>,&nbsp;<em>Elvira&nbsp;<\/em>(Einaudi) sar\u00e0 il protagonista del sabato sera dell\u20198 novembre a Val della Torre. Pioniera della settima arte, tra miseria e trionfo, ribellione e rimpianto, ma anche amore e maternit\u00e0, sar\u00e0 raccontata una donna che ha sfidato la propria epoca per inseguire la sua passione, il cinema, un mondo aperto solo agli uomini&nbsp;<em>Il festival \u00e8 organizzato dall\u2019Associazione Torino Citt\u00e0 per le Donne (TOxD),&nbsp;<strong>con il contributo<\/strong>&nbsp;di Fondazione Compagnia di San Paolo, di Fondazione CRT, di Camera di Commercio di Torino, di Unione Industriali Torino, del Consiglio Regionale del Piemonte, della Citt\u00e0 di Torino, della Citt\u00e0 di Collegno, del Comune di Druento e del Comune di Val della Torre.&nbsp;<strong>Sponsor:&nbsp;<\/strong>Lavazza, Sparco e Iren. Patrocini: Ordine dei Giornalisti, Ordine dei Farmacisti, Federfarma.&nbsp;<strong>Partner istituzionali<\/strong>: Politecnico, Campus Luigi Einaudi e Universit\u00e0 di Torino.<\/em><br><em><strong>UFFICIO STAMPA NAZIONALE DI WOMEN AND THE CITY<\/strong><\/em><em><strong>Silvia Bellucci&nbsp;<\/strong>Mob. +39 3461561637<\/em><em><strong>Giulia Capotorto<\/strong>&nbsp;Mob. +39 3392325416<\/em><a href=\"mailto:bells@bellspress.it\" target=\"_blank\" rel=\"noreferrer noopener\"><em><u>bells@bellspress.it<\/u><\/em><\/a>&nbsp;<em><strong>UFFICIO STAMPA REGIONALE DI WOMEN AND THE CITY<\/strong><\/em><em><strong>Francesco Munaf\u00f2<\/strong>&nbsp;&nbsp;Mob. +39 3515576097<\/em><em><a href=\"mailto:munafo.fra@gmail.com\" target=\"_blank\" rel=\"noreferrer noopener\">munafo.fra@gmail.com<\/a><\/em>&nbsp;<em><strong>COORDINAMENTO&nbsp; UFFICIO STAMPA e COMUNICAZIONE&nbsp;<\/strong><\/em><em><strong>Elisa Forte<\/strong>&nbsp;Mob. +39 3392014539&nbsp;<\/em><a href=\"mailto:elisaforteweb@gmail.com\" target=\"_blank\" rel=\"noreferrer noopener\"><em><u>elisaforteweb@gmail.com<\/u><\/em><\/a>&nbsp;<img decoding=\"async\" src=\"https:\/\/ci3.googleusercontent.com\/meips\/ADKq_Na6Qjlwkrf-na_gBujWgmRuANSYEPo1WmecCH-rDgzYUcoH1F0w8vz1jQIHya44zC1tNdsYWHKmYpjrnvkpQXo_zF_sN-AOg1WW7-6dsTenOyg7-haUspgoTz6UrZHiPcvyJxZZl-yJlYXWSC_mnhwp=s0-d-e1-ft#https:\/\/gbfa4.img.a.d.sendibm1.com\/im\/sh\/hU5zsiLpOtgG.png?u=7xwQLFBtniwQn8DZiNTJSrCLlXKtSwL\" width=\"570\">Silvia BellucciUfficio StampaMob. +39 3461561637&nbsp;<a href=\"https:\/\/gbfa4.r.a.d.sendibm1.com\/mk\/un\/v2\/sh\/SMJz09a0vkbXpHEjVLULqtFG72ld\/n0RkNs6kpgPu\" target=\"_blank\" rel=\"noreferrer noopener\"><u>Annulla iscrizione<\/u><\/a><\/td><\/tr><\/tbody><\/table><\/figure>\n","protected":false},"excerpt":{"rendered":"<p>WOMEN AND THE CITY:torna e raddoppia il festival diffuso dedicato alla parit\u00e0 di genere. La terza edizione dal titolo \u201cDove [&hellip;]<\/p>\n","protected":false},"author":1,"featured_media":0,"comment_status":"open","ping_status":"open","sticky":false,"template":"","format":"standard","meta":{"footnotes":""},"categories":[33,10],"tags":[],"class_list":["post-80174","post","type-post","status-publish","format-standard","hentry","category-espectaculo","category-italiano"],"_links":{"self":[{"href":"https:\/\/www.ecoitaliano.com.ar\/index.php?rest_route=\/wp\/v2\/posts\/80174","targetHints":{"allow":["GET"]}}],"collection":[{"href":"https:\/\/www.ecoitaliano.com.ar\/index.php?rest_route=\/wp\/v2\/posts"}],"about":[{"href":"https:\/\/www.ecoitaliano.com.ar\/index.php?rest_route=\/wp\/v2\/types\/post"}],"author":[{"embeddable":true,"href":"https:\/\/www.ecoitaliano.com.ar\/index.php?rest_route=\/wp\/v2\/users\/1"}],"replies":[{"embeddable":true,"href":"https:\/\/www.ecoitaliano.com.ar\/index.php?rest_route=%2Fwp%2Fv2%2Fcomments&post=80174"}],"version-history":[{"count":1,"href":"https:\/\/www.ecoitaliano.com.ar\/index.php?rest_route=\/wp\/v2\/posts\/80174\/revisions"}],"predecessor-version":[{"id":80175,"href":"https:\/\/www.ecoitaliano.com.ar\/index.php?rest_route=\/wp\/v2\/posts\/80174\/revisions\/80175"}],"wp:attachment":[{"href":"https:\/\/www.ecoitaliano.com.ar\/index.php?rest_route=%2Fwp%2Fv2%2Fmedia&parent=80174"}],"wp:term":[{"taxonomy":"category","embeddable":true,"href":"https:\/\/www.ecoitaliano.com.ar\/index.php?rest_route=%2Fwp%2Fv2%2Fcategories&post=80174"},{"taxonomy":"post_tag","embeddable":true,"href":"https:\/\/www.ecoitaliano.com.ar\/index.php?rest_route=%2Fwp%2Fv2%2Ftags&post=80174"}],"curies":[{"name":"wp","href":"https:\/\/api.w.org\/{rel}","templated":true}]}}