{"id":80183,"date":"2025-10-01T15:55:13","date_gmt":"2025-10-01T15:55:13","guid":{"rendered":"https:\/\/www.ecoitaliano.com.ar\/?p=80183"},"modified":"2025-10-01T15:55:33","modified_gmt":"2025-10-01T15:55:33","slug":"comunicato-accordo-cgie-cnel","status":"publish","type":"post","link":"https:\/\/www.ecoitaliano.com.ar\/?p=80183","title":{"rendered":"Comunicato accordo CGIE-CNEL"},"content":{"rendered":"\n<figure class=\"wp-block-gallery has-nested-images columns-default is-cropped wp-block-gallery-1 is-layout-flex wp-block-gallery-is-layout-flex\">\n<figure class=\"wp-block-image size-large\"><a href=\"https:\/\/www.ecoitaliano.com.ar\/wp-content\/uploads\/2025\/09\/descarga-1.png\"><img decoding=\"async\" width=\"225\" height=\"225\" data-id=\"80070\" src=\"https:\/\/www.ecoitaliano.com.ar\/wp-content\/uploads\/2025\/09\/descarga-1.png\" alt=\"\" class=\"wp-image-80070\" srcset=\"https:\/\/www.ecoitaliano.com.ar\/wp-content\/uploads\/2025\/09\/descarga-1.png 225w, https:\/\/www.ecoitaliano.com.ar\/wp-content\/uploads\/2025\/09\/descarga-1-150x150.png 150w\" sizes=\"(max-width: 225px) 100vw, 225px\" \/><\/a><\/figure>\n\n\n\n<figure class=\"wp-block-image size-large\"><a href=\"https:\/\/www.ecoitaliano.com.ar\/wp-content\/uploads\/2025\/10\/descarga.jpeg\"><img decoding=\"async\" width=\"257\" height=\"196\" data-id=\"80184\" src=\"https:\/\/www.ecoitaliano.com.ar\/wp-content\/uploads\/2025\/10\/descarga.jpeg\" alt=\"\" class=\"wp-image-80184\" srcset=\"https:\/\/www.ecoitaliano.com.ar\/wp-content\/uploads\/2025\/10\/descarga.jpeg 257w, https:\/\/www.ecoitaliano.com.ar\/wp-content\/uploads\/2025\/10\/descarga-150x114.jpeg 150w\" sizes=\"(max-width: 257px) 100vw, 257px\" \/><\/a><\/figure>\n<\/figure>\n\n\n\n<p>COMUNICATO STAMPA<\/p>\n\n\n\n<p>FIRMATO ACCORDO INTERISTITUZIONALE FRA CNEL E CONSIGLIO<\/p>\n\n\n\n<p>GENERALE DEGLI ITALIANI ALL\u2019ESTERO<\/p>\n\n\n\n<p>Il Presidente del Consiglio Nazionale dell\u2019Economia e del Lavoro (CNEL),<br>Renato Brunetta, e la Segretaria Generale del Consiglio Generale degli Italiani<br>all\u2019Estero (CGIE), Maria Chiara Prodi, hanno firmato oggi a Villa Lubin un<br>Accordo interistituzionale fra le due Istituzioni, per lo sviluppo di iniziative<br>comuni di ricerca ed analisi e per formulare proposte e raccomandazioni di<br>carattere legislativo e operativo.<br>La collaborazione fra il CNEL e il CGIE \u00e8 uno dei punti cardine dell\u2019Accordo<br>interistituzionale siglato dal Consiglio con il Ministero degli Affari Esteri a<br>ottobre 2023. In questa cornice, l\u2019Accordo odierno disciplina gli ambiti delle<br>attivit\u00e0 in comune, con particolare riguardo alle politiche di rientro, della mobilit\u00e0<br>studentesca ed universitaria, della ricerca scientifica e della valorizzazione del<br>contributo alla crescita economica da parte delle collettivit\u00e0 all\u2019estero.<br>\u201cL\u2019ampliarsi e l\u2019approfondirsi della collaborazione reciproca \u00e8 davvero evidente<br>in questi ultimi mesi e l\u2019Accordo firmato oggi sancisce questi sviluppi,<br>rappresentando al tempo stesso un punto di partenza per un ulteriore rilancio<br>nelle nostre relazioni. Il tema degli expat \u00e8 emblematico di questa proficua<br>collaborazione: una tematica su cui sia il CNEL sia il CGIE sono fortemente<\/p>\n\n\n\n<p>impegnati e che \u00e8 centrale per il futuro del Paese. Bene dare all\u2019intesa<br>immediati seguiti concreti\u201d. \u00c8 quanto ha dichiarato il Presidente del CNEL<br>Renato Brunetta, che si \u00e8 poi soffermato sull\u2019iniziativa dell\u2019Italia in accordo con<br>il Parlamento Europeo di istituire una Giornata Europea in ricordo delle vittime<br>di Marcinelle.<br>\u201cIl dinamismo impresso al CNEL dal Presidente Brunetta incontra lo spirito<br>rinnovato e determinato del CGIE. Con il nostro lavoro congiunto \u2013 ha<br>affermato la Segretaria Generale del Consiglio Generale degli Italiani all\u2019Estero<br>Maria Chiara Prodi \u2013 vogliamo provare al Paese che i sette milioni di italiani<br>all\u2019estero non sono solo un potenziale, ma una risorsa reale. L\u2019attenzione<br>personale e istituzionale portata sulla tragedia di Marcinelle ci tocca nel<br>profondo: lo sguardo europeo su quell\u2019evento \u00e8 una chiave di lettura da noi<br>sempre sostenuta. Il ruolo del lavoro italiano in Europa e nel mondo \u00e8 la base<br>che lega passato e futuro, \u00e8 il fulcro dell\u2019accordo tra CNEL e CGIE. L\u2019impegno<br>perch\u00e9 i settant\u2019anni dalla tragedia di Marcinelle, che cadranno l\u20198 agosto 2026,<br>siano una grande occasione di riflessione e azione comune, sar\u00e0 totale\u201d.<\/p>\n","protected":false},"excerpt":{"rendered":"<p>COMUNICATO STAMPA FIRMATO ACCORDO INTERISTITUZIONALE FRA CNEL E CONSIGLIO GENERALE DEGLI ITALIANI ALL\u2019ESTERO Il Presidente del Consiglio Nazionale dell\u2019Economia e [&hellip;]<\/p>\n","protected":false},"author":1,"featured_media":0,"comment_status":"open","ping_status":"open","sticky":false,"template":"","format":"standard","meta":{"footnotes":""},"categories":[10,15],"tags":[],"class_list":["post-80183","post","type-post","status-publish","format-standard","hentry","category-italiano","category-italiani-allestero"],"_links":{"self":[{"href":"https:\/\/www.ecoitaliano.com.ar\/index.php?rest_route=\/wp\/v2\/posts\/80183","targetHints":{"allow":["GET"]}}],"collection":[{"href":"https:\/\/www.ecoitaliano.com.ar\/index.php?rest_route=\/wp\/v2\/posts"}],"about":[{"href":"https:\/\/www.ecoitaliano.com.ar\/index.php?rest_route=\/wp\/v2\/types\/post"}],"author":[{"embeddable":true,"href":"https:\/\/www.ecoitaliano.com.ar\/index.php?rest_route=\/wp\/v2\/users\/1"}],"replies":[{"embeddable":true,"href":"https:\/\/www.ecoitaliano.com.ar\/index.php?rest_route=%2Fwp%2Fv2%2Fcomments&post=80183"}],"version-history":[{"count":1,"href":"https:\/\/www.ecoitaliano.com.ar\/index.php?rest_route=\/wp\/v2\/posts\/80183\/revisions"}],"predecessor-version":[{"id":80185,"href":"https:\/\/www.ecoitaliano.com.ar\/index.php?rest_route=\/wp\/v2\/posts\/80183\/revisions\/80185"}],"wp:attachment":[{"href":"https:\/\/www.ecoitaliano.com.ar\/index.php?rest_route=%2Fwp%2Fv2%2Fmedia&parent=80183"}],"wp:term":[{"taxonomy":"category","embeddable":true,"href":"https:\/\/www.ecoitaliano.com.ar\/index.php?rest_route=%2Fwp%2Fv2%2Fcategories&post=80183"},{"taxonomy":"post_tag","embeddable":true,"href":"https:\/\/www.ecoitaliano.com.ar\/index.php?rest_route=%2Fwp%2Fv2%2Ftags&post=80183"}],"curies":[{"name":"wp","href":"https:\/\/api.w.org\/{rel}","templated":true}]}}